{"id":119700,"date":"2025-12-10T22:28:03","date_gmt":"2025-12-10T21:28:03","guid":{"rendered":"https:\/\/gentedebasquet.com.ar\/sitio\/?p=119700"},"modified":"2025-12-11T04:09:55","modified_gmt":"2025-12-11T03:09:55","slug":"los-que-estan-en-el-viejo-continente","status":"publish","type":"post","link":"https:\/\/gentedebasquet.com.ar\/sitio\/2025\/12\/10\/los-que-estan-en-el-viejo-continente\/","title":{"rendered":"Los que est\u00e1n en el Viejo Continente"},"content":{"rendered":"\n<p><strong>Tuvieron participaci\u00f3n los Argentinos por el mundo! Vamos a desarrollar como les fue a cada uno en la Liga ACB, Euroliga y Primera FEB! Y por si fuera poco, como les fue a los Bahienses en Italia!<\/strong><\/p>\n\n\n\n<p><strong><em>Estas fueron las actuaciones de los nacidos en nuestro pa\u00eds y lo que se le vendr\u00e1 en cada uno de sus fixtures:<\/em><\/strong><\/p>\n\n\n\n<p><strong><em>Comenzamos por Espa\u00f1a, donde est\u00e1n la mayor\u00eda de los representantes argentinos.<\/em><\/strong><\/p>\n\n\n\n<p>\u2022&nbsp;<strong>San Pablo Burgos (Gonzalo Corbalan):<\/strong><\/p>\n\n\n\n<figure class=\"wp-block-image size-large\"><img decoding=\"async\" width=\"1024\" height=\"683\" src=\"https:\/\/gentedebasquet.com.ar\/sitio\/wp-content\/uploads\/2025\/10\/img_7133-1024x683.jpg\" alt=\"\" class=\"wp-image-118894\" srcset=\"https:\/\/gentedebasquet.com.ar\/sitio\/wp-content\/uploads\/2025\/10\/img_7133-1024x683.jpg 1024w, https:\/\/gentedebasquet.com.ar\/sitio\/wp-content\/uploads\/2025\/10\/img_7133-300x200.jpg 300w, https:\/\/gentedebasquet.com.ar\/sitio\/wp-content\/uploads\/2025\/10\/img_7133-768x512.jpg 768w, https:\/\/gentedebasquet.com.ar\/sitio\/wp-content\/uploads\/2025\/10\/img_7133-750x500.jpg 750w, https:\/\/gentedebasquet.com.ar\/sitio\/wp-content\/uploads\/2025\/10\/img_7133-1140x760.jpg 1140w, https:\/\/gentedebasquet.com.ar\/sitio\/wp-content\/uploads\/2025\/10\/img_7133.jpg 1500w\" sizes=\"(max-width: 1024px) 100vw, 1024px\" \/><\/figure>\n\n\n\n<p>El armador, tuvo una destacada actuaci\u00f3n en la derrota frente a UCAM Murcia por 88-110.&nbsp;<strong>Gonzalo aport\u00f3 25 puntos (5\/8t2 &#8211; 3\/4t3) y 2 rebotes<\/strong>.<strong> Por la d\u00e9cima fecha de la ACB, el Burgos se enfrentar\u00e1 ante a Unicaja, el s\u00e1bado 13\/12.<\/strong><\/p>\n\n\n\n<p>\u2022&nbsp;<strong>Real Madrid (Facu Campazzo \u2013 Gabriel Deck):<\/strong><\/p>\n\n\n\n<figure class=\"wp-block-image size-large\"><img decoding=\"async\" src=\"https:\/\/gentedebasquet.com.ar\/sitio\/wp-content\/uploads\/2025\/10\/negro-y-verde-gimnasio-reapertura-comercial-horizontal-po%CC%81ster-10-1024x512.png\" alt=\"\" class=\"wp-image-118553\" \/><\/figure>\n\n\n\n<p>El fin de semana disputaron la novena jornada de la Liga Endesa, en la victoria frente a Tenerife 70-71,&nbsp;<strong>Gabi Deck aport\u00f3 5 tantos y 4 rebotes, mientras que Facu Campazzo cerr\u00f3 con 9 unidades y 3 asistencias. El Madrid tendr\u00e1 la d\u00e9cima fecha ante Basquet Girona por ACB el domingo 14\/12 y en Euroliga el 11\/12, ante Baskonia.<\/strong><\/p>\n\n\n\n<p>\u2022&nbsp;<strong>Barcelona (Juani Marcos \u2013 Nico Laprovittola):<\/strong><\/p>\n\n\n\n<figure class=\"wp-block-image size-large\"><img decoding=\"async\" src=\"https:\/\/gentedebasquet.com.ar\/sitio\/wp-content\/uploads\/2025\/11\/negro-y-verde-gimnasio-reapertura-comercial-horizontal-po%CC%81ster-3-1024x512.png\" alt=\"\" class=\"wp-image-119430\" \/><\/figure>\n\n\n\n<p><strong>El base sum\u00f3 2 unidades y 6 asistencias en la victoria frente al Andorra 102-71, Nico Laprovittola no jug\u00f3<\/strong>. Por el certamen continental, <strong>el Barca jugar\u00e1 el viernes ante Olympiacos<\/strong>. Al blaugrana se le viene el siguiente fixture:&nbsp;<strong>14\/12 frente a Manresa por ACB.<\/strong><\/p>\n\n\n\n<p><strong>\u2022 Nicolas Brussino (Gran Canaria):<\/strong><\/p>\n\n\n\n<figure class=\"wp-block-image size-large\"><img decoding=\"async\" width=\"1024\" height=\"576\" src=\"https:\/\/gentedebasquet.com.ar\/sitio\/wp-content\/uploads\/2025\/12\/img_9102-1-1024x576.jpg\" class=\"wp-image-119698\" srcset=\"https:\/\/gentedebasquet.com.ar\/sitio\/wp-content\/uploads\/2025\/12\/img_9102-1-1024x576.jpg 1024w, https:\/\/gentedebasquet.com.ar\/sitio\/wp-content\/uploads\/2025\/12\/img_9102-1-300x169.jpg 300w, https:\/\/gentedebasquet.com.ar\/sitio\/wp-content\/uploads\/2025\/12\/img_9102-1-768x432.jpg 768w, https:\/\/gentedebasquet.com.ar\/sitio\/wp-content\/uploads\/2025\/12\/img_9102-1-750x422.jpg 750w, https:\/\/gentedebasquet.com.ar\/sitio\/wp-content\/uploads\/2025\/12\/img_9102-1-1140x641.jpg 1140w, https:\/\/gentedebasquet.com.ar\/sitio\/wp-content\/uploads\/2025\/12\/img_9102-1.jpg 1280w\" sizes=\"(max-width: 1024px) 100vw, 1024px\" \/><\/figure>\n\n\n\n<p><strong>Nico aport\u00f3 17 puntos (3\/7t3), sumado a 6 recobres, en la ca\u00edda frente al Bilbao Basket 79-72<\/strong>.<strong> <\/strong>Por la d\u00e9cima jornada, el s\u00e1bado, Gran Canaria visita a R\u00edo Breogan.<\/p>\n\n\n\n<p>\u2022&nbsp;<strong>Basquet Girona (Jos\u00e9 Vildoza \u2013 Juan Fern\u00e1ndez \u2013 M\u00e1ximo Fjellerup):<\/strong><\/p>\n\n\n\n<figure class=\"wp-block-image size-large\"><img decoding=\"async\" src=\"https:\/\/gentedebasquet.com.ar\/sitio\/wp-content\/uploads\/2025\/10\/negro-y-verde-gimnasio-reapertura-comercial-horizontal-po%CC%81ster-1-3-1024x512.png\" alt=\"\" class=\"wp-image-118892\" \/><\/figure>\n\n\n\n<p><strong>Por ACB, el Girona de los argentinos, vieron minutos en lo que fue victoria frente a R\u00edo Breogan 103-80, \u201cPepe\u201d meti\u00f3 19 puntos (5\/7t3), sumado a 3 asistencias. Juan Fernandez aport\u00f3 6 puntos y 5 cristales. Mientras que no jug\u00f3 Maximo Fjellerup<\/strong>.<strong> <\/strong>El Girona Basket se medir\u00e1 ante Real Madrid el pr\u00f3ximo domingo 14\/12.<\/p>\n\n\n\n<figure class=\"wp-block-image size-large\"><img decoding=\"async\" width=\"1024\" height=\"1024\" src=\"https:\/\/gentedebasquet.com.ar\/sitio\/wp-content\/uploads\/2025\/10\/84d061a9-6200-43a4-84c0-5b5f199ce0dd-1-1024x1024.jpg\" alt=\"\" class=\"wp-image-118551\" srcset=\"https:\/\/gentedebasquet.com.ar\/sitio\/wp-content\/uploads\/2025\/10\/84d061a9-6200-43a4-84c0-5b5f199ce0dd-1-1024x1024.jpg 1024w, https:\/\/gentedebasquet.com.ar\/sitio\/wp-content\/uploads\/2025\/10\/84d061a9-6200-43a4-84c0-5b5f199ce0dd-1-300x300.jpg 300w, https:\/\/gentedebasquet.com.ar\/sitio\/wp-content\/uploads\/2025\/10\/84d061a9-6200-43a4-84c0-5b5f199ce0dd-1-150x150.jpg 150w, https:\/\/gentedebasquet.com.ar\/sitio\/wp-content\/uploads\/2025\/10\/84d061a9-6200-43a4-84c0-5b5f199ce0dd-1-768x768.jpg 768w, https:\/\/gentedebasquet.com.ar\/sitio\/wp-content\/uploads\/2025\/10\/84d061a9-6200-43a4-84c0-5b5f199ce0dd-1-75x75.jpg 75w, https:\/\/gentedebasquet.com.ar\/sitio\/wp-content\/uploads\/2025\/10\/84d061a9-6200-43a4-84c0-5b5f199ce0dd-1-350x350.jpg 350w, https:\/\/gentedebasquet.com.ar\/sitio\/wp-content\/uploads\/2025\/10\/84d061a9-6200-43a4-84c0-5b5f199ce0dd-1-750x750.jpg 750w, https:\/\/gentedebasquet.com.ar\/sitio\/wp-content\/uploads\/2025\/10\/84d061a9-6200-43a4-84c0-5b5f199ce0dd-1-1140x1140.jpg 1140w, https:\/\/gentedebasquet.com.ar\/sitio\/wp-content\/uploads\/2025\/10\/84d061a9-6200-43a4-84c0-5b5f199ce0dd-1.jpg 1280w\" sizes=\"(max-width: 1024px) 100vw, 1024px\" \/><\/figure>\n\n\n\n<p><strong>Seguimos por la Primera Feb (ex LEB Oro; segunda categor\u00eda de Espa\u00f1a), donde vieron acci\u00f3n los siguientes argentinos:<\/strong><\/p>\n\n\n\n<p>\u2022&nbsp;<strong>Patricio Garino \u2013 Lucas Giovanetti \u2013 Juan Pablo Vaulet (Movistar Estudiantes):<\/strong><\/p>\n\n\n\n<figure class=\"wp-block-image size-large\"><img decoding=\"async\" src=\"https:\/\/gentedebasquet.com.ar\/sitio\/wp-content\/uploads\/2025\/10\/negro-y-verde-gimnasio-reapertura-comercial-horizontal-po%CC%81ster-12-1024x512.png\" alt=\"\" class=\"wp-image-118891\" \/><\/figure>\n\n\n\n<p><strong>\u201cPato\u201d cerr\u00f3 su planilla con 9 puntos y 3 asistencias, Lucas Giovanetti, sum\u00f3 4 unidades y 3 recobres. Juan Pablo Vaulet, culmin\u00f3 con 8 tantos y 4 rebotes, en la victoria de Estu 64-68 frente a Mallorca. <\/strong>El equipo de los argentinos, jugar\u00e1n el pr\u00f3ximo viernes 11\/12 frente a Burgos, por la fecha 11\u00b0 de la Primera FEB.<\/p>\n\n\n\n<p><strong>\u2022&nbsp;Bautista Lugarini (Cantabria):<\/strong><\/p>\n\n\n\n<figure class=\"wp-block-image size-large\"><img decoding=\"async\" width=\"1024\" height=\"682\" src=\"https:\/\/gentedebasquet.com.ar\/sitio\/wp-content\/uploads\/2025\/10\/img_6447-1024x682.jpg\" alt=\"\" class=\"wp-image-118557\" srcset=\"https:\/\/gentedebasquet.com.ar\/sitio\/wp-content\/uploads\/2025\/10\/img_6447-1024x682.jpg 1024w, https:\/\/gentedebasquet.com.ar\/sitio\/wp-content\/uploads\/2025\/10\/img_6447-300x200.jpg 300w, https:\/\/gentedebasquet.com.ar\/sitio\/wp-content\/uploads\/2025\/10\/img_6447-768x512.jpg 768w, https:\/\/gentedebasquet.com.ar\/sitio\/wp-content\/uploads\/2025\/10\/img_6447-1536x1024.jpg 1536w, https:\/\/gentedebasquet.com.ar\/sitio\/wp-content\/uploads\/2025\/10\/img_6447-750x500.jpg 750w, https:\/\/gentedebasquet.com.ar\/sitio\/wp-content\/uploads\/2025\/10\/img_6447-1140x760.jpg 1140w, https:\/\/gentedebasquet.com.ar\/sitio\/wp-content\/uploads\/2025\/10\/img_6447.jpg 2000w\" sizes=\"(max-width: 1024px) 100vw, 1024px\" \/><\/figure>\n\n\n\n<p><strong>El ex Instituto, Bah\u00eda Basket, entre otros. Estar\u00e1 fuera unas semanas por una lesi\u00f3n en el tobillo izquierdo<\/strong>.&nbsp;<strong>Esto dijo el conjunto espa\u00f1ol:<\/strong><\/p>\n\n\n\n<blockquote class=\"wp-block-quote is-layout-flow wp-block-quote-is-layout-flow\">\n<p>\u00abTras las diversas pruebas m\u00e9dicas realizadas a Bautista Lugarini, los servicios m\u00e9dicos del club han determinado que el jugador presenta una lesi\u00f3n en el tobillo izquierdo que lo mantendr\u00e1 alejado de las canchas de forma temporal. Su evoluci\u00f3n determinar\u00e1 el momento de su regreso a la competici\u00f3n.\u00bb<strong>&nbsp;Parte M\u00e9dico, Cantabria.<\/strong><\/p>\n<\/blockquote>\n\n\n\n<p><strong>Seguimos en Europa, donde repasamos los que dej\u00f3 y lo que viene a los que est\u00e1n en Italia por Euroliga:<\/strong><\/p>\n\n\n\n<p><strong>\u2022 Leandro Bolmaro (Olimpia Milano):<\/strong><\/p>\n\n\n\n<figure class=\"wp-block-image size-large\"><img decoding=\"async\" width=\"754\" height=\"464\" src=\"https:\/\/gentedebasquet.com.ar\/sitio\/wp-content\/uploads\/2025\/10\/img_6731-1.png\" alt=\"\" class=\"wp-image-118890\" srcset=\"https:\/\/gentedebasquet.com.ar\/sitio\/wp-content\/uploads\/2025\/10\/img_6731-1.png 754w, https:\/\/gentedebasquet.com.ar\/sitio\/wp-content\/uploads\/2025\/10\/img_6731-1-300x185.png 300w, https:\/\/gentedebasquet.com.ar\/sitio\/wp-content\/uploads\/2025\/10\/img_6731-1-750x462.png 750w\" sizes=\"(max-width: 754px) 100vw, 754px\" \/><\/figure>\n\n\n\n<p><strong>Lea, jug\u00f3 el viernes ante Baskonia, en el que sum\u00f3 16 puntos y 4 recobres en 31 minutos, fue ca\u00edda del Olimpia Milano 88-78<\/strong>. Olimpia va contra Panathinaikos, ma\u00f1ana, correspondiente a la Euroliga.<\/p>\n\n\n\n<p>\u2022&nbsp;<strong>Luca Vildoza (Virtus Bologna):<\/strong><\/p>\n\n\n\n<figure class=\"wp-block-image size-large\"><img decoding=\"async\" width=\"1024\" height=\"682\" src=\"https:\/\/gentedebasquet.com.ar\/sitio\/wp-content\/uploads\/2025\/10\/img_6451-1024x682.jpg\" alt=\"\" class=\"wp-image-118560\" srcset=\"https:\/\/gentedebasquet.com.ar\/sitio\/wp-content\/uploads\/2025\/10\/img_6451-1024x682.jpg 1024w, https:\/\/gentedebasquet.com.ar\/sitio\/wp-content\/uploads\/2025\/10\/img_6451-300x200.jpg 300w, https:\/\/gentedebasquet.com.ar\/sitio\/wp-content\/uploads\/2025\/10\/img_6451-768x512.jpg 768w, https:\/\/gentedebasquet.com.ar\/sitio\/wp-content\/uploads\/2025\/10\/img_6451-1536x1024.jpg 1536w, https:\/\/gentedebasquet.com.ar\/sitio\/wp-content\/uploads\/2025\/10\/img_6451-750x500.jpg 750w, https:\/\/gentedebasquet.com.ar\/sitio\/wp-content\/uploads\/2025\/10\/img_6451-1140x760.jpg 1140w, https:\/\/gentedebasquet.com.ar\/sitio\/wp-content\/uploads\/2025\/10\/img_6451.jpg 2000w\" sizes=\"(max-width: 1024px) 100vw, 1024px\" \/><\/figure>\n\n\n\n<p><strong>Luca, culmin\u00f3 con 11 puntos (3\/4t3), 2 cristales y 5 asistencias, en la victoria frente al Dubai Basketball 79-78. <\/strong>El conjunto italiano va contra Hapoel Tel Aviv el pr\u00f3ximo 12\/12, correspondiente a la Euroliga.<\/p>\n\n\n\n<p><strong><em>Cerramos con Italia donde hay cinco bahienses, en distintas categor\u00edas del b\u00e1squetbol italiano:<\/em><\/strong><\/p>\n\n\n\n<p>\u2022&nbsp;<strong>Serie A2: Lucio Redivo (UEB Cividale):<\/strong><\/p>\n\n\n\n<figure class=\"wp-block-image size-large\"><img decoding=\"async\" width=\"1024\" height=\"683\" src=\"https:\/\/gentedebasquet.com.ar\/sitio\/wp-content\/uploads\/2025\/10\/img_5704.jpg\" alt=\"\" class=\"wp-image-118239\" srcset=\"https:\/\/gentedebasquet.com.ar\/sitio\/wp-content\/uploads\/2025\/10\/img_5704.jpg 1024w, https:\/\/gentedebasquet.com.ar\/sitio\/wp-content\/uploads\/2025\/10\/img_5704-300x200.jpg 300w, https:\/\/gentedebasquet.com.ar\/sitio\/wp-content\/uploads\/2025\/10\/img_5704-768x512.jpg 768w, https:\/\/gentedebasquet.com.ar\/sitio\/wp-content\/uploads\/2025\/10\/img_5704-750x500.jpg 750w\" sizes=\"(max-width: 1024px) 100vw, 1024px\" \/><\/figure>\n\n\n\n<p>Lucio tendr\u00e1 acci\u00f3n el&nbsp;<strong>10\/12 por la 14\u00b0 fecha<\/strong>&nbsp;y el&nbsp;<strong>17\/12 la 15\u00b0 jornada.<\/strong><\/p>\n\n\n\n<p>\u2022&nbsp;<strong>Serie B Nazionale \u2013<\/strong>&nbsp;<strong>Orzi Basket \u2013 Zona \u201cA\u201d (Lucas Chaves):<\/strong><\/p>\n\n\n\n<figure class=\"wp-block-image size-large\"><img decoding=\"async\" width=\"1024\" height=\"683\" src=\"https:\/\/gentedebasquet.com.ar\/sitio\/wp-content\/uploads\/2025\/10\/img_6335-1-1024x683.jpg\" alt=\"\" class=\"wp-image-118651\" srcset=\"https:\/\/gentedebasquet.com.ar\/sitio\/wp-content\/uploads\/2025\/10\/img_6335-1-1024x683.jpg 1024w, https:\/\/gentedebasquet.com.ar\/sitio\/wp-content\/uploads\/2025\/10\/img_6335-1-300x200.jpg 300w, https:\/\/gentedebasquet.com.ar\/sitio\/wp-content\/uploads\/2025\/10\/img_6335-1-768x512.jpg 768w, https:\/\/gentedebasquet.com.ar\/sitio\/wp-content\/uploads\/2025\/10\/img_6335-1-750x500.jpg 750w, https:\/\/gentedebasquet.com.ar\/sitio\/wp-content\/uploads\/2025\/10\/img_6335-1-1140x760.jpg 1140w, https:\/\/gentedebasquet.com.ar\/sitio\/wp-content\/uploads\/2025\/10\/img_6335-1.jpg 1275w\" sizes=\"(max-width: 1024px) 100vw, 1024px\" \/><\/figure>\n\n\n\n<p><strong>Lucas disputar\u00e1 la 16\u00b0 jornada de la Serie B (Zona A), ir\u00e1 contra Treviglio el pr\u00f3ximo 14\/12.<\/strong><\/p>\n\n\n\n<p><strong>\u2022 Zona \u201cB\u201d \u2013 Ferrara Basket (Ramiro Santiago):<\/strong><\/p>\n\n\n\n<figure class=\"wp-block-image size-large\"><img decoding=\"async\" width=\"1024\" height=\"683\" src=\"https:\/\/gentedebasquet.com.ar\/sitio\/wp-content\/uploads\/2025\/10\/img_6683-1024x683.jpg\" alt=\"\" class=\"wp-image-118650\" srcset=\"https:\/\/gentedebasquet.com.ar\/sitio\/wp-content\/uploads\/2025\/10\/img_6683-1024x683.jpg 1024w, https:\/\/gentedebasquet.com.ar\/sitio\/wp-content\/uploads\/2025\/10\/img_6683-300x200.jpg 300w, https:\/\/gentedebasquet.com.ar\/sitio\/wp-content\/uploads\/2025\/10\/img_6683-768x512.jpg 768w, https:\/\/gentedebasquet.com.ar\/sitio\/wp-content\/uploads\/2025\/10\/img_6683-750x500.jpg 750w, https:\/\/gentedebasquet.com.ar\/sitio\/wp-content\/uploads\/2025\/10\/img_6683-1140x760.jpg 1140w, https:\/\/gentedebasquet.com.ar\/sitio\/wp-content\/uploads\/2025\/10\/img_6683.jpg 1536w\" sizes=\"(max-width: 1024px) 100vw, 1024px\" \/><\/figure>\n\n\n\n<p><strong>Ramiro tambi\u00e9n jugar\u00e1 la 16\u00b0 fecha de la Serie B (Zona B). Ferrari Basket va con Faenza el 14\/12.<\/strong><\/p>\n\n\n\n<p>\u2022&nbsp;<strong>Serie B Interregionale: Leandro Cecchi (Nuovo Basket Aquilano)<\/strong><strong>:<\/strong><\/p>\n\n\n\n<figure class=\"wp-block-image size-large\"><img decoding=\"async\" width=\"1024\" height=\"630\" src=\"https:\/\/gentedebasquet.com.ar\/sitio\/wp-content\/uploads\/2025\/10\/image-1-2.jpg\" alt=\"\" class=\"wp-image-118655\" srcset=\"https:\/\/gentedebasquet.com.ar\/sitio\/wp-content\/uploads\/2025\/10\/image-1-2.jpg 1024w, https:\/\/gentedebasquet.com.ar\/sitio\/wp-content\/uploads\/2025\/10\/image-1-2-300x185.jpg 300w, https:\/\/gentedebasquet.com.ar\/sitio\/wp-content\/uploads\/2025\/10\/image-1-2-768x473.jpg 768w, https:\/\/gentedebasquet.com.ar\/sitio\/wp-content\/uploads\/2025\/10\/image-1-2-750x461.jpg 750w\" sizes=\"(max-width: 1024px) 100vw, 1024px\" \/><\/figure>\n\n\n\n<p>El formado en Argentino tuvo una buena performance y disput\u00f3 la onceava fecha de la&nbsp;<strong>divisi\u00f3n E<\/strong>.&nbsp;<strong>Concluy\u00f3 con 21 puntos en la victoria 69-73, frente a Marigliano.<\/strong><\/p>\n\n\n\n<p>\u2022&nbsp;<strong>Emanuel Fern\u00e1ndez Pe\u00f1a (Viola Reggio Calabria):<\/strong><\/p>\n\n\n\n<figure class=\"wp-block-image size-large\"><img decoding=\"async\" width=\"1024\" height=\"686\" src=\"https:\/\/gentedebasquet.com.ar\/sitio\/wp-content\/uploads\/2025\/10\/img_6688-1024x686.jpg\" alt=\"\" class=\"wp-image-118658\" srcset=\"https:\/\/gentedebasquet.com.ar\/sitio\/wp-content\/uploads\/2025\/10\/img_6688-1024x686.jpg 1024w, https:\/\/gentedebasquet.com.ar\/sitio\/wp-content\/uploads\/2025\/10\/img_6688-300x201.jpg 300w, https:\/\/gentedebasquet.com.ar\/sitio\/wp-content\/uploads\/2025\/10\/img_6688-768x514.jpg 768w, https:\/\/gentedebasquet.com.ar\/sitio\/wp-content\/uploads\/2025\/10\/img_6688-750x502.jpg 750w, https:\/\/gentedebasquet.com.ar\/sitio\/wp-content\/uploads\/2025\/10\/img_6688-1140x764.jpg 1140w, https:\/\/gentedebasquet.com.ar\/sitio\/wp-content\/uploads\/2025\/10\/img_6688.jpg 1275w\" sizes=\"(max-width: 1024px) 100vw, 1024px\" \/><\/figure>\n\n\n\n<p>El ex Bahiense del Norte,&nbsp;<strong>sum\u00f3 10 puntos en el triunfo del Viola Reggio Calabria 78-66 frente a Messina, correspondiente a la onceava jornada de la divisi\u00f3n F.&nbsp;<\/strong><\/p>\n","protected":false},"excerpt":{"rendered":"<p>Tuvieron participaci\u00f3n los Argentinos por el mundo! Vamos a desarrollar como les fue a cada uno en la Liga ACB, Euroliga y Primera FEB! Y por si fuera poco, como les fue a los Bahienses en Italia! Estas fueron las actuaciones de los nacidos en nuestro pa\u00eds y lo que se le vendr\u00e1 en cada [&hellip;]<\/p>\n","protected":false},"author":82,"featured_media":119706,"comment_status":"closed","ping_status":"open","sticky":false,"template":"","format":"standard","meta":{"jnews-multi-image_gallery":[],"jnews_single_post":[],"jnews_primary_category":[],"footnotes":""},"categories":[24,34,101],"tags":[928,763,1839,1200,383,1557,135,541,79,155,180,1336,498,1337,1362],"class_list":["post-119700","post","type-post","status-publish","format-standard","has-post-thumbnail","hentry","category-overtime","category-bahienses-afuera","category-slide","tag-emanuel-fernandez","tag-facundo-campazzo","tag-gabriel-deck","tag-juan-ignacio-marcos","tag-juan-pablo-vaulet","tag-leandro-bolmaro","tag-leandro-cecchi","tag-luca-vildoza","tag-lucas-chaves","tag-lucio-redivo","tag-maximo-fjellerup","tag-nicolas-brussino","tag-nicolas-laprovittola","tag-patricio-garino","tag-ramiro-santiago"],"yoast_head":"<!-- This site is optimized with the Yoast SEO plugin v27.5 - https:\/\/yoast.com\/product\/yoast-seo-wordpress\/ -->\n<title>Los que est\u00e1n en el Viejo Continente - Gente de B\u00e1squet<\/title>\n<meta name=\"robots\" content=\"index, follow, max-snippet:-1, max-image-preview:large, max-video-preview:-1\" \/>\n<link rel=\"canonical\" href=\"https:\/\/gentedebasquet.com.ar\/sitio\/2025\/12\/10\/los-que-estan-en-el-viejo-continente\/\" \/>\n<meta property=\"og:locale\" content=\"es_ES\" \/>\n<meta property=\"og:type\" content=\"article\" \/>\n<meta property=\"og:title\" content=\"Los que est\u00e1n en el Viejo Continente - Gente de B\u00e1squet\" \/>\n<meta property=\"og:description\" content=\"Tuvieron participaci\u00f3n los Argentinos por el mundo! Vamos a desarrollar como les fue a cada uno en la Liga ACB, Euroliga y Primera FEB! Y por si fuera poco, como les fue a los Bahienses en Italia! Estas fueron las actuaciones de los nacidos en nuestro pa\u00eds y lo que se le vendr\u00e1 en cada [&hellip;]\" \/>\n<meta property=\"og:url\" content=\"https:\/\/gentedebasquet.com.ar\/sitio\/2025\/12\/10\/los-que-estan-en-el-viejo-continente\/\" \/>\n<meta property=\"og:site_name\" content=\"Gente de B\u00e1squet\" \/>\n<meta property=\"article:published_time\" content=\"2025-12-10T21:28:03+00:00\" \/>\n<meta property=\"article:modified_time\" content=\"2025-12-11T03:09:55+00:00\" \/>\n<meta property=\"og:image\" content=\"https:\/\/gentedebasquet.com.ar\/sitio\/wp-content\/uploads\/2025\/12\/img_9354-3.jpg\" \/>\n\t<meta property=\"og:image:width\" content=\"927\" \/>\n\t<meta property=\"og:image:height\" content=\"618\" \/>\n\t<meta property=\"og:image:type\" content=\"image\/jpeg\" \/>\n<meta name=\"author\" content=\"Manuel Lacerenza\" \/>\n<meta name=\"twitter:card\" content=\"summary_large_image\" \/>\n<meta name=\"twitter:label1\" content=\"Escrito por\" \/>\n\t<meta name=\"twitter:data1\" content=\"Manuel Lacerenza\" \/>\n\t<meta name=\"twitter:label2\" content=\"Tiempo de lectura\" \/>\n\t<meta name=\"twitter:data2\" content=\"4 minutos\" \/>\n<script type=\"application\/ld+json\" class=\"yoast-schema-graph\">{\"@context\":\"https:\\\/\\\/schema.org\",\"@graph\":[{\"@type\":\"Article\",\"@id\":\"https:\\\/\\\/gentedebasquet.com.ar\\\/sitio\\\/2025\\\/12\\\/10\\\/los-que-estan-en-el-viejo-continente\\\/#article\",\"isPartOf\":{\"@id\":\"https:\\\/\\\/gentedebasquet.com.ar\\\/sitio\\\/2025\\\/12\\\/10\\\/los-que-estan-en-el-viejo-continente\\\/\"},\"author\":{\"name\":\"Manuel Lacerenza\",\"@id\":\"https:\\\/\\\/gentedebasquet.com.ar\\\/sitio\\\/#\\\/schema\\\/person\\\/643357fb6a37b5549c9cfe9f339c9f1b\"},\"headline\":\"Los que est\u00e1n en el Viejo Continente\",\"datePublished\":\"2025-12-10T21:28:03+00:00\",\"dateModified\":\"2025-12-11T03:09:55+00:00\",\"mainEntityOfPage\":{\"@id\":\"https:\\\/\\\/gentedebasquet.com.ar\\\/sitio\\\/2025\\\/12\\\/10\\\/los-que-estan-en-el-viejo-continente\\\/\"},\"wordCount\":769,\"image\":{\"@id\":\"https:\\\/\\\/gentedebasquet.com.ar\\\/sitio\\\/2025\\\/12\\\/10\\\/los-que-estan-en-el-viejo-continente\\\/#primaryimage\"},\"thumbnailUrl\":\"https:\\\/\\\/gentedebasquet.com.ar\\\/sitio\\\/wp-content\\\/uploads\\\/2025\\\/12\\\/img_9354-3.jpg\",\"keywords\":[\"Emanuel Fern\u00e1ndez\",\"Facundo Campazzo\",\"Gabriel Deck\",\"Juan Ignacio Marcos\",\"Juan Pablo Vaulet\",\"Leandro Bolmaro\",\"Leandro Cecchi\",\"Luca Vildoza\",\"Lucas Chaves\",\"Lucio Redivo\",\"M\u00e1ximo Fjellerup\",\"Nicol\u00e1s Brussino\",\"Nicol\u00e1s Laprov\u00edttola\",\"Patricio Garino\",\"Ramiro Santiago\"],\"articleSection\":[\"#Overtime\",\"Bahienses Afuera\",\"Slide\"],\"inLanguage\":\"es\"},{\"@type\":\"WebPage\",\"@id\":\"https:\\\/\\\/gentedebasquet.com.ar\\\/sitio\\\/2025\\\/12\\\/10\\\/los-que-estan-en-el-viejo-continente\\\/\",\"url\":\"https:\\\/\\\/gentedebasquet.com.ar\\\/sitio\\\/2025\\\/12\\\/10\\\/los-que-estan-en-el-viejo-continente\\\/\",\"name\":\"Los que est\u00e1n en el Viejo Continente - Gente de B\u00e1squet\",\"isPartOf\":{\"@id\":\"https:\\\/\\\/gentedebasquet.com.ar\\\/sitio\\\/#website\"},\"primaryImageOfPage\":{\"@id\":\"https:\\\/\\\/gentedebasquet.com.ar\\\/sitio\\\/2025\\\/12\\\/10\\\/los-que-estan-en-el-viejo-continente\\\/#primaryimage\"},\"image\":{\"@id\":\"https:\\\/\\\/gentedebasquet.com.ar\\\/sitio\\\/2025\\\/12\\\/10\\\/los-que-estan-en-el-viejo-continente\\\/#primaryimage\"},\"thumbnailUrl\":\"https:\\\/\\\/gentedebasquet.com.ar\\\/sitio\\\/wp-content\\\/uploads\\\/2025\\\/12\\\/img_9354-3.jpg\",\"datePublished\":\"2025-12-10T21:28:03+00:00\",\"dateModified\":\"2025-12-11T03:09:55+00:00\",\"author\":{\"@id\":\"https:\\\/\\\/gentedebasquet.com.ar\\\/sitio\\\/#\\\/schema\\\/person\\\/643357fb6a37b5549c9cfe9f339c9f1b\"},\"breadcrumb\":{\"@id\":\"https:\\\/\\\/gentedebasquet.com.ar\\\/sitio\\\/2025\\\/12\\\/10\\\/los-que-estan-en-el-viejo-continente\\\/#breadcrumb\"},\"inLanguage\":\"es\",\"potentialAction\":[{\"@type\":\"ReadAction\",\"target\":[\"https:\\\/\\\/gentedebasquet.com.ar\\\/sitio\\\/2025\\\/12\\\/10\\\/los-que-estan-en-el-viejo-continente\\\/\"]}]},{\"@type\":\"ImageObject\",\"inLanguage\":\"es\",\"@id\":\"https:\\\/\\\/gentedebasquet.com.ar\\\/sitio\\\/2025\\\/12\\\/10\\\/los-que-estan-en-el-viejo-continente\\\/#primaryimage\",\"url\":\"https:\\\/\\\/gentedebasquet.com.ar\\\/sitio\\\/wp-content\\\/uploads\\\/2025\\\/12\\\/img_9354-3.jpg\",\"contentUrl\":\"https:\\\/\\\/gentedebasquet.com.ar\\\/sitio\\\/wp-content\\\/uploads\\\/2025\\\/12\\\/img_9354-3.jpg\",\"width\":927,\"height\":618},{\"@type\":\"BreadcrumbList\",\"@id\":\"https:\\\/\\\/gentedebasquet.com.ar\\\/sitio\\\/2025\\\/12\\\/10\\\/los-que-estan-en-el-viejo-continente\\\/#breadcrumb\",\"itemListElement\":[{\"@type\":\"ListItem\",\"position\":1,\"name\":\"Portada\",\"item\":\"https:\\\/\\\/gentedebasquet.com.ar\\\/sitio\\\/\"},{\"@type\":\"ListItem\",\"position\":2,\"name\":\"Los que est\u00e1n en el Viejo Continente\"}]},{\"@type\":\"WebSite\",\"@id\":\"https:\\\/\\\/gentedebasquet.com.ar\\\/sitio\\\/#website\",\"url\":\"https:\\\/\\\/gentedebasquet.com.ar\\\/sitio\\\/\",\"name\":\"Gente de B\u00e1squet\",\"description\":\"La revista del basquet de Bah\u00eda Blanca\",\"potentialAction\":[{\"@type\":\"SearchAction\",\"target\":{\"@type\":\"EntryPoint\",\"urlTemplate\":\"https:\\\/\\\/gentedebasquet.com.ar\\\/sitio\\\/?s={search_term_string}\"},\"query-input\":{\"@type\":\"PropertyValueSpecification\",\"valueRequired\":true,\"valueName\":\"search_term_string\"}}],\"inLanguage\":\"es\"},{\"@type\":\"Person\",\"@id\":\"https:\\\/\\\/gentedebasquet.com.ar\\\/sitio\\\/#\\\/schema\\\/person\\\/643357fb6a37b5549c9cfe9f339c9f1b\",\"name\":\"Manuel Lacerenza\",\"image\":{\"@type\":\"ImageObject\",\"inLanguage\":\"es\",\"@id\":\"https:\\\/\\\/secure.gravatar.com\\\/avatar\\\/6a427d587bd181ca8afd828e8cf364f233c5cbe5b8a1332b92ea42687ad97845?s=96&d=mm&r=g\",\"url\":\"https:\\\/\\\/secure.gravatar.com\\\/avatar\\\/6a427d587bd181ca8afd828e8cf364f233c5cbe5b8a1332b92ea42687ad97845?s=96&d=mm&r=g\",\"contentUrl\":\"https:\\\/\\\/secure.gravatar.com\\\/avatar\\\/6a427d587bd181ca8afd828e8cf364f233c5cbe5b8a1332b92ea42687ad97845?s=96&d=mm&r=g\",\"caption\":\"Manuel Lacerenza\"},\"url\":\"https:\\\/\\\/gentedebasquet.com.ar\\\/sitio\\\/author\\\/manuel\\\/\"}]}<\/script>\n<!-- \/ Yoast SEO plugin. -->","yoast_head_json":{"title":"Los que est\u00e1n en el Viejo Continente - Gente de B\u00e1squet","robots":{"index":"index","follow":"follow","max-snippet":"max-snippet:-1","max-image-preview":"max-image-preview:large","max-video-preview":"max-video-preview:-1"},"canonical":"https:\/\/gentedebasquet.com.ar\/sitio\/2025\/12\/10\/los-que-estan-en-el-viejo-continente\/","og_locale":"es_ES","og_type":"article","og_title":"Los que est\u00e1n en el Viejo Continente - Gente de B\u00e1squet","og_description":"Tuvieron participaci\u00f3n los Argentinos por el mundo! Vamos a desarrollar como les fue a cada uno en la Liga ACB, Euroliga y Primera FEB! Y por si fuera poco, como les fue a los Bahienses en Italia! Estas fueron las actuaciones de los nacidos en nuestro pa\u00eds y lo que se le vendr\u00e1 en cada [&hellip;]","og_url":"https:\/\/gentedebasquet.com.ar\/sitio\/2025\/12\/10\/los-que-estan-en-el-viejo-continente\/","og_site_name":"Gente de B\u00e1squet","article_published_time":"2025-12-10T21:28:03+00:00","article_modified_time":"2025-12-11T03:09:55+00:00","og_image":[{"width":927,"height":618,"url":"https:\/\/gentedebasquet.com.ar\/sitio\/wp-content\/uploads\/2025\/12\/img_9354-3.jpg","type":"image\/jpeg"}],"author":"Manuel Lacerenza","twitter_card":"summary_large_image","twitter_misc":{"Escrito por":"Manuel Lacerenza","Tiempo de lectura":"4 minutos"},"schema":{"@context":"https:\/\/schema.org","@graph":[{"@type":"Article","@id":"https:\/\/gentedebasquet.com.ar\/sitio\/2025\/12\/10\/los-que-estan-en-el-viejo-continente\/#article","isPartOf":{"@id":"https:\/\/gentedebasquet.com.ar\/sitio\/2025\/12\/10\/los-que-estan-en-el-viejo-continente\/"},"author":{"name":"Manuel Lacerenza","@id":"https:\/\/gentedebasquet.com.ar\/sitio\/#\/schema\/person\/643357fb6a37b5549c9cfe9f339c9f1b"},"headline":"Los que est\u00e1n en el Viejo Continente","datePublished":"2025-12-10T21:28:03+00:00","dateModified":"2025-12-11T03:09:55+00:00","mainEntityOfPage":{"@id":"https:\/\/gentedebasquet.com.ar\/sitio\/2025\/12\/10\/los-que-estan-en-el-viejo-continente\/"},"wordCount":769,"image":{"@id":"https:\/\/gentedebasquet.com.ar\/sitio\/2025\/12\/10\/los-que-estan-en-el-viejo-continente\/#primaryimage"},"thumbnailUrl":"https:\/\/gentedebasquet.com.ar\/sitio\/wp-content\/uploads\/2025\/12\/img_9354-3.jpg","keywords":["Emanuel Fern\u00e1ndez","Facundo Campazzo","Gabriel Deck","Juan Ignacio Marcos","Juan Pablo Vaulet","Leandro Bolmaro","Leandro Cecchi","Luca Vildoza","Lucas Chaves","Lucio Redivo","M\u00e1ximo Fjellerup","Nicol\u00e1s Brussino","Nicol\u00e1s Laprov\u00edttola","Patricio Garino","Ramiro Santiago"],"articleSection":["#Overtime","Bahienses Afuera","Slide"],"inLanguage":"es"},{"@type":"WebPage","@id":"https:\/\/gentedebasquet.com.ar\/sitio\/2025\/12\/10\/los-que-estan-en-el-viejo-continente\/","url":"https:\/\/gentedebasquet.com.ar\/sitio\/2025\/12\/10\/los-que-estan-en-el-viejo-continente\/","name":"Los que est\u00e1n en el Viejo Continente - Gente de B\u00e1squet","isPartOf":{"@id":"https:\/\/gentedebasquet.com.ar\/sitio\/#website"},"primaryImageOfPage":{"@id":"https:\/\/gentedebasquet.com.ar\/sitio\/2025\/12\/10\/los-que-estan-en-el-viejo-continente\/#primaryimage"},"image":{"@id":"https:\/\/gentedebasquet.com.ar\/sitio\/2025\/12\/10\/los-que-estan-en-el-viejo-continente\/#primaryimage"},"thumbnailUrl":"https:\/\/gentedebasquet.com.ar\/sitio\/wp-content\/uploads\/2025\/12\/img_9354-3.jpg","datePublished":"2025-12-10T21:28:03+00:00","dateModified":"2025-12-11T03:09:55+00:00","author":{"@id":"https:\/\/gentedebasquet.com.ar\/sitio\/#\/schema\/person\/643357fb6a37b5549c9cfe9f339c9f1b"},"breadcrumb":{"@id":"https:\/\/gentedebasquet.com.ar\/sitio\/2025\/12\/10\/los-que-estan-en-el-viejo-continente\/#breadcrumb"},"inLanguage":"es","potentialAction":[{"@type":"ReadAction","target":["https:\/\/gentedebasquet.com.ar\/sitio\/2025\/12\/10\/los-que-estan-en-el-viejo-continente\/"]}]},{"@type":"ImageObject","inLanguage":"es","@id":"https:\/\/gentedebasquet.com.ar\/sitio\/2025\/12\/10\/los-que-estan-en-el-viejo-continente\/#primaryimage","url":"https:\/\/gentedebasquet.com.ar\/sitio\/wp-content\/uploads\/2025\/12\/img_9354-3.jpg","contentUrl":"https:\/\/gentedebasquet.com.ar\/sitio\/wp-content\/uploads\/2025\/12\/img_9354-3.jpg","width":927,"height":618},{"@type":"BreadcrumbList","@id":"https:\/\/gentedebasquet.com.ar\/sitio\/2025\/12\/10\/los-que-estan-en-el-viejo-continente\/#breadcrumb","itemListElement":[{"@type":"ListItem","position":1,"name":"Portada","item":"https:\/\/gentedebasquet.com.ar\/sitio\/"},{"@type":"ListItem","position":2,"name":"Los que est\u00e1n en el Viejo Continente"}]},{"@type":"WebSite","@id":"https:\/\/gentedebasquet.com.ar\/sitio\/#website","url":"https:\/\/gentedebasquet.com.ar\/sitio\/","name":"Gente de B\u00e1squet","description":"La revista del basquet de Bah\u00eda Blanca","potentialAction":[{"@type":"SearchAction","target":{"@type":"EntryPoint","urlTemplate":"https:\/\/gentedebasquet.com.ar\/sitio\/?s={search_term_string}"},"query-input":{"@type":"PropertyValueSpecification","valueRequired":true,"valueName":"search_term_string"}}],"inLanguage":"es"},{"@type":"Person","@id":"https:\/\/gentedebasquet.com.ar\/sitio\/#\/schema\/person\/643357fb6a37b5549c9cfe9f339c9f1b","name":"Manuel Lacerenza","image":{"@type":"ImageObject","inLanguage":"es","@id":"https:\/\/secure.gravatar.com\/avatar\/6a427d587bd181ca8afd828e8cf364f233c5cbe5b8a1332b92ea42687ad97845?s=96&d=mm&r=g","url":"https:\/\/secure.gravatar.com\/avatar\/6a427d587bd181ca8afd828e8cf364f233c5cbe5b8a1332b92ea42687ad97845?s=96&d=mm&r=g","contentUrl":"https:\/\/secure.gravatar.com\/avatar\/6a427d587bd181ca8afd828e8cf364f233c5cbe5b8a1332b92ea42687ad97845?s=96&d=mm&r=g","caption":"Manuel Lacerenza"},"url":"https:\/\/gentedebasquet.com.ar\/sitio\/author\/manuel\/"}]}},"_links":{"self":[{"href":"https:\/\/gentedebasquet.com.ar\/sitio\/wp-json\/wp\/v2\/posts\/119700","targetHints":{"allow":["GET"]}}],"collection":[{"href":"https:\/\/gentedebasquet.com.ar\/sitio\/wp-json\/wp\/v2\/posts"}],"about":[{"href":"https:\/\/gentedebasquet.com.ar\/sitio\/wp-json\/wp\/v2\/types\/post"}],"author":[{"embeddable":true,"href":"https:\/\/gentedebasquet.com.ar\/sitio\/wp-json\/wp\/v2\/users\/82"}],"replies":[{"embeddable":true,"href":"https:\/\/gentedebasquet.com.ar\/sitio\/wp-json\/wp\/v2\/comments?post=119700"}],"version-history":[{"count":1,"href":"https:\/\/gentedebasquet.com.ar\/sitio\/wp-json\/wp\/v2\/posts\/119700\/revisions"}],"predecessor-version":[{"id":119701,"href":"https:\/\/gentedebasquet.com.ar\/sitio\/wp-json\/wp\/v2\/posts\/119700\/revisions\/119701"}],"wp:featuredmedia":[{"embeddable":true,"href":"https:\/\/gentedebasquet.com.ar\/sitio\/wp-json\/wp\/v2\/media\/119706"}],"wp:attachment":[{"href":"https:\/\/gentedebasquet.com.ar\/sitio\/wp-json\/wp\/v2\/media?parent=119700"}],"wp:term":[{"taxonomy":"category","embeddable":true,"href":"https:\/\/gentedebasquet.com.ar\/sitio\/wp-json\/wp\/v2\/categories?post=119700"},{"taxonomy":"post_tag","embeddable":true,"href":"https:\/\/gentedebasquet.com.ar\/sitio\/wp-json\/wp\/v2\/tags?post=119700"}],"curies":[{"name":"wp","href":"https:\/\/api.w.org\/{rel}","templated":true}]}}