{"id":119744,"date":"2025-12-15T12:51:07","date_gmt":"2025-12-15T11:51:07","guid":{"rendered":"https:\/\/gentedebasquet.com.ar\/sitio\/?p=119744"},"modified":"2025-12-15T13:34:37","modified_gmt":"2025-12-15T12:34:37","slug":"9-de-julio-tambien-mando-en-el-femenino-u17","status":"publish","type":"post","link":"https:\/\/gentedebasquet.com.ar\/sitio\/2025\/12\/15\/9-de-julio-tambien-mando-en-el-femenino-u17\/","title":{"rendered":"9 de Julio tambien mand\u00f3 en el femenino U17"},"content":{"rendered":"<div class=\"flex max-w-full flex-col flex-grow\">\n<div class=\"min-h-8 text-message flex w-full flex-col items-end gap-2 whitespace-normal break-words [.text-message+&amp;]:mt-5\" dir=\"auto\" data-message-author-role=\"assistant\" data-message-id=\"d66df151-bd9a-4e40-9c6b-a57f4798966a\" data-message-model-slug=\"gpt-4o-mini\">\n<div class=\"flex w-full flex-col gap-1 empty:hidden first:pt-[3px]\">\n<div class=\"markdown prose w-full break-words dark:prose-invert dark\">\n<p><strong>\u00a0<\/strong><strong> La instituci\u00f3n de la esquina de 9 de Julio y Charlone agreg\u00f3 una copa m\u00e1s a sus vitrinas. Su equipo de la categor\u00eda U17 femenina venci\u00f3 en dos partidos de la serie final a Bahiense del Norte y alcanz\u00f3 la gloria. En el segundo de estos encuentros, disputado en la noche del domingo 14, gan\u00f3 73 a 62. Isabella Rold\u00e1n fue su l\u00edder ofensiva en esta oportunidad, con una impresionante actuaci\u00f3n: marc\u00f3 24 puntos con 8 de 8 en dobles, 1 de 2 en triples y 5 de 5 en simples y tambien baj\u00f3 14 rebotes y recuper\u00f3 3 pelotas. La pivot finaliz\u00f3 con 41 unidades de valoraci\u00f3n. Bahiense del Norte cont\u00f3 en el mismo partido con un d\u00fao destacado, el de Juana Montivero y Clara Pisani. Montivero sum\u00f3 20 puntos y Pisani a\u00f1adi\u00f3 19.<\/strong><\/p>\n<p><strong>El encuentro comenz\u00f3 con un equilibrio casi total. Bahiense logr\u00f3 inutilizar a las perimetrales de 9 de Julio y en ataque se reparti\u00f3 bien los puntos. Por su parte, el local ofreci\u00f3 como mejor alternativa en ataque a lo que pod\u00eda lograr Rold\u00e1n bajo el aro.<\/strong><\/p>\n<p><strong>En el segundo cuarto el rendimiento colectivo de 9 de Julio escal\u00f3 varios niveles, as\u00ed como su ventaja en el marcador. Sobre el cierre del per\u00edodo lleg\u00f3 a ganar por 12 gracias a un triple de Isabel Sorzini (30-18) y m\u00e1s adelante con dos lanzamientos de tres puntos anotados por Julieta Sagasti ampli\u00f3 la brecha a su favor a 14, 36 a 22.<\/strong><\/p>\n<p><strong>Bahiense del Norte deb\u00eda despertar si quer\u00eda cambiar el rumbo del juego. Y as\u00ed lo hizo en el tercer cuarto de muy buena manera. A falta de un minuto y medio para el final de este per\u00edodo, el elenco conducido por Luciano Deminicis hab\u00eda reducido su desventaja a solo seis tantos, 48-42. 22 de los 23 puntos conseguidos por el tricolor en estos diez minutos fueron de Montivero y Pisani (hubo adem\u00e1s un simple de Vasconcelo).<\/strong><\/p>\n<p><strong>La polifuncionalidad de Rold\u00e1n y de varias de sus compa\u00f1eras (como Larrasolo, Sorzini y Alves) fue lo que sac\u00f3 a 9 de Julio de su mal momento y lo puso de nuevo en la mejor posici\u00f3n de la carrera hacia el triunfo. El anfitri\u00f3n no permiti\u00f3 nuevas grandes reacciones de su oponente, gan\u00f3 este entretenido duelo y se convirti\u00f3 en el l\u00edder absoluto de la categor\u00eda.\u00a0<\/strong><\/p>\n<p><strong>\u00a0 \u00a0\u00a0<\/strong><\/p>\n<p><strong>\u00a0<\/strong><strong> \u00a0 \u00a0\u00a0<\/strong><\/p>\n<p>&nbsp;<\/p>\n<div class=\"jeg_video_container jeg_video_content\"><iframe loading=\"lazy\" title=\"#U17F - Final - Juego 2 (+3): 9 de Julio (2) 73 - 62 (0) Bahiense del Norte\" width=\"500\" height=\"281\" src=\"https:\/\/www.youtube.com\/embed\/bbw9juEYyA0?feature=oembed\" frameborder=\"0\" allow=\"accelerometer; autoplay; clipboard-write; encrypted-media; gyroscope; picture-in-picture; web-share\" referrerpolicy=\"strict-origin-when-cross-origin\" allowfullscreen><\/iframe><\/div>\n<\/div>\n<\/div>\n<\/div>\n<\/div>\n<div><\/div>\n<div><\/div>\n<div class=\"jeg_video_container jeg_video_content\">\n<div class=\"jeg_video_container jeg_video_content\">\n<div class=\"jeg_video_container jeg_video_content\">\n<div class=\"jeg_video_container jeg_video_content\"><img decoding=\"async\" class=\"alignnone wp-image-119745 \" src=\"http:\/\/gentedebasquet.com.ar\/sitio\/wp-content\/uploads\/2025\/12\/CLAVE9DJ-U17-F-300x300.png\" alt=\"\" width=\"644\" height=\"644\" srcset=\"https:\/\/gentedebasquet.com.ar\/sitio\/wp-content\/uploads\/2025\/12\/CLAVE9DJ-U17-F-300x300.png 300w, https:\/\/gentedebasquet.com.ar\/sitio\/wp-content\/uploads\/2025\/12\/CLAVE9DJ-U17-F-1024x1024.png 1024w, https:\/\/gentedebasquet.com.ar\/sitio\/wp-content\/uploads\/2025\/12\/CLAVE9DJ-U17-F-150x150.png 150w, https:\/\/gentedebasquet.com.ar\/sitio\/wp-content\/uploads\/2025\/12\/CLAVE9DJ-U17-F-768x768.png 768w, https:\/\/gentedebasquet.com.ar\/sitio\/wp-content\/uploads\/2025\/12\/CLAVE9DJ-U17-F-1536x1536.png 1536w, https:\/\/gentedebasquet.com.ar\/sitio\/wp-content\/uploads\/2025\/12\/CLAVE9DJ-U17-F-75x75.png 75w, https:\/\/gentedebasquet.com.ar\/sitio\/wp-content\/uploads\/2025\/12\/CLAVE9DJ-U17-F-350x350.png 350w, https:\/\/gentedebasquet.com.ar\/sitio\/wp-content\/uploads\/2025\/12\/CLAVE9DJ-U17-F-750x750.png 750w, https:\/\/gentedebasquet.com.ar\/sitio\/wp-content\/uploads\/2025\/12\/CLAVE9DJ-U17-F-1140x1140.png 1140w, https:\/\/gentedebasquet.com.ar\/sitio\/wp-content\/uploads\/2025\/12\/CLAVE9DJ-U17-F.png 2000w\" sizes=\"(max-width: 644px) 100vw, 644px\" \/><\/div>\n<\/div>\n<\/div>\n<\/div>\n<div><\/div>\n<p>&nbsp;<\/p>\n<p>&nbsp;<\/p>\n<blockquote><p>&nbsp;<\/p><\/blockquote>\n<p>&nbsp;<\/p>\n<p>&nbsp;<\/p>\n<p>&nbsp;<\/p>\n<p><img decoding=\"async\" class=\"alignnone wp-image-119746 \" style=\"color: #333333\" src=\"http:\/\/gentedebasquet.com.ar\/sitio\/wp-content\/uploads\/2025\/12\/MVP9DJ-U17-F-300x300.png\" alt=\"\" width=\"588\" height=\"588\" srcset=\"https:\/\/gentedebasquet.com.ar\/sitio\/wp-content\/uploads\/2025\/12\/MVP9DJ-U17-F-300x300.png 300w, https:\/\/gentedebasquet.com.ar\/sitio\/wp-content\/uploads\/2025\/12\/MVP9DJ-U17-F-1024x1024.png 1024w, https:\/\/gentedebasquet.com.ar\/sitio\/wp-content\/uploads\/2025\/12\/MVP9DJ-U17-F-150x150.png 150w, https:\/\/gentedebasquet.com.ar\/sitio\/wp-content\/uploads\/2025\/12\/MVP9DJ-U17-F-768x768.png 768w, https:\/\/gentedebasquet.com.ar\/sitio\/wp-content\/uploads\/2025\/12\/MVP9DJ-U17-F-1536x1536.png 1536w, https:\/\/gentedebasquet.com.ar\/sitio\/wp-content\/uploads\/2025\/12\/MVP9DJ-U17-F-75x75.png 75w, https:\/\/gentedebasquet.com.ar\/sitio\/wp-content\/uploads\/2025\/12\/MVP9DJ-U17-F-350x350.png 350w, https:\/\/gentedebasquet.com.ar\/sitio\/wp-content\/uploads\/2025\/12\/MVP9DJ-U17-F-750x750.png 750w, https:\/\/gentedebasquet.com.ar\/sitio\/wp-content\/uploads\/2025\/12\/MVP9DJ-U17-F-1140x1140.png 1140w, https:\/\/gentedebasquet.com.ar\/sitio\/wp-content\/uploads\/2025\/12\/MVP9DJ-U17-F.png 2000w\" sizes=\"(max-width: 588px) 100vw, 588px\" \/><\/p>\n<p><strong>S\u00edntesis &#8211; Primera Femenina &#8211; Final &#8211; Juego 2 (+3)<\/strong><\/p>\n<p><strong>9 de Julio 73:<\/strong> Isabella Larrasolo 9; Yazm\u00edn Puentes 5; Olivia Borsetti 2; Jazm\u00edn Fernandez Roger; Isabella Rold\u00e1n 24 <strong>(F.I.)<\/strong> Delfina Alves 13; Isabel Sorzini 10; Catalina Maggi 2; Athina Psathoyiannakis 2; Victoria G\u00f3mez; Julieta Sagasti 6. <strong>DT:\u00a0<\/strong>Gustavo Candia.<\/p>\n<p><strong>Bahiense del Norte 62: <\/strong>Julia Quinteros 6; Isabella Massa; Juana Montivero 20; Mar\u00eda Victoria Gonzalez 2; Ignacia Marini 8 <strong>(<\/strong><strong>F.I.)<\/strong> Renata Vasconcelo 1; Clara Pisani 19; Julieta Vogel 6; Isabella Canutti; Uma Di Yorio; Sof\u00eda Mart\u00ednez; Sof\u00eda Queheile. <strong>DT:<\/strong> Luciano Deminicis.<\/p>\n<p><strong>Parciales<\/strong>: 13-11; 36-22 (23-11); 54-45 (18-23); 73-62 (19-17).<\/p>\n<p><strong>\u00c1rbitros<\/strong>: Alexia Gonzalez &#8211; Lucas Andr\u00e9s &#8211; .<\/p>\n<p><strong>Estadio<\/strong>: N\u00e9stor Damiani (9 de Julio).<\/p>\n<p><strong>Serie: <\/strong>9 de Julio 2-0.<\/p>\n<p>&nbsp;<\/p>\n<p><img decoding=\"async\" class=\"alignnone wp-image-119748 \" src=\"http:\/\/gentedebasquet.com.ar\/sitio\/wp-content\/uploads\/2025\/12\/vlcsnap-2025-12-15-08h27m50s275-300x169.png\" alt=\"\" width=\"680\" height=\"383\" srcset=\"https:\/\/gentedebasquet.com.ar\/sitio\/wp-content\/uploads\/2025\/12\/vlcsnap-2025-12-15-08h27m50s275-300x169.png 300w, https:\/\/gentedebasquet.com.ar\/sitio\/wp-content\/uploads\/2025\/12\/vlcsnap-2025-12-15-08h27m50s275-1024x576.png 1024w, https:\/\/gentedebasquet.com.ar\/sitio\/wp-content\/uploads\/2025\/12\/vlcsnap-2025-12-15-08h27m50s275-768x432.png 768w, https:\/\/gentedebasquet.com.ar\/sitio\/wp-content\/uploads\/2025\/12\/vlcsnap-2025-12-15-08h27m50s275-1536x864.png 1536w, https:\/\/gentedebasquet.com.ar\/sitio\/wp-content\/uploads\/2025\/12\/vlcsnap-2025-12-15-08h27m50s275-750x422.png 750w, https:\/\/gentedebasquet.com.ar\/sitio\/wp-content\/uploads\/2025\/12\/vlcsnap-2025-12-15-08h27m50s275-1140x641.png 1140w, https:\/\/gentedebasquet.com.ar\/sitio\/wp-content\/uploads\/2025\/12\/vlcsnap-2025-12-15-08h27m50s275.png 1920w\" sizes=\"(max-width: 680px) 100vw, 680px\" \/><\/p>\n<p>&nbsp;<\/p>\n","protected":false},"excerpt":{"rendered":"<p>\u00a0 La instituci\u00f3n de la esquina de 9 de Julio y Charlone agreg\u00f3 una copa m\u00e1s a sus vitrinas. Su equipo de la categor\u00eda U17 femenina venci\u00f3 en dos partidos de la serie final a Bahiense del Norte y alcanz\u00f3 la gloria. En el segundo de estos encuentros, disputado en la noche del domingo 14, [&hellip;]<\/p>\n","protected":false},"author":70,"featured_media":119749,"comment_status":"closed","ping_status":"open","sticky":false,"template":"","format":"standard","meta":{"jnews-multi-image_gallery":[],"jnews_single_post":[],"jnews_primary_category":[],"footnotes":""},"categories":[33,101,35],"tags":[2,5,2054,2022],"class_list":["post-119744","post","type-post","status-publish","format-standard","has-post-thumbnail","hentry","category-femenino","category-slide","category-u17","tag-9dejulio","tag-bahiense-del-norte","tag-isabella-roldan","tag-juana-montivero"],"yoast_head":"<!-- This site is optimized with the Yoast SEO plugin v27.5 - https:\/\/yoast.com\/product\/yoast-seo-wordpress\/ -->\n<title>9 de Julio tambien mand\u00f3 en el femenino U17 - Gente de B\u00e1squet<\/title>\n<meta name=\"robots\" content=\"index, follow, max-snippet:-1, max-image-preview:large, max-video-preview:-1\" \/>\n<link rel=\"canonical\" href=\"https:\/\/gentedebasquet.com.ar\/sitio\/2025\/12\/15\/9-de-julio-tambien-mando-en-el-femenino-u17\/\" \/>\n<meta property=\"og:locale\" content=\"es_ES\" \/>\n<meta property=\"og:type\" content=\"article\" \/>\n<meta property=\"og:title\" content=\"9 de Julio tambien mand\u00f3 en el femenino U17 - Gente de B\u00e1squet\" \/>\n<meta property=\"og:description\" content=\"\u00a0 La instituci\u00f3n de la esquina de 9 de Julio y Charlone agreg\u00f3 una copa m\u00e1s a sus vitrinas. Su equipo de la categor\u00eda U17 femenina venci\u00f3 en dos partidos de la serie final a Bahiense del Norte y alcanz\u00f3 la gloria. En el segundo de estos encuentros, disputado en la noche del domingo 14, [&hellip;]\" \/>\n<meta property=\"og:url\" content=\"https:\/\/gentedebasquet.com.ar\/sitio\/2025\/12\/15\/9-de-julio-tambien-mando-en-el-femenino-u17\/\" \/>\n<meta property=\"og:site_name\" content=\"Gente de B\u00e1squet\" \/>\n<meta property=\"article:published_time\" content=\"2025-12-15T11:51:07+00:00\" \/>\n<meta property=\"article:modified_time\" content=\"2025-12-15T12:34:37+00:00\" \/>\n<meta property=\"og:image\" content=\"https:\/\/gentedebasquet.com.ar\/sitio\/wp-content\/uploads\/2025\/12\/IMG_20251214_210136.jpg\" \/>\n\t<meta property=\"og:image:width\" content=\"690\" \/>\n\t<meta property=\"og:image:height\" content=\"319\" \/>\n\t<meta property=\"og:image:type\" content=\"image\/jpeg\" \/>\n<meta name=\"author\" content=\"Andres Camarero\" \/>\n<meta name=\"twitter:card\" content=\"summary_large_image\" \/>\n<meta name=\"twitter:label1\" content=\"Escrito por\" \/>\n\t<meta name=\"twitter:data1\" content=\"Andres Camarero\" \/>\n\t<meta name=\"twitter:label2\" content=\"Tiempo de lectura\" \/>\n\t<meta name=\"twitter:data2\" content=\"4 minutos\" \/>\n<script type=\"application\/ld+json\" class=\"yoast-schema-graph\">{\"@context\":\"https:\\\/\\\/schema.org\",\"@graph\":[{\"@type\":\"Article\",\"@id\":\"https:\\\/\\\/gentedebasquet.com.ar\\\/sitio\\\/2025\\\/12\\\/15\\\/9-de-julio-tambien-mando-en-el-femenino-u17\\\/#article\",\"isPartOf\":{\"@id\":\"https:\\\/\\\/gentedebasquet.com.ar\\\/sitio\\\/2025\\\/12\\\/15\\\/9-de-julio-tambien-mando-en-el-femenino-u17\\\/\"},\"author\":{\"name\":\"Andres Camarero\",\"@id\":\"https:\\\/\\\/gentedebasquet.com.ar\\\/sitio\\\/#\\\/schema\\\/person\\\/6f3e5bc5df127b420a445d22fc9eaa51\"},\"headline\":\"9 de Julio tambien mand\u00f3 en el femenino U17\",\"datePublished\":\"2025-12-15T11:51:07+00:00\",\"dateModified\":\"2025-12-15T12:34:37+00:00\",\"mainEntityOfPage\":{\"@id\":\"https:\\\/\\\/gentedebasquet.com.ar\\\/sitio\\\/2025\\\/12\\\/15\\\/9-de-julio-tambien-mando-en-el-femenino-u17\\\/\"},\"wordCount\":516,\"image\":{\"@id\":\"https:\\\/\\\/gentedebasquet.com.ar\\\/sitio\\\/2025\\\/12\\\/15\\\/9-de-julio-tambien-mando-en-el-femenino-u17\\\/#primaryimage\"},\"thumbnailUrl\":\"https:\\\/\\\/gentedebasquet.com.ar\\\/sitio\\\/wp-content\\\/uploads\\\/2025\\\/12\\\/IMG_20251214_210136.jpg\",\"keywords\":[\"9 de Julio\",\"Bahiense Del Norte\",\"Isabella Roldan\",\"Juana Montivero\"],\"articleSection\":[\"Femenino\",\"Slide\",\"U17\"],\"inLanguage\":\"es\"},{\"@type\":\"WebPage\",\"@id\":\"https:\\\/\\\/gentedebasquet.com.ar\\\/sitio\\\/2025\\\/12\\\/15\\\/9-de-julio-tambien-mando-en-el-femenino-u17\\\/\",\"url\":\"https:\\\/\\\/gentedebasquet.com.ar\\\/sitio\\\/2025\\\/12\\\/15\\\/9-de-julio-tambien-mando-en-el-femenino-u17\\\/\",\"name\":\"9 de Julio tambien mand\u00f3 en el femenino U17 - Gente de B\u00e1squet\",\"isPartOf\":{\"@id\":\"https:\\\/\\\/gentedebasquet.com.ar\\\/sitio\\\/#website\"},\"primaryImageOfPage\":{\"@id\":\"https:\\\/\\\/gentedebasquet.com.ar\\\/sitio\\\/2025\\\/12\\\/15\\\/9-de-julio-tambien-mando-en-el-femenino-u17\\\/#primaryimage\"},\"image\":{\"@id\":\"https:\\\/\\\/gentedebasquet.com.ar\\\/sitio\\\/2025\\\/12\\\/15\\\/9-de-julio-tambien-mando-en-el-femenino-u17\\\/#primaryimage\"},\"thumbnailUrl\":\"https:\\\/\\\/gentedebasquet.com.ar\\\/sitio\\\/wp-content\\\/uploads\\\/2025\\\/12\\\/IMG_20251214_210136.jpg\",\"datePublished\":\"2025-12-15T11:51:07+00:00\",\"dateModified\":\"2025-12-15T12:34:37+00:00\",\"author\":{\"@id\":\"https:\\\/\\\/gentedebasquet.com.ar\\\/sitio\\\/#\\\/schema\\\/person\\\/6f3e5bc5df127b420a445d22fc9eaa51\"},\"breadcrumb\":{\"@id\":\"https:\\\/\\\/gentedebasquet.com.ar\\\/sitio\\\/2025\\\/12\\\/15\\\/9-de-julio-tambien-mando-en-el-femenino-u17\\\/#breadcrumb\"},\"inLanguage\":\"es\",\"potentialAction\":[{\"@type\":\"ReadAction\",\"target\":[\"https:\\\/\\\/gentedebasquet.com.ar\\\/sitio\\\/2025\\\/12\\\/15\\\/9-de-julio-tambien-mando-en-el-femenino-u17\\\/\"]}]},{\"@type\":\"ImageObject\",\"inLanguage\":\"es\",\"@id\":\"https:\\\/\\\/gentedebasquet.com.ar\\\/sitio\\\/2025\\\/12\\\/15\\\/9-de-julio-tambien-mando-en-el-femenino-u17\\\/#primaryimage\",\"url\":\"https:\\\/\\\/gentedebasquet.com.ar\\\/sitio\\\/wp-content\\\/uploads\\\/2025\\\/12\\\/IMG_20251214_210136.jpg\",\"contentUrl\":\"https:\\\/\\\/gentedebasquet.com.ar\\\/sitio\\\/wp-content\\\/uploads\\\/2025\\\/12\\\/IMG_20251214_210136.jpg\",\"width\":690,\"height\":319},{\"@type\":\"BreadcrumbList\",\"@id\":\"https:\\\/\\\/gentedebasquet.com.ar\\\/sitio\\\/2025\\\/12\\\/15\\\/9-de-julio-tambien-mando-en-el-femenino-u17\\\/#breadcrumb\",\"itemListElement\":[{\"@type\":\"ListItem\",\"position\":1,\"name\":\"Portada\",\"item\":\"https:\\\/\\\/gentedebasquet.com.ar\\\/sitio\\\/\"},{\"@type\":\"ListItem\",\"position\":2,\"name\":\"9 de Julio tambien mand\u00f3 en el femenino U17\"}]},{\"@type\":\"WebSite\",\"@id\":\"https:\\\/\\\/gentedebasquet.com.ar\\\/sitio\\\/#website\",\"url\":\"https:\\\/\\\/gentedebasquet.com.ar\\\/sitio\\\/\",\"name\":\"Gente de B\u00e1squet\",\"description\":\"La revista del basquet de Bah\u00eda Blanca\",\"potentialAction\":[{\"@type\":\"SearchAction\",\"target\":{\"@type\":\"EntryPoint\",\"urlTemplate\":\"https:\\\/\\\/gentedebasquet.com.ar\\\/sitio\\\/?s={search_term_string}\"},\"query-input\":{\"@type\":\"PropertyValueSpecification\",\"valueRequired\":true,\"valueName\":\"search_term_string\"}}],\"inLanguage\":\"es\"},{\"@type\":\"Person\",\"@id\":\"https:\\\/\\\/gentedebasquet.com.ar\\\/sitio\\\/#\\\/schema\\\/person\\\/6f3e5bc5df127b420a445d22fc9eaa51\",\"name\":\"Andres Camarero\",\"image\":{\"@type\":\"ImageObject\",\"inLanguage\":\"es\",\"@id\":\"https:\\\/\\\/secure.gravatar.com\\\/avatar\\\/f6d4884ec54a50c25ccd5e4f54f5e904d09dfe74ef58e58f631f3917b6fed7cd?s=96&d=mm&r=g\",\"url\":\"https:\\\/\\\/secure.gravatar.com\\\/avatar\\\/f6d4884ec54a50c25ccd5e4f54f5e904d09dfe74ef58e58f631f3917b6fed7cd?s=96&d=mm&r=g\",\"contentUrl\":\"https:\\\/\\\/secure.gravatar.com\\\/avatar\\\/f6d4884ec54a50c25ccd5e4f54f5e904d09dfe74ef58e58f631f3917b6fed7cd?s=96&d=mm&r=g\",\"caption\":\"Andres Camarero\"},\"url\":\"https:\\\/\\\/gentedebasquet.com.ar\\\/sitio\\\/author\\\/andres-camarero\\\/\"}]}<\/script>\n<!-- \/ Yoast SEO plugin. -->","yoast_head_json":{"title":"9 de Julio tambien mand\u00f3 en el femenino U17 - Gente de B\u00e1squet","robots":{"index":"index","follow":"follow","max-snippet":"max-snippet:-1","max-image-preview":"max-image-preview:large","max-video-preview":"max-video-preview:-1"},"canonical":"https:\/\/gentedebasquet.com.ar\/sitio\/2025\/12\/15\/9-de-julio-tambien-mando-en-el-femenino-u17\/","og_locale":"es_ES","og_type":"article","og_title":"9 de Julio tambien mand\u00f3 en el femenino U17 - Gente de B\u00e1squet","og_description":"\u00a0 La instituci\u00f3n de la esquina de 9 de Julio y Charlone agreg\u00f3 una copa m\u00e1s a sus vitrinas. Su equipo de la categor\u00eda U17 femenina venci\u00f3 en dos partidos de la serie final a Bahiense del Norte y alcanz\u00f3 la gloria. En el segundo de estos encuentros, disputado en la noche del domingo 14, [&hellip;]","og_url":"https:\/\/gentedebasquet.com.ar\/sitio\/2025\/12\/15\/9-de-julio-tambien-mando-en-el-femenino-u17\/","og_site_name":"Gente de B\u00e1squet","article_published_time":"2025-12-15T11:51:07+00:00","article_modified_time":"2025-12-15T12:34:37+00:00","og_image":[{"width":690,"height":319,"url":"https:\/\/gentedebasquet.com.ar\/sitio\/wp-content\/uploads\/2025\/12\/IMG_20251214_210136.jpg","type":"image\/jpeg"}],"author":"Andres Camarero","twitter_card":"summary_large_image","twitter_misc":{"Escrito por":"Andres Camarero","Tiempo de lectura":"4 minutos"},"schema":{"@context":"https:\/\/schema.org","@graph":[{"@type":"Article","@id":"https:\/\/gentedebasquet.com.ar\/sitio\/2025\/12\/15\/9-de-julio-tambien-mando-en-el-femenino-u17\/#article","isPartOf":{"@id":"https:\/\/gentedebasquet.com.ar\/sitio\/2025\/12\/15\/9-de-julio-tambien-mando-en-el-femenino-u17\/"},"author":{"name":"Andres Camarero","@id":"https:\/\/gentedebasquet.com.ar\/sitio\/#\/schema\/person\/6f3e5bc5df127b420a445d22fc9eaa51"},"headline":"9 de Julio tambien mand\u00f3 en el femenino U17","datePublished":"2025-12-15T11:51:07+00:00","dateModified":"2025-12-15T12:34:37+00:00","mainEntityOfPage":{"@id":"https:\/\/gentedebasquet.com.ar\/sitio\/2025\/12\/15\/9-de-julio-tambien-mando-en-el-femenino-u17\/"},"wordCount":516,"image":{"@id":"https:\/\/gentedebasquet.com.ar\/sitio\/2025\/12\/15\/9-de-julio-tambien-mando-en-el-femenino-u17\/#primaryimage"},"thumbnailUrl":"https:\/\/gentedebasquet.com.ar\/sitio\/wp-content\/uploads\/2025\/12\/IMG_20251214_210136.jpg","keywords":["9 de Julio","Bahiense Del Norte","Isabella Roldan","Juana Montivero"],"articleSection":["Femenino","Slide","U17"],"inLanguage":"es"},{"@type":"WebPage","@id":"https:\/\/gentedebasquet.com.ar\/sitio\/2025\/12\/15\/9-de-julio-tambien-mando-en-el-femenino-u17\/","url":"https:\/\/gentedebasquet.com.ar\/sitio\/2025\/12\/15\/9-de-julio-tambien-mando-en-el-femenino-u17\/","name":"9 de Julio tambien mand\u00f3 en el femenino U17 - Gente de B\u00e1squet","isPartOf":{"@id":"https:\/\/gentedebasquet.com.ar\/sitio\/#website"},"primaryImageOfPage":{"@id":"https:\/\/gentedebasquet.com.ar\/sitio\/2025\/12\/15\/9-de-julio-tambien-mando-en-el-femenino-u17\/#primaryimage"},"image":{"@id":"https:\/\/gentedebasquet.com.ar\/sitio\/2025\/12\/15\/9-de-julio-tambien-mando-en-el-femenino-u17\/#primaryimage"},"thumbnailUrl":"https:\/\/gentedebasquet.com.ar\/sitio\/wp-content\/uploads\/2025\/12\/IMG_20251214_210136.jpg","datePublished":"2025-12-15T11:51:07+00:00","dateModified":"2025-12-15T12:34:37+00:00","author":{"@id":"https:\/\/gentedebasquet.com.ar\/sitio\/#\/schema\/person\/6f3e5bc5df127b420a445d22fc9eaa51"},"breadcrumb":{"@id":"https:\/\/gentedebasquet.com.ar\/sitio\/2025\/12\/15\/9-de-julio-tambien-mando-en-el-femenino-u17\/#breadcrumb"},"inLanguage":"es","potentialAction":[{"@type":"ReadAction","target":["https:\/\/gentedebasquet.com.ar\/sitio\/2025\/12\/15\/9-de-julio-tambien-mando-en-el-femenino-u17\/"]}]},{"@type":"ImageObject","inLanguage":"es","@id":"https:\/\/gentedebasquet.com.ar\/sitio\/2025\/12\/15\/9-de-julio-tambien-mando-en-el-femenino-u17\/#primaryimage","url":"https:\/\/gentedebasquet.com.ar\/sitio\/wp-content\/uploads\/2025\/12\/IMG_20251214_210136.jpg","contentUrl":"https:\/\/gentedebasquet.com.ar\/sitio\/wp-content\/uploads\/2025\/12\/IMG_20251214_210136.jpg","width":690,"height":319},{"@type":"BreadcrumbList","@id":"https:\/\/gentedebasquet.com.ar\/sitio\/2025\/12\/15\/9-de-julio-tambien-mando-en-el-femenino-u17\/#breadcrumb","itemListElement":[{"@type":"ListItem","position":1,"name":"Portada","item":"https:\/\/gentedebasquet.com.ar\/sitio\/"},{"@type":"ListItem","position":2,"name":"9 de Julio tambien mand\u00f3 en el femenino U17"}]},{"@type":"WebSite","@id":"https:\/\/gentedebasquet.com.ar\/sitio\/#website","url":"https:\/\/gentedebasquet.com.ar\/sitio\/","name":"Gente de B\u00e1squet","description":"La revista del basquet de Bah\u00eda Blanca","potentialAction":[{"@type":"SearchAction","target":{"@type":"EntryPoint","urlTemplate":"https:\/\/gentedebasquet.com.ar\/sitio\/?s={search_term_string}"},"query-input":{"@type":"PropertyValueSpecification","valueRequired":true,"valueName":"search_term_string"}}],"inLanguage":"es"},{"@type":"Person","@id":"https:\/\/gentedebasquet.com.ar\/sitio\/#\/schema\/person\/6f3e5bc5df127b420a445d22fc9eaa51","name":"Andres Camarero","image":{"@type":"ImageObject","inLanguage":"es","@id":"https:\/\/secure.gravatar.com\/avatar\/f6d4884ec54a50c25ccd5e4f54f5e904d09dfe74ef58e58f631f3917b6fed7cd?s=96&d=mm&r=g","url":"https:\/\/secure.gravatar.com\/avatar\/f6d4884ec54a50c25ccd5e4f54f5e904d09dfe74ef58e58f631f3917b6fed7cd?s=96&d=mm&r=g","contentUrl":"https:\/\/secure.gravatar.com\/avatar\/f6d4884ec54a50c25ccd5e4f54f5e904d09dfe74ef58e58f631f3917b6fed7cd?s=96&d=mm&r=g","caption":"Andres Camarero"},"url":"https:\/\/gentedebasquet.com.ar\/sitio\/author\/andres-camarero\/"}]}},"_links":{"self":[{"href":"https:\/\/gentedebasquet.com.ar\/sitio\/wp-json\/wp\/v2\/posts\/119744","targetHints":{"allow":["GET"]}}],"collection":[{"href":"https:\/\/gentedebasquet.com.ar\/sitio\/wp-json\/wp\/v2\/posts"}],"about":[{"href":"https:\/\/gentedebasquet.com.ar\/sitio\/wp-json\/wp\/v2\/types\/post"}],"author":[{"embeddable":true,"href":"https:\/\/gentedebasquet.com.ar\/sitio\/wp-json\/wp\/v2\/users\/70"}],"replies":[{"embeddable":true,"href":"https:\/\/gentedebasquet.com.ar\/sitio\/wp-json\/wp\/v2\/comments?post=119744"}],"version-history":[{"count":5,"href":"https:\/\/gentedebasquet.com.ar\/sitio\/wp-json\/wp\/v2\/posts\/119744\/revisions"}],"predecessor-version":[{"id":119753,"href":"https:\/\/gentedebasquet.com.ar\/sitio\/wp-json\/wp\/v2\/posts\/119744\/revisions\/119753"}],"wp:featuredmedia":[{"embeddable":true,"href":"https:\/\/gentedebasquet.com.ar\/sitio\/wp-json\/wp\/v2\/media\/119749"}],"wp:attachment":[{"href":"https:\/\/gentedebasquet.com.ar\/sitio\/wp-json\/wp\/v2\/media?parent=119744"}],"wp:term":[{"taxonomy":"category","embeddable":true,"href":"https:\/\/gentedebasquet.com.ar\/sitio\/wp-json\/wp\/v2\/categories?post=119744"},{"taxonomy":"post_tag","embeddable":true,"href":"https:\/\/gentedebasquet.com.ar\/sitio\/wp-json\/wp\/v2\/tags?post=119744"}],"curies":[{"name":"wp","href":"https:\/\/api.w.org\/{rel}","templated":true}]}}