{"id":119772,"date":"2025-12-16T05:40:53","date_gmt":"2025-12-16T04:40:53","guid":{"rendered":"https:\/\/gentedebasquet.com.ar\/sitio\/?p=119772"},"modified":"2025-12-16T05:42:44","modified_gmt":"2025-12-16T04:42:44","slug":"el-tricolor-remonto-la-final-y-jugara-el-clasico-por-el-titulo","status":"publish","type":"post","link":"https:\/\/gentedebasquet.com.ar\/sitio\/2025\/12\/16\/el-tricolor-remonto-la-final-y-jugara-el-clasico-por-el-titulo\/","title":{"rendered":"El Tricolor remont\u00f3 la final y jugar\u00e1 el cl\u00e1sico por el t\u00edtulo"},"content":{"rendered":"<p><strong>Villa Mitre venci\u00f3 a Pac\u00edfico en el cuarto punto<\/strong>, cerr\u00f3 la serie 3-1 y <strong>se adjudic\u00f3 el segundo tramo del campeonato.<\/strong> Ahora <strong>definir\u00e1 al campe\u00f3n en una serie al mejor de tres ante Olimpo<\/strong>, el ganador del primer torneo. En el juego definitivo, el \u00abTricolor\u00bb <strong>remont\u00f3 una desventaja de 20 puntos<\/strong>, y de 10 en el \u00faltimo cuarto, para ganarlo 82-88 y festejar junto a su gente.<\/p>\n<p>El partido se abri\u00f3 con un libre de Loos, del otro lado respondieron De Paoli y Harina con dos bombas, y parec\u00eda ser un arranque similar al del tercer juego. Pero a partir de all\u00ed, <strong>domin\u00f3 Pac\u00edfico con un parcial 12-0<\/strong> y puntos en manos de Sagarzazu, Mattioli y Cort\u00e9s. Villa Mitre pudo frenar el buen momento \u00abVerde\u00bb con conversiones consecutivas de Amigo y De Paoli para mantenerse cercano en el tanteador, pero un buen pasaje de Loos y la <strong>aparici\u00f3n estelar de Mattioli<\/strong> (10 puntos en el 1C), lo dejaron a <strong>Pac\u00edfico 26-14<\/strong> arriba en los primeros diez.<\/p>\n<p>En el arranque del segundo segmento, <strong>Mattioli clav\u00f3 otra bomba<\/strong> y Sagarzazu sigui\u00f3 acrecentando su planilla, mientras que del otro lado empez\u00f3 a sumar minutos y goles Pennacchiotti. El \u00abVerde\u00bb pudo mantener la diferencia de dos d\u00edgitos hasta la mitad del cuarto, donde <strong>Villa Mitre la baj\u00f3 gracias a puntos consecutivos de Manu Iglesias.<\/strong> La Villa logr\u00f3 ponerse a 6, pero <strong>un buen ingreso de Genaro Pisani,<\/strong> m\u00e1s una bomba de Salvatori, volvieron a alejar a los de Richotti, que <strong>se fueron al descanso largo 46-29.<\/strong><\/p>\n<p>Hasta all\u00ed, un primer tiempo con Pac\u00edfico marcando el ritmo como en el juego uno. <strong>En dos minutos del segundo tiempo toc\u00f3 la m\u00e1xima de 20 puntos<\/strong> (51-31), pero ah\u00ed termin\u00f3 el dominio del equipo de Richotti, y Villa Mitre comenz\u00f3 la remontada. Con Lorca y Pennacchiotti en la pintura, el tiro externo de Harina, y defensas fuertes, <strong>los de Men\u00e9ndez clavaron un parcial 10-2<\/strong> para ponerse a 12. Cort\u00e9s volvi\u00f3 a estirar a 15 con un triple, pero Alem y Pennacchiotti volvieron a achicar a 10.<strong> Termin\u00f3 mejor el cuarto Villa Mitre<\/strong>, con 4 puntos seguidos de Lorca, y entraron al \u00faltimo segmento <strong>62-56.<\/strong><\/p>\n<p>Con un triple de Iglesias, el \u00abTricolor\u00bb se puso a 3, pero respondi\u00f3 r\u00e1pido Salvatori. Con 4\/4 en libres, Loos le devolvi\u00f3 al \u00abVerde\u00bb la <strong>ventaja de 10<\/strong> (69-59). Pero con un <strong>parcial 12-1, con tres triples de Harina, m\u00e1s uno de Blanco<\/strong>, Villa Mitre pas\u00f3 al frente en el marcador como no lo hac\u00eda desde aquel comienzo 6-1. En el \u00faltimo cuarto, <strong>Pac\u00edfico perdi\u00f3 a dos hombres importantes en la pintura:<\/strong> Sagarzazu y Genaro Pisani. All\u00ed se hizo fuerte Villa Mitre con Pennacchiotti, que se convirti\u00f3 en la b\u00fasqueda principal del equipo de Men\u00e9ndez. De todas formas, <strong>llegaron igualados en 79 a los \u00faltimos dos minutos y medio.<\/strong> <strong>El \u00abTricolor\u00bb perdi\u00f3 a Harina<\/strong> por t\u00e9cnica + antideportiva, y se gener\u00f3 cierta incertidumbre en la Villa. Dos libres de Alem le dieron ventaja a su equipo, por la misma v\u00eda empat\u00f3 Gino Pisani. Un doble de Pennacchiotti y 2\/2 en la l\u00ednea para Alem dejaron a <strong>Villa Mitre 81-85<\/strong> a falta de 1m. Salvatori anot\u00f3 1\/2 en la l\u00ednea y achic\u00f3 a 3, y <strong>Pac\u00edfico recuper\u00f3 la pelota en la salida del \u00abTricolor\u00bb, intent\u00f3 igualar con un triple de Errazu que no fue certero<\/strong>, y Villa Mitre lo cerr\u00f3 con un libre de Amigo y un doble de Blanco en el \u00faltimo segundo.<\/p>\n<p><strong>Villa Mitre remont\u00f3 una desventaja de 20 puntos<\/strong>, lleg\u00f3 a perder por 10 en el \u00faltimo cuarto, pero sac\u00f3 a relucir su actitud y su jerarqu\u00eda para revertirlo y quedarse con la final. <strong>Venci\u00f3 3-1 en la serie a Pac\u00edfico y se adjudic\u00f3 el segundo tramo.<\/strong> Ahora deber\u00e1 enfrentar a Olimpo, ganador del primer campeonato, para saber <strong>qui\u00e9n se queda con la corona de la m\u00e1xima categor\u00eda.<\/strong><\/p>\n<div class=\"jeg_video_container jeg_video_content\"><iframe loading=\"lazy\" title=\"#Primera - Playoffs - Final - Juego #4 (+5): Pac\u00edfico (1) 82 - 88 (3) Villa Mitre\" width=\"500\" height=\"281\" src=\"https:\/\/www.youtube.com\/embed\/MAdOgXcqSJU?feature=oembed\" frameborder=\"0\" allow=\"accelerometer; autoplay; clipboard-write; encrypted-media; gyroscope; picture-in-picture; web-share\" referrerpolicy=\"strict-origin-when-cross-origin\" allowfullscreen><\/iframe><\/div>\n<p><img decoding=\"async\" class=\"alignnone size-medium wp-image-119773\" src=\"http:\/\/gentedebasquet.com.ar\/sitio\/wp-content\/uploads\/2025\/12\/CLAVE-vm-2-300x300.png\" alt=\"\" width=\"300\" height=\"300\" srcset=\"https:\/\/gentedebasquet.com.ar\/sitio\/wp-content\/uploads\/2025\/12\/CLAVE-vm-2-300x300.png 300w, https:\/\/gentedebasquet.com.ar\/sitio\/wp-content\/uploads\/2025\/12\/CLAVE-vm-2-1024x1024.png 1024w, https:\/\/gentedebasquet.com.ar\/sitio\/wp-content\/uploads\/2025\/12\/CLAVE-vm-2-150x150.png 150w, https:\/\/gentedebasquet.com.ar\/sitio\/wp-content\/uploads\/2025\/12\/CLAVE-vm-2-768x768.png 768w, https:\/\/gentedebasquet.com.ar\/sitio\/wp-content\/uploads\/2025\/12\/CLAVE-vm-2-1536x1536.png 1536w, https:\/\/gentedebasquet.com.ar\/sitio\/wp-content\/uploads\/2025\/12\/CLAVE-vm-2-75x75.png 75w, https:\/\/gentedebasquet.com.ar\/sitio\/wp-content\/uploads\/2025\/12\/CLAVE-vm-2-350x350.png 350w, https:\/\/gentedebasquet.com.ar\/sitio\/wp-content\/uploads\/2025\/12\/CLAVE-vm-2-750x750.png 750w, https:\/\/gentedebasquet.com.ar\/sitio\/wp-content\/uploads\/2025\/12\/CLAVE-vm-2-1140x1140.png 1140w, https:\/\/gentedebasquet.com.ar\/sitio\/wp-content\/uploads\/2025\/12\/CLAVE-vm-2.png 2000w\" sizes=\"(max-width: 300px) 100vw, 300px\" \/><\/p>\n<p><img decoding=\"async\" class=\"alignnone wp-image-119775 size-large\" src=\"http:\/\/gentedebasquet.com.ar\/sitio\/wp-content\/uploads\/2025\/12\/WhatsApp-Image-2025-12-16-at-01.39.18-1-1024x565.jpeg\" alt=\"\" width=\"1024\" height=\"565\" srcset=\"https:\/\/gentedebasquet.com.ar\/sitio\/wp-content\/uploads\/2025\/12\/WhatsApp-Image-2025-12-16-at-01.39.18-1-1024x565.jpeg 1024w, https:\/\/gentedebasquet.com.ar\/sitio\/wp-content\/uploads\/2025\/12\/WhatsApp-Image-2025-12-16-at-01.39.18-1-300x165.jpeg 300w, https:\/\/gentedebasquet.com.ar\/sitio\/wp-content\/uploads\/2025\/12\/WhatsApp-Image-2025-12-16-at-01.39.18-1-768x423.jpeg 768w, https:\/\/gentedebasquet.com.ar\/sitio\/wp-content\/uploads\/2025\/12\/WhatsApp-Image-2025-12-16-at-01.39.18-1-750x413.jpeg 750w, https:\/\/gentedebasquet.com.ar\/sitio\/wp-content\/uploads\/2025\/12\/WhatsApp-Image-2025-12-16-at-01.39.18-1-1140x628.jpeg 1140w, https:\/\/gentedebasquet.com.ar\/sitio\/wp-content\/uploads\/2025\/12\/WhatsApp-Image-2025-12-16-at-01.39.18-1.jpeg 1170w\" sizes=\"(max-width: 1024px) 100vw, 1024px\" \/><\/p>\n<p><img decoding=\"async\" class=\"alignnone size-medium wp-image-119774\" src=\"http:\/\/gentedebasquet.com.ar\/sitio\/wp-content\/uploads\/2025\/12\/MVP-harina-1-300x300.png\" alt=\"\" width=\"300\" height=\"300\" srcset=\"https:\/\/gentedebasquet.com.ar\/sitio\/wp-content\/uploads\/2025\/12\/MVP-harina-1-300x300.png 300w, https:\/\/gentedebasquet.com.ar\/sitio\/wp-content\/uploads\/2025\/12\/MVP-harina-1-1024x1024.png 1024w, https:\/\/gentedebasquet.com.ar\/sitio\/wp-content\/uploads\/2025\/12\/MVP-harina-1-150x150.png 150w, https:\/\/gentedebasquet.com.ar\/sitio\/wp-content\/uploads\/2025\/12\/MVP-harina-1-768x768.png 768w, https:\/\/gentedebasquet.com.ar\/sitio\/wp-content\/uploads\/2025\/12\/MVP-harina-1-1536x1536.png 1536w, https:\/\/gentedebasquet.com.ar\/sitio\/wp-content\/uploads\/2025\/12\/MVP-harina-1-75x75.png 75w, https:\/\/gentedebasquet.com.ar\/sitio\/wp-content\/uploads\/2025\/12\/MVP-harina-1-350x350.png 350w, https:\/\/gentedebasquet.com.ar\/sitio\/wp-content\/uploads\/2025\/12\/MVP-harina-1-750x750.png 750w, https:\/\/gentedebasquet.com.ar\/sitio\/wp-content\/uploads\/2025\/12\/MVP-harina-1-1140x1140.png 1140w, https:\/\/gentedebasquet.com.ar\/sitio\/wp-content\/uploads\/2025\/12\/MVP-harina-1.png 2000w\" sizes=\"(max-width: 300px) 100vw, 300px\" \/><\/p>\n<blockquote><p>\u00abEllos vendieron cara la derrota, nos llegaron a sacar 20 de ventaja, tuvimos que remar. No jugamos lindo, pero lo importante es que lo sacamos adelante y nos pudimos consagrar en este torneo para jugar la final. La clave era la defensa, nos hab\u00edan hecho 50 puntos en el primer tiempo, los bajamos a 30 en el segundo y fuimos limando la diferencia de a poquito. Nos cost\u00f3, no fluy\u00f3 el ataque pero con entrega lo pudimos remontar. Ahora tenemos unos d\u00edas para descansar, nos va a venir bien, y esperamos terminar el a\u00f1o como queremos.\u00bb,<strong> Ramiro Heinrich, Villa Mitre.<\/strong><\/p><\/blockquote>\n<p><strong>S\u00edntesis &#8211; Primera Divisi\u00f3n &#8211; Playoffs &#8211; Final &#8211; Juego #4 (+5)<\/strong><\/p>\n<p><strong>Pac\u00edfico 82:<\/strong> Branco Salvatori 10, Francisco Mattioli 14, Valent\u00edn Cort\u00e9s 20, Santiago Loos 11, Tom\u00e1s Sagarzazu 11 (x) <strong>(FI);<\/strong> Mateo Boccatonda 0, Juan Cruz Redivo 3, I\u00f1aki Errazu 0, Gino Pisani 2, Genaro Pisani 11 (x). <strong>DT: Mauro Richotti.<\/strong><\/p>\n<p><strong>Villa Mitre 88:<\/strong> Fausto De Paoli 5, Federico Harina 17 (x), Franco Amigo 7, Ignacio Alem 9, Ramiro Heinrich 0 <strong>(FI);<\/strong> Alejo Blanco 7, Joaqu\u00edn Jasen 0, Manuel Iglesias 8, Juli\u00e1n Lorca 15, Franco Pennacchiotti 20. <strong>DT: Emiliano Men\u00e9ndez.<\/strong><\/p>\n<p><strong>Cuartos:<\/strong> 26-14, 46-29 (20-15), 62-56 (16-27), 82-88 (20-32)<\/p>\n<p><strong>\u00c1rbitros:<\/strong> Emanuel S\u00e1nchez &#8211; Sebasti\u00e1n Giannino &#8211; Alejandro Ramallo<\/p>\n<p><strong>Estadio:<\/strong> Osvaldo Casanova<\/p>\n<p><strong>Serie:<\/strong> Villa Mitre 3-1<\/p>\n<p>&nbsp;<\/p>\n","protected":false},"excerpt":{"rendered":"<p>Villa Mitre venci\u00f3 a Pac\u00edfico en el cuarto punto, cerr\u00f3 la serie 3-1 y se adjudic\u00f3 el segundo tramo del campeonato. Ahora definir\u00e1 al campe\u00f3n en una serie al mejor de tres ante Olimpo, el ganador del primer torneo. En el juego definitivo, el \u00abTricolor\u00bb remont\u00f3 una desventaja de 20 puntos, y de 10 en [&hellip;]<\/p>\n","protected":false},"author":71,"featured_media":119776,"comment_status":"closed","ping_status":"open","sticky":false,"template":"","format":"standard","meta":{"jnews-multi-image_gallery":[],"jnews_single_post":[],"jnews_primary_category":[],"footnotes":""},"categories":[23,101],"tags":[209,17,1169,508,53,22],"class_list":["post-119772","post","type-post","status-publish","format-standard","has-post-thumbnail","hentry","category-primera","category-slide","tag-federico-harina","tag-pacifico","tag-primera","tag-primera-division","tag-ramiro-heinrich","tag-villa-mitre"],"yoast_head":"<!-- This site is optimized with the Yoast SEO plugin v27.5 - https:\/\/yoast.com\/product\/yoast-seo-wordpress\/ -->\n<title>El Tricolor remont\u00f3 la final y jugar\u00e1 el cl\u00e1sico por el t\u00edtulo - Gente de B\u00e1squet<\/title>\n<meta name=\"robots\" content=\"index, follow, max-snippet:-1, max-image-preview:large, max-video-preview:-1\" \/>\n<link rel=\"canonical\" href=\"https:\/\/gentedebasquet.com.ar\/sitio\/2025\/12\/16\/el-tricolor-remonto-la-final-y-jugara-el-clasico-por-el-titulo\/\" \/>\n<meta property=\"og:locale\" content=\"es_ES\" \/>\n<meta property=\"og:type\" content=\"article\" \/>\n<meta property=\"og:title\" content=\"El Tricolor remont\u00f3 la final y jugar\u00e1 el cl\u00e1sico por el t\u00edtulo - Gente de B\u00e1squet\" \/>\n<meta property=\"og:description\" content=\"Villa Mitre venci\u00f3 a Pac\u00edfico en el cuarto punto, cerr\u00f3 la serie 3-1 y se adjudic\u00f3 el segundo tramo del campeonato. Ahora definir\u00e1 al campe\u00f3n en una serie al mejor de tres ante Olimpo, el ganador del primer torneo. En el juego definitivo, el \u00abTricolor\u00bb remont\u00f3 una desventaja de 20 puntos, y de 10 en [&hellip;]\" \/>\n<meta property=\"og:url\" content=\"https:\/\/gentedebasquet.com.ar\/sitio\/2025\/12\/16\/el-tricolor-remonto-la-final-y-jugara-el-clasico-por-el-titulo\/\" \/>\n<meta property=\"og:site_name\" content=\"Gente de B\u00e1squet\" \/>\n<meta property=\"article:published_time\" content=\"2025-12-16T04:40:53+00:00\" \/>\n<meta property=\"article:modified_time\" content=\"2025-12-16T04:42:44+00:00\" \/>\n<meta property=\"og:image\" content=\"https:\/\/gentedebasquet.com.ar\/sitio\/wp-content\/uploads\/2025\/12\/WhatsApp-Image-2025-12-16-at-01.39.18.jpeg\" \/>\n\t<meta property=\"og:image:width\" content=\"1280\" \/>\n\t<meta property=\"og:image:height\" content=\"960\" \/>\n\t<meta property=\"og:image:type\" content=\"image\/jpeg\" \/>\n<meta name=\"author\" content=\"Santiago Seisdedos\" \/>\n<meta name=\"twitter:card\" content=\"summary_large_image\" \/>\n<meta name=\"twitter:label1\" content=\"Escrito por\" \/>\n\t<meta name=\"twitter:data1\" content=\"Santiago Seisdedos\" \/>\n\t<meta name=\"twitter:label2\" content=\"Tiempo de lectura\" \/>\n\t<meta name=\"twitter:data2\" content=\"5 minutos\" \/>\n<script type=\"application\/ld+json\" class=\"yoast-schema-graph\">{\"@context\":\"https:\\\/\\\/schema.org\",\"@graph\":[{\"@type\":\"Article\",\"@id\":\"https:\\\/\\\/gentedebasquet.com.ar\\\/sitio\\\/2025\\\/12\\\/16\\\/el-tricolor-remonto-la-final-y-jugara-el-clasico-por-el-titulo\\\/#article\",\"isPartOf\":{\"@id\":\"https:\\\/\\\/gentedebasquet.com.ar\\\/sitio\\\/2025\\\/12\\\/16\\\/el-tricolor-remonto-la-final-y-jugara-el-clasico-por-el-titulo\\\/\"},\"author\":{\"name\":\"Santiago Seisdedos\",\"@id\":\"https:\\\/\\\/gentedebasquet.com.ar\\\/sitio\\\/#\\\/schema\\\/person\\\/3b50d7c801b9529aba70bd4613bca6da\"},\"headline\":\"El Tricolor remont\u00f3 la final y jugar\u00e1 el cl\u00e1sico por el t\u00edtulo\",\"datePublished\":\"2025-12-16T04:40:53+00:00\",\"dateModified\":\"2025-12-16T04:42:44+00:00\",\"mainEntityOfPage\":{\"@id\":\"https:\\\/\\\/gentedebasquet.com.ar\\\/sitio\\\/2025\\\/12\\\/16\\\/el-tricolor-remonto-la-final-y-jugara-el-clasico-por-el-titulo\\\/\"},\"wordCount\":868,\"image\":{\"@id\":\"https:\\\/\\\/gentedebasquet.com.ar\\\/sitio\\\/2025\\\/12\\\/16\\\/el-tricolor-remonto-la-final-y-jugara-el-clasico-por-el-titulo\\\/#primaryimage\"},\"thumbnailUrl\":\"https:\\\/\\\/gentedebasquet.com.ar\\\/sitio\\\/wp-content\\\/uploads\\\/2025\\\/12\\\/WhatsApp-Image-2025-12-16-at-01.39.18.jpeg\",\"keywords\":[\"Federico Harina\",\"Pacifico\",\"Primera\",\"Primera Divisi\u00f3n\",\"Ramiro Heinrich\",\"Villa Mitre\"],\"articleSection\":[\"Primera\",\"Slide\"],\"inLanguage\":\"es\"},{\"@type\":\"WebPage\",\"@id\":\"https:\\\/\\\/gentedebasquet.com.ar\\\/sitio\\\/2025\\\/12\\\/16\\\/el-tricolor-remonto-la-final-y-jugara-el-clasico-por-el-titulo\\\/\",\"url\":\"https:\\\/\\\/gentedebasquet.com.ar\\\/sitio\\\/2025\\\/12\\\/16\\\/el-tricolor-remonto-la-final-y-jugara-el-clasico-por-el-titulo\\\/\",\"name\":\"El Tricolor remont\u00f3 la final y jugar\u00e1 el cl\u00e1sico por el t\u00edtulo - Gente de B\u00e1squet\",\"isPartOf\":{\"@id\":\"https:\\\/\\\/gentedebasquet.com.ar\\\/sitio\\\/#website\"},\"primaryImageOfPage\":{\"@id\":\"https:\\\/\\\/gentedebasquet.com.ar\\\/sitio\\\/2025\\\/12\\\/16\\\/el-tricolor-remonto-la-final-y-jugara-el-clasico-por-el-titulo\\\/#primaryimage\"},\"image\":{\"@id\":\"https:\\\/\\\/gentedebasquet.com.ar\\\/sitio\\\/2025\\\/12\\\/16\\\/el-tricolor-remonto-la-final-y-jugara-el-clasico-por-el-titulo\\\/#primaryimage\"},\"thumbnailUrl\":\"https:\\\/\\\/gentedebasquet.com.ar\\\/sitio\\\/wp-content\\\/uploads\\\/2025\\\/12\\\/WhatsApp-Image-2025-12-16-at-01.39.18.jpeg\",\"datePublished\":\"2025-12-16T04:40:53+00:00\",\"dateModified\":\"2025-12-16T04:42:44+00:00\",\"author\":{\"@id\":\"https:\\\/\\\/gentedebasquet.com.ar\\\/sitio\\\/#\\\/schema\\\/person\\\/3b50d7c801b9529aba70bd4613bca6da\"},\"breadcrumb\":{\"@id\":\"https:\\\/\\\/gentedebasquet.com.ar\\\/sitio\\\/2025\\\/12\\\/16\\\/el-tricolor-remonto-la-final-y-jugara-el-clasico-por-el-titulo\\\/#breadcrumb\"},\"inLanguage\":\"es\",\"potentialAction\":[{\"@type\":\"ReadAction\",\"target\":[\"https:\\\/\\\/gentedebasquet.com.ar\\\/sitio\\\/2025\\\/12\\\/16\\\/el-tricolor-remonto-la-final-y-jugara-el-clasico-por-el-titulo\\\/\"]}]},{\"@type\":\"ImageObject\",\"inLanguage\":\"es\",\"@id\":\"https:\\\/\\\/gentedebasquet.com.ar\\\/sitio\\\/2025\\\/12\\\/16\\\/el-tricolor-remonto-la-final-y-jugara-el-clasico-por-el-titulo\\\/#primaryimage\",\"url\":\"https:\\\/\\\/gentedebasquet.com.ar\\\/sitio\\\/wp-content\\\/uploads\\\/2025\\\/12\\\/WhatsApp-Image-2025-12-16-at-01.39.18.jpeg\",\"contentUrl\":\"https:\\\/\\\/gentedebasquet.com.ar\\\/sitio\\\/wp-content\\\/uploads\\\/2025\\\/12\\\/WhatsApp-Image-2025-12-16-at-01.39.18.jpeg\",\"width\":1280,\"height\":960},{\"@type\":\"BreadcrumbList\",\"@id\":\"https:\\\/\\\/gentedebasquet.com.ar\\\/sitio\\\/2025\\\/12\\\/16\\\/el-tricolor-remonto-la-final-y-jugara-el-clasico-por-el-titulo\\\/#breadcrumb\",\"itemListElement\":[{\"@type\":\"ListItem\",\"position\":1,\"name\":\"Portada\",\"item\":\"https:\\\/\\\/gentedebasquet.com.ar\\\/sitio\\\/\"},{\"@type\":\"ListItem\",\"position\":2,\"name\":\"El Tricolor remont\u00f3 la final y jugar\u00e1 el cl\u00e1sico por el t\u00edtulo\"}]},{\"@type\":\"WebSite\",\"@id\":\"https:\\\/\\\/gentedebasquet.com.ar\\\/sitio\\\/#website\",\"url\":\"https:\\\/\\\/gentedebasquet.com.ar\\\/sitio\\\/\",\"name\":\"Gente de B\u00e1squet\",\"description\":\"La revista del basquet de Bah\u00eda Blanca\",\"potentialAction\":[{\"@type\":\"SearchAction\",\"target\":{\"@type\":\"EntryPoint\",\"urlTemplate\":\"https:\\\/\\\/gentedebasquet.com.ar\\\/sitio\\\/?s={search_term_string}\"},\"query-input\":{\"@type\":\"PropertyValueSpecification\",\"valueRequired\":true,\"valueName\":\"search_term_string\"}}],\"inLanguage\":\"es\"},{\"@type\":\"Person\",\"@id\":\"https:\\\/\\\/gentedebasquet.com.ar\\\/sitio\\\/#\\\/schema\\\/person\\\/3b50d7c801b9529aba70bd4613bca6da\",\"name\":\"Santiago Seisdedos\",\"image\":{\"@type\":\"ImageObject\",\"inLanguage\":\"es\",\"@id\":\"https:\\\/\\\/secure.gravatar.com\\\/avatar\\\/be737e74404eb3825c4679da7a152b3c6980b470f7253114cd451344e20a8d80?s=96&d=mm&r=g\",\"url\":\"https:\\\/\\\/secure.gravatar.com\\\/avatar\\\/be737e74404eb3825c4679da7a152b3c6980b470f7253114cd451344e20a8d80?s=96&d=mm&r=g\",\"contentUrl\":\"https:\\\/\\\/secure.gravatar.com\\\/avatar\\\/be737e74404eb3825c4679da7a152b3c6980b470f7253114cd451344e20a8d80?s=96&d=mm&r=g\",\"caption\":\"Santiago Seisdedos\"},\"url\":\"https:\\\/\\\/gentedebasquet.com.ar\\\/sitio\\\/author\\\/santiago-sesidedos\\\/\"}]}<\/script>\n<!-- \/ Yoast SEO plugin. -->","yoast_head_json":{"title":"El Tricolor remont\u00f3 la final y jugar\u00e1 el cl\u00e1sico por el t\u00edtulo - Gente de B\u00e1squet","robots":{"index":"index","follow":"follow","max-snippet":"max-snippet:-1","max-image-preview":"max-image-preview:large","max-video-preview":"max-video-preview:-1"},"canonical":"https:\/\/gentedebasquet.com.ar\/sitio\/2025\/12\/16\/el-tricolor-remonto-la-final-y-jugara-el-clasico-por-el-titulo\/","og_locale":"es_ES","og_type":"article","og_title":"El Tricolor remont\u00f3 la final y jugar\u00e1 el cl\u00e1sico por el t\u00edtulo - Gente de B\u00e1squet","og_description":"Villa Mitre venci\u00f3 a Pac\u00edfico en el cuarto punto, cerr\u00f3 la serie 3-1 y se adjudic\u00f3 el segundo tramo del campeonato. Ahora definir\u00e1 al campe\u00f3n en una serie al mejor de tres ante Olimpo, el ganador del primer torneo. En el juego definitivo, el \u00abTricolor\u00bb remont\u00f3 una desventaja de 20 puntos, y de 10 en [&hellip;]","og_url":"https:\/\/gentedebasquet.com.ar\/sitio\/2025\/12\/16\/el-tricolor-remonto-la-final-y-jugara-el-clasico-por-el-titulo\/","og_site_name":"Gente de B\u00e1squet","article_published_time":"2025-12-16T04:40:53+00:00","article_modified_time":"2025-12-16T04:42:44+00:00","og_image":[{"width":1280,"height":960,"url":"https:\/\/gentedebasquet.com.ar\/sitio\/wp-content\/uploads\/2025\/12\/WhatsApp-Image-2025-12-16-at-01.39.18.jpeg","type":"image\/jpeg"}],"author":"Santiago Seisdedos","twitter_card":"summary_large_image","twitter_misc":{"Escrito por":"Santiago Seisdedos","Tiempo de lectura":"5 minutos"},"schema":{"@context":"https:\/\/schema.org","@graph":[{"@type":"Article","@id":"https:\/\/gentedebasquet.com.ar\/sitio\/2025\/12\/16\/el-tricolor-remonto-la-final-y-jugara-el-clasico-por-el-titulo\/#article","isPartOf":{"@id":"https:\/\/gentedebasquet.com.ar\/sitio\/2025\/12\/16\/el-tricolor-remonto-la-final-y-jugara-el-clasico-por-el-titulo\/"},"author":{"name":"Santiago Seisdedos","@id":"https:\/\/gentedebasquet.com.ar\/sitio\/#\/schema\/person\/3b50d7c801b9529aba70bd4613bca6da"},"headline":"El Tricolor remont\u00f3 la final y jugar\u00e1 el cl\u00e1sico por el t\u00edtulo","datePublished":"2025-12-16T04:40:53+00:00","dateModified":"2025-12-16T04:42:44+00:00","mainEntityOfPage":{"@id":"https:\/\/gentedebasquet.com.ar\/sitio\/2025\/12\/16\/el-tricolor-remonto-la-final-y-jugara-el-clasico-por-el-titulo\/"},"wordCount":868,"image":{"@id":"https:\/\/gentedebasquet.com.ar\/sitio\/2025\/12\/16\/el-tricolor-remonto-la-final-y-jugara-el-clasico-por-el-titulo\/#primaryimage"},"thumbnailUrl":"https:\/\/gentedebasquet.com.ar\/sitio\/wp-content\/uploads\/2025\/12\/WhatsApp-Image-2025-12-16-at-01.39.18.jpeg","keywords":["Federico Harina","Pacifico","Primera","Primera Divisi\u00f3n","Ramiro Heinrich","Villa Mitre"],"articleSection":["Primera","Slide"],"inLanguage":"es"},{"@type":"WebPage","@id":"https:\/\/gentedebasquet.com.ar\/sitio\/2025\/12\/16\/el-tricolor-remonto-la-final-y-jugara-el-clasico-por-el-titulo\/","url":"https:\/\/gentedebasquet.com.ar\/sitio\/2025\/12\/16\/el-tricolor-remonto-la-final-y-jugara-el-clasico-por-el-titulo\/","name":"El Tricolor remont\u00f3 la final y jugar\u00e1 el cl\u00e1sico por el t\u00edtulo - Gente de B\u00e1squet","isPartOf":{"@id":"https:\/\/gentedebasquet.com.ar\/sitio\/#website"},"primaryImageOfPage":{"@id":"https:\/\/gentedebasquet.com.ar\/sitio\/2025\/12\/16\/el-tricolor-remonto-la-final-y-jugara-el-clasico-por-el-titulo\/#primaryimage"},"image":{"@id":"https:\/\/gentedebasquet.com.ar\/sitio\/2025\/12\/16\/el-tricolor-remonto-la-final-y-jugara-el-clasico-por-el-titulo\/#primaryimage"},"thumbnailUrl":"https:\/\/gentedebasquet.com.ar\/sitio\/wp-content\/uploads\/2025\/12\/WhatsApp-Image-2025-12-16-at-01.39.18.jpeg","datePublished":"2025-12-16T04:40:53+00:00","dateModified":"2025-12-16T04:42:44+00:00","author":{"@id":"https:\/\/gentedebasquet.com.ar\/sitio\/#\/schema\/person\/3b50d7c801b9529aba70bd4613bca6da"},"breadcrumb":{"@id":"https:\/\/gentedebasquet.com.ar\/sitio\/2025\/12\/16\/el-tricolor-remonto-la-final-y-jugara-el-clasico-por-el-titulo\/#breadcrumb"},"inLanguage":"es","potentialAction":[{"@type":"ReadAction","target":["https:\/\/gentedebasquet.com.ar\/sitio\/2025\/12\/16\/el-tricolor-remonto-la-final-y-jugara-el-clasico-por-el-titulo\/"]}]},{"@type":"ImageObject","inLanguage":"es","@id":"https:\/\/gentedebasquet.com.ar\/sitio\/2025\/12\/16\/el-tricolor-remonto-la-final-y-jugara-el-clasico-por-el-titulo\/#primaryimage","url":"https:\/\/gentedebasquet.com.ar\/sitio\/wp-content\/uploads\/2025\/12\/WhatsApp-Image-2025-12-16-at-01.39.18.jpeg","contentUrl":"https:\/\/gentedebasquet.com.ar\/sitio\/wp-content\/uploads\/2025\/12\/WhatsApp-Image-2025-12-16-at-01.39.18.jpeg","width":1280,"height":960},{"@type":"BreadcrumbList","@id":"https:\/\/gentedebasquet.com.ar\/sitio\/2025\/12\/16\/el-tricolor-remonto-la-final-y-jugara-el-clasico-por-el-titulo\/#breadcrumb","itemListElement":[{"@type":"ListItem","position":1,"name":"Portada","item":"https:\/\/gentedebasquet.com.ar\/sitio\/"},{"@type":"ListItem","position":2,"name":"El Tricolor remont\u00f3 la final y jugar\u00e1 el cl\u00e1sico por el t\u00edtulo"}]},{"@type":"WebSite","@id":"https:\/\/gentedebasquet.com.ar\/sitio\/#website","url":"https:\/\/gentedebasquet.com.ar\/sitio\/","name":"Gente de B\u00e1squet","description":"La revista del basquet de Bah\u00eda Blanca","potentialAction":[{"@type":"SearchAction","target":{"@type":"EntryPoint","urlTemplate":"https:\/\/gentedebasquet.com.ar\/sitio\/?s={search_term_string}"},"query-input":{"@type":"PropertyValueSpecification","valueRequired":true,"valueName":"search_term_string"}}],"inLanguage":"es"},{"@type":"Person","@id":"https:\/\/gentedebasquet.com.ar\/sitio\/#\/schema\/person\/3b50d7c801b9529aba70bd4613bca6da","name":"Santiago Seisdedos","image":{"@type":"ImageObject","inLanguage":"es","@id":"https:\/\/secure.gravatar.com\/avatar\/be737e74404eb3825c4679da7a152b3c6980b470f7253114cd451344e20a8d80?s=96&d=mm&r=g","url":"https:\/\/secure.gravatar.com\/avatar\/be737e74404eb3825c4679da7a152b3c6980b470f7253114cd451344e20a8d80?s=96&d=mm&r=g","contentUrl":"https:\/\/secure.gravatar.com\/avatar\/be737e74404eb3825c4679da7a152b3c6980b470f7253114cd451344e20a8d80?s=96&d=mm&r=g","caption":"Santiago Seisdedos"},"url":"https:\/\/gentedebasquet.com.ar\/sitio\/author\/santiago-sesidedos\/"}]}},"_links":{"self":[{"href":"https:\/\/gentedebasquet.com.ar\/sitio\/wp-json\/wp\/v2\/posts\/119772","targetHints":{"allow":["GET"]}}],"collection":[{"href":"https:\/\/gentedebasquet.com.ar\/sitio\/wp-json\/wp\/v2\/posts"}],"about":[{"href":"https:\/\/gentedebasquet.com.ar\/sitio\/wp-json\/wp\/v2\/types\/post"}],"author":[{"embeddable":true,"href":"https:\/\/gentedebasquet.com.ar\/sitio\/wp-json\/wp\/v2\/users\/71"}],"replies":[{"embeddable":true,"href":"https:\/\/gentedebasquet.com.ar\/sitio\/wp-json\/wp\/v2\/comments?post=119772"}],"version-history":[{"count":3,"href":"https:\/\/gentedebasquet.com.ar\/sitio\/wp-json\/wp\/v2\/posts\/119772\/revisions"}],"predecessor-version":[{"id":119779,"href":"https:\/\/gentedebasquet.com.ar\/sitio\/wp-json\/wp\/v2\/posts\/119772\/revisions\/119779"}],"wp:featuredmedia":[{"embeddable":true,"href":"https:\/\/gentedebasquet.com.ar\/sitio\/wp-json\/wp\/v2\/media\/119776"}],"wp:attachment":[{"href":"https:\/\/gentedebasquet.com.ar\/sitio\/wp-json\/wp\/v2\/media?parent=119772"}],"wp:term":[{"taxonomy":"category","embeddable":true,"href":"https:\/\/gentedebasquet.com.ar\/sitio\/wp-json\/wp\/v2\/categories?post=119772"},{"taxonomy":"post_tag","embeddable":true,"href":"https:\/\/gentedebasquet.com.ar\/sitio\/wp-json\/wp\/v2\/tags?post=119772"}],"curies":[{"name":"wp","href":"https:\/\/api.w.org\/{rel}","templated":true}]}}