{"id":120054,"date":"2026-03-10T10:00:00","date_gmt":"2026-03-10T09:00:00","guid":{"rendered":"https:\/\/gentedebasquet.com.ar\/sitio\/?p=120054"},"modified":"2026-03-10T08:25:04","modified_gmt":"2026-03-10T07:25:04","slug":"bahienses-afuera-volumen-2026","status":"publish","type":"post","link":"https:\/\/gentedebasquet.com.ar\/sitio\/2026\/03\/10\/bahienses-afuera-volumen-2026\/","title":{"rendered":"Bahienses Afuera &#8211; Volumen 2026"},"content":{"rendered":"\n<p><strong>\u00a1Volvi\u00f3 la querida y vieja secci\u00f3n de Gente De B\u00e1squet! Algunos que est\u00e1n desde el a\u00f1o pasado y otros que se sumar\u00e1n a partir de hoy. Semana a semana, iremos actualizando las actuaciones de los nuestros que compiten en la \u00e9lite del b\u00e1squetbol nacional.<\/strong><\/p>\n\n\n\n<p><strong>Desglosaremos uno a uno su perfomance en esta semana<\/strong>.<\/p>\n\n\n\n<figure class=\"wp-block-image size-large\"><img decoding=\"async\" width=\"800\" height=\"593\" src=\"https:\/\/gentedebasquet.com.ar\/sitio\/wp-content\/uploads\/2026\/03\/img_1848.jpg\" alt=\"\" class=\"wp-image-120052\" srcset=\"https:\/\/gentedebasquet.com.ar\/sitio\/wp-content\/uploads\/2026\/03\/img_1848.jpg 800w, https:\/\/gentedebasquet.com.ar\/sitio\/wp-content\/uploads\/2026\/03\/img_1848-300x222.jpg 300w, https:\/\/gentedebasquet.com.ar\/sitio\/wp-content\/uploads\/2026\/03\/img_1848-768x569.jpg 768w, https:\/\/gentedebasquet.com.ar\/sitio\/wp-content\/uploads\/2026\/03\/img_1848-750x556.jpg 750w\" sizes=\"(max-width: 800px) 100vw, 800px\" \/><\/figure>\n\n\n\n<p><strong><em>Lucas Faggiano &#8211; Boca Juniors:<\/em><\/strong><\/p>\n\n\n\n<p><strong>El base que tuvo cambio de entrenador en este comienzo de a\u00f1o (Se fue Gonzalo P\u00e9rez y lleg\u00f3 Nicol\u00e1s Casal\u00e1nguida)<\/strong>. Lucas jug\u00f3 ayer por la BCLA (Basketball Champions League Am\u00e9ricas), donde fue triunfo del Xeneize ante Instituto por 74-90 correspondiente al primer punto de los Cuartos de Final. <strong>En el rubro estad\u00edstico cerr\u00f3 con 9 puntos (3\/6t3)<\/strong>. Por la Liga Nacional, <strong>Boca jugar\u00e1 el 17\/3 frente a Pe\u00f1arol.<\/strong><\/p>\n\n\n\n<figure class=\"wp-block-image size-large\"><img decoding=\"async\" width=\"1024\" height=\"683\" src=\"https:\/\/gentedebasquet.com.ar\/sitio\/wp-content\/uploads\/2026\/03\/img_1817-1024x683.jpg\" alt=\"\" class=\"wp-image-120053\" srcset=\"https:\/\/gentedebasquet.com.ar\/sitio\/wp-content\/uploads\/2026\/03\/img_1817-1024x683.jpg 1024w, https:\/\/gentedebasquet.com.ar\/sitio\/wp-content\/uploads\/2026\/03\/img_1817-300x200.jpg 300w, https:\/\/gentedebasquet.com.ar\/sitio\/wp-content\/uploads\/2026\/03\/img_1817-768x512.jpg 768w, https:\/\/gentedebasquet.com.ar\/sitio\/wp-content\/uploads\/2026\/03\/img_1817-1536x1024.jpg 1536w, https:\/\/gentedebasquet.com.ar\/sitio\/wp-content\/uploads\/2026\/03\/img_1817-750x500.jpg 750w, https:\/\/gentedebasquet.com.ar\/sitio\/wp-content\/uploads\/2026\/03\/img_1817-1140x760.jpg 1140w, https:\/\/gentedebasquet.com.ar\/sitio\/wp-content\/uploads\/2026\/03\/img_1817.jpg 1999w\" sizes=\"(max-width: 1024px) 100vw, 1024px\" \/><\/figure>\n\n\n\n<p><strong><em>Jano Martinez &#8211; Ferro Carril Oeste:<\/em><\/strong><\/p>\n\n\n\n<p>Jano est\u00e1 pasando por un buen presente en el equipo de Caballito, quien es el puntero de La Liga con r\u00e9cord de 18-8. <strong>El ex Villa Mitre, sum\u00f3 2 unidades y 4 asistencias en la victoria del \u201cverde\u201d frente a Ol\u00edmpico 69-72.<\/strong> <strong>Ferro volver\u00e1 a jugar hoy ante Racing de Chivilcoy.<\/strong><\/p>\n\n\n\n<figure class=\"wp-block-image size-large\"><img decoding=\"async\" width=\"819\" height=\"673\" src=\"https:\/\/gentedebasquet.com.ar\/sitio\/wp-content\/uploads\/2026\/03\/image-1.jpg\" alt=\"\" class=\"wp-image-120066\" srcset=\"https:\/\/gentedebasquet.com.ar\/sitio\/wp-content\/uploads\/2026\/03\/image-1.jpg 819w, https:\/\/gentedebasquet.com.ar\/sitio\/wp-content\/uploads\/2026\/03\/image-1-300x247.jpg 300w, https:\/\/gentedebasquet.com.ar\/sitio\/wp-content\/uploads\/2026\/03\/image-1-768x631.jpg 768w, https:\/\/gentedebasquet.com.ar\/sitio\/wp-content\/uploads\/2026\/03\/image-1-750x616.jpg 750w\" sizes=\"(max-width: 819px) 100vw, 819px\" \/><\/figure>\n\n\n\n<p><strong><em>Alejo Azpilicueta &#8211; Ober\u00e1 Tenis Club:<\/em><\/strong><\/p>\n\n\n\n<p><strong>El ex Villa Mitre y Bahia Basket, se est\u00e1 asentando mucho m\u00e1s en la rotaci\u00f3n del equipo de Fabio Demti, donde tiene un buen presente<\/strong>. El conjunto misionero marcha en la tercera posici\u00f3n de La Liga con r\u00e9cord de 16-9. <strong>El alero, culmin\u00f3 con 5 unidades y 7 rebotes en el triunfo frente a San Mart\u00edn de Corrientes 73-62. Ober\u00e1 jugar\u00e1 vs Quimsa hoy.<\/strong><\/p>\n\n\n\n<figure class=\"wp-block-image size-large\"><img decoding=\"async\" width=\"682\" height=\"617\" src=\"https:\/\/gentedebasquet.com.ar\/sitio\/wp-content\/uploads\/2026\/03\/image-3.jpg\" alt=\"\" class=\"wp-image-120073\" srcset=\"https:\/\/gentedebasquet.com.ar\/sitio\/wp-content\/uploads\/2026\/03\/image-3.jpg 682w, https:\/\/gentedebasquet.com.ar\/sitio\/wp-content\/uploads\/2026\/03\/image-3-300x271.jpg 300w\" sizes=\"(max-width: 682px) 100vw, 682px\" \/><\/figure>\n\n\n\n<p><strong><em>Federico El\u00edas &#8211; Uni\u00f3n de Santa F\u00e9:<\/em><\/strong><\/p>\n\n\n\n<p>Fede viene sumando minutos en el Tatengue y teniendo mucha participaci\u00f3n en cada partido. Su equipo tiene r\u00e9cord 11-13. <strong>El tirador sum\u00f3 14 minutos en el \u00faltimo partido, con derrota ante Quimsa 74-88. Jugar\u00e1 ma\u00f1ana, frente a La Uni\u00f3n de Formosa.<\/strong><\/p>\n\n\n\n<figure class=\"wp-block-image size-large\"><img decoding=\"async\" width=\"1024\" height=\"623\" src=\"https:\/\/gentedebasquet.com.ar\/sitio\/wp-content\/uploads\/2026\/03\/img_1853-1024x623.jpg\" alt=\"\" class=\"wp-image-120074\" srcset=\"https:\/\/gentedebasquet.com.ar\/sitio\/wp-content\/uploads\/2026\/03\/img_1853-1024x623.jpg 1024w, https:\/\/gentedebasquet.com.ar\/sitio\/wp-content\/uploads\/2026\/03\/img_1853-300x183.jpg 300w, https:\/\/gentedebasquet.com.ar\/sitio\/wp-content\/uploads\/2026\/03\/img_1853-768x467.jpg 768w, https:\/\/gentedebasquet.com.ar\/sitio\/wp-content\/uploads\/2026\/03\/img_1853-750x456.jpg 750w, https:\/\/gentedebasquet.com.ar\/sitio\/wp-content\/uploads\/2026\/03\/img_1853-1140x694.jpg 1140w, https:\/\/gentedebasquet.com.ar\/sitio\/wp-content\/uploads\/2026\/03\/img_1853.jpg 1206w\" sizes=\"(max-width: 1024px) 100vw, 1024px\" \/><\/figure>\n\n\n\n<p><strong><em>Valent\u00edn Forestier &#8211; Ol\u00edmpico de La Banda:<\/em><\/strong><\/p>\n\n\n\n<p>El formado en Alem, <strong>est\u00e1 transitando su&nbsp;segundo a\u00f1o en el equipo de La Banda<\/strong>, que marcha con r\u00e9cord 11-17. <strong>Valen cerr\u00f3 su planilla con 2 puntos en 15 minutos de acci\u00f3n<\/strong>,<strong> en la derrota ante Ferro Carril Oeste 69-72<\/strong>. <strong>Ol\u00edmpico volver\u00e1 a jugar el viernes 13\/3 frente a Ober\u00e1.<\/strong><\/p>\n\n\n\n<figure class=\"wp-block-image size-large\"><img decoding=\"async\" width=\"1024\" height=\"682\" src=\"https:\/\/gentedebasquet.com.ar\/sitio\/wp-content\/uploads\/2026\/03\/6f3dbf56-eefb-435a-8055-00735674b3e1-1024x682.jpg\" class=\"wp-image-120084\" srcset=\"https:\/\/gentedebasquet.com.ar\/sitio\/wp-content\/uploads\/2026\/03\/6f3dbf56-eefb-435a-8055-00735674b3e1-1024x682.jpg 1024w, https:\/\/gentedebasquet.com.ar\/sitio\/wp-content\/uploads\/2026\/03\/6f3dbf56-eefb-435a-8055-00735674b3e1-300x200.jpg 300w, https:\/\/gentedebasquet.com.ar\/sitio\/wp-content\/uploads\/2026\/03\/6f3dbf56-eefb-435a-8055-00735674b3e1-768x512.jpg 768w, https:\/\/gentedebasquet.com.ar\/sitio\/wp-content\/uploads\/2026\/03\/6f3dbf56-eefb-435a-8055-00735674b3e1-1536x1023.jpg 1536w, https:\/\/gentedebasquet.com.ar\/sitio\/wp-content\/uploads\/2026\/03\/6f3dbf56-eefb-435a-8055-00735674b3e1-750x500.jpg 750w, https:\/\/gentedebasquet.com.ar\/sitio\/wp-content\/uploads\/2026\/03\/6f3dbf56-eefb-435a-8055-00735674b3e1-1140x760.jpg 1140w, https:\/\/gentedebasquet.com.ar\/sitio\/wp-content\/uploads\/2026\/03\/6f3dbf56-eefb-435a-8055-00735674b3e1.jpg 1600w\" sizes=\"(max-width: 1024px) 100vw, 1024px\" \/><\/figure>\n\n\n\n<p><strong><em>Valent\u00edn Duvanced &#8211; Independiente de Oliva:<\/em><\/strong><\/p>\n\n\n\n<p><strong>El Ala-P\u00edvot, va por su segunda temporada en el equipo cordob\u00e9s<\/strong>, que va escolta de Ferro en la tabla de posiciones, con r\u00e9cord 17-9. <strong>El ex Estudiantes cerr\u00f3 una buena planilla en cuanto a n\u00fameros, 13 puntos y 5 cristales. Independiente se medir\u00e1 ante Regatas de Corrientes el jueves 12\/3.<\/strong><\/p>\n\n\n\n<figure class=\"wp-block-image size-large\"><img decoding=\"async\" width=\"1024\" height=\"683\" src=\"https:\/\/gentedebasquet.com.ar\/sitio\/wp-content\/uploads\/2026\/03\/img_1397-1024x683.jpg\" alt=\"\" class=\"wp-image-120076\" srcset=\"https:\/\/gentedebasquet.com.ar\/sitio\/wp-content\/uploads\/2026\/03\/img_1397-1024x683.jpg 1024w, https:\/\/gentedebasquet.com.ar\/sitio\/wp-content\/uploads\/2026\/03\/img_1397-300x200.jpg 300w, https:\/\/gentedebasquet.com.ar\/sitio\/wp-content\/uploads\/2026\/03\/img_1397-768x512.jpg 768w, https:\/\/gentedebasquet.com.ar\/sitio\/wp-content\/uploads\/2026\/03\/img_1397-1536x1024.jpg 1536w, https:\/\/gentedebasquet.com.ar\/sitio\/wp-content\/uploads\/2026\/03\/img_1397-750x500.jpg 750w, https:\/\/gentedebasquet.com.ar\/sitio\/wp-content\/uploads\/2026\/03\/img_1397-1140x760.jpg 1140w, https:\/\/gentedebasquet.com.ar\/sitio\/wp-content\/uploads\/2026\/03\/img_1397.jpg 1999w\" sizes=\"(max-width: 1024px) 100vw, 1024px\" \/><\/figure>\n\n\n\n<p><strong><em>Fausto Ruesga &#8211; Quimsa de Santiago del Estero:<\/em><\/strong><\/p>\n\n\n\n<p><strong>Despu\u00e9s de su gran a\u00f1o con Olimpo donde fue la gran figura, Fausto cerr\u00f3 su llegada a Quimsa a mediados de Enero, en reemplazo de Nicol\u00e1s Romano<\/strong>. Tambi\u00e9n vio un cambio de entrenador ya que Leandro Ramella no continu\u00f3 como DT de la fusi\u00f3n, lleg\u00f3 Lucas Victoriano para suceder a Ramella. Fausto fue acopl\u00e1ndose de menos a m\u00e1s, donde empez\u00f3 a tener m\u00e1s tiempo de juego. <strong>El alero cerr\u00f3 con 9 puntos y 5 rebotes en la victoria del equipo santiague\u00f1o sobre Ferro 115-73. Jugar\u00e1 ma\u00f1ana ante Ober\u00e1.<\/strong><\/p>\n\n\n\n<p><\/p>\n\n\n\n<p><strong>Para cerrar, vamos a repasar a los j\u00f3venes bahienses que est\u00e1n distribuidos por varios equipos de la Liga, alternando entre Liga Nacional y Liga Pr\u00f3ximo (ex Liga de Desarrollo).<\/strong><\/p>\n\n\n\n<figure class=\"wp-block-image size-large\"><img decoding=\"async\" width=\"858\" height=\"615\" src=\"https:\/\/gentedebasquet.com.ar\/sitio\/wp-content\/uploads\/2026\/03\/image-4.jpg\" alt=\"\" class=\"wp-image-120078\" srcset=\"https:\/\/gentedebasquet.com.ar\/sitio\/wp-content\/uploads\/2026\/03\/image-4.jpg 858w, https:\/\/gentedebasquet.com.ar\/sitio\/wp-content\/uploads\/2026\/03\/image-4-300x215.jpg 300w, https:\/\/gentedebasquet.com.ar\/sitio\/wp-content\/uploads\/2026\/03\/image-4-768x550.jpg 768w, https:\/\/gentedebasquet.com.ar\/sitio\/wp-content\/uploads\/2026\/03\/image-4-120x86.jpg 120w, https:\/\/gentedebasquet.com.ar\/sitio\/wp-content\/uploads\/2026\/03\/image-4-350x250.jpg 350w, https:\/\/gentedebasquet.com.ar\/sitio\/wp-content\/uploads\/2026\/03\/image-4-750x538.jpg 750w\" sizes=\"(max-width: 858px) 100vw, 858px\" \/><\/figure>\n\n\n\n<p><strong><em>Enzo Roth &#8211; Quimsa de Santiago del Estero:<\/em><\/strong><\/p>\n\n\n\n<p><strong>El chico surgido de la cantera de Napost\u00e1 arrib\u00f3 a Quimsa a principios de Febrero. Debut\u00f3 con el equipo de Santiago del Estero frente a Ferro por La Liga Pr\u00f3ximo donde aport\u00f3 10 puntos en la ca\u00edda por 75-81.<\/strong><\/p>\n\n\n\n<figure class=\"wp-block-image size-large\"><img decoding=\"async\" width=\"1024\" height=\"588\" src=\"https:\/\/gentedebasquet.com.ar\/sitio\/wp-content\/uploads\/2026\/03\/img_1842-1024x588.jpg\" alt=\"\" class=\"wp-image-120079\" srcset=\"https:\/\/gentedebasquet.com.ar\/sitio\/wp-content\/uploads\/2026\/03\/img_1842-1024x588.jpg 1024w, https:\/\/gentedebasquet.com.ar\/sitio\/wp-content\/uploads\/2026\/03\/img_1842-300x172.jpg 300w, https:\/\/gentedebasquet.com.ar\/sitio\/wp-content\/uploads\/2026\/03\/img_1842-768x441.jpg 768w, https:\/\/gentedebasquet.com.ar\/sitio\/wp-content\/uploads\/2026\/03\/img_1842-750x431.jpg 750w, https:\/\/gentedebasquet.com.ar\/sitio\/wp-content\/uploads\/2026\/03\/img_1842-1140x655.jpg 1140w, https:\/\/gentedebasquet.com.ar\/sitio\/wp-content\/uploads\/2026\/03\/img_1842.jpg 1166w\" sizes=\"(max-width: 1024px) 100vw, 1024px\" \/><\/figure>\n\n\n\n<p><strong><em>Ulises Martorell &#8211; Ferro Carril Oeste:<\/em><\/strong><\/p>\n\n\n\n<p><strong>Ulises culmin\u00f3 con una s\u00f3lida presentaci\u00f3n en la Liga Pr\u00f3ximo (ex Liga de Desarrollo), aportando 12 puntos y 9 recobres, donde el equipo juvenil del verdolaga logr\u00f3 el triunfo frente a Racing (Chivilcoy), 79-75.<\/strong><\/p>\n\n\n\n<figure class=\"wp-block-image size-large\"><img decoding=\"async\" width=\"1024\" height=\"572\" src=\"https:\/\/gentedebasquet.com.ar\/sitio\/wp-content\/uploads\/2026\/03\/img_1854-1024x572.jpg\" alt=\"\" class=\"wp-image-120081\" srcset=\"https:\/\/gentedebasquet.com.ar\/sitio\/wp-content\/uploads\/2026\/03\/img_1854-1024x572.jpg 1024w, https:\/\/gentedebasquet.com.ar\/sitio\/wp-content\/uploads\/2026\/03\/img_1854-300x168.jpg 300w, https:\/\/gentedebasquet.com.ar\/sitio\/wp-content\/uploads\/2026\/03\/img_1854-768x429.jpg 768w, https:\/\/gentedebasquet.com.ar\/sitio\/wp-content\/uploads\/2026\/03\/img_1854-750x419.jpg 750w, https:\/\/gentedebasquet.com.ar\/sitio\/wp-content\/uploads\/2026\/03\/img_1854-1140x637.jpg 1140w, https:\/\/gentedebasquet.com.ar\/sitio\/wp-content\/uploads\/2026\/03\/img_1854.jpg 1200w\" sizes=\"(max-width: 1024px) 100vw, 1024px\" \/><\/figure>\n\n\n\n<p><strong>Cerramos el repaso con Albano Costa &#8211; Ober\u00e1 Tenis Club. El ex 9 de Julio, cerr\u00f3 con 32 puntos y 9 rebotes, ante San Mart\u00edn de Corrientes, con marcador 96-87 para Ober\u00e1.<\/strong><\/p>\n\n\n\n<p><\/p>\n\n\n\n<p><strong>As\u00ed cerramos la primera columna del a\u00f1o. La semana pr\u00f3xima volveremos a repasar la actuaci\u00f3n de los jugadores de nuestra ciudad en la Liga Nacional y la Liga Argentina.<\/strong><\/p>\n","protected":false},"excerpt":{"rendered":"<p>\u00a1Volvi\u00f3 la querida y vieja secci\u00f3n de Gente De B\u00e1squet! Algunos que est\u00e1n desde el a\u00f1o pasado y otros que se sumar\u00e1n a partir de hoy. Semana a semana, iremos actualizando las actuaciones de los nuestros que compiten en la \u00e9lite del b\u00e1squetbol nacional. Desglosaremos uno a uno su perfomance en esta semana. Lucas Faggiano [&hellip;]<\/p>\n","protected":false},"author":82,"featured_media":120085,"comment_status":"closed","ping_status":"open","sticky":false,"template":"","format":"standard","meta":{"jnews-multi-image_gallery":[],"jnews_single_post":[],"jnews_primary_category":[],"footnotes":""},"categories":[34,101],"tags":[1907,1765,1142,1085,1394,80,1655,1436],"class_list":["post-120054","post","type-post","status-publish","format-standard","has-post-thumbnail","hentry","category-bahienses-afuera","category-slide","tag-albano-costa","tag-alejo-azpilicueta","tag-fausto-ruesga","tag-federico-elias","tag-jano-martinez","tag-lucas-faggiano","tag-valentin-duvanced","tag-valentin-forestier"],"yoast_head":"<!-- This site is optimized with the Yoast SEO plugin v27.5 - https:\/\/yoast.com\/product\/yoast-seo-wordpress\/ -->\n<title>Bahienses Afuera - Volumen 2026 - Gente de B\u00e1squet<\/title>\n<meta name=\"robots\" content=\"index, follow, max-snippet:-1, max-image-preview:large, max-video-preview:-1\" \/>\n<link rel=\"canonical\" href=\"https:\/\/gentedebasquet.com.ar\/sitio\/2026\/03\/10\/bahienses-afuera-volumen-2026\/\" \/>\n<meta property=\"og:locale\" content=\"es_ES\" \/>\n<meta property=\"og:type\" content=\"article\" \/>\n<meta property=\"og:title\" content=\"Bahienses Afuera - Volumen 2026 - Gente de B\u00e1squet\" \/>\n<meta property=\"og:description\" content=\"\u00a1Volvi\u00f3 la querida y vieja secci\u00f3n de Gente De B\u00e1squet! Algunos que est\u00e1n desde el a\u00f1o pasado y otros que se sumar\u00e1n a partir de hoy. Semana a semana, iremos actualizando las actuaciones de los nuestros que compiten en la \u00e9lite del b\u00e1squetbol nacional. Desglosaremos uno a uno su perfomance en esta semana. Lucas Faggiano [&hellip;]\" \/>\n<meta property=\"og:url\" content=\"https:\/\/gentedebasquet.com.ar\/sitio\/2026\/03\/10\/bahienses-afuera-volumen-2026\/\" \/>\n<meta property=\"og:site_name\" content=\"Gente de B\u00e1squet\" \/>\n<meta property=\"article:published_time\" content=\"2026-03-10T09:00:00+00:00\" \/>\n<meta property=\"og:image\" content=\"https:\/\/gentedebasquet.com.ar\/sitio\/wp-content\/uploads\/2026\/03\/ab6d5b11-4560-4577-a8ba-a183fc8031fb-2.jpg\" \/>\n\t<meta property=\"og:image:width\" content=\"1320\" \/>\n\t<meta property=\"og:image:height\" content=\"880\" \/>\n\t<meta property=\"og:image:type\" content=\"image\/jpeg\" \/>\n<meta name=\"author\" content=\"Manuel Lacerenza\" \/>\n<meta name=\"twitter:card\" content=\"summary_large_image\" \/>\n<meta name=\"twitter:label1\" content=\"Escrito por\" \/>\n\t<meta name=\"twitter:data1\" content=\"Manuel Lacerenza\" \/>\n\t<meta name=\"twitter:label2\" content=\"Tiempo de lectura\" \/>\n\t<meta name=\"twitter:data2\" content=\"4 minutos\" \/>\n<script type=\"application\/ld+json\" class=\"yoast-schema-graph\">{\"@context\":\"https:\\\/\\\/schema.org\",\"@graph\":[{\"@type\":\"Article\",\"@id\":\"https:\\\/\\\/gentedebasquet.com.ar\\\/sitio\\\/2026\\\/03\\\/10\\\/bahienses-afuera-volumen-2026\\\/#article\",\"isPartOf\":{\"@id\":\"https:\\\/\\\/gentedebasquet.com.ar\\\/sitio\\\/2026\\\/03\\\/10\\\/bahienses-afuera-volumen-2026\\\/\"},\"author\":{\"name\":\"Manuel Lacerenza\",\"@id\":\"https:\\\/\\\/gentedebasquet.com.ar\\\/sitio\\\/#\\\/schema\\\/person\\\/643357fb6a37b5549c9cfe9f339c9f1b\"},\"headline\":\"Bahienses Afuera &#8211; Volumen 2026\",\"datePublished\":\"2026-03-10T09:00:00+00:00\",\"mainEntityOfPage\":{\"@id\":\"https:\\\/\\\/gentedebasquet.com.ar\\\/sitio\\\/2026\\\/03\\\/10\\\/bahienses-afuera-volumen-2026\\\/\"},\"wordCount\":730,\"image\":{\"@id\":\"https:\\\/\\\/gentedebasquet.com.ar\\\/sitio\\\/2026\\\/03\\\/10\\\/bahienses-afuera-volumen-2026\\\/#primaryimage\"},\"thumbnailUrl\":\"https:\\\/\\\/gentedebasquet.com.ar\\\/sitio\\\/wp-content\\\/uploads\\\/2026\\\/03\\\/ab6d5b11-4560-4577-a8ba-a183fc8031fb-2.jpg\",\"keywords\":[\"Albano Costa\",\"Alejo Azpilicueta\",\"Fausto Ruesga\",\"Federico El\u00edas\",\"Jano Mart\u00ednez\",\"Lucas Faggiano\",\"Valentin Duvanced\",\"Valent\u00edn Forestier\"],\"articleSection\":[\"Bahienses Afuera\",\"Slide\"],\"inLanguage\":\"es\"},{\"@type\":\"WebPage\",\"@id\":\"https:\\\/\\\/gentedebasquet.com.ar\\\/sitio\\\/2026\\\/03\\\/10\\\/bahienses-afuera-volumen-2026\\\/\",\"url\":\"https:\\\/\\\/gentedebasquet.com.ar\\\/sitio\\\/2026\\\/03\\\/10\\\/bahienses-afuera-volumen-2026\\\/\",\"name\":\"Bahienses Afuera - Volumen 2026 - Gente de B\u00e1squet\",\"isPartOf\":{\"@id\":\"https:\\\/\\\/gentedebasquet.com.ar\\\/sitio\\\/#website\"},\"primaryImageOfPage\":{\"@id\":\"https:\\\/\\\/gentedebasquet.com.ar\\\/sitio\\\/2026\\\/03\\\/10\\\/bahienses-afuera-volumen-2026\\\/#primaryimage\"},\"image\":{\"@id\":\"https:\\\/\\\/gentedebasquet.com.ar\\\/sitio\\\/2026\\\/03\\\/10\\\/bahienses-afuera-volumen-2026\\\/#primaryimage\"},\"thumbnailUrl\":\"https:\\\/\\\/gentedebasquet.com.ar\\\/sitio\\\/wp-content\\\/uploads\\\/2026\\\/03\\\/ab6d5b11-4560-4577-a8ba-a183fc8031fb-2.jpg\",\"datePublished\":\"2026-03-10T09:00:00+00:00\",\"author\":{\"@id\":\"https:\\\/\\\/gentedebasquet.com.ar\\\/sitio\\\/#\\\/schema\\\/person\\\/643357fb6a37b5549c9cfe9f339c9f1b\"},\"breadcrumb\":{\"@id\":\"https:\\\/\\\/gentedebasquet.com.ar\\\/sitio\\\/2026\\\/03\\\/10\\\/bahienses-afuera-volumen-2026\\\/#breadcrumb\"},\"inLanguage\":\"es\",\"potentialAction\":[{\"@type\":\"ReadAction\",\"target\":[\"https:\\\/\\\/gentedebasquet.com.ar\\\/sitio\\\/2026\\\/03\\\/10\\\/bahienses-afuera-volumen-2026\\\/\"]}]},{\"@type\":\"ImageObject\",\"inLanguage\":\"es\",\"@id\":\"https:\\\/\\\/gentedebasquet.com.ar\\\/sitio\\\/2026\\\/03\\\/10\\\/bahienses-afuera-volumen-2026\\\/#primaryimage\",\"url\":\"https:\\\/\\\/gentedebasquet.com.ar\\\/sitio\\\/wp-content\\\/uploads\\\/2026\\\/03\\\/ab6d5b11-4560-4577-a8ba-a183fc8031fb-2.jpg\",\"contentUrl\":\"https:\\\/\\\/gentedebasquet.com.ar\\\/sitio\\\/wp-content\\\/uploads\\\/2026\\\/03\\\/ab6d5b11-4560-4577-a8ba-a183fc8031fb-2.jpg\",\"width\":1320,\"height\":880},{\"@type\":\"BreadcrumbList\",\"@id\":\"https:\\\/\\\/gentedebasquet.com.ar\\\/sitio\\\/2026\\\/03\\\/10\\\/bahienses-afuera-volumen-2026\\\/#breadcrumb\",\"itemListElement\":[{\"@type\":\"ListItem\",\"position\":1,\"name\":\"Portada\",\"item\":\"https:\\\/\\\/gentedebasquet.com.ar\\\/sitio\\\/\"},{\"@type\":\"ListItem\",\"position\":2,\"name\":\"Bahienses Afuera &#8211; Volumen 2026\"}]},{\"@type\":\"WebSite\",\"@id\":\"https:\\\/\\\/gentedebasquet.com.ar\\\/sitio\\\/#website\",\"url\":\"https:\\\/\\\/gentedebasquet.com.ar\\\/sitio\\\/\",\"name\":\"Gente de B\u00e1squet\",\"description\":\"La revista del basquet de Bah\u00eda Blanca\",\"potentialAction\":[{\"@type\":\"SearchAction\",\"target\":{\"@type\":\"EntryPoint\",\"urlTemplate\":\"https:\\\/\\\/gentedebasquet.com.ar\\\/sitio\\\/?s={search_term_string}\"},\"query-input\":{\"@type\":\"PropertyValueSpecification\",\"valueRequired\":true,\"valueName\":\"search_term_string\"}}],\"inLanguage\":\"es\"},{\"@type\":\"Person\",\"@id\":\"https:\\\/\\\/gentedebasquet.com.ar\\\/sitio\\\/#\\\/schema\\\/person\\\/643357fb6a37b5549c9cfe9f339c9f1b\",\"name\":\"Manuel Lacerenza\",\"image\":{\"@type\":\"ImageObject\",\"inLanguage\":\"es\",\"@id\":\"https:\\\/\\\/secure.gravatar.com\\\/avatar\\\/6a427d587bd181ca8afd828e8cf364f233c5cbe5b8a1332b92ea42687ad97845?s=96&d=mm&r=g\",\"url\":\"https:\\\/\\\/secure.gravatar.com\\\/avatar\\\/6a427d587bd181ca8afd828e8cf364f233c5cbe5b8a1332b92ea42687ad97845?s=96&d=mm&r=g\",\"contentUrl\":\"https:\\\/\\\/secure.gravatar.com\\\/avatar\\\/6a427d587bd181ca8afd828e8cf364f233c5cbe5b8a1332b92ea42687ad97845?s=96&d=mm&r=g\",\"caption\":\"Manuel Lacerenza\"},\"url\":\"https:\\\/\\\/gentedebasquet.com.ar\\\/sitio\\\/author\\\/manuel\\\/\"}]}<\/script>\n<!-- \/ Yoast SEO plugin. -->","yoast_head_json":{"title":"Bahienses Afuera - Volumen 2026 - Gente de B\u00e1squet","robots":{"index":"index","follow":"follow","max-snippet":"max-snippet:-1","max-image-preview":"max-image-preview:large","max-video-preview":"max-video-preview:-1"},"canonical":"https:\/\/gentedebasquet.com.ar\/sitio\/2026\/03\/10\/bahienses-afuera-volumen-2026\/","og_locale":"es_ES","og_type":"article","og_title":"Bahienses Afuera - Volumen 2026 - Gente de B\u00e1squet","og_description":"\u00a1Volvi\u00f3 la querida y vieja secci\u00f3n de Gente De B\u00e1squet! Algunos que est\u00e1n desde el a\u00f1o pasado y otros que se sumar\u00e1n a partir de hoy. Semana a semana, iremos actualizando las actuaciones de los nuestros que compiten en la \u00e9lite del b\u00e1squetbol nacional. Desglosaremos uno a uno su perfomance en esta semana. Lucas Faggiano [&hellip;]","og_url":"https:\/\/gentedebasquet.com.ar\/sitio\/2026\/03\/10\/bahienses-afuera-volumen-2026\/","og_site_name":"Gente de B\u00e1squet","article_published_time":"2026-03-10T09:00:00+00:00","og_image":[{"width":1320,"height":880,"url":"https:\/\/gentedebasquet.com.ar\/sitio\/wp-content\/uploads\/2026\/03\/ab6d5b11-4560-4577-a8ba-a183fc8031fb-2.jpg","type":"image\/jpeg"}],"author":"Manuel Lacerenza","twitter_card":"summary_large_image","twitter_misc":{"Escrito por":"Manuel Lacerenza","Tiempo de lectura":"4 minutos"},"schema":{"@context":"https:\/\/schema.org","@graph":[{"@type":"Article","@id":"https:\/\/gentedebasquet.com.ar\/sitio\/2026\/03\/10\/bahienses-afuera-volumen-2026\/#article","isPartOf":{"@id":"https:\/\/gentedebasquet.com.ar\/sitio\/2026\/03\/10\/bahienses-afuera-volumen-2026\/"},"author":{"name":"Manuel Lacerenza","@id":"https:\/\/gentedebasquet.com.ar\/sitio\/#\/schema\/person\/643357fb6a37b5549c9cfe9f339c9f1b"},"headline":"Bahienses Afuera &#8211; Volumen 2026","datePublished":"2026-03-10T09:00:00+00:00","mainEntityOfPage":{"@id":"https:\/\/gentedebasquet.com.ar\/sitio\/2026\/03\/10\/bahienses-afuera-volumen-2026\/"},"wordCount":730,"image":{"@id":"https:\/\/gentedebasquet.com.ar\/sitio\/2026\/03\/10\/bahienses-afuera-volumen-2026\/#primaryimage"},"thumbnailUrl":"https:\/\/gentedebasquet.com.ar\/sitio\/wp-content\/uploads\/2026\/03\/ab6d5b11-4560-4577-a8ba-a183fc8031fb-2.jpg","keywords":["Albano Costa","Alejo Azpilicueta","Fausto Ruesga","Federico El\u00edas","Jano Mart\u00ednez","Lucas Faggiano","Valentin Duvanced","Valent\u00edn Forestier"],"articleSection":["Bahienses Afuera","Slide"],"inLanguage":"es"},{"@type":"WebPage","@id":"https:\/\/gentedebasquet.com.ar\/sitio\/2026\/03\/10\/bahienses-afuera-volumen-2026\/","url":"https:\/\/gentedebasquet.com.ar\/sitio\/2026\/03\/10\/bahienses-afuera-volumen-2026\/","name":"Bahienses Afuera - Volumen 2026 - Gente de B\u00e1squet","isPartOf":{"@id":"https:\/\/gentedebasquet.com.ar\/sitio\/#website"},"primaryImageOfPage":{"@id":"https:\/\/gentedebasquet.com.ar\/sitio\/2026\/03\/10\/bahienses-afuera-volumen-2026\/#primaryimage"},"image":{"@id":"https:\/\/gentedebasquet.com.ar\/sitio\/2026\/03\/10\/bahienses-afuera-volumen-2026\/#primaryimage"},"thumbnailUrl":"https:\/\/gentedebasquet.com.ar\/sitio\/wp-content\/uploads\/2026\/03\/ab6d5b11-4560-4577-a8ba-a183fc8031fb-2.jpg","datePublished":"2026-03-10T09:00:00+00:00","author":{"@id":"https:\/\/gentedebasquet.com.ar\/sitio\/#\/schema\/person\/643357fb6a37b5549c9cfe9f339c9f1b"},"breadcrumb":{"@id":"https:\/\/gentedebasquet.com.ar\/sitio\/2026\/03\/10\/bahienses-afuera-volumen-2026\/#breadcrumb"},"inLanguage":"es","potentialAction":[{"@type":"ReadAction","target":["https:\/\/gentedebasquet.com.ar\/sitio\/2026\/03\/10\/bahienses-afuera-volumen-2026\/"]}]},{"@type":"ImageObject","inLanguage":"es","@id":"https:\/\/gentedebasquet.com.ar\/sitio\/2026\/03\/10\/bahienses-afuera-volumen-2026\/#primaryimage","url":"https:\/\/gentedebasquet.com.ar\/sitio\/wp-content\/uploads\/2026\/03\/ab6d5b11-4560-4577-a8ba-a183fc8031fb-2.jpg","contentUrl":"https:\/\/gentedebasquet.com.ar\/sitio\/wp-content\/uploads\/2026\/03\/ab6d5b11-4560-4577-a8ba-a183fc8031fb-2.jpg","width":1320,"height":880},{"@type":"BreadcrumbList","@id":"https:\/\/gentedebasquet.com.ar\/sitio\/2026\/03\/10\/bahienses-afuera-volumen-2026\/#breadcrumb","itemListElement":[{"@type":"ListItem","position":1,"name":"Portada","item":"https:\/\/gentedebasquet.com.ar\/sitio\/"},{"@type":"ListItem","position":2,"name":"Bahienses Afuera &#8211; Volumen 2026"}]},{"@type":"WebSite","@id":"https:\/\/gentedebasquet.com.ar\/sitio\/#website","url":"https:\/\/gentedebasquet.com.ar\/sitio\/","name":"Gente de B\u00e1squet","description":"La revista del basquet de Bah\u00eda Blanca","potentialAction":[{"@type":"SearchAction","target":{"@type":"EntryPoint","urlTemplate":"https:\/\/gentedebasquet.com.ar\/sitio\/?s={search_term_string}"},"query-input":{"@type":"PropertyValueSpecification","valueRequired":true,"valueName":"search_term_string"}}],"inLanguage":"es"},{"@type":"Person","@id":"https:\/\/gentedebasquet.com.ar\/sitio\/#\/schema\/person\/643357fb6a37b5549c9cfe9f339c9f1b","name":"Manuel Lacerenza","image":{"@type":"ImageObject","inLanguage":"es","@id":"https:\/\/secure.gravatar.com\/avatar\/6a427d587bd181ca8afd828e8cf364f233c5cbe5b8a1332b92ea42687ad97845?s=96&d=mm&r=g","url":"https:\/\/secure.gravatar.com\/avatar\/6a427d587bd181ca8afd828e8cf364f233c5cbe5b8a1332b92ea42687ad97845?s=96&d=mm&r=g","contentUrl":"https:\/\/secure.gravatar.com\/avatar\/6a427d587bd181ca8afd828e8cf364f233c5cbe5b8a1332b92ea42687ad97845?s=96&d=mm&r=g","caption":"Manuel Lacerenza"},"url":"https:\/\/gentedebasquet.com.ar\/sitio\/author\/manuel\/"}]}},"_links":{"self":[{"href":"https:\/\/gentedebasquet.com.ar\/sitio\/wp-json\/wp\/v2\/posts\/120054","targetHints":{"allow":["GET"]}}],"collection":[{"href":"https:\/\/gentedebasquet.com.ar\/sitio\/wp-json\/wp\/v2\/posts"}],"about":[{"href":"https:\/\/gentedebasquet.com.ar\/sitio\/wp-json\/wp\/v2\/types\/post"}],"author":[{"embeddable":true,"href":"https:\/\/gentedebasquet.com.ar\/sitio\/wp-json\/wp\/v2\/users\/82"}],"replies":[{"embeddable":true,"href":"https:\/\/gentedebasquet.com.ar\/sitio\/wp-json\/wp\/v2\/comments?post=120054"}],"version-history":[{"count":11,"href":"https:\/\/gentedebasquet.com.ar\/sitio\/wp-json\/wp\/v2\/posts\/120054\/revisions"}],"predecessor-version":[{"id":120086,"href":"https:\/\/gentedebasquet.com.ar\/sitio\/wp-json\/wp\/v2\/posts\/120054\/revisions\/120086"}],"wp:featuredmedia":[{"embeddable":true,"href":"https:\/\/gentedebasquet.com.ar\/sitio\/wp-json\/wp\/v2\/media\/120085"}],"wp:attachment":[{"href":"https:\/\/gentedebasquet.com.ar\/sitio\/wp-json\/wp\/v2\/media?parent=120054"}],"wp:term":[{"taxonomy":"category","embeddable":true,"href":"https:\/\/gentedebasquet.com.ar\/sitio\/wp-json\/wp\/v2\/categories?post=120054"},{"taxonomy":"post_tag","embeddable":true,"href":"https:\/\/gentedebasquet.com.ar\/sitio\/wp-json\/wp\/v2\/tags?post=120054"}],"curies":[{"name":"wp","href":"https:\/\/api.w.org\/{rel}","templated":true}]}}