{"id":120103,"date":"2026-03-13T16:16:00","date_gmt":"2026-03-13T15:16:00","guid":{"rendered":"https:\/\/gentedebasquet.com.ar\/sitio\/?p=120103"},"modified":"2026-03-14T15:52:19","modified_gmt":"2026-03-14T14:52:19","slug":"bahienses-afuera-vol-ii","status":"publish","type":"post","link":"https:\/\/gentedebasquet.com.ar\/sitio\/2026\/03\/13\/bahienses-afuera-vol-ii\/","title":{"rendered":"Bahienses Afuera &#8211; Vol. II"},"content":{"rendered":"\n<p><strong>La segunda secci\u00f3n de esta columna, contar\u00e1 con los nuestros que nos representan en la segunda categor\u00eda del b\u00e1squetbol nacional, m\u00e1s los que est\u00e1n en Italia y un bonus track \u00a1imperdible!.<\/strong><\/p>\n\n\n\n<p><strong>Comenzamos el recorrido con los que se desempe\u00f1an en Liga Argentina.<\/strong><\/p>\n\n\n\n<figure class=\"wp-block-image size-large\"><img decoding=\"async\" width=\"682\" height=\"491\" src=\"https:\/\/gentedebasquet.com.ar\/sitio\/wp-content\/uploads\/2026\/03\/image-5.jpg\" alt=\"\" class=\"wp-image-120088\" srcset=\"https:\/\/gentedebasquet.com.ar\/sitio\/wp-content\/uploads\/2026\/03\/image-5.jpg 682w, https:\/\/gentedebasquet.com.ar\/sitio\/wp-content\/uploads\/2026\/03\/image-5-300x216.jpg 300w, https:\/\/gentedebasquet.com.ar\/sitio\/wp-content\/uploads\/2026\/03\/image-5-120x86.jpg 120w\" sizes=\"(max-width: 682px) 100vw, 682px\" \/><\/figure>\n\n\n\n<p><strong><em>Juan Cruz Marini &#8211; Jujuy Basquet:<\/em><\/strong> <\/p>\n\n\n\n<p><strong>El formado en Pacifico y con experiencia en Liga Nacional, est\u00e1 actualmente en el conjunto juje\u00f1o. Juan, cerr\u00f3 con 20 minutos de juego, m\u00e1s 5 unidades (1\/1t3) y 2 recobres, en el triunfo de Jujuy B\u00e1squet ante Santa Paula 64-62<\/strong>. El equipo de la ciudad de la bota se medir\u00e1 ante San Isidro, ma\u00f1ana.<\/p>\n\n\n\n<figure class=\"wp-block-image size-large\"><img decoding=\"async\" width=\"473\" height=\"468\" src=\"https:\/\/gentedebasquet.com.ar\/sitio\/wp-content\/uploads\/2026\/03\/image-1-1.jpg\" alt=\"\" class=\"wp-image-120090\" srcset=\"https:\/\/gentedebasquet.com.ar\/sitio\/wp-content\/uploads\/2026\/03\/image-1-1.jpg 473w, https:\/\/gentedebasquet.com.ar\/sitio\/wp-content\/uploads\/2026\/03\/image-1-1-300x297.jpg 300w, https:\/\/gentedebasquet.com.ar\/sitio\/wp-content\/uploads\/2026\/03\/image-1-1-75x75.jpg 75w\" sizes=\"(max-width: 473px) 100vw, 473px\" \/><\/figure>\n\n\n\n<p><strong><em>Javier Bollo &#8211; Estudiantes de Tucuman<\/em><\/strong>:<\/p>\n\n\n\n<p><strong>El interno, quien tuvo un fugaz paso por Pueyrred\u00f3n en el segundo tramo del a\u00f1o. Fich\u00f3 por el equipo tucumano y comparti\u00f3 plantel con Fernando Alfonso (casualidad, est\u00e1 actualmente en el Purre). El ex Villa Mitre culmin\u00f3 con 10 puntos y 7 rebotes en 28 minutos de juego, en la ca\u00edda 91-86 frente a San Isidro<\/strong>. \u201cLa Cebra\u201d tucumana, saldr\u00e1 a la ruta, jugar\u00e1 el 17\/3 ante Comunicaciones.<\/p>\n\n\n\n<figure class=\"wp-block-image size-large\"><img decoding=\"async\" width=\"1000\" height=\"666\" src=\"https:\/\/gentedebasquet.com.ar\/sitio\/wp-content\/uploads\/2026\/03\/img_2042.jpg\" alt=\"\" class=\"wp-image-120091\" srcset=\"https:\/\/gentedebasquet.com.ar\/sitio\/wp-content\/uploads\/2026\/03\/img_2042.jpg 1000w, https:\/\/gentedebasquet.com.ar\/sitio\/wp-content\/uploads\/2026\/03\/img_2042-300x200.jpg 300w, https:\/\/gentedebasquet.com.ar\/sitio\/wp-content\/uploads\/2026\/03\/img_2042-768x511.jpg 768w, https:\/\/gentedebasquet.com.ar\/sitio\/wp-content\/uploads\/2026\/03\/img_2042-750x500.jpg 750w\" sizes=\"(max-width: 1000px) 100vw, 1000px\" \/><\/figure>\n\n\n\n<p><strong><em>Gonzalo Torres &#8211; Provincial (Rosario):<\/em><\/strong> <\/p>\n\n\n\n<p><strong>Transitando su segunda campa\u00f1a en el equipo puntero de la Conferencia Sur, Gonza es uno de los estandartes del plantel.<\/strong> El ex Racing de Avellaneda, <strong>cerr\u00f3 con 2 puntos y 2 recobres, en el triunfo de Provincial ante Rocamora por 82-73<\/strong>. El pr\u00f3ximo del conjunto rosarino es Deportivo Norte de Armstrong el domingo 15\/3.<\/p>\n\n\n\n<figure class=\"wp-block-image size-large\"><img decoding=\"async\" width=\"1024\" height=\"572\" src=\"https:\/\/gentedebasquet.com.ar\/sitio\/wp-content\/uploads\/2026\/03\/img_1923-1024x572.jpg\" alt=\"\" class=\"wp-image-120092\" srcset=\"https:\/\/gentedebasquet.com.ar\/sitio\/wp-content\/uploads\/2026\/03\/img_1923-1024x572.jpg 1024w, https:\/\/gentedebasquet.com.ar\/sitio\/wp-content\/uploads\/2026\/03\/img_1923-300x168.jpg 300w, https:\/\/gentedebasquet.com.ar\/sitio\/wp-content\/uploads\/2026\/03\/img_1923-768x429.jpg 768w, https:\/\/gentedebasquet.com.ar\/sitio\/wp-content\/uploads\/2026\/03\/img_1923-750x419.jpg 750w, https:\/\/gentedebasquet.com.ar\/sitio\/wp-content\/uploads\/2026\/03\/img_1923-1140x637.jpg 1140w, https:\/\/gentedebasquet.com.ar\/sitio\/wp-content\/uploads\/2026\/03\/img_1923.jpg 1199w\" sizes=\"(max-width: 1024px) 100vw, 1024px\" \/><\/figure>\n\n\n\n<p><strong><em>Ivan Catani &#8211; Deportivo Norte (Armstrong):<\/em><\/strong><\/p>\n\n\n\n<p><strong>Tras su gran paso por la Liga Mendocina con Godoy Cruz y en nuestra ciudad con San Lorenzo del Sud, Ivan est\u00e1 en el ante\u00faltimo de la Conferencia Sur. El formado en Bahiense del Norte cerr\u00f3 con 3 puntos (1\/3t3) y 4 cristales, en la ca\u00edda frente a El Talar por 68-75<\/strong>. El equipo santafesino va frente a Provincial.<\/p>\n\n\n\n<figure class=\"wp-block-image size-large\"><img decoding=\"async\" width=\"1000\" height=\"666\" src=\"https:\/\/gentedebasquet.com.ar\/sitio\/wp-content\/uploads\/2026\/03\/img_2043.jpg\" alt=\"\" class=\"wp-image-120093\" srcset=\"https:\/\/gentedebasquet.com.ar\/sitio\/wp-content\/uploads\/2026\/03\/img_2043.jpg 1000w, https:\/\/gentedebasquet.com.ar\/sitio\/wp-content\/uploads\/2026\/03\/img_2043-300x200.jpg 300w, https:\/\/gentedebasquet.com.ar\/sitio\/wp-content\/uploads\/2026\/03\/img_2043-768x511.jpg 768w, https:\/\/gentedebasquet.com.ar\/sitio\/wp-content\/uploads\/2026\/03\/img_2043-750x500.jpg 750w\" sizes=\"(max-width: 1000px) 100vw, 1000px\" \/><\/figure>\n\n\n\n<p><strong><em>Nicol\u00e1s Paletta &#8211; Deportivo Viedma:<\/em><\/strong><\/p>\n\n\n\n<p><strong>Nico ya transita su tercera etapa en el conjunto de R\u00edo Negro, siendo una pieza fundamental, tanto como experiencia y jerarquia. El criado en Argentino, culmin\u00f3 con 13 puntos (5\/7t2) y 4 asistencias, en lo que fue triunfo de Deportivo Viedma frente a La Uni\u00f3n de Col\u00f3n 88-78<\/strong>. Ahora vendr\u00e1 a Bah\u00eda Blanca para medirse ante Villa Mitre, el lunes 16\/3.<\/p>\n\n\n\n<figure class=\"wp-block-image size-large\"><img decoding=\"async\" width=\"819\" height=\"627\" src=\"https:\/\/gentedebasquet.com.ar\/sitio\/wp-content\/uploads\/2026\/03\/image-2-1.jpg\" alt=\"\" class=\"wp-image-120095\" srcset=\"https:\/\/gentedebasquet.com.ar\/sitio\/wp-content\/uploads\/2026\/03\/image-2-1.jpg 819w, https:\/\/gentedebasquet.com.ar\/sitio\/wp-content\/uploads\/2026\/03\/image-2-1-300x230.jpg 300w, https:\/\/gentedebasquet.com.ar\/sitio\/wp-content\/uploads\/2026\/03\/image-2-1-768x588.jpg 768w, https:\/\/gentedebasquet.com.ar\/sitio\/wp-content\/uploads\/2026\/03\/image-2-1-750x574.jpg 750w\" sizes=\"(max-width: 819px) 100vw, 819px\" \/><\/figure>\n\n\n\n<p><strong><em>M\u00e1ximo Genitti &#8211; Salta Basket:<\/em><\/strong><\/p>\n\n\n\n<p><strong>Maxi lleg\u00f3 tras pasar por La Uni\u00f3n de Formosa (Liga de Desarrollo y Liga Nacional). El surgido en Bahiense del Norte y con paso por Olimpo, cerr\u00f3 con 6 minutos y 1 cristal, en la derrota frente a Comunicaciones 95-88. <\/strong>Salta Basket ir\u00e1 contra San Isidro el 15\/3.&nbsp;<\/p>\n\n\n\n<p><strong>Nos tomamos el avi\u00f3n hacia Italia, para repasar las actividades de los Bahienses en ese pa\u00eds.<\/strong><\/p>\n\n\n\n<figure class=\"wp-block-image size-large\"><img decoding=\"async\" width=\"1024\" height=\"682\" src=\"https:\/\/gentedebasquet.com.ar\/sitio\/wp-content\/uploads\/2026\/03\/img_2048-1024x682.jpg\" alt=\"\" class=\"wp-image-120097\" srcset=\"https:\/\/gentedebasquet.com.ar\/sitio\/wp-content\/uploads\/2026\/03\/img_2048-1024x682.jpg 1024w, https:\/\/gentedebasquet.com.ar\/sitio\/wp-content\/uploads\/2026\/03\/img_2048-300x200.jpg 300w, https:\/\/gentedebasquet.com.ar\/sitio\/wp-content\/uploads\/2026\/03\/img_2048-768x512.jpg 768w, https:\/\/gentedebasquet.com.ar\/sitio\/wp-content\/uploads\/2026\/03\/img_2048-750x500.jpg 750w, https:\/\/gentedebasquet.com.ar\/sitio\/wp-content\/uploads\/2026\/03\/img_2048-1140x760.jpg 1140w, https:\/\/gentedebasquet.com.ar\/sitio\/wp-content\/uploads\/2026\/03\/img_2048.jpg 1280w\" sizes=\"(max-width: 1024px) 100vw, 1024px\" \/><\/figure>\n\n\n\n<p><strong><em>Lucio Redivo &#8211; Ueb Cividale:<\/em><\/strong><\/p>\n\n\n\n<p>Lucio, est\u00e1 atravesando el pico de su carrera en Italia, m\u00e1s tirador que nunca en el Cividale. <strong>Donde se desempe\u00f1a hace 3 temporadas<\/strong>, <strong>el ex Pacifico concluy\u00f3 con \u00a141! puntos y un impecable 6\/8t2 y 6\/15t3, en la ca\u00edda del Cividale 80-84 ante Forli<\/strong>. La pr\u00f3xima ser\u00e1 ante Scafati el 22\/3.<\/p>\n\n\n\n<figure class=\"wp-block-image size-large\"><img decoding=\"async\" width=\"1024\" height=\"683\" src=\"https:\/\/gentedebasquet.com.ar\/sitio\/wp-content\/uploads\/2026\/03\/img_2039.jpg\" alt=\"\" class=\"wp-image-120098\" srcset=\"https:\/\/gentedebasquet.com.ar\/sitio\/wp-content\/uploads\/2026\/03\/img_2039.jpg 1024w, https:\/\/gentedebasquet.com.ar\/sitio\/wp-content\/uploads\/2026\/03\/img_2039-300x200.jpg 300w, https:\/\/gentedebasquet.com.ar\/sitio\/wp-content\/uploads\/2026\/03\/img_2039-768x512.jpg 768w, https:\/\/gentedebasquet.com.ar\/sitio\/wp-content\/uploads\/2026\/03\/img_2039-750x500.jpg 750w\" sizes=\"(max-width: 1024px) 100vw, 1024px\" \/><\/figure>\n\n\n\n<p><strong><em>Leo Cecchi &#8211; Nuovo Basket Aquilano:<\/em><\/strong><\/p>\n\n\n\n<p><strong>Ya asentado en el pa\u00eds, Leo sigue demostrando su vigencia en el equipo donde est\u00e1 desde hace 5 a\u00f1os. Formado en Argentino, y previo a irse a Italia tuvo paso por Villa Mitre, cerr\u00f3 su planilla con 18 puntos en la derrota frente a Benevento 87-75.<\/strong> El pr\u00f3ximo ser\u00e1 contra Ostiense Roma el 15\/3.&nbsp;<\/p>\n\n\n\n<figure class=\"wp-block-image size-large\"><img decoding=\"async\" width=\"1024\" height=\"683\" src=\"https:\/\/gentedebasquet.com.ar\/sitio\/wp-content\/uploads\/2026\/03\/img_2049-1024x683.jpg\" alt=\"\" class=\"wp-image-120099\" srcset=\"https:\/\/gentedebasquet.com.ar\/sitio\/wp-content\/uploads\/2026\/03\/img_2049-1024x683.jpg 1024w, https:\/\/gentedebasquet.com.ar\/sitio\/wp-content\/uploads\/2026\/03\/img_2049-300x200.jpg 300w, https:\/\/gentedebasquet.com.ar\/sitio\/wp-content\/uploads\/2026\/03\/img_2049-768x512.jpg 768w, https:\/\/gentedebasquet.com.ar\/sitio\/wp-content\/uploads\/2026\/03\/img_2049-750x500.jpg 750w, https:\/\/gentedebasquet.com.ar\/sitio\/wp-content\/uploads\/2026\/03\/img_2049-1140x760.jpg 1140w, https:\/\/gentedebasquet.com.ar\/sitio\/wp-content\/uploads\/2026\/03\/img_2049.jpg 1366w\" sizes=\"(max-width: 1024px) 100vw, 1024px\" \/><\/figure>\n\n\n\n<p><strong><em>Lucas Chaves &#8211; Orzinuovi:<\/em><\/strong><\/p>\n\n\n\n<p><strong>Lucas, quien est\u00e1 hace varias temporadas en Italia, ya est\u00e1 muy asentado en el Orzinuovi. El ex El Nacional, cerr\u00f3 su planilla con 17 unidades en la derrota del Orzi Basket, 85-92 frente a Desio<\/strong>. La pr\u00f3xima ser\u00e1 frente a Lumezzane el 22\/3.<\/p>\n\n\n\n<figure class=\"wp-block-image size-large\"><img decoding=\"async\" width=\"1024\" height=\"670\" src=\"https:\/\/gentedebasquet.com.ar\/sitio\/wp-content\/uploads\/2026\/03\/img_2040-1024x670.jpg\" alt=\"\" class=\"wp-image-120100\" srcset=\"https:\/\/gentedebasquet.com.ar\/sitio\/wp-content\/uploads\/2026\/03\/img_2040-1024x670.jpg 1024w, https:\/\/gentedebasquet.com.ar\/sitio\/wp-content\/uploads\/2026\/03\/img_2040-300x196.jpg 300w, https:\/\/gentedebasquet.com.ar\/sitio\/wp-content\/uploads\/2026\/03\/img_2040-768x502.jpg 768w, https:\/\/gentedebasquet.com.ar\/sitio\/wp-content\/uploads\/2026\/03\/img_2040-750x491.jpg 750w, https:\/\/gentedebasquet.com.ar\/sitio\/wp-content\/uploads\/2026\/03\/img_2040-1140x746.jpg 1140w, https:\/\/gentedebasquet.com.ar\/sitio\/wp-content\/uploads\/2026\/03\/img_2040.jpg 1206w\" sizes=\"(max-width: 1024px) 100vw, 1024px\" \/><\/figure>\n\n\n\n<p><strong><em>Emanuel Fern\u00e1ndez Pe\u00f1a &#8211; Viola Reggio Calabria:<\/em><\/strong><\/p>\n\n\n\n<p><strong>Manu, quien est\u00e1 desde hace 6 temporadas en el Reggio Calabria, el formado en Bahiense del Norte, est\u00e1 demostrando su buen b\u00e1squet en el conjunto italiano. El zurdo, cerr\u00f3 con 13 puntos en la victoria del Reggio 73-72 ante Basket Corato<\/strong>. El pr\u00f3ximo, Virtus Ragusa el 15\/3.<\/p>\n\n\n\n<p><strong>Cerramos con el \u00a1bonus track!, lo m\u00e1s esperado de la columna<\/strong>.<\/p>\n\n\n\n<figure class=\"wp-block-image size-large\"><img decoding=\"async\" width=\"828\" height=\"635\" src=\"https:\/\/gentedebasquet.com.ar\/sitio\/wp-content\/uploads\/2026\/03\/bd3c86b2-fb40-48be-b4ac-efccd9c328b5.jpg\" alt=\"\" class=\"wp-image-120101\" srcset=\"https:\/\/gentedebasquet.com.ar\/sitio\/wp-content\/uploads\/2026\/03\/bd3c86b2-fb40-48be-b4ac-efccd9c328b5.jpg 828w, https:\/\/gentedebasquet.com.ar\/sitio\/wp-content\/uploads\/2026\/03\/bd3c86b2-fb40-48be-b4ac-efccd9c328b5-300x230.jpg 300w, https:\/\/gentedebasquet.com.ar\/sitio\/wp-content\/uploads\/2026\/03\/bd3c86b2-fb40-48be-b4ac-efccd9c328b5-768x589.jpg 768w, https:\/\/gentedebasquet.com.ar\/sitio\/wp-content\/uploads\/2026\/03\/bd3c86b2-fb40-48be-b4ac-efccd9c328b5-750x575.jpg 750w\" sizes=\"(max-width: 828px) 100vw, 828px\" \/><\/figure>\n\n\n\n<p><strong>En La Liga Federal, el m\u00e1s destacado de los nuestros fue&nbsp;Santiago Candia<\/strong>, \u201ccachete\u201d est\u00e1 actualmente en P\u00e9rfora de Plaza Huincul. <strong>Por la Fecha 1, fue victoria de P\u00e9rfora 90-85 sobre Club Plottier. Santi aport\u00f3, 23 puntos, 6 rebotes y 6 recuperos. En la segunda jornada, culmin\u00f3 con 17 unidades y 3 robos, en el triunfo ante Deportivo Roca 86-75.<\/strong><\/p>\n\n\n\n<p><\/p>\n","protected":false},"excerpt":{"rendered":"<p>La segunda secci\u00f3n de esta columna, contar\u00e1 con los nuestros que nos representan en la segunda categor\u00eda del b\u00e1squetbol nacional, m\u00e1s los que est\u00e1n en Italia y un bonus track \u00a1imperdible!. Comenzamos el recorrido con los que se desempe\u00f1an en Liga Argentina. Juan Cruz Marini &#8211; Jujuy Basquet: El formado en Pacifico y con experiencia [&hellip;]<\/p>\n","protected":false},"author":82,"featured_media":120102,"comment_status":"closed","ping_status":"open","sticky":false,"template":"","format":"standard","meta":{"jnews-multi-image_gallery":[],"jnews_single_post":[],"jnews_primary_category":[],"footnotes":""},"categories":[34,101],"tags":[928,132,448,603,309,135,79,155,1956,138,1698],"class_list":["post-120103","post","type-post","status-publish","format-standard","has-post-thumbnail","hentry","category-bahienses-afuera","category-slide","tag-emanuel-fernandez","tag-gonzalo-torres","tag-ivan-catani","tag-javier-bollo","tag-juan-cruz-marini","tag-leandro-cecchi","tag-lucas-chaves","tag-lucio-redivo","tag-maximo-genitti","tag-nicolas-paletta","tag-santiago-candia"],"yoast_head":"<!-- This site is optimized with the Yoast SEO plugin v27.5 - https:\/\/yoast.com\/product\/yoast-seo-wordpress\/ -->\n<title>Bahienses Afuera - Vol. II - Gente de B\u00e1squet<\/title>\n<meta name=\"robots\" content=\"index, follow, max-snippet:-1, max-image-preview:large, max-video-preview:-1\" \/>\n<link rel=\"canonical\" href=\"https:\/\/gentedebasquet.com.ar\/sitio\/2026\/03\/13\/bahienses-afuera-vol-ii\/\" \/>\n<meta property=\"og:locale\" content=\"es_ES\" \/>\n<meta property=\"og:type\" content=\"article\" \/>\n<meta property=\"og:title\" content=\"Bahienses Afuera - Vol. II - Gente de B\u00e1squet\" \/>\n<meta property=\"og:description\" content=\"La segunda secci\u00f3n de esta columna, contar\u00e1 con los nuestros que nos representan en la segunda categor\u00eda del b\u00e1squetbol nacional, m\u00e1s los que est\u00e1n en Italia y un bonus track \u00a1imperdible!. Comenzamos el recorrido con los que se desempe\u00f1an en Liga Argentina. Juan Cruz Marini &#8211; Jujuy Basquet: El formado en Pacifico y con experiencia [&hellip;]\" \/>\n<meta property=\"og:url\" content=\"https:\/\/gentedebasquet.com.ar\/sitio\/2026\/03\/13\/bahienses-afuera-vol-ii\/\" \/>\n<meta property=\"og:site_name\" content=\"Gente de B\u00e1squet\" \/>\n<meta property=\"article:published_time\" content=\"2026-03-13T15:16:00+00:00\" \/>\n<meta property=\"article:modified_time\" content=\"2026-03-14T14:52:19+00:00\" \/>\n<meta property=\"og:image\" content=\"https:\/\/gentedebasquet.com.ar\/sitio\/wp-content\/uploads\/2026\/03\/img_2046.jpg\" \/>\n\t<meta property=\"og:image:width\" content=\"1280\" \/>\n\t<meta property=\"og:image:height\" content=\"853\" \/>\n\t<meta property=\"og:image:type\" content=\"image\/jpeg\" \/>\n<meta name=\"author\" content=\"Manuel Lacerenza\" \/>\n<meta name=\"twitter:card\" content=\"summary_large_image\" \/>\n<meta name=\"twitter:label1\" content=\"Escrito por\" \/>\n\t<meta name=\"twitter:data1\" content=\"Manuel Lacerenza\" \/>\n\t<meta name=\"twitter:label2\" content=\"Tiempo de lectura\" \/>\n\t<meta name=\"twitter:data2\" content=\"4 minutos\" \/>\n<script type=\"application\/ld+json\" class=\"yoast-schema-graph\">{\"@context\":\"https:\\\/\\\/schema.org\",\"@graph\":[{\"@type\":\"Article\",\"@id\":\"https:\\\/\\\/gentedebasquet.com.ar\\\/sitio\\\/2026\\\/03\\\/13\\\/bahienses-afuera-vol-ii\\\/#article\",\"isPartOf\":{\"@id\":\"https:\\\/\\\/gentedebasquet.com.ar\\\/sitio\\\/2026\\\/03\\\/13\\\/bahienses-afuera-vol-ii\\\/\"},\"author\":{\"name\":\"Manuel Lacerenza\",\"@id\":\"https:\\\/\\\/gentedebasquet.com.ar\\\/sitio\\\/#\\\/schema\\\/person\\\/643357fb6a37b5549c9cfe9f339c9f1b\"},\"headline\":\"Bahienses Afuera &#8211; Vol. II\",\"datePublished\":\"2026-03-13T15:16:00+00:00\",\"dateModified\":\"2026-03-14T14:52:19+00:00\",\"mainEntityOfPage\":{\"@id\":\"https:\\\/\\\/gentedebasquet.com.ar\\\/sitio\\\/2026\\\/03\\\/13\\\/bahienses-afuera-vol-ii\\\/\"},\"wordCount\":738,\"image\":{\"@id\":\"https:\\\/\\\/gentedebasquet.com.ar\\\/sitio\\\/2026\\\/03\\\/13\\\/bahienses-afuera-vol-ii\\\/#primaryimage\"},\"thumbnailUrl\":\"https:\\\/\\\/gentedebasquet.com.ar\\\/sitio\\\/wp-content\\\/uploads\\\/2026\\\/03\\\/img_2046.jpg\",\"keywords\":[\"Emanuel Fern\u00e1ndez\",\"Gonzalo Torres\",\"Iv\u00e1n Catani\",\"Javier Bollo\",\"Juan Cruz Marini\",\"Leandro Cecchi\",\"Lucas Chaves\",\"Lucio Redivo\",\"M\u00e1ximo Genitti\",\"Nicol\u00e1s Paletta\",\"Santiago Candia\"],\"articleSection\":[\"Bahienses Afuera\",\"Slide\"],\"inLanguage\":\"es\"},{\"@type\":\"WebPage\",\"@id\":\"https:\\\/\\\/gentedebasquet.com.ar\\\/sitio\\\/2026\\\/03\\\/13\\\/bahienses-afuera-vol-ii\\\/\",\"url\":\"https:\\\/\\\/gentedebasquet.com.ar\\\/sitio\\\/2026\\\/03\\\/13\\\/bahienses-afuera-vol-ii\\\/\",\"name\":\"Bahienses Afuera - Vol. II - Gente de B\u00e1squet\",\"isPartOf\":{\"@id\":\"https:\\\/\\\/gentedebasquet.com.ar\\\/sitio\\\/#website\"},\"primaryImageOfPage\":{\"@id\":\"https:\\\/\\\/gentedebasquet.com.ar\\\/sitio\\\/2026\\\/03\\\/13\\\/bahienses-afuera-vol-ii\\\/#primaryimage\"},\"image\":{\"@id\":\"https:\\\/\\\/gentedebasquet.com.ar\\\/sitio\\\/2026\\\/03\\\/13\\\/bahienses-afuera-vol-ii\\\/#primaryimage\"},\"thumbnailUrl\":\"https:\\\/\\\/gentedebasquet.com.ar\\\/sitio\\\/wp-content\\\/uploads\\\/2026\\\/03\\\/img_2046.jpg\",\"datePublished\":\"2026-03-13T15:16:00+00:00\",\"dateModified\":\"2026-03-14T14:52:19+00:00\",\"author\":{\"@id\":\"https:\\\/\\\/gentedebasquet.com.ar\\\/sitio\\\/#\\\/schema\\\/person\\\/643357fb6a37b5549c9cfe9f339c9f1b\"},\"breadcrumb\":{\"@id\":\"https:\\\/\\\/gentedebasquet.com.ar\\\/sitio\\\/2026\\\/03\\\/13\\\/bahienses-afuera-vol-ii\\\/#breadcrumb\"},\"inLanguage\":\"es\",\"potentialAction\":[{\"@type\":\"ReadAction\",\"target\":[\"https:\\\/\\\/gentedebasquet.com.ar\\\/sitio\\\/2026\\\/03\\\/13\\\/bahienses-afuera-vol-ii\\\/\"]}]},{\"@type\":\"ImageObject\",\"inLanguage\":\"es\",\"@id\":\"https:\\\/\\\/gentedebasquet.com.ar\\\/sitio\\\/2026\\\/03\\\/13\\\/bahienses-afuera-vol-ii\\\/#primaryimage\",\"url\":\"https:\\\/\\\/gentedebasquet.com.ar\\\/sitio\\\/wp-content\\\/uploads\\\/2026\\\/03\\\/img_2046.jpg\",\"contentUrl\":\"https:\\\/\\\/gentedebasquet.com.ar\\\/sitio\\\/wp-content\\\/uploads\\\/2026\\\/03\\\/img_2046.jpg\",\"width\":1280,\"height\":853},{\"@type\":\"BreadcrumbList\",\"@id\":\"https:\\\/\\\/gentedebasquet.com.ar\\\/sitio\\\/2026\\\/03\\\/13\\\/bahienses-afuera-vol-ii\\\/#breadcrumb\",\"itemListElement\":[{\"@type\":\"ListItem\",\"position\":1,\"name\":\"Portada\",\"item\":\"https:\\\/\\\/gentedebasquet.com.ar\\\/sitio\\\/\"},{\"@type\":\"ListItem\",\"position\":2,\"name\":\"Bahienses Afuera &#8211; Vol. II\"}]},{\"@type\":\"WebSite\",\"@id\":\"https:\\\/\\\/gentedebasquet.com.ar\\\/sitio\\\/#website\",\"url\":\"https:\\\/\\\/gentedebasquet.com.ar\\\/sitio\\\/\",\"name\":\"Gente de B\u00e1squet\",\"description\":\"La revista del basquet de Bah\u00eda Blanca\",\"potentialAction\":[{\"@type\":\"SearchAction\",\"target\":{\"@type\":\"EntryPoint\",\"urlTemplate\":\"https:\\\/\\\/gentedebasquet.com.ar\\\/sitio\\\/?s={search_term_string}\"},\"query-input\":{\"@type\":\"PropertyValueSpecification\",\"valueRequired\":true,\"valueName\":\"search_term_string\"}}],\"inLanguage\":\"es\"},{\"@type\":\"Person\",\"@id\":\"https:\\\/\\\/gentedebasquet.com.ar\\\/sitio\\\/#\\\/schema\\\/person\\\/643357fb6a37b5549c9cfe9f339c9f1b\",\"name\":\"Manuel Lacerenza\",\"image\":{\"@type\":\"ImageObject\",\"inLanguage\":\"es\",\"@id\":\"https:\\\/\\\/secure.gravatar.com\\\/avatar\\\/6a427d587bd181ca8afd828e8cf364f233c5cbe5b8a1332b92ea42687ad97845?s=96&d=mm&r=g\",\"url\":\"https:\\\/\\\/secure.gravatar.com\\\/avatar\\\/6a427d587bd181ca8afd828e8cf364f233c5cbe5b8a1332b92ea42687ad97845?s=96&d=mm&r=g\",\"contentUrl\":\"https:\\\/\\\/secure.gravatar.com\\\/avatar\\\/6a427d587bd181ca8afd828e8cf364f233c5cbe5b8a1332b92ea42687ad97845?s=96&d=mm&r=g\",\"caption\":\"Manuel Lacerenza\"},\"url\":\"https:\\\/\\\/gentedebasquet.com.ar\\\/sitio\\\/author\\\/manuel\\\/\"}]}<\/script>\n<!-- \/ Yoast SEO plugin. -->","yoast_head_json":{"title":"Bahienses Afuera - Vol. II - Gente de B\u00e1squet","robots":{"index":"index","follow":"follow","max-snippet":"max-snippet:-1","max-image-preview":"max-image-preview:large","max-video-preview":"max-video-preview:-1"},"canonical":"https:\/\/gentedebasquet.com.ar\/sitio\/2026\/03\/13\/bahienses-afuera-vol-ii\/","og_locale":"es_ES","og_type":"article","og_title":"Bahienses Afuera - Vol. II - Gente de B\u00e1squet","og_description":"La segunda secci\u00f3n de esta columna, contar\u00e1 con los nuestros que nos representan en la segunda categor\u00eda del b\u00e1squetbol nacional, m\u00e1s los que est\u00e1n en Italia y un bonus track \u00a1imperdible!. Comenzamos el recorrido con los que se desempe\u00f1an en Liga Argentina. Juan Cruz Marini &#8211; Jujuy Basquet: El formado en Pacifico y con experiencia [&hellip;]","og_url":"https:\/\/gentedebasquet.com.ar\/sitio\/2026\/03\/13\/bahienses-afuera-vol-ii\/","og_site_name":"Gente de B\u00e1squet","article_published_time":"2026-03-13T15:16:00+00:00","article_modified_time":"2026-03-14T14:52:19+00:00","og_image":[{"width":1280,"height":853,"url":"https:\/\/gentedebasquet.com.ar\/sitio\/wp-content\/uploads\/2026\/03\/img_2046.jpg","type":"image\/jpeg"}],"author":"Manuel Lacerenza","twitter_card":"summary_large_image","twitter_misc":{"Escrito por":"Manuel Lacerenza","Tiempo de lectura":"4 minutos"},"schema":{"@context":"https:\/\/schema.org","@graph":[{"@type":"Article","@id":"https:\/\/gentedebasquet.com.ar\/sitio\/2026\/03\/13\/bahienses-afuera-vol-ii\/#article","isPartOf":{"@id":"https:\/\/gentedebasquet.com.ar\/sitio\/2026\/03\/13\/bahienses-afuera-vol-ii\/"},"author":{"name":"Manuel Lacerenza","@id":"https:\/\/gentedebasquet.com.ar\/sitio\/#\/schema\/person\/643357fb6a37b5549c9cfe9f339c9f1b"},"headline":"Bahienses Afuera &#8211; Vol. II","datePublished":"2026-03-13T15:16:00+00:00","dateModified":"2026-03-14T14:52:19+00:00","mainEntityOfPage":{"@id":"https:\/\/gentedebasquet.com.ar\/sitio\/2026\/03\/13\/bahienses-afuera-vol-ii\/"},"wordCount":738,"image":{"@id":"https:\/\/gentedebasquet.com.ar\/sitio\/2026\/03\/13\/bahienses-afuera-vol-ii\/#primaryimage"},"thumbnailUrl":"https:\/\/gentedebasquet.com.ar\/sitio\/wp-content\/uploads\/2026\/03\/img_2046.jpg","keywords":["Emanuel Fern\u00e1ndez","Gonzalo Torres","Iv\u00e1n Catani","Javier Bollo","Juan Cruz Marini","Leandro Cecchi","Lucas Chaves","Lucio Redivo","M\u00e1ximo Genitti","Nicol\u00e1s Paletta","Santiago Candia"],"articleSection":["Bahienses Afuera","Slide"],"inLanguage":"es"},{"@type":"WebPage","@id":"https:\/\/gentedebasquet.com.ar\/sitio\/2026\/03\/13\/bahienses-afuera-vol-ii\/","url":"https:\/\/gentedebasquet.com.ar\/sitio\/2026\/03\/13\/bahienses-afuera-vol-ii\/","name":"Bahienses Afuera - Vol. II - Gente de B\u00e1squet","isPartOf":{"@id":"https:\/\/gentedebasquet.com.ar\/sitio\/#website"},"primaryImageOfPage":{"@id":"https:\/\/gentedebasquet.com.ar\/sitio\/2026\/03\/13\/bahienses-afuera-vol-ii\/#primaryimage"},"image":{"@id":"https:\/\/gentedebasquet.com.ar\/sitio\/2026\/03\/13\/bahienses-afuera-vol-ii\/#primaryimage"},"thumbnailUrl":"https:\/\/gentedebasquet.com.ar\/sitio\/wp-content\/uploads\/2026\/03\/img_2046.jpg","datePublished":"2026-03-13T15:16:00+00:00","dateModified":"2026-03-14T14:52:19+00:00","author":{"@id":"https:\/\/gentedebasquet.com.ar\/sitio\/#\/schema\/person\/643357fb6a37b5549c9cfe9f339c9f1b"},"breadcrumb":{"@id":"https:\/\/gentedebasquet.com.ar\/sitio\/2026\/03\/13\/bahienses-afuera-vol-ii\/#breadcrumb"},"inLanguage":"es","potentialAction":[{"@type":"ReadAction","target":["https:\/\/gentedebasquet.com.ar\/sitio\/2026\/03\/13\/bahienses-afuera-vol-ii\/"]}]},{"@type":"ImageObject","inLanguage":"es","@id":"https:\/\/gentedebasquet.com.ar\/sitio\/2026\/03\/13\/bahienses-afuera-vol-ii\/#primaryimage","url":"https:\/\/gentedebasquet.com.ar\/sitio\/wp-content\/uploads\/2026\/03\/img_2046.jpg","contentUrl":"https:\/\/gentedebasquet.com.ar\/sitio\/wp-content\/uploads\/2026\/03\/img_2046.jpg","width":1280,"height":853},{"@type":"BreadcrumbList","@id":"https:\/\/gentedebasquet.com.ar\/sitio\/2026\/03\/13\/bahienses-afuera-vol-ii\/#breadcrumb","itemListElement":[{"@type":"ListItem","position":1,"name":"Portada","item":"https:\/\/gentedebasquet.com.ar\/sitio\/"},{"@type":"ListItem","position":2,"name":"Bahienses Afuera &#8211; Vol. II"}]},{"@type":"WebSite","@id":"https:\/\/gentedebasquet.com.ar\/sitio\/#website","url":"https:\/\/gentedebasquet.com.ar\/sitio\/","name":"Gente de B\u00e1squet","description":"La revista del basquet de Bah\u00eda Blanca","potentialAction":[{"@type":"SearchAction","target":{"@type":"EntryPoint","urlTemplate":"https:\/\/gentedebasquet.com.ar\/sitio\/?s={search_term_string}"},"query-input":{"@type":"PropertyValueSpecification","valueRequired":true,"valueName":"search_term_string"}}],"inLanguage":"es"},{"@type":"Person","@id":"https:\/\/gentedebasquet.com.ar\/sitio\/#\/schema\/person\/643357fb6a37b5549c9cfe9f339c9f1b","name":"Manuel Lacerenza","image":{"@type":"ImageObject","inLanguage":"es","@id":"https:\/\/secure.gravatar.com\/avatar\/6a427d587bd181ca8afd828e8cf364f233c5cbe5b8a1332b92ea42687ad97845?s=96&d=mm&r=g","url":"https:\/\/secure.gravatar.com\/avatar\/6a427d587bd181ca8afd828e8cf364f233c5cbe5b8a1332b92ea42687ad97845?s=96&d=mm&r=g","contentUrl":"https:\/\/secure.gravatar.com\/avatar\/6a427d587bd181ca8afd828e8cf364f233c5cbe5b8a1332b92ea42687ad97845?s=96&d=mm&r=g","caption":"Manuel Lacerenza"},"url":"https:\/\/gentedebasquet.com.ar\/sitio\/author\/manuel\/"}]}},"_links":{"self":[{"href":"https:\/\/gentedebasquet.com.ar\/sitio\/wp-json\/wp\/v2\/posts\/120103","targetHints":{"allow":["GET"]}}],"collection":[{"href":"https:\/\/gentedebasquet.com.ar\/sitio\/wp-json\/wp\/v2\/posts"}],"about":[{"href":"https:\/\/gentedebasquet.com.ar\/sitio\/wp-json\/wp\/v2\/types\/post"}],"author":[{"embeddable":true,"href":"https:\/\/gentedebasquet.com.ar\/sitio\/wp-json\/wp\/v2\/users\/82"}],"replies":[{"embeddable":true,"href":"https:\/\/gentedebasquet.com.ar\/sitio\/wp-json\/wp\/v2\/comments?post=120103"}],"version-history":[{"count":2,"href":"https:\/\/gentedebasquet.com.ar\/sitio\/wp-json\/wp\/v2\/posts\/120103\/revisions"}],"predecessor-version":[{"id":120105,"href":"https:\/\/gentedebasquet.com.ar\/sitio\/wp-json\/wp\/v2\/posts\/120103\/revisions\/120105"}],"wp:featuredmedia":[{"embeddable":true,"href":"https:\/\/gentedebasquet.com.ar\/sitio\/wp-json\/wp\/v2\/media\/120102"}],"wp:attachment":[{"href":"https:\/\/gentedebasquet.com.ar\/sitio\/wp-json\/wp\/v2\/media?parent=120103"}],"wp:term":[{"taxonomy":"category","embeddable":true,"href":"https:\/\/gentedebasquet.com.ar\/sitio\/wp-json\/wp\/v2\/categories?post=120103"},{"taxonomy":"post_tag","embeddable":true,"href":"https:\/\/gentedebasquet.com.ar\/sitio\/wp-json\/wp\/v2\/tags?post=120103"}],"curies":[{"name":"wp","href":"https:\/\/api.w.org\/{rel}","templated":true}]}}