{"id":120136,"date":"2026-03-16T23:58:06","date_gmt":"2026-03-16T22:58:06","guid":{"rendered":"https:\/\/gentedebasquet.com.ar\/sitio\/?p=120136"},"modified":"2026-03-17T03:41:28","modified_gmt":"2026-03-17T02:41:28","slug":"gano-villa-mitre","status":"publish","type":"post","link":"https:\/\/gentedebasquet.com.ar\/sitio\/2026\/03\/16\/gano-villa-mitre\/","title":{"rendered":"Gan\u00f3 Villa Mitre"},"content":{"rendered":"<p><em>El equipo bahiense se llev\u00f3 un partidazo al vencer a Deportivo Viedma por 83 a 77.<\/em><\/p>\n<p><em>En encuentro ajustado, dos triples consecutivos le dieron aire en el cierre (80-75); m\u00e1s un rebote ofensivo que le quit\u00f3 la chance de igualar al visitante.<\/em><\/p>\n<p><em>El local sumo mucho desde la l\u00ednea con efectividad (24\/26) y tuvo en Gim\u00e9nez su goleador (16); seguido de Harina (14) y Lorca (12). En Depo se destac\u00f3 C\u00e1ceres (24).<\/em><\/p>\n<p>Villa Mitre domin\u00f3 los primeros veinte minutos. Entr\u00f3 m\u00e1s r\u00e1pido en juego, la din\u00e1mica del inicio le sent\u00f3 mejor y escap\u00f3 en un par de ocasiones.<\/p>\n<p>Logr\u00f3 m\u00e1xima de diez (30-20) promediando el segundo cuarto, con buen aporte de la banca. El visitante reaccion\u00f3 r\u00e1pido, igual\u00f3 el partido y el cierre fue desde la l\u00ednea, para el 40 iguales al entretiempo.<\/p>\n<p>Deportivo tom\u00f3 las riendas del encuentro, con un Villa Mitre apurado y err\u00e1tico adelante. Estuvo al frente en el tanteador, 44 a 48 en 3m.<\/p>\n<p>Desde la l\u00ednea y jugando de adentro hacia afuera, encontr\u00f3 tiro externo para llegar a los \u00faltimos 10m, tres arriba (63-60) el local.<\/p>\n<p>El ultimo cuarto fue de innumerables cambios de liderazgo. Con 4m10 por jugar y Viedma arriba por uno (74-75), triples consecutivos del local (Gim\u00e9nez-Sahdi) le dieron ventaja de cinco, que conserv\u00f3 hasta el cierre.<\/p>\n<p>Caceres arrim\u00f3 con una bandeja (80-77) y con menos de un minuto, tras fallar el local, Lorca tom\u00f3 un valioso rebote ofensivo, que le permiti\u00f3 sumar uno m\u00e1s de la l\u00ednea con Sahdi y, sobre todo quitar la chance de igualdad al visitante.<\/p>\n<p>Viedma no pudo anotar y Harina lo cerr\u00f3 desde la l\u00ednea. Victorias consecutivas para el equipo de Sepo Ginobili, que busca su mejor posici\u00f3n y andar de cara a lo que viene.<\/p>\n<p><img decoding=\"async\" class=\"alignnone size-medium wp-image-120137\" src=\"http:\/\/gentedebasquet.com.ar\/sitio\/wp-content\/uploads\/2026\/03\/800-2-300x300.jpg\" alt=\"\" width=\"300\" height=\"300\" srcset=\"https:\/\/gentedebasquet.com.ar\/sitio\/wp-content\/uploads\/2026\/03\/800-2-300x300.jpg 300w, https:\/\/gentedebasquet.com.ar\/sitio\/wp-content\/uploads\/2026\/03\/800-2-150x150.jpg 150w, https:\/\/gentedebasquet.com.ar\/sitio\/wp-content\/uploads\/2026\/03\/800-2-768x768.jpg 768w, https:\/\/gentedebasquet.com.ar\/sitio\/wp-content\/uploads\/2026\/03\/800-2-75x75.jpg 75w, https:\/\/gentedebasquet.com.ar\/sitio\/wp-content\/uploads\/2026\/03\/800-2-350x350.jpg 350w, https:\/\/gentedebasquet.com.ar\/sitio\/wp-content\/uploads\/2026\/03\/800-2-750x750.jpg 750w, https:\/\/gentedebasquet.com.ar\/sitio\/wp-content\/uploads\/2026\/03\/800-2.jpg 800w\" sizes=\"(max-width: 300px) 100vw, 300px\" \/><\/p>\n","protected":false},"excerpt":{"rendered":"<p>El equipo bahiense se llev\u00f3 un partidazo al vencer a Deportivo Viedma por 83 a 77. En encuentro ajustado, dos triples consecutivos le dieron aire en el cierre (80-75); m\u00e1s un rebote ofensivo que le quit\u00f3 la chance de igualar al visitante. El local sumo mucho desde la l\u00ednea con efectividad (24\/26) y tuvo en [&hellip;]<\/p>\n","protected":false},"author":47,"featured_media":120138,"comment_status":"closed","ping_status":"open","sticky":false,"template":"","format":"standard","meta":{"jnews-multi-image_gallery":[],"jnews_single_post":[],"jnews_primary_category":[],"footnotes":""},"categories":[24,112],"tags":[1096,22],"class_list":["post-120136","post","type-post","status-publish","format-standard","has-post-thumbnail","hentry","category-overtime","category-tna","tag-deportivo-viedma","tag-villa-mitre"],"yoast_head":"<!-- This site is optimized with the Yoast SEO plugin v27.5 - https:\/\/yoast.com\/product\/yoast-seo-wordpress\/ -->\n<title>Gan\u00f3 Villa Mitre - Gente de B\u00e1squet<\/title>\n<meta name=\"robots\" content=\"index, follow, max-snippet:-1, max-image-preview:large, max-video-preview:-1\" \/>\n<link rel=\"canonical\" href=\"https:\/\/gentedebasquet.com.ar\/sitio\/2026\/03\/16\/gano-villa-mitre\/\" \/>\n<meta property=\"og:locale\" content=\"es_ES\" \/>\n<meta property=\"og:type\" content=\"article\" \/>\n<meta property=\"og:title\" content=\"Gan\u00f3 Villa Mitre - Gente de B\u00e1squet\" \/>\n<meta property=\"og:description\" content=\"El equipo bahiense se llev\u00f3 un partidazo al vencer a Deportivo Viedma por 83 a 77. En encuentro ajustado, dos triples consecutivos le dieron aire en el cierre (80-75); m\u00e1s un rebote ofensivo que le quit\u00f3 la chance de igualar al visitante. El local sumo mucho desde la l\u00ednea con efectividad (24\/26) y tuvo en [&hellip;]\" \/>\n<meta property=\"og:url\" content=\"https:\/\/gentedebasquet.com.ar\/sitio\/2026\/03\/16\/gano-villa-mitre\/\" \/>\n<meta property=\"og:site_name\" content=\"Gente de B\u00e1squet\" \/>\n<meta property=\"article:published_time\" content=\"2026-03-16T22:58:06+00:00\" \/>\n<meta property=\"article:modified_time\" content=\"2026-03-17T02:41:28+00:00\" \/>\n<meta property=\"og:image\" content=\"https:\/\/gentedebasquet.com.ar\/sitio\/wp-content\/uploads\/2026\/03\/690-2.jpg\" \/>\n\t<meta property=\"og:image:width\" content=\"690\" \/>\n\t<meta property=\"og:image:height\" content=\"319\" \/>\n\t<meta property=\"og:image:type\" content=\"image\/jpeg\" \/>\n<meta name=\"author\" content=\"Franco Crivellini\" \/>\n<meta name=\"twitter:card\" content=\"summary_large_image\" \/>\n<meta name=\"twitter:label1\" content=\"Escrito por\" \/>\n\t<meta name=\"twitter:data1\" content=\"Franco Crivellini\" \/>\n\t<meta name=\"twitter:label2\" content=\"Tiempo de lectura\" \/>\n\t<meta name=\"twitter:data2\" content=\"2 minutos\" \/>\n<script type=\"application\/ld+json\" class=\"yoast-schema-graph\">{\"@context\":\"https:\\\/\\\/schema.org\",\"@graph\":[{\"@type\":\"Article\",\"@id\":\"https:\\\/\\\/gentedebasquet.com.ar\\\/sitio\\\/2026\\\/03\\\/16\\\/gano-villa-mitre\\\/#article\",\"isPartOf\":{\"@id\":\"https:\\\/\\\/gentedebasquet.com.ar\\\/sitio\\\/2026\\\/03\\\/16\\\/gano-villa-mitre\\\/\"},\"author\":{\"name\":\"Franco Crivellini\",\"@id\":\"https:\\\/\\\/gentedebasquet.com.ar\\\/sitio\\\/#\\\/schema\\\/person\\\/8aab22e4df61e089287228bd32bccc28\"},\"headline\":\"Gan\u00f3 Villa Mitre\",\"datePublished\":\"2026-03-16T22:58:06+00:00\",\"dateModified\":\"2026-03-17T02:41:28+00:00\",\"mainEntityOfPage\":{\"@id\":\"https:\\\/\\\/gentedebasquet.com.ar\\\/sitio\\\/2026\\\/03\\\/16\\\/gano-villa-mitre\\\/\"},\"wordCount\":300,\"image\":{\"@id\":\"https:\\\/\\\/gentedebasquet.com.ar\\\/sitio\\\/2026\\\/03\\\/16\\\/gano-villa-mitre\\\/#primaryimage\"},\"thumbnailUrl\":\"https:\\\/\\\/gentedebasquet.com.ar\\\/sitio\\\/wp-content\\\/uploads\\\/2026\\\/03\\\/690-2.jpg\",\"keywords\":[\"Deportivo Viedma\",\"Villa Mitre\"],\"articleSection\":[\"#Overtime\",\"Liga Argentina\"],\"inLanguage\":\"es\"},{\"@type\":\"WebPage\",\"@id\":\"https:\\\/\\\/gentedebasquet.com.ar\\\/sitio\\\/2026\\\/03\\\/16\\\/gano-villa-mitre\\\/\",\"url\":\"https:\\\/\\\/gentedebasquet.com.ar\\\/sitio\\\/2026\\\/03\\\/16\\\/gano-villa-mitre\\\/\",\"name\":\"Gan\u00f3 Villa Mitre - Gente de B\u00e1squet\",\"isPartOf\":{\"@id\":\"https:\\\/\\\/gentedebasquet.com.ar\\\/sitio\\\/#website\"},\"primaryImageOfPage\":{\"@id\":\"https:\\\/\\\/gentedebasquet.com.ar\\\/sitio\\\/2026\\\/03\\\/16\\\/gano-villa-mitre\\\/#primaryimage\"},\"image\":{\"@id\":\"https:\\\/\\\/gentedebasquet.com.ar\\\/sitio\\\/2026\\\/03\\\/16\\\/gano-villa-mitre\\\/#primaryimage\"},\"thumbnailUrl\":\"https:\\\/\\\/gentedebasquet.com.ar\\\/sitio\\\/wp-content\\\/uploads\\\/2026\\\/03\\\/690-2.jpg\",\"datePublished\":\"2026-03-16T22:58:06+00:00\",\"dateModified\":\"2026-03-17T02:41:28+00:00\",\"author\":{\"@id\":\"https:\\\/\\\/gentedebasquet.com.ar\\\/sitio\\\/#\\\/schema\\\/person\\\/8aab22e4df61e089287228bd32bccc28\"},\"breadcrumb\":{\"@id\":\"https:\\\/\\\/gentedebasquet.com.ar\\\/sitio\\\/2026\\\/03\\\/16\\\/gano-villa-mitre\\\/#breadcrumb\"},\"inLanguage\":\"es\",\"potentialAction\":[{\"@type\":\"ReadAction\",\"target\":[\"https:\\\/\\\/gentedebasquet.com.ar\\\/sitio\\\/2026\\\/03\\\/16\\\/gano-villa-mitre\\\/\"]}]},{\"@type\":\"ImageObject\",\"inLanguage\":\"es\",\"@id\":\"https:\\\/\\\/gentedebasquet.com.ar\\\/sitio\\\/2026\\\/03\\\/16\\\/gano-villa-mitre\\\/#primaryimage\",\"url\":\"https:\\\/\\\/gentedebasquet.com.ar\\\/sitio\\\/wp-content\\\/uploads\\\/2026\\\/03\\\/690-2.jpg\",\"contentUrl\":\"https:\\\/\\\/gentedebasquet.com.ar\\\/sitio\\\/wp-content\\\/uploads\\\/2026\\\/03\\\/690-2.jpg\",\"width\":690,\"height\":319},{\"@type\":\"BreadcrumbList\",\"@id\":\"https:\\\/\\\/gentedebasquet.com.ar\\\/sitio\\\/2026\\\/03\\\/16\\\/gano-villa-mitre\\\/#breadcrumb\",\"itemListElement\":[{\"@type\":\"ListItem\",\"position\":1,\"name\":\"Portada\",\"item\":\"https:\\\/\\\/gentedebasquet.com.ar\\\/sitio\\\/\"},{\"@type\":\"ListItem\",\"position\":2,\"name\":\"Gan\u00f3 Villa Mitre\"}]},{\"@type\":\"WebSite\",\"@id\":\"https:\\\/\\\/gentedebasquet.com.ar\\\/sitio\\\/#website\",\"url\":\"https:\\\/\\\/gentedebasquet.com.ar\\\/sitio\\\/\",\"name\":\"Gente de B\u00e1squet\",\"description\":\"La revista del basquet de Bah\u00eda Blanca\",\"potentialAction\":[{\"@type\":\"SearchAction\",\"target\":{\"@type\":\"EntryPoint\",\"urlTemplate\":\"https:\\\/\\\/gentedebasquet.com.ar\\\/sitio\\\/?s={search_term_string}\"},\"query-input\":{\"@type\":\"PropertyValueSpecification\",\"valueRequired\":true,\"valueName\":\"search_term_string\"}}],\"inLanguage\":\"es\"},{\"@type\":\"Person\",\"@id\":\"https:\\\/\\\/gentedebasquet.com.ar\\\/sitio\\\/#\\\/schema\\\/person\\\/8aab22e4df61e089287228bd32bccc28\",\"name\":\"Franco Crivellini\",\"image\":{\"@type\":\"ImageObject\",\"inLanguage\":\"es\",\"@id\":\"https:\\\/\\\/secure.gravatar.com\\\/avatar\\\/821dc58be638215ae0ad83d46863403d1dbfc54f3224ab8ae62f29c924eb08d8?s=96&d=mm&r=g\",\"url\":\"https:\\\/\\\/secure.gravatar.com\\\/avatar\\\/821dc58be638215ae0ad83d46863403d1dbfc54f3224ab8ae62f29c924eb08d8?s=96&d=mm&r=g\",\"contentUrl\":\"https:\\\/\\\/secure.gravatar.com\\\/avatar\\\/821dc58be638215ae0ad83d46863403d1dbfc54f3224ab8ae62f29c924eb08d8?s=96&d=mm&r=g\",\"caption\":\"Franco Crivellini\"},\"url\":\"https:\\\/\\\/gentedebasquet.com.ar\\\/sitio\\\/author\\\/franco-crivellini\\\/\"}]}<\/script>\n<!-- \/ Yoast SEO plugin. -->","yoast_head_json":{"title":"Gan\u00f3 Villa Mitre - Gente de B\u00e1squet","robots":{"index":"index","follow":"follow","max-snippet":"max-snippet:-1","max-image-preview":"max-image-preview:large","max-video-preview":"max-video-preview:-1"},"canonical":"https:\/\/gentedebasquet.com.ar\/sitio\/2026\/03\/16\/gano-villa-mitre\/","og_locale":"es_ES","og_type":"article","og_title":"Gan\u00f3 Villa Mitre - Gente de B\u00e1squet","og_description":"El equipo bahiense se llev\u00f3 un partidazo al vencer a Deportivo Viedma por 83 a 77. En encuentro ajustado, dos triples consecutivos le dieron aire en el cierre (80-75); m\u00e1s un rebote ofensivo que le quit\u00f3 la chance de igualar al visitante. El local sumo mucho desde la l\u00ednea con efectividad (24\/26) y tuvo en [&hellip;]","og_url":"https:\/\/gentedebasquet.com.ar\/sitio\/2026\/03\/16\/gano-villa-mitre\/","og_site_name":"Gente de B\u00e1squet","article_published_time":"2026-03-16T22:58:06+00:00","article_modified_time":"2026-03-17T02:41:28+00:00","og_image":[{"width":690,"height":319,"url":"https:\/\/gentedebasquet.com.ar\/sitio\/wp-content\/uploads\/2026\/03\/690-2.jpg","type":"image\/jpeg"}],"author":"Franco Crivellini","twitter_card":"summary_large_image","twitter_misc":{"Escrito por":"Franco Crivellini","Tiempo de lectura":"2 minutos"},"schema":{"@context":"https:\/\/schema.org","@graph":[{"@type":"Article","@id":"https:\/\/gentedebasquet.com.ar\/sitio\/2026\/03\/16\/gano-villa-mitre\/#article","isPartOf":{"@id":"https:\/\/gentedebasquet.com.ar\/sitio\/2026\/03\/16\/gano-villa-mitre\/"},"author":{"name":"Franco Crivellini","@id":"https:\/\/gentedebasquet.com.ar\/sitio\/#\/schema\/person\/8aab22e4df61e089287228bd32bccc28"},"headline":"Gan\u00f3 Villa Mitre","datePublished":"2026-03-16T22:58:06+00:00","dateModified":"2026-03-17T02:41:28+00:00","mainEntityOfPage":{"@id":"https:\/\/gentedebasquet.com.ar\/sitio\/2026\/03\/16\/gano-villa-mitre\/"},"wordCount":300,"image":{"@id":"https:\/\/gentedebasquet.com.ar\/sitio\/2026\/03\/16\/gano-villa-mitre\/#primaryimage"},"thumbnailUrl":"https:\/\/gentedebasquet.com.ar\/sitio\/wp-content\/uploads\/2026\/03\/690-2.jpg","keywords":["Deportivo Viedma","Villa Mitre"],"articleSection":["#Overtime","Liga Argentina"],"inLanguage":"es"},{"@type":"WebPage","@id":"https:\/\/gentedebasquet.com.ar\/sitio\/2026\/03\/16\/gano-villa-mitre\/","url":"https:\/\/gentedebasquet.com.ar\/sitio\/2026\/03\/16\/gano-villa-mitre\/","name":"Gan\u00f3 Villa Mitre - Gente de B\u00e1squet","isPartOf":{"@id":"https:\/\/gentedebasquet.com.ar\/sitio\/#website"},"primaryImageOfPage":{"@id":"https:\/\/gentedebasquet.com.ar\/sitio\/2026\/03\/16\/gano-villa-mitre\/#primaryimage"},"image":{"@id":"https:\/\/gentedebasquet.com.ar\/sitio\/2026\/03\/16\/gano-villa-mitre\/#primaryimage"},"thumbnailUrl":"https:\/\/gentedebasquet.com.ar\/sitio\/wp-content\/uploads\/2026\/03\/690-2.jpg","datePublished":"2026-03-16T22:58:06+00:00","dateModified":"2026-03-17T02:41:28+00:00","author":{"@id":"https:\/\/gentedebasquet.com.ar\/sitio\/#\/schema\/person\/8aab22e4df61e089287228bd32bccc28"},"breadcrumb":{"@id":"https:\/\/gentedebasquet.com.ar\/sitio\/2026\/03\/16\/gano-villa-mitre\/#breadcrumb"},"inLanguage":"es","potentialAction":[{"@type":"ReadAction","target":["https:\/\/gentedebasquet.com.ar\/sitio\/2026\/03\/16\/gano-villa-mitre\/"]}]},{"@type":"ImageObject","inLanguage":"es","@id":"https:\/\/gentedebasquet.com.ar\/sitio\/2026\/03\/16\/gano-villa-mitre\/#primaryimage","url":"https:\/\/gentedebasquet.com.ar\/sitio\/wp-content\/uploads\/2026\/03\/690-2.jpg","contentUrl":"https:\/\/gentedebasquet.com.ar\/sitio\/wp-content\/uploads\/2026\/03\/690-2.jpg","width":690,"height":319},{"@type":"BreadcrumbList","@id":"https:\/\/gentedebasquet.com.ar\/sitio\/2026\/03\/16\/gano-villa-mitre\/#breadcrumb","itemListElement":[{"@type":"ListItem","position":1,"name":"Portada","item":"https:\/\/gentedebasquet.com.ar\/sitio\/"},{"@type":"ListItem","position":2,"name":"Gan\u00f3 Villa Mitre"}]},{"@type":"WebSite","@id":"https:\/\/gentedebasquet.com.ar\/sitio\/#website","url":"https:\/\/gentedebasquet.com.ar\/sitio\/","name":"Gente de B\u00e1squet","description":"La revista del basquet de Bah\u00eda Blanca","potentialAction":[{"@type":"SearchAction","target":{"@type":"EntryPoint","urlTemplate":"https:\/\/gentedebasquet.com.ar\/sitio\/?s={search_term_string}"},"query-input":{"@type":"PropertyValueSpecification","valueRequired":true,"valueName":"search_term_string"}}],"inLanguage":"es"},{"@type":"Person","@id":"https:\/\/gentedebasquet.com.ar\/sitio\/#\/schema\/person\/8aab22e4df61e089287228bd32bccc28","name":"Franco Crivellini","image":{"@type":"ImageObject","inLanguage":"es","@id":"https:\/\/secure.gravatar.com\/avatar\/821dc58be638215ae0ad83d46863403d1dbfc54f3224ab8ae62f29c924eb08d8?s=96&d=mm&r=g","url":"https:\/\/secure.gravatar.com\/avatar\/821dc58be638215ae0ad83d46863403d1dbfc54f3224ab8ae62f29c924eb08d8?s=96&d=mm&r=g","contentUrl":"https:\/\/secure.gravatar.com\/avatar\/821dc58be638215ae0ad83d46863403d1dbfc54f3224ab8ae62f29c924eb08d8?s=96&d=mm&r=g","caption":"Franco Crivellini"},"url":"https:\/\/gentedebasquet.com.ar\/sitio\/author\/franco-crivellini\/"}]}},"_links":{"self":[{"href":"https:\/\/gentedebasquet.com.ar\/sitio\/wp-json\/wp\/v2\/posts\/120136","targetHints":{"allow":["GET"]}}],"collection":[{"href":"https:\/\/gentedebasquet.com.ar\/sitio\/wp-json\/wp\/v2\/posts"}],"about":[{"href":"https:\/\/gentedebasquet.com.ar\/sitio\/wp-json\/wp\/v2\/types\/post"}],"author":[{"embeddable":true,"href":"https:\/\/gentedebasquet.com.ar\/sitio\/wp-json\/wp\/v2\/users\/47"}],"replies":[{"embeddable":true,"href":"https:\/\/gentedebasquet.com.ar\/sitio\/wp-json\/wp\/v2\/comments?post=120136"}],"version-history":[{"count":1,"href":"https:\/\/gentedebasquet.com.ar\/sitio\/wp-json\/wp\/v2\/posts\/120136\/revisions"}],"predecessor-version":[{"id":120139,"href":"https:\/\/gentedebasquet.com.ar\/sitio\/wp-json\/wp\/v2\/posts\/120136\/revisions\/120139"}],"wp:featuredmedia":[{"embeddable":true,"href":"https:\/\/gentedebasquet.com.ar\/sitio\/wp-json\/wp\/v2\/media\/120138"}],"wp:attachment":[{"href":"https:\/\/gentedebasquet.com.ar\/sitio\/wp-json\/wp\/v2\/media?parent=120136"}],"wp:term":[{"taxonomy":"category","embeddable":true,"href":"https:\/\/gentedebasquet.com.ar\/sitio\/wp-json\/wp\/v2\/categories?post=120136"},{"taxonomy":"post_tag","embeddable":true,"href":"https:\/\/gentedebasquet.com.ar\/sitio\/wp-json\/wp\/v2\/tags?post=120136"}],"curies":[{"name":"wp","href":"https:\/\/api.w.org\/{rel}","templated":true}]}}