{"id":121217,"date":"2026-04-27T14:29:13","date_gmt":"2026-04-27T12:29:13","guid":{"rendered":"https:\/\/gentedebasquet.com.ar\/sitio\/?p=121217"},"modified":"2026-04-27T14:29:13","modified_gmt":"2026-04-27T12:29:13","slug":"groppa-damaro-y-ruggiero-en-la-preseleccion-argentina","status":"publish","type":"post","link":"https:\/\/gentedebasquet.com.ar\/sitio\/2026\/04\/27\/groppa-damaro-y-ruggiero-en-la-preseleccion-argentina\/","title":{"rendered":"Groppa, Damaro y Ruggiero en la Preselecci\u00f3n Argentina"},"content":{"rendered":"<div class=\"col-12 col-lg-8 offset-lg-2 text-center\">\n<h1><\/h1>\n<\/div>\n<article class=\"col-12\">\n<div class=\"col-12 col-lg-8 offset-lg-2 text-center\">\n<figure class=\"col-12 contenido_caja imagen_detalle_noticia text-center\"><a class=\"enlace-foto-principal\" href=\"https:\/\/www.argentina.basketball\/archivos\/noticias\/35109\/zoom-foto-125555.jpg\"><img decoding=\"async\" title=\"\u00daltimo Campus de Desarrollo para la U18 masculina\" src=\"https:\/\/www.argentina.basketball\/archivos\/noticias\/35109\/zoom-foto-125555.jpg\" alt=\"\u00daltimo Campus de Desarrollo para la U18 masculina\" \/><\/a><figcaption>\u00daltimo Campus de Desarrollo para la U18 masculina<\/figcaption><\/figure>\n<\/div>\n<div class=\"col-12 mb-4 text-center\">\n<div id=\"redesSociales\" class=\"jssocials\">\n<div class=\"jssocials-shares\">\n<div class=\"jssocials-share jssocials-share-email\"><\/div>\n<div class=\"jssocials-share jssocials-share-twitter\"><\/div>\n<\/div>\n<\/div>\n<\/div>\n<div class=\"col-12 col-lg-8 offset-lg-2 datos_noticia\">\n<div class=\"col-12 contenido_caja p-0\">\n<div class=\"col-12 entradilla\">\n<p><strong>Se realizar\u00e1 del 20 al 30 de abril en el CeNARD con la participaci\u00f3n de 15 jugadores que militan en nuestro pa\u00eds. Luego de esta instancia, se conformar\u00e1 la Pre-Selecci\u00f3n que tendr\u00e1 su concentraci\u00f3n final. La AmeriCup de la categor\u00eda ya tiene fecha y sede.<\/strong><\/p>\n<\/div>\n<div class=\"col-12 parrafos-noticia\">\n<p>Contin\u00faa la preparaci\u00f3n de la U18 masculina de cara a la AmeriCup, el gran objetivo del calendario formativo masculino. En las \u00faltimas horas qued\u00f3 confirmada la fecha y la n\u00f3mina de jugadores que participar\u00e1n del tercer y \u00faltimo Campus de Desarrollo para la camada. Ser\u00e1 del 20 al 30 de abril en las instalaciones del CeNARD y contar\u00e1 con la participaci\u00f3n de 15 deportistas bajo la direcci\u00f3n del entrenador Mauro Polla. La competencia ser\u00e1 del 1 al 7 de junio en el Domo de la Feria, en Le\u00f3n, M\u00e9xico.<\/p>\n<p>Se trata de la tercera instancia del trabajo para el grupo que, acorde con la planificaci\u00f3n inicial, llev\u00f3 a cabo una concentraci\u00f3n por mes a partir de febrero. La m\u00e1s reciente fue en el lujoso DAM de Z\u00e1rate del 19 al 27 de marzo. Para esta oportunidad, la n\u00f3mina est\u00e1 compuesta por 15 jugadores, incluyendo 10 de los 12 que obtuvieron la medalla de plata en el Sudamericano U17 de fines del a\u00f1o pasado.<\/p>\n<p>Luego de esta etapa, quedar\u00e1 formalmente conformada la Pre-Selecci\u00f3n de la categor\u00eda, que volver\u00e1 a concentrar en las cercan\u00edas al torneo para ultimar detalles, confirmar el plantel y partir rumbo a M\u00e9xico. La AmeriCup ser\u00e1 del 1 al 7 de junio en Le\u00f3n. Argentina ser\u00e1 uno de los ocho equipos que compongan el certamen junto a Estados Unidos, Canad\u00e1, M\u00e9xico, Puerto Rico, Rep\u00fablica Dominicana, Brasil y Venezuela. La cita internacional otorgar\u00e1 cuatro boletos para el Mundial U19 del a\u00f1o pr\u00f3ximo.<\/p>\n<p><a title=\"\u00daltimo Campus de Desarrollo para la U18 masculina - Imagen 2\" href=\"https:\/\/www.argentina.basketball\/archivos\/noticias\/35109\/zoom-foto-125544.jpg\"><img decoding=\"async\" src=\"https:\/\/www.argentina.basketball\/archivos\/noticias\/35109\/foto-125544.jpg\" alt=\"\u00daltimo Campus de Desarrollo para la U18 masculina - Imagen 2\" \/><\/a><br \/>\n<strong>CAMPUS DE DESARROLLO U18 MASCULINO<\/strong><\/p>\n<ul>\n<li style=\"list-style-type: none;\">\n<ul>\n<li>Aman, Gonzalo | 2008 | Pe\u00f1arol de Mar del Plata<\/li>\n<\/ul>\n<\/li>\n<\/ul>\n<ul>\n<li style=\"list-style-type: none;\">\n<ul>\n<li>Caumo, Joaqu\u00edn | 2008 | Estudiantil Porte\u00f1o<\/li>\n<\/ul>\n<\/li>\n<\/ul>\n<ul>\n<li style=\"list-style-type: none;\">\n<ul>\n<li>Castillo, Sebasti\u00e1n | 2009 | Quimsa<\/li>\n<\/ul>\n<\/li>\n<\/ul>\n<ul>\n<li style=\"list-style-type: none;\">\n<ul>\n<li>C\u00e9liz, Joaqu\u00edn | 2008 | Obras Sanitarias<\/li>\n<\/ul>\n<\/li>\n<\/ul>\n<ul>\n<li style=\"list-style-type: none;\">\n<ul>\n<li><strong>Damaro, Luciano | 2008 | 9 de julio de Bah\u00eda Blanca<\/strong><\/li>\n<\/ul>\n<\/li>\n<\/ul>\n<ul>\n<li style=\"list-style-type: none;\">\n<ul>\n<li>Fessia, Mateo | 2008 | Boca Jrs<\/li>\n<\/ul>\n<\/li>\n<\/ul>\n<ul>\n<li style=\"list-style-type: none;\">\n<ul>\n<li>Gobetti, Bautista | 2008 | Provincial de Rosario<\/li>\n<\/ul>\n<\/li>\n<\/ul>\n<ul>\n<li style=\"list-style-type: none;\">\n<ul>\n<li><strong>Groppa, Genaro | 2008 | Liniers de Bah\u00eda Blanca<\/strong><\/li>\n<\/ul>\n<\/li>\n<\/ul>\n<ul>\n<li style=\"list-style-type: none;\">\n<ul>\n<li>Hern\u00e1ndez, Manuel | 2008 | Gimnasia de Santa Fe<\/li>\n<\/ul>\n<\/li>\n<\/ul>\n<ul>\n<li style=\"list-style-type: none;\">\n<ul>\n<li>L\u00f3pez Estela, Tiago | 2008 | Racing Club de Avellaneda<\/li>\n<\/ul>\n<\/li>\n<\/ul>\n<ul>\n<li style=\"list-style-type: none;\">\n<ul>\n<li>M\u00e1rquez, Juan | 2008 | Sportivo Escobar<\/li>\n<\/ul>\n<\/li>\n<\/ul>\n<ul>\n<li style=\"list-style-type: none;\">\n<ul>\n<li>Moravansky, Rom\u00e1n | 2008 | Ferro Carril Oeste<\/li>\n<\/ul>\n<\/li>\n<\/ul>\n<ul>\n<li style=\"list-style-type: none;\">\n<ul>\n<li>Pettinaroli, Santiago | 2008 | Bochas Sport Club de Colonia Caroya<\/li>\n<\/ul>\n<\/li>\n<\/ul>\n<ul>\n<li style=\"list-style-type: none;\">\n<ul>\n<li><strong>Ruggiero Federici, Leonel | 2008 | Bahiense del Norte<\/strong><\/li>\n<\/ul>\n<\/li>\n<\/ul>\n<ul>\n<li>Torrens, El\u00edas | 2008 | Obras Sanitarias<\/li>\n<\/ul>\n<p><strong>CUERPO T\u00c9CNICO<\/strong><\/p>\n<ul>\n<li>Entrenador: Polla, Mauro<\/li>\n<\/ul>\n<ul>\n<li>Asistente: Silveira, Alejandro<\/li>\n<\/ul>\n<ul>\n<li>Asistente: Varas, Juan<\/li>\n<\/ul>\n<\/div>\n<\/div>\n<\/div>\n<div class=\"row m-0 galeriaImagenes\">\n<div class=\"col-6 col-md-4 col-lg-3\"><\/div>\n<div class=\"col-6 col-md-4 col-lg-3\"><\/div>\n<div class=\"col-6 col-md-4 col-lg-3\">\n<figure><a title=\"\u00daltimo Campus de Desarrollo para la U18 masculina - Imagen 3\" href=\"https:\/\/www.argentina.basketball\/archivos\/noticias\/35109\/zoom-foto-125545.jpg\"><img decoding=\"async\" src=\"https:\/\/www.argentina.basketball\/archivos\/noticias\/35109\/foto-125545.jpg\" alt=\"\u00daltimo Campus de Desarrollo para la U18 masculina - Imagen 3\" \/><\/a><\/figure>\n<\/div>\n<div class=\"col-6 col-md-4 col-lg-3\"><\/div>\n<div class=\"col-6 col-md-4 col-lg-3\"><\/div>\n<div class=\"col-6 col-md-4 col-lg-3\"><\/div>\n<div class=\"col-6 col-md-4 col-lg-3\"><\/div>\n<div class=\"col-6 col-md-4 col-lg-3\">\n<figure><a title=\"\u00daltimo Campus de Desarrollo para la U18 masculina - Imagen 8\" href=\"https:\/\/www.argentina.basketball\/archivos\/noticias\/35109\/zoom-foto-125550.jpg\"><img decoding=\"async\" src=\"https:\/\/www.argentina.basketball\/archivos\/noticias\/35109\/foto-125550.jpg\" alt=\"\u00daltimo Campus de Desarrollo para la U18 masculina - Imagen 8\" \/><\/a><\/figure>\n<\/div>\n<div class=\"col-6 col-md-4 col-lg-3\"><\/div>\n<\/div>\n<\/article>\n","protected":false},"excerpt":{"rendered":"<p>\u00daltimo Campus de Desarrollo para la U18 masculina Se realizar\u00e1 del 20 al 30 de abril en el CeNARD con la participaci\u00f3n de 15 jugadores que militan en nuestro pa\u00eds. Luego de esta instancia, se conformar\u00e1 la Pre-Selecci\u00f3n que tendr\u00e1 su concentraci\u00f3n final. La AmeriCup de la categor\u00eda ya tiene fecha y sede. Contin\u00faa la [&hellip;]<\/p>\n","protected":false},"author":86,"featured_media":121218,"comment_status":"closed","ping_status":"open","sticky":false,"template":"","format":"standard","meta":{"jnews-multi-image_gallery":[],"jnews_single_post":[],"jnews_primary_category":[],"footnotes":""},"categories":[24,101],"tags":[1527,2098],"class_list":["post-121217","post","type-post","status-publish","format-standard","has-post-thumbnail","hentry","category-overtime","category-slide","tag-americup","tag-argentino-u18"],"yoast_head":"<!-- This site is optimized with the Yoast SEO plugin v27.4 - https:\/\/yoast.com\/product\/yoast-seo-wordpress\/ -->\n<title>Groppa, Damaro y Ruggiero en la Preselecci\u00f3n Argentina - Gente de B\u00e1squet<\/title>\n<meta name=\"robots\" content=\"index, follow, max-snippet:-1, max-image-preview:large, max-video-preview:-1\" \/>\n<link rel=\"canonical\" href=\"https:\/\/gentedebasquet.com.ar\/sitio\/2026\/04\/27\/groppa-damaro-y-ruggiero-en-la-preseleccion-argentina\/\" \/>\n<meta property=\"og:locale\" content=\"es_ES\" \/>\n<meta property=\"og:type\" content=\"article\" \/>\n<meta property=\"og:title\" content=\"Groppa, Damaro y Ruggiero en la Preselecci\u00f3n Argentina - Gente de B\u00e1squet\" \/>\n<meta property=\"og:description\" content=\"\u00daltimo Campus de Desarrollo para la U18 masculina Se realizar\u00e1 del 20 al 30 de abril en el CeNARD con la participaci\u00f3n de 15 jugadores que militan en nuestro pa\u00eds. Luego de esta instancia, se conformar\u00e1 la Pre-Selecci\u00f3n que tendr\u00e1 su concentraci\u00f3n final. La AmeriCup de la categor\u00eda ya tiene fecha y sede. Contin\u00faa la [&hellip;]\" \/>\n<meta property=\"og:url\" content=\"https:\/\/gentedebasquet.com.ar\/sitio\/2026\/04\/27\/groppa-damaro-y-ruggiero-en-la-preseleccion-argentina\/\" \/>\n<meta property=\"og:site_name\" content=\"Gente de B\u00e1squet\" \/>\n<meta property=\"article:published_time\" content=\"2026-04-27T12:29:13+00:00\" \/>\n<meta property=\"og:image\" content=\"http:\/\/gentedebasquet.com.ar\/sitio\/wp-content\/uploads\/2026\/04\/WhatsApp-Image-2026-04-26-at-5.06.04-PM.jpeg\" \/>\n\t<meta property=\"og:image:width\" content=\"550\" \/>\n\t<meta property=\"og:image:height\" content=\"793\" \/>\n\t<meta property=\"og:image:type\" content=\"image\/jpeg\" \/>\n<meta name=\"author\" content=\"Benjam\u00edn Ziede\" \/>\n<meta name=\"twitter:card\" content=\"summary_large_image\" \/>\n<meta name=\"twitter:label1\" content=\"Escrito por\" \/>\n\t<meta name=\"twitter:data1\" content=\"Benjam\u00edn Ziede\" \/>\n\t<meta name=\"twitter:label2\" content=\"Tiempo de lectura\" \/>\n\t<meta name=\"twitter:data2\" content=\"4 minutos\" \/>\n<script type=\"application\/ld+json\" class=\"yoast-schema-graph\">{\"@context\":\"https:\\\/\\\/schema.org\",\"@graph\":[{\"@type\":\"Article\",\"@id\":\"https:\\\/\\\/gentedebasquet.com.ar\\\/sitio\\\/2026\\\/04\\\/27\\\/groppa-damaro-y-ruggiero-en-la-preseleccion-argentina\\\/#article\",\"isPartOf\":{\"@id\":\"https:\\\/\\\/gentedebasquet.com.ar\\\/sitio\\\/2026\\\/04\\\/27\\\/groppa-damaro-y-ruggiero-en-la-preseleccion-argentina\\\/\"},\"author\":{\"name\":\"Benjam\u00edn Ziede\",\"@id\":\"http:\\\/\\\/gentedebasquet.com.ar\\\/sitio\\\/#\\\/schema\\\/person\\\/f61a8102f7411c43e47beb79057b202b\"},\"headline\":\"Groppa, Damaro y Ruggiero en la Preselecci\u00f3n Argentina\",\"datePublished\":\"2026-04-27T12:29:13+00:00\",\"mainEntityOfPage\":{\"@id\":\"https:\\\/\\\/gentedebasquet.com.ar\\\/sitio\\\/2026\\\/04\\\/27\\\/groppa-damaro-y-ruggiero-en-la-preseleccion-argentina\\\/\"},\"wordCount\":428,\"image\":{\"@id\":\"https:\\\/\\\/gentedebasquet.com.ar\\\/sitio\\\/2026\\\/04\\\/27\\\/groppa-damaro-y-ruggiero-en-la-preseleccion-argentina\\\/#primaryimage\"},\"thumbnailUrl\":\"https:\\\/\\\/gentedebasquet.com.ar\\\/sitio\\\/wp-content\\\/uploads\\\/2026\\\/04\\\/WhatsApp-Image-2026-04-26-at-5.06.04-PM.jpeg\",\"keywords\":[\"AmeriCup\",\"Argentino U18\"],\"articleSection\":[\"#Overtime\",\"Slide\"],\"inLanguage\":\"es\"},{\"@type\":\"WebPage\",\"@id\":\"https:\\\/\\\/gentedebasquet.com.ar\\\/sitio\\\/2026\\\/04\\\/27\\\/groppa-damaro-y-ruggiero-en-la-preseleccion-argentina\\\/\",\"url\":\"https:\\\/\\\/gentedebasquet.com.ar\\\/sitio\\\/2026\\\/04\\\/27\\\/groppa-damaro-y-ruggiero-en-la-preseleccion-argentina\\\/\",\"name\":\"Groppa, Damaro y Ruggiero en la Preselecci\u00f3n Argentina - Gente de B\u00e1squet\",\"isPartOf\":{\"@id\":\"http:\\\/\\\/gentedebasquet.com.ar\\\/sitio\\\/#website\"},\"primaryImageOfPage\":{\"@id\":\"https:\\\/\\\/gentedebasquet.com.ar\\\/sitio\\\/2026\\\/04\\\/27\\\/groppa-damaro-y-ruggiero-en-la-preseleccion-argentina\\\/#primaryimage\"},\"image\":{\"@id\":\"https:\\\/\\\/gentedebasquet.com.ar\\\/sitio\\\/2026\\\/04\\\/27\\\/groppa-damaro-y-ruggiero-en-la-preseleccion-argentina\\\/#primaryimage\"},\"thumbnailUrl\":\"https:\\\/\\\/gentedebasquet.com.ar\\\/sitio\\\/wp-content\\\/uploads\\\/2026\\\/04\\\/WhatsApp-Image-2026-04-26-at-5.06.04-PM.jpeg\",\"datePublished\":\"2026-04-27T12:29:13+00:00\",\"author\":{\"@id\":\"http:\\\/\\\/gentedebasquet.com.ar\\\/sitio\\\/#\\\/schema\\\/person\\\/f61a8102f7411c43e47beb79057b202b\"},\"breadcrumb\":{\"@id\":\"https:\\\/\\\/gentedebasquet.com.ar\\\/sitio\\\/2026\\\/04\\\/27\\\/groppa-damaro-y-ruggiero-en-la-preseleccion-argentina\\\/#breadcrumb\"},\"inLanguage\":\"es\",\"potentialAction\":[{\"@type\":\"ReadAction\",\"target\":[\"https:\\\/\\\/gentedebasquet.com.ar\\\/sitio\\\/2026\\\/04\\\/27\\\/groppa-damaro-y-ruggiero-en-la-preseleccion-argentina\\\/\"]}]},{\"@type\":\"ImageObject\",\"inLanguage\":\"es\",\"@id\":\"https:\\\/\\\/gentedebasquet.com.ar\\\/sitio\\\/2026\\\/04\\\/27\\\/groppa-damaro-y-ruggiero-en-la-preseleccion-argentina\\\/#primaryimage\",\"url\":\"https:\\\/\\\/gentedebasquet.com.ar\\\/sitio\\\/wp-content\\\/uploads\\\/2026\\\/04\\\/WhatsApp-Image-2026-04-26-at-5.06.04-PM.jpeg\",\"contentUrl\":\"https:\\\/\\\/gentedebasquet.com.ar\\\/sitio\\\/wp-content\\\/uploads\\\/2026\\\/04\\\/WhatsApp-Image-2026-04-26-at-5.06.04-PM.jpeg\",\"width\":550,\"height\":793},{\"@type\":\"BreadcrumbList\",\"@id\":\"https:\\\/\\\/gentedebasquet.com.ar\\\/sitio\\\/2026\\\/04\\\/27\\\/groppa-damaro-y-ruggiero-en-la-preseleccion-argentina\\\/#breadcrumb\",\"itemListElement\":[{\"@type\":\"ListItem\",\"position\":1,\"name\":\"Portada\",\"item\":\"http:\\\/\\\/gentedebasquet.com.ar\\\/sitio\\\/\"},{\"@type\":\"ListItem\",\"position\":2,\"name\":\"Groppa, Damaro y Ruggiero en la Preselecci\u00f3n Argentina\"}]},{\"@type\":\"WebSite\",\"@id\":\"http:\\\/\\\/gentedebasquet.com.ar\\\/sitio\\\/#website\",\"url\":\"http:\\\/\\\/gentedebasquet.com.ar\\\/sitio\\\/\",\"name\":\"Gente de B\u00e1squet\",\"description\":\"La revista del basquet de Bah\u00eda Blanca\",\"potentialAction\":[{\"@type\":\"SearchAction\",\"target\":{\"@type\":\"EntryPoint\",\"urlTemplate\":\"http:\\\/\\\/gentedebasquet.com.ar\\\/sitio\\\/?s={search_term_string}\"},\"query-input\":{\"@type\":\"PropertyValueSpecification\",\"valueRequired\":true,\"valueName\":\"search_term_string\"}}],\"inLanguage\":\"es\"},{\"@type\":\"Person\",\"@id\":\"http:\\\/\\\/gentedebasquet.com.ar\\\/sitio\\\/#\\\/schema\\\/person\\\/f61a8102f7411c43e47beb79057b202b\",\"name\":\"Benjam\u00edn Ziede\",\"image\":{\"@type\":\"ImageObject\",\"inLanguage\":\"es\",\"@id\":\"https:\\\/\\\/secure.gravatar.com\\\/avatar\\\/8f574951df8700f5441783f8c446d6f1b3ba22b80b888df110e80fe425210cdf?s=96&d=mm&r=g\",\"url\":\"https:\\\/\\\/secure.gravatar.com\\\/avatar\\\/8f574951df8700f5441783f8c446d6f1b3ba22b80b888df110e80fe425210cdf?s=96&d=mm&r=g\",\"contentUrl\":\"https:\\\/\\\/secure.gravatar.com\\\/avatar\\\/8f574951df8700f5441783f8c446d6f1b3ba22b80b888df110e80fe425210cdf?s=96&d=mm&r=g\",\"caption\":\"Benjam\u00edn Ziede\"},\"url\":\"https:\\\/\\\/gentedebasquet.com.ar\\\/sitio\\\/author\\\/benjamin\\\/\"}]}<\/script>\n<!-- \/ Yoast SEO plugin. -->","yoast_head_json":{"title":"Groppa, Damaro y Ruggiero en la Preselecci\u00f3n Argentina - Gente de B\u00e1squet","robots":{"index":"index","follow":"follow","max-snippet":"max-snippet:-1","max-image-preview":"max-image-preview:large","max-video-preview":"max-video-preview:-1"},"canonical":"https:\/\/gentedebasquet.com.ar\/sitio\/2026\/04\/27\/groppa-damaro-y-ruggiero-en-la-preseleccion-argentina\/","og_locale":"es_ES","og_type":"article","og_title":"Groppa, Damaro y Ruggiero en la Preselecci\u00f3n Argentina - Gente de B\u00e1squet","og_description":"\u00daltimo Campus de Desarrollo para la U18 masculina Se realizar\u00e1 del 20 al 30 de abril en el CeNARD con la participaci\u00f3n de 15 jugadores que militan en nuestro pa\u00eds. Luego de esta instancia, se conformar\u00e1 la Pre-Selecci\u00f3n que tendr\u00e1 su concentraci\u00f3n final. La AmeriCup de la categor\u00eda ya tiene fecha y sede. Contin\u00faa la [&hellip;]","og_url":"https:\/\/gentedebasquet.com.ar\/sitio\/2026\/04\/27\/groppa-damaro-y-ruggiero-en-la-preseleccion-argentina\/","og_site_name":"Gente de B\u00e1squet","article_published_time":"2026-04-27T12:29:13+00:00","og_image":[{"width":550,"height":793,"url":"http:\/\/gentedebasquet.com.ar\/sitio\/wp-content\/uploads\/2026\/04\/WhatsApp-Image-2026-04-26-at-5.06.04-PM.jpeg","type":"image\/jpeg"}],"author":"Benjam\u00edn Ziede","twitter_card":"summary_large_image","twitter_misc":{"Escrito por":"Benjam\u00edn Ziede","Tiempo de lectura":"4 minutos"},"schema":{"@context":"https:\/\/schema.org","@graph":[{"@type":"Article","@id":"https:\/\/gentedebasquet.com.ar\/sitio\/2026\/04\/27\/groppa-damaro-y-ruggiero-en-la-preseleccion-argentina\/#article","isPartOf":{"@id":"https:\/\/gentedebasquet.com.ar\/sitio\/2026\/04\/27\/groppa-damaro-y-ruggiero-en-la-preseleccion-argentina\/"},"author":{"name":"Benjam\u00edn Ziede","@id":"http:\/\/gentedebasquet.com.ar\/sitio\/#\/schema\/person\/f61a8102f7411c43e47beb79057b202b"},"headline":"Groppa, Damaro y Ruggiero en la Preselecci\u00f3n Argentina","datePublished":"2026-04-27T12:29:13+00:00","mainEntityOfPage":{"@id":"https:\/\/gentedebasquet.com.ar\/sitio\/2026\/04\/27\/groppa-damaro-y-ruggiero-en-la-preseleccion-argentina\/"},"wordCount":428,"image":{"@id":"https:\/\/gentedebasquet.com.ar\/sitio\/2026\/04\/27\/groppa-damaro-y-ruggiero-en-la-preseleccion-argentina\/#primaryimage"},"thumbnailUrl":"https:\/\/gentedebasquet.com.ar\/sitio\/wp-content\/uploads\/2026\/04\/WhatsApp-Image-2026-04-26-at-5.06.04-PM.jpeg","keywords":["AmeriCup","Argentino U18"],"articleSection":["#Overtime","Slide"],"inLanguage":"es"},{"@type":"WebPage","@id":"https:\/\/gentedebasquet.com.ar\/sitio\/2026\/04\/27\/groppa-damaro-y-ruggiero-en-la-preseleccion-argentina\/","url":"https:\/\/gentedebasquet.com.ar\/sitio\/2026\/04\/27\/groppa-damaro-y-ruggiero-en-la-preseleccion-argentina\/","name":"Groppa, Damaro y Ruggiero en la Preselecci\u00f3n Argentina - Gente de B\u00e1squet","isPartOf":{"@id":"http:\/\/gentedebasquet.com.ar\/sitio\/#website"},"primaryImageOfPage":{"@id":"https:\/\/gentedebasquet.com.ar\/sitio\/2026\/04\/27\/groppa-damaro-y-ruggiero-en-la-preseleccion-argentina\/#primaryimage"},"image":{"@id":"https:\/\/gentedebasquet.com.ar\/sitio\/2026\/04\/27\/groppa-damaro-y-ruggiero-en-la-preseleccion-argentina\/#primaryimage"},"thumbnailUrl":"https:\/\/gentedebasquet.com.ar\/sitio\/wp-content\/uploads\/2026\/04\/WhatsApp-Image-2026-04-26-at-5.06.04-PM.jpeg","datePublished":"2026-04-27T12:29:13+00:00","author":{"@id":"http:\/\/gentedebasquet.com.ar\/sitio\/#\/schema\/person\/f61a8102f7411c43e47beb79057b202b"},"breadcrumb":{"@id":"https:\/\/gentedebasquet.com.ar\/sitio\/2026\/04\/27\/groppa-damaro-y-ruggiero-en-la-preseleccion-argentina\/#breadcrumb"},"inLanguage":"es","potentialAction":[{"@type":"ReadAction","target":["https:\/\/gentedebasquet.com.ar\/sitio\/2026\/04\/27\/groppa-damaro-y-ruggiero-en-la-preseleccion-argentina\/"]}]},{"@type":"ImageObject","inLanguage":"es","@id":"https:\/\/gentedebasquet.com.ar\/sitio\/2026\/04\/27\/groppa-damaro-y-ruggiero-en-la-preseleccion-argentina\/#primaryimage","url":"https:\/\/gentedebasquet.com.ar\/sitio\/wp-content\/uploads\/2026\/04\/WhatsApp-Image-2026-04-26-at-5.06.04-PM.jpeg","contentUrl":"https:\/\/gentedebasquet.com.ar\/sitio\/wp-content\/uploads\/2026\/04\/WhatsApp-Image-2026-04-26-at-5.06.04-PM.jpeg","width":550,"height":793},{"@type":"BreadcrumbList","@id":"https:\/\/gentedebasquet.com.ar\/sitio\/2026\/04\/27\/groppa-damaro-y-ruggiero-en-la-preseleccion-argentina\/#breadcrumb","itemListElement":[{"@type":"ListItem","position":1,"name":"Portada","item":"http:\/\/gentedebasquet.com.ar\/sitio\/"},{"@type":"ListItem","position":2,"name":"Groppa, Damaro y Ruggiero en la Preselecci\u00f3n Argentina"}]},{"@type":"WebSite","@id":"http:\/\/gentedebasquet.com.ar\/sitio\/#website","url":"http:\/\/gentedebasquet.com.ar\/sitio\/","name":"Gente de B\u00e1squet","description":"La revista del basquet de Bah\u00eda Blanca","potentialAction":[{"@type":"SearchAction","target":{"@type":"EntryPoint","urlTemplate":"http:\/\/gentedebasquet.com.ar\/sitio\/?s={search_term_string}"},"query-input":{"@type":"PropertyValueSpecification","valueRequired":true,"valueName":"search_term_string"}}],"inLanguage":"es"},{"@type":"Person","@id":"http:\/\/gentedebasquet.com.ar\/sitio\/#\/schema\/person\/f61a8102f7411c43e47beb79057b202b","name":"Benjam\u00edn Ziede","image":{"@type":"ImageObject","inLanguage":"es","@id":"https:\/\/secure.gravatar.com\/avatar\/8f574951df8700f5441783f8c446d6f1b3ba22b80b888df110e80fe425210cdf?s=96&d=mm&r=g","url":"https:\/\/secure.gravatar.com\/avatar\/8f574951df8700f5441783f8c446d6f1b3ba22b80b888df110e80fe425210cdf?s=96&d=mm&r=g","contentUrl":"https:\/\/secure.gravatar.com\/avatar\/8f574951df8700f5441783f8c446d6f1b3ba22b80b888df110e80fe425210cdf?s=96&d=mm&r=g","caption":"Benjam\u00edn Ziede"},"url":"https:\/\/gentedebasquet.com.ar\/sitio\/author\/benjamin\/"}]}},"_links":{"self":[{"href":"https:\/\/gentedebasquet.com.ar\/sitio\/wp-json\/wp\/v2\/posts\/121217","targetHints":{"allow":["GET"]}}],"collection":[{"href":"https:\/\/gentedebasquet.com.ar\/sitio\/wp-json\/wp\/v2\/posts"}],"about":[{"href":"https:\/\/gentedebasquet.com.ar\/sitio\/wp-json\/wp\/v2\/types\/post"}],"author":[{"embeddable":true,"href":"https:\/\/gentedebasquet.com.ar\/sitio\/wp-json\/wp\/v2\/users\/86"}],"replies":[{"embeddable":true,"href":"https:\/\/gentedebasquet.com.ar\/sitio\/wp-json\/wp\/v2\/comments?post=121217"}],"version-history":[{"count":2,"href":"https:\/\/gentedebasquet.com.ar\/sitio\/wp-json\/wp\/v2\/posts\/121217\/revisions"}],"predecessor-version":[{"id":121220,"href":"https:\/\/gentedebasquet.com.ar\/sitio\/wp-json\/wp\/v2\/posts\/121217\/revisions\/121220"}],"wp:featuredmedia":[{"embeddable":true,"href":"https:\/\/gentedebasquet.com.ar\/sitio\/wp-json\/wp\/v2\/media\/121218"}],"wp:attachment":[{"href":"https:\/\/gentedebasquet.com.ar\/sitio\/wp-json\/wp\/v2\/media?parent=121217"}],"wp:term":[{"taxonomy":"category","embeddable":true,"href":"https:\/\/gentedebasquet.com.ar\/sitio\/wp-json\/wp\/v2\/categories?post=121217"},{"taxonomy":"post_tag","embeddable":true,"href":"https:\/\/gentedebasquet.com.ar\/sitio\/wp-json\/wp\/v2\/tags?post=121217"}],"curies":[{"name":"wp","href":"https:\/\/api.w.org\/{rel}","templated":true}]}}