{"id":121254,"date":"2026-04-28T16:43:44","date_gmt":"2026-04-28T14:43:44","guid":{"rendered":"https:\/\/gentedebasquet.com.ar\/sitio\/?p=121254"},"modified":"2026-04-28T17:28:02","modified_gmt":"2026-04-28T15:28:02","slug":"iglesias-hizo-lo-imposible-el-tiro-que-escribio-la-historia-de-villa-mitre","status":"publish","type":"post","link":"https:\/\/gentedebasquet.com.ar\/sitio\/2026\/04\/28\/iglesias-hizo-lo-imposible-el-tiro-que-escribio-la-historia-de-villa-mitre\/","title":{"rendered":"Iglesias hizo lo imposible: el tiro que escribi\u00f3 la historia de Villa Mitre"},"content":{"rendered":"<p><img decoding=\"async\" class=\"alignnone wp-image-121226 size-large\" src=\"http:\/\/gentedebasquet.com.ar\/sitio\/wp-content\/uploads\/2026\/04\/WhatsApp-Image-2026-04-28-at-12.30.54-AM-1024x771.jpeg\" alt=\"\" width=\"1024\" height=\"771\" srcset=\"https:\/\/gentedebasquet.com.ar\/sitio\/wp-content\/uploads\/2026\/04\/WhatsApp-Image-2026-04-28-at-12.30.54-AM-1024x771.jpeg 1024w, https:\/\/gentedebasquet.com.ar\/sitio\/wp-content\/uploads\/2026\/04\/WhatsApp-Image-2026-04-28-at-12.30.54-AM-300x226.jpeg 300w, https:\/\/gentedebasquet.com.ar\/sitio\/wp-content\/uploads\/2026\/04\/WhatsApp-Image-2026-04-28-at-12.30.54-AM-768x578.jpeg 768w, https:\/\/gentedebasquet.com.ar\/sitio\/wp-content\/uploads\/2026\/04\/WhatsApp-Image-2026-04-28-at-12.30.54-AM-1536x1156.jpeg 1536w, https:\/\/gentedebasquet.com.ar\/sitio\/wp-content\/uploads\/2026\/04\/WhatsApp-Image-2026-04-28-at-12.30.54-AM-750x564.jpeg 750w, https:\/\/gentedebasquet.com.ar\/sitio\/wp-content\/uploads\/2026\/04\/WhatsApp-Image-2026-04-28-at-12.30.54-AM-1140x858.jpeg 1140w, https:\/\/gentedebasquet.com.ar\/sitio\/wp-content\/uploads\/2026\/04\/WhatsApp-Image-2026-04-28-at-12.30.54-AM.jpeg 1600w\" sizes=\"(max-width: 1024px) 100vw, 1024px\" \/><\/p>\n<div>\n<p><strong>Fecha 5, donde se jugaba un partido pendiente entre Alem y Villa Mitre, partido inesperadamente sorpresivo para el conjunto de Menendez.\u00a0<\/strong><\/p>\n<\/div>\n<p>Arranc\u00f3 el primer cuarto con Cavero abriendo el marcador para el conjunto visitante. El tramo medio se mantuvo equilibrado, con ida y vuelta constante, sin que ninguno lograra despegarse, hasta que apareci\u00f3 Alimenti con un triple clave para Villa Mitre que empez\u00f3 a inclinar el cierre del cuarto, dejando el parcial 14-17.<\/p>\n<div>\n<p>Continu\u00f3 el segundo cuarto con Alem reaccionando en ofensiva a partir de D\u2019Anunzio y Zapata, que le dieron mayor fluidez al ataque y le permitieron empezar a inclinar el ritmo del juego en ese tramo. A partir de ah\u00ed, el verdemela fue sosteniendo la ventaja en un cierre apretado, donde Zapata apareci\u00f3 con 3 puntos en los \u00faltimos 8 segundos para cerrar el parcial 29-26 y yendo con ventaja local sobre el primer cuarto.<\/p>\n<p>Se desarroll\u00f3 el tercer cuarto con Alem y Villa Mitre sosteniendo un tr\u00e1mite muy parejo, sin sacarse ventajas claras en el desarrollo. El intercambio fue constante, en un per\u00edodo corto y cerrado que termin\u00f3 18-17, dejando el global 47-43 para Alem, manteniendo la ilusion de su segunda victoria.<\/p>\n<p>Para terminar el \u00faltimo cuarto entre Alem y Villa Mitre, el partido arranc\u00f3 con Joaqu\u00edn Jasen anotando a los 3 minutos para poner el 50-51 para el tricolor, en un cierre abierto y de m\u00e1xima tensi\u00f3n. En los \u00faltimos 4 minutos lleg\u00f3 el quiebre: la expulsi\u00f3n del entrenador de Alem, Jasen, por no estar registrado en la planilla, y la sanci\u00f3n que recay\u00f3 sobre Zapata, capit\u00e1n del equipo, tambi\u00e9n expulsado por t\u00e9cnica y antideportiva, dejando al verdemela sin sus dos piezas clave.<br \/>\nCon el juego igualado y las bajas importantes para el local, los \u00faltimos tres minutos fueron de ida y vuelta constante, hasta que a 0.08 segundos del final en el equipo de Menendez apareci\u00f3 Manuel Iglesias con un lanzamiento de m\u00e1s de mitad de cancha, un triplazo desde su propio campo que escribi\u00f3 la historia de Villa Mitre, cerrando el 72-73 sobre el final del partido.<\/p>\n<\/div>\n<p><b>Villa Mitre sube al puesto 6, de la tabla para entrar en la competicion, donde en la siguiente fecha, recibir\u00e1 a Barrio Hospital, mientras que Alem, queda ultimo y solo en la tabla, tendra que recibir a Pacifico, para buscar su segunda victoria.<\/b><\/p>\n<div class=\"jeg_video_container jeg_video_content\"><iframe loading=\"lazy\" title=\"#Primera - Fecha #5: Alem 72 - Villa Mitre 73\" width=\"500\" height=\"281\" src=\"https:\/\/www.youtube.com\/embed\/gB4nH-wrzAE?feature=oembed\" frameborder=\"0\" allow=\"accelerometer; autoplay; clipboard-write; encrypted-media; gyroscope; picture-in-picture; web-share\" referrerpolicy=\"strict-origin-when-cross-origin\" allowfullscreen><\/iframe><\/div>\n<p>&nbsp;<\/p>\n<p><img decoding=\"async\" class=\"alignnone wp-image-121223 \" src=\"http:\/\/gentedebasquet.com.ar\/sitio\/wp-content\/uploads\/2026\/04\/WhatsApp-Image-2026-04-28-at-12.38.41-AM-1024x1024.jpeg\" alt=\"\" width=\"302\" height=\"302\" data-pin-no-hover=\"true\" srcset=\"https:\/\/gentedebasquet.com.ar\/sitio\/wp-content\/uploads\/2026\/04\/WhatsApp-Image-2026-04-28-at-12.38.41-AM-1024x1024.jpeg 1024w, https:\/\/gentedebasquet.com.ar\/sitio\/wp-content\/uploads\/2026\/04\/WhatsApp-Image-2026-04-28-at-12.38.41-AM-300x300.jpeg 300w, https:\/\/gentedebasquet.com.ar\/sitio\/wp-content\/uploads\/2026\/04\/WhatsApp-Image-2026-04-28-at-12.38.41-AM-150x150.jpeg 150w, https:\/\/gentedebasquet.com.ar\/sitio\/wp-content\/uploads\/2026\/04\/WhatsApp-Image-2026-04-28-at-12.38.41-AM-768x768.jpeg 768w, https:\/\/gentedebasquet.com.ar\/sitio\/wp-content\/uploads\/2026\/04\/WhatsApp-Image-2026-04-28-at-12.38.41-AM-1536x1536.jpeg 1536w, https:\/\/gentedebasquet.com.ar\/sitio\/wp-content\/uploads\/2026\/04\/WhatsApp-Image-2026-04-28-at-12.38.41-AM-75x75.jpeg 75w, https:\/\/gentedebasquet.com.ar\/sitio\/wp-content\/uploads\/2026\/04\/WhatsApp-Image-2026-04-28-at-12.38.41-AM-350x350.jpeg 350w, https:\/\/gentedebasquet.com.ar\/sitio\/wp-content\/uploads\/2026\/04\/WhatsApp-Image-2026-04-28-at-12.38.41-AM-750x750.jpeg 750w, https:\/\/gentedebasquet.com.ar\/sitio\/wp-content\/uploads\/2026\/04\/WhatsApp-Image-2026-04-28-at-12.38.41-AM-1140x1140.jpeg 1140w, https:\/\/gentedebasquet.com.ar\/sitio\/wp-content\/uploads\/2026\/04\/WhatsApp-Image-2026-04-28-at-12.38.41-AM.jpeg 1600w\" sizes=\"(max-width: 302px) 100vw, 302px\" \/><\/p>\n<p><img decoding=\"async\" class=\"alignnone wp-image-121224 \" src=\"http:\/\/gentedebasquet.com.ar\/sitio\/wp-content\/uploads\/2026\/04\/WhatsApp-Image-2026-04-28-at-12.35.27-AM-1024x1024.jpeg\" alt=\"\" width=\"303\" height=\"303\" data-pin-no-hover=\"true\" srcset=\"https:\/\/gentedebasquet.com.ar\/sitio\/wp-content\/uploads\/2026\/04\/WhatsApp-Image-2026-04-28-at-12.35.27-AM-1024x1024.jpeg 1024w, https:\/\/gentedebasquet.com.ar\/sitio\/wp-content\/uploads\/2026\/04\/WhatsApp-Image-2026-04-28-at-12.35.27-AM-300x300.jpeg 300w, https:\/\/gentedebasquet.com.ar\/sitio\/wp-content\/uploads\/2026\/04\/WhatsApp-Image-2026-04-28-at-12.35.27-AM-150x150.jpeg 150w, https:\/\/gentedebasquet.com.ar\/sitio\/wp-content\/uploads\/2026\/04\/WhatsApp-Image-2026-04-28-at-12.35.27-AM-768x768.jpeg 768w, https:\/\/gentedebasquet.com.ar\/sitio\/wp-content\/uploads\/2026\/04\/WhatsApp-Image-2026-04-28-at-12.35.27-AM-1536x1536.jpeg 1536w, https:\/\/gentedebasquet.com.ar\/sitio\/wp-content\/uploads\/2026\/04\/WhatsApp-Image-2026-04-28-at-12.35.27-AM-75x75.jpeg 75w, https:\/\/gentedebasquet.com.ar\/sitio\/wp-content\/uploads\/2026\/04\/WhatsApp-Image-2026-04-28-at-12.35.27-AM-350x350.jpeg 350w, https:\/\/gentedebasquet.com.ar\/sitio\/wp-content\/uploads\/2026\/04\/WhatsApp-Image-2026-04-28-at-12.35.27-AM-750x750.jpeg 750w, https:\/\/gentedebasquet.com.ar\/sitio\/wp-content\/uploads\/2026\/04\/WhatsApp-Image-2026-04-28-at-12.35.27-AM-1140x1140.jpeg 1140w, https:\/\/gentedebasquet.com.ar\/sitio\/wp-content\/uploads\/2026\/04\/WhatsApp-Image-2026-04-28-at-12.35.27-AM.jpeg 1600w\" sizes=\"(max-width: 303px) 100vw, 303px\" \/><\/p>\n<blockquote><p><img decoding=\"async\" class=\"alignnone wp-image-121229 \" src=\"http:\/\/gentedebasquet.com.ar\/sitio\/wp-content\/uploads\/2026\/04\/WhatsApp-Image-2026-04-28-at-12.32.35-AM-771x1024.jpeg\" alt=\"\" width=\"307\" height=\"408\" data-pin-no-hover=\"true\" srcset=\"https:\/\/gentedebasquet.com.ar\/sitio\/wp-content\/uploads\/2026\/04\/WhatsApp-Image-2026-04-28-at-12.32.35-AM-771x1024.jpeg 771w, https:\/\/gentedebasquet.com.ar\/sitio\/wp-content\/uploads\/2026\/04\/WhatsApp-Image-2026-04-28-at-12.32.35-AM-226x300.jpeg 226w, https:\/\/gentedebasquet.com.ar\/sitio\/wp-content\/uploads\/2026\/04\/WhatsApp-Image-2026-04-28-at-12.32.35-AM-768x1021.jpeg 768w, https:\/\/gentedebasquet.com.ar\/sitio\/wp-content\/uploads\/2026\/04\/WhatsApp-Image-2026-04-28-at-12.32.35-AM-1156x1536.jpeg 1156w, https:\/\/gentedebasquet.com.ar\/sitio\/wp-content\/uploads\/2026\/04\/WhatsApp-Image-2026-04-28-at-12.32.35-AM-750x997.jpeg 750w, https:\/\/gentedebasquet.com.ar\/sitio\/wp-content\/uploads\/2026\/04\/WhatsApp-Image-2026-04-28-at-12.32.35-AM-1140x1515.jpeg 1140w, https:\/\/gentedebasquet.com.ar\/sitio\/wp-content\/uploads\/2026\/04\/WhatsApp-Image-2026-04-28-at-12.32.35-AM.jpeg 1204w\" sizes=\"(max-width: 307px) 100vw, 307px\" \/><\/p>\n<p>\u00abEn un primer tiempo estuvimos muy err\u00e1ticos ambos equipos. Yo creo que ellos plantearon muy bien el juego y, a pesar de las trabas que tuvimos en todo el partido entero, pudimos sacarlo adelante de una manera incre\u00edble que, nadie se lo imaginaba, simplemente hab\u00edamos hablado que no ten\u00edamos m\u00e1s minutos, si ellos convert\u00edan, que \u00e9l (Iglesias) hac\u00eda un corte de banana, ten\u00eda que atacar el aro, con el poco tiempo la tir\u00f3, que era lo que ten\u00eda que hacer y bueno, y la meti\u00f3, es hist\u00f3rico, no lo pod\u00edamos creer&#8230;\u00bb <strong>Segundo Alimenti, Villa Mitre.<\/strong><\/p><\/blockquote>\n<p>&nbsp;<\/p>\n<p><img decoding=\"async\" class=\"alignnone size-large wp-image-121228\" src=\"http:\/\/gentedebasquet.com.ar\/sitio\/wp-content\/uploads\/2026\/04\/WhatsApp-Image-2026-04-28-at-12.31.20-AM-1-1024x576.jpeg\" alt=\"\" width=\"1024\" height=\"576\" srcset=\"https:\/\/gentedebasquet.com.ar\/sitio\/wp-content\/uploads\/2026\/04\/WhatsApp-Image-2026-04-28-at-12.31.20-AM-1-1024x576.jpeg 1024w, https:\/\/gentedebasquet.com.ar\/sitio\/wp-content\/uploads\/2026\/04\/WhatsApp-Image-2026-04-28-at-12.31.20-AM-1-300x169.jpeg 300w, https:\/\/gentedebasquet.com.ar\/sitio\/wp-content\/uploads\/2026\/04\/WhatsApp-Image-2026-04-28-at-12.31.20-AM-1-768x432.jpeg 768w, https:\/\/gentedebasquet.com.ar\/sitio\/wp-content\/uploads\/2026\/04\/WhatsApp-Image-2026-04-28-at-12.31.20-AM-1-1536x864.jpeg 1536w, https:\/\/gentedebasquet.com.ar\/sitio\/wp-content\/uploads\/2026\/04\/WhatsApp-Image-2026-04-28-at-12.31.20-AM-1-750x422.jpeg 750w, https:\/\/gentedebasquet.com.ar\/sitio\/wp-content\/uploads\/2026\/04\/WhatsApp-Image-2026-04-28-at-12.31.20-AM-1-1140x641.jpeg 1140w, https:\/\/gentedebasquet.com.ar\/sitio\/wp-content\/uploads\/2026\/04\/WhatsApp-Image-2026-04-28-at-12.31.20-AM-1.jpeg 1599w\" sizes=\"(max-width: 1024px) 100vw, 1024px\" \/><\/p>\n<p><strong>S\u00edntesis \u2013 Primera Divisi\u00f3n \u2013<\/strong><strong>Fecha #5<\/strong><\/p>\n<p><strong>Leandro N. Alem : <\/strong>Nahuel Amaya 8, Patricio Zapata 16, Jean-Luc Wilson 35, Eduardo R\u00edos Le\u00f3n 3, Lucas Desbat 7 <strong>(<\/strong><strong>F1); <\/strong>Santiago D\u2019Annunzio 3, Mat\u00edas Such, Tom\u00e1s Scolari, Mateo Santillan. <strong>DT: Hern\u00e1n Jasen.<\/strong><\/p>\n<p><strong>Villa Mitre <\/strong>: <strong>Segundo Alimenti 14<\/strong>, Lautaro Cavero 10, Joaqu\u00edn Jasen 8, Franco Amigo 2, Emiliano Sombra 6 <strong>(F1)<\/strong>; Ignacio Alem 6, Lionel G\u00f3mez Lepez, Manuel Iglesias 13, Sebasti\u00e1n Basualdo 3, Alejo Blanco 11, Gian Franco Gasparini. <strong>DT: Emiliano Men\u00e9ndez.<\/strong><\/p>\n<p><strong>Parciales: 15-19, 29-26 (14-7), 47-43(18-17), 72-73(25-30)<\/strong><\/p>\n<p><strong>\u00c1rbitros:<\/strong> <strong>Mariano Enrique, Horacio Sed\u00e1n, Mauro Guallan<\/strong><\/p>\n<p><strong>Estadio:\u00a0Daniel Lacunza (Alem).<\/strong><\/p>\n<p><img decoding=\"async\" class=\"alignnone wp-image-121230 size-large\" src=\"http:\/\/gentedebasquet.com.ar\/sitio\/wp-content\/uploads\/2026\/04\/WhatsApp-Image-2026-04-28-at-9.44.23-AM-1024x771.jpeg\" alt=\"\" width=\"1024\" height=\"771\" srcset=\"https:\/\/gentedebasquet.com.ar\/sitio\/wp-content\/uploads\/2026\/04\/WhatsApp-Image-2026-04-28-at-9.44.23-AM-1024x771.jpeg 1024w, https:\/\/gentedebasquet.com.ar\/sitio\/wp-content\/uploads\/2026\/04\/WhatsApp-Image-2026-04-28-at-9.44.23-AM-300x226.jpeg 300w, https:\/\/gentedebasquet.com.ar\/sitio\/wp-content\/uploads\/2026\/04\/WhatsApp-Image-2026-04-28-at-9.44.23-AM-768x578.jpeg 768w, https:\/\/gentedebasquet.com.ar\/sitio\/wp-content\/uploads\/2026\/04\/WhatsApp-Image-2026-04-28-at-9.44.23-AM-1536x1156.jpeg 1536w, https:\/\/gentedebasquet.com.ar\/sitio\/wp-content\/uploads\/2026\/04\/WhatsApp-Image-2026-04-28-at-9.44.23-AM-750x564.jpeg 750w, https:\/\/gentedebasquet.com.ar\/sitio\/wp-content\/uploads\/2026\/04\/WhatsApp-Image-2026-04-28-at-9.44.23-AM-1140x858.jpeg 1140w, https:\/\/gentedebasquet.com.ar\/sitio\/wp-content\/uploads\/2026\/04\/WhatsApp-Image-2026-04-28-at-9.44.23-AM.jpeg 1600w\" sizes=\"(max-width: 1024px) 100vw, 1024px\" \/><\/p>\n<div class=\"jeg_video_container jeg_video_content\">\n<div class=\"jeg_video_container jeg_video_content\">\n<div class=\"jeg_video_container jeg_video_content\">\n<div class=\"jeg_video_container jeg_video_content\">\n<div class=\"jeg_video_container jeg_video_content\">\n<div class=\"jeg_video_container jeg_video_content\"><\/div>\n<\/div>\n<\/div>\n<\/div>\n<\/div>\n<\/div>\n","protected":false},"excerpt":{"rendered":"<p>Fecha 5, donde se jugaba un partido pendiente entre Alem y Villa Mitre, partido inesperadamente sorpresivo para el conjunto de Menendez.\u00a0 Arranc\u00f3 el primer cuarto con Cavero abriendo el marcador para el conjunto visitante. El tramo medio se mantuvo equilibrado, con ida y vuelta constante, sin que ninguno lograra despegarse, hasta que apareci\u00f3 Alimenti con [&hellip;]<\/p>\n","protected":false},"author":86,"featured_media":121227,"comment_status":"closed","ping_status":"open","sticky":false,"template":"","format":"standard","meta":{"jnews-multi-image_gallery":[],"jnews_single_post":[],"jnews_primary_category":[],"footnotes":""},"categories":[23,101],"tags":[3,2071,1958,1977,22],"class_list":["post-121254","post","type-post","status-publish","format-standard","has-post-thumbnail","hentry","category-primera","category-slide","tag-alem","tag-daniel-lacunza","tag-segundo-alimenti","tag-torneo-de-primera","tag-villa-mitre"],"yoast_head":"<!-- This site is optimized with the Yoast SEO plugin v27.5 - https:\/\/yoast.com\/product\/yoast-seo-wordpress\/ -->\n<title>Iglesias hizo lo imposible: el tiro que escribi\u00f3 la historia de Villa Mitre - Gente de B\u00e1squet<\/title>\n<meta name=\"robots\" content=\"index, follow, max-snippet:-1, max-image-preview:large, max-video-preview:-1\" \/>\n<link rel=\"canonical\" href=\"https:\/\/gentedebasquet.com.ar\/sitio\/2026\/04\/28\/iglesias-hizo-lo-imposible-el-tiro-que-escribio-la-historia-de-villa-mitre\/\" \/>\n<meta property=\"og:locale\" content=\"es_ES\" \/>\n<meta property=\"og:type\" content=\"article\" \/>\n<meta property=\"og:title\" content=\"Iglesias hizo lo imposible: el tiro que escribi\u00f3 la historia de Villa Mitre - Gente de B\u00e1squet\" \/>\n<meta property=\"og:description\" content=\"Fecha 5, donde se jugaba un partido pendiente entre Alem y Villa Mitre, partido inesperadamente sorpresivo para el conjunto de Menendez.\u00a0 Arranc\u00f3 el primer cuarto con Cavero abriendo el marcador para el conjunto visitante. El tramo medio se mantuvo equilibrado, con ida y vuelta constante, sin que ninguno lograra despegarse, hasta que apareci\u00f3 Alimenti con [&hellip;]\" \/>\n<meta property=\"og:url\" content=\"https:\/\/gentedebasquet.com.ar\/sitio\/2026\/04\/28\/iglesias-hizo-lo-imposible-el-tiro-que-escribio-la-historia-de-villa-mitre\/\" \/>\n<meta property=\"og:site_name\" content=\"Gente de B\u00e1squet\" \/>\n<meta property=\"article:published_time\" content=\"2026-04-28T14:43:44+00:00\" \/>\n<meta property=\"article:modified_time\" content=\"2026-04-28T15:28:02+00:00\" \/>\n<meta property=\"og:image\" content=\"http:\/\/gentedebasquet.com.ar\/sitio\/wp-content\/uploads\/2026\/04\/WhatsApp-Image-2026-04-28-at-12.30.40-AM.jpeg\" \/>\n\t<meta property=\"og:image:width\" content=\"1600\" \/>\n\t<meta property=\"og:image:height\" content=\"1204\" \/>\n\t<meta property=\"og:image:type\" content=\"image\/jpeg\" \/>\n<meta name=\"author\" content=\"Benjam\u00edn Ziede\" \/>\n<meta name=\"twitter:card\" content=\"summary_large_image\" \/>\n<meta name=\"twitter:label1\" content=\"Escrito por\" \/>\n\t<meta name=\"twitter:data1\" content=\"Benjam\u00edn Ziede\" \/>\n\t<meta name=\"twitter:label2\" content=\"Tiempo de lectura\" \/>\n\t<meta name=\"twitter:data2\" content=\"4 minutos\" \/>\n<script type=\"application\/ld+json\" class=\"yoast-schema-graph\">{\"@context\":\"https:\\\/\\\/schema.org\",\"@graph\":[{\"@type\":\"Article\",\"@id\":\"https:\\\/\\\/gentedebasquet.com.ar\\\/sitio\\\/2026\\\/04\\\/28\\\/iglesias-hizo-lo-imposible-el-tiro-que-escribio-la-historia-de-villa-mitre\\\/#article\",\"isPartOf\":{\"@id\":\"https:\\\/\\\/gentedebasquet.com.ar\\\/sitio\\\/2026\\\/04\\\/28\\\/iglesias-hizo-lo-imposible-el-tiro-que-escribio-la-historia-de-villa-mitre\\\/\"},\"author\":{\"name\":\"Benjam\u00edn Ziede\",\"@id\":\"http:\\\/\\\/gentedebasquet.com.ar\\\/sitio\\\/#\\\/schema\\\/person\\\/f61a8102f7411c43e47beb79057b202b\"},\"headline\":\"Iglesias hizo lo imposible: el tiro que escribi\u00f3 la historia de Villa Mitre\",\"datePublished\":\"2026-04-28T14:43:44+00:00\",\"dateModified\":\"2026-04-28T15:28:02+00:00\",\"mainEntityOfPage\":{\"@id\":\"https:\\\/\\\/gentedebasquet.com.ar\\\/sitio\\\/2026\\\/04\\\/28\\\/iglesias-hizo-lo-imposible-el-tiro-que-escribio-la-historia-de-villa-mitre\\\/\"},\"wordCount\":615,\"image\":{\"@id\":\"https:\\\/\\\/gentedebasquet.com.ar\\\/sitio\\\/2026\\\/04\\\/28\\\/iglesias-hizo-lo-imposible-el-tiro-que-escribio-la-historia-de-villa-mitre\\\/#primaryimage\"},\"thumbnailUrl\":\"https:\\\/\\\/gentedebasquet.com.ar\\\/sitio\\\/wp-content\\\/uploads\\\/2026\\\/04\\\/WhatsApp-Image-2026-04-28-at-12.30.40-AM.jpeg\",\"keywords\":[\"Alem\",\"Daniel Lacunza\",\"Segundo Alimenti\",\"Torneo de Primera\",\"Villa Mitre\"],\"articleSection\":[\"Primera\",\"Slide\"],\"inLanguage\":\"es\"},{\"@type\":\"WebPage\",\"@id\":\"https:\\\/\\\/gentedebasquet.com.ar\\\/sitio\\\/2026\\\/04\\\/28\\\/iglesias-hizo-lo-imposible-el-tiro-que-escribio-la-historia-de-villa-mitre\\\/\",\"url\":\"https:\\\/\\\/gentedebasquet.com.ar\\\/sitio\\\/2026\\\/04\\\/28\\\/iglesias-hizo-lo-imposible-el-tiro-que-escribio-la-historia-de-villa-mitre\\\/\",\"name\":\"Iglesias hizo lo imposible: el tiro que escribi\u00f3 la historia de Villa Mitre - Gente de B\u00e1squet\",\"isPartOf\":{\"@id\":\"http:\\\/\\\/gentedebasquet.com.ar\\\/sitio\\\/#website\"},\"primaryImageOfPage\":{\"@id\":\"https:\\\/\\\/gentedebasquet.com.ar\\\/sitio\\\/2026\\\/04\\\/28\\\/iglesias-hizo-lo-imposible-el-tiro-que-escribio-la-historia-de-villa-mitre\\\/#primaryimage\"},\"image\":{\"@id\":\"https:\\\/\\\/gentedebasquet.com.ar\\\/sitio\\\/2026\\\/04\\\/28\\\/iglesias-hizo-lo-imposible-el-tiro-que-escribio-la-historia-de-villa-mitre\\\/#primaryimage\"},\"thumbnailUrl\":\"https:\\\/\\\/gentedebasquet.com.ar\\\/sitio\\\/wp-content\\\/uploads\\\/2026\\\/04\\\/WhatsApp-Image-2026-04-28-at-12.30.40-AM.jpeg\",\"datePublished\":\"2026-04-28T14:43:44+00:00\",\"dateModified\":\"2026-04-28T15:28:02+00:00\",\"author\":{\"@id\":\"http:\\\/\\\/gentedebasquet.com.ar\\\/sitio\\\/#\\\/schema\\\/person\\\/f61a8102f7411c43e47beb79057b202b\"},\"breadcrumb\":{\"@id\":\"https:\\\/\\\/gentedebasquet.com.ar\\\/sitio\\\/2026\\\/04\\\/28\\\/iglesias-hizo-lo-imposible-el-tiro-que-escribio-la-historia-de-villa-mitre\\\/#breadcrumb\"},\"inLanguage\":\"es\",\"potentialAction\":[{\"@type\":\"ReadAction\",\"target\":[\"https:\\\/\\\/gentedebasquet.com.ar\\\/sitio\\\/2026\\\/04\\\/28\\\/iglesias-hizo-lo-imposible-el-tiro-que-escribio-la-historia-de-villa-mitre\\\/\"]}]},{\"@type\":\"ImageObject\",\"inLanguage\":\"es\",\"@id\":\"https:\\\/\\\/gentedebasquet.com.ar\\\/sitio\\\/2026\\\/04\\\/28\\\/iglesias-hizo-lo-imposible-el-tiro-que-escribio-la-historia-de-villa-mitre\\\/#primaryimage\",\"url\":\"https:\\\/\\\/gentedebasquet.com.ar\\\/sitio\\\/wp-content\\\/uploads\\\/2026\\\/04\\\/WhatsApp-Image-2026-04-28-at-12.30.40-AM.jpeg\",\"contentUrl\":\"https:\\\/\\\/gentedebasquet.com.ar\\\/sitio\\\/wp-content\\\/uploads\\\/2026\\\/04\\\/WhatsApp-Image-2026-04-28-at-12.30.40-AM.jpeg\",\"width\":1600,\"height\":1204},{\"@type\":\"BreadcrumbList\",\"@id\":\"https:\\\/\\\/gentedebasquet.com.ar\\\/sitio\\\/2026\\\/04\\\/28\\\/iglesias-hizo-lo-imposible-el-tiro-que-escribio-la-historia-de-villa-mitre\\\/#breadcrumb\",\"itemListElement\":[{\"@type\":\"ListItem\",\"position\":1,\"name\":\"Portada\",\"item\":\"http:\\\/\\\/gentedebasquet.com.ar\\\/sitio\\\/\"},{\"@type\":\"ListItem\",\"position\":2,\"name\":\"Iglesias hizo lo imposible: el tiro que escribi\u00f3 la historia de Villa Mitre\"}]},{\"@type\":\"WebSite\",\"@id\":\"http:\\\/\\\/gentedebasquet.com.ar\\\/sitio\\\/#website\",\"url\":\"http:\\\/\\\/gentedebasquet.com.ar\\\/sitio\\\/\",\"name\":\"Gente de B\u00e1squet\",\"description\":\"La revista del basquet de Bah\u00eda Blanca\",\"potentialAction\":[{\"@type\":\"SearchAction\",\"target\":{\"@type\":\"EntryPoint\",\"urlTemplate\":\"http:\\\/\\\/gentedebasquet.com.ar\\\/sitio\\\/?s={search_term_string}\"},\"query-input\":{\"@type\":\"PropertyValueSpecification\",\"valueRequired\":true,\"valueName\":\"search_term_string\"}}],\"inLanguage\":\"es\"},{\"@type\":\"Person\",\"@id\":\"http:\\\/\\\/gentedebasquet.com.ar\\\/sitio\\\/#\\\/schema\\\/person\\\/f61a8102f7411c43e47beb79057b202b\",\"name\":\"Benjam\u00edn Ziede\",\"image\":{\"@type\":\"ImageObject\",\"inLanguage\":\"es\",\"@id\":\"https:\\\/\\\/secure.gravatar.com\\\/avatar\\\/8f574951df8700f5441783f8c446d6f1b3ba22b80b888df110e80fe425210cdf?s=96&d=mm&r=g\",\"url\":\"https:\\\/\\\/secure.gravatar.com\\\/avatar\\\/8f574951df8700f5441783f8c446d6f1b3ba22b80b888df110e80fe425210cdf?s=96&d=mm&r=g\",\"contentUrl\":\"https:\\\/\\\/secure.gravatar.com\\\/avatar\\\/8f574951df8700f5441783f8c446d6f1b3ba22b80b888df110e80fe425210cdf?s=96&d=mm&r=g\",\"caption\":\"Benjam\u00edn Ziede\"},\"url\":\"https:\\\/\\\/gentedebasquet.com.ar\\\/sitio\\\/author\\\/benjamin\\\/\"}]}<\/script>\n<!-- \/ Yoast SEO plugin. -->","yoast_head_json":{"title":"Iglesias hizo lo imposible: el tiro que escribi\u00f3 la historia de Villa Mitre - Gente de B\u00e1squet","robots":{"index":"index","follow":"follow","max-snippet":"max-snippet:-1","max-image-preview":"max-image-preview:large","max-video-preview":"max-video-preview:-1"},"canonical":"https:\/\/gentedebasquet.com.ar\/sitio\/2026\/04\/28\/iglesias-hizo-lo-imposible-el-tiro-que-escribio-la-historia-de-villa-mitre\/","og_locale":"es_ES","og_type":"article","og_title":"Iglesias hizo lo imposible: el tiro que escribi\u00f3 la historia de Villa Mitre - Gente de B\u00e1squet","og_description":"Fecha 5, donde se jugaba un partido pendiente entre Alem y Villa Mitre, partido inesperadamente sorpresivo para el conjunto de Menendez.\u00a0 Arranc\u00f3 el primer cuarto con Cavero abriendo el marcador para el conjunto visitante. El tramo medio se mantuvo equilibrado, con ida y vuelta constante, sin que ninguno lograra despegarse, hasta que apareci\u00f3 Alimenti con [&hellip;]","og_url":"https:\/\/gentedebasquet.com.ar\/sitio\/2026\/04\/28\/iglesias-hizo-lo-imposible-el-tiro-que-escribio-la-historia-de-villa-mitre\/","og_site_name":"Gente de B\u00e1squet","article_published_time":"2026-04-28T14:43:44+00:00","article_modified_time":"2026-04-28T15:28:02+00:00","og_image":[{"width":1600,"height":1204,"url":"http:\/\/gentedebasquet.com.ar\/sitio\/wp-content\/uploads\/2026\/04\/WhatsApp-Image-2026-04-28-at-12.30.40-AM.jpeg","type":"image\/jpeg"}],"author":"Benjam\u00edn Ziede","twitter_card":"summary_large_image","twitter_misc":{"Escrito por":"Benjam\u00edn Ziede","Tiempo de lectura":"4 minutos"},"schema":{"@context":"https:\/\/schema.org","@graph":[{"@type":"Article","@id":"https:\/\/gentedebasquet.com.ar\/sitio\/2026\/04\/28\/iglesias-hizo-lo-imposible-el-tiro-que-escribio-la-historia-de-villa-mitre\/#article","isPartOf":{"@id":"https:\/\/gentedebasquet.com.ar\/sitio\/2026\/04\/28\/iglesias-hizo-lo-imposible-el-tiro-que-escribio-la-historia-de-villa-mitre\/"},"author":{"name":"Benjam\u00edn Ziede","@id":"http:\/\/gentedebasquet.com.ar\/sitio\/#\/schema\/person\/f61a8102f7411c43e47beb79057b202b"},"headline":"Iglesias hizo lo imposible: el tiro que escribi\u00f3 la historia de Villa Mitre","datePublished":"2026-04-28T14:43:44+00:00","dateModified":"2026-04-28T15:28:02+00:00","mainEntityOfPage":{"@id":"https:\/\/gentedebasquet.com.ar\/sitio\/2026\/04\/28\/iglesias-hizo-lo-imposible-el-tiro-que-escribio-la-historia-de-villa-mitre\/"},"wordCount":615,"image":{"@id":"https:\/\/gentedebasquet.com.ar\/sitio\/2026\/04\/28\/iglesias-hizo-lo-imposible-el-tiro-que-escribio-la-historia-de-villa-mitre\/#primaryimage"},"thumbnailUrl":"https:\/\/gentedebasquet.com.ar\/sitio\/wp-content\/uploads\/2026\/04\/WhatsApp-Image-2026-04-28-at-12.30.40-AM.jpeg","keywords":["Alem","Daniel Lacunza","Segundo Alimenti","Torneo de Primera","Villa Mitre"],"articleSection":["Primera","Slide"],"inLanguage":"es"},{"@type":"WebPage","@id":"https:\/\/gentedebasquet.com.ar\/sitio\/2026\/04\/28\/iglesias-hizo-lo-imposible-el-tiro-que-escribio-la-historia-de-villa-mitre\/","url":"https:\/\/gentedebasquet.com.ar\/sitio\/2026\/04\/28\/iglesias-hizo-lo-imposible-el-tiro-que-escribio-la-historia-de-villa-mitre\/","name":"Iglesias hizo lo imposible: el tiro que escribi\u00f3 la historia de Villa Mitre - Gente de B\u00e1squet","isPartOf":{"@id":"http:\/\/gentedebasquet.com.ar\/sitio\/#website"},"primaryImageOfPage":{"@id":"https:\/\/gentedebasquet.com.ar\/sitio\/2026\/04\/28\/iglesias-hizo-lo-imposible-el-tiro-que-escribio-la-historia-de-villa-mitre\/#primaryimage"},"image":{"@id":"https:\/\/gentedebasquet.com.ar\/sitio\/2026\/04\/28\/iglesias-hizo-lo-imposible-el-tiro-que-escribio-la-historia-de-villa-mitre\/#primaryimage"},"thumbnailUrl":"https:\/\/gentedebasquet.com.ar\/sitio\/wp-content\/uploads\/2026\/04\/WhatsApp-Image-2026-04-28-at-12.30.40-AM.jpeg","datePublished":"2026-04-28T14:43:44+00:00","dateModified":"2026-04-28T15:28:02+00:00","author":{"@id":"http:\/\/gentedebasquet.com.ar\/sitio\/#\/schema\/person\/f61a8102f7411c43e47beb79057b202b"},"breadcrumb":{"@id":"https:\/\/gentedebasquet.com.ar\/sitio\/2026\/04\/28\/iglesias-hizo-lo-imposible-el-tiro-que-escribio-la-historia-de-villa-mitre\/#breadcrumb"},"inLanguage":"es","potentialAction":[{"@type":"ReadAction","target":["https:\/\/gentedebasquet.com.ar\/sitio\/2026\/04\/28\/iglesias-hizo-lo-imposible-el-tiro-que-escribio-la-historia-de-villa-mitre\/"]}]},{"@type":"ImageObject","inLanguage":"es","@id":"https:\/\/gentedebasquet.com.ar\/sitio\/2026\/04\/28\/iglesias-hizo-lo-imposible-el-tiro-que-escribio-la-historia-de-villa-mitre\/#primaryimage","url":"https:\/\/gentedebasquet.com.ar\/sitio\/wp-content\/uploads\/2026\/04\/WhatsApp-Image-2026-04-28-at-12.30.40-AM.jpeg","contentUrl":"https:\/\/gentedebasquet.com.ar\/sitio\/wp-content\/uploads\/2026\/04\/WhatsApp-Image-2026-04-28-at-12.30.40-AM.jpeg","width":1600,"height":1204},{"@type":"BreadcrumbList","@id":"https:\/\/gentedebasquet.com.ar\/sitio\/2026\/04\/28\/iglesias-hizo-lo-imposible-el-tiro-que-escribio-la-historia-de-villa-mitre\/#breadcrumb","itemListElement":[{"@type":"ListItem","position":1,"name":"Portada","item":"http:\/\/gentedebasquet.com.ar\/sitio\/"},{"@type":"ListItem","position":2,"name":"Iglesias hizo lo imposible: el tiro que escribi\u00f3 la historia de Villa Mitre"}]},{"@type":"WebSite","@id":"http:\/\/gentedebasquet.com.ar\/sitio\/#website","url":"http:\/\/gentedebasquet.com.ar\/sitio\/","name":"Gente de B\u00e1squet","description":"La revista del basquet de Bah\u00eda Blanca","potentialAction":[{"@type":"SearchAction","target":{"@type":"EntryPoint","urlTemplate":"http:\/\/gentedebasquet.com.ar\/sitio\/?s={search_term_string}"},"query-input":{"@type":"PropertyValueSpecification","valueRequired":true,"valueName":"search_term_string"}}],"inLanguage":"es"},{"@type":"Person","@id":"http:\/\/gentedebasquet.com.ar\/sitio\/#\/schema\/person\/f61a8102f7411c43e47beb79057b202b","name":"Benjam\u00edn Ziede","image":{"@type":"ImageObject","inLanguage":"es","@id":"https:\/\/secure.gravatar.com\/avatar\/8f574951df8700f5441783f8c446d6f1b3ba22b80b888df110e80fe425210cdf?s=96&d=mm&r=g","url":"https:\/\/secure.gravatar.com\/avatar\/8f574951df8700f5441783f8c446d6f1b3ba22b80b888df110e80fe425210cdf?s=96&d=mm&r=g","contentUrl":"https:\/\/secure.gravatar.com\/avatar\/8f574951df8700f5441783f8c446d6f1b3ba22b80b888df110e80fe425210cdf?s=96&d=mm&r=g","caption":"Benjam\u00edn Ziede"},"url":"https:\/\/gentedebasquet.com.ar\/sitio\/author\/benjamin\/"}]}},"_links":{"self":[{"href":"https:\/\/gentedebasquet.com.ar\/sitio\/wp-json\/wp\/v2\/posts\/121254","targetHints":{"allow":["GET"]}}],"collection":[{"href":"https:\/\/gentedebasquet.com.ar\/sitio\/wp-json\/wp\/v2\/posts"}],"about":[{"href":"https:\/\/gentedebasquet.com.ar\/sitio\/wp-json\/wp\/v2\/types\/post"}],"author":[{"embeddable":true,"href":"https:\/\/gentedebasquet.com.ar\/sitio\/wp-json\/wp\/v2\/users\/86"}],"replies":[{"embeddable":true,"href":"https:\/\/gentedebasquet.com.ar\/sitio\/wp-json\/wp\/v2\/comments?post=121254"}],"version-history":[{"count":6,"href":"https:\/\/gentedebasquet.com.ar\/sitio\/wp-json\/wp\/v2\/posts\/121254\/revisions"}],"predecessor-version":[{"id":121262,"href":"https:\/\/gentedebasquet.com.ar\/sitio\/wp-json\/wp\/v2\/posts\/121254\/revisions\/121262"}],"wp:featuredmedia":[{"embeddable":true,"href":"https:\/\/gentedebasquet.com.ar\/sitio\/wp-json\/wp\/v2\/media\/121227"}],"wp:attachment":[{"href":"https:\/\/gentedebasquet.com.ar\/sitio\/wp-json\/wp\/v2\/media?parent=121254"}],"wp:term":[{"taxonomy":"category","embeddable":true,"href":"https:\/\/gentedebasquet.com.ar\/sitio\/wp-json\/wp\/v2\/categories?post=121254"},{"taxonomy":"post_tag","embeddable":true,"href":"https:\/\/gentedebasquet.com.ar\/sitio\/wp-json\/wp\/v2\/tags?post=121254"}],"curies":[{"name":"wp","href":"https:\/\/api.w.org\/{rel}","templated":true}]}}