{"id":121319,"date":"2026-04-30T14:32:54","date_gmt":"2026-04-30T12:32:54","guid":{"rendered":"https:\/\/gentedebasquet.com.ar\/sitio\/?p=121319"},"modified":"2026-04-30T16:06:23","modified_gmt":"2026-04-30T14:06:23","slug":"las-dudas-desaparecieron-y-9-de-julio-fue-vencedor","status":"publish","type":"post","link":"https:\/\/gentedebasquet.com.ar\/sitio\/2026\/04\/30\/las-dudas-desaparecieron-y-9-de-julio-fue-vencedor\/","title":{"rendered":"Las dudas desaparecieron y 9 de Julio fue vencedor"},"content":{"rendered":"<div class=\"flex max-w-full flex-col flex-grow\">\n<div class=\"min-h-8 text-message flex w-full flex-col items-end gap-2 whitespace-normal break-words [.text-message+&amp;]:mt-5\" dir=\"auto\" data-message-author-role=\"assistant\" data-message-id=\"d66df151-bd9a-4e40-9c6b-a57f4798966a\" data-message-model-slug=\"gpt-4o-mini\">\n<div class=\"flex w-full flex-col gap-1 empty:hidden first:pt-[3px]\">\n<div class=\"markdown prose w-full break-words dark:prose-invert dark\">\n<p><strong>El actual campe\u00f3n defensor de la primera divisi\u00f3n femenina se llev\u00f3 ayer un nuevo triunfo en la fecha 4 de la edici\u00f3n 2026 del certamen. Logr\u00f3 ganarle 66 a 50 al batallador Villa Mitre, despu\u00e9s de haber elaborado un gran parcial de 14 a 2 en los minutos de cierre del tercer cuarto que lo coloc\u00f3 en ganancia por doce tantos, 51 a 39. Este golpe fue imposible de asimilar para el conjunto orientado por Giuliano Labrocca.\u00a0\u00a0<\/strong><\/p>\n<p><strong>Los puntos en la zona pintada inclinaron el resultado para el plantel azul y blanco en el segundo tiempo del partido. Ah\u00ed fue determinante lo conseguido por Isabella Rold\u00e1n, goleadora de la noche: 15 puntos m\u00e1s 7 rebotes totaliz\u00f3 la pivot. El reparto extremo de puntos de Villa Mitre cont\u00f3 con el liderazgo de Bernardita Marcocci, autora de 9 tantos.<\/strong><\/p>\n<p><strong>El arranque del juego tuvo mucho equilibrio entre lo que hac\u00edan ambos equipos. Las presiones defensivas en la mitad de la cancha provocaron p\u00e9rdidas para uno, recuperos para otro y contraataques constantes.\u00a0<\/strong><\/p>\n<p><strong>9 de Julio ten\u00eda una importante ventaja de 20-11 al t\u00e9rmino de los primeros diez minutos, que Villa Mitre achic\u00f3 en el cap\u00edtulo siguiente. Distintas jugadoras marcaron presencia a lo largo de los veinte minutos iniciales en cada costado del campo, el encuentro sosten\u00eda hasta ese momento bien arriba su paridad.<\/strong><\/p>\n<p><strong>Un doble de Marcocci que igual\u00f3 el tanteador en 37 fue parte de una levantada de Villa Mitre que hizo pensar que el tricolor pod\u00eda llevarse puesto a su rival. Pero a continuaci\u00f3n sucedi\u00f3 lo contrario. 9 de Julio utiliz\u00f3 su talento defensivo para recuperar pelotas y definir en el aro contrario con una de las especialidades de la casa, los contraataques r\u00e1pidos. De esta manera fabric\u00f3 una diferencia nunca vista en el resultado global y entr\u00f3 a los \u00faltimos diez minutos ganando 51 a 39.<\/strong><\/p>\n<p><strong>En el \u00faltimo cuarto se repitieron situaciones. 9 de Julio demostr\u00f3 tener todas sus piezas bien ajustadas y no permiti\u00f3 que los avances de Villa Mitre lo da\u00f1en demasiado. El plantel orientado por Juli\u00e1n Turcato gan\u00f3 otra vez y ahora tiene registro positivo: 2 triunfos y 1 derrota. La semana pr\u00f3xima deber\u00e1 visitar el Osvaldo Casanova para jugar con Estudiantes, mientras Villa Mitre buscar\u00e1 recuperaci\u00f3n ante el puntero invicto Bahiense del Norte.<\/strong><\/p>\n<p>&nbsp;<\/p>\n<p>&nbsp;<\/p>\n<div class=\"jeg_video_container jeg_video_content\"><iframe loading=\"lazy\" title=\"#PrimeraFemenina - Fecha 4: 9 de Julio 66 - 50 Villa Mitre\" width=\"500\" height=\"281\" src=\"https:\/\/www.youtube.com\/embed\/Yk34WiarbL0?feature=oembed\" frameborder=\"0\" allow=\"accelerometer; autoplay; clipboard-write; encrypted-media; gyroscope; picture-in-picture; web-share\" referrerpolicy=\"strict-origin-when-cross-origin\" allowfullscreen><\/iframe><\/div>\n<\/div>\n<\/div>\n<\/div>\n<\/div>\n<div><\/div>\n<div><\/div>\n<div><\/div>\n<div><\/div>\n<div><img decoding=\"async\" class=\"alignnone wp-image-121321 \" src=\"http:\/\/gentedebasquet.com.ar\/sitio\/wp-content\/uploads\/2026\/04\/CLAVE-9DJ-VM-300x300.png\" alt=\"\" width=\"730\" height=\"730\" srcset=\"https:\/\/gentedebasquet.com.ar\/sitio\/wp-content\/uploads\/2026\/04\/CLAVE-9DJ-VM-300x300.png 300w, https:\/\/gentedebasquet.com.ar\/sitio\/wp-content\/uploads\/2026\/04\/CLAVE-9DJ-VM-1024x1024.png 1024w, https:\/\/gentedebasquet.com.ar\/sitio\/wp-content\/uploads\/2026\/04\/CLAVE-9DJ-VM-150x150.png 150w, https:\/\/gentedebasquet.com.ar\/sitio\/wp-content\/uploads\/2026\/04\/CLAVE-9DJ-VM-768x768.png 768w, https:\/\/gentedebasquet.com.ar\/sitio\/wp-content\/uploads\/2026\/04\/CLAVE-9DJ-VM-1536x1536.png 1536w, https:\/\/gentedebasquet.com.ar\/sitio\/wp-content\/uploads\/2026\/04\/CLAVE-9DJ-VM-75x75.png 75w, https:\/\/gentedebasquet.com.ar\/sitio\/wp-content\/uploads\/2026\/04\/CLAVE-9DJ-VM-350x350.png 350w, https:\/\/gentedebasquet.com.ar\/sitio\/wp-content\/uploads\/2026\/04\/CLAVE-9DJ-VM-750x750.png 750w, https:\/\/gentedebasquet.com.ar\/sitio\/wp-content\/uploads\/2026\/04\/CLAVE-9DJ-VM-1140x1140.png 1140w, https:\/\/gentedebasquet.com.ar\/sitio\/wp-content\/uploads\/2026\/04\/CLAVE-9DJ-VM.png 2000w\" sizes=\"(max-width: 730px) 100vw, 730px\" \/><\/div>\n<div><\/div>\n<div><\/div>\n<div><\/div>\n<div><\/div>\n<p>&nbsp;<\/p>\n<p>&nbsp;<\/p>\n<blockquote><p>&nbsp;<\/p><\/blockquote>\n<p>&nbsp;<\/p>\n<p><img decoding=\"async\" class=\"alignnone wp-image-121322 \" src=\"http:\/\/gentedebasquet.com.ar\/sitio\/wp-content\/uploads\/2026\/04\/MVP-9DJ-VM-300x300.png\" alt=\"\" width=\"725\" height=\"725\" srcset=\"https:\/\/gentedebasquet.com.ar\/sitio\/wp-content\/uploads\/2026\/04\/MVP-9DJ-VM-300x300.png 300w, https:\/\/gentedebasquet.com.ar\/sitio\/wp-content\/uploads\/2026\/04\/MVP-9DJ-VM-1024x1024.png 1024w, https:\/\/gentedebasquet.com.ar\/sitio\/wp-content\/uploads\/2026\/04\/MVP-9DJ-VM-150x150.png 150w, https:\/\/gentedebasquet.com.ar\/sitio\/wp-content\/uploads\/2026\/04\/MVP-9DJ-VM-768x768.png 768w, https:\/\/gentedebasquet.com.ar\/sitio\/wp-content\/uploads\/2026\/04\/MVP-9DJ-VM-1536x1536.png 1536w, https:\/\/gentedebasquet.com.ar\/sitio\/wp-content\/uploads\/2026\/04\/MVP-9DJ-VM-75x75.png 75w, https:\/\/gentedebasquet.com.ar\/sitio\/wp-content\/uploads\/2026\/04\/MVP-9DJ-VM-350x350.png 350w, https:\/\/gentedebasquet.com.ar\/sitio\/wp-content\/uploads\/2026\/04\/MVP-9DJ-VM-750x750.png 750w, https:\/\/gentedebasquet.com.ar\/sitio\/wp-content\/uploads\/2026\/04\/MVP-9DJ-VM-1140x1140.png 1140w, https:\/\/gentedebasquet.com.ar\/sitio\/wp-content\/uploads\/2026\/04\/MVP-9DJ-VM.png 2000w\" sizes=\"(max-width: 725px) 100vw, 725px\" \/><\/p>\n<p>&nbsp;<\/p>\n<p><strong>S\u00edntesis &#8211; Primera Femenina &#8211; Fecha 4<\/strong><\/p>\n<p><strong>9 de Julio 66:\u00a0<\/strong>Emilia Fernandez 6; Ileana Corval\u00e1n 3; Amparo Althabe 11; Delfina Alves 5; Isabella Rold\u00e1n 15 <strong>(<\/strong><strong>F.I.)\u00a0<\/strong>Isabella Larrasolo 9; Anahel Maurer 5; Martina Bussetti 5; Victoria Martin 4; Tamara Nieva 2; Mar\u00eda Victoria Flores 1; Jessica Azaroff. <strong>DT:<\/strong> Juli\u00e1n Turcato.<\/p>\n<p><strong>Villa Mitre 50: <\/strong>Mar\u00eda Azul Carli 7; Bernardita Marcocci 9; Juliana Brossard 5; Josefina Brossard 8; Marianella Leal 5 \u00a0<strong>(<\/strong><strong>F.I.)\u00a0<\/strong>Tiziana Giannecchini 7; Milagros Morresi 3; Ail\u00edn Larrosa; Ail\u00edn Tellez 4; Mar\u00eda Bel\u00e9n Veiga; Amelia Kroneberger; Luc\u00eda Rodr\u00edguez Delelisi. <strong>DT:\u00a0<\/strong>Giuliano Labrocca.<\/p>\n<p><strong>Parciales<\/strong>: 20-11; 29-26 (9-15); 51-39 (22-13); 66-50 (15-11).<\/p>\n<p><strong>\u00c1rbitros<\/strong>: Alberto Arlenghi &#8211; Micaela Sanhueza.<\/p>\n<p><strong>Estadio<\/strong>: N\u00e9stor Damiani (9 de Julio).<\/p>\n<p>&nbsp;<\/p>\n<p><img decoding=\"async\" class=\"alignnone wp-image-121336 \" src=\"http:\/\/gentedebasquet.com.ar\/sitio\/wp-content\/uploads\/2026\/04\/VMM-300x201.png\" alt=\"\" width=\"734\" height=\"492\" srcset=\"https:\/\/gentedebasquet.com.ar\/sitio\/wp-content\/uploads\/2026\/04\/VMM-300x201.png 300w, https:\/\/gentedebasquet.com.ar\/sitio\/wp-content\/uploads\/2026\/04\/VMM-1024x686.png 1024w, https:\/\/gentedebasquet.com.ar\/sitio\/wp-content\/uploads\/2026\/04\/VMM-768x515.png 768w, https:\/\/gentedebasquet.com.ar\/sitio\/wp-content\/uploads\/2026\/04\/VMM-750x503.png 750w, https:\/\/gentedebasquet.com.ar\/sitio\/wp-content\/uploads\/2026\/04\/VMM.png 1074w\" sizes=\"(max-width: 734px) 100vw, 734px\" \/><\/p>\n","protected":false},"excerpt":{"rendered":"<p>El actual campe\u00f3n defensor de la primera divisi\u00f3n femenina se llev\u00f3 ayer un nuevo triunfo en la fecha 4 de la edici\u00f3n 2026 del certamen. Logr\u00f3 ganarle 66 a 50 al batallador Villa Mitre, despu\u00e9s de haber elaborado un gran parcial de 14 a 2 en los minutos de cierre del tercer cuarto que lo [&hellip;]<\/p>\n","protected":false},"author":70,"featured_media":121337,"comment_status":"closed","ping_status":"open","sticky":false,"template":"","format":"standard","meta":{"jnews-multi-image_gallery":[],"jnews_single_post":[],"jnews_primary_category":[],"footnotes":""},"categories":[33,101],"tags":[2,1825,2054,22],"class_list":["post-121319","post","type-post","status-publish","format-standard","has-post-thumbnail","hentry","category-femenino","category-slide","tag-9dejulio","tag-bernardita-marcocci","tag-isabella-roldan","tag-villa-mitre"],"yoast_head":"<!-- This site is optimized with the Yoast SEO plugin v27.5 - https:\/\/yoast.com\/product\/yoast-seo-wordpress\/ -->\n<title>Las dudas desaparecieron y 9 de Julio fue vencedor - Gente de B\u00e1squet<\/title>\n<meta name=\"robots\" content=\"index, follow, max-snippet:-1, max-image-preview:large, max-video-preview:-1\" \/>\n<link rel=\"canonical\" href=\"https:\/\/gentedebasquet.com.ar\/sitio\/2026\/04\/30\/las-dudas-desaparecieron-y-9-de-julio-fue-vencedor\/\" \/>\n<meta property=\"og:locale\" content=\"es_ES\" \/>\n<meta property=\"og:type\" content=\"article\" \/>\n<meta property=\"og:title\" content=\"Las dudas desaparecieron y 9 de Julio fue vencedor - Gente de B\u00e1squet\" \/>\n<meta property=\"og:description\" content=\"El actual campe\u00f3n defensor de la primera divisi\u00f3n femenina se llev\u00f3 ayer un nuevo triunfo en la fecha 4 de la edici\u00f3n 2026 del certamen. Logr\u00f3 ganarle 66 a 50 al batallador Villa Mitre, despu\u00e9s de haber elaborado un gran parcial de 14 a 2 en los minutos de cierre del tercer cuarto que lo [&hellip;]\" \/>\n<meta property=\"og:url\" content=\"https:\/\/gentedebasquet.com.ar\/sitio\/2026\/04\/30\/las-dudas-desaparecieron-y-9-de-julio-fue-vencedor\/\" \/>\n<meta property=\"og:site_name\" content=\"Gente de B\u00e1squet\" \/>\n<meta property=\"article:published_time\" content=\"2026-04-30T12:32:54+00:00\" \/>\n<meta property=\"article:modified_time\" content=\"2026-04-30T14:06:23+00:00\" \/>\n<meta property=\"og:image\" content=\"http:\/\/gentedebasquet.com.ar\/sitio\/wp-content\/uploads\/2026\/04\/vlcsnap-2026-04-30-09h16m29s871.png\" \/>\n\t<meta property=\"og:image:width\" content=\"690\" \/>\n\t<meta property=\"og:image:height\" content=\"319\" \/>\n\t<meta property=\"og:image:type\" content=\"image\/png\" \/>\n<meta name=\"author\" content=\"Andres Camarero\" \/>\n<meta name=\"twitter:card\" content=\"summary_large_image\" \/>\n<meta name=\"twitter:label1\" content=\"Escrito por\" \/>\n\t<meta name=\"twitter:data1\" content=\"Andres Camarero\" \/>\n\t<meta name=\"twitter:label2\" content=\"Tiempo de lectura\" \/>\n\t<meta name=\"twitter:data2\" content=\"4 minutos\" \/>\n<script type=\"application\/ld+json\" class=\"yoast-schema-graph\">{\"@context\":\"https:\\\/\\\/schema.org\",\"@graph\":[{\"@type\":\"Article\",\"@id\":\"https:\\\/\\\/gentedebasquet.com.ar\\\/sitio\\\/2026\\\/04\\\/30\\\/las-dudas-desaparecieron-y-9-de-julio-fue-vencedor\\\/#article\",\"isPartOf\":{\"@id\":\"https:\\\/\\\/gentedebasquet.com.ar\\\/sitio\\\/2026\\\/04\\\/30\\\/las-dudas-desaparecieron-y-9-de-julio-fue-vencedor\\\/\"},\"author\":{\"name\":\"Andres Camarero\",\"@id\":\"https:\\\/\\\/gentedebasquet.com.ar\\\/sitio\\\/#\\\/schema\\\/person\\\/6f3e5bc5df127b420a445d22fc9eaa51\"},\"headline\":\"Las dudas desaparecieron y 9 de Julio fue vencedor\",\"datePublished\":\"2026-04-30T12:32:54+00:00\",\"dateModified\":\"2026-04-30T14:06:23+00:00\",\"mainEntityOfPage\":{\"@id\":\"https:\\\/\\\/gentedebasquet.com.ar\\\/sitio\\\/2026\\\/04\\\/30\\\/las-dudas-desaparecieron-y-9-de-julio-fue-vencedor\\\/\"},\"wordCount\":505,\"image\":{\"@id\":\"https:\\\/\\\/gentedebasquet.com.ar\\\/sitio\\\/2026\\\/04\\\/30\\\/las-dudas-desaparecieron-y-9-de-julio-fue-vencedor\\\/#primaryimage\"},\"thumbnailUrl\":\"https:\\\/\\\/gentedebasquet.com.ar\\\/sitio\\\/wp-content\\\/uploads\\\/2026\\\/04\\\/vlcsnap-2026-04-30-09h16m29s871.png\",\"keywords\":[\"9 de Julio\",\"Bernardita Marcocci\",\"Isabella Roldan\",\"Villa Mitre\"],\"articleSection\":[\"Femenino\",\"Slide\"],\"inLanguage\":\"es\"},{\"@type\":\"WebPage\",\"@id\":\"https:\\\/\\\/gentedebasquet.com.ar\\\/sitio\\\/2026\\\/04\\\/30\\\/las-dudas-desaparecieron-y-9-de-julio-fue-vencedor\\\/\",\"url\":\"https:\\\/\\\/gentedebasquet.com.ar\\\/sitio\\\/2026\\\/04\\\/30\\\/las-dudas-desaparecieron-y-9-de-julio-fue-vencedor\\\/\",\"name\":\"Las dudas desaparecieron y 9 de Julio fue vencedor - Gente de B\u00e1squet\",\"isPartOf\":{\"@id\":\"https:\\\/\\\/gentedebasquet.com.ar\\\/sitio\\\/#website\"},\"primaryImageOfPage\":{\"@id\":\"https:\\\/\\\/gentedebasquet.com.ar\\\/sitio\\\/2026\\\/04\\\/30\\\/las-dudas-desaparecieron-y-9-de-julio-fue-vencedor\\\/#primaryimage\"},\"image\":{\"@id\":\"https:\\\/\\\/gentedebasquet.com.ar\\\/sitio\\\/2026\\\/04\\\/30\\\/las-dudas-desaparecieron-y-9-de-julio-fue-vencedor\\\/#primaryimage\"},\"thumbnailUrl\":\"https:\\\/\\\/gentedebasquet.com.ar\\\/sitio\\\/wp-content\\\/uploads\\\/2026\\\/04\\\/vlcsnap-2026-04-30-09h16m29s871.png\",\"datePublished\":\"2026-04-30T12:32:54+00:00\",\"dateModified\":\"2026-04-30T14:06:23+00:00\",\"author\":{\"@id\":\"https:\\\/\\\/gentedebasquet.com.ar\\\/sitio\\\/#\\\/schema\\\/person\\\/6f3e5bc5df127b420a445d22fc9eaa51\"},\"breadcrumb\":{\"@id\":\"https:\\\/\\\/gentedebasquet.com.ar\\\/sitio\\\/2026\\\/04\\\/30\\\/las-dudas-desaparecieron-y-9-de-julio-fue-vencedor\\\/#breadcrumb\"},\"inLanguage\":\"es\",\"potentialAction\":[{\"@type\":\"ReadAction\",\"target\":[\"https:\\\/\\\/gentedebasquet.com.ar\\\/sitio\\\/2026\\\/04\\\/30\\\/las-dudas-desaparecieron-y-9-de-julio-fue-vencedor\\\/\"]}]},{\"@type\":\"ImageObject\",\"inLanguage\":\"es\",\"@id\":\"https:\\\/\\\/gentedebasquet.com.ar\\\/sitio\\\/2026\\\/04\\\/30\\\/las-dudas-desaparecieron-y-9-de-julio-fue-vencedor\\\/#primaryimage\",\"url\":\"https:\\\/\\\/gentedebasquet.com.ar\\\/sitio\\\/wp-content\\\/uploads\\\/2026\\\/04\\\/vlcsnap-2026-04-30-09h16m29s871.png\",\"contentUrl\":\"https:\\\/\\\/gentedebasquet.com.ar\\\/sitio\\\/wp-content\\\/uploads\\\/2026\\\/04\\\/vlcsnap-2026-04-30-09h16m29s871.png\",\"width\":690,\"height\":319},{\"@type\":\"BreadcrumbList\",\"@id\":\"https:\\\/\\\/gentedebasquet.com.ar\\\/sitio\\\/2026\\\/04\\\/30\\\/las-dudas-desaparecieron-y-9-de-julio-fue-vencedor\\\/#breadcrumb\",\"itemListElement\":[{\"@type\":\"ListItem\",\"position\":1,\"name\":\"Portada\",\"item\":\"https:\\\/\\\/gentedebasquet.com.ar\\\/sitio\\\/\"},{\"@type\":\"ListItem\",\"position\":2,\"name\":\"Las dudas desaparecieron y 9 de Julio fue vencedor\"}]},{\"@type\":\"WebSite\",\"@id\":\"https:\\\/\\\/gentedebasquet.com.ar\\\/sitio\\\/#website\",\"url\":\"https:\\\/\\\/gentedebasquet.com.ar\\\/sitio\\\/\",\"name\":\"Gente de B\u00e1squet\",\"description\":\"La revista del basquet de Bah\u00eda Blanca\",\"potentialAction\":[{\"@type\":\"SearchAction\",\"target\":{\"@type\":\"EntryPoint\",\"urlTemplate\":\"https:\\\/\\\/gentedebasquet.com.ar\\\/sitio\\\/?s={search_term_string}\"},\"query-input\":{\"@type\":\"PropertyValueSpecification\",\"valueRequired\":true,\"valueName\":\"search_term_string\"}}],\"inLanguage\":\"es\"},{\"@type\":\"Person\",\"@id\":\"https:\\\/\\\/gentedebasquet.com.ar\\\/sitio\\\/#\\\/schema\\\/person\\\/6f3e5bc5df127b420a445d22fc9eaa51\",\"name\":\"Andres Camarero\",\"image\":{\"@type\":\"ImageObject\",\"inLanguage\":\"es\",\"@id\":\"https:\\\/\\\/secure.gravatar.com\\\/avatar\\\/f6d4884ec54a50c25ccd5e4f54f5e904d09dfe74ef58e58f631f3917b6fed7cd?s=96&d=mm&r=g\",\"url\":\"https:\\\/\\\/secure.gravatar.com\\\/avatar\\\/f6d4884ec54a50c25ccd5e4f54f5e904d09dfe74ef58e58f631f3917b6fed7cd?s=96&d=mm&r=g\",\"contentUrl\":\"https:\\\/\\\/secure.gravatar.com\\\/avatar\\\/f6d4884ec54a50c25ccd5e4f54f5e904d09dfe74ef58e58f631f3917b6fed7cd?s=96&d=mm&r=g\",\"caption\":\"Andres Camarero\"},\"url\":\"https:\\\/\\\/gentedebasquet.com.ar\\\/sitio\\\/author\\\/andres-camarero\\\/\"}]}<\/script>\n<!-- \/ Yoast SEO plugin. -->","yoast_head_json":{"title":"Las dudas desaparecieron y 9 de Julio fue vencedor - Gente de B\u00e1squet","robots":{"index":"index","follow":"follow","max-snippet":"max-snippet:-1","max-image-preview":"max-image-preview:large","max-video-preview":"max-video-preview:-1"},"canonical":"https:\/\/gentedebasquet.com.ar\/sitio\/2026\/04\/30\/las-dudas-desaparecieron-y-9-de-julio-fue-vencedor\/","og_locale":"es_ES","og_type":"article","og_title":"Las dudas desaparecieron y 9 de Julio fue vencedor - Gente de B\u00e1squet","og_description":"El actual campe\u00f3n defensor de la primera divisi\u00f3n femenina se llev\u00f3 ayer un nuevo triunfo en la fecha 4 de la edici\u00f3n 2026 del certamen. Logr\u00f3 ganarle 66 a 50 al batallador Villa Mitre, despu\u00e9s de haber elaborado un gran parcial de 14 a 2 en los minutos de cierre del tercer cuarto que lo [&hellip;]","og_url":"https:\/\/gentedebasquet.com.ar\/sitio\/2026\/04\/30\/las-dudas-desaparecieron-y-9-de-julio-fue-vencedor\/","og_site_name":"Gente de B\u00e1squet","article_published_time":"2026-04-30T12:32:54+00:00","article_modified_time":"2026-04-30T14:06:23+00:00","og_image":[{"width":690,"height":319,"url":"http:\/\/gentedebasquet.com.ar\/sitio\/wp-content\/uploads\/2026\/04\/vlcsnap-2026-04-30-09h16m29s871.png","type":"image\/png"}],"author":"Andres Camarero","twitter_card":"summary_large_image","twitter_misc":{"Escrito por":"Andres Camarero","Tiempo de lectura":"4 minutos"},"schema":{"@context":"https:\/\/schema.org","@graph":[{"@type":"Article","@id":"https:\/\/gentedebasquet.com.ar\/sitio\/2026\/04\/30\/las-dudas-desaparecieron-y-9-de-julio-fue-vencedor\/#article","isPartOf":{"@id":"https:\/\/gentedebasquet.com.ar\/sitio\/2026\/04\/30\/las-dudas-desaparecieron-y-9-de-julio-fue-vencedor\/"},"author":{"name":"Andres Camarero","@id":"https:\/\/gentedebasquet.com.ar\/sitio\/#\/schema\/person\/6f3e5bc5df127b420a445d22fc9eaa51"},"headline":"Las dudas desaparecieron y 9 de Julio fue vencedor","datePublished":"2026-04-30T12:32:54+00:00","dateModified":"2026-04-30T14:06:23+00:00","mainEntityOfPage":{"@id":"https:\/\/gentedebasquet.com.ar\/sitio\/2026\/04\/30\/las-dudas-desaparecieron-y-9-de-julio-fue-vencedor\/"},"wordCount":505,"image":{"@id":"https:\/\/gentedebasquet.com.ar\/sitio\/2026\/04\/30\/las-dudas-desaparecieron-y-9-de-julio-fue-vencedor\/#primaryimage"},"thumbnailUrl":"https:\/\/gentedebasquet.com.ar\/sitio\/wp-content\/uploads\/2026\/04\/vlcsnap-2026-04-30-09h16m29s871.png","keywords":["9 de Julio","Bernardita Marcocci","Isabella Roldan","Villa Mitre"],"articleSection":["Femenino","Slide"],"inLanguage":"es"},{"@type":"WebPage","@id":"https:\/\/gentedebasquet.com.ar\/sitio\/2026\/04\/30\/las-dudas-desaparecieron-y-9-de-julio-fue-vencedor\/","url":"https:\/\/gentedebasquet.com.ar\/sitio\/2026\/04\/30\/las-dudas-desaparecieron-y-9-de-julio-fue-vencedor\/","name":"Las dudas desaparecieron y 9 de Julio fue vencedor - Gente de B\u00e1squet","isPartOf":{"@id":"https:\/\/gentedebasquet.com.ar\/sitio\/#website"},"primaryImageOfPage":{"@id":"https:\/\/gentedebasquet.com.ar\/sitio\/2026\/04\/30\/las-dudas-desaparecieron-y-9-de-julio-fue-vencedor\/#primaryimage"},"image":{"@id":"https:\/\/gentedebasquet.com.ar\/sitio\/2026\/04\/30\/las-dudas-desaparecieron-y-9-de-julio-fue-vencedor\/#primaryimage"},"thumbnailUrl":"https:\/\/gentedebasquet.com.ar\/sitio\/wp-content\/uploads\/2026\/04\/vlcsnap-2026-04-30-09h16m29s871.png","datePublished":"2026-04-30T12:32:54+00:00","dateModified":"2026-04-30T14:06:23+00:00","author":{"@id":"https:\/\/gentedebasquet.com.ar\/sitio\/#\/schema\/person\/6f3e5bc5df127b420a445d22fc9eaa51"},"breadcrumb":{"@id":"https:\/\/gentedebasquet.com.ar\/sitio\/2026\/04\/30\/las-dudas-desaparecieron-y-9-de-julio-fue-vencedor\/#breadcrumb"},"inLanguage":"es","potentialAction":[{"@type":"ReadAction","target":["https:\/\/gentedebasquet.com.ar\/sitio\/2026\/04\/30\/las-dudas-desaparecieron-y-9-de-julio-fue-vencedor\/"]}]},{"@type":"ImageObject","inLanguage":"es","@id":"https:\/\/gentedebasquet.com.ar\/sitio\/2026\/04\/30\/las-dudas-desaparecieron-y-9-de-julio-fue-vencedor\/#primaryimage","url":"https:\/\/gentedebasquet.com.ar\/sitio\/wp-content\/uploads\/2026\/04\/vlcsnap-2026-04-30-09h16m29s871.png","contentUrl":"https:\/\/gentedebasquet.com.ar\/sitio\/wp-content\/uploads\/2026\/04\/vlcsnap-2026-04-30-09h16m29s871.png","width":690,"height":319},{"@type":"BreadcrumbList","@id":"https:\/\/gentedebasquet.com.ar\/sitio\/2026\/04\/30\/las-dudas-desaparecieron-y-9-de-julio-fue-vencedor\/#breadcrumb","itemListElement":[{"@type":"ListItem","position":1,"name":"Portada","item":"https:\/\/gentedebasquet.com.ar\/sitio\/"},{"@type":"ListItem","position":2,"name":"Las dudas desaparecieron y 9 de Julio fue vencedor"}]},{"@type":"WebSite","@id":"https:\/\/gentedebasquet.com.ar\/sitio\/#website","url":"https:\/\/gentedebasquet.com.ar\/sitio\/","name":"Gente de B\u00e1squet","description":"La revista del basquet de Bah\u00eda Blanca","potentialAction":[{"@type":"SearchAction","target":{"@type":"EntryPoint","urlTemplate":"https:\/\/gentedebasquet.com.ar\/sitio\/?s={search_term_string}"},"query-input":{"@type":"PropertyValueSpecification","valueRequired":true,"valueName":"search_term_string"}}],"inLanguage":"es"},{"@type":"Person","@id":"https:\/\/gentedebasquet.com.ar\/sitio\/#\/schema\/person\/6f3e5bc5df127b420a445d22fc9eaa51","name":"Andres Camarero","image":{"@type":"ImageObject","inLanguage":"es","@id":"https:\/\/secure.gravatar.com\/avatar\/f6d4884ec54a50c25ccd5e4f54f5e904d09dfe74ef58e58f631f3917b6fed7cd?s=96&d=mm&r=g","url":"https:\/\/secure.gravatar.com\/avatar\/f6d4884ec54a50c25ccd5e4f54f5e904d09dfe74ef58e58f631f3917b6fed7cd?s=96&d=mm&r=g","contentUrl":"https:\/\/secure.gravatar.com\/avatar\/f6d4884ec54a50c25ccd5e4f54f5e904d09dfe74ef58e58f631f3917b6fed7cd?s=96&d=mm&r=g","caption":"Andres Camarero"},"url":"https:\/\/gentedebasquet.com.ar\/sitio\/author\/andres-camarero\/"}]}},"_links":{"self":[{"href":"https:\/\/gentedebasquet.com.ar\/sitio\/wp-json\/wp\/v2\/posts\/121319","targetHints":{"allow":["GET"]}}],"collection":[{"href":"https:\/\/gentedebasquet.com.ar\/sitio\/wp-json\/wp\/v2\/posts"}],"about":[{"href":"https:\/\/gentedebasquet.com.ar\/sitio\/wp-json\/wp\/v2\/types\/post"}],"author":[{"embeddable":true,"href":"https:\/\/gentedebasquet.com.ar\/sitio\/wp-json\/wp\/v2\/users\/70"}],"replies":[{"embeddable":true,"href":"https:\/\/gentedebasquet.com.ar\/sitio\/wp-json\/wp\/v2\/comments?post=121319"}],"version-history":[{"count":7,"href":"https:\/\/gentedebasquet.com.ar\/sitio\/wp-json\/wp\/v2\/posts\/121319\/revisions"}],"predecessor-version":[{"id":121343,"href":"https:\/\/gentedebasquet.com.ar\/sitio\/wp-json\/wp\/v2\/posts\/121319\/revisions\/121343"}],"wp:featuredmedia":[{"embeddable":true,"href":"https:\/\/gentedebasquet.com.ar\/sitio\/wp-json\/wp\/v2\/media\/121337"}],"wp:attachment":[{"href":"https:\/\/gentedebasquet.com.ar\/sitio\/wp-json\/wp\/v2\/media?parent=121319"}],"wp:term":[{"taxonomy":"category","embeddable":true,"href":"https:\/\/gentedebasquet.com.ar\/sitio\/wp-json\/wp\/v2\/categories?post=121319"},{"taxonomy":"post_tag","embeddable":true,"href":"https:\/\/gentedebasquet.com.ar\/sitio\/wp-json\/wp\/v2\/tags?post=121319"}],"curies":[{"name":"wp","href":"https:\/\/api.w.org\/{rel}","templated":true}]}}