{"id":121340,"date":"2026-05-01T16:41:17","date_gmt":"2026-05-01T14:41:17","guid":{"rendered":"https:\/\/gentedebasquet.com.ar\/sitio\/?p=121340"},"modified":"2026-05-01T16:41:17","modified_gmt":"2026-05-01T14:41:17","slug":"jean-luc-marco-el-camino-y-saco-a-alem-a-flote-on-fire","status":"publish","type":"post","link":"https:\/\/gentedebasquet.com.ar\/sitio\/2026\/05\/01\/jean-luc-marco-el-camino-y-saco-a-alem-a-flote-on-fire\/","title":{"rendered":"Jean-Luc marc\u00f3 el camino y sac\u00f3 a Alem a flote on fire"},"content":{"rendered":"<p><img decoding=\"async\" class=\"alignnone wp-image-121383 size-full\" src=\"http:\/\/gentedebasquet.com.ar\/sitio\/wp-content\/uploads\/2026\/05\/WhatsApp-Image-2026-05-01-at-12.03.20-AM.jpeg\" alt=\"\" width=\"720\" height=\"424\" data-pin-no-hover=\"true\" srcset=\"https:\/\/gentedebasquet.com.ar\/sitio\/wp-content\/uploads\/2026\/05\/WhatsApp-Image-2026-05-01-at-12.03.20-AM.jpeg 720w, https:\/\/gentedebasquet.com.ar\/sitio\/wp-content\/uploads\/2026\/05\/WhatsApp-Image-2026-05-01-at-12.03.20-AM-300x177.jpeg 300w\" sizes=\"(max-width: 720px) 100vw, 720px\" \/><\/p>\n<div>\n<p><strong>En la fecha 7, Alem cort\u00f3 la mala racha al imponerse de local ante Pac\u00edfico, logrando su segunda victoria del torneo.\u00a0 \u00a0 \u00a0 \u00a0 \u00a0 \u00a0 \u00a0 \u00a0 \u00a0 \u00a0 \u00a0 \u00a0 \u00a0 \u00a0 \u00a0 \u00a0 \u00a0 \u00a0 \u00a0 \u00a0 \u00a0 \u00a0 \u00a0 \u00a0 \u00a0 \u00a0 \u00a0 \u00a0 \u00a0 \u00a0 \u00a0 \u00a0 \u00a0 \u00a0 \u00a0 \u00a0 \u00a0 \u00a0 \u00a0 \u00a0 \u00a0 \u00a0 \u00a0 \u00a0 \u00a0 \u00a0 \u00a0 \u00a0 \u00a0 \u00a0 \u00a0 \u00a0 \u00a0 \u00a0 \u00a0 \u00a0 \u00a0 \u00a0 \u00a0 \u00a0 \u00a0 \u00a0 \u00a0 \u00a0 \u00a0 \u00a0 <\/strong><\/p>\n<p><strong>\u00abIn Round 7, Alem snapped its losing streak at home against Pac\u00edfico, picked up its second win of the season.\u00bb<\/strong><\/p>\n<p>Arranc\u00f3 el primer cuarto con el conjunto de Jasen tomando la iniciativa a trav\u00e9s de Zapata, quien anot\u00f3 los primeros puntos para el verdemela. El tr\u00e1mite fue parejo, con ida y vuelta constante y sin que ninguno lograra despegarse en el marcador, hasta que en los \u00faltimos 40 segundos apareci\u00f3 Wilson para convertir desde el per\u00edmetro y sellar la igualdad. 18-18.<\/p>\n<p>\u00abThe first quarter started with Jasen\u2019s team taking the initiative through Zapata, who scored the opening points for the verdemela. The game was even, with constant back-and-forth action and neither team able to pull away, until in the final 40 seconds Wilson knocked down a three-pointer to tie the game. 18-18.\u201d<\/p>\n<p>Continu\u00f3 el segundo cuarto con un desarrollo similar en los primeros minutos, manteniendo la paridad, hasta que Alem, a falta de cuatro minutos, tuvo a Zapata apareciendo con un triple para iniciar el quiebre (28-24). A partir de all\u00ed, el verdemela comenz\u00f3 a marcar diferencias, aunque el conjunto de Richotti respondi\u00f3 con Salvatori para achicar a 35-32. En el cierre, Di Chiara castig\u00f3 desde larga distancia sobre la chicharra para cerrar la primera mitad en 43-35 (25-17).<\/p>\n<p>\u201cThe second quarter continued with a similar development in the opening minutes, maintaining the parity, until with four minutes remaining Alem saw Zapata hit a three-pointer to start the break (28-24). From that point on, the verdemela began to build a lead, although Richotti\u2019s team responded through Salvatori to cut it to 35-32. In the closing moments, Di Chiara hit from long range at the buzzer to close the first half at 43-35 (25-17).\u201d<\/p>\n<p>Se desarroll\u00f3 el tercer cuarto con Amaya encendiendo r\u00e1pido al local con un triple a los 13 segundos, en un per\u00edodo que se sostuvo con din\u00e1mica de ida y vuelta y sin grandes cambios en la diferencia. El verdemela logr\u00f3 mantener la ventaja ante un verde que no encontraba los caminos para acercarse, hasta que en los \u00faltimos 9 segundos Genitti apareci\u00f3 para sumar para la visita. El cuarto cerr\u00f3 69-58 (26-23).<\/p>\n<p>\u201cThe third quarter developed with Amaya quickly getting the home team going with a three-pointer just 13 seconds in, in a period that maintained a back-and-forth rhythm without major changes in the margin. The verdemela managed to hold the lead against a green side that couldn\u2019t find ways to get closer, until in the final 9 seconds Genitti scored for the visitors. The quarter ended 69-58 (26-23).\u201d<\/p>\n<p>Para terminar el \u00faltimo cuarto, el juego se mantuvo intenso y muy disputado en los primeros minutos. Con el correr del per\u00edodo, el conjunto de Richotti intent\u00f3 acercarse en el marcador y a los 5 minutos Bruni sum\u00f3 para achicar a 78-74. Sin embargo, en el cierre, el conjunto de Jasen sostuvo la ventaja y en los \u00faltimos 2 segundos, tras un recupero de R\u00edos, lleg\u00f3 la asistencia para Wilson, quien defini\u00f3 el partido en una noche en la que estuvo on fire. El cuarto cerr\u00f3 90-83 (21-25).<\/p>\n<p>\u201cTo finish the final quarter, the game remained intense and highly contested in the opening minutes. As the period went on, Richotti\u2019s team tried to close the gap, and at the 5-minute mark Bruni scored to make it 78-74. However, in the closing moments, Jasen\u2019s team held the lead and in the final 2 seconds, after a steal by R\u00edos, he assisted Wilson, who finished the game in a night where he was on fire. The quarter ended 90-83 (21-25).\u201d<\/p>\n<p>&nbsp;<\/p>\n<\/div>\n<div>\n<p>&nbsp;<\/p>\n<\/div>\n<p><strong>Alem sube dos escalones mas, saliendo del fondo de la tabla. En la siguiente fecha, Alem visitar\u00e1 a Estudiantes para entrar en el torneo y salir de la zona de descenso. Por el lado de Pacifico, debe salir de ser penultimo en la tabla, quien se enfrentar\u00e1 cara a cara contra Barrio Hopital.\u00a0 \u00a0 \u00a0 \u00a0 \u00a0 \u00a0 \u00a0 \u00a0 <\/strong><strong>\u201cAll Boys climbed two spots and moved away from the bottom of the standings. Next round, they will visit Estudiantes aiming to build momentum and get out of the relegation zone. Meanwhile, Pac\u00edfico remains second to last and will face Barrio Hospital in a key matchup.\u201d<\/strong><\/p>\n<p>&nbsp;<\/p>\n<div class=\"jeg_video_container jeg_video_content\"><iframe loading=\"lazy\" title=\"#Primera - Fecha #7: Alem 90 - 83 Pac\u00edfico \" width=\"500\" height=\"281\" src=\"https:\/\/www.youtube.com\/embed\/YzR3mrLHmJ0?feature=oembed\" frameborder=\"0\" allow=\"accelerometer; autoplay; clipboard-write; encrypted-media; gyroscope; picture-in-picture; web-share\" referrerpolicy=\"strict-origin-when-cross-origin\" allowfullscreen><\/iframe><\/div>\n<p>&nbsp;<\/p>\n<p><img decoding=\"async\" class=\"alignnone wp-image-121387 \" src=\"http:\/\/gentedebasquet.com.ar\/sitio\/wp-content\/uploads\/2026\/05\/WhatsApp-Image-2026-05-01-at-12.06.12-AM-1-1024x1024.jpeg\" alt=\"\" width=\"303\" height=\"303\" data-pin-no-hover=\"true\" srcset=\"https:\/\/gentedebasquet.com.ar\/sitio\/wp-content\/uploads\/2026\/05\/WhatsApp-Image-2026-05-01-at-12.06.12-AM-1-1024x1024.jpeg 1024w, https:\/\/gentedebasquet.com.ar\/sitio\/wp-content\/uploads\/2026\/05\/WhatsApp-Image-2026-05-01-at-12.06.12-AM-1-300x300.jpeg 300w, https:\/\/gentedebasquet.com.ar\/sitio\/wp-content\/uploads\/2026\/05\/WhatsApp-Image-2026-05-01-at-12.06.12-AM-1-150x150.jpeg 150w, https:\/\/gentedebasquet.com.ar\/sitio\/wp-content\/uploads\/2026\/05\/WhatsApp-Image-2026-05-01-at-12.06.12-AM-1-768x768.jpeg 768w, https:\/\/gentedebasquet.com.ar\/sitio\/wp-content\/uploads\/2026\/05\/WhatsApp-Image-2026-05-01-at-12.06.12-AM-1-1536x1536.jpeg 1536w, https:\/\/gentedebasquet.com.ar\/sitio\/wp-content\/uploads\/2026\/05\/WhatsApp-Image-2026-05-01-at-12.06.12-AM-1-75x75.jpeg 75w, https:\/\/gentedebasquet.com.ar\/sitio\/wp-content\/uploads\/2026\/05\/WhatsApp-Image-2026-05-01-at-12.06.12-AM-1-350x350.jpeg 350w, https:\/\/gentedebasquet.com.ar\/sitio\/wp-content\/uploads\/2026\/05\/WhatsApp-Image-2026-05-01-at-12.06.12-AM-1-750x750.jpeg 750w, https:\/\/gentedebasquet.com.ar\/sitio\/wp-content\/uploads\/2026\/05\/WhatsApp-Image-2026-05-01-at-12.06.12-AM-1-1140x1140.jpeg 1140w, https:\/\/gentedebasquet.com.ar\/sitio\/wp-content\/uploads\/2026\/05\/WhatsApp-Image-2026-05-01-at-12.06.12-AM-1.jpeg 1600w\" sizes=\"(max-width: 303px) 100vw, 303px\" \/><\/p>\n<p><img decoding=\"async\" class=\"alignnone wp-image-121386 \" src=\"http:\/\/gentedebasquet.com.ar\/sitio\/wp-content\/uploads\/2026\/05\/WhatsApp-Image-2026-05-01-at-12.06.12-AM-1024x1024.jpeg\" alt=\"\" width=\"310\" height=\"310\" data-pin-no-hover=\"true\" srcset=\"https:\/\/gentedebasquet.com.ar\/sitio\/wp-content\/uploads\/2026\/05\/WhatsApp-Image-2026-05-01-at-12.06.12-AM-1024x1024.jpeg 1024w, https:\/\/gentedebasquet.com.ar\/sitio\/wp-content\/uploads\/2026\/05\/WhatsApp-Image-2026-05-01-at-12.06.12-AM-300x300.jpeg 300w, https:\/\/gentedebasquet.com.ar\/sitio\/wp-content\/uploads\/2026\/05\/WhatsApp-Image-2026-05-01-at-12.06.12-AM-150x150.jpeg 150w, https:\/\/gentedebasquet.com.ar\/sitio\/wp-content\/uploads\/2026\/05\/WhatsApp-Image-2026-05-01-at-12.06.12-AM-768x768.jpeg 768w, https:\/\/gentedebasquet.com.ar\/sitio\/wp-content\/uploads\/2026\/05\/WhatsApp-Image-2026-05-01-at-12.06.12-AM-1536x1536.jpeg 1536w, https:\/\/gentedebasquet.com.ar\/sitio\/wp-content\/uploads\/2026\/05\/WhatsApp-Image-2026-05-01-at-12.06.12-AM-75x75.jpeg 75w, https:\/\/gentedebasquet.com.ar\/sitio\/wp-content\/uploads\/2026\/05\/WhatsApp-Image-2026-05-01-at-12.06.12-AM-350x350.jpeg 350w, https:\/\/gentedebasquet.com.ar\/sitio\/wp-content\/uploads\/2026\/05\/WhatsApp-Image-2026-05-01-at-12.06.12-AM-750x750.jpeg 750w, https:\/\/gentedebasquet.com.ar\/sitio\/wp-content\/uploads\/2026\/05\/WhatsApp-Image-2026-05-01-at-12.06.12-AM-1140x1140.jpeg 1140w, https:\/\/gentedebasquet.com.ar\/sitio\/wp-content\/uploads\/2026\/05\/WhatsApp-Image-2026-05-01-at-12.06.12-AM.jpeg 1600w\" sizes=\"(max-width: 310px) 100vw, 310px\" \/><\/p>\n<blockquote><p><img decoding=\"async\" class=\"alignnone wp-image-121385 \" src=\"http:\/\/gentedebasquet.com.ar\/sitio\/wp-content\/uploads\/2026\/05\/WhatsApp-Image-2026-05-01-at-12.05.33-AM-771x1024.jpeg\" alt=\"\" width=\"320\" height=\"425\" data-pin-no-hover=\"true\" srcset=\"https:\/\/gentedebasquet.com.ar\/sitio\/wp-content\/uploads\/2026\/05\/WhatsApp-Image-2026-05-01-at-12.05.33-AM-771x1024.jpeg 771w, https:\/\/gentedebasquet.com.ar\/sitio\/wp-content\/uploads\/2026\/05\/WhatsApp-Image-2026-05-01-at-12.05.33-AM-226x300.jpeg 226w, https:\/\/gentedebasquet.com.ar\/sitio\/wp-content\/uploads\/2026\/05\/WhatsApp-Image-2026-05-01-at-12.05.33-AM-768x1021.jpeg 768w, https:\/\/gentedebasquet.com.ar\/sitio\/wp-content\/uploads\/2026\/05\/WhatsApp-Image-2026-05-01-at-12.05.33-AM-1156x1536.jpeg 1156w, https:\/\/gentedebasquet.com.ar\/sitio\/wp-content\/uploads\/2026\/05\/WhatsApp-Image-2026-05-01-at-12.05.33-AM-750x997.jpeg 750w, https:\/\/gentedebasquet.com.ar\/sitio\/wp-content\/uploads\/2026\/05\/WhatsApp-Image-2026-05-01-at-12.05.33-AM-1140x1515.jpeg 1140w, https:\/\/gentedebasquet.com.ar\/sitio\/wp-content\/uploads\/2026\/05\/WhatsApp-Image-2026-05-01-at-12.05.33-AM.jpeg 1204w\" sizes=\"(max-width: 320px) 100vw, 320px\" \/><\/p>\n<p>\u00abLa clave del partido fue mantenernos unidos, estuvimos practicando toda la semana, bueno, en realidad todo el mes, jugando duro. El cuerpo t\u00e9cnico, Pancho especialmente, estuvo tratando de asegurarse de que nos mantengamos juntos, \u00bfsab\u00e9s? Porque en los \u00faltimos partidos tuvimos algunas derrotas duras.<\/p>\n<p>\u00abThe key to the game, just staying together, you know. We&#8217;ve been practicing all week, well, really all month, playing hard, you know. The coaching staff, Pancho especially, he&#8217;s been trying to make sure that we stay together, you know, because the last couple of games we had a couple of hard losses, you know, so.\u00bb\u00bb\u00a0<strong>Jean-Luc Wilson, Alem.<\/strong><\/p><\/blockquote>\n<p>&nbsp;<\/p>\n<p><img decoding=\"async\" class=\"alignnone wp-image-121384 size-large\" src=\"http:\/\/gentedebasquet.com.ar\/sitio\/wp-content\/uploads\/2026\/05\/WhatsApp-Image-2026-05-01-at-12.03.38-AM-1024x576.jpeg\" alt=\"\" width=\"1024\" height=\"576\" data-pin-no-hover=\"true\" srcset=\"https:\/\/gentedebasquet.com.ar\/sitio\/wp-content\/uploads\/2026\/05\/WhatsApp-Image-2026-05-01-at-12.03.38-AM-1024x576.jpeg 1024w, https:\/\/gentedebasquet.com.ar\/sitio\/wp-content\/uploads\/2026\/05\/WhatsApp-Image-2026-05-01-at-12.03.38-AM-300x169.jpeg 300w, https:\/\/gentedebasquet.com.ar\/sitio\/wp-content\/uploads\/2026\/05\/WhatsApp-Image-2026-05-01-at-12.03.38-AM-768x432.jpeg 768w, https:\/\/gentedebasquet.com.ar\/sitio\/wp-content\/uploads\/2026\/05\/WhatsApp-Image-2026-05-01-at-12.03.38-AM-1536x864.jpeg 1536w, https:\/\/gentedebasquet.com.ar\/sitio\/wp-content\/uploads\/2026\/05\/WhatsApp-Image-2026-05-01-at-12.03.38-AM-750x422.jpeg 750w, https:\/\/gentedebasquet.com.ar\/sitio\/wp-content\/uploads\/2026\/05\/WhatsApp-Image-2026-05-01-at-12.03.38-AM-1140x641.jpeg 1140w, https:\/\/gentedebasquet.com.ar\/sitio\/wp-content\/uploads\/2026\/05\/WhatsApp-Image-2026-05-01-at-12.03.38-AM.jpeg 1599w\" sizes=\"(max-width: 1024px) 100vw, 1024px\" \/><\/p>\n<p><strong>S\u00edntesis \u2013 Primera Divisi\u00f3n \u2013<\/strong><strong>Fecha #7<\/strong><\/p>\n<p><strong>Leandro N. Alem 90:\u00a0<\/strong>\u00a0Patricio Zapata 17, Nahuel Amaya 18, <strong>Jean-Luc Wilson 27<\/strong>, Eduardo R\u00edos Le\u00f3n 4, Lucas Desbat 8 <strong>(<\/strong><strong>F1);\u00a0<\/strong>Santiago D\u2019Annunzio 3, Mat\u00edas Such 3, Tom\u00e1s Scolari 1, Valentin Di Chiara 6, Valentino Scoppa 3. <strong>DT: Hern\u00e1n Jasen.<\/strong><\/p>\n<p><strong>Pacifico 83<\/strong>: Branco Salvatori 15, Tomas Bruni 15, Valent\u00edn Cortes 21, Santiago Loos 15, Joaqu\u00edn Larrandart 1 <strong>(F1)<\/strong>; Genaro Pisani 2, Pedro Palacio, Francisco Mattioli 1, Maximo Genitti 13. <strong>DT: Mauro Richotti.<\/strong><\/p>\n<p><strong>Parciales: <\/strong>18-18, 43-35 (25-17), 69-58(26-23), 90-83 (21-25)<\/p>\n<p><strong>\u00c1rbitros:<\/strong> Emanuel Sanchez, Sebastian Giannino, Joel Schernenco.<\/p>\n<p><strong>Estadio:\u00a0<\/strong>Daniel Lacunza (Alem).<\/p>\n<p><img decoding=\"async\" class=\"alignnone wp-image-121230 size-large\" src=\"http:\/\/gentedebasquet.com.ar\/sitio\/wp-content\/uploads\/2026\/04\/WhatsApp-Image-2026-04-28-at-9.44.23-AM-1024x771.jpeg\" alt=\"\" width=\"1024\" height=\"771\" data-pin-no-hover=\"true\" srcset=\"https:\/\/gentedebasquet.com.ar\/sitio\/wp-content\/uploads\/2026\/04\/WhatsApp-Image-2026-04-28-at-9.44.23-AM-1024x771.jpeg 1024w, https:\/\/gentedebasquet.com.ar\/sitio\/wp-content\/uploads\/2026\/04\/WhatsApp-Image-2026-04-28-at-9.44.23-AM-300x226.jpeg 300w, https:\/\/gentedebasquet.com.ar\/sitio\/wp-content\/uploads\/2026\/04\/WhatsApp-Image-2026-04-28-at-9.44.23-AM-768x578.jpeg 768w, https:\/\/gentedebasquet.com.ar\/sitio\/wp-content\/uploads\/2026\/04\/WhatsApp-Image-2026-04-28-at-9.44.23-AM-1536x1156.jpeg 1536w, https:\/\/gentedebasquet.com.ar\/sitio\/wp-content\/uploads\/2026\/04\/WhatsApp-Image-2026-04-28-at-9.44.23-AM-750x564.jpeg 750w, https:\/\/gentedebasquet.com.ar\/sitio\/wp-content\/uploads\/2026\/04\/WhatsApp-Image-2026-04-28-at-9.44.23-AM-1140x858.jpeg 1140w, https:\/\/gentedebasquet.com.ar\/sitio\/wp-content\/uploads\/2026\/04\/WhatsApp-Image-2026-04-28-at-9.44.23-AM.jpeg 1600w\" sizes=\"(max-width: 1024px) 100vw, 1024px\" \/><\/p>\n","protected":false},"excerpt":{"rendered":"<p>En la fecha 7, Alem cort\u00f3 la mala racha al imponerse de local ante Pac\u00edfico, logrando su segunda victoria del torneo.\u00a0 \u00a0 \u00a0 \u00a0 \u00a0 \u00a0 \u00a0 \u00a0 \u00a0 \u00a0 \u00a0 \u00a0 \u00a0 \u00a0 \u00a0 \u00a0 \u00a0 \u00a0 \u00a0 \u00a0 \u00a0 \u00a0 \u00a0 \u00a0 \u00a0 \u00a0 \u00a0 \u00a0 \u00a0 \u00a0 \u00a0 \u00a0 \u00a0 \u00a0 \u00a0 [&hellip;]<\/p>\n","protected":false},"author":86,"featured_media":121382,"comment_status":"closed","ping_status":"open","sticky":false,"template":"","format":"standard","meta":{"jnews-multi-image_gallery":[],"jnews_single_post":[],"jnews_primary_category":[],"footnotes":""},"categories":[23,101],"tags":[3,2071,2095,17,1977],"class_list":["post-121340","post","type-post","status-publish","format-standard","has-post-thumbnail","hentry","category-primera","category-slide","tag-alem","tag-daniel-lacunza","tag-jean-luc-wilson","tag-pacifico","tag-torneo-de-primera"],"yoast_head":"<!-- This site is optimized with the Yoast SEO plugin v27.5 - https:\/\/yoast.com\/product\/yoast-seo-wordpress\/ -->\n<title>Jean-Luc marc\u00f3 el camino y sac\u00f3 a Alem a flote on fire - Gente de B\u00e1squet<\/title>\n<meta name=\"robots\" content=\"index, follow, max-snippet:-1, max-image-preview:large, max-video-preview:-1\" \/>\n<link rel=\"canonical\" href=\"https:\/\/gentedebasquet.com.ar\/sitio\/2026\/05\/01\/jean-luc-marco-el-camino-y-saco-a-alem-a-flote-on-fire\/\" \/>\n<meta property=\"og:locale\" content=\"es_ES\" \/>\n<meta property=\"og:type\" content=\"article\" \/>\n<meta property=\"og:title\" content=\"Jean-Luc marc\u00f3 el camino y sac\u00f3 a Alem a flote on fire - Gente de B\u00e1squet\" \/>\n<meta property=\"og:description\" content=\"En la fecha 7, Alem cort\u00f3 la mala racha al imponerse de local ante Pac\u00edfico, logrando su segunda victoria del torneo.\u00a0 \u00a0 \u00a0 \u00a0 \u00a0 \u00a0 \u00a0 \u00a0 \u00a0 \u00a0 \u00a0 \u00a0 \u00a0 \u00a0 \u00a0 \u00a0 \u00a0 \u00a0 \u00a0 \u00a0 \u00a0 \u00a0 \u00a0 \u00a0 \u00a0 \u00a0 \u00a0 \u00a0 \u00a0 \u00a0 \u00a0 \u00a0 \u00a0 \u00a0 \u00a0 [&hellip;]\" \/>\n<meta property=\"og:url\" content=\"https:\/\/gentedebasquet.com.ar\/sitio\/2026\/05\/01\/jean-luc-marco-el-camino-y-saco-a-alem-a-flote-on-fire\/\" \/>\n<meta property=\"og:site_name\" content=\"Gente de B\u00e1squet\" \/>\n<meta property=\"article:published_time\" content=\"2026-05-01T14:41:17+00:00\" \/>\n<meta property=\"og:image\" content=\"http:\/\/gentedebasquet.com.ar\/sitio\/wp-content\/uploads\/2026\/05\/WhatsApp-Image-2026-05-01-at-12.02.14-AM.jpeg\" \/>\n\t<meta property=\"og:image:width\" content=\"1600\" \/>\n\t<meta property=\"og:image:height\" content=\"1204\" \/>\n\t<meta property=\"og:image:type\" content=\"image\/jpeg\" \/>\n<meta name=\"author\" content=\"Benjam\u00edn Ziede\" \/>\n<meta name=\"twitter:card\" content=\"summary_large_image\" \/>\n<meta name=\"twitter:label1\" content=\"Escrito por\" \/>\n\t<meta name=\"twitter:data1\" content=\"Benjam\u00edn Ziede\" \/>\n\t<meta name=\"twitter:label2\" content=\"Tiempo de lectura\" \/>\n\t<meta name=\"twitter:data2\" content=\"5 minutos\" \/>\n<script type=\"application\/ld+json\" class=\"yoast-schema-graph\">{\"@context\":\"https:\\\/\\\/schema.org\",\"@graph\":[{\"@type\":\"Article\",\"@id\":\"https:\\\/\\\/gentedebasquet.com.ar\\\/sitio\\\/2026\\\/05\\\/01\\\/jean-luc-marco-el-camino-y-saco-a-alem-a-flote-on-fire\\\/#article\",\"isPartOf\":{\"@id\":\"https:\\\/\\\/gentedebasquet.com.ar\\\/sitio\\\/2026\\\/05\\\/01\\\/jean-luc-marco-el-camino-y-saco-a-alem-a-flote-on-fire\\\/\"},\"author\":{\"name\":\"Benjam\u00edn Ziede\",\"@id\":\"https:\\\/\\\/gentedebasquet.com.ar\\\/sitio\\\/#\\\/schema\\\/person\\\/f61a8102f7411c43e47beb79057b202b\"},\"headline\":\"Jean-Luc marc\u00f3 el camino y sac\u00f3 a Alem a flote on fire\",\"datePublished\":\"2026-05-01T14:41:17+00:00\",\"mainEntityOfPage\":{\"@id\":\"https:\\\/\\\/gentedebasquet.com.ar\\\/sitio\\\/2026\\\/05\\\/01\\\/jean-luc-marco-el-camino-y-saco-a-alem-a-flote-on-fire\\\/\"},\"wordCount\":934,\"image\":{\"@id\":\"https:\\\/\\\/gentedebasquet.com.ar\\\/sitio\\\/2026\\\/05\\\/01\\\/jean-luc-marco-el-camino-y-saco-a-alem-a-flote-on-fire\\\/#primaryimage\"},\"thumbnailUrl\":\"https:\\\/\\\/gentedebasquet.com.ar\\\/sitio\\\/wp-content\\\/uploads\\\/2026\\\/05\\\/WhatsApp-Image-2026-05-01-at-12.02.14-AM.jpeg\",\"keywords\":[\"Alem\",\"Daniel Lacunza\",\"Jean-Luc Wilson\",\"Pacifico\",\"Torneo de Primera\"],\"articleSection\":[\"Primera\",\"Slide\"],\"inLanguage\":\"es\"},{\"@type\":\"WebPage\",\"@id\":\"https:\\\/\\\/gentedebasquet.com.ar\\\/sitio\\\/2026\\\/05\\\/01\\\/jean-luc-marco-el-camino-y-saco-a-alem-a-flote-on-fire\\\/\",\"url\":\"https:\\\/\\\/gentedebasquet.com.ar\\\/sitio\\\/2026\\\/05\\\/01\\\/jean-luc-marco-el-camino-y-saco-a-alem-a-flote-on-fire\\\/\",\"name\":\"Jean-Luc marc\u00f3 el camino y sac\u00f3 a Alem a flote on fire - Gente de B\u00e1squet\",\"isPartOf\":{\"@id\":\"https:\\\/\\\/gentedebasquet.com.ar\\\/sitio\\\/#website\"},\"primaryImageOfPage\":{\"@id\":\"https:\\\/\\\/gentedebasquet.com.ar\\\/sitio\\\/2026\\\/05\\\/01\\\/jean-luc-marco-el-camino-y-saco-a-alem-a-flote-on-fire\\\/#primaryimage\"},\"image\":{\"@id\":\"https:\\\/\\\/gentedebasquet.com.ar\\\/sitio\\\/2026\\\/05\\\/01\\\/jean-luc-marco-el-camino-y-saco-a-alem-a-flote-on-fire\\\/#primaryimage\"},\"thumbnailUrl\":\"https:\\\/\\\/gentedebasquet.com.ar\\\/sitio\\\/wp-content\\\/uploads\\\/2026\\\/05\\\/WhatsApp-Image-2026-05-01-at-12.02.14-AM.jpeg\",\"datePublished\":\"2026-05-01T14:41:17+00:00\",\"author\":{\"@id\":\"https:\\\/\\\/gentedebasquet.com.ar\\\/sitio\\\/#\\\/schema\\\/person\\\/f61a8102f7411c43e47beb79057b202b\"},\"breadcrumb\":{\"@id\":\"https:\\\/\\\/gentedebasquet.com.ar\\\/sitio\\\/2026\\\/05\\\/01\\\/jean-luc-marco-el-camino-y-saco-a-alem-a-flote-on-fire\\\/#breadcrumb\"},\"inLanguage\":\"es\",\"potentialAction\":[{\"@type\":\"ReadAction\",\"target\":[\"https:\\\/\\\/gentedebasquet.com.ar\\\/sitio\\\/2026\\\/05\\\/01\\\/jean-luc-marco-el-camino-y-saco-a-alem-a-flote-on-fire\\\/\"]}]},{\"@type\":\"ImageObject\",\"inLanguage\":\"es\",\"@id\":\"https:\\\/\\\/gentedebasquet.com.ar\\\/sitio\\\/2026\\\/05\\\/01\\\/jean-luc-marco-el-camino-y-saco-a-alem-a-flote-on-fire\\\/#primaryimage\",\"url\":\"https:\\\/\\\/gentedebasquet.com.ar\\\/sitio\\\/wp-content\\\/uploads\\\/2026\\\/05\\\/WhatsApp-Image-2026-05-01-at-12.02.14-AM.jpeg\",\"contentUrl\":\"https:\\\/\\\/gentedebasquet.com.ar\\\/sitio\\\/wp-content\\\/uploads\\\/2026\\\/05\\\/WhatsApp-Image-2026-05-01-at-12.02.14-AM.jpeg\",\"width\":1600,\"height\":1204},{\"@type\":\"BreadcrumbList\",\"@id\":\"https:\\\/\\\/gentedebasquet.com.ar\\\/sitio\\\/2026\\\/05\\\/01\\\/jean-luc-marco-el-camino-y-saco-a-alem-a-flote-on-fire\\\/#breadcrumb\",\"itemListElement\":[{\"@type\":\"ListItem\",\"position\":1,\"name\":\"Portada\",\"item\":\"https:\\\/\\\/gentedebasquet.com.ar\\\/sitio\\\/\"},{\"@type\":\"ListItem\",\"position\":2,\"name\":\"Jean-Luc marc\u00f3 el camino y sac\u00f3 a Alem a flote on fire\"}]},{\"@type\":\"WebSite\",\"@id\":\"https:\\\/\\\/gentedebasquet.com.ar\\\/sitio\\\/#website\",\"url\":\"https:\\\/\\\/gentedebasquet.com.ar\\\/sitio\\\/\",\"name\":\"Gente de B\u00e1squet\",\"description\":\"La revista del basquet de Bah\u00eda Blanca\",\"potentialAction\":[{\"@type\":\"SearchAction\",\"target\":{\"@type\":\"EntryPoint\",\"urlTemplate\":\"https:\\\/\\\/gentedebasquet.com.ar\\\/sitio\\\/?s={search_term_string}\"},\"query-input\":{\"@type\":\"PropertyValueSpecification\",\"valueRequired\":true,\"valueName\":\"search_term_string\"}}],\"inLanguage\":\"es\"},{\"@type\":\"Person\",\"@id\":\"https:\\\/\\\/gentedebasquet.com.ar\\\/sitio\\\/#\\\/schema\\\/person\\\/f61a8102f7411c43e47beb79057b202b\",\"name\":\"Benjam\u00edn Ziede\",\"image\":{\"@type\":\"ImageObject\",\"inLanguage\":\"es\",\"@id\":\"https:\\\/\\\/secure.gravatar.com\\\/avatar\\\/8f574951df8700f5441783f8c446d6f1b3ba22b80b888df110e80fe425210cdf?s=96&d=mm&r=g\",\"url\":\"https:\\\/\\\/secure.gravatar.com\\\/avatar\\\/8f574951df8700f5441783f8c446d6f1b3ba22b80b888df110e80fe425210cdf?s=96&d=mm&r=g\",\"contentUrl\":\"https:\\\/\\\/secure.gravatar.com\\\/avatar\\\/8f574951df8700f5441783f8c446d6f1b3ba22b80b888df110e80fe425210cdf?s=96&d=mm&r=g\",\"caption\":\"Benjam\u00edn Ziede\"},\"url\":\"https:\\\/\\\/gentedebasquet.com.ar\\\/sitio\\\/author\\\/benjamin\\\/\"}]}<\/script>\n<!-- \/ Yoast SEO plugin. -->","yoast_head_json":{"title":"Jean-Luc marc\u00f3 el camino y sac\u00f3 a Alem a flote on fire - Gente de B\u00e1squet","robots":{"index":"index","follow":"follow","max-snippet":"max-snippet:-1","max-image-preview":"max-image-preview:large","max-video-preview":"max-video-preview:-1"},"canonical":"https:\/\/gentedebasquet.com.ar\/sitio\/2026\/05\/01\/jean-luc-marco-el-camino-y-saco-a-alem-a-flote-on-fire\/","og_locale":"es_ES","og_type":"article","og_title":"Jean-Luc marc\u00f3 el camino y sac\u00f3 a Alem a flote on fire - Gente de B\u00e1squet","og_description":"En la fecha 7, Alem cort\u00f3 la mala racha al imponerse de local ante Pac\u00edfico, logrando su segunda victoria del torneo.\u00a0 \u00a0 \u00a0 \u00a0 \u00a0 \u00a0 \u00a0 \u00a0 \u00a0 \u00a0 \u00a0 \u00a0 \u00a0 \u00a0 \u00a0 \u00a0 \u00a0 \u00a0 \u00a0 \u00a0 \u00a0 \u00a0 \u00a0 \u00a0 \u00a0 \u00a0 \u00a0 \u00a0 \u00a0 \u00a0 \u00a0 \u00a0 \u00a0 \u00a0 \u00a0 [&hellip;]","og_url":"https:\/\/gentedebasquet.com.ar\/sitio\/2026\/05\/01\/jean-luc-marco-el-camino-y-saco-a-alem-a-flote-on-fire\/","og_site_name":"Gente de B\u00e1squet","article_published_time":"2026-05-01T14:41:17+00:00","og_image":[{"width":1600,"height":1204,"url":"http:\/\/gentedebasquet.com.ar\/sitio\/wp-content\/uploads\/2026\/05\/WhatsApp-Image-2026-05-01-at-12.02.14-AM.jpeg","type":"image\/jpeg"}],"author":"Benjam\u00edn Ziede","twitter_card":"summary_large_image","twitter_misc":{"Escrito por":"Benjam\u00edn Ziede","Tiempo de lectura":"5 minutos"},"schema":{"@context":"https:\/\/schema.org","@graph":[{"@type":"Article","@id":"https:\/\/gentedebasquet.com.ar\/sitio\/2026\/05\/01\/jean-luc-marco-el-camino-y-saco-a-alem-a-flote-on-fire\/#article","isPartOf":{"@id":"https:\/\/gentedebasquet.com.ar\/sitio\/2026\/05\/01\/jean-luc-marco-el-camino-y-saco-a-alem-a-flote-on-fire\/"},"author":{"name":"Benjam\u00edn Ziede","@id":"https:\/\/gentedebasquet.com.ar\/sitio\/#\/schema\/person\/f61a8102f7411c43e47beb79057b202b"},"headline":"Jean-Luc marc\u00f3 el camino y sac\u00f3 a Alem a flote on fire","datePublished":"2026-05-01T14:41:17+00:00","mainEntityOfPage":{"@id":"https:\/\/gentedebasquet.com.ar\/sitio\/2026\/05\/01\/jean-luc-marco-el-camino-y-saco-a-alem-a-flote-on-fire\/"},"wordCount":934,"image":{"@id":"https:\/\/gentedebasquet.com.ar\/sitio\/2026\/05\/01\/jean-luc-marco-el-camino-y-saco-a-alem-a-flote-on-fire\/#primaryimage"},"thumbnailUrl":"https:\/\/gentedebasquet.com.ar\/sitio\/wp-content\/uploads\/2026\/05\/WhatsApp-Image-2026-05-01-at-12.02.14-AM.jpeg","keywords":["Alem","Daniel Lacunza","Jean-Luc Wilson","Pacifico","Torneo de Primera"],"articleSection":["Primera","Slide"],"inLanguage":"es"},{"@type":"WebPage","@id":"https:\/\/gentedebasquet.com.ar\/sitio\/2026\/05\/01\/jean-luc-marco-el-camino-y-saco-a-alem-a-flote-on-fire\/","url":"https:\/\/gentedebasquet.com.ar\/sitio\/2026\/05\/01\/jean-luc-marco-el-camino-y-saco-a-alem-a-flote-on-fire\/","name":"Jean-Luc marc\u00f3 el camino y sac\u00f3 a Alem a flote on fire - Gente de B\u00e1squet","isPartOf":{"@id":"https:\/\/gentedebasquet.com.ar\/sitio\/#website"},"primaryImageOfPage":{"@id":"https:\/\/gentedebasquet.com.ar\/sitio\/2026\/05\/01\/jean-luc-marco-el-camino-y-saco-a-alem-a-flote-on-fire\/#primaryimage"},"image":{"@id":"https:\/\/gentedebasquet.com.ar\/sitio\/2026\/05\/01\/jean-luc-marco-el-camino-y-saco-a-alem-a-flote-on-fire\/#primaryimage"},"thumbnailUrl":"https:\/\/gentedebasquet.com.ar\/sitio\/wp-content\/uploads\/2026\/05\/WhatsApp-Image-2026-05-01-at-12.02.14-AM.jpeg","datePublished":"2026-05-01T14:41:17+00:00","author":{"@id":"https:\/\/gentedebasquet.com.ar\/sitio\/#\/schema\/person\/f61a8102f7411c43e47beb79057b202b"},"breadcrumb":{"@id":"https:\/\/gentedebasquet.com.ar\/sitio\/2026\/05\/01\/jean-luc-marco-el-camino-y-saco-a-alem-a-flote-on-fire\/#breadcrumb"},"inLanguage":"es","potentialAction":[{"@type":"ReadAction","target":["https:\/\/gentedebasquet.com.ar\/sitio\/2026\/05\/01\/jean-luc-marco-el-camino-y-saco-a-alem-a-flote-on-fire\/"]}]},{"@type":"ImageObject","inLanguage":"es","@id":"https:\/\/gentedebasquet.com.ar\/sitio\/2026\/05\/01\/jean-luc-marco-el-camino-y-saco-a-alem-a-flote-on-fire\/#primaryimage","url":"https:\/\/gentedebasquet.com.ar\/sitio\/wp-content\/uploads\/2026\/05\/WhatsApp-Image-2026-05-01-at-12.02.14-AM.jpeg","contentUrl":"https:\/\/gentedebasquet.com.ar\/sitio\/wp-content\/uploads\/2026\/05\/WhatsApp-Image-2026-05-01-at-12.02.14-AM.jpeg","width":1600,"height":1204},{"@type":"BreadcrumbList","@id":"https:\/\/gentedebasquet.com.ar\/sitio\/2026\/05\/01\/jean-luc-marco-el-camino-y-saco-a-alem-a-flote-on-fire\/#breadcrumb","itemListElement":[{"@type":"ListItem","position":1,"name":"Portada","item":"https:\/\/gentedebasquet.com.ar\/sitio\/"},{"@type":"ListItem","position":2,"name":"Jean-Luc marc\u00f3 el camino y sac\u00f3 a Alem a flote on fire"}]},{"@type":"WebSite","@id":"https:\/\/gentedebasquet.com.ar\/sitio\/#website","url":"https:\/\/gentedebasquet.com.ar\/sitio\/","name":"Gente de B\u00e1squet","description":"La revista del basquet de Bah\u00eda Blanca","potentialAction":[{"@type":"SearchAction","target":{"@type":"EntryPoint","urlTemplate":"https:\/\/gentedebasquet.com.ar\/sitio\/?s={search_term_string}"},"query-input":{"@type":"PropertyValueSpecification","valueRequired":true,"valueName":"search_term_string"}}],"inLanguage":"es"},{"@type":"Person","@id":"https:\/\/gentedebasquet.com.ar\/sitio\/#\/schema\/person\/f61a8102f7411c43e47beb79057b202b","name":"Benjam\u00edn Ziede","image":{"@type":"ImageObject","inLanguage":"es","@id":"https:\/\/secure.gravatar.com\/avatar\/8f574951df8700f5441783f8c446d6f1b3ba22b80b888df110e80fe425210cdf?s=96&d=mm&r=g","url":"https:\/\/secure.gravatar.com\/avatar\/8f574951df8700f5441783f8c446d6f1b3ba22b80b888df110e80fe425210cdf?s=96&d=mm&r=g","contentUrl":"https:\/\/secure.gravatar.com\/avatar\/8f574951df8700f5441783f8c446d6f1b3ba22b80b888df110e80fe425210cdf?s=96&d=mm&r=g","caption":"Benjam\u00edn Ziede"},"url":"https:\/\/gentedebasquet.com.ar\/sitio\/author\/benjamin\/"}]}},"_links":{"self":[{"href":"https:\/\/gentedebasquet.com.ar\/sitio\/wp-json\/wp\/v2\/posts\/121340","targetHints":{"allow":["GET"]}}],"collection":[{"href":"https:\/\/gentedebasquet.com.ar\/sitio\/wp-json\/wp\/v2\/posts"}],"about":[{"href":"https:\/\/gentedebasquet.com.ar\/sitio\/wp-json\/wp\/v2\/types\/post"}],"author":[{"embeddable":true,"href":"https:\/\/gentedebasquet.com.ar\/sitio\/wp-json\/wp\/v2\/users\/86"}],"replies":[{"embeddable":true,"href":"https:\/\/gentedebasquet.com.ar\/sitio\/wp-json\/wp\/v2\/comments?post=121340"}],"version-history":[{"count":5,"href":"https:\/\/gentedebasquet.com.ar\/sitio\/wp-json\/wp\/v2\/posts\/121340\/revisions"}],"predecessor-version":[{"id":121392,"href":"https:\/\/gentedebasquet.com.ar\/sitio\/wp-json\/wp\/v2\/posts\/121340\/revisions\/121392"}],"wp:featuredmedia":[{"embeddable":true,"href":"https:\/\/gentedebasquet.com.ar\/sitio\/wp-json\/wp\/v2\/media\/121382"}],"wp:attachment":[{"href":"https:\/\/gentedebasquet.com.ar\/sitio\/wp-json\/wp\/v2\/media?parent=121340"}],"wp:term":[{"taxonomy":"category","embeddable":true,"href":"https:\/\/gentedebasquet.com.ar\/sitio\/wp-json\/wp\/v2\/categories?post=121340"},{"taxonomy":"post_tag","embeddable":true,"href":"https:\/\/gentedebasquet.com.ar\/sitio\/wp-json\/wp\/v2\/tags?post=121340"}],"curies":[{"name":"wp","href":"https:\/\/api.w.org\/{rel}","templated":true}]}}