{"id":121346,"date":"2026-05-01T06:53:10","date_gmt":"2026-05-01T04:53:10","guid":{"rendered":"https:\/\/gentedebasquet.com.ar\/sitio\/?p=121346"},"modified":"2026-05-01T06:53:10","modified_gmt":"2026-05-01T04:53:10","slug":"naposta-alcanzo-lo-que-busco-sin-brillar","status":"publish","type":"post","link":"https:\/\/gentedebasquet.com.ar\/sitio\/2026\/05\/01\/naposta-alcanzo-lo-que-busco-sin-brillar\/","title":{"rendered":"Naposta alcanz\u00f3 lo que busc\u00f3 sin brillar"},"content":{"rendered":"<div class=\"flex max-w-full flex-col flex-grow\">\n<div class=\"min-h-8 text-message flex w-full flex-col items-end gap-2 whitespace-normal break-words [.text-message+&amp;]:mt-5\" dir=\"auto\" data-message-author-role=\"assistant\" data-message-id=\"d66df151-bd9a-4e40-9c6b-a57f4798966a\" data-message-model-slug=\"gpt-4o-mini\">\n<div class=\"flex w-full flex-col gap-1 empty:hidden first:pt-[3px]\">\n<div class=\"markdown prose w-full break-words dark:prose-invert dark\">\n<p>&nbsp;<\/p>\n<p>&nbsp;<\/p>\n<p>&nbsp;<\/p>\n<p>&nbsp;<\/p>\n<div class=\"jeg_video_container jeg_video_content\"><iframe loading=\"lazy\" title=\"#Primera - Fecha 7: Independiente 83 - 87 Napost\u00e1\" width=\"500\" height=\"281\" src=\"https:\/\/www.youtube.com\/embed\/442EwcVzabE?feature=oembed\" frameborder=\"0\" allow=\"accelerometer; autoplay; clipboard-write; encrypted-media; gyroscope; picture-in-picture; web-share\" referrerpolicy=\"strict-origin-when-cross-origin\" allowfullscreen><\/iframe><\/div>\n<\/div>\n<\/div>\n<\/div>\n<\/div>\n<div><\/div>\n<div><\/div>\n<div><img decoding=\"async\" class=\"alignnone wp-image-121368 \" src=\"http:\/\/gentedebasquet.com.ar\/sitio\/wp-content\/uploads\/2026\/05\/CLAVEIndeNapo-300x300.png\" alt=\"\" width=\"736\" height=\"736\" srcset=\"https:\/\/gentedebasquet.com.ar\/sitio\/wp-content\/uploads\/2026\/05\/CLAVEIndeNapo-300x300.png 300w, https:\/\/gentedebasquet.com.ar\/sitio\/wp-content\/uploads\/2026\/05\/CLAVEIndeNapo-1024x1024.png 1024w, https:\/\/gentedebasquet.com.ar\/sitio\/wp-content\/uploads\/2026\/05\/CLAVEIndeNapo-150x150.png 150w, https:\/\/gentedebasquet.com.ar\/sitio\/wp-content\/uploads\/2026\/05\/CLAVEIndeNapo-768x768.png 768w, https:\/\/gentedebasquet.com.ar\/sitio\/wp-content\/uploads\/2026\/05\/CLAVEIndeNapo-1536x1536.png 1536w, https:\/\/gentedebasquet.com.ar\/sitio\/wp-content\/uploads\/2026\/05\/CLAVEIndeNapo-75x75.png 75w, https:\/\/gentedebasquet.com.ar\/sitio\/wp-content\/uploads\/2026\/05\/CLAVEIndeNapo-350x350.png 350w, https:\/\/gentedebasquet.com.ar\/sitio\/wp-content\/uploads\/2026\/05\/CLAVEIndeNapo-750x750.png 750w, https:\/\/gentedebasquet.com.ar\/sitio\/wp-content\/uploads\/2026\/05\/CLAVEIndeNapo-1140x1140.png 1140w, https:\/\/gentedebasquet.com.ar\/sitio\/wp-content\/uploads\/2026\/05\/CLAVEIndeNapo.png 2000w\" sizes=\"(max-width: 736px) 100vw, 736px\" \/><\/div>\n<p>&nbsp;<\/p>\n<blockquote><p>&nbsp;<\/p>\n<p>&nbsp;<\/p><\/blockquote>\n<p>&nbsp;<\/p>\n<p>&nbsp;<\/p>\n<p><img decoding=\"async\" class=\"alignnone wp-image-121369 \" src=\"http:\/\/gentedebasquet.com.ar\/sitio\/wp-content\/uploads\/2026\/05\/MVP-IndeNapo-300x300.png\" alt=\"\" width=\"687\" height=\"687\" srcset=\"https:\/\/gentedebasquet.com.ar\/sitio\/wp-content\/uploads\/2026\/05\/MVP-IndeNapo-300x300.png 300w, https:\/\/gentedebasquet.com.ar\/sitio\/wp-content\/uploads\/2026\/05\/MVP-IndeNapo-1024x1024.png 1024w, https:\/\/gentedebasquet.com.ar\/sitio\/wp-content\/uploads\/2026\/05\/MVP-IndeNapo-150x150.png 150w, https:\/\/gentedebasquet.com.ar\/sitio\/wp-content\/uploads\/2026\/05\/MVP-IndeNapo-768x768.png 768w, https:\/\/gentedebasquet.com.ar\/sitio\/wp-content\/uploads\/2026\/05\/MVP-IndeNapo-1536x1536.png 1536w, https:\/\/gentedebasquet.com.ar\/sitio\/wp-content\/uploads\/2026\/05\/MVP-IndeNapo-75x75.png 75w, https:\/\/gentedebasquet.com.ar\/sitio\/wp-content\/uploads\/2026\/05\/MVP-IndeNapo-350x350.png 350w, https:\/\/gentedebasquet.com.ar\/sitio\/wp-content\/uploads\/2026\/05\/MVP-IndeNapo-750x750.png 750w, https:\/\/gentedebasquet.com.ar\/sitio\/wp-content\/uploads\/2026\/05\/MVP-IndeNapo-1140x1140.png 1140w, https:\/\/gentedebasquet.com.ar\/sitio\/wp-content\/uploads\/2026\/05\/MVP-IndeNapo.png 2000w\" sizes=\"(max-width: 687px) 100vw, 687px\" \/><\/p>\n<blockquote><p>&nbsp;<\/p><\/blockquote>\n<p>&nbsp;<\/p>\n<p><strong>S\u00edntesis &#8211; Primera Divisi\u00f3n &#8211; Fecha 7<\/strong><\/p>\n<p><strong>Independiente 83: <\/strong>Juan Pablo Mor\u00e1n 9; Juli\u00e1n Ripoll 18; Fernando Bonino 11; Alen R\u00edos 20; Luciano Figueroa <strong>(<\/strong><strong>F.I.) <\/strong>Ignacio Formiga 8; Facundo Slonimsqui 13; Maximiliano Zonza 2; Mart\u00edn Schmir 2; Valent\u00edn Gemetro. <strong>DT:\u00a0<\/strong>Javier Musumeci.<\/p>\n<p><strong>Napost\u00e1 87: <\/strong>Fausto Depaoli 4; Valent\u00edn Carrizo 30; Germ\u00e1n Andr\u00e9s 2; Pedro Santiago 6; Marcos Diel 20 <strong>(<\/strong><strong>F.I.)<\/strong> Nicol\u00e1s Guerrero; Leonel Alemany 10; Ramiro Heinrich 15; Gabriel D&#8217;Annunzio; Tom\u00e1s Sol\u00eds. <strong>DT: <\/strong>Fabricio Piccinini.<\/p>\n<p><strong>Parciales<\/strong>: 19-31; 46-49 (27-18); 63-71 (17-22); 83-87 (20-16)<\/p>\n<p><strong>\u00c1rbitros<\/strong>: Marjorie Stuardo &#8211; Juan Agust\u00edn Mat\u00edas &#8211; Sam Inglera.<\/p>\n<p><strong>Estadio<\/strong>: Hermanos Barral (Independiente).<\/p>\n<p>&nbsp;<\/p>\n<p><img decoding=\"async\" class=\"alignnone wp-image-121377 \" src=\"http:\/\/gentedebasquet.com.ar\/sitio\/wp-content\/uploads\/2026\/05\/vlcsnap-2026-05-01-01h40m59s066-300x169.png\" alt=\"\" width=\"754\" height=\"425\" srcset=\"https:\/\/gentedebasquet.com.ar\/sitio\/wp-content\/uploads\/2026\/05\/vlcsnap-2026-05-01-01h40m59s066-300x169.png 300w, https:\/\/gentedebasquet.com.ar\/sitio\/wp-content\/uploads\/2026\/05\/vlcsnap-2026-05-01-01h40m59s066-1024x576.png 1024w, https:\/\/gentedebasquet.com.ar\/sitio\/wp-content\/uploads\/2026\/05\/vlcsnap-2026-05-01-01h40m59s066-768x432.png 768w, https:\/\/gentedebasquet.com.ar\/sitio\/wp-content\/uploads\/2026\/05\/vlcsnap-2026-05-01-01h40m59s066-750x422.png 750w, https:\/\/gentedebasquet.com.ar\/sitio\/wp-content\/uploads\/2026\/05\/vlcsnap-2026-05-01-01h40m59s066-1140x641.png 1140w, https:\/\/gentedebasquet.com.ar\/sitio\/wp-content\/uploads\/2026\/05\/vlcsnap-2026-05-01-01h40m59s066.png 1280w\" sizes=\"(max-width: 754px) 100vw, 754px\" \/><\/p>\n","protected":false},"excerpt":{"rendered":"<p>&nbsp; &nbsp; &nbsp; &nbsp; &nbsp; &nbsp; &nbsp; &nbsp; &nbsp; &nbsp; &nbsp; S\u00edntesis &#8211; Primera Divisi\u00f3n &#8211; Fecha 7 Independiente 83: Juan Pablo Mor\u00e1n 9; Juli\u00e1n Ripoll 18; Fernando Bonino 11; Alen R\u00edos 20; Luciano Figueroa (F.I.) Ignacio Formiga 8; Facundo Slonimsqui 13; Maximiliano Zonza 2; Mart\u00edn Schmir 2; Valent\u00edn Gemetro. DT:\u00a0Javier Musumeci. Napost\u00e1 87: Fausto [&hellip;]<\/p>\n","protected":false},"author":70,"featured_media":121378,"comment_status":"closed","ping_status":"open","sticky":false,"template":"","format":"standard","meta":{"jnews-multi-image_gallery":[],"jnews_single_post":[],"jnews_primary_category":[],"footnotes":""},"categories":[23,101],"tags":[1560,12,15,1248],"class_list":["post-121346","post","type-post","status-publish","format-standard","has-post-thumbnail","hentry","category-primera","category-slide","tag-alen-rios","tag-independiente","tag-naposta","tag-valentin-carrizo"],"yoast_head":"<!-- This site is optimized with the Yoast SEO plugin v27.5 - https:\/\/yoast.com\/product\/yoast-seo-wordpress\/ -->\n<title>Naposta alcanz\u00f3 lo que busc\u00f3 sin brillar - Gente de B\u00e1squet<\/title>\n<meta name=\"robots\" content=\"index, follow, max-snippet:-1, max-image-preview:large, max-video-preview:-1\" \/>\n<link rel=\"canonical\" href=\"https:\/\/gentedebasquet.com.ar\/sitio\/2026\/05\/01\/naposta-alcanzo-lo-que-busco-sin-brillar\/\" \/>\n<meta property=\"og:locale\" content=\"es_ES\" \/>\n<meta property=\"og:type\" content=\"article\" \/>\n<meta property=\"og:title\" content=\"Naposta alcanz\u00f3 lo que busc\u00f3 sin brillar - Gente de B\u00e1squet\" \/>\n<meta property=\"og:description\" content=\"&nbsp; &nbsp; &nbsp; &nbsp; &nbsp; &nbsp; &nbsp; &nbsp; &nbsp; &nbsp; &nbsp; S\u00edntesis &#8211; Primera Divisi\u00f3n &#8211; Fecha 7 Independiente 83: Juan Pablo Mor\u00e1n 9; Juli\u00e1n Ripoll 18; Fernando Bonino 11; Alen R\u00edos 20; Luciano Figueroa (F.I.) Ignacio Formiga 8; Facundo Slonimsqui 13; Maximiliano Zonza 2; Mart\u00edn Schmir 2; Valent\u00edn Gemetro. DT:\u00a0Javier Musumeci. Napost\u00e1 87: Fausto [&hellip;]\" \/>\n<meta property=\"og:url\" content=\"https:\/\/gentedebasquet.com.ar\/sitio\/2026\/05\/01\/naposta-alcanzo-lo-que-busco-sin-brillar\/\" \/>\n<meta property=\"og:site_name\" content=\"Gente de B\u00e1squet\" \/>\n<meta property=\"article:published_time\" content=\"2026-05-01T04:53:10+00:00\" \/>\n<meta property=\"og:image\" content=\"http:\/\/gentedebasquet.com.ar\/sitio\/wp-content\/uploads\/2026\/05\/vlcsnap-2026-05-01-01h43m22s171.png\" \/>\n\t<meta property=\"og:image:width\" content=\"1920\" \/>\n\t<meta property=\"og:image:height\" content=\"1080\" \/>\n\t<meta property=\"og:image:type\" content=\"image\/png\" \/>\n<meta name=\"author\" content=\"Andres Camarero\" \/>\n<meta name=\"twitter:card\" content=\"summary_large_image\" \/>\n<meta name=\"twitter:label1\" content=\"Escrito por\" \/>\n\t<meta name=\"twitter:data1\" content=\"Andres Camarero\" \/>\n\t<meta name=\"twitter:label2\" content=\"Tiempo de lectura\" \/>\n\t<meta name=\"twitter:data2\" content=\"2 minutos\" \/>\n<script type=\"application\/ld+json\" class=\"yoast-schema-graph\">{\"@context\":\"https:\\\/\\\/schema.org\",\"@graph\":[{\"@type\":\"Article\",\"@id\":\"https:\\\/\\\/gentedebasquet.com.ar\\\/sitio\\\/2026\\\/05\\\/01\\\/naposta-alcanzo-lo-que-busco-sin-brillar\\\/#article\",\"isPartOf\":{\"@id\":\"https:\\\/\\\/gentedebasquet.com.ar\\\/sitio\\\/2026\\\/05\\\/01\\\/naposta-alcanzo-lo-que-busco-sin-brillar\\\/\"},\"author\":{\"name\":\"Andres Camarero\",\"@id\":\"https:\\\/\\\/gentedebasquet.com.ar\\\/sitio\\\/#\\\/schema\\\/person\\\/6f3e5bc5df127b420a445d22fc9eaa51\"},\"headline\":\"Naposta alcanz\u00f3 lo que busc\u00f3 sin brillar\",\"datePublished\":\"2026-05-01T04:53:10+00:00\",\"mainEntityOfPage\":{\"@id\":\"https:\\\/\\\/gentedebasquet.com.ar\\\/sitio\\\/2026\\\/05\\\/01\\\/naposta-alcanzo-lo-que-busco-sin-brillar\\\/\"},\"wordCount\":122,\"image\":{\"@id\":\"https:\\\/\\\/gentedebasquet.com.ar\\\/sitio\\\/2026\\\/05\\\/01\\\/naposta-alcanzo-lo-que-busco-sin-brillar\\\/#primaryimage\"},\"thumbnailUrl\":\"https:\\\/\\\/gentedebasquet.com.ar\\\/sitio\\\/wp-content\\\/uploads\\\/2026\\\/05\\\/vlcsnap-2026-05-01-01h43m22s171.png\",\"keywords\":[\"Alen R\u00edos\",\"independiente\",\"Naposta\",\"Valent\u00edn Carrizo\"],\"articleSection\":[\"Primera\",\"Slide\"],\"inLanguage\":\"es\"},{\"@type\":\"WebPage\",\"@id\":\"https:\\\/\\\/gentedebasquet.com.ar\\\/sitio\\\/2026\\\/05\\\/01\\\/naposta-alcanzo-lo-que-busco-sin-brillar\\\/\",\"url\":\"https:\\\/\\\/gentedebasquet.com.ar\\\/sitio\\\/2026\\\/05\\\/01\\\/naposta-alcanzo-lo-que-busco-sin-brillar\\\/\",\"name\":\"Naposta alcanz\u00f3 lo que busc\u00f3 sin brillar - Gente de B\u00e1squet\",\"isPartOf\":{\"@id\":\"https:\\\/\\\/gentedebasquet.com.ar\\\/sitio\\\/#website\"},\"primaryImageOfPage\":{\"@id\":\"https:\\\/\\\/gentedebasquet.com.ar\\\/sitio\\\/2026\\\/05\\\/01\\\/naposta-alcanzo-lo-que-busco-sin-brillar\\\/#primaryimage\"},\"image\":{\"@id\":\"https:\\\/\\\/gentedebasquet.com.ar\\\/sitio\\\/2026\\\/05\\\/01\\\/naposta-alcanzo-lo-que-busco-sin-brillar\\\/#primaryimage\"},\"thumbnailUrl\":\"https:\\\/\\\/gentedebasquet.com.ar\\\/sitio\\\/wp-content\\\/uploads\\\/2026\\\/05\\\/vlcsnap-2026-05-01-01h43m22s171.png\",\"datePublished\":\"2026-05-01T04:53:10+00:00\",\"author\":{\"@id\":\"https:\\\/\\\/gentedebasquet.com.ar\\\/sitio\\\/#\\\/schema\\\/person\\\/6f3e5bc5df127b420a445d22fc9eaa51\"},\"breadcrumb\":{\"@id\":\"https:\\\/\\\/gentedebasquet.com.ar\\\/sitio\\\/2026\\\/05\\\/01\\\/naposta-alcanzo-lo-que-busco-sin-brillar\\\/#breadcrumb\"},\"inLanguage\":\"es\",\"potentialAction\":[{\"@type\":\"ReadAction\",\"target\":[\"https:\\\/\\\/gentedebasquet.com.ar\\\/sitio\\\/2026\\\/05\\\/01\\\/naposta-alcanzo-lo-que-busco-sin-brillar\\\/\"]}]},{\"@type\":\"ImageObject\",\"inLanguage\":\"es\",\"@id\":\"https:\\\/\\\/gentedebasquet.com.ar\\\/sitio\\\/2026\\\/05\\\/01\\\/naposta-alcanzo-lo-que-busco-sin-brillar\\\/#primaryimage\",\"url\":\"https:\\\/\\\/gentedebasquet.com.ar\\\/sitio\\\/wp-content\\\/uploads\\\/2026\\\/05\\\/vlcsnap-2026-05-01-01h43m22s171.png\",\"contentUrl\":\"https:\\\/\\\/gentedebasquet.com.ar\\\/sitio\\\/wp-content\\\/uploads\\\/2026\\\/05\\\/vlcsnap-2026-05-01-01h43m22s171.png\",\"width\":1920,\"height\":1080},{\"@type\":\"BreadcrumbList\",\"@id\":\"https:\\\/\\\/gentedebasquet.com.ar\\\/sitio\\\/2026\\\/05\\\/01\\\/naposta-alcanzo-lo-que-busco-sin-brillar\\\/#breadcrumb\",\"itemListElement\":[{\"@type\":\"ListItem\",\"position\":1,\"name\":\"Portada\",\"item\":\"https:\\\/\\\/gentedebasquet.com.ar\\\/sitio\\\/\"},{\"@type\":\"ListItem\",\"position\":2,\"name\":\"Naposta alcanz\u00f3 lo que busc\u00f3 sin brillar\"}]},{\"@type\":\"WebSite\",\"@id\":\"https:\\\/\\\/gentedebasquet.com.ar\\\/sitio\\\/#website\",\"url\":\"https:\\\/\\\/gentedebasquet.com.ar\\\/sitio\\\/\",\"name\":\"Gente de B\u00e1squet\",\"description\":\"La revista del basquet de Bah\u00eda Blanca\",\"potentialAction\":[{\"@type\":\"SearchAction\",\"target\":{\"@type\":\"EntryPoint\",\"urlTemplate\":\"https:\\\/\\\/gentedebasquet.com.ar\\\/sitio\\\/?s={search_term_string}\"},\"query-input\":{\"@type\":\"PropertyValueSpecification\",\"valueRequired\":true,\"valueName\":\"search_term_string\"}}],\"inLanguage\":\"es\"},{\"@type\":\"Person\",\"@id\":\"https:\\\/\\\/gentedebasquet.com.ar\\\/sitio\\\/#\\\/schema\\\/person\\\/6f3e5bc5df127b420a445d22fc9eaa51\",\"name\":\"Andres Camarero\",\"image\":{\"@type\":\"ImageObject\",\"inLanguage\":\"es\",\"@id\":\"https:\\\/\\\/secure.gravatar.com\\\/avatar\\\/f6d4884ec54a50c25ccd5e4f54f5e904d09dfe74ef58e58f631f3917b6fed7cd?s=96&d=mm&r=g\",\"url\":\"https:\\\/\\\/secure.gravatar.com\\\/avatar\\\/f6d4884ec54a50c25ccd5e4f54f5e904d09dfe74ef58e58f631f3917b6fed7cd?s=96&d=mm&r=g\",\"contentUrl\":\"https:\\\/\\\/secure.gravatar.com\\\/avatar\\\/f6d4884ec54a50c25ccd5e4f54f5e904d09dfe74ef58e58f631f3917b6fed7cd?s=96&d=mm&r=g\",\"caption\":\"Andres Camarero\"},\"url\":\"https:\\\/\\\/gentedebasquet.com.ar\\\/sitio\\\/author\\\/andres-camarero\\\/\"}]}<\/script>\n<!-- \/ Yoast SEO plugin. -->","yoast_head_json":{"title":"Naposta alcanz\u00f3 lo que busc\u00f3 sin brillar - Gente de B\u00e1squet","robots":{"index":"index","follow":"follow","max-snippet":"max-snippet:-1","max-image-preview":"max-image-preview:large","max-video-preview":"max-video-preview:-1"},"canonical":"https:\/\/gentedebasquet.com.ar\/sitio\/2026\/05\/01\/naposta-alcanzo-lo-que-busco-sin-brillar\/","og_locale":"es_ES","og_type":"article","og_title":"Naposta alcanz\u00f3 lo que busc\u00f3 sin brillar - Gente de B\u00e1squet","og_description":"&nbsp; &nbsp; &nbsp; &nbsp; &nbsp; &nbsp; &nbsp; &nbsp; &nbsp; &nbsp; &nbsp; S\u00edntesis &#8211; Primera Divisi\u00f3n &#8211; Fecha 7 Independiente 83: Juan Pablo Mor\u00e1n 9; Juli\u00e1n Ripoll 18; Fernando Bonino 11; Alen R\u00edos 20; Luciano Figueroa (F.I.) Ignacio Formiga 8; Facundo Slonimsqui 13; Maximiliano Zonza 2; Mart\u00edn Schmir 2; Valent\u00edn Gemetro. DT:\u00a0Javier Musumeci. Napost\u00e1 87: Fausto [&hellip;]","og_url":"https:\/\/gentedebasquet.com.ar\/sitio\/2026\/05\/01\/naposta-alcanzo-lo-que-busco-sin-brillar\/","og_site_name":"Gente de B\u00e1squet","article_published_time":"2026-05-01T04:53:10+00:00","og_image":[{"width":1920,"height":1080,"url":"http:\/\/gentedebasquet.com.ar\/sitio\/wp-content\/uploads\/2026\/05\/vlcsnap-2026-05-01-01h43m22s171.png","type":"image\/png"}],"author":"Andres Camarero","twitter_card":"summary_large_image","twitter_misc":{"Escrito por":"Andres Camarero","Tiempo de lectura":"2 minutos"},"schema":{"@context":"https:\/\/schema.org","@graph":[{"@type":"Article","@id":"https:\/\/gentedebasquet.com.ar\/sitio\/2026\/05\/01\/naposta-alcanzo-lo-que-busco-sin-brillar\/#article","isPartOf":{"@id":"https:\/\/gentedebasquet.com.ar\/sitio\/2026\/05\/01\/naposta-alcanzo-lo-que-busco-sin-brillar\/"},"author":{"name":"Andres Camarero","@id":"https:\/\/gentedebasquet.com.ar\/sitio\/#\/schema\/person\/6f3e5bc5df127b420a445d22fc9eaa51"},"headline":"Naposta alcanz\u00f3 lo que busc\u00f3 sin brillar","datePublished":"2026-05-01T04:53:10+00:00","mainEntityOfPage":{"@id":"https:\/\/gentedebasquet.com.ar\/sitio\/2026\/05\/01\/naposta-alcanzo-lo-que-busco-sin-brillar\/"},"wordCount":122,"image":{"@id":"https:\/\/gentedebasquet.com.ar\/sitio\/2026\/05\/01\/naposta-alcanzo-lo-que-busco-sin-brillar\/#primaryimage"},"thumbnailUrl":"https:\/\/gentedebasquet.com.ar\/sitio\/wp-content\/uploads\/2026\/05\/vlcsnap-2026-05-01-01h43m22s171.png","keywords":["Alen R\u00edos","independiente","Naposta","Valent\u00edn Carrizo"],"articleSection":["Primera","Slide"],"inLanguage":"es"},{"@type":"WebPage","@id":"https:\/\/gentedebasquet.com.ar\/sitio\/2026\/05\/01\/naposta-alcanzo-lo-que-busco-sin-brillar\/","url":"https:\/\/gentedebasquet.com.ar\/sitio\/2026\/05\/01\/naposta-alcanzo-lo-que-busco-sin-brillar\/","name":"Naposta alcanz\u00f3 lo que busc\u00f3 sin brillar - Gente de B\u00e1squet","isPartOf":{"@id":"https:\/\/gentedebasquet.com.ar\/sitio\/#website"},"primaryImageOfPage":{"@id":"https:\/\/gentedebasquet.com.ar\/sitio\/2026\/05\/01\/naposta-alcanzo-lo-que-busco-sin-brillar\/#primaryimage"},"image":{"@id":"https:\/\/gentedebasquet.com.ar\/sitio\/2026\/05\/01\/naposta-alcanzo-lo-que-busco-sin-brillar\/#primaryimage"},"thumbnailUrl":"https:\/\/gentedebasquet.com.ar\/sitio\/wp-content\/uploads\/2026\/05\/vlcsnap-2026-05-01-01h43m22s171.png","datePublished":"2026-05-01T04:53:10+00:00","author":{"@id":"https:\/\/gentedebasquet.com.ar\/sitio\/#\/schema\/person\/6f3e5bc5df127b420a445d22fc9eaa51"},"breadcrumb":{"@id":"https:\/\/gentedebasquet.com.ar\/sitio\/2026\/05\/01\/naposta-alcanzo-lo-que-busco-sin-brillar\/#breadcrumb"},"inLanguage":"es","potentialAction":[{"@type":"ReadAction","target":["https:\/\/gentedebasquet.com.ar\/sitio\/2026\/05\/01\/naposta-alcanzo-lo-que-busco-sin-brillar\/"]}]},{"@type":"ImageObject","inLanguage":"es","@id":"https:\/\/gentedebasquet.com.ar\/sitio\/2026\/05\/01\/naposta-alcanzo-lo-que-busco-sin-brillar\/#primaryimage","url":"https:\/\/gentedebasquet.com.ar\/sitio\/wp-content\/uploads\/2026\/05\/vlcsnap-2026-05-01-01h43m22s171.png","contentUrl":"https:\/\/gentedebasquet.com.ar\/sitio\/wp-content\/uploads\/2026\/05\/vlcsnap-2026-05-01-01h43m22s171.png","width":1920,"height":1080},{"@type":"BreadcrumbList","@id":"https:\/\/gentedebasquet.com.ar\/sitio\/2026\/05\/01\/naposta-alcanzo-lo-que-busco-sin-brillar\/#breadcrumb","itemListElement":[{"@type":"ListItem","position":1,"name":"Portada","item":"https:\/\/gentedebasquet.com.ar\/sitio\/"},{"@type":"ListItem","position":2,"name":"Naposta alcanz\u00f3 lo que busc\u00f3 sin brillar"}]},{"@type":"WebSite","@id":"https:\/\/gentedebasquet.com.ar\/sitio\/#website","url":"https:\/\/gentedebasquet.com.ar\/sitio\/","name":"Gente de B\u00e1squet","description":"La revista del basquet de Bah\u00eda Blanca","potentialAction":[{"@type":"SearchAction","target":{"@type":"EntryPoint","urlTemplate":"https:\/\/gentedebasquet.com.ar\/sitio\/?s={search_term_string}"},"query-input":{"@type":"PropertyValueSpecification","valueRequired":true,"valueName":"search_term_string"}}],"inLanguage":"es"},{"@type":"Person","@id":"https:\/\/gentedebasquet.com.ar\/sitio\/#\/schema\/person\/6f3e5bc5df127b420a445d22fc9eaa51","name":"Andres Camarero","image":{"@type":"ImageObject","inLanguage":"es","@id":"https:\/\/secure.gravatar.com\/avatar\/f6d4884ec54a50c25ccd5e4f54f5e904d09dfe74ef58e58f631f3917b6fed7cd?s=96&d=mm&r=g","url":"https:\/\/secure.gravatar.com\/avatar\/f6d4884ec54a50c25ccd5e4f54f5e904d09dfe74ef58e58f631f3917b6fed7cd?s=96&d=mm&r=g","contentUrl":"https:\/\/secure.gravatar.com\/avatar\/f6d4884ec54a50c25ccd5e4f54f5e904d09dfe74ef58e58f631f3917b6fed7cd?s=96&d=mm&r=g","caption":"Andres Camarero"},"url":"https:\/\/gentedebasquet.com.ar\/sitio\/author\/andres-camarero\/"}]}},"_links":{"self":[{"href":"https:\/\/gentedebasquet.com.ar\/sitio\/wp-json\/wp\/v2\/posts\/121346","targetHints":{"allow":["GET"]}}],"collection":[{"href":"https:\/\/gentedebasquet.com.ar\/sitio\/wp-json\/wp\/v2\/posts"}],"about":[{"href":"https:\/\/gentedebasquet.com.ar\/sitio\/wp-json\/wp\/v2\/types\/post"}],"author":[{"embeddable":true,"href":"https:\/\/gentedebasquet.com.ar\/sitio\/wp-json\/wp\/v2\/users\/70"}],"replies":[{"embeddable":true,"href":"https:\/\/gentedebasquet.com.ar\/sitio\/wp-json\/wp\/v2\/comments?post=121346"}],"version-history":[{"count":2,"href":"https:\/\/gentedebasquet.com.ar\/sitio\/wp-json\/wp\/v2\/posts\/121346\/revisions"}],"predecessor-version":[{"id":121379,"href":"https:\/\/gentedebasquet.com.ar\/sitio\/wp-json\/wp\/v2\/posts\/121346\/revisions\/121379"}],"wp:featuredmedia":[{"embeddable":true,"href":"https:\/\/gentedebasquet.com.ar\/sitio\/wp-json\/wp\/v2\/media\/121378"}],"wp:attachment":[{"href":"https:\/\/gentedebasquet.com.ar\/sitio\/wp-json\/wp\/v2\/media?parent=121346"}],"wp:term":[{"taxonomy":"category","embeddable":true,"href":"https:\/\/gentedebasquet.com.ar\/sitio\/wp-json\/wp\/v2\/categories?post=121346"},{"taxonomy":"post_tag","embeddable":true,"href":"https:\/\/gentedebasquet.com.ar\/sitio\/wp-json\/wp\/v2\/tags?post=121346"}],"curies":[{"name":"wp","href":"https:\/\/api.w.org\/{rel}","templated":true}]}}