{"id":121372,"date":"2026-05-01T06:27:28","date_gmt":"2026-05-01T04:27:28","guid":{"rendered":"https:\/\/gentedebasquet.com.ar\/sitio\/?p=121372"},"modified":"2026-05-01T06:27:28","modified_gmt":"2026-05-01T04:27:28","slug":"villa-mitre-gano-nuevamente-fuera-de-su-barrio","status":"publish","type":"post","link":"https:\/\/gentedebasquet.com.ar\/sitio\/2026\/05\/01\/villa-mitre-gano-nuevamente-fuera-de-su-barrio\/","title":{"rendered":"Villa Mitre gan\u00f3 nuevamente fuera de su \u00abbarrio\u00bb"},"content":{"rendered":"<p>El tricolor confirm\u00f3 el buen momento gan\u00e1ndole con comodidad a Barrio Hospital.<\/p>\n<p>Los de Men\u00e9ndez no comenzaron de la mejor manera el partido, ya que el local de la mano de C\u00e1mara y Bussetti sacaba ventaja.<\/p>\n<p>En el arranque del segundo cuarto se produjo una jugada, d\u00f3nde en una cortina Alejo Blanco, choca con Andreaneli y se le produjo una luxaci\u00f3n en su hombro.<\/p>\n<p>A partir de esa jugada se produjeron un par de antideportivas y tecnicas para ambos equipos.<\/p>\n<p>En el arranque del 3er cuarto, la visita de la mano de Amigo y Cavero desde el per\u00edmetro pudo sacar una ventaja (27 a 11) que lo llevo de a poco a quedarse con el partido.<\/p>\n<p>A los de Queti cuando empez\u00f3 la rotaci\u00f3n y pasaban los minutos, se le fue haciendo cuesta arriba el partido y el tricolor, le hizo pagar caro cada error.<\/p>\n<p>Gan\u00f3 Villa Mitre y quiere seguir prendido arriba en la tabla.<\/p>\n<div class=\"jeg_video_container jeg_video_content\"><iframe loading=\"lazy\" title=\"#Primera - Fecha #7: Barrio Hospital 71 - 85 Villa Mitre\" width=\"500\" height=\"281\" src=\"https:\/\/www.youtube.com\/embed\/4XOkUjKcP2E?feature=oembed\" frameborder=\"0\" allow=\"accelerometer; autoplay; clipboard-write; encrypted-media; gyroscope; picture-in-picture; web-share\" referrerpolicy=\"strict-origin-when-cross-origin\" allowfullscreen><\/iframe><\/div>\n<p><img decoding=\"async\" class=\"alignnone size-medium wp-image-121373\" src=\"http:\/\/gentedebasquet.com.ar\/sitio\/wp-content\/uploads\/2026\/05\/CLAVE-vm-300x300.png\" alt=\"\" width=\"300\" height=\"300\" srcset=\"https:\/\/gentedebasquet.com.ar\/sitio\/wp-content\/uploads\/2026\/05\/CLAVE-vm-300x300.png 300w, https:\/\/gentedebasquet.com.ar\/sitio\/wp-content\/uploads\/2026\/05\/CLAVE-vm-1024x1024.png 1024w, https:\/\/gentedebasquet.com.ar\/sitio\/wp-content\/uploads\/2026\/05\/CLAVE-vm-150x150.png 150w, https:\/\/gentedebasquet.com.ar\/sitio\/wp-content\/uploads\/2026\/05\/CLAVE-vm-768x768.png 768w, https:\/\/gentedebasquet.com.ar\/sitio\/wp-content\/uploads\/2026\/05\/CLAVE-vm-1536x1536.png 1536w, https:\/\/gentedebasquet.com.ar\/sitio\/wp-content\/uploads\/2026\/05\/CLAVE-vm-75x75.png 75w, https:\/\/gentedebasquet.com.ar\/sitio\/wp-content\/uploads\/2026\/05\/CLAVE-vm-350x350.png 350w, https:\/\/gentedebasquet.com.ar\/sitio\/wp-content\/uploads\/2026\/05\/CLAVE-vm-750x750.png 750w, https:\/\/gentedebasquet.com.ar\/sitio\/wp-content\/uploads\/2026\/05\/CLAVE-vm-1140x1140.png 1140w, https:\/\/gentedebasquet.com.ar\/sitio\/wp-content\/uploads\/2026\/05\/CLAVE-vm.png 2000w\" sizes=\"(max-width: 300px) 100vw, 300px\" \/><\/p>\n<blockquote><p>\u00abTenemos un equipo largo y eso nos permite a medida que pasan los minutos, poder manejar los partidos\u00bb, <strong>Lautaro Cavero, Villa Mitre.<\/strong><\/p><\/blockquote>\n<p><img decoding=\"async\" class=\"alignnone size-medium wp-image-121374\" src=\"http:\/\/gentedebasquet.com.ar\/sitio\/wp-content\/uploads\/2026\/05\/MVP-cavero-300x300.png\" alt=\"\" width=\"300\" height=\"300\" srcset=\"https:\/\/gentedebasquet.com.ar\/sitio\/wp-content\/uploads\/2026\/05\/MVP-cavero-300x300.png 300w, https:\/\/gentedebasquet.com.ar\/sitio\/wp-content\/uploads\/2026\/05\/MVP-cavero-1024x1024.png 1024w, https:\/\/gentedebasquet.com.ar\/sitio\/wp-content\/uploads\/2026\/05\/MVP-cavero-150x150.png 150w, https:\/\/gentedebasquet.com.ar\/sitio\/wp-content\/uploads\/2026\/05\/MVP-cavero-768x768.png 768w, https:\/\/gentedebasquet.com.ar\/sitio\/wp-content\/uploads\/2026\/05\/MVP-cavero-1536x1536.png 1536w, https:\/\/gentedebasquet.com.ar\/sitio\/wp-content\/uploads\/2026\/05\/MVP-cavero-75x75.png 75w, https:\/\/gentedebasquet.com.ar\/sitio\/wp-content\/uploads\/2026\/05\/MVP-cavero-350x350.png 350w, https:\/\/gentedebasquet.com.ar\/sitio\/wp-content\/uploads\/2026\/05\/MVP-cavero-750x750.png 750w, https:\/\/gentedebasquet.com.ar\/sitio\/wp-content\/uploads\/2026\/05\/MVP-cavero-1140x1140.png 1140w, https:\/\/gentedebasquet.com.ar\/sitio\/wp-content\/uploads\/2026\/05\/MVP-cavero.png 2000w\" sizes=\"(max-width: 300px) 100vw, 300px\" \/><\/p>\n<p><strong>S\u00edntesis &#8211; Primera Divisi\u00f3n &#8211; Fecha 7<\/strong><\/p>\n<p><strong>Barrio Hospital (71):<\/strong> L. Fortelli (12), J. Godio (5), T. Bussetti (14), J.L. Mart\u00ednez (5), N. C\u00e1mara (9), <strong>fi;<\/strong> F. Ferrari (12), F. Anaya (3), A. Andreanelli, A. Arias, S. Hamze (11) y V. Galant. <strong>DT: Claudio Queti.<\/strong><\/p>\n<p><strong>Villa Mitre (85):<\/strong> S. Alimenti (7), J. Jasen (8), L. Cavero (18), F. Amigo (18), E. Sombra,<strong> fi;<\/strong> I. Alem (11), M. Iglesias (9), A. Blanco (3), E. Diez (4), L. G\u00f3mez Lepez (5), B. Iguacel y S. Basualdo (2). <strong>DT: Emiliano Men\u00e9ndez.<\/strong><\/p>\n<p><strong>Parciales:<\/strong> 22-16, (18) 40-38 (22), (11) 51-65 (27), (20)71-85 (20)<\/p>\n<p><strong>Jueces:<\/strong> Alejandro Vizca\u00edno, Juan Cruz Schernenco y Marcelo Gordillo.\u2069<\/p>\n<p><strong>Estadio:<\/strong> La Curtiembre (Barrio Hospital)<\/p>\n<p><strong>Cobertura:<\/strong> Ariel Bravo<\/p>\n","protected":false},"excerpt":{"rendered":"<p>El tricolor confirm\u00f3 el buen momento gan\u00e1ndole con comodidad a Barrio Hospital. Los de Men\u00e9ndez no comenzaron de la mejor manera el partido, ya que el local de la mano de C\u00e1mara y Bussetti sacaba ventaja. En el arranque del segundo cuarto se produjo una jugada, d\u00f3nde en una cortina Alejo Blanco, choca con Andreaneli [&hellip;]<\/p>\n","protected":false},"author":71,"featured_media":121375,"comment_status":"closed","ping_status":"open","sticky":false,"template":"","format":"standard","meta":{"jnews-multi-image_gallery":[],"jnews_single_post":[],"jnews_primary_category":[],"footnotes":""},"categories":[1],"tags":[1938,1371,1169,508,22],"class_list":["post-121372","post","type-post","status-publish","format-standard","has-post-thumbnail","hentry","category-sin-categoria","tag-barrio-hospital","tag-lautaro-cavero","tag-primera","tag-primera-division","tag-villa-mitre"],"yoast_head":"<!-- This site is optimized with the Yoast SEO plugin v27.5 - https:\/\/yoast.com\/product\/yoast-seo-wordpress\/ -->\n<title>Villa Mitre gan\u00f3 nuevamente fuera de su &quot;barrio&quot; - Gente de B\u00e1squet<\/title>\n<meta name=\"robots\" content=\"index, follow, max-snippet:-1, max-image-preview:large, max-video-preview:-1\" \/>\n<link rel=\"canonical\" href=\"https:\/\/gentedebasquet.com.ar\/sitio\/2026\/05\/01\/villa-mitre-gano-nuevamente-fuera-de-su-barrio\/\" \/>\n<meta property=\"og:locale\" content=\"es_ES\" \/>\n<meta property=\"og:type\" content=\"article\" \/>\n<meta property=\"og:title\" content=\"Villa Mitre gan\u00f3 nuevamente fuera de su &quot;barrio&quot; - Gente de B\u00e1squet\" \/>\n<meta property=\"og:description\" content=\"El tricolor confirm\u00f3 el buen momento gan\u00e1ndole con comodidad a Barrio Hospital. Los de Men\u00e9ndez no comenzaron de la mejor manera el partido, ya que el local de la mano de C\u00e1mara y Bussetti sacaba ventaja. En el arranque del segundo cuarto se produjo una jugada, d\u00f3nde en una cortina Alejo Blanco, choca con Andreaneli [&hellip;]\" \/>\n<meta property=\"og:url\" content=\"https:\/\/gentedebasquet.com.ar\/sitio\/2026\/05\/01\/villa-mitre-gano-nuevamente-fuera-de-su-barrio\/\" \/>\n<meta property=\"og:site_name\" content=\"Gente de B\u00e1squet\" \/>\n<meta property=\"article:published_time\" content=\"2026-05-01T04:27:28+00:00\" \/>\n<meta property=\"og:image\" content=\"http:\/\/gentedebasquet.com.ar\/sitio\/wp-content\/uploads\/2026\/05\/WhatsApp-Image-2026-04-30-at-23.56.19.jpeg\" \/>\n\t<meta property=\"og:image:width\" content=\"1600\" \/>\n\t<meta property=\"og:image:height\" content=\"900\" \/>\n\t<meta property=\"og:image:type\" content=\"image\/jpeg\" \/>\n<meta name=\"author\" content=\"Santiago Seisdedos\" \/>\n<meta name=\"twitter:card\" content=\"summary_large_image\" \/>\n<meta name=\"twitter:label1\" content=\"Escrito por\" \/>\n\t<meta name=\"twitter:data1\" content=\"Santiago Seisdedos\" \/>\n\t<meta name=\"twitter:label2\" content=\"Tiempo de lectura\" \/>\n\t<meta name=\"twitter:data2\" content=\"2 minutos\" \/>\n<script type=\"application\/ld+json\" class=\"yoast-schema-graph\">{\"@context\":\"https:\\\/\\\/schema.org\",\"@graph\":[{\"@type\":\"Article\",\"@id\":\"https:\\\/\\\/gentedebasquet.com.ar\\\/sitio\\\/2026\\\/05\\\/01\\\/villa-mitre-gano-nuevamente-fuera-de-su-barrio\\\/#article\",\"isPartOf\":{\"@id\":\"https:\\\/\\\/gentedebasquet.com.ar\\\/sitio\\\/2026\\\/05\\\/01\\\/villa-mitre-gano-nuevamente-fuera-de-su-barrio\\\/\"},\"author\":{\"name\":\"Santiago Seisdedos\",\"@id\":\"https:\\\/\\\/gentedebasquet.com.ar\\\/sitio\\\/#\\\/schema\\\/person\\\/3b50d7c801b9529aba70bd4613bca6da\"},\"headline\":\"Villa Mitre gan\u00f3 nuevamente fuera de su \u00abbarrio\u00bb\",\"datePublished\":\"2026-05-01T04:27:28+00:00\",\"mainEntityOfPage\":{\"@id\":\"https:\\\/\\\/gentedebasquet.com.ar\\\/sitio\\\/2026\\\/05\\\/01\\\/villa-mitre-gano-nuevamente-fuera-de-su-barrio\\\/\"},\"wordCount\":293,\"image\":{\"@id\":\"https:\\\/\\\/gentedebasquet.com.ar\\\/sitio\\\/2026\\\/05\\\/01\\\/villa-mitre-gano-nuevamente-fuera-de-su-barrio\\\/#primaryimage\"},\"thumbnailUrl\":\"https:\\\/\\\/gentedebasquet.com.ar\\\/sitio\\\/wp-content\\\/uploads\\\/2026\\\/05\\\/WhatsApp-Image-2026-04-30-at-23.56.19.jpeg\",\"keywords\":[\"Barrio Hospital\",\"Lautaro Cavero\",\"Primera\",\"Primera Divisi\u00f3n\",\"Villa Mitre\"],\"inLanguage\":\"es\"},{\"@type\":\"WebPage\",\"@id\":\"https:\\\/\\\/gentedebasquet.com.ar\\\/sitio\\\/2026\\\/05\\\/01\\\/villa-mitre-gano-nuevamente-fuera-de-su-barrio\\\/\",\"url\":\"https:\\\/\\\/gentedebasquet.com.ar\\\/sitio\\\/2026\\\/05\\\/01\\\/villa-mitre-gano-nuevamente-fuera-de-su-barrio\\\/\",\"name\":\"Villa Mitre gan\u00f3 nuevamente fuera de su \\\"barrio\\\" - Gente de B\u00e1squet\",\"isPartOf\":{\"@id\":\"https:\\\/\\\/gentedebasquet.com.ar\\\/sitio\\\/#website\"},\"primaryImageOfPage\":{\"@id\":\"https:\\\/\\\/gentedebasquet.com.ar\\\/sitio\\\/2026\\\/05\\\/01\\\/villa-mitre-gano-nuevamente-fuera-de-su-barrio\\\/#primaryimage\"},\"image\":{\"@id\":\"https:\\\/\\\/gentedebasquet.com.ar\\\/sitio\\\/2026\\\/05\\\/01\\\/villa-mitre-gano-nuevamente-fuera-de-su-barrio\\\/#primaryimage\"},\"thumbnailUrl\":\"https:\\\/\\\/gentedebasquet.com.ar\\\/sitio\\\/wp-content\\\/uploads\\\/2026\\\/05\\\/WhatsApp-Image-2026-04-30-at-23.56.19.jpeg\",\"datePublished\":\"2026-05-01T04:27:28+00:00\",\"author\":{\"@id\":\"https:\\\/\\\/gentedebasquet.com.ar\\\/sitio\\\/#\\\/schema\\\/person\\\/3b50d7c801b9529aba70bd4613bca6da\"},\"breadcrumb\":{\"@id\":\"https:\\\/\\\/gentedebasquet.com.ar\\\/sitio\\\/2026\\\/05\\\/01\\\/villa-mitre-gano-nuevamente-fuera-de-su-barrio\\\/#breadcrumb\"},\"inLanguage\":\"es\",\"potentialAction\":[{\"@type\":\"ReadAction\",\"target\":[\"https:\\\/\\\/gentedebasquet.com.ar\\\/sitio\\\/2026\\\/05\\\/01\\\/villa-mitre-gano-nuevamente-fuera-de-su-barrio\\\/\"]}]},{\"@type\":\"ImageObject\",\"inLanguage\":\"es\",\"@id\":\"https:\\\/\\\/gentedebasquet.com.ar\\\/sitio\\\/2026\\\/05\\\/01\\\/villa-mitre-gano-nuevamente-fuera-de-su-barrio\\\/#primaryimage\",\"url\":\"https:\\\/\\\/gentedebasquet.com.ar\\\/sitio\\\/wp-content\\\/uploads\\\/2026\\\/05\\\/WhatsApp-Image-2026-04-30-at-23.56.19.jpeg\",\"contentUrl\":\"https:\\\/\\\/gentedebasquet.com.ar\\\/sitio\\\/wp-content\\\/uploads\\\/2026\\\/05\\\/WhatsApp-Image-2026-04-30-at-23.56.19.jpeg\",\"width\":1600,\"height\":900},{\"@type\":\"BreadcrumbList\",\"@id\":\"https:\\\/\\\/gentedebasquet.com.ar\\\/sitio\\\/2026\\\/05\\\/01\\\/villa-mitre-gano-nuevamente-fuera-de-su-barrio\\\/#breadcrumb\",\"itemListElement\":[{\"@type\":\"ListItem\",\"position\":1,\"name\":\"Portada\",\"item\":\"https:\\\/\\\/gentedebasquet.com.ar\\\/sitio\\\/\"},{\"@type\":\"ListItem\",\"position\":2,\"name\":\"Villa Mitre gan\u00f3 nuevamente fuera de su \u00abbarrio\u00bb\"}]},{\"@type\":\"WebSite\",\"@id\":\"https:\\\/\\\/gentedebasquet.com.ar\\\/sitio\\\/#website\",\"url\":\"https:\\\/\\\/gentedebasquet.com.ar\\\/sitio\\\/\",\"name\":\"Gente de B\u00e1squet\",\"description\":\"La revista del basquet de Bah\u00eda Blanca\",\"potentialAction\":[{\"@type\":\"SearchAction\",\"target\":{\"@type\":\"EntryPoint\",\"urlTemplate\":\"https:\\\/\\\/gentedebasquet.com.ar\\\/sitio\\\/?s={search_term_string}\"},\"query-input\":{\"@type\":\"PropertyValueSpecification\",\"valueRequired\":true,\"valueName\":\"search_term_string\"}}],\"inLanguage\":\"es\"},{\"@type\":\"Person\",\"@id\":\"https:\\\/\\\/gentedebasquet.com.ar\\\/sitio\\\/#\\\/schema\\\/person\\\/3b50d7c801b9529aba70bd4613bca6da\",\"name\":\"Santiago Seisdedos\",\"image\":{\"@type\":\"ImageObject\",\"inLanguage\":\"es\",\"@id\":\"https:\\\/\\\/secure.gravatar.com\\\/avatar\\\/be737e74404eb3825c4679da7a152b3c6980b470f7253114cd451344e20a8d80?s=96&d=mm&r=g\",\"url\":\"https:\\\/\\\/secure.gravatar.com\\\/avatar\\\/be737e74404eb3825c4679da7a152b3c6980b470f7253114cd451344e20a8d80?s=96&d=mm&r=g\",\"contentUrl\":\"https:\\\/\\\/secure.gravatar.com\\\/avatar\\\/be737e74404eb3825c4679da7a152b3c6980b470f7253114cd451344e20a8d80?s=96&d=mm&r=g\",\"caption\":\"Santiago Seisdedos\"},\"url\":\"https:\\\/\\\/gentedebasquet.com.ar\\\/sitio\\\/author\\\/santiago-sesidedos\\\/\"}]}<\/script>\n<!-- \/ Yoast SEO plugin. -->","yoast_head_json":{"title":"Villa Mitre gan\u00f3 nuevamente fuera de su \"barrio\" - Gente de B\u00e1squet","robots":{"index":"index","follow":"follow","max-snippet":"max-snippet:-1","max-image-preview":"max-image-preview:large","max-video-preview":"max-video-preview:-1"},"canonical":"https:\/\/gentedebasquet.com.ar\/sitio\/2026\/05\/01\/villa-mitre-gano-nuevamente-fuera-de-su-barrio\/","og_locale":"es_ES","og_type":"article","og_title":"Villa Mitre gan\u00f3 nuevamente fuera de su \"barrio\" - Gente de B\u00e1squet","og_description":"El tricolor confirm\u00f3 el buen momento gan\u00e1ndole con comodidad a Barrio Hospital. Los de Men\u00e9ndez no comenzaron de la mejor manera el partido, ya que el local de la mano de C\u00e1mara y Bussetti sacaba ventaja. En el arranque del segundo cuarto se produjo una jugada, d\u00f3nde en una cortina Alejo Blanco, choca con Andreaneli [&hellip;]","og_url":"https:\/\/gentedebasquet.com.ar\/sitio\/2026\/05\/01\/villa-mitre-gano-nuevamente-fuera-de-su-barrio\/","og_site_name":"Gente de B\u00e1squet","article_published_time":"2026-05-01T04:27:28+00:00","og_image":[{"width":1600,"height":900,"url":"http:\/\/gentedebasquet.com.ar\/sitio\/wp-content\/uploads\/2026\/05\/WhatsApp-Image-2026-04-30-at-23.56.19.jpeg","type":"image\/jpeg"}],"author":"Santiago Seisdedos","twitter_card":"summary_large_image","twitter_misc":{"Escrito por":"Santiago Seisdedos","Tiempo de lectura":"2 minutos"},"schema":{"@context":"https:\/\/schema.org","@graph":[{"@type":"Article","@id":"https:\/\/gentedebasquet.com.ar\/sitio\/2026\/05\/01\/villa-mitre-gano-nuevamente-fuera-de-su-barrio\/#article","isPartOf":{"@id":"https:\/\/gentedebasquet.com.ar\/sitio\/2026\/05\/01\/villa-mitre-gano-nuevamente-fuera-de-su-barrio\/"},"author":{"name":"Santiago Seisdedos","@id":"https:\/\/gentedebasquet.com.ar\/sitio\/#\/schema\/person\/3b50d7c801b9529aba70bd4613bca6da"},"headline":"Villa Mitre gan\u00f3 nuevamente fuera de su \u00abbarrio\u00bb","datePublished":"2026-05-01T04:27:28+00:00","mainEntityOfPage":{"@id":"https:\/\/gentedebasquet.com.ar\/sitio\/2026\/05\/01\/villa-mitre-gano-nuevamente-fuera-de-su-barrio\/"},"wordCount":293,"image":{"@id":"https:\/\/gentedebasquet.com.ar\/sitio\/2026\/05\/01\/villa-mitre-gano-nuevamente-fuera-de-su-barrio\/#primaryimage"},"thumbnailUrl":"https:\/\/gentedebasquet.com.ar\/sitio\/wp-content\/uploads\/2026\/05\/WhatsApp-Image-2026-04-30-at-23.56.19.jpeg","keywords":["Barrio Hospital","Lautaro Cavero","Primera","Primera Divisi\u00f3n","Villa Mitre"],"inLanguage":"es"},{"@type":"WebPage","@id":"https:\/\/gentedebasquet.com.ar\/sitio\/2026\/05\/01\/villa-mitre-gano-nuevamente-fuera-de-su-barrio\/","url":"https:\/\/gentedebasquet.com.ar\/sitio\/2026\/05\/01\/villa-mitre-gano-nuevamente-fuera-de-su-barrio\/","name":"Villa Mitre gan\u00f3 nuevamente fuera de su \"barrio\" - Gente de B\u00e1squet","isPartOf":{"@id":"https:\/\/gentedebasquet.com.ar\/sitio\/#website"},"primaryImageOfPage":{"@id":"https:\/\/gentedebasquet.com.ar\/sitio\/2026\/05\/01\/villa-mitre-gano-nuevamente-fuera-de-su-barrio\/#primaryimage"},"image":{"@id":"https:\/\/gentedebasquet.com.ar\/sitio\/2026\/05\/01\/villa-mitre-gano-nuevamente-fuera-de-su-barrio\/#primaryimage"},"thumbnailUrl":"https:\/\/gentedebasquet.com.ar\/sitio\/wp-content\/uploads\/2026\/05\/WhatsApp-Image-2026-04-30-at-23.56.19.jpeg","datePublished":"2026-05-01T04:27:28+00:00","author":{"@id":"https:\/\/gentedebasquet.com.ar\/sitio\/#\/schema\/person\/3b50d7c801b9529aba70bd4613bca6da"},"breadcrumb":{"@id":"https:\/\/gentedebasquet.com.ar\/sitio\/2026\/05\/01\/villa-mitre-gano-nuevamente-fuera-de-su-barrio\/#breadcrumb"},"inLanguage":"es","potentialAction":[{"@type":"ReadAction","target":["https:\/\/gentedebasquet.com.ar\/sitio\/2026\/05\/01\/villa-mitre-gano-nuevamente-fuera-de-su-barrio\/"]}]},{"@type":"ImageObject","inLanguage":"es","@id":"https:\/\/gentedebasquet.com.ar\/sitio\/2026\/05\/01\/villa-mitre-gano-nuevamente-fuera-de-su-barrio\/#primaryimage","url":"https:\/\/gentedebasquet.com.ar\/sitio\/wp-content\/uploads\/2026\/05\/WhatsApp-Image-2026-04-30-at-23.56.19.jpeg","contentUrl":"https:\/\/gentedebasquet.com.ar\/sitio\/wp-content\/uploads\/2026\/05\/WhatsApp-Image-2026-04-30-at-23.56.19.jpeg","width":1600,"height":900},{"@type":"BreadcrumbList","@id":"https:\/\/gentedebasquet.com.ar\/sitio\/2026\/05\/01\/villa-mitre-gano-nuevamente-fuera-de-su-barrio\/#breadcrumb","itemListElement":[{"@type":"ListItem","position":1,"name":"Portada","item":"https:\/\/gentedebasquet.com.ar\/sitio\/"},{"@type":"ListItem","position":2,"name":"Villa Mitre gan\u00f3 nuevamente fuera de su \u00abbarrio\u00bb"}]},{"@type":"WebSite","@id":"https:\/\/gentedebasquet.com.ar\/sitio\/#website","url":"https:\/\/gentedebasquet.com.ar\/sitio\/","name":"Gente de B\u00e1squet","description":"La revista del basquet de Bah\u00eda Blanca","potentialAction":[{"@type":"SearchAction","target":{"@type":"EntryPoint","urlTemplate":"https:\/\/gentedebasquet.com.ar\/sitio\/?s={search_term_string}"},"query-input":{"@type":"PropertyValueSpecification","valueRequired":true,"valueName":"search_term_string"}}],"inLanguage":"es"},{"@type":"Person","@id":"https:\/\/gentedebasquet.com.ar\/sitio\/#\/schema\/person\/3b50d7c801b9529aba70bd4613bca6da","name":"Santiago Seisdedos","image":{"@type":"ImageObject","inLanguage":"es","@id":"https:\/\/secure.gravatar.com\/avatar\/be737e74404eb3825c4679da7a152b3c6980b470f7253114cd451344e20a8d80?s=96&d=mm&r=g","url":"https:\/\/secure.gravatar.com\/avatar\/be737e74404eb3825c4679da7a152b3c6980b470f7253114cd451344e20a8d80?s=96&d=mm&r=g","contentUrl":"https:\/\/secure.gravatar.com\/avatar\/be737e74404eb3825c4679da7a152b3c6980b470f7253114cd451344e20a8d80?s=96&d=mm&r=g","caption":"Santiago Seisdedos"},"url":"https:\/\/gentedebasquet.com.ar\/sitio\/author\/santiago-sesidedos\/"}]}},"_links":{"self":[{"href":"https:\/\/gentedebasquet.com.ar\/sitio\/wp-json\/wp\/v2\/posts\/121372","targetHints":{"allow":["GET"]}}],"collection":[{"href":"https:\/\/gentedebasquet.com.ar\/sitio\/wp-json\/wp\/v2\/posts"}],"about":[{"href":"https:\/\/gentedebasquet.com.ar\/sitio\/wp-json\/wp\/v2\/types\/post"}],"author":[{"embeddable":true,"href":"https:\/\/gentedebasquet.com.ar\/sitio\/wp-json\/wp\/v2\/users\/71"}],"replies":[{"embeddable":true,"href":"https:\/\/gentedebasquet.com.ar\/sitio\/wp-json\/wp\/v2\/comments?post=121372"}],"version-history":[{"count":1,"href":"https:\/\/gentedebasquet.com.ar\/sitio\/wp-json\/wp\/v2\/posts\/121372\/revisions"}],"predecessor-version":[{"id":121376,"href":"https:\/\/gentedebasquet.com.ar\/sitio\/wp-json\/wp\/v2\/posts\/121372\/revisions\/121376"}],"wp:featuredmedia":[{"embeddable":true,"href":"https:\/\/gentedebasquet.com.ar\/sitio\/wp-json\/wp\/v2\/media\/121375"}],"wp:attachment":[{"href":"https:\/\/gentedebasquet.com.ar\/sitio\/wp-json\/wp\/v2\/media?parent=121372"}],"wp:term":[{"taxonomy":"category","embeddable":true,"href":"https:\/\/gentedebasquet.com.ar\/sitio\/wp-json\/wp\/v2\/categories?post=121372"},{"taxonomy":"post_tag","embeddable":true,"href":"https:\/\/gentedebasquet.com.ar\/sitio\/wp-json\/wp\/v2\/tags?post=121372"}],"curies":[{"name":"wp","href":"https:\/\/api.w.org\/{rel}","templated":true}]}}