{"id":123188,"date":"2026-08-31T15:46:36","date_gmt":"2026-08-31T13:46:36","guid":{"rendered":"https:\/\/gentedebasquet.com.ar\/sitio\/?p=123188"},"modified":"2026-08-31T15:46:36","modified_gmt":"2026-08-31T13:46:36","slug":"simon-ojeda-rumbo-a-espana","status":"publish","type":"post","link":"https:\/\/gentedebasquet.com.ar\/sitio\/2026\/08\/31\/simon-ojeda-rumbo-a-espana\/","title":{"rendered":"Sim\u00f3n Ojeda, rumbo a Espa\u00f1a"},"content":{"rendered":"<p><img decoding=\"async\" class=\"alignnone size-full wp-image-123191\" src=\"http:\/\/gentedebasquet.com.ar\/sitio\/wp-content\/uploads\/2026\/08\/bahie-campeonnn.png\" alt=\"\" width=\"690\" height=\"319\" srcset=\"https:\/\/gentedebasquet.com.ar\/sitio\/wp-content\/uploads\/2026\/08\/bahie-campeonnn.png 690w, https:\/\/gentedebasquet.com.ar\/sitio\/wp-content\/uploads\/2026\/08\/bahie-campeonnn-300x139.png 300w\" sizes=\"(max-width: 690px) 100vw, 690px\" \/><\/p>\n<p class=\"isSelectedEnd\"><strong>El jugador U15 de Bahiense del Norte continuar\u00e1 su formaci\u00f3n en Jansen BT, en la Comunidad de Madrid. A los 15 a\u00f1os, el bahiense afrontar\u00e1 su primera experiencia fuera del pa\u00eds despu\u00e9s de destacarse en las formativas y ser parte del seleccionado de Bah\u00eda Blanca.<\/strong><\/p>\n<p>&nbsp;<\/p>\n<p class=\"isSelectedEnd\">Sim\u00f3n Ojeda atraviesa uno de los momentos m\u00e1s importantes de su todav\u00eda corta carrera. El jugador de Bahiense del Norte viajar\u00e1 a Espa\u00f1a para continuar su formaci\u00f3n en <strong>Jansen BT<\/strong>, proyecto de b\u00e1squet formativo ubicado en Torrelodones, en la Comunidad de Madrid.<\/p>\n<p>&nbsp;<\/p>\n<p class=\"isSelectedEnd\">La posibilidad llega despu\u00e9s de varios a\u00f1os de crecimiento dentro del b\u00e1squet bahiense. Ojeda, nacido el 16 de marzo de 2011, se convirti\u00f3 en uno de los jugadores destacados de la categor\u00eda 2011 de Bahiense del Norte y ahora tendr\u00e1 la oportunidad de continuar su desarrollo en una estructura diferente, lejos de su ciudad y en uno de los pa\u00edses con mayor tradici\u00f3n formativa de Europa.<\/p>\n<p>&nbsp;<\/p>\n<p class=\"isSelectedEnd\">Uno de sus primeros grandes logros lleg\u00f3 en 2025, cuando fue campe\u00f3n local U15 con Bahiense del Norte. En la definici\u00f3n frente a Leandro N. Alem, el conjunto de calle Salta se qued\u00f3 con la serie por 2-0 y Ojeda tuvo una actuaci\u00f3n importante en el segundo partido, con 14 puntos.<\/p>\n<p>&nbsp;<\/p>\n<p class=\"isSelectedEnd\">Durante 2026, su nombre volvi\u00f3 a aparecer entre los jugadores destacados de la categor\u00eda. Fue parte del seleccionado de Bah\u00eda Blanca que disput\u00f3 el Provincial U15 y tuvo protagonismo durante el torneo. En el debut ante Olavarr\u00eda aport\u00f3 16 puntos, mientras que en el partido por el tercer puesto frente a Mar del Plata termin\u00f3 con 13 puntos y 10 rebotes.<\/p>\n<p class=\"isSelectedEnd\">El recorrido del bahiense tambi\u00e9n incluy\u00f3 una convocatoria al <strong>Plan de Desarrollo Federal de la Confederaci\u00f3n Argentina de B\u00e1squetbol<\/strong>, realizado en Bah\u00eda Blanca durante agosto. All\u00ed comparti\u00f3 espacio con otros jugadores de su generaci\u00f3n que forman parte del seguimiento de j\u00f3venes talentos a nivel nacional.<\/p>\n<p>&nbsp;<\/p>\n<p class=\"isSelectedEnd\">Pero ahora el desaf\u00edo ser\u00e1 diferente. Espa\u00f1a aparece como el pr\u00f3ximo destino para Ojeda, que comenzar\u00e1 una nueva etapa en Jansen BT y tendr\u00e1 que adaptarse a otro pa\u00eds, otra metodolog\u00eda de trabajo y una nueva competencia.<\/p>\n<p>&nbsp;<\/p>\n<p class=\"isSelectedEnd\">Para Bahiense del Norte tambi\u00e9n representa una noticia significativa: uno de sus jugadores formados en las categor\u00edas menores dar\u00e1 el salto al b\u00e1squet europeo con apenas 15 a\u00f1os.<\/p>\n<p>&nbsp;<\/p>\n<p><strong>Ojeda deja por un tiempo las canchas bahienses para continuar su camino en Espa\u00f1a. Ser\u00e1 una nueva experiencia dentro de una carrera que reci\u00e9n comienza y que, desde ahora, tendr\u00e1 su pr\u00f3ximo cap\u00edtulo lejos de casa.<\/strong><\/p>\n<p><img decoding=\"async\" class=\"alignnone size-full wp-image-123192\" src=\"http:\/\/gentedebasquet.com.ar\/sitio\/wp-content\/uploads\/2026\/08\/IMG_20260528_1339196742-768x576-1.jpg\" alt=\"\" width=\"768\" height=\"576\" srcset=\"https:\/\/gentedebasquet.com.ar\/sitio\/wp-content\/uploads\/2026\/08\/IMG_20260528_1339196742-768x576-1.jpg 768w, https:\/\/gentedebasquet.com.ar\/sitio\/wp-content\/uploads\/2026\/08\/IMG_20260528_1339196742-768x576-1-300x225.jpg 300w, https:\/\/gentedebasquet.com.ar\/sitio\/wp-content\/uploads\/2026\/08\/IMG_20260528_1339196742-768x576-1-750x563.jpg 750w\" sizes=\"(max-width: 768px) 100vw, 768px\" \/><\/p>\n","protected":false},"excerpt":{"rendered":"<p>El jugador U15 de Bahiense del Norte continuar\u00e1 su formaci\u00f3n en Jansen BT, en la Comunidad de Madrid. A los 15 a\u00f1os, el bahiense afrontar\u00e1 su primera experiencia fuera del pa\u00eds despu\u00e9s de destacarse en las formativas y ser parte del seleccionado de Bah\u00eda Blanca. &nbsp; Sim\u00f3n Ojeda atraviesa uno de los momentos m\u00e1s importantes [&hellip;]<\/p>\n","protected":false},"author":86,"featured_media":123190,"comment_status":"closed","ping_status":"open","sticky":false,"template":"","format":"standard","meta":{"jnews-multi-image_gallery":[],"jnews_single_post":[],"jnews_primary_category":[],"jnews_social_meta":[],"jnews_override_counter":[],"footnotes":""},"categories":[24,101],"tags":[2001,2134,2064,2135],"class_list":["post-123188","post","type-post","status-publish","format-standard","has-post-thumbnail","hentry","category-overtime","category-slide","tag-bahiensedelnorte","tag-jansen-bt","tag-simon-ojeda","tag-u15-m"],"yoast_head":"<!-- This site is optimized with the Yoast SEO plugin v28.3 - https:\/\/yoast.com\/product\/yoast-seo-wordpress\/ -->\n<title>Sim\u00f3n Ojeda, rumbo a Espa\u00f1a - Gente de B\u00e1squet<\/title>\n<meta name=\"robots\" content=\"index, follow, max-snippet:-1, max-image-preview:large, max-video-preview:-1\" \/>\n<link rel=\"canonical\" href=\"https:\/\/gentedebasquet.com.ar\/sitio\/2026\/08\/31\/simon-ojeda-rumbo-a-espana\/\" \/>\n<meta property=\"og:locale\" content=\"es_ES\" \/>\n<meta property=\"og:type\" content=\"article\" \/>\n<meta property=\"og:title\" content=\"Sim\u00f3n Ojeda, rumbo a Espa\u00f1a - Gente de B\u00e1squet\" \/>\n<meta property=\"og:description\" content=\"El jugador U15 de Bahiense del Norte continuar\u00e1 su formaci\u00f3n en Jansen BT, en la Comunidad de Madrid. A los 15 a\u00f1os, el bahiense afrontar\u00e1 su primera experiencia fuera del pa\u00eds despu\u00e9s de destacarse en las formativas y ser parte del seleccionado de Bah\u00eda Blanca. &nbsp; Sim\u00f3n Ojeda atraviesa uno de los momentos m\u00e1s importantes [&hellip;]\" \/>\n<meta property=\"og:url\" content=\"https:\/\/gentedebasquet.com.ar\/sitio\/2026\/08\/31\/simon-ojeda-rumbo-a-espana\/\" \/>\n<meta property=\"og:site_name\" content=\"Gente de B\u00e1squet\" \/>\n<meta property=\"article:published_time\" content=\"2026-08-31T13:46:36+00:00\" \/>\n<meta property=\"og:image\" content=\"http:\/\/gentedebasquet.com.ar\/sitio\/wp-content\/uploads\/2026\/08\/ChatGPT-Image-30-ago-2026-06_03_45-p.m-e1788122979615.png\" \/>\n\t<meta property=\"og:image:width\" content=\"1024\" \/>\n\t<meta property=\"og:image:height\" content=\"748\" \/>\n\t<meta property=\"og:image:type\" content=\"image\/png\" \/>\n<meta name=\"author\" content=\"Benjam\u00edn Ziede\" \/>\n<meta name=\"twitter:card\" content=\"summary_large_image\" \/>\n<meta name=\"twitter:label1\" content=\"Escrito por\" \/>\n\t<meta name=\"twitter:data1\" content=\"Benjam\u00edn Ziede\" \/>\n\t<meta name=\"twitter:label2\" content=\"Tiempo de lectura\" \/>\n\t<meta name=\"twitter:data2\" content=\"3 minutos\" \/>\n<script type=\"application\/ld+json\" class=\"yoast-schema-graph\">{\"@context\":\"https:\\\/\\\/schema.org\",\"@graph\":[{\"@type\":\"Article\",\"@id\":\"https:\\\/\\\/gentedebasquet.com.ar\\\/sitio\\\/2026\\\/08\\\/31\\\/simon-ojeda-rumbo-a-espana\\\/#article\",\"isPartOf\":{\"@id\":\"https:\\\/\\\/gentedebasquet.com.ar\\\/sitio\\\/2026\\\/08\\\/31\\\/simon-ojeda-rumbo-a-espana\\\/\"},\"author\":{\"name\":\"Benjam\u00edn Ziede\",\"@id\":\"https:\\\/\\\/gentedebasquet.com.ar\\\/sitio\\\/#\\\/schema\\\/person\\\/f61a8102f7411c43e47beb79057b202b\"},\"headline\":\"Sim\u00f3n Ojeda, rumbo a Espa\u00f1a\",\"datePublished\":\"2026-08-31T13:46:36+00:00\",\"mainEntityOfPage\":{\"@id\":\"https:\\\/\\\/gentedebasquet.com.ar\\\/sitio\\\/2026\\\/08\\\/31\\\/simon-ojeda-rumbo-a-espana\\\/\"},\"wordCount\":456,\"image\":{\"@id\":\"https:\\\/\\\/gentedebasquet.com.ar\\\/sitio\\\/2026\\\/08\\\/31\\\/simon-ojeda-rumbo-a-espana\\\/#primaryimage\"},\"thumbnailUrl\":\"https:\\\/\\\/gentedebasquet.com.ar\\\/sitio\\\/wp-content\\\/uploads\\\/2026\\\/08\\\/ChatGPT-Image-30-ago-2026-06_03_45-p.m-e1788122979615.png\",\"keywords\":[\"#bahiensedelnorte\",\"Jansen BT\",\"Sim\u00f3n Ojeda\",\"U15 M\"],\"articleSection\":[\"#Overtime\",\"Slide\"],\"inLanguage\":\"es\"},{\"@type\":\"WebPage\",\"@id\":\"https:\\\/\\\/gentedebasquet.com.ar\\\/sitio\\\/2026\\\/08\\\/31\\\/simon-ojeda-rumbo-a-espana\\\/\",\"url\":\"https:\\\/\\\/gentedebasquet.com.ar\\\/sitio\\\/2026\\\/08\\\/31\\\/simon-ojeda-rumbo-a-espana\\\/\",\"name\":\"Sim\u00f3n Ojeda, rumbo a Espa\u00f1a - Gente de B\u00e1squet\",\"isPartOf\":{\"@id\":\"https:\\\/\\\/gentedebasquet.com.ar\\\/sitio\\\/#website\"},\"primaryImageOfPage\":{\"@id\":\"https:\\\/\\\/gentedebasquet.com.ar\\\/sitio\\\/2026\\\/08\\\/31\\\/simon-ojeda-rumbo-a-espana\\\/#primaryimage\"},\"image\":{\"@id\":\"https:\\\/\\\/gentedebasquet.com.ar\\\/sitio\\\/2026\\\/08\\\/31\\\/simon-ojeda-rumbo-a-espana\\\/#primaryimage\"},\"thumbnailUrl\":\"https:\\\/\\\/gentedebasquet.com.ar\\\/sitio\\\/wp-content\\\/uploads\\\/2026\\\/08\\\/ChatGPT-Image-30-ago-2026-06_03_45-p.m-e1788122979615.png\",\"datePublished\":\"2026-08-31T13:46:36+00:00\",\"author\":{\"@id\":\"https:\\\/\\\/gentedebasquet.com.ar\\\/sitio\\\/#\\\/schema\\\/person\\\/f61a8102f7411c43e47beb79057b202b\"},\"breadcrumb\":{\"@id\":\"https:\\\/\\\/gentedebasquet.com.ar\\\/sitio\\\/2026\\\/08\\\/31\\\/simon-ojeda-rumbo-a-espana\\\/#breadcrumb\"},\"inLanguage\":\"es\",\"potentialAction\":[{\"@type\":\"ReadAction\",\"target\":[\"https:\\\/\\\/gentedebasquet.com.ar\\\/sitio\\\/2026\\\/08\\\/31\\\/simon-ojeda-rumbo-a-espana\\\/\"]}]},{\"@type\":\"ImageObject\",\"inLanguage\":\"es\",\"@id\":\"https:\\\/\\\/gentedebasquet.com.ar\\\/sitio\\\/2026\\\/08\\\/31\\\/simon-ojeda-rumbo-a-espana\\\/#primaryimage\",\"url\":\"https:\\\/\\\/gentedebasquet.com.ar\\\/sitio\\\/wp-content\\\/uploads\\\/2026\\\/08\\\/ChatGPT-Image-30-ago-2026-06_03_45-p.m-e1788122979615.png\",\"contentUrl\":\"https:\\\/\\\/gentedebasquet.com.ar\\\/sitio\\\/wp-content\\\/uploads\\\/2026\\\/08\\\/ChatGPT-Image-30-ago-2026-06_03_45-p.m-e1788122979615.png\",\"width\":1024,\"height\":748},{\"@type\":\"BreadcrumbList\",\"@id\":\"https:\\\/\\\/gentedebasquet.com.ar\\\/sitio\\\/2026\\\/08\\\/31\\\/simon-ojeda-rumbo-a-espana\\\/#breadcrumb\",\"itemListElement\":[{\"@type\":\"ListItem\",\"position\":1,\"name\":\"Portada\",\"item\":\"https:\\\/\\\/gentedebasquet.com.ar\\\/sitio\\\/\"},{\"@type\":\"ListItem\",\"position\":2,\"name\":\"Sim\u00f3n Ojeda, rumbo a Espa\u00f1a\"}]},{\"@type\":\"WebSite\",\"@id\":\"https:\\\/\\\/gentedebasquet.com.ar\\\/sitio\\\/#website\",\"url\":\"https:\\\/\\\/gentedebasquet.com.ar\\\/sitio\\\/\",\"name\":\"Gente de B\u00e1squet\",\"description\":\"La revista del basquet de Bah\u00eda Blanca\",\"potentialAction\":[{\"@type\":\"SearchAction\",\"target\":{\"@type\":\"EntryPoint\",\"urlTemplate\":\"https:\\\/\\\/gentedebasquet.com.ar\\\/sitio\\\/?s={search_term_string}\"},\"query-input\":{\"@type\":\"PropertyValueSpecification\",\"valueRequired\":true,\"valueName\":\"search_term_string\"}}],\"inLanguage\":\"es\"},{\"@type\":\"Person\",\"@id\":\"https:\\\/\\\/gentedebasquet.com.ar\\\/sitio\\\/#\\\/schema\\\/person\\\/f61a8102f7411c43e47beb79057b202b\",\"name\":\"Benjam\u00edn Ziede\",\"image\":{\"@type\":\"ImageObject\",\"inLanguage\":\"es\",\"@id\":\"https:\\\/\\\/secure.gravatar.com\\\/avatar\\\/8f574951df8700f5441783f8c446d6f1b3ba22b80b888df110e80fe425210cdf?s=96&d=mm&r=g\",\"url\":\"https:\\\/\\\/secure.gravatar.com\\\/avatar\\\/8f574951df8700f5441783f8c446d6f1b3ba22b80b888df110e80fe425210cdf?s=96&d=mm&r=g\",\"contentUrl\":\"https:\\\/\\\/secure.gravatar.com\\\/avatar\\\/8f574951df8700f5441783f8c446d6f1b3ba22b80b888df110e80fe425210cdf?s=96&d=mm&r=g\",\"caption\":\"Benjam\u00edn Ziede\"},\"url\":\"https:\\\/\\\/gentedebasquet.com.ar\\\/sitio\\\/author\\\/benjamin\\\/\"}]}<\/script>\n<!-- \/ Yoast SEO plugin. -->","yoast_head_json":{"title":"Sim\u00f3n Ojeda, rumbo a Espa\u00f1a - Gente de B\u00e1squet","robots":{"index":"index","follow":"follow","max-snippet":"max-snippet:-1","max-image-preview":"max-image-preview:large","max-video-preview":"max-video-preview:-1"},"canonical":"https:\/\/gentedebasquet.com.ar\/sitio\/2026\/08\/31\/simon-ojeda-rumbo-a-espana\/","og_locale":"es_ES","og_type":"article","og_title":"Sim\u00f3n Ojeda, rumbo a Espa\u00f1a - Gente de B\u00e1squet","og_description":"El jugador U15 de Bahiense del Norte continuar\u00e1 su formaci\u00f3n en Jansen BT, en la Comunidad de Madrid. A los 15 a\u00f1os, el bahiense afrontar\u00e1 su primera experiencia fuera del pa\u00eds despu\u00e9s de destacarse en las formativas y ser parte del seleccionado de Bah\u00eda Blanca. &nbsp; Sim\u00f3n Ojeda atraviesa uno de los momentos m\u00e1s importantes [&hellip;]","og_url":"https:\/\/gentedebasquet.com.ar\/sitio\/2026\/08\/31\/simon-ojeda-rumbo-a-espana\/","og_site_name":"Gente de B\u00e1squet","article_published_time":"2026-08-31T13:46:36+00:00","og_image":[{"width":1024,"height":748,"url":"http:\/\/gentedebasquet.com.ar\/sitio\/wp-content\/uploads\/2026\/08\/ChatGPT-Image-30-ago-2026-06_03_45-p.m-e1788122979615.png","type":"image\/png"}],"author":"Benjam\u00edn Ziede","twitter_card":"summary_large_image","twitter_misc":{"Escrito por":"Benjam\u00edn Ziede","Tiempo de lectura":"3 minutos"},"schema":{"@context":"https:\/\/schema.org","@graph":[{"@type":"Article","@id":"https:\/\/gentedebasquet.com.ar\/sitio\/2026\/08\/31\/simon-ojeda-rumbo-a-espana\/#article","isPartOf":{"@id":"https:\/\/gentedebasquet.com.ar\/sitio\/2026\/08\/31\/simon-ojeda-rumbo-a-espana\/"},"author":{"name":"Benjam\u00edn Ziede","@id":"https:\/\/gentedebasquet.com.ar\/sitio\/#\/schema\/person\/f61a8102f7411c43e47beb79057b202b"},"headline":"Sim\u00f3n Ojeda, rumbo a Espa\u00f1a","datePublished":"2026-08-31T13:46:36+00:00","mainEntityOfPage":{"@id":"https:\/\/gentedebasquet.com.ar\/sitio\/2026\/08\/31\/simon-ojeda-rumbo-a-espana\/"},"wordCount":456,"image":{"@id":"https:\/\/gentedebasquet.com.ar\/sitio\/2026\/08\/31\/simon-ojeda-rumbo-a-espana\/#primaryimage"},"thumbnailUrl":"https:\/\/gentedebasquet.com.ar\/sitio\/wp-content\/uploads\/2026\/08\/ChatGPT-Image-30-ago-2026-06_03_45-p.m-e1788122979615.png","keywords":["#bahiensedelnorte","Jansen BT","Sim\u00f3n Ojeda","U15 M"],"articleSection":["#Overtime","Slide"],"inLanguage":"es"},{"@type":"WebPage","@id":"https:\/\/gentedebasquet.com.ar\/sitio\/2026\/08\/31\/simon-ojeda-rumbo-a-espana\/","url":"https:\/\/gentedebasquet.com.ar\/sitio\/2026\/08\/31\/simon-ojeda-rumbo-a-espana\/","name":"Sim\u00f3n Ojeda, rumbo a Espa\u00f1a - Gente de B\u00e1squet","isPartOf":{"@id":"https:\/\/gentedebasquet.com.ar\/sitio\/#website"},"primaryImageOfPage":{"@id":"https:\/\/gentedebasquet.com.ar\/sitio\/2026\/08\/31\/simon-ojeda-rumbo-a-espana\/#primaryimage"},"image":{"@id":"https:\/\/gentedebasquet.com.ar\/sitio\/2026\/08\/31\/simon-ojeda-rumbo-a-espana\/#primaryimage"},"thumbnailUrl":"https:\/\/gentedebasquet.com.ar\/sitio\/wp-content\/uploads\/2026\/08\/ChatGPT-Image-30-ago-2026-06_03_45-p.m-e1788122979615.png","datePublished":"2026-08-31T13:46:36+00:00","author":{"@id":"https:\/\/gentedebasquet.com.ar\/sitio\/#\/schema\/person\/f61a8102f7411c43e47beb79057b202b"},"breadcrumb":{"@id":"https:\/\/gentedebasquet.com.ar\/sitio\/2026\/08\/31\/simon-ojeda-rumbo-a-espana\/#breadcrumb"},"inLanguage":"es","potentialAction":[{"@type":"ReadAction","target":["https:\/\/gentedebasquet.com.ar\/sitio\/2026\/08\/31\/simon-ojeda-rumbo-a-espana\/"]}]},{"@type":"ImageObject","inLanguage":"es","@id":"https:\/\/gentedebasquet.com.ar\/sitio\/2026\/08\/31\/simon-ojeda-rumbo-a-espana\/#primaryimage","url":"https:\/\/gentedebasquet.com.ar\/sitio\/wp-content\/uploads\/2026\/08\/ChatGPT-Image-30-ago-2026-06_03_45-p.m-e1788122979615.png","contentUrl":"https:\/\/gentedebasquet.com.ar\/sitio\/wp-content\/uploads\/2026\/08\/ChatGPT-Image-30-ago-2026-06_03_45-p.m-e1788122979615.png","width":1024,"height":748},{"@type":"BreadcrumbList","@id":"https:\/\/gentedebasquet.com.ar\/sitio\/2026\/08\/31\/simon-ojeda-rumbo-a-espana\/#breadcrumb","itemListElement":[{"@type":"ListItem","position":1,"name":"Portada","item":"https:\/\/gentedebasquet.com.ar\/sitio\/"},{"@type":"ListItem","position":2,"name":"Sim\u00f3n Ojeda, rumbo a Espa\u00f1a"}]},{"@type":"WebSite","@id":"https:\/\/gentedebasquet.com.ar\/sitio\/#website","url":"https:\/\/gentedebasquet.com.ar\/sitio\/","name":"Gente de B\u00e1squet","description":"La revista del basquet de Bah\u00eda Blanca","potentialAction":[{"@type":"SearchAction","target":{"@type":"EntryPoint","urlTemplate":"https:\/\/gentedebasquet.com.ar\/sitio\/?s={search_term_string}"},"query-input":{"@type":"PropertyValueSpecification","valueRequired":true,"valueName":"search_term_string"}}],"inLanguage":"es"},{"@type":"Person","@id":"https:\/\/gentedebasquet.com.ar\/sitio\/#\/schema\/person\/f61a8102f7411c43e47beb79057b202b","name":"Benjam\u00edn Ziede","image":{"@type":"ImageObject","inLanguage":"es","@id":"https:\/\/secure.gravatar.com\/avatar\/8f574951df8700f5441783f8c446d6f1b3ba22b80b888df110e80fe425210cdf?s=96&d=mm&r=g","url":"https:\/\/secure.gravatar.com\/avatar\/8f574951df8700f5441783f8c446d6f1b3ba22b80b888df110e80fe425210cdf?s=96&d=mm&r=g","contentUrl":"https:\/\/secure.gravatar.com\/avatar\/8f574951df8700f5441783f8c446d6f1b3ba22b80b888df110e80fe425210cdf?s=96&d=mm&r=g","caption":"Benjam\u00edn Ziede"},"url":"https:\/\/gentedebasquet.com.ar\/sitio\/author\/benjamin\/"}]}},"_links":{"self":[{"href":"https:\/\/gentedebasquet.com.ar\/sitio\/wp-json\/wp\/v2\/posts\/123188","targetHints":{"allow":["GET"]}}],"collection":[{"href":"https:\/\/gentedebasquet.com.ar\/sitio\/wp-json\/wp\/v2\/posts"}],"about":[{"href":"https:\/\/gentedebasquet.com.ar\/sitio\/wp-json\/wp\/v2\/types\/post"}],"author":[{"embeddable":true,"href":"https:\/\/gentedebasquet.com.ar\/sitio\/wp-json\/wp\/v2\/users\/86"}],"replies":[{"embeddable":true,"href":"https:\/\/gentedebasquet.com.ar\/sitio\/wp-json\/wp\/v2\/comments?post=123188"}],"version-history":[{"count":1,"href":"https:\/\/gentedebasquet.com.ar\/sitio\/wp-json\/wp\/v2\/posts\/123188\/revisions"}],"predecessor-version":[{"id":123193,"href":"https:\/\/gentedebasquet.com.ar\/sitio\/wp-json\/wp\/v2\/posts\/123188\/revisions\/123193"}],"wp:featuredmedia":[{"embeddable":true,"href":"https:\/\/gentedebasquet.com.ar\/sitio\/wp-json\/wp\/v2\/media\/123190"}],"wp:attachment":[{"href":"https:\/\/gentedebasquet.com.ar\/sitio\/wp-json\/wp\/v2\/media?parent=123188"}],"wp:term":[{"taxonomy":"category","embeddable":true,"href":"https:\/\/gentedebasquet.com.ar\/sitio\/wp-json\/wp\/v2\/categories?post=123188"},{"taxonomy":"post_tag","embeddable":true,"href":"https:\/\/gentedebasquet.com.ar\/sitio\/wp-json\/wp\/v2\/tags?post=123188"}],"curies":[{"name":"wp","href":"https:\/\/api.w.org\/{rel}","templated":true}]}}