{"id":123195,"date":"2026-09-03T06:21:25","date_gmt":"2026-09-03T04:21:25","guid":{"rendered":"https:\/\/gentedebasquet.com.ar\/sitio\/?p=123195"},"modified":"2026-09-03T06:21:25","modified_gmt":"2026-09-03T04:21:25","slug":"el-9-acelero-y-no-levanto-el-pie","status":"publish","type":"post","link":"https:\/\/gentedebasquet.com.ar\/sitio\/2026\/09\/03\/el-9-acelero-y-no-levanto-el-pie\/","title":{"rendered":"El 9 aceler\u00f3 y no levant\u00f3 el pie"},"content":{"rendered":"<div class=\"flex max-w-full flex-col flex-grow\">\n<div class=\"min-h-8 text-message flex w-full flex-col items-end gap-2 whitespace-normal break-words [.text-message+&amp;]:mt-5\" dir=\"auto\" data-message-author-role=\"assistant\" data-message-id=\"d66df151-bd9a-4e40-9c6b-a57f4798966a\" data-message-model-slug=\"gpt-4o-mini\">\n<div class=\"flex w-full flex-col gap-1 empty:hidden first:pt-[3px]\">\n<div class=\"markdown prose w-full break-words dark:prose-invert dark\">\n<p><img decoding=\"async\" class=\"alignnone wp-image-123223 size-large\" src=\"http:\/\/gentedebasquet.com.ar\/sitio\/wp-content\/uploads\/2026\/09\/WhatsApp-Image-2026-09-02-at-11.59.33-PM-1-1024x771.jpeg\" alt=\"\" width=\"1024\" height=\"771\" srcset=\"https:\/\/gentedebasquet.com.ar\/sitio\/wp-content\/uploads\/2026\/09\/WhatsApp-Image-2026-09-02-at-11.59.33-PM-1-1024x771.jpeg 1024w, https:\/\/gentedebasquet.com.ar\/sitio\/wp-content\/uploads\/2026\/09\/WhatsApp-Image-2026-09-02-at-11.59.33-PM-1-300x226.jpeg 300w, https:\/\/gentedebasquet.com.ar\/sitio\/wp-content\/uploads\/2026\/09\/WhatsApp-Image-2026-09-02-at-11.59.33-PM-1-768x578.jpeg 768w, https:\/\/gentedebasquet.com.ar\/sitio\/wp-content\/uploads\/2026\/09\/WhatsApp-Image-2026-09-02-at-11.59.33-PM-1-1536x1156.jpeg 1536w, https:\/\/gentedebasquet.com.ar\/sitio\/wp-content\/uploads\/2026\/09\/WhatsApp-Image-2026-09-02-at-11.59.33-PM-1-750x564.jpeg 750w, https:\/\/gentedebasquet.com.ar\/sitio\/wp-content\/uploads\/2026\/09\/WhatsApp-Image-2026-09-02-at-11.59.33-PM-1-1140x858.jpeg 1140w, https:\/\/gentedebasquet.com.ar\/sitio\/wp-content\/uploads\/2026\/09\/WhatsApp-Image-2026-09-02-at-11.59.33-PM-1.jpeg 1600w\" sizes=\"(max-width: 1024px) 100vw, 1024px\" \/><\/p>\n<h1><\/h1>\n<p><strong>9 de Julio volvi\u00f3 a mostrar toda su contundencia en la Primera Femenina y super\u00f3 44-83 a Sportivo Bahiense en el Eladio Santos.\u00a0<\/strong><\/p>\n<h3><\/h3>\n<p>Arrancar\u00eda el encuentro con 9 de Julio tomando r\u00e1pidamente la iniciativa, con Fern\u00e1ndez (2) y Althabe (3) encabezando los primeros ataques del conjunto de Turcato. Sportivo intentar\u00eda responder mediante Lazar, que aparecer\u00eda para ponerle un freno al arranque visitante, pero el conjunto de 9 de Julio continuar\u00eda encendido y encontrar\u00eda en Althabe (7) y Alves (5) una dupla determinante durante los primeros cinco minutos, para establecer una contundente diferencia de 4-21. El local buscar\u00eda reaccionar y meterse nuevamente en partido, aunque la visita mantendr\u00eda el control hasta el cierre. All\u00ed, Corval\u00e1n tendr\u00eda una participaci\u00f3n importante para terminar de consolidar la ventaja y llevarse el primer cuarto por 31-8. Althabe cerrar\u00eda el per\u00edodo como m\u00e1xima anotadora con 10 puntos, escoltada por Alves, que sumar\u00eda 6.<\/p>\n<h3><\/h3>\n<p>En el segundo cuarto continuar\u00eda la presi\u00f3n colectiva de 9 de Julio, que encontrar\u00eda respuestas en Nieva, Maurer, Bussetti y Alves durante los primeros cinco minutos. La diferencia llegar\u00eda hasta su m\u00e1xima expresi\u00f3n con el 10-40, reflejando el dominio visitante en ese tramo. Sportivo intentar\u00eda reaccionar mediante Prada (3) y De la Puente (3), y sobre los \u00faltimos dos minutos conseguir\u00eda descontar con Fernetich (3), Hammerschmidt (2) y Salvarezza (2). El conjunto de Sagripandi cerrar\u00eda mejor el per\u00edodo y se quedar\u00eda con el parcial 15-11, aunque 9 de Julio mantendr\u00eda una ventaja considerable al llegar al entretiempo: 23-42.<\/p>\n<h3><\/h3>\n<p>Despu\u00e9s del descanso, Sorzini y Althabe volver\u00edan a encabezar la ofensiva visitante y, desde el tercer minuto, 9 de Julio comenzar\u00eda nuevamente a ampliar la diferencia. Corval\u00e1n (5), Fern\u00e1ndez (3), Althabe (8) y Alves (5) ser\u00edan protagonistas de una ofensiva que no encontrar\u00eda demasiadas respuestas del otro lado. El conjunto de Turcato terminar\u00eda imponiendo un contundente parcial de 4-27, pr\u00e1cticamente sentenciando la historia antes del \u00faltimo per\u00edodo y dejando el marcador 27-69.<\/p>\n<h3><\/h3>\n<p>El \u00faltimo cuarto comenzar\u00eda con un desarrollo m\u00e1s parejo, con Islas y Prada intentando atacar para el conjunto de Sagripandi, mientras Alves continuar\u00eda siendo una de las principales respuestas de 9 de Julio. Hasta el minuto seis, Sportivo buscar\u00eda contragolpear de la mano de Lazar, Islas, Fernetich y Salvarezza, pero Alves devolver\u00eda con cuatro puntos para mantener la distancia.<\/p>\n<p>El cierre tendr\u00eda un desarrollo de ida y vuelta, con Maurer (3) y Fern\u00e1ndez (2) apareciendo en los \u00faltimos ataques de la visita. Sportivo terminar\u00eda qued\u00e1ndose con el parcial 17-14, aunque la historia ya estaba sentenciada desde mucho antes. El 9 aceler\u00f3 desde el comienzo, sac\u00f3 una diferencia que result\u00f3 imposible de descontar y termin\u00f3 imponi\u00e9ndose por 44-83.<\/p>\n<p class=\"PDq2pG_selectionAnchorContainer\" data-section-id=\"1uiocek\" data-start=\"0\" data-end=\"53\">\n<\/div>\n<div class=\"markdown prose w-full break-words dark:prose-invert dark\">\n<p><strong>El conjunto de Juli\u00e1n Turcato tom\u00f3 el control desde los primeros minutos, construy\u00f3 una diferencia de 23 puntos en el primer cuarto y termin\u00f3 imponiendo su ritmo durante gran parte de la noche. Althabe, con 22 puntos, y Alves, con 19, fueron las principales figuras de la visita. En la siguiente instancia 9 de Julio recibir\u00e1 a Villa Mitre, mientras que Sportivo visitar\u00e1 a Bahiense del Norte.<\/strong><\/p>\n<p>&nbsp;<\/p>\n<\/div>\n<\/div>\n<\/div>\n<\/div>\n<div>\n<div class=\"jeg_video_container jeg_video_content\"><\/div>\n<\/div>\n<div>\n<div class=\"jeg_video_container jeg_video_content\"><iframe loading=\"lazy\" title=\"#PrimeraFemenina - Fecha #3: Sportivo 44 - 83 9 de Julio\" width=\"500\" height=\"281\" src=\"https:\/\/www.youtube.com\/embed\/CzCFmYzVv0Y?feature=oembed\" frameborder=\"0\" allow=\"accelerometer; autoplay; clipboard-write; encrypted-media; gyroscope; picture-in-picture; web-share\" referrerpolicy=\"strict-origin-when-cross-origin\" allowfullscreen><\/iframe><\/div>\n<\/div>\n<div><\/div>\n<div><img decoding=\"async\" class=\"alignnone wp-image-123219 \" src=\"http:\/\/gentedebasquet.com.ar\/sitio\/wp-content\/uploads\/2026\/09\/WhatsApp-Image-2026-09-03-at-12.24.29-AM-1024x1024.jpeg\" alt=\"\" width=\"404\" height=\"404\" data-pin-no-hover=\"true\" srcset=\"https:\/\/gentedebasquet.com.ar\/sitio\/wp-content\/uploads\/2026\/09\/WhatsApp-Image-2026-09-03-at-12.24.29-AM-1024x1024.jpeg 1024w, https:\/\/gentedebasquet.com.ar\/sitio\/wp-content\/uploads\/2026\/09\/WhatsApp-Image-2026-09-03-at-12.24.29-AM-300x300.jpeg 300w, https:\/\/gentedebasquet.com.ar\/sitio\/wp-content\/uploads\/2026\/09\/WhatsApp-Image-2026-09-03-at-12.24.29-AM-150x150.jpeg 150w, https:\/\/gentedebasquet.com.ar\/sitio\/wp-content\/uploads\/2026\/09\/WhatsApp-Image-2026-09-03-at-12.24.29-AM-768x768.jpeg 768w, https:\/\/gentedebasquet.com.ar\/sitio\/wp-content\/uploads\/2026\/09\/WhatsApp-Image-2026-09-03-at-12.24.29-AM-1536x1536.jpeg 1536w, https:\/\/gentedebasquet.com.ar\/sitio\/wp-content\/uploads\/2026\/09\/WhatsApp-Image-2026-09-03-at-12.24.29-AM-75x75.jpeg 75w, https:\/\/gentedebasquet.com.ar\/sitio\/wp-content\/uploads\/2026\/09\/WhatsApp-Image-2026-09-03-at-12.24.29-AM-350x350.jpeg 350w, https:\/\/gentedebasquet.com.ar\/sitio\/wp-content\/uploads\/2026\/09\/WhatsApp-Image-2026-09-03-at-12.24.29-AM-750x750.jpeg 750w, https:\/\/gentedebasquet.com.ar\/sitio\/wp-content\/uploads\/2026\/09\/WhatsApp-Image-2026-09-03-at-12.24.29-AM-1140x1140.jpeg 1140w, https:\/\/gentedebasquet.com.ar\/sitio\/wp-content\/uploads\/2026\/09\/WhatsApp-Image-2026-09-03-at-12.24.29-AM.jpeg 1600w\" sizes=\"(max-width: 404px) 100vw, 404px\" \/><\/div>\n<div><\/div>\n<div><img decoding=\"async\" class=\"alignnone wp-image-123224 \" src=\"http:\/\/gentedebasquet.com.ar\/sitio\/wp-content\/uploads\/2026\/09\/WhatsApp-Image-2026-09-03-at-12.20.37-AM-1024x1024.jpeg\" alt=\"\" width=\"404\" height=\"404\" data-pin-no-hover=\"true\" srcset=\"https:\/\/gentedebasquet.com.ar\/sitio\/wp-content\/uploads\/2026\/09\/WhatsApp-Image-2026-09-03-at-12.20.37-AM-1024x1024.jpeg 1024w, https:\/\/gentedebasquet.com.ar\/sitio\/wp-content\/uploads\/2026\/09\/WhatsApp-Image-2026-09-03-at-12.20.37-AM-300x300.jpeg 300w, https:\/\/gentedebasquet.com.ar\/sitio\/wp-content\/uploads\/2026\/09\/WhatsApp-Image-2026-09-03-at-12.20.37-AM-150x150.jpeg 150w, https:\/\/gentedebasquet.com.ar\/sitio\/wp-content\/uploads\/2026\/09\/WhatsApp-Image-2026-09-03-at-12.20.37-AM-768x768.jpeg 768w, https:\/\/gentedebasquet.com.ar\/sitio\/wp-content\/uploads\/2026\/09\/WhatsApp-Image-2026-09-03-at-12.20.37-AM-1536x1536.jpeg 1536w, https:\/\/gentedebasquet.com.ar\/sitio\/wp-content\/uploads\/2026\/09\/WhatsApp-Image-2026-09-03-at-12.20.37-AM-75x75.jpeg 75w, https:\/\/gentedebasquet.com.ar\/sitio\/wp-content\/uploads\/2026\/09\/WhatsApp-Image-2026-09-03-at-12.20.37-AM-350x350.jpeg 350w, https:\/\/gentedebasquet.com.ar\/sitio\/wp-content\/uploads\/2026\/09\/WhatsApp-Image-2026-09-03-at-12.20.37-AM-750x750.jpeg 750w, https:\/\/gentedebasquet.com.ar\/sitio\/wp-content\/uploads\/2026\/09\/WhatsApp-Image-2026-09-03-at-12.20.37-AM-1140x1140.jpeg 1140w, https:\/\/gentedebasquet.com.ar\/sitio\/wp-content\/uploads\/2026\/09\/WhatsApp-Image-2026-09-03-at-12.20.37-AM.jpeg 1600w\" sizes=\"(max-width: 404px) 100vw, 404px\" \/><\/div>\n<div><\/div>\n<div><img decoding=\"async\" class=\"alignnone wp-image-123222 \" src=\"http:\/\/gentedebasquet.com.ar\/sitio\/wp-content\/uploads\/2026\/09\/WhatsApp-Image-2026-09-02-at-11.59.33-PM-771x1024.jpeg\" alt=\"\" width=\"490\" height=\"651\" srcset=\"https:\/\/gentedebasquet.com.ar\/sitio\/wp-content\/uploads\/2026\/09\/WhatsApp-Image-2026-09-02-at-11.59.33-PM-771x1024.jpeg 771w, https:\/\/gentedebasquet.com.ar\/sitio\/wp-content\/uploads\/2026\/09\/WhatsApp-Image-2026-09-02-at-11.59.33-PM-226x300.jpeg 226w, https:\/\/gentedebasquet.com.ar\/sitio\/wp-content\/uploads\/2026\/09\/WhatsApp-Image-2026-09-02-at-11.59.33-PM-768x1021.jpeg 768w, https:\/\/gentedebasquet.com.ar\/sitio\/wp-content\/uploads\/2026\/09\/WhatsApp-Image-2026-09-02-at-11.59.33-PM-1156x1536.jpeg 1156w, https:\/\/gentedebasquet.com.ar\/sitio\/wp-content\/uploads\/2026\/09\/WhatsApp-Image-2026-09-02-at-11.59.33-PM-750x997.jpeg 750w, https:\/\/gentedebasquet.com.ar\/sitio\/wp-content\/uploads\/2026\/09\/WhatsApp-Image-2026-09-02-at-11.59.33-PM-1140x1515.jpeg 1140w, https:\/\/gentedebasquet.com.ar\/sitio\/wp-content\/uploads\/2026\/09\/WhatsApp-Image-2026-09-02-at-11.59.33-PM.jpeg 1204w\" sizes=\"(max-width: 490px) 100vw, 490px\" \/><\/div>\n<p>&nbsp;<\/p>\n<p>&nbsp;<\/p>\n<blockquote><p>\u00abNosotros sab\u00edamos que ten\u00edamos que jugar con mucha intensidad, quisimos hacer foco en la presi\u00f3n defensiva, como se vio. No tanto para robar, sino para que el rival consuma segundos, para que llegue inc\u00f3modo a la ofensiva. Y de ah\u00ed explotar en velocidad para atacar el aro, principalmente. La clave fue el juego colectivo. M\u00e1s all\u00e1 del talento individual que tenemos todas las jugadoras, como se vio, nos pasamos mucho la pelota, buscamos muchas asistencias, m\u00e1s all\u00e1 de si entraba o no la pelota. Y nada, siempre positivismo y tirando todas para el mismo lado\u00bb. <strong>Delfina \u00c1lves, 9 de Julio<\/strong><strong>.<\/strong><\/p><\/blockquote>\n<p>&nbsp;<\/p>\n<p>&nbsp;<\/p>\n<p><strong>S\u00edntesis \u2013 Primera Femenina \u2013 Fecha #3<\/strong><\/p>\n<p><strong>Sportivo Bahiense 44: <\/strong>Renata Boccatonda 8, Juliana Salvarezza 6, Paulina Lazar 6, Lukene Uthurralt, Agustina Prada 7<strong>(<\/strong><strong>F1)<\/strong> Roc\u00edo Hammerschmidt 2, Sof\u00eda Fernetich 6, Emilce Islas 6, Valentina Ruiz, Rosario Albarracin, Agustina de la Puente. <strong>DT:\u00a0<\/strong>Bruno Sagripandi.<\/p>\n<p><strong>9 de Julio 83:<\/strong>Victoria Martin 4, Emilia Fernandez 7, Amparo Althabe 22, <strong>Delfina Alves<\/strong> <strong>19<\/strong>, Isabel Sorzini 6 <strong>(<\/strong><strong>F1);\u00a0<\/strong>Ileana Corval\u00e1n 8, Anahel Maurer 9, Victoria Flores, Martina Bussetti 4, Tamara Nieva 4, Jessica Azaroff, Celina Stempelet. <strong>DT:\u00a0<\/strong>Juli\u00e1n Turcato.<\/p>\n<p>&nbsp;<\/p>\n<p><strong>Parciales: 8-31, 23-42(15-11), 27-69(4-27), 44-83(17-14)<\/strong><\/p>\n<p><strong>\u00c1rbitros<\/strong>: Alberto Arlenghi, Alexia Gonzalez.<\/p>\n<p><strong>Estadio: Eladio Santos (Sportivo Bahiense).<\/strong><\/p>\n<p>&nbsp;<\/p>\n<p><img decoding=\"async\" class=\"alignnone size-large wp-image-123221\" src=\"http:\/\/gentedebasquet.com.ar\/sitio\/wp-content\/uploads\/2026\/09\/WhatsApp-Image-2026-09-02-at-11.59.34-PM-1024x461.jpeg\" alt=\"\" width=\"1024\" height=\"461\" srcset=\"https:\/\/gentedebasquet.com.ar\/sitio\/wp-content\/uploads\/2026\/09\/WhatsApp-Image-2026-09-02-at-11.59.34-PM-1024x461.jpeg 1024w, https:\/\/gentedebasquet.com.ar\/sitio\/wp-content\/uploads\/2026\/09\/WhatsApp-Image-2026-09-02-at-11.59.34-PM-300x135.jpeg 300w, https:\/\/gentedebasquet.com.ar\/sitio\/wp-content\/uploads\/2026\/09\/WhatsApp-Image-2026-09-02-at-11.59.34-PM-768x346.jpeg 768w, https:\/\/gentedebasquet.com.ar\/sitio\/wp-content\/uploads\/2026\/09\/WhatsApp-Image-2026-09-02-at-11.59.34-PM-1536x691.jpeg 1536w, https:\/\/gentedebasquet.com.ar\/sitio\/wp-content\/uploads\/2026\/09\/WhatsApp-Image-2026-09-02-at-11.59.34-PM-750x338.jpeg 750w, https:\/\/gentedebasquet.com.ar\/sitio\/wp-content\/uploads\/2026\/09\/WhatsApp-Image-2026-09-02-at-11.59.34-PM-1140x513.jpeg 1140w, https:\/\/gentedebasquet.com.ar\/sitio\/wp-content\/uploads\/2026\/09\/WhatsApp-Image-2026-09-02-at-11.59.34-PM.jpeg 1600w\" sizes=\"(max-width: 1024px) 100vw, 1024px\" \/><\/p>\n","protected":false},"excerpt":{"rendered":"<p>9 de Julio volvi\u00f3 a mostrar toda su contundencia en la Primera Femenina y super\u00f3 44-83 a Sportivo Bahiense en el Eladio Santos.\u00a0 Arrancar\u00eda el encuentro con 9 de Julio tomando r\u00e1pidamente la iniciativa, con Fern\u00e1ndez (2) y Althabe (3) encabezando los primeros ataques del conjunto de Turcato. Sportivo intentar\u00eda responder mediante Lazar, que aparecer\u00eda [&hellip;]<\/p>\n","protected":false},"author":86,"featured_media":123220,"comment_status":"closed","ping_status":"open","sticky":false,"template":"","format":"standard","meta":{"jnews-multi-image_gallery":[],"jnews_single_post":[],"jnews_primary_category":[],"jnews_social_meta":[],"jnews_override_counter":[],"footnotes":""},"categories":[526,101],"tags":[2,1998,610,20,2091],"class_list":["post-123195","post","type-post","status-publish","format-standard","has-post-thumbnail","hentry","category-primera-femenino-2","category-slide","tag-9dejulio","tag-delfina-alves","tag-eladio-santos","tag-sportivo-bahiense","tag-torneo-femenino"],"yoast_head":"<!-- This site is optimized with the Yoast SEO plugin v28.4 - https:\/\/yoast.com\/product\/yoast-seo-wordpress\/ -->\n<title>El 9 aceler\u00f3 y no levant\u00f3 el pie - Gente de B\u00e1squet<\/title>\n<meta name=\"robots\" content=\"index, follow, max-snippet:-1, max-image-preview:large, max-video-preview:-1\" \/>\n<link rel=\"canonical\" href=\"https:\/\/gentedebasquet.com.ar\/sitio\/2026\/09\/03\/el-9-acelero-y-no-levanto-el-pie\/\" \/>\n<meta property=\"og:locale\" content=\"es_ES\" \/>\n<meta property=\"og:type\" content=\"article\" \/>\n<meta property=\"og:title\" content=\"El 9 aceler\u00f3 y no levant\u00f3 el pie - Gente de B\u00e1squet\" \/>\n<meta property=\"og:description\" content=\"9 de Julio volvi\u00f3 a mostrar toda su contundencia en la Primera Femenina y super\u00f3 44-83 a Sportivo Bahiense en el Eladio Santos.\u00a0 Arrancar\u00eda el encuentro con 9 de Julio tomando r\u00e1pidamente la iniciativa, con Fern\u00e1ndez (2) y Althabe (3) encabezando los primeros ataques del conjunto de Turcato. Sportivo intentar\u00eda responder mediante Lazar, que aparecer\u00eda [&hellip;]\" \/>\n<meta property=\"og:url\" content=\"https:\/\/gentedebasquet.com.ar\/sitio\/2026\/09\/03\/el-9-acelero-y-no-levanto-el-pie\/\" \/>\n<meta property=\"og:site_name\" content=\"Gente de B\u00e1squet\" \/>\n<meta property=\"article:published_time\" content=\"2026-09-03T04:21:25+00:00\" \/>\n<meta property=\"og:image\" content=\"http:\/\/gentedebasquet.com.ar\/sitio\/wp-content\/uploads\/2026\/09\/WhatsApp-Image-2026-09-03-at-12.07.03-AM.jpeg\" \/>\n\t<meta property=\"og:image:width\" content=\"718\" \/>\n\t<meta property=\"og:image:height\" content=\"418\" \/>\n\t<meta property=\"og:image:type\" content=\"image\/jpeg\" \/>\n<meta name=\"author\" content=\"Benjam\u00edn Ziede\" \/>\n<meta name=\"twitter:card\" content=\"summary_large_image\" \/>\n<meta name=\"twitter:label1\" content=\"Escrito por\" \/>\n\t<meta name=\"twitter:data1\" content=\"Benjam\u00edn Ziede\" \/>\n\t<meta name=\"twitter:label2\" content=\"Tiempo de lectura\" \/>\n\t<meta name=\"twitter:data2\" content=\"4 minutos\" \/>\n<script type=\"application\/ld+json\" class=\"yoast-schema-graph\">{\"@context\":\"https:\\\/\\\/schema.org\",\"@graph\":[{\"@type\":\"Article\",\"@id\":\"https:\\\/\\\/gentedebasquet.com.ar\\\/sitio\\\/2026\\\/09\\\/03\\\/el-9-acelero-y-no-levanto-el-pie\\\/#article\",\"isPartOf\":{\"@id\":\"https:\\\/\\\/gentedebasquet.com.ar\\\/sitio\\\/2026\\\/09\\\/03\\\/el-9-acelero-y-no-levanto-el-pie\\\/\"},\"author\":{\"name\":\"Benjam\u00edn Ziede\",\"@id\":\"https:\\\/\\\/gentedebasquet.com.ar\\\/sitio\\\/#\\\/schema\\\/person\\\/f61a8102f7411c43e47beb79057b202b\"},\"headline\":\"El 9 aceler\u00f3 y no levant\u00f3 el pie\",\"datePublished\":\"2026-09-03T04:21:25+00:00\",\"mainEntityOfPage\":{\"@id\":\"https:\\\/\\\/gentedebasquet.com.ar\\\/sitio\\\/2026\\\/09\\\/03\\\/el-9-acelero-y-no-levanto-el-pie\\\/\"},\"wordCount\":738,\"image\":{\"@id\":\"https:\\\/\\\/gentedebasquet.com.ar\\\/sitio\\\/2026\\\/09\\\/03\\\/el-9-acelero-y-no-levanto-el-pie\\\/#primaryimage\"},\"thumbnailUrl\":\"https:\\\/\\\/gentedebasquet.com.ar\\\/sitio\\\/wp-content\\\/uploads\\\/2026\\\/09\\\/WhatsApp-Image-2026-09-03-at-12.07.03-AM.jpeg\",\"keywords\":[\"9 de Julio\",\"Delfina Alves\",\"Eladio Santos\",\"Sportivo Bahiense\",\"Torneo Femenino\"],\"articleSection\":[\"Primera Femenino\",\"Slide\"],\"inLanguage\":\"es\"},{\"@type\":\"WebPage\",\"@id\":\"https:\\\/\\\/gentedebasquet.com.ar\\\/sitio\\\/2026\\\/09\\\/03\\\/el-9-acelero-y-no-levanto-el-pie\\\/\",\"url\":\"https:\\\/\\\/gentedebasquet.com.ar\\\/sitio\\\/2026\\\/09\\\/03\\\/el-9-acelero-y-no-levanto-el-pie\\\/\",\"name\":\"El 9 aceler\u00f3 y no levant\u00f3 el pie - Gente de B\u00e1squet\",\"isPartOf\":{\"@id\":\"https:\\\/\\\/gentedebasquet.com.ar\\\/sitio\\\/#website\"},\"primaryImageOfPage\":{\"@id\":\"https:\\\/\\\/gentedebasquet.com.ar\\\/sitio\\\/2026\\\/09\\\/03\\\/el-9-acelero-y-no-levanto-el-pie\\\/#primaryimage\"},\"image\":{\"@id\":\"https:\\\/\\\/gentedebasquet.com.ar\\\/sitio\\\/2026\\\/09\\\/03\\\/el-9-acelero-y-no-levanto-el-pie\\\/#primaryimage\"},\"thumbnailUrl\":\"https:\\\/\\\/gentedebasquet.com.ar\\\/sitio\\\/wp-content\\\/uploads\\\/2026\\\/09\\\/WhatsApp-Image-2026-09-03-at-12.07.03-AM.jpeg\",\"datePublished\":\"2026-09-03T04:21:25+00:00\",\"author\":{\"@id\":\"https:\\\/\\\/gentedebasquet.com.ar\\\/sitio\\\/#\\\/schema\\\/person\\\/f61a8102f7411c43e47beb79057b202b\"},\"breadcrumb\":{\"@id\":\"https:\\\/\\\/gentedebasquet.com.ar\\\/sitio\\\/2026\\\/09\\\/03\\\/el-9-acelero-y-no-levanto-el-pie\\\/#breadcrumb\"},\"inLanguage\":\"es\",\"potentialAction\":[{\"@type\":\"ReadAction\",\"target\":[\"https:\\\/\\\/gentedebasquet.com.ar\\\/sitio\\\/2026\\\/09\\\/03\\\/el-9-acelero-y-no-levanto-el-pie\\\/\"]}]},{\"@type\":\"ImageObject\",\"inLanguage\":\"es\",\"@id\":\"https:\\\/\\\/gentedebasquet.com.ar\\\/sitio\\\/2026\\\/09\\\/03\\\/el-9-acelero-y-no-levanto-el-pie\\\/#primaryimage\",\"url\":\"https:\\\/\\\/gentedebasquet.com.ar\\\/sitio\\\/wp-content\\\/uploads\\\/2026\\\/09\\\/WhatsApp-Image-2026-09-03-at-12.07.03-AM.jpeg\",\"contentUrl\":\"https:\\\/\\\/gentedebasquet.com.ar\\\/sitio\\\/wp-content\\\/uploads\\\/2026\\\/09\\\/WhatsApp-Image-2026-09-03-at-12.07.03-AM.jpeg\",\"width\":718,\"height\":418},{\"@type\":\"BreadcrumbList\",\"@id\":\"https:\\\/\\\/gentedebasquet.com.ar\\\/sitio\\\/2026\\\/09\\\/03\\\/el-9-acelero-y-no-levanto-el-pie\\\/#breadcrumb\",\"itemListElement\":[{\"@type\":\"ListItem\",\"position\":1,\"name\":\"Portada\",\"item\":\"https:\\\/\\\/gentedebasquet.com.ar\\\/sitio\\\/\"},{\"@type\":\"ListItem\",\"position\":2,\"name\":\"El 9 aceler\u00f3 y no levant\u00f3 el pie\"}]},{\"@type\":\"WebSite\",\"@id\":\"https:\\\/\\\/gentedebasquet.com.ar\\\/sitio\\\/#website\",\"url\":\"https:\\\/\\\/gentedebasquet.com.ar\\\/sitio\\\/\",\"name\":\"Gente de B\u00e1squet\",\"description\":\"La revista del basquet de Bah\u00eda Blanca\",\"potentialAction\":[{\"@type\":\"SearchAction\",\"target\":{\"@type\":\"EntryPoint\",\"urlTemplate\":\"https:\\\/\\\/gentedebasquet.com.ar\\\/sitio\\\/?s={search_term_string}\"},\"query-input\":{\"@type\":\"PropertyValueSpecification\",\"valueRequired\":true,\"valueName\":\"search_term_string\"}}],\"inLanguage\":\"es\"},{\"@type\":\"Person\",\"@id\":\"https:\\\/\\\/gentedebasquet.com.ar\\\/sitio\\\/#\\\/schema\\\/person\\\/f61a8102f7411c43e47beb79057b202b\",\"name\":\"Benjam\u00edn Ziede\",\"image\":{\"@type\":\"ImageObject\",\"inLanguage\":\"es\",\"@id\":\"https:\\\/\\\/secure.gravatar.com\\\/avatar\\\/8f574951df8700f5441783f8c446d6f1b3ba22b80b888df110e80fe425210cdf?s=96&d=mm&r=g\",\"url\":\"https:\\\/\\\/secure.gravatar.com\\\/avatar\\\/8f574951df8700f5441783f8c446d6f1b3ba22b80b888df110e80fe425210cdf?s=96&d=mm&r=g\",\"contentUrl\":\"https:\\\/\\\/secure.gravatar.com\\\/avatar\\\/8f574951df8700f5441783f8c446d6f1b3ba22b80b888df110e80fe425210cdf?s=96&d=mm&r=g\",\"caption\":\"Benjam\u00edn Ziede\"},\"url\":\"https:\\\/\\\/gentedebasquet.com.ar\\\/sitio\\\/author\\\/benjamin\\\/\"}]}<\/script>\n<!-- \/ Yoast SEO plugin. -->","yoast_head_json":{"title":"El 9 aceler\u00f3 y no levant\u00f3 el pie - Gente de B\u00e1squet","robots":{"index":"index","follow":"follow","max-snippet":"max-snippet:-1","max-image-preview":"max-image-preview:large","max-video-preview":"max-video-preview:-1"},"canonical":"https:\/\/gentedebasquet.com.ar\/sitio\/2026\/09\/03\/el-9-acelero-y-no-levanto-el-pie\/","og_locale":"es_ES","og_type":"article","og_title":"El 9 aceler\u00f3 y no levant\u00f3 el pie - Gente de B\u00e1squet","og_description":"9 de Julio volvi\u00f3 a mostrar toda su contundencia en la Primera Femenina y super\u00f3 44-83 a Sportivo Bahiense en el Eladio Santos.\u00a0 Arrancar\u00eda el encuentro con 9 de Julio tomando r\u00e1pidamente la iniciativa, con Fern\u00e1ndez (2) y Althabe (3) encabezando los primeros ataques del conjunto de Turcato. Sportivo intentar\u00eda responder mediante Lazar, que aparecer\u00eda [&hellip;]","og_url":"https:\/\/gentedebasquet.com.ar\/sitio\/2026\/09\/03\/el-9-acelero-y-no-levanto-el-pie\/","og_site_name":"Gente de B\u00e1squet","article_published_time":"2026-09-03T04:21:25+00:00","og_image":[{"width":718,"height":418,"url":"http:\/\/gentedebasquet.com.ar\/sitio\/wp-content\/uploads\/2026\/09\/WhatsApp-Image-2026-09-03-at-12.07.03-AM.jpeg","type":"image\/jpeg"}],"author":"Benjam\u00edn Ziede","twitter_card":"summary_large_image","twitter_misc":{"Escrito por":"Benjam\u00edn Ziede","Tiempo de lectura":"4 minutos"},"schema":{"@context":"https:\/\/schema.org","@graph":[{"@type":"Article","@id":"https:\/\/gentedebasquet.com.ar\/sitio\/2026\/09\/03\/el-9-acelero-y-no-levanto-el-pie\/#article","isPartOf":{"@id":"https:\/\/gentedebasquet.com.ar\/sitio\/2026\/09\/03\/el-9-acelero-y-no-levanto-el-pie\/"},"author":{"name":"Benjam\u00edn Ziede","@id":"https:\/\/gentedebasquet.com.ar\/sitio\/#\/schema\/person\/f61a8102f7411c43e47beb79057b202b"},"headline":"El 9 aceler\u00f3 y no levant\u00f3 el pie","datePublished":"2026-09-03T04:21:25+00:00","mainEntityOfPage":{"@id":"https:\/\/gentedebasquet.com.ar\/sitio\/2026\/09\/03\/el-9-acelero-y-no-levanto-el-pie\/"},"wordCount":738,"image":{"@id":"https:\/\/gentedebasquet.com.ar\/sitio\/2026\/09\/03\/el-9-acelero-y-no-levanto-el-pie\/#primaryimage"},"thumbnailUrl":"https:\/\/gentedebasquet.com.ar\/sitio\/wp-content\/uploads\/2026\/09\/WhatsApp-Image-2026-09-03-at-12.07.03-AM.jpeg","keywords":["9 de Julio","Delfina Alves","Eladio Santos","Sportivo Bahiense","Torneo Femenino"],"articleSection":["Primera Femenino","Slide"],"inLanguage":"es"},{"@type":"WebPage","@id":"https:\/\/gentedebasquet.com.ar\/sitio\/2026\/09\/03\/el-9-acelero-y-no-levanto-el-pie\/","url":"https:\/\/gentedebasquet.com.ar\/sitio\/2026\/09\/03\/el-9-acelero-y-no-levanto-el-pie\/","name":"El 9 aceler\u00f3 y no levant\u00f3 el pie - Gente de B\u00e1squet","isPartOf":{"@id":"https:\/\/gentedebasquet.com.ar\/sitio\/#website"},"primaryImageOfPage":{"@id":"https:\/\/gentedebasquet.com.ar\/sitio\/2026\/09\/03\/el-9-acelero-y-no-levanto-el-pie\/#primaryimage"},"image":{"@id":"https:\/\/gentedebasquet.com.ar\/sitio\/2026\/09\/03\/el-9-acelero-y-no-levanto-el-pie\/#primaryimage"},"thumbnailUrl":"https:\/\/gentedebasquet.com.ar\/sitio\/wp-content\/uploads\/2026\/09\/WhatsApp-Image-2026-09-03-at-12.07.03-AM.jpeg","datePublished":"2026-09-03T04:21:25+00:00","author":{"@id":"https:\/\/gentedebasquet.com.ar\/sitio\/#\/schema\/person\/f61a8102f7411c43e47beb79057b202b"},"breadcrumb":{"@id":"https:\/\/gentedebasquet.com.ar\/sitio\/2026\/09\/03\/el-9-acelero-y-no-levanto-el-pie\/#breadcrumb"},"inLanguage":"es","potentialAction":[{"@type":"ReadAction","target":["https:\/\/gentedebasquet.com.ar\/sitio\/2026\/09\/03\/el-9-acelero-y-no-levanto-el-pie\/"]}]},{"@type":"ImageObject","inLanguage":"es","@id":"https:\/\/gentedebasquet.com.ar\/sitio\/2026\/09\/03\/el-9-acelero-y-no-levanto-el-pie\/#primaryimage","url":"https:\/\/gentedebasquet.com.ar\/sitio\/wp-content\/uploads\/2026\/09\/WhatsApp-Image-2026-09-03-at-12.07.03-AM.jpeg","contentUrl":"https:\/\/gentedebasquet.com.ar\/sitio\/wp-content\/uploads\/2026\/09\/WhatsApp-Image-2026-09-03-at-12.07.03-AM.jpeg","width":718,"height":418},{"@type":"BreadcrumbList","@id":"https:\/\/gentedebasquet.com.ar\/sitio\/2026\/09\/03\/el-9-acelero-y-no-levanto-el-pie\/#breadcrumb","itemListElement":[{"@type":"ListItem","position":1,"name":"Portada","item":"https:\/\/gentedebasquet.com.ar\/sitio\/"},{"@type":"ListItem","position":2,"name":"El 9 aceler\u00f3 y no levant\u00f3 el pie"}]},{"@type":"WebSite","@id":"https:\/\/gentedebasquet.com.ar\/sitio\/#website","url":"https:\/\/gentedebasquet.com.ar\/sitio\/","name":"Gente de B\u00e1squet","description":"La revista del basquet de Bah\u00eda Blanca","potentialAction":[{"@type":"SearchAction","target":{"@type":"EntryPoint","urlTemplate":"https:\/\/gentedebasquet.com.ar\/sitio\/?s={search_term_string}"},"query-input":{"@type":"PropertyValueSpecification","valueRequired":true,"valueName":"search_term_string"}}],"inLanguage":"es"},{"@type":"Person","@id":"https:\/\/gentedebasquet.com.ar\/sitio\/#\/schema\/person\/f61a8102f7411c43e47beb79057b202b","name":"Benjam\u00edn Ziede","image":{"@type":"ImageObject","inLanguage":"es","@id":"https:\/\/secure.gravatar.com\/avatar\/8f574951df8700f5441783f8c446d6f1b3ba22b80b888df110e80fe425210cdf?s=96&d=mm&r=g","url":"https:\/\/secure.gravatar.com\/avatar\/8f574951df8700f5441783f8c446d6f1b3ba22b80b888df110e80fe425210cdf?s=96&d=mm&r=g","contentUrl":"https:\/\/secure.gravatar.com\/avatar\/8f574951df8700f5441783f8c446d6f1b3ba22b80b888df110e80fe425210cdf?s=96&d=mm&r=g","caption":"Benjam\u00edn Ziede"},"url":"https:\/\/gentedebasquet.com.ar\/sitio\/author\/benjamin\/"}]}},"_links":{"self":[{"href":"https:\/\/gentedebasquet.com.ar\/sitio\/wp-json\/wp\/v2\/posts\/123195","targetHints":{"allow":["GET"]}}],"collection":[{"href":"https:\/\/gentedebasquet.com.ar\/sitio\/wp-json\/wp\/v2\/posts"}],"about":[{"href":"https:\/\/gentedebasquet.com.ar\/sitio\/wp-json\/wp\/v2\/types\/post"}],"author":[{"embeddable":true,"href":"https:\/\/gentedebasquet.com.ar\/sitio\/wp-json\/wp\/v2\/users\/86"}],"replies":[{"embeddable":true,"href":"https:\/\/gentedebasquet.com.ar\/sitio\/wp-json\/wp\/v2\/comments?post=123195"}],"version-history":[{"count":6,"href":"https:\/\/gentedebasquet.com.ar\/sitio\/wp-json\/wp\/v2\/posts\/123195\/revisions"}],"predecessor-version":[{"id":123230,"href":"https:\/\/gentedebasquet.com.ar\/sitio\/wp-json\/wp\/v2\/posts\/123195\/revisions\/123230"}],"wp:featuredmedia":[{"embeddable":true,"href":"https:\/\/gentedebasquet.com.ar\/sitio\/wp-json\/wp\/v2\/media\/123220"}],"wp:attachment":[{"href":"https:\/\/gentedebasquet.com.ar\/sitio\/wp-json\/wp\/v2\/media?parent=123195"}],"wp:term":[{"taxonomy":"category","embeddable":true,"href":"https:\/\/gentedebasquet.com.ar\/sitio\/wp-json\/wp\/v2\/categories?post=123195"},{"taxonomy":"post_tag","embeddable":true,"href":"https:\/\/gentedebasquet.com.ar\/sitio\/wp-json\/wp\/v2\/tags?post=123195"}],"curies":[{"name":"wp","href":"https:\/\/api.w.org\/{rel}","templated":true}]}}