{"id":123217,"date":"2026-09-03T07:35:06","date_gmt":"2026-09-03T05:35:06","guid":{"rendered":"https:\/\/gentedebasquet.com.ar\/sitio\/?p=123217"},"modified":"2026-09-03T07:35:06","modified_gmt":"2026-09-03T05:35:06","slug":"el-campeon-saco-chapa-y-supero-a-alem","status":"publish","type":"post","link":"https:\/\/gentedebasquet.com.ar\/sitio\/2026\/09\/03\/el-campeon-saco-chapa-y-supero-a-alem\/","title":{"rendered":"El campe\u00f3n sac\u00f3 chapa y super\u00f3 a Alem"},"content":{"rendered":"<p>Dur\u00edsimo y parejo partido fue el que se adue\u00f1\u00f3 Napost\u00e1 en la noche del mi\u00e9rcoles. Alem no vendi\u00f3 barato el partido, y en el final tuvo el tiro para quedarse con la victoria, que no fue efectivo. Diel fue el que llego a puntear el \u00faltimo tiro del visitante, y tambi\u00e9n la gran figura del encuentro con un rendimiento descollante, 32 puntos y 10 rebotes fueron los que cosech\u00f3 el interno. En la visita, con un goleo repartido sus iniciales, el que m\u00e1s sumo fue Wilson con 19 tantos.<\/p>\n<p>Pelota al aire en el Antonio Palma, y el primer cuarto se lo termin\u00f3 llevando el conjunto de Jasen. Amaya y Herrera fueron los l\u00edderes en ofensiva con 6 cada uno. En los de Piccinini, Diel cerraba con 7 unidades. Un palo por palo que ser\u00eda tendencia a lo largo de todo el encuentro, y el tablero marcaba 18-21. Y al cabo de los primeros 20 minutos, Napo se iba arriba 40-38. Jugando un buen b\u00e1squet colectivamente en ofensiva, con puntos en todos los ingresantes. Alem sumaba a partir de los tiros de larga distancia de Ruesga (8).<\/p>\n<p>En el complemento, el local tom\u00f3 una ventaja de doble d\u00edgito por primera vez en el juego (66-55). Alem ya a esa altura del 3C con la expulsi\u00f3n del interno Herrera, (doble t\u00e9cnica+t\u00e9cnica a Jasen) que provoc\u00f3 revuelo en las tribunas, y sus reemplazantes cargados en faltas, sufri\u00f3 da\u00f1o en la zona pintada. Diel estuvo intratable (11 en el 3C), Heinrich y Santiago acompa\u00f1aron para provocar este envi\u00f3n.<\/p>\n<p>Y en el final del partido, cuando Napost\u00e1 parec\u00eda tenerlo controlado, con el reloj y el tanteador jugando a su favor. Aparecieron Gim\u00e9nez con un bombazo (90-86), y Wilson con tres libres convertidos (90-89) tras una recuperaci\u00f3n a trav\u00e9s de la presi\u00f3n, llenaron de dudas al local. De Paoli recibi\u00f3 la falta con 5s por jugar. 1\/2 para el base en libres, y el rebote que cae en manos del visitante. Gim\u00e9nez se la da a Such, que lanza un triple desde la esquina con el tiempo justo, que qued\u00f3 corto, para el alivio y festejo del campe\u00f3n.<\/p>\n<p>Napost\u00e1 que con esta victoria, se mantiene en lo m\u00e1s alto de la tabla de Primera Divisi\u00f3n. Y Alem se va con las manos vac\u00edas tras un gran desgaste, plantandole cara y jugando de igual a igual ante el puntero, seguir\u00e1 luchando para salir del bloque bajo de la lista.<\/p>\n<div class=\"jeg_video_container jeg_video_content\"><iframe loading=\"lazy\" title=\"#Primera - Fecha #3: Napost\u00e1 91 - 89 Leandro N. Alem\" width=\"500\" height=\"281\" src=\"https:\/\/www.youtube.com\/embed\/bbmscDZTD9s?feature=oembed\" frameborder=\"0\" allow=\"accelerometer; autoplay; clipboard-write; encrypted-media; gyroscope; picture-in-picture; web-share\" referrerpolicy=\"strict-origin-when-cross-origin\" allowfullscreen><\/iframe><\/div>\n<p><img decoding=\"async\" class=\"alignnone size-medium wp-image-123225\" src=\"http:\/\/gentedebasquet.com.ar\/sitio\/wp-content\/uploads\/2026\/09\/clave-300x300.jpeg\" alt=\"\" width=\"300\" height=\"300\" srcset=\"https:\/\/gentedebasquet.com.ar\/sitio\/wp-content\/uploads\/2026\/09\/clave-300x300.jpeg 300w, https:\/\/gentedebasquet.com.ar\/sitio\/wp-content\/uploads\/2026\/09\/clave-1024x1024.jpeg 1024w, https:\/\/gentedebasquet.com.ar\/sitio\/wp-content\/uploads\/2026\/09\/clave-150x150.jpeg 150w, https:\/\/gentedebasquet.com.ar\/sitio\/wp-content\/uploads\/2026\/09\/clave-768x768.jpeg 768w, https:\/\/gentedebasquet.com.ar\/sitio\/wp-content\/uploads\/2026\/09\/clave-1536x1536.jpeg 1536w, https:\/\/gentedebasquet.com.ar\/sitio\/wp-content\/uploads\/2026\/09\/clave-75x75.jpeg 75w, https:\/\/gentedebasquet.com.ar\/sitio\/wp-content\/uploads\/2026\/09\/clave-350x350.jpeg 350w, https:\/\/gentedebasquet.com.ar\/sitio\/wp-content\/uploads\/2026\/09\/clave-750x750.jpeg 750w, https:\/\/gentedebasquet.com.ar\/sitio\/wp-content\/uploads\/2026\/09\/clave-1140x1140.jpeg 1140w, https:\/\/gentedebasquet.com.ar\/sitio\/wp-content\/uploads\/2026\/09\/clave.jpeg 1600w\" sizes=\"(max-width: 300px) 100vw, 300px\" \/><\/p>\n<p><img decoding=\"async\" class=\"alignnone size-medium wp-image-123226\" src=\"http:\/\/gentedebasquet.com.ar\/sitio\/wp-content\/uploads\/2026\/09\/diel-300x300.jpeg\" alt=\"\" width=\"300\" height=\"300\" srcset=\"https:\/\/gentedebasquet.com.ar\/sitio\/wp-content\/uploads\/2026\/09\/diel-300x300.jpeg 300w, https:\/\/gentedebasquet.com.ar\/sitio\/wp-content\/uploads\/2026\/09\/diel-1024x1024.jpeg 1024w, https:\/\/gentedebasquet.com.ar\/sitio\/wp-content\/uploads\/2026\/09\/diel-150x150.jpeg 150w, https:\/\/gentedebasquet.com.ar\/sitio\/wp-content\/uploads\/2026\/09\/diel-768x768.jpeg 768w, https:\/\/gentedebasquet.com.ar\/sitio\/wp-content\/uploads\/2026\/09\/diel-1536x1536.jpeg 1536w, https:\/\/gentedebasquet.com.ar\/sitio\/wp-content\/uploads\/2026\/09\/diel-75x75.jpeg 75w, https:\/\/gentedebasquet.com.ar\/sitio\/wp-content\/uploads\/2026\/09\/diel-350x350.jpeg 350w, https:\/\/gentedebasquet.com.ar\/sitio\/wp-content\/uploads\/2026\/09\/diel-750x750.jpeg 750w, https:\/\/gentedebasquet.com.ar\/sitio\/wp-content\/uploads\/2026\/09\/diel-1140x1140.jpeg 1140w, https:\/\/gentedebasquet.com.ar\/sitio\/wp-content\/uploads\/2026\/09\/diel.jpeg 1600w\" sizes=\"(max-width: 300px) 100vw, 300px\" \/><\/p>\n<p><img decoding=\"async\" class=\"alignnone size-medium wp-image-123227\" src=\"http:\/\/gentedebasquet.com.ar\/sitio\/wp-content\/uploads\/2026\/09\/diel-foto-169x300.jpeg\" alt=\"\" width=\"169\" height=\"300\" srcset=\"https:\/\/gentedebasquet.com.ar\/sitio\/wp-content\/uploads\/2026\/09\/diel-foto-169x300.jpeg 169w, https:\/\/gentedebasquet.com.ar\/sitio\/wp-content\/uploads\/2026\/09\/diel-foto-576x1024.jpeg 576w, https:\/\/gentedebasquet.com.ar\/sitio\/wp-content\/uploads\/2026\/09\/diel-foto-768x1365.jpeg 768w, https:\/\/gentedebasquet.com.ar\/sitio\/wp-content\/uploads\/2026\/09\/diel-foto-864x1536.jpeg 864w, https:\/\/gentedebasquet.com.ar\/sitio\/wp-content\/uploads\/2026\/09\/diel-foto-1152x2048.jpeg 1152w, https:\/\/gentedebasquet.com.ar\/sitio\/wp-content\/uploads\/2026\/09\/diel-foto-750x1333.jpeg 750w, https:\/\/gentedebasquet.com.ar\/sitio\/wp-content\/uploads\/2026\/09\/diel-foto-1140x2027.jpeg 1140w, https:\/\/gentedebasquet.com.ar\/sitio\/wp-content\/uploads\/2026\/09\/diel-foto-scaled.jpeg 1440w\" sizes=\"(max-width: 169px) 100vw, 169px\" \/><\/p>\n<blockquote><p>\u00abEl primer cuarto fue el que m\u00e1s nos cost\u00f3, creo yo, sacando el cierre que es algo at\u00edpico, el 1C nos cost\u00f3 mucho, hicimos muchas p\u00e9rdidas por querer jugar individualmente. Y en el resto del partido creo que pudimos tocar bien la pelota, cortar, buscar el tirador abierto y as\u00ed se fue abriendo. Sabemos que por m\u00e1s que el primer torneo fue bueno, este es uno nuevo, tenemos que ganar los mismos partidos que el anterior, nuestro objetivo es exactamente el mismo y la idea es no relajar, as\u00ed que vale un mont\u00f3n para nosotros la victoria de hoy.\u00bb, <strong>Marcos Diel, Napost\u00e1.\u00a0<\/strong><\/p><\/blockquote>\n<p><strong>S\u00edntesis \u2013 Primera Divisi\u00f3n \u2013 Fecha 3<\/strong><\/p>\n<p><strong>Napost\u00e1 91:<\/strong> Fausto Depaoli 12, Valent\u00edn Carrizo 16 (x), Leonel Alema\u00f1y 6 (x), Pedro Santiago 10, Marcos Diel 32 <strong>(FI);<\/strong> Nicol\u00e1s Guerrero 2, Felipe Germain 0, Tom\u00e1s Solis 2, Ramiro Heinrich 11. <strong>DT: Fabricio Piccinini.<\/strong><\/p>\n<p><strong>Alem 89:<\/strong> Franco Ruesga 16 (x), Nahuel Amaya 14, Jean Luc Wilson 19, Emilio Gim\u00e9nez 17, Eduardo Rios 9 (x) <strong>(FI);<\/strong> Valentino Scoppa 3 (x), Luis Herrera 8 (exp), Mat\u00edas Such 3, Kevin Gregoric 0, Paul Gregoric 0. <strong>DT: Hern\u00e1n Jasen.<\/strong><\/p>\n<p><strong>Parciales:\u00a0<\/strong>18-21, 40-38 (22-17), 68-60 (28-22), 91-89 (23-29).<\/p>\n<p><strong>\u00c1rbitros:<\/strong> Nestor Schernenco &#8211; Emanuel S\u00e1nchez &#8211; Joaqu\u00edn Irrazabal.<\/p>\n<p><strong>Estadio:<\/strong> Antonio Palma (Napost\u00e1).<\/p>\n<p><img decoding=\"async\" class=\"alignnone size-medium wp-image-123232\" src=\"http:\/\/gentedebasquet.com.ar\/sitio\/wp-content\/uploads\/2026\/09\/2-2-300x225.jpeg\" alt=\"\" width=\"300\" height=\"225\" srcset=\"https:\/\/gentedebasquet.com.ar\/sitio\/wp-content\/uploads\/2026\/09\/2-2-300x225.jpeg 300w, https:\/\/gentedebasquet.com.ar\/sitio\/wp-content\/uploads\/2026\/09\/2-2-1024x768.jpeg 1024w, https:\/\/gentedebasquet.com.ar\/sitio\/wp-content\/uploads\/2026\/09\/2-2-768x576.jpeg 768w, https:\/\/gentedebasquet.com.ar\/sitio\/wp-content\/uploads\/2026\/09\/2-2-1536x1152.jpeg 1536w, https:\/\/gentedebasquet.com.ar\/sitio\/wp-content\/uploads\/2026\/09\/2-2-2048x1536.jpeg 2048w, https:\/\/gentedebasquet.com.ar\/sitio\/wp-content\/uploads\/2026\/09\/2-2-750x563.jpeg 750w, https:\/\/gentedebasquet.com.ar\/sitio\/wp-content\/uploads\/2026\/09\/2-2-1140x855.jpeg 1140w\" sizes=\"(max-width: 300px) 100vw, 300px\" \/><\/p>\n","protected":false},"excerpt":{"rendered":"<p>Dur\u00edsimo y parejo partido fue el que se adue\u00f1\u00f3 Napost\u00e1 en la noche del mi\u00e9rcoles. Alem no vendi\u00f3 barato el partido, y en el final tuvo el tiro para quedarse con la victoria, que no fue efectivo. Diel fue el que llego a puntear el \u00faltimo tiro del visitante, y tambi\u00e9n la gran figura del [&hellip;]<\/p>\n","protected":false},"author":73,"featured_media":123233,"comment_status":"closed","ping_status":"open","sticky":false,"template":"","format":"standard","meta":{"jnews-multi-image_gallery":[],"jnews_single_post":[],"jnews_primary_category":[],"jnews_social_meta":[],"jnews_override_counter":[],"footnotes":""},"categories":[23,1,101],"tags":[3,1247,15],"class_list":["post-123217","post","type-post","status-publish","format-standard","has-post-thumbnail","hentry","category-primera","category-sin-categoria","category-slide","tag-alem","tag-marcos-diel","tag-naposta"],"yoast_head":"<!-- This site is optimized with the Yoast SEO plugin v28.4 - https:\/\/yoast.com\/product\/yoast-seo-wordpress\/ -->\n<title>El campe\u00f3n sac\u00f3 chapa y super\u00f3 a Alem - Gente de B\u00e1squet<\/title>\n<meta name=\"robots\" content=\"index, follow, max-snippet:-1, max-image-preview:large, max-video-preview:-1\" \/>\n<link rel=\"canonical\" href=\"https:\/\/gentedebasquet.com.ar\/sitio\/2026\/09\/03\/el-campeon-saco-chapa-y-supero-a-alem\/\" \/>\n<meta property=\"og:locale\" content=\"es_ES\" \/>\n<meta property=\"og:type\" content=\"article\" \/>\n<meta property=\"og:title\" content=\"El campe\u00f3n sac\u00f3 chapa y super\u00f3 a Alem - Gente de B\u00e1squet\" \/>\n<meta property=\"og:description\" content=\"Dur\u00edsimo y parejo partido fue el que se adue\u00f1\u00f3 Napost\u00e1 en la noche del mi\u00e9rcoles. Alem no vendi\u00f3 barato el partido, y en el final tuvo el tiro para quedarse con la victoria, que no fue efectivo. Diel fue el que llego a puntear el \u00faltimo tiro del visitante, y tambi\u00e9n la gran figura del [&hellip;]\" \/>\n<meta property=\"og:url\" content=\"https:\/\/gentedebasquet.com.ar\/sitio\/2026\/09\/03\/el-campeon-saco-chapa-y-supero-a-alem\/\" \/>\n<meta property=\"og:site_name\" content=\"Gente de B\u00e1squet\" \/>\n<meta property=\"article:published_time\" content=\"2026-09-03T05:35:06+00:00\" \/>\n<meta property=\"og:image\" content=\"http:\/\/gentedebasquet.com.ar\/sitio\/wp-content\/uploads\/2026\/09\/1-2-scaled.jpeg\" \/>\n\t<meta property=\"og:image:width\" content=\"2560\" \/>\n\t<meta property=\"og:image:height\" content=\"1920\" \/>\n\t<meta property=\"og:image:type\" content=\"image\/jpeg\" \/>\n<meta name=\"author\" content=\"Gino Obreque\" \/>\n<meta name=\"twitter:card\" content=\"summary_large_image\" \/>\n<meta name=\"twitter:label1\" content=\"Escrito por\" \/>\n\t<meta name=\"twitter:data1\" content=\"Gino Obreque\" \/>\n\t<meta name=\"twitter:label2\" content=\"Tiempo de lectura\" \/>\n\t<meta name=\"twitter:data2\" content=\"4 minutos\" \/>\n<script type=\"application\/ld+json\" class=\"yoast-schema-graph\">{\"@context\":\"https:\\\/\\\/schema.org\",\"@graph\":[{\"@type\":\"Article\",\"@id\":\"https:\\\/\\\/gentedebasquet.com.ar\\\/sitio\\\/2026\\\/09\\\/03\\\/el-campeon-saco-chapa-y-supero-a-alem\\\/#article\",\"isPartOf\":{\"@id\":\"https:\\\/\\\/gentedebasquet.com.ar\\\/sitio\\\/2026\\\/09\\\/03\\\/el-campeon-saco-chapa-y-supero-a-alem\\\/\"},\"author\":{\"name\":\"Gino Obreque\",\"@id\":\"https:\\\/\\\/gentedebasquet.com.ar\\\/sitio\\\/#\\\/schema\\\/person\\\/ec611877fbade763305213b4f43ad26e\"},\"headline\":\"El campe\u00f3n sac\u00f3 chapa y super\u00f3 a Alem\",\"datePublished\":\"2026-09-03T05:35:06+00:00\",\"mainEntityOfPage\":{\"@id\":\"https:\\\/\\\/gentedebasquet.com.ar\\\/sitio\\\/2026\\\/09\\\/03\\\/el-campeon-saco-chapa-y-supero-a-alem\\\/\"},\"wordCount\":634,\"image\":{\"@id\":\"https:\\\/\\\/gentedebasquet.com.ar\\\/sitio\\\/2026\\\/09\\\/03\\\/el-campeon-saco-chapa-y-supero-a-alem\\\/#primaryimage\"},\"thumbnailUrl\":\"https:\\\/\\\/gentedebasquet.com.ar\\\/sitio\\\/wp-content\\\/uploads\\\/2026\\\/09\\\/1-2-scaled.jpeg\",\"keywords\":[\"Alem\",\"Marcos Diel\",\"Naposta\"],\"articleSection\":{\"0\":\"Primera\",\"2\":\"Slide\"},\"inLanguage\":\"es\"},{\"@type\":\"WebPage\",\"@id\":\"https:\\\/\\\/gentedebasquet.com.ar\\\/sitio\\\/2026\\\/09\\\/03\\\/el-campeon-saco-chapa-y-supero-a-alem\\\/\",\"url\":\"https:\\\/\\\/gentedebasquet.com.ar\\\/sitio\\\/2026\\\/09\\\/03\\\/el-campeon-saco-chapa-y-supero-a-alem\\\/\",\"name\":\"El campe\u00f3n sac\u00f3 chapa y super\u00f3 a Alem - Gente de B\u00e1squet\",\"isPartOf\":{\"@id\":\"https:\\\/\\\/gentedebasquet.com.ar\\\/sitio\\\/#website\"},\"primaryImageOfPage\":{\"@id\":\"https:\\\/\\\/gentedebasquet.com.ar\\\/sitio\\\/2026\\\/09\\\/03\\\/el-campeon-saco-chapa-y-supero-a-alem\\\/#primaryimage\"},\"image\":{\"@id\":\"https:\\\/\\\/gentedebasquet.com.ar\\\/sitio\\\/2026\\\/09\\\/03\\\/el-campeon-saco-chapa-y-supero-a-alem\\\/#primaryimage\"},\"thumbnailUrl\":\"https:\\\/\\\/gentedebasquet.com.ar\\\/sitio\\\/wp-content\\\/uploads\\\/2026\\\/09\\\/1-2-scaled.jpeg\",\"datePublished\":\"2026-09-03T05:35:06+00:00\",\"author\":{\"@id\":\"https:\\\/\\\/gentedebasquet.com.ar\\\/sitio\\\/#\\\/schema\\\/person\\\/ec611877fbade763305213b4f43ad26e\"},\"breadcrumb\":{\"@id\":\"https:\\\/\\\/gentedebasquet.com.ar\\\/sitio\\\/2026\\\/09\\\/03\\\/el-campeon-saco-chapa-y-supero-a-alem\\\/#breadcrumb\"},\"inLanguage\":\"es\",\"potentialAction\":[{\"@type\":\"ReadAction\",\"target\":[\"https:\\\/\\\/gentedebasquet.com.ar\\\/sitio\\\/2026\\\/09\\\/03\\\/el-campeon-saco-chapa-y-supero-a-alem\\\/\"]}]},{\"@type\":\"ImageObject\",\"inLanguage\":\"es\",\"@id\":\"https:\\\/\\\/gentedebasquet.com.ar\\\/sitio\\\/2026\\\/09\\\/03\\\/el-campeon-saco-chapa-y-supero-a-alem\\\/#primaryimage\",\"url\":\"https:\\\/\\\/gentedebasquet.com.ar\\\/sitio\\\/wp-content\\\/uploads\\\/2026\\\/09\\\/1-2-scaled.jpeg\",\"contentUrl\":\"https:\\\/\\\/gentedebasquet.com.ar\\\/sitio\\\/wp-content\\\/uploads\\\/2026\\\/09\\\/1-2-scaled.jpeg\",\"width\":2560,\"height\":1920},{\"@type\":\"BreadcrumbList\",\"@id\":\"https:\\\/\\\/gentedebasquet.com.ar\\\/sitio\\\/2026\\\/09\\\/03\\\/el-campeon-saco-chapa-y-supero-a-alem\\\/#breadcrumb\",\"itemListElement\":[{\"@type\":\"ListItem\",\"position\":1,\"name\":\"Portada\",\"item\":\"https:\\\/\\\/gentedebasquet.com.ar\\\/sitio\\\/\"},{\"@type\":\"ListItem\",\"position\":2,\"name\":\"El campe\u00f3n sac\u00f3 chapa y super\u00f3 a Alem\"}]},{\"@type\":\"WebSite\",\"@id\":\"https:\\\/\\\/gentedebasquet.com.ar\\\/sitio\\\/#website\",\"url\":\"https:\\\/\\\/gentedebasquet.com.ar\\\/sitio\\\/\",\"name\":\"Gente de B\u00e1squet\",\"description\":\"La revista del basquet de Bah\u00eda Blanca\",\"potentialAction\":[{\"@type\":\"SearchAction\",\"target\":{\"@type\":\"EntryPoint\",\"urlTemplate\":\"https:\\\/\\\/gentedebasquet.com.ar\\\/sitio\\\/?s={search_term_string}\"},\"query-input\":{\"@type\":\"PropertyValueSpecification\",\"valueRequired\":true,\"valueName\":\"search_term_string\"}}],\"inLanguage\":\"es\"},{\"@type\":\"Person\",\"@id\":\"https:\\\/\\\/gentedebasquet.com.ar\\\/sitio\\\/#\\\/schema\\\/person\\\/ec611877fbade763305213b4f43ad26e\",\"name\":\"Gino Obreque\",\"image\":{\"@type\":\"ImageObject\",\"inLanguage\":\"es\",\"@id\":\"https:\\\/\\\/secure.gravatar.com\\\/avatar\\\/4171da1496c053bf5a00c8a2437cb9e85f00db02da37282c5910726b443c716f?s=96&d=mm&r=g\",\"url\":\"https:\\\/\\\/secure.gravatar.com\\\/avatar\\\/4171da1496c053bf5a00c8a2437cb9e85f00db02da37282c5910726b443c716f?s=96&d=mm&r=g\",\"contentUrl\":\"https:\\\/\\\/secure.gravatar.com\\\/avatar\\\/4171da1496c053bf5a00c8a2437cb9e85f00db02da37282c5910726b443c716f?s=96&d=mm&r=g\",\"caption\":\"Gino Obreque\"},\"url\":\"https:\\\/\\\/gentedebasquet.com.ar\\\/sitio\\\/author\\\/gino-obreque\\\/\"}]}<\/script>\n<!-- \/ Yoast SEO plugin. -->","yoast_head_json":{"title":"El campe\u00f3n sac\u00f3 chapa y super\u00f3 a Alem - Gente de B\u00e1squet","robots":{"index":"index","follow":"follow","max-snippet":"max-snippet:-1","max-image-preview":"max-image-preview:large","max-video-preview":"max-video-preview:-1"},"canonical":"https:\/\/gentedebasquet.com.ar\/sitio\/2026\/09\/03\/el-campeon-saco-chapa-y-supero-a-alem\/","og_locale":"es_ES","og_type":"article","og_title":"El campe\u00f3n sac\u00f3 chapa y super\u00f3 a Alem - Gente de B\u00e1squet","og_description":"Dur\u00edsimo y parejo partido fue el que se adue\u00f1\u00f3 Napost\u00e1 en la noche del mi\u00e9rcoles. Alem no vendi\u00f3 barato el partido, y en el final tuvo el tiro para quedarse con la victoria, que no fue efectivo. Diel fue el que llego a puntear el \u00faltimo tiro del visitante, y tambi\u00e9n la gran figura del [&hellip;]","og_url":"https:\/\/gentedebasquet.com.ar\/sitio\/2026\/09\/03\/el-campeon-saco-chapa-y-supero-a-alem\/","og_site_name":"Gente de B\u00e1squet","article_published_time":"2026-09-03T05:35:06+00:00","og_image":[{"width":2560,"height":1920,"url":"http:\/\/gentedebasquet.com.ar\/sitio\/wp-content\/uploads\/2026\/09\/1-2-scaled.jpeg","type":"image\/jpeg"}],"author":"Gino Obreque","twitter_card":"summary_large_image","twitter_misc":{"Escrito por":"Gino Obreque","Tiempo de lectura":"4 minutos"},"schema":{"@context":"https:\/\/schema.org","@graph":[{"@type":"Article","@id":"https:\/\/gentedebasquet.com.ar\/sitio\/2026\/09\/03\/el-campeon-saco-chapa-y-supero-a-alem\/#article","isPartOf":{"@id":"https:\/\/gentedebasquet.com.ar\/sitio\/2026\/09\/03\/el-campeon-saco-chapa-y-supero-a-alem\/"},"author":{"name":"Gino Obreque","@id":"https:\/\/gentedebasquet.com.ar\/sitio\/#\/schema\/person\/ec611877fbade763305213b4f43ad26e"},"headline":"El campe\u00f3n sac\u00f3 chapa y super\u00f3 a Alem","datePublished":"2026-09-03T05:35:06+00:00","mainEntityOfPage":{"@id":"https:\/\/gentedebasquet.com.ar\/sitio\/2026\/09\/03\/el-campeon-saco-chapa-y-supero-a-alem\/"},"wordCount":634,"image":{"@id":"https:\/\/gentedebasquet.com.ar\/sitio\/2026\/09\/03\/el-campeon-saco-chapa-y-supero-a-alem\/#primaryimage"},"thumbnailUrl":"https:\/\/gentedebasquet.com.ar\/sitio\/wp-content\/uploads\/2026\/09\/1-2-scaled.jpeg","keywords":["Alem","Marcos Diel","Naposta"],"articleSection":{"0":"Primera","2":"Slide"},"inLanguage":"es"},{"@type":"WebPage","@id":"https:\/\/gentedebasquet.com.ar\/sitio\/2026\/09\/03\/el-campeon-saco-chapa-y-supero-a-alem\/","url":"https:\/\/gentedebasquet.com.ar\/sitio\/2026\/09\/03\/el-campeon-saco-chapa-y-supero-a-alem\/","name":"El campe\u00f3n sac\u00f3 chapa y super\u00f3 a Alem - Gente de B\u00e1squet","isPartOf":{"@id":"https:\/\/gentedebasquet.com.ar\/sitio\/#website"},"primaryImageOfPage":{"@id":"https:\/\/gentedebasquet.com.ar\/sitio\/2026\/09\/03\/el-campeon-saco-chapa-y-supero-a-alem\/#primaryimage"},"image":{"@id":"https:\/\/gentedebasquet.com.ar\/sitio\/2026\/09\/03\/el-campeon-saco-chapa-y-supero-a-alem\/#primaryimage"},"thumbnailUrl":"https:\/\/gentedebasquet.com.ar\/sitio\/wp-content\/uploads\/2026\/09\/1-2-scaled.jpeg","datePublished":"2026-09-03T05:35:06+00:00","author":{"@id":"https:\/\/gentedebasquet.com.ar\/sitio\/#\/schema\/person\/ec611877fbade763305213b4f43ad26e"},"breadcrumb":{"@id":"https:\/\/gentedebasquet.com.ar\/sitio\/2026\/09\/03\/el-campeon-saco-chapa-y-supero-a-alem\/#breadcrumb"},"inLanguage":"es","potentialAction":[{"@type":"ReadAction","target":["https:\/\/gentedebasquet.com.ar\/sitio\/2026\/09\/03\/el-campeon-saco-chapa-y-supero-a-alem\/"]}]},{"@type":"ImageObject","inLanguage":"es","@id":"https:\/\/gentedebasquet.com.ar\/sitio\/2026\/09\/03\/el-campeon-saco-chapa-y-supero-a-alem\/#primaryimage","url":"https:\/\/gentedebasquet.com.ar\/sitio\/wp-content\/uploads\/2026\/09\/1-2-scaled.jpeg","contentUrl":"https:\/\/gentedebasquet.com.ar\/sitio\/wp-content\/uploads\/2026\/09\/1-2-scaled.jpeg","width":2560,"height":1920},{"@type":"BreadcrumbList","@id":"https:\/\/gentedebasquet.com.ar\/sitio\/2026\/09\/03\/el-campeon-saco-chapa-y-supero-a-alem\/#breadcrumb","itemListElement":[{"@type":"ListItem","position":1,"name":"Portada","item":"https:\/\/gentedebasquet.com.ar\/sitio\/"},{"@type":"ListItem","position":2,"name":"El campe\u00f3n sac\u00f3 chapa y super\u00f3 a Alem"}]},{"@type":"WebSite","@id":"https:\/\/gentedebasquet.com.ar\/sitio\/#website","url":"https:\/\/gentedebasquet.com.ar\/sitio\/","name":"Gente de B\u00e1squet","description":"La revista del basquet de Bah\u00eda Blanca","potentialAction":[{"@type":"SearchAction","target":{"@type":"EntryPoint","urlTemplate":"https:\/\/gentedebasquet.com.ar\/sitio\/?s={search_term_string}"},"query-input":{"@type":"PropertyValueSpecification","valueRequired":true,"valueName":"search_term_string"}}],"inLanguage":"es"},{"@type":"Person","@id":"https:\/\/gentedebasquet.com.ar\/sitio\/#\/schema\/person\/ec611877fbade763305213b4f43ad26e","name":"Gino Obreque","image":{"@type":"ImageObject","inLanguage":"es","@id":"https:\/\/secure.gravatar.com\/avatar\/4171da1496c053bf5a00c8a2437cb9e85f00db02da37282c5910726b443c716f?s=96&d=mm&r=g","url":"https:\/\/secure.gravatar.com\/avatar\/4171da1496c053bf5a00c8a2437cb9e85f00db02da37282c5910726b443c716f?s=96&d=mm&r=g","contentUrl":"https:\/\/secure.gravatar.com\/avatar\/4171da1496c053bf5a00c8a2437cb9e85f00db02da37282c5910726b443c716f?s=96&d=mm&r=g","caption":"Gino Obreque"},"url":"https:\/\/gentedebasquet.com.ar\/sitio\/author\/gino-obreque\/"}]}},"_links":{"self":[{"href":"https:\/\/gentedebasquet.com.ar\/sitio\/wp-json\/wp\/v2\/posts\/123217","targetHints":{"allow":["GET"]}}],"collection":[{"href":"https:\/\/gentedebasquet.com.ar\/sitio\/wp-json\/wp\/v2\/posts"}],"about":[{"href":"https:\/\/gentedebasquet.com.ar\/sitio\/wp-json\/wp\/v2\/types\/post"}],"author":[{"embeddable":true,"href":"https:\/\/gentedebasquet.com.ar\/sitio\/wp-json\/wp\/v2\/users\/73"}],"replies":[{"embeddable":true,"href":"https:\/\/gentedebasquet.com.ar\/sitio\/wp-json\/wp\/v2\/comments?post=123217"}],"version-history":[{"count":1,"href":"https:\/\/gentedebasquet.com.ar\/sitio\/wp-json\/wp\/v2\/posts\/123217\/revisions"}],"predecessor-version":[{"id":123234,"href":"https:\/\/gentedebasquet.com.ar\/sitio\/wp-json\/wp\/v2\/posts\/123217\/revisions\/123234"}],"wp:featuredmedia":[{"embeddable":true,"href":"https:\/\/gentedebasquet.com.ar\/sitio\/wp-json\/wp\/v2\/media\/123233"}],"wp:attachment":[{"href":"https:\/\/gentedebasquet.com.ar\/sitio\/wp-json\/wp\/v2\/media?parent=123217"}],"wp:term":[{"taxonomy":"category","embeddable":true,"href":"https:\/\/gentedebasquet.com.ar\/sitio\/wp-json\/wp\/v2\/categories?post=123217"},{"taxonomy":"post_tag","embeddable":true,"href":"https:\/\/gentedebasquet.com.ar\/sitio\/wp-json\/wp\/v2\/tags?post=123217"}],"curies":[{"name":"wp","href":"https:\/\/api.w.org\/{rel}","templated":true}]}}