{"id":123274,"date":"2026-09-03T23:58:34","date_gmt":"2026-09-03T21:58:34","guid":{"rendered":"https:\/\/gentedebasquet.com.ar\/sitio\/?p=123274"},"modified":"2026-09-04T06:31:37","modified_gmt":"2026-09-04T04:31:37","slug":"encendido-pueyrredon","status":"publish","type":"post","link":"https:\/\/gentedebasquet.com.ar\/sitio\/2026\/09\/03\/encendido-pueyrredon\/","title":{"rendered":"Encendido Pueyrred\u00f3n"},"content":{"rendered":"<p><strong>En el Vicente Palermo, el local venci\u00f3 a Villa Mitre por 77 a 74 por la fecha tres del torneo de Primera.<\/strong><\/p>\n<p><strong>En un partido largo, friccionado y de ventajas m\u00ednimas, Purre logr\u00f3 un mejor cierre, sin antes no sufrir.<\/strong><\/p>\n<p><strong>A falta de 11s5 Villa Mitre cont\u00f3 con el tiro externo de Blanco para empatar el juego, pero no logr\u00f3 convertir (76-73).<\/strong><\/p>\n<p><strong>En la pelea por el rebote Bollo recibi\u00f3 falta, Javier anot\u00f3 el primero y tir\u00f3 a errar el segundo para una \u00faltima chance, pero Echarri asegur\u00f3 el rebote y sentenci\u00f3 en la l\u00ednea el partido. <\/strong><\/p>\n<p><strong>El equipo de Ugolini tuvo como goleador a Manuel Echarri con 21 puntos; seguido de Renzi (14) y Ruiz (10); en la visita hubo 25 de Bollo y 16 de Alem.<\/strong><\/p>\n<p>Fue un primer tiempo equilibrado y de bajo goleo. Interrumpido por un corte de luz y cuando se jug\u00f3, tampoco fluyo.<\/p>\n<p>Con innumerables cambios de liderazgo, no lograron ventajas amplias.<\/p>\n<p>Villa Mitre fue intenso en defensa, cort\u00f3 l\u00ednea de pase y enred\u00f3 a Pueyrred\u00f3n en ofensiva, que se apoy\u00f3 en su tiro externo para sostener su goleo.<\/p>\n<p>Adelante, el visitante busc\u00f3 ventajas cerca del cesto y mayor movilidad, con un bajo porcentaje en triples.<\/p>\n<p>Ambos sumaron mucho de la l\u00ednea, en un juego de m\u00e1s de 50 faltas.<\/p>\n<p>El local con seis triples y ocho libres; la visita con nueve libres y solo un triple anotado en diez intentos, para sus 32 puntos cada uno.<\/p>\n<p>La din\u00e1mica no vari\u00f3 en el complemento, el tercero mantuvo el juego friccionado.<\/p>\n<p>En Villa Mitre Boll\u00f3 carg\u00f3 a sus internos rivales y sumo en la l\u00ednea, por su parte una racha final de segmento con triples consecutivos, le permiti\u00f3 al local llevarse el cuarto 21 a 15 (53-47).<\/p>\n<p>Creci\u00f3 Alem en el juego visitante y con 5m11, empat\u00f3 el partido en 67. Tras un doble convertido de Pueyrred\u00f3n, el segundo apag\u00f3n de la noche.<\/p>\n<p>Tras unos pocos minutos volvi\u00f3 la luz y con ello, Purre anot\u00f3 de larga distancia y tom\u00f3 ventaja de cinco (72-67) a falta de 3m30.<\/p>\n<p>Con 17s5, Blanco anot\u00f3 en ataque r\u00e1pido y baj\u00f3 la diferencia a una posesi\u00f3n (74-71). En lo siguiente, el local anot\u00f3 uno de dos en la l\u00ednea (Agullo), Bollo convirti\u00f3 cerca del cesto y Renzi, repiti\u00f3 efectividad en los libres (76-73).<\/p>\n<p>Pueyrred\u00f3n esquivo el ultimo intento de tres de Villa Mitre y se llev\u00f3 el triunfo.<\/p>\n<div class=\"jeg_video_container jeg_video_content\"><iframe loading=\"lazy\" title=\"#Primera - Fecha #3: Pueyrred\u00f3n 77-74 Villa Mitre\" width=\"500\" height=\"281\" src=\"https:\/\/www.youtube.com\/embed\/TtLaf5UEzfo?feature=oembed\" frameborder=\"0\" allow=\"accelerometer; autoplay; clipboard-write; encrypted-media; gyroscope; picture-in-picture; web-share\" referrerpolicy=\"strict-origin-when-cross-origin\" allowfullscreen><\/iframe><\/div>\n<p><img decoding=\"async\" class=\"alignnone size-medium wp-image-123280\" src=\"http:\/\/gentedebasquet.com.ar\/sitio\/wp-content\/uploads\/2026\/09\/MVP-1-300x300.jpg\" alt=\"\" width=\"300\" height=\"300\" srcset=\"https:\/\/gentedebasquet.com.ar\/sitio\/wp-content\/uploads\/2026\/09\/MVP-1-300x300.jpg 300w, https:\/\/gentedebasquet.com.ar\/sitio\/wp-content\/uploads\/2026\/09\/MVP-1-1024x1024.jpg 1024w, https:\/\/gentedebasquet.com.ar\/sitio\/wp-content\/uploads\/2026\/09\/MVP-1-150x150.jpg 150w, https:\/\/gentedebasquet.com.ar\/sitio\/wp-content\/uploads\/2026\/09\/MVP-1-768x768.jpg 768w, https:\/\/gentedebasquet.com.ar\/sitio\/wp-content\/uploads\/2026\/09\/MVP-1-1536x1536.jpg 1536w, https:\/\/gentedebasquet.com.ar\/sitio\/wp-content\/uploads\/2026\/09\/MVP-1-75x75.jpg 75w, https:\/\/gentedebasquet.com.ar\/sitio\/wp-content\/uploads\/2026\/09\/MVP-1-350x350.jpg 350w, https:\/\/gentedebasquet.com.ar\/sitio\/wp-content\/uploads\/2026\/09\/MVP-1-750x750.jpg 750w, https:\/\/gentedebasquet.com.ar\/sitio\/wp-content\/uploads\/2026\/09\/MVP-1-1140x1140.jpg 1140w, https:\/\/gentedebasquet.com.ar\/sitio\/wp-content\/uploads\/2026\/09\/MVP-1.jpg 2000w\" sizes=\"(max-width: 300px) 100vw, 300px\" \/><\/p>\n<p><img decoding=\"async\" class=\"alignnone size-medium wp-image-123281\" src=\"http:\/\/gentedebasquet.com.ar\/sitio\/wp-content\/uploads\/2026\/09\/Echarri-300x212.jpg\" alt=\"\" width=\"300\" height=\"212\" srcset=\"https:\/\/gentedebasquet.com.ar\/sitio\/wp-content\/uploads\/2026\/09\/Echarri-300x212.jpg 300w, https:\/\/gentedebasquet.com.ar\/sitio\/wp-content\/uploads\/2026\/09\/Echarri-120x86.jpg 120w, https:\/\/gentedebasquet.com.ar\/sitio\/wp-content\/uploads\/2026\/09\/Echarri.jpg 680w\" sizes=\"(max-width: 300px) 100vw, 300px\" \/><\/p>\n<p><em>\u201cHicimos un gran esfuerzo, ven\u00edamos de un golpe y usamos esa bronca para hoy llevarnos el partido. El cierre no terminaba m\u00e1s, fue largo y sabemos que se define con detalles. Ellos son un equipo fuerte f\u00edsico y mental y esta victoria, nos viene bien para lo que viene\u201d Manuel Echarri (Pueyrred\u00f3n)<\/em><\/p>\n<p><img decoding=\"async\" class=\"alignnone size-medium wp-image-123283\" src=\"http:\/\/gentedebasquet.com.ar\/sitio\/wp-content\/uploads\/2026\/09\/680-300x212.jpg\" alt=\"\" width=\"300\" height=\"212\" srcset=\"https:\/\/gentedebasquet.com.ar\/sitio\/wp-content\/uploads\/2026\/09\/680-300x212.jpg 300w, https:\/\/gentedebasquet.com.ar\/sitio\/wp-content\/uploads\/2026\/09\/680-120x86.jpg 120w, https:\/\/gentedebasquet.com.ar\/sitio\/wp-content\/uploads\/2026\/09\/680.jpg 680w\" sizes=\"(max-width: 300px) 100vw, 300px\" \/><\/p>\n<p><strong>S\u00edntesis<\/strong> &#8211; Primera Divisi\u00f3n &#8211; Fecha #3<\/p>\n<p><strong>Pueyrred\u00f3n 77<\/strong>: Fernando Alfonso 6, Gonzalo Sagasti 9, Nahuel Dulsan 1, Nicolas Renzi 14, Francisco Ruiz 10 (x) (FI); Dami\u00e1n Carci 0, Alejo Agullo 7, Pedro P\u00e9rez Pav\u00f3n 0, Lucio Baeza 8, Manuel Echarri 21, Genaro Pisani 1. DT: Ariel Ugolini.<\/p>\n<p><strong>Villa Mitre 74<\/strong>:\u00a0 Segundo Alimenti 10, Lautaro Cavero 2, Franco Amigo 2, Javier Bollo 25, Emiliano Sombra 8 (FI); Ignacio Alem 16, Lionel Gomez Lepez 0, Sebasti\u00e1n Basualdo 0, Martin Beruatto 2, Alejo Blanco 4, Joaqu\u00edn Jasen 5. DT: Emiliano Men\u00e9ndez.<\/p>\n<p><strong>Parciales:<\/strong> 19-20, 32-32 (13-12), 53-47 (21-15), 77-74 (24-27).<\/p>\n<p><strong>\u00c1rbitros<\/strong>: Eduardo Ferreyra &#8211; Marcelo Gordillo &#8211; Juan Jaramillo.<\/p>\n<p><strong>Estadio:<\/strong> Vicente Palermo (Pueyrred\u00f3n)<\/p>\n<p><strong>Fotos:<\/strong> Santiago Guerrero, prensa de Pueyrred\u00f3n.<\/p>\n<p><img decoding=\"async\" class=\"alignnone size-medium wp-image-123284\" src=\"http:\/\/gentedebasquet.com.ar\/sitio\/wp-content\/uploads\/2026\/09\/CLAVE-300x300.jpg\" alt=\"\" width=\"300\" height=\"300\" srcset=\"https:\/\/gentedebasquet.com.ar\/sitio\/wp-content\/uploads\/2026\/09\/CLAVE-300x300.jpg 300w, https:\/\/gentedebasquet.com.ar\/sitio\/wp-content\/uploads\/2026\/09\/CLAVE-1024x1024.jpg 1024w, https:\/\/gentedebasquet.com.ar\/sitio\/wp-content\/uploads\/2026\/09\/CLAVE-150x150.jpg 150w, https:\/\/gentedebasquet.com.ar\/sitio\/wp-content\/uploads\/2026\/09\/CLAVE-768x768.jpg 768w, https:\/\/gentedebasquet.com.ar\/sitio\/wp-content\/uploads\/2026\/09\/CLAVE-1536x1536.jpg 1536w, https:\/\/gentedebasquet.com.ar\/sitio\/wp-content\/uploads\/2026\/09\/CLAVE-75x75.jpg 75w, https:\/\/gentedebasquet.com.ar\/sitio\/wp-content\/uploads\/2026\/09\/CLAVE-350x350.jpg 350w, https:\/\/gentedebasquet.com.ar\/sitio\/wp-content\/uploads\/2026\/09\/CLAVE-750x750.jpg 750w, https:\/\/gentedebasquet.com.ar\/sitio\/wp-content\/uploads\/2026\/09\/CLAVE-1140x1140.jpg 1140w, https:\/\/gentedebasquet.com.ar\/sitio\/wp-content\/uploads\/2026\/09\/CLAVE.jpg 2000w\" sizes=\"(max-width: 300px) 100vw, 300px\" \/><\/p>\n<p><img decoding=\"async\" class=\"alignnone size-medium wp-image-123285\" src=\"http:\/\/gentedebasquet.com.ar\/sitio\/wp-content\/uploads\/2026\/09\/681-300x212.jpg\" alt=\"\" width=\"300\" height=\"212\" srcset=\"https:\/\/gentedebasquet.com.ar\/sitio\/wp-content\/uploads\/2026\/09\/681-300x212.jpg 300w, https:\/\/gentedebasquet.com.ar\/sitio\/wp-content\/uploads\/2026\/09\/681-120x86.jpg 120w, https:\/\/gentedebasquet.com.ar\/sitio\/wp-content\/uploads\/2026\/09\/681.jpg 680w\" sizes=\"(max-width: 300px) 100vw, 300px\" \/><\/p>\n<p>&nbsp;<\/p>\n","protected":false},"excerpt":{"rendered":"<p>En el Vicente Palermo, el local venci\u00f3 a Villa Mitre por 77 a 74 por la fecha tres del torneo de Primera. En un partido largo, friccionado y de ventajas m\u00ednimas, Purre logr\u00f3 un mejor cierre, sin antes no sufrir. A falta de 11s5 Villa Mitre cont\u00f3 con el tiro externo de Blanco para empatar [&hellip;]<\/p>\n","protected":false},"author":47,"featured_media":123286,"comment_status":"closed","ping_status":"open","sticky":false,"template":"","format":"standard","meta":{"jnews-multi-image_gallery":[],"jnews_single_post":[],"jnews_primary_category":[],"jnews_social_meta":[],"jnews_override_counter":[],"footnotes":""},"categories":[23,101],"tags":[18,22],"class_list":["post-123274","post","type-post","status-publish","format-standard","has-post-thumbnail","hentry","category-primera","category-slide","tag-pueyrredon","tag-villa-mitre"],"yoast_head":"<!-- This site is optimized with the Yoast SEO plugin v28.4 - https:\/\/yoast.com\/product\/yoast-seo-wordpress\/ -->\n<title>Encendido Pueyrred\u00f3n - Gente de B\u00e1squet<\/title>\n<meta name=\"robots\" content=\"index, follow, max-snippet:-1, max-image-preview:large, max-video-preview:-1\" \/>\n<link rel=\"canonical\" href=\"https:\/\/gentedebasquet.com.ar\/sitio\/2026\/09\/03\/encendido-pueyrredon\/\" \/>\n<meta property=\"og:locale\" content=\"es_ES\" \/>\n<meta property=\"og:type\" content=\"article\" \/>\n<meta property=\"og:title\" content=\"Encendido Pueyrred\u00f3n - Gente de B\u00e1squet\" \/>\n<meta property=\"og:description\" content=\"En el Vicente Palermo, el local venci\u00f3 a Villa Mitre por 77 a 74 por la fecha tres del torneo de Primera. En un partido largo, friccionado y de ventajas m\u00ednimas, Purre logr\u00f3 un mejor cierre, sin antes no sufrir. A falta de 11s5 Villa Mitre cont\u00f3 con el tiro externo de Blanco para empatar [&hellip;]\" \/>\n<meta property=\"og:url\" content=\"https:\/\/gentedebasquet.com.ar\/sitio\/2026\/09\/03\/encendido-pueyrredon\/\" \/>\n<meta property=\"og:site_name\" content=\"Gente de B\u00e1squet\" \/>\n<meta property=\"article:published_time\" content=\"2026-09-03T21:58:34+00:00\" \/>\n<meta property=\"article:modified_time\" content=\"2026-09-04T04:31:37+00:00\" \/>\n<meta property=\"og:image\" content=\"http:\/\/gentedebasquet.com.ar\/sitio\/wp-content\/uploads\/2026\/09\/690.jpg\" \/>\n\t<meta property=\"og:image:width\" content=\"690\" \/>\n\t<meta property=\"og:image:height\" content=\"319\" \/>\n\t<meta property=\"og:image:type\" content=\"image\/jpeg\" \/>\n<meta name=\"author\" content=\"Franco Crivellini\" \/>\n<meta name=\"twitter:card\" content=\"summary_large_image\" \/>\n<meta name=\"twitter:label1\" content=\"Escrito por\" \/>\n\t<meta name=\"twitter:data1\" content=\"Franco Crivellini\" \/>\n\t<meta name=\"twitter:label2\" content=\"Tiempo de lectura\" \/>\n\t<meta name=\"twitter:data2\" content=\"4 minutos\" \/>\n<script type=\"application\/ld+json\" class=\"yoast-schema-graph\">{\"@context\":\"https:\\\/\\\/schema.org\",\"@graph\":[{\"@type\":\"Article\",\"@id\":\"https:\\\/\\\/gentedebasquet.com.ar\\\/sitio\\\/2026\\\/09\\\/03\\\/encendido-pueyrredon\\\/#article\",\"isPartOf\":{\"@id\":\"https:\\\/\\\/gentedebasquet.com.ar\\\/sitio\\\/2026\\\/09\\\/03\\\/encendido-pueyrredon\\\/\"},\"author\":{\"name\":\"Franco Crivellini\",\"@id\":\"http:\\\/\\\/gentedebasquet.com.ar\\\/sitio\\\/#\\\/schema\\\/person\\\/8aab22e4df61e089287228bd32bccc28\"},\"headline\":\"Encendido Pueyrred\u00f3n\",\"datePublished\":\"2026-09-03T21:58:34+00:00\",\"dateModified\":\"2026-09-04T04:31:37+00:00\",\"mainEntityOfPage\":{\"@id\":\"https:\\\/\\\/gentedebasquet.com.ar\\\/sitio\\\/2026\\\/09\\\/03\\\/encendido-pueyrredon\\\/\"},\"wordCount\":571,\"image\":{\"@id\":\"https:\\\/\\\/gentedebasquet.com.ar\\\/sitio\\\/2026\\\/09\\\/03\\\/encendido-pueyrredon\\\/#primaryimage\"},\"thumbnailUrl\":\"https:\\\/\\\/gentedebasquet.com.ar\\\/sitio\\\/wp-content\\\/uploads\\\/2026\\\/09\\\/690.jpg\",\"keywords\":[\"Pueyrredon\",\"Villa Mitre\"],\"articleSection\":[\"Primera\",\"Slide\"],\"inLanguage\":\"es\"},{\"@type\":\"WebPage\",\"@id\":\"https:\\\/\\\/gentedebasquet.com.ar\\\/sitio\\\/2026\\\/09\\\/03\\\/encendido-pueyrredon\\\/\",\"url\":\"https:\\\/\\\/gentedebasquet.com.ar\\\/sitio\\\/2026\\\/09\\\/03\\\/encendido-pueyrredon\\\/\",\"name\":\"Encendido Pueyrred\u00f3n - Gente de B\u00e1squet\",\"isPartOf\":{\"@id\":\"http:\\\/\\\/gentedebasquet.com.ar\\\/sitio\\\/#website\"},\"primaryImageOfPage\":{\"@id\":\"https:\\\/\\\/gentedebasquet.com.ar\\\/sitio\\\/2026\\\/09\\\/03\\\/encendido-pueyrredon\\\/#primaryimage\"},\"image\":{\"@id\":\"https:\\\/\\\/gentedebasquet.com.ar\\\/sitio\\\/2026\\\/09\\\/03\\\/encendido-pueyrredon\\\/#primaryimage\"},\"thumbnailUrl\":\"https:\\\/\\\/gentedebasquet.com.ar\\\/sitio\\\/wp-content\\\/uploads\\\/2026\\\/09\\\/690.jpg\",\"datePublished\":\"2026-09-03T21:58:34+00:00\",\"dateModified\":\"2026-09-04T04:31:37+00:00\",\"author\":{\"@id\":\"http:\\\/\\\/gentedebasquet.com.ar\\\/sitio\\\/#\\\/schema\\\/person\\\/8aab22e4df61e089287228bd32bccc28\"},\"breadcrumb\":{\"@id\":\"https:\\\/\\\/gentedebasquet.com.ar\\\/sitio\\\/2026\\\/09\\\/03\\\/encendido-pueyrredon\\\/#breadcrumb\"},\"inLanguage\":\"es\",\"potentialAction\":[{\"@type\":\"ReadAction\",\"target\":[\"https:\\\/\\\/gentedebasquet.com.ar\\\/sitio\\\/2026\\\/09\\\/03\\\/encendido-pueyrredon\\\/\"]}]},{\"@type\":\"ImageObject\",\"inLanguage\":\"es\",\"@id\":\"https:\\\/\\\/gentedebasquet.com.ar\\\/sitio\\\/2026\\\/09\\\/03\\\/encendido-pueyrredon\\\/#primaryimage\",\"url\":\"https:\\\/\\\/gentedebasquet.com.ar\\\/sitio\\\/wp-content\\\/uploads\\\/2026\\\/09\\\/690.jpg\",\"contentUrl\":\"https:\\\/\\\/gentedebasquet.com.ar\\\/sitio\\\/wp-content\\\/uploads\\\/2026\\\/09\\\/690.jpg\",\"width\":690,\"height\":319},{\"@type\":\"BreadcrumbList\",\"@id\":\"https:\\\/\\\/gentedebasquet.com.ar\\\/sitio\\\/2026\\\/09\\\/03\\\/encendido-pueyrredon\\\/#breadcrumb\",\"itemListElement\":[{\"@type\":\"ListItem\",\"position\":1,\"name\":\"Portada\",\"item\":\"http:\\\/\\\/gentedebasquet.com.ar\\\/sitio\\\/\"},{\"@type\":\"ListItem\",\"position\":2,\"name\":\"Encendido Pueyrred\u00f3n\"}]},{\"@type\":\"WebSite\",\"@id\":\"http:\\\/\\\/gentedebasquet.com.ar\\\/sitio\\\/#website\",\"url\":\"http:\\\/\\\/gentedebasquet.com.ar\\\/sitio\\\/\",\"name\":\"Gente de B\u00e1squet\",\"description\":\"La revista del basquet de Bah\u00eda Blanca\",\"potentialAction\":[{\"@type\":\"SearchAction\",\"target\":{\"@type\":\"EntryPoint\",\"urlTemplate\":\"http:\\\/\\\/gentedebasquet.com.ar\\\/sitio\\\/?s={search_term_string}\"},\"query-input\":{\"@type\":\"PropertyValueSpecification\",\"valueRequired\":true,\"valueName\":\"search_term_string\"}}],\"inLanguage\":\"es\"},{\"@type\":\"Person\",\"@id\":\"http:\\\/\\\/gentedebasquet.com.ar\\\/sitio\\\/#\\\/schema\\\/person\\\/8aab22e4df61e089287228bd32bccc28\",\"name\":\"Franco Crivellini\",\"image\":{\"@type\":\"ImageObject\",\"inLanguage\":\"es\",\"@id\":\"https:\\\/\\\/secure.gravatar.com\\\/avatar\\\/821dc58be638215ae0ad83d46863403d1dbfc54f3224ab8ae62f29c924eb08d8?s=96&d=mm&r=g\",\"url\":\"https:\\\/\\\/secure.gravatar.com\\\/avatar\\\/821dc58be638215ae0ad83d46863403d1dbfc54f3224ab8ae62f29c924eb08d8?s=96&d=mm&r=g\",\"contentUrl\":\"https:\\\/\\\/secure.gravatar.com\\\/avatar\\\/821dc58be638215ae0ad83d46863403d1dbfc54f3224ab8ae62f29c924eb08d8?s=96&d=mm&r=g\",\"caption\":\"Franco Crivellini\"},\"url\":\"https:\\\/\\\/gentedebasquet.com.ar\\\/sitio\\\/author\\\/franco-crivellini\\\/\"}]}<\/script>\n<!-- \/ Yoast SEO plugin. -->","yoast_head_json":{"title":"Encendido Pueyrred\u00f3n - Gente de B\u00e1squet","robots":{"index":"index","follow":"follow","max-snippet":"max-snippet:-1","max-image-preview":"max-image-preview:large","max-video-preview":"max-video-preview:-1"},"canonical":"https:\/\/gentedebasquet.com.ar\/sitio\/2026\/09\/03\/encendido-pueyrredon\/","og_locale":"es_ES","og_type":"article","og_title":"Encendido Pueyrred\u00f3n - Gente de B\u00e1squet","og_description":"En el Vicente Palermo, el local venci\u00f3 a Villa Mitre por 77 a 74 por la fecha tres del torneo de Primera. En un partido largo, friccionado y de ventajas m\u00ednimas, Purre logr\u00f3 un mejor cierre, sin antes no sufrir. A falta de 11s5 Villa Mitre cont\u00f3 con el tiro externo de Blanco para empatar [&hellip;]","og_url":"https:\/\/gentedebasquet.com.ar\/sitio\/2026\/09\/03\/encendido-pueyrredon\/","og_site_name":"Gente de B\u00e1squet","article_published_time":"2026-09-03T21:58:34+00:00","article_modified_time":"2026-09-04T04:31:37+00:00","og_image":[{"width":690,"height":319,"url":"http:\/\/gentedebasquet.com.ar\/sitio\/wp-content\/uploads\/2026\/09\/690.jpg","type":"image\/jpeg"}],"author":"Franco Crivellini","twitter_card":"summary_large_image","twitter_misc":{"Escrito por":"Franco Crivellini","Tiempo de lectura":"4 minutos"},"schema":{"@context":"https:\/\/schema.org","@graph":[{"@type":"Article","@id":"https:\/\/gentedebasquet.com.ar\/sitio\/2026\/09\/03\/encendido-pueyrredon\/#article","isPartOf":{"@id":"https:\/\/gentedebasquet.com.ar\/sitio\/2026\/09\/03\/encendido-pueyrredon\/"},"author":{"name":"Franco Crivellini","@id":"http:\/\/gentedebasquet.com.ar\/sitio\/#\/schema\/person\/8aab22e4df61e089287228bd32bccc28"},"headline":"Encendido Pueyrred\u00f3n","datePublished":"2026-09-03T21:58:34+00:00","dateModified":"2026-09-04T04:31:37+00:00","mainEntityOfPage":{"@id":"https:\/\/gentedebasquet.com.ar\/sitio\/2026\/09\/03\/encendido-pueyrredon\/"},"wordCount":571,"image":{"@id":"https:\/\/gentedebasquet.com.ar\/sitio\/2026\/09\/03\/encendido-pueyrredon\/#primaryimage"},"thumbnailUrl":"https:\/\/gentedebasquet.com.ar\/sitio\/wp-content\/uploads\/2026\/09\/690.jpg","keywords":["Pueyrredon","Villa Mitre"],"articleSection":["Primera","Slide"],"inLanguage":"es"},{"@type":"WebPage","@id":"https:\/\/gentedebasquet.com.ar\/sitio\/2026\/09\/03\/encendido-pueyrredon\/","url":"https:\/\/gentedebasquet.com.ar\/sitio\/2026\/09\/03\/encendido-pueyrredon\/","name":"Encendido Pueyrred\u00f3n - Gente de B\u00e1squet","isPartOf":{"@id":"http:\/\/gentedebasquet.com.ar\/sitio\/#website"},"primaryImageOfPage":{"@id":"https:\/\/gentedebasquet.com.ar\/sitio\/2026\/09\/03\/encendido-pueyrredon\/#primaryimage"},"image":{"@id":"https:\/\/gentedebasquet.com.ar\/sitio\/2026\/09\/03\/encendido-pueyrredon\/#primaryimage"},"thumbnailUrl":"https:\/\/gentedebasquet.com.ar\/sitio\/wp-content\/uploads\/2026\/09\/690.jpg","datePublished":"2026-09-03T21:58:34+00:00","dateModified":"2026-09-04T04:31:37+00:00","author":{"@id":"http:\/\/gentedebasquet.com.ar\/sitio\/#\/schema\/person\/8aab22e4df61e089287228bd32bccc28"},"breadcrumb":{"@id":"https:\/\/gentedebasquet.com.ar\/sitio\/2026\/09\/03\/encendido-pueyrredon\/#breadcrumb"},"inLanguage":"es","potentialAction":[{"@type":"ReadAction","target":["https:\/\/gentedebasquet.com.ar\/sitio\/2026\/09\/03\/encendido-pueyrredon\/"]}]},{"@type":"ImageObject","inLanguage":"es","@id":"https:\/\/gentedebasquet.com.ar\/sitio\/2026\/09\/03\/encendido-pueyrredon\/#primaryimage","url":"https:\/\/gentedebasquet.com.ar\/sitio\/wp-content\/uploads\/2026\/09\/690.jpg","contentUrl":"https:\/\/gentedebasquet.com.ar\/sitio\/wp-content\/uploads\/2026\/09\/690.jpg","width":690,"height":319},{"@type":"BreadcrumbList","@id":"https:\/\/gentedebasquet.com.ar\/sitio\/2026\/09\/03\/encendido-pueyrredon\/#breadcrumb","itemListElement":[{"@type":"ListItem","position":1,"name":"Portada","item":"http:\/\/gentedebasquet.com.ar\/sitio\/"},{"@type":"ListItem","position":2,"name":"Encendido Pueyrred\u00f3n"}]},{"@type":"WebSite","@id":"http:\/\/gentedebasquet.com.ar\/sitio\/#website","url":"http:\/\/gentedebasquet.com.ar\/sitio\/","name":"Gente de B\u00e1squet","description":"La revista del basquet de Bah\u00eda Blanca","potentialAction":[{"@type":"SearchAction","target":{"@type":"EntryPoint","urlTemplate":"http:\/\/gentedebasquet.com.ar\/sitio\/?s={search_term_string}"},"query-input":{"@type":"PropertyValueSpecification","valueRequired":true,"valueName":"search_term_string"}}],"inLanguage":"es"},{"@type":"Person","@id":"http:\/\/gentedebasquet.com.ar\/sitio\/#\/schema\/person\/8aab22e4df61e089287228bd32bccc28","name":"Franco Crivellini","image":{"@type":"ImageObject","inLanguage":"es","@id":"https:\/\/secure.gravatar.com\/avatar\/821dc58be638215ae0ad83d46863403d1dbfc54f3224ab8ae62f29c924eb08d8?s=96&d=mm&r=g","url":"https:\/\/secure.gravatar.com\/avatar\/821dc58be638215ae0ad83d46863403d1dbfc54f3224ab8ae62f29c924eb08d8?s=96&d=mm&r=g","contentUrl":"https:\/\/secure.gravatar.com\/avatar\/821dc58be638215ae0ad83d46863403d1dbfc54f3224ab8ae62f29c924eb08d8?s=96&d=mm&r=g","caption":"Franco Crivellini"},"url":"https:\/\/gentedebasquet.com.ar\/sitio\/author\/franco-crivellini\/"}]}},"_links":{"self":[{"href":"https:\/\/gentedebasquet.com.ar\/sitio\/wp-json\/wp\/v2\/posts\/123274","targetHints":{"allow":["GET"]}}],"collection":[{"href":"https:\/\/gentedebasquet.com.ar\/sitio\/wp-json\/wp\/v2\/posts"}],"about":[{"href":"https:\/\/gentedebasquet.com.ar\/sitio\/wp-json\/wp\/v2\/types\/post"}],"author":[{"embeddable":true,"href":"https:\/\/gentedebasquet.com.ar\/sitio\/wp-json\/wp\/v2\/users\/47"}],"replies":[{"embeddable":true,"href":"https:\/\/gentedebasquet.com.ar\/sitio\/wp-json\/wp\/v2\/comments?post=123274"}],"version-history":[{"count":1,"href":"https:\/\/gentedebasquet.com.ar\/sitio\/wp-json\/wp\/v2\/posts\/123274\/revisions"}],"predecessor-version":[{"id":123288,"href":"https:\/\/gentedebasquet.com.ar\/sitio\/wp-json\/wp\/v2\/posts\/123274\/revisions\/123288"}],"wp:featuredmedia":[{"embeddable":true,"href":"https:\/\/gentedebasquet.com.ar\/sitio\/wp-json\/wp\/v2\/media\/123286"}],"wp:attachment":[{"href":"https:\/\/gentedebasquet.com.ar\/sitio\/wp-json\/wp\/v2\/media?parent=123274"}],"wp:term":[{"taxonomy":"category","embeddable":true,"href":"https:\/\/gentedebasquet.com.ar\/sitio\/wp-json\/wp\/v2\/categories?post=123274"},{"taxonomy":"post_tag","embeddable":true,"href":"https:\/\/gentedebasquet.com.ar\/sitio\/wp-json\/wp\/v2\/tags?post=123274"}],"curies":[{"name":"wp","href":"https:\/\/api.w.org\/{rel}","templated":true}]}}