{"id":123305,"date":"2026-09-05T05:44:40","date_gmt":"2026-09-05T03:44:40","guid":{"rendered":"https:\/\/gentedebasquet.com.ar\/sitio\/?p=123305"},"modified":"2026-09-05T05:44:40","modified_gmt":"2026-09-05T03:44:40","slug":"sin-equivalencias-3","status":"publish","type":"post","link":"https:\/\/gentedebasquet.com.ar\/sitio\/2026\/09\/05\/sin-equivalencias-3\/","title":{"rendered":"Sin equivalencias"},"content":{"rendered":"<p><b>El verde puntaltense triunf\u00f3 en cancha de La Falda por un holgado 48-94. El segundo tiempo fue clave para que Altense quiebre el partido a su favor, ganando el segundo tiempo 54-21. Hubo 15 de Simoncini en el vencedor, en Lafa hubo 12 de Benjamin Jaratz.<\/b><b><\/b><\/p>\n<p>Altense, empez\u00f3 eficaz en el partido, atacando la zona del local, moviendo la bola pudo encestar 3 triples (Bicondoa -2- \/ Pordomingo -1-). La Falda tambi\u00e9n tuvo una reacci\u00f3n, con Minnucci y Jaratz, este con 3t3. Pero, en ataque perder\u00eda balones que le permitieron al visitante correr la cancha. <b>El \u201cverde\u201d en el segundo cuarto, subi\u00f3 la intensidad en ambos lados de la cancha y sec\u00f3 a Lafa, que le costar\u00eda anotar en el segmento. Los puntaltenses sacar\u00edan +13 en el ep\u00edlogo de cuarto (27-40), siendo esta la m\u00e1xima del partido.<\/b><b><\/b><\/p>\n<p>El complemento lo tuvo al elenco de Altamirano decidido a quebrar el juego, tal es as\u00ed que la defensa presi\u00f3n que plante\u00f3 desde el inicio, le di\u00f3 herramientas para de a poco ir inclinando la balanza a favor. <b>Un parcial de 9-0 en el comienzo del tercero, adem\u00e1s de que en esos 6\u2019 de juego La Falda no anot\u00f3 y se qued\u00f3 en 27. Altense lo aprovech\u00f3 y sac\u00f3 +25 (27-52), y a partir de ahi dej\u00f3 sin opciones a su rival para ponerse en partido. En el \u00faltimo, ambos equipos utilizaron toda su banca a disposici\u00f3n y Altense gan\u00f3 el \u00faltimo cuarto 13-26.<\/b><b><\/b><\/p>\n<p><b>Altense gan\u00f3 un partido sin sobresaltos y se ubica en el cuarto lugar de la tabla de posiciones, mientras que La Falda consumo su tercera ca\u00edda consecutiva y se ubica en el ante\u00faltimo lugar de la tabla de posiciones.<\/b><b><\/b><\/p>\n<p><span style=\"color: #ff6600\"><b>El dato: Altense gan\u00f3 el segundo cuarto 21-7 y el tercero 8-28.<\/b><\/span><b><\/b><\/p>\n<div class=\"jeg_video_container jeg_video_content\"><iframe loading=\"lazy\" title=\"#Segunda - Fecha #4: La Falda 48 - 94 Altense\" width=\"500\" height=\"281\" src=\"https:\/\/www.youtube.com\/embed\/nK3YUiOQCt0?feature=oembed\" frameborder=\"0\" allow=\"accelerometer; autoplay; clipboard-write; encrypted-media; gyroscope; picture-in-picture; web-share\" referrerpolicy=\"strict-origin-when-cross-origin\" allowfullscreen><\/iframe><\/div>\n<p><img decoding=\"async\" class=\"alignnone size-medium wp-image-123307\" src=\"http:\/\/gentedebasquet.com.ar\/sitio\/wp-content\/uploads\/2026\/09\/WhatsApp-Image-2026-09-05-at-00.00.29-300x300.jpeg\" alt=\"\" width=\"300\" height=\"300\" srcset=\"https:\/\/gentedebasquet.com.ar\/sitio\/wp-content\/uploads\/2026\/09\/WhatsApp-Image-2026-09-05-at-00.00.29-300x300.jpeg 300w, https:\/\/gentedebasquet.com.ar\/sitio\/wp-content\/uploads\/2026\/09\/WhatsApp-Image-2026-09-05-at-00.00.29-1024x1024.jpeg 1024w, https:\/\/gentedebasquet.com.ar\/sitio\/wp-content\/uploads\/2026\/09\/WhatsApp-Image-2026-09-05-at-00.00.29-150x150.jpeg 150w, https:\/\/gentedebasquet.com.ar\/sitio\/wp-content\/uploads\/2026\/09\/WhatsApp-Image-2026-09-05-at-00.00.29-768x768.jpeg 768w, https:\/\/gentedebasquet.com.ar\/sitio\/wp-content\/uploads\/2026\/09\/WhatsApp-Image-2026-09-05-at-00.00.29-1536x1536.jpeg 1536w, https:\/\/gentedebasquet.com.ar\/sitio\/wp-content\/uploads\/2026\/09\/WhatsApp-Image-2026-09-05-at-00.00.29-75x75.jpeg 75w, https:\/\/gentedebasquet.com.ar\/sitio\/wp-content\/uploads\/2026\/09\/WhatsApp-Image-2026-09-05-at-00.00.29-350x350.jpeg 350w, https:\/\/gentedebasquet.com.ar\/sitio\/wp-content\/uploads\/2026\/09\/WhatsApp-Image-2026-09-05-at-00.00.29-750x750.jpeg 750w, https:\/\/gentedebasquet.com.ar\/sitio\/wp-content\/uploads\/2026\/09\/WhatsApp-Image-2026-09-05-at-00.00.29-1140x1140.jpeg 1140w, https:\/\/gentedebasquet.com.ar\/sitio\/wp-content\/uploads\/2026\/09\/WhatsApp-Image-2026-09-05-at-00.00.29.jpeg 1600w\" sizes=\"(max-width: 300px) 100vw, 300px\" \/><\/p>\n<p><img decoding=\"async\" class=\"alignnone size-medium wp-image-123306\" src=\"http:\/\/gentedebasquet.com.ar\/sitio\/wp-content\/uploads\/2026\/09\/WhatsApp-Image-2026-09-05-at-00.00.20-300x300.jpeg\" alt=\"\" width=\"300\" height=\"300\" srcset=\"https:\/\/gentedebasquet.com.ar\/sitio\/wp-content\/uploads\/2026\/09\/WhatsApp-Image-2026-09-05-at-00.00.20-300x300.jpeg 300w, https:\/\/gentedebasquet.com.ar\/sitio\/wp-content\/uploads\/2026\/09\/WhatsApp-Image-2026-09-05-at-00.00.20-1024x1024.jpeg 1024w, https:\/\/gentedebasquet.com.ar\/sitio\/wp-content\/uploads\/2026\/09\/WhatsApp-Image-2026-09-05-at-00.00.20-150x150.jpeg 150w, https:\/\/gentedebasquet.com.ar\/sitio\/wp-content\/uploads\/2026\/09\/WhatsApp-Image-2026-09-05-at-00.00.20-768x768.jpeg 768w, https:\/\/gentedebasquet.com.ar\/sitio\/wp-content\/uploads\/2026\/09\/WhatsApp-Image-2026-09-05-at-00.00.20-1536x1536.jpeg 1536w, https:\/\/gentedebasquet.com.ar\/sitio\/wp-content\/uploads\/2026\/09\/WhatsApp-Image-2026-09-05-at-00.00.20-75x75.jpeg 75w, https:\/\/gentedebasquet.com.ar\/sitio\/wp-content\/uploads\/2026\/09\/WhatsApp-Image-2026-09-05-at-00.00.20-350x350.jpeg 350w, https:\/\/gentedebasquet.com.ar\/sitio\/wp-content\/uploads\/2026\/09\/WhatsApp-Image-2026-09-05-at-00.00.20-750x750.jpeg 750w, https:\/\/gentedebasquet.com.ar\/sitio\/wp-content\/uploads\/2026\/09\/WhatsApp-Image-2026-09-05-at-00.00.20-1140x1140.jpeg 1140w, https:\/\/gentedebasquet.com.ar\/sitio\/wp-content\/uploads\/2026\/09\/WhatsApp-Image-2026-09-05-at-00.00.20.jpeg 1600w\" sizes=\"(max-width: 300px) 100vw, 300px\" \/><\/p>\n<p><b>S\u00edntesis &#8211; Segunda Divisi\u00f3n &#8211; Fecha 4<\/b><b><\/b><\/p>\n<p><b>La Falda 48<\/b>: Germ\u00e1n Fern\u00e1ndez\u00a0Vita 4, Benjam\u00edn Minnucci 11, Josu\u00e9 Chazarreta 2, Benjam\u00edn Jaratz 12, Ignacio Fris\u00f3n 4 (FI); Tom\u00e1s Zamparo 2, Pablo Amigo 6, Franco Riccio 7, Agust\u00edn Rozas Denis 0, Benicio Mangiapane 0, Joaqu\u00edn Marcos 0.\u00a0<b>DT: Juan Miguel Vigna.<\/b><b><\/b><\/p>\n<p><b>Altense 94<\/b>: Alan Lera 6, Ezequiel Pordomingo 8, Juan Manuel Bicondoa 10, Braian Baier 7, Nahuel Zanabria 13 (FI); Mateo Ortega 8, Lautaro Jaimes 4, Daniel Agalupe 12, Genaro\u00a0Simoncini 15, Joaquin G\u00f3mez 5, M\u00e1ximo\u00a0Simoncini 2, Manolo Alonso 4.<b>\u00a0DT: Nicol\u00e1s Altamirano.<\/b><b><\/b><\/p>\n<p><b>Parciales:<\/b> 20-19, 27-40 (7-21), 35-68 (8-28), 48-94 (13-26).<\/p>\n<p><b>\u00c1rbitros<\/b>: Marjorie Stuardo, Sam Inglera y Alberto Arlenghi.<\/p>\n<p><b>Cancha<\/b>: Lili Pisani (La Falda).<\/p>\n<p><img decoding=\"async\" class=\"alignnone size-medium wp-image-123308\" src=\"http:\/\/gentedebasquet.com.ar\/sitio\/wp-content\/uploads\/2026\/09\/WhatsApp-Image-2026-09-05-at-00.35.57-1-300x225.jpeg\" alt=\"\" width=\"300\" height=\"225\" srcset=\"https:\/\/gentedebasquet.com.ar\/sitio\/wp-content\/uploads\/2026\/09\/WhatsApp-Image-2026-09-05-at-00.35.57-1-300x225.jpeg 300w, https:\/\/gentedebasquet.com.ar\/sitio\/wp-content\/uploads\/2026\/09\/WhatsApp-Image-2026-09-05-at-00.35.57-1-1024x768.jpeg 1024w, https:\/\/gentedebasquet.com.ar\/sitio\/wp-content\/uploads\/2026\/09\/WhatsApp-Image-2026-09-05-at-00.35.57-1-768x576.jpeg 768w, https:\/\/gentedebasquet.com.ar\/sitio\/wp-content\/uploads\/2026\/09\/WhatsApp-Image-2026-09-05-at-00.35.57-1-1536x1152.jpeg 1536w, https:\/\/gentedebasquet.com.ar\/sitio\/wp-content\/uploads\/2026\/09\/WhatsApp-Image-2026-09-05-at-00.35.57-1-2048x1536.jpeg 2048w, https:\/\/gentedebasquet.com.ar\/sitio\/wp-content\/uploads\/2026\/09\/WhatsApp-Image-2026-09-05-at-00.35.57-1-750x563.jpeg 750w, https:\/\/gentedebasquet.com.ar\/sitio\/wp-content\/uploads\/2026\/09\/WhatsApp-Image-2026-09-05-at-00.35.57-1-1140x855.jpeg 1140w\" sizes=\"(max-width: 300px) 100vw, 300px\" \/><\/p>\n","protected":false},"excerpt":{"rendered":"<p>El verde puntaltense triunf\u00f3 en cancha de La Falda por un holgado 48-94. El segundo tiempo fue clave para que Altense quiebre el partido a su favor, ganando el segundo tiempo 54-21. Hubo 15 de Simoncini en el vencedor, en Lafa hubo 12 de Benjamin Jaratz. Altense, empez\u00f3 eficaz en el partido, atacando la zona [&hellip;]<\/p>\n","protected":false},"author":82,"featured_media":123309,"comment_status":"closed","ping_status":"open","sticky":false,"template":"","format":"standard","meta":{"jnews-multi-image_gallery":[],"jnews_single_post":[],"jnews_primary_category":[],"jnews_social_meta":[],"jnews_override_counter":[],"footnotes":""},"categories":[25,101],"tags":[213,2138,2137,13,1855,503],"class_list":["post-123305","post","type-post","status-publish","format-standard","has-post-thumbnail","hentry","category-segunda","category-slide","tag-altense","tag-benjamin-jaratz","tag-genaro-simoncini","tag-la-falda","tag-segunda","tag-segunda-division"],"yoast_head":"<!-- This site is optimized with the Yoast SEO plugin v28.4 - https:\/\/yoast.com\/product\/yoast-seo-wordpress\/ -->\n<title>Sin equivalencias - Gente de B\u00e1squet<\/title>\n<meta name=\"robots\" content=\"index, follow, max-snippet:-1, max-image-preview:large, max-video-preview:-1\" \/>\n<link rel=\"canonical\" href=\"https:\/\/gentedebasquet.com.ar\/sitio\/2026\/09\/05\/sin-equivalencias-3\/\" \/>\n<meta property=\"og:locale\" content=\"es_ES\" \/>\n<meta property=\"og:type\" content=\"article\" \/>\n<meta property=\"og:title\" content=\"Sin equivalencias - Gente de B\u00e1squet\" \/>\n<meta property=\"og:description\" content=\"El verde puntaltense triunf\u00f3 en cancha de La Falda por un holgado 48-94. El segundo tiempo fue clave para que Altense quiebre el partido a su favor, ganando el segundo tiempo 54-21. Hubo 15 de Simoncini en el vencedor, en Lafa hubo 12 de Benjamin Jaratz. Altense, empez\u00f3 eficaz en el partido, atacando la zona [&hellip;]\" \/>\n<meta property=\"og:url\" content=\"https:\/\/gentedebasquet.com.ar\/sitio\/2026\/09\/05\/sin-equivalencias-3\/\" \/>\n<meta property=\"og:site_name\" content=\"Gente de B\u00e1squet\" \/>\n<meta property=\"article:published_time\" content=\"2026-09-05T03:44:40+00:00\" \/>\n<meta property=\"og:image\" content=\"http:\/\/gentedebasquet.com.ar\/sitio\/wp-content\/uploads\/2026\/09\/WhatsApp-Image-2026-09-05-at-00.35.57-scaled.jpeg\" \/>\n\t<meta property=\"og:image:width\" content=\"2560\" \/>\n\t<meta property=\"og:image:height\" content=\"1920\" \/>\n\t<meta property=\"og:image:type\" content=\"image\/jpeg\" \/>\n<meta name=\"author\" content=\"Manuel Lacerenza\" \/>\n<meta name=\"twitter:card\" content=\"summary_large_image\" \/>\n<meta name=\"twitter:label1\" content=\"Escrito por\" \/>\n\t<meta name=\"twitter:data1\" content=\"Manuel Lacerenza\" \/>\n\t<meta name=\"twitter:label2\" content=\"Tiempo de lectura\" \/>\n\t<meta name=\"twitter:data2\" content=\"3 minutos\" \/>\n<script type=\"application\/ld+json\" class=\"yoast-schema-graph\">{\"@context\":\"https:\\\/\\\/schema.org\",\"@graph\":[{\"@type\":\"Article\",\"@id\":\"https:\\\/\\\/gentedebasquet.com.ar\\\/sitio\\\/2026\\\/09\\\/05\\\/sin-equivalencias-3\\\/#article\",\"isPartOf\":{\"@id\":\"https:\\\/\\\/gentedebasquet.com.ar\\\/sitio\\\/2026\\\/09\\\/05\\\/sin-equivalencias-3\\\/\"},\"author\":{\"name\":\"Manuel Lacerenza\",\"@id\":\"https:\\\/\\\/gentedebasquet.com.ar\\\/sitio\\\/#\\\/schema\\\/person\\\/643357fb6a37b5549c9cfe9f339c9f1b\"},\"headline\":\"Sin equivalencias\",\"datePublished\":\"2026-09-05T03:44:40+00:00\",\"mainEntityOfPage\":{\"@id\":\"https:\\\/\\\/gentedebasquet.com.ar\\\/sitio\\\/2026\\\/09\\\/05\\\/sin-equivalencias-3\\\/\"},\"wordCount\":409,\"image\":{\"@id\":\"https:\\\/\\\/gentedebasquet.com.ar\\\/sitio\\\/2026\\\/09\\\/05\\\/sin-equivalencias-3\\\/#primaryimage\"},\"thumbnailUrl\":\"https:\\\/\\\/gentedebasquet.com.ar\\\/sitio\\\/wp-content\\\/uploads\\\/2026\\\/09\\\/WhatsApp-Image-2026-09-05-at-00.35.57-scaled.jpeg\",\"keywords\":[\"Altense\",\"Benjamin Jaratz\",\"Genaro Simoncini\",\"La Falda\",\"Segunda\",\"Segunda Divisi\u00f3n\"],\"articleSection\":[\"Segunda\",\"Slide\"],\"inLanguage\":\"es\"},{\"@type\":\"WebPage\",\"@id\":\"https:\\\/\\\/gentedebasquet.com.ar\\\/sitio\\\/2026\\\/09\\\/05\\\/sin-equivalencias-3\\\/\",\"url\":\"https:\\\/\\\/gentedebasquet.com.ar\\\/sitio\\\/2026\\\/09\\\/05\\\/sin-equivalencias-3\\\/\",\"name\":\"Sin equivalencias - Gente de B\u00e1squet\",\"isPartOf\":{\"@id\":\"https:\\\/\\\/gentedebasquet.com.ar\\\/sitio\\\/#website\"},\"primaryImageOfPage\":{\"@id\":\"https:\\\/\\\/gentedebasquet.com.ar\\\/sitio\\\/2026\\\/09\\\/05\\\/sin-equivalencias-3\\\/#primaryimage\"},\"image\":{\"@id\":\"https:\\\/\\\/gentedebasquet.com.ar\\\/sitio\\\/2026\\\/09\\\/05\\\/sin-equivalencias-3\\\/#primaryimage\"},\"thumbnailUrl\":\"https:\\\/\\\/gentedebasquet.com.ar\\\/sitio\\\/wp-content\\\/uploads\\\/2026\\\/09\\\/WhatsApp-Image-2026-09-05-at-00.35.57-scaled.jpeg\",\"datePublished\":\"2026-09-05T03:44:40+00:00\",\"author\":{\"@id\":\"https:\\\/\\\/gentedebasquet.com.ar\\\/sitio\\\/#\\\/schema\\\/person\\\/643357fb6a37b5549c9cfe9f339c9f1b\"},\"breadcrumb\":{\"@id\":\"https:\\\/\\\/gentedebasquet.com.ar\\\/sitio\\\/2026\\\/09\\\/05\\\/sin-equivalencias-3\\\/#breadcrumb\"},\"inLanguage\":\"es\",\"potentialAction\":[{\"@type\":\"ReadAction\",\"target\":[\"https:\\\/\\\/gentedebasquet.com.ar\\\/sitio\\\/2026\\\/09\\\/05\\\/sin-equivalencias-3\\\/\"]}]},{\"@type\":\"ImageObject\",\"inLanguage\":\"es\",\"@id\":\"https:\\\/\\\/gentedebasquet.com.ar\\\/sitio\\\/2026\\\/09\\\/05\\\/sin-equivalencias-3\\\/#primaryimage\",\"url\":\"https:\\\/\\\/gentedebasquet.com.ar\\\/sitio\\\/wp-content\\\/uploads\\\/2026\\\/09\\\/WhatsApp-Image-2026-09-05-at-00.35.57-scaled.jpeg\",\"contentUrl\":\"https:\\\/\\\/gentedebasquet.com.ar\\\/sitio\\\/wp-content\\\/uploads\\\/2026\\\/09\\\/WhatsApp-Image-2026-09-05-at-00.35.57-scaled.jpeg\",\"width\":2560,\"height\":1920},{\"@type\":\"BreadcrumbList\",\"@id\":\"https:\\\/\\\/gentedebasquet.com.ar\\\/sitio\\\/2026\\\/09\\\/05\\\/sin-equivalencias-3\\\/#breadcrumb\",\"itemListElement\":[{\"@type\":\"ListItem\",\"position\":1,\"name\":\"Portada\",\"item\":\"https:\\\/\\\/gentedebasquet.com.ar\\\/sitio\\\/\"},{\"@type\":\"ListItem\",\"position\":2,\"name\":\"Sin equivalencias\"}]},{\"@type\":\"WebSite\",\"@id\":\"https:\\\/\\\/gentedebasquet.com.ar\\\/sitio\\\/#website\",\"url\":\"https:\\\/\\\/gentedebasquet.com.ar\\\/sitio\\\/\",\"name\":\"Gente de B\u00e1squet\",\"description\":\"La revista del basquet de Bah\u00eda Blanca\",\"potentialAction\":[{\"@type\":\"SearchAction\",\"target\":{\"@type\":\"EntryPoint\",\"urlTemplate\":\"https:\\\/\\\/gentedebasquet.com.ar\\\/sitio\\\/?s={search_term_string}\"},\"query-input\":{\"@type\":\"PropertyValueSpecification\",\"valueRequired\":true,\"valueName\":\"search_term_string\"}}],\"inLanguage\":\"es\"},{\"@type\":\"Person\",\"@id\":\"https:\\\/\\\/gentedebasquet.com.ar\\\/sitio\\\/#\\\/schema\\\/person\\\/643357fb6a37b5549c9cfe9f339c9f1b\",\"name\":\"Manuel Lacerenza\",\"image\":{\"@type\":\"ImageObject\",\"inLanguage\":\"es\",\"@id\":\"https:\\\/\\\/secure.gravatar.com\\\/avatar\\\/6a427d587bd181ca8afd828e8cf364f233c5cbe5b8a1332b92ea42687ad97845?s=96&d=mm&r=g\",\"url\":\"https:\\\/\\\/secure.gravatar.com\\\/avatar\\\/6a427d587bd181ca8afd828e8cf364f233c5cbe5b8a1332b92ea42687ad97845?s=96&d=mm&r=g\",\"contentUrl\":\"https:\\\/\\\/secure.gravatar.com\\\/avatar\\\/6a427d587bd181ca8afd828e8cf364f233c5cbe5b8a1332b92ea42687ad97845?s=96&d=mm&r=g\",\"caption\":\"Manuel Lacerenza\"},\"url\":\"https:\\\/\\\/gentedebasquet.com.ar\\\/sitio\\\/author\\\/manuel\\\/\"}]}<\/script>\n<!-- \/ Yoast SEO plugin. -->","yoast_head_json":{"title":"Sin equivalencias - Gente de B\u00e1squet","robots":{"index":"index","follow":"follow","max-snippet":"max-snippet:-1","max-image-preview":"max-image-preview:large","max-video-preview":"max-video-preview:-1"},"canonical":"https:\/\/gentedebasquet.com.ar\/sitio\/2026\/09\/05\/sin-equivalencias-3\/","og_locale":"es_ES","og_type":"article","og_title":"Sin equivalencias - Gente de B\u00e1squet","og_description":"El verde puntaltense triunf\u00f3 en cancha de La Falda por un holgado 48-94. El segundo tiempo fue clave para que Altense quiebre el partido a su favor, ganando el segundo tiempo 54-21. Hubo 15 de Simoncini en el vencedor, en Lafa hubo 12 de Benjamin Jaratz. Altense, empez\u00f3 eficaz en el partido, atacando la zona [&hellip;]","og_url":"https:\/\/gentedebasquet.com.ar\/sitio\/2026\/09\/05\/sin-equivalencias-3\/","og_site_name":"Gente de B\u00e1squet","article_published_time":"2026-09-05T03:44:40+00:00","og_image":[{"width":2560,"height":1920,"url":"http:\/\/gentedebasquet.com.ar\/sitio\/wp-content\/uploads\/2026\/09\/WhatsApp-Image-2026-09-05-at-00.35.57-scaled.jpeg","type":"image\/jpeg"}],"author":"Manuel Lacerenza","twitter_card":"summary_large_image","twitter_misc":{"Escrito por":"Manuel Lacerenza","Tiempo de lectura":"3 minutos"},"schema":{"@context":"https:\/\/schema.org","@graph":[{"@type":"Article","@id":"https:\/\/gentedebasquet.com.ar\/sitio\/2026\/09\/05\/sin-equivalencias-3\/#article","isPartOf":{"@id":"https:\/\/gentedebasquet.com.ar\/sitio\/2026\/09\/05\/sin-equivalencias-3\/"},"author":{"name":"Manuel Lacerenza","@id":"https:\/\/gentedebasquet.com.ar\/sitio\/#\/schema\/person\/643357fb6a37b5549c9cfe9f339c9f1b"},"headline":"Sin equivalencias","datePublished":"2026-09-05T03:44:40+00:00","mainEntityOfPage":{"@id":"https:\/\/gentedebasquet.com.ar\/sitio\/2026\/09\/05\/sin-equivalencias-3\/"},"wordCount":409,"image":{"@id":"https:\/\/gentedebasquet.com.ar\/sitio\/2026\/09\/05\/sin-equivalencias-3\/#primaryimage"},"thumbnailUrl":"https:\/\/gentedebasquet.com.ar\/sitio\/wp-content\/uploads\/2026\/09\/WhatsApp-Image-2026-09-05-at-00.35.57-scaled.jpeg","keywords":["Altense","Benjamin Jaratz","Genaro Simoncini","La Falda","Segunda","Segunda Divisi\u00f3n"],"articleSection":["Segunda","Slide"],"inLanguage":"es"},{"@type":"WebPage","@id":"https:\/\/gentedebasquet.com.ar\/sitio\/2026\/09\/05\/sin-equivalencias-3\/","url":"https:\/\/gentedebasquet.com.ar\/sitio\/2026\/09\/05\/sin-equivalencias-3\/","name":"Sin equivalencias - Gente de B\u00e1squet","isPartOf":{"@id":"https:\/\/gentedebasquet.com.ar\/sitio\/#website"},"primaryImageOfPage":{"@id":"https:\/\/gentedebasquet.com.ar\/sitio\/2026\/09\/05\/sin-equivalencias-3\/#primaryimage"},"image":{"@id":"https:\/\/gentedebasquet.com.ar\/sitio\/2026\/09\/05\/sin-equivalencias-3\/#primaryimage"},"thumbnailUrl":"https:\/\/gentedebasquet.com.ar\/sitio\/wp-content\/uploads\/2026\/09\/WhatsApp-Image-2026-09-05-at-00.35.57-scaled.jpeg","datePublished":"2026-09-05T03:44:40+00:00","author":{"@id":"https:\/\/gentedebasquet.com.ar\/sitio\/#\/schema\/person\/643357fb6a37b5549c9cfe9f339c9f1b"},"breadcrumb":{"@id":"https:\/\/gentedebasquet.com.ar\/sitio\/2026\/09\/05\/sin-equivalencias-3\/#breadcrumb"},"inLanguage":"es","potentialAction":[{"@type":"ReadAction","target":["https:\/\/gentedebasquet.com.ar\/sitio\/2026\/09\/05\/sin-equivalencias-3\/"]}]},{"@type":"ImageObject","inLanguage":"es","@id":"https:\/\/gentedebasquet.com.ar\/sitio\/2026\/09\/05\/sin-equivalencias-3\/#primaryimage","url":"https:\/\/gentedebasquet.com.ar\/sitio\/wp-content\/uploads\/2026\/09\/WhatsApp-Image-2026-09-05-at-00.35.57-scaled.jpeg","contentUrl":"https:\/\/gentedebasquet.com.ar\/sitio\/wp-content\/uploads\/2026\/09\/WhatsApp-Image-2026-09-05-at-00.35.57-scaled.jpeg","width":2560,"height":1920},{"@type":"BreadcrumbList","@id":"https:\/\/gentedebasquet.com.ar\/sitio\/2026\/09\/05\/sin-equivalencias-3\/#breadcrumb","itemListElement":[{"@type":"ListItem","position":1,"name":"Portada","item":"https:\/\/gentedebasquet.com.ar\/sitio\/"},{"@type":"ListItem","position":2,"name":"Sin equivalencias"}]},{"@type":"WebSite","@id":"https:\/\/gentedebasquet.com.ar\/sitio\/#website","url":"https:\/\/gentedebasquet.com.ar\/sitio\/","name":"Gente de B\u00e1squet","description":"La revista del basquet de Bah\u00eda Blanca","potentialAction":[{"@type":"SearchAction","target":{"@type":"EntryPoint","urlTemplate":"https:\/\/gentedebasquet.com.ar\/sitio\/?s={search_term_string}"},"query-input":{"@type":"PropertyValueSpecification","valueRequired":true,"valueName":"search_term_string"}}],"inLanguage":"es"},{"@type":"Person","@id":"https:\/\/gentedebasquet.com.ar\/sitio\/#\/schema\/person\/643357fb6a37b5549c9cfe9f339c9f1b","name":"Manuel Lacerenza","image":{"@type":"ImageObject","inLanguage":"es","@id":"https:\/\/secure.gravatar.com\/avatar\/6a427d587bd181ca8afd828e8cf364f233c5cbe5b8a1332b92ea42687ad97845?s=96&d=mm&r=g","url":"https:\/\/secure.gravatar.com\/avatar\/6a427d587bd181ca8afd828e8cf364f233c5cbe5b8a1332b92ea42687ad97845?s=96&d=mm&r=g","contentUrl":"https:\/\/secure.gravatar.com\/avatar\/6a427d587bd181ca8afd828e8cf364f233c5cbe5b8a1332b92ea42687ad97845?s=96&d=mm&r=g","caption":"Manuel Lacerenza"},"url":"https:\/\/gentedebasquet.com.ar\/sitio\/author\/manuel\/"}]}},"_links":{"self":[{"href":"https:\/\/gentedebasquet.com.ar\/sitio\/wp-json\/wp\/v2\/posts\/123305","targetHints":{"allow":["GET"]}}],"collection":[{"href":"https:\/\/gentedebasquet.com.ar\/sitio\/wp-json\/wp\/v2\/posts"}],"about":[{"href":"https:\/\/gentedebasquet.com.ar\/sitio\/wp-json\/wp\/v2\/types\/post"}],"author":[{"embeddable":true,"href":"https:\/\/gentedebasquet.com.ar\/sitio\/wp-json\/wp\/v2\/users\/82"}],"replies":[{"embeddable":true,"href":"https:\/\/gentedebasquet.com.ar\/sitio\/wp-json\/wp\/v2\/comments?post=123305"}],"version-history":[{"count":1,"href":"https:\/\/gentedebasquet.com.ar\/sitio\/wp-json\/wp\/v2\/posts\/123305\/revisions"}],"predecessor-version":[{"id":123310,"href":"https:\/\/gentedebasquet.com.ar\/sitio\/wp-json\/wp\/v2\/posts\/123305\/revisions\/123310"}],"wp:featuredmedia":[{"embeddable":true,"href":"https:\/\/gentedebasquet.com.ar\/sitio\/wp-json\/wp\/v2\/media\/123309"}],"wp:attachment":[{"href":"https:\/\/gentedebasquet.com.ar\/sitio\/wp-json\/wp\/v2\/media?parent=123305"}],"wp:term":[{"taxonomy":"category","embeddable":true,"href":"https:\/\/gentedebasquet.com.ar\/sitio\/wp-json\/wp\/v2\/categories?post=123305"},{"taxonomy":"post_tag","embeddable":true,"href":"https:\/\/gentedebasquet.com.ar\/sitio\/wp-json\/wp\/v2\/tags?post=123305"}],"curies":[{"name":"wp","href":"https:\/\/api.w.org\/{rel}","templated":true}]}}