{"id":15896,"date":"2024-08-26T12:00:10","date_gmt":"2024-08-26T10:00:10","guid":{"rendered":"http:\/\/www.gentedebasquet.com.ar\/?p=15896"},"modified":"2024-08-26T17:28:01","modified_gmt":"2024-08-26T15:28:01","slug":"a-subir-el-volumen-3","status":"publish","type":"post","link":"https:\/\/gentedebasquet.com.ar\/sitio\/2024\/08\/26\/a-subir-el-volumen-3\/","title":{"rendered":"\u00a1VOLVIERON LAS PREDICCIONES DE SIEMPRE!"},"content":{"rendered":"<p><strong>\u00a1Lleg\u00f3 el momento m\u00e1s esperado del a\u00f1o! Presentamos en forma exclusiva los pron\u00f3sticos m\u00e1s famosos del b\u00e1squetbol bahiense. Por escrito y con nuestra firma, para que los busques y los puedas releer durante todo el a\u00f1o. Conoc\u00e9 qu\u00e9 va a pasar con cada uno de los 28 equipos en los campeonatos de Primera y Segunda.<\/strong><\/p>\n<p>Arranca una nueva temporada de los torneos locales y seguimos con nuestro programa de TV <strong>todos los domingos a las 23hs en Canal 7 de Bah\u00eda Blanca,<\/strong> con un cl\u00e1sico que ya super\u00f3 las <strong>800 emisiones<\/strong> en sus <strong>24 a\u00f1os en las pantallas locales.<\/strong><\/p>\n<p>Adem\u00e1s, nuestra cobertura en redes sociales, como<strong> \u00fanico medio con presencia propia en todas las canchas de Primera y Segunda<\/strong>, brinda el minuto a minuto de cada partido en nuestro <strong>Twitter<\/strong>, las placas de Resultados, Tablas y Quintetos Ideales en nuestros <strong>Instagram<\/strong> y <strong>Facebook<\/strong>, y los videos de cada partido en Primera, Segunda y Femeninos en nuestro canal de <strong>YouTube<\/strong>, junto a <strong>las coberturas de TODOS los partidos<\/strong>, aqu\u00ed en nuestra p\u00e1gina web.<\/p>\n<p>En el programa de siempre, seguimos teniendo la bola de cristal&#8230;<\/p>\n<h3><strong>PRIMERA DIVISI\u00d3N:<\/strong><\/h3>\n<p style=\"text-align: center;\"><em>LOS CANDIDATOS<\/em><\/p>\n<p><strong>VILLA MITRE:\u00a0<\/strong>El Campe\u00f3n vigente volvi\u00f3 a armar un equipo exclusivo para el torneo local, que igualmente se potenciar\u00e1 con las fichas juveniles de Liga. Cambi\u00f3 de DT apostando por juventud y capacidad, recuper\u00f3 para la categor\u00eda a un personaje querible y ganador como Matute y repatri\u00f3 a dos leyendas del club con el objetivo de seguir festejando. Tiene todo para repetir y duplicar los festejos de su Centenario.<\/p>\n<p><img decoding=\"async\" class=\"alignnone wp-image-113143 size-full\" src=\"http:\/\/gentedebasquet.com.ar\/sitio\/wp-content\/uploads\/2024\/08\/1-Villa-Mitre.png\" alt=\"\" width=\"1024\" height=\"1024\" srcset=\"https:\/\/gentedebasquet.com.ar\/sitio\/wp-content\/uploads\/2024\/08\/1-Villa-Mitre.png 1024w, https:\/\/gentedebasquet.com.ar\/sitio\/wp-content\/uploads\/2024\/08\/1-Villa-Mitre-300x300.png 300w, https:\/\/gentedebasquet.com.ar\/sitio\/wp-content\/uploads\/2024\/08\/1-Villa-Mitre-150x150.png 150w, https:\/\/gentedebasquet.com.ar\/sitio\/wp-content\/uploads\/2024\/08\/1-Villa-Mitre-768x768.png 768w, https:\/\/gentedebasquet.com.ar\/sitio\/wp-content\/uploads\/2024\/08\/1-Villa-Mitre-75x75.png 75w, https:\/\/gentedebasquet.com.ar\/sitio\/wp-content\/uploads\/2024\/08\/1-Villa-Mitre-350x350.png 350w, https:\/\/gentedebasquet.com.ar\/sitio\/wp-content\/uploads\/2024\/08\/1-Villa-Mitre-750x750.png 750w\" sizes=\"(max-width: 1024px) 100vw, 1024px\" \/><\/p>\n<p><strong>LINIERS:<\/strong> Con la sangre en el ojo por el abrupto cierre de su campa\u00f1a anterior, deber\u00e1 remar de atr\u00e1s tras la dur\u00edsima sanci\u00f3n que lo mantendr\u00e1 fuera de la cancha hasta la fecha 3. La matem\u00e1tica indica que ni siquiera ganando sus apenas 9 partidos de fase regular podr\u00eda subir al podio de la fase regular, pero su verdadero torneo arrancar\u00e1 en los playoffs. Si canaliza la bronca en energ\u00eda positiva, jugar\u00e1 la Final.<\/p>\n<p><img decoding=\"async\" class=\"alignnone wp-image-113144 size-full\" src=\"http:\/\/gentedebasquet.com.ar\/sitio\/wp-content\/uploads\/2024\/08\/2-Liniers.png\" alt=\"\" width=\"1024\" height=\"1024\" srcset=\"https:\/\/gentedebasquet.com.ar\/sitio\/wp-content\/uploads\/2024\/08\/2-Liniers.png 1024w, https:\/\/gentedebasquet.com.ar\/sitio\/wp-content\/uploads\/2024\/08\/2-Liniers-300x300.png 300w, https:\/\/gentedebasquet.com.ar\/sitio\/wp-content\/uploads\/2024\/08\/2-Liniers-150x150.png 150w, https:\/\/gentedebasquet.com.ar\/sitio\/wp-content\/uploads\/2024\/08\/2-Liniers-768x768.png 768w, https:\/\/gentedebasquet.com.ar\/sitio\/wp-content\/uploads\/2024\/08\/2-Liniers-75x75.png 75w, https:\/\/gentedebasquet.com.ar\/sitio\/wp-content\/uploads\/2024\/08\/2-Liniers-350x350.png 350w, https:\/\/gentedebasquet.com.ar\/sitio\/wp-content\/uploads\/2024\/08\/2-Liniers-750x750.png 750w\" sizes=\"(max-width: 1024px) 100vw, 1024px\" \/><\/p>\n<p><strong>BAHIENSE DEL NORTE:<\/strong> Conserv\u00f3 casi la totalidad del plantel finalista, y en un torneo corto es una ventaja que debe hacer valer durante la fase regular. La uni\u00f3n y el complemento de dos bases opuestos en edad, pero similares en talento y capacidad anotadora, liderar\u00e1n a un grupo que ya sinti\u00f3 el gustito de jugar la gran final. Tiene internos con oficio y muchos pibes talentosos con los que buscar\u00e1 seguir bien arriba.<\/p>\n<p><img decoding=\"async\" class=\"alignnone wp-image-113145 size-full\" src=\"http:\/\/gentedebasquet.com.ar\/sitio\/wp-content\/uploads\/2024\/08\/3-Bahiense-del-Norte.png\" alt=\"\" width=\"1024\" height=\"1024\" srcset=\"https:\/\/gentedebasquet.com.ar\/sitio\/wp-content\/uploads\/2024\/08\/3-Bahiense-del-Norte.png 1024w, https:\/\/gentedebasquet.com.ar\/sitio\/wp-content\/uploads\/2024\/08\/3-Bahiense-del-Norte-300x300.png 300w, https:\/\/gentedebasquet.com.ar\/sitio\/wp-content\/uploads\/2024\/08\/3-Bahiense-del-Norte-150x150.png 150w, https:\/\/gentedebasquet.com.ar\/sitio\/wp-content\/uploads\/2024\/08\/3-Bahiense-del-Norte-768x768.png 768w, https:\/\/gentedebasquet.com.ar\/sitio\/wp-content\/uploads\/2024\/08\/3-Bahiense-del-Norte-75x75.png 75w, https:\/\/gentedebasquet.com.ar\/sitio\/wp-content\/uploads\/2024\/08\/3-Bahiense-del-Norte-350x350.png 350w, https:\/\/gentedebasquet.com.ar\/sitio\/wp-content\/uploads\/2024\/08\/3-Bahiense-del-Norte-750x750.png 750w\" sizes=\"(max-width: 1024px) 100vw, 1024px\" \/><\/p>\n<p><strong>OLIMPO:<\/strong> Con el desaf\u00edo de volver a ser protagonista en el b\u00e1squetbol local despu\u00e9s de m\u00e1s de una d\u00e9cada, el aurinegro potenci\u00f3 la muy buena base de j\u00f3venes que le ven\u00edan rindiendo con el regreso a casa de varios ex, algunos de ellos figuras destacadas en la actualidad y otros mucho m\u00e1s atr\u00e1s en el tiempo. Se ilusiona con prenderse en el lote de punta e iniciar una nueva era de festejos, 20 a\u00f1os despu\u00e9s.<\/p>\n<p><img decoding=\"async\" class=\"alignnone wp-image-113146 size-full\" src=\"http:\/\/gentedebasquet.com.ar\/sitio\/wp-content\/uploads\/2024\/08\/4-Olimpo.png\" alt=\"\" width=\"768\" height=\"768\" srcset=\"https:\/\/gentedebasquet.com.ar\/sitio\/wp-content\/uploads\/2024\/08\/4-Olimpo.png 768w, https:\/\/gentedebasquet.com.ar\/sitio\/wp-content\/uploads\/2024\/08\/4-Olimpo-300x300.png 300w, https:\/\/gentedebasquet.com.ar\/sitio\/wp-content\/uploads\/2024\/08\/4-Olimpo-150x150.png 150w, https:\/\/gentedebasquet.com.ar\/sitio\/wp-content\/uploads\/2024\/08\/4-Olimpo-75x75.png 75w, https:\/\/gentedebasquet.com.ar\/sitio\/wp-content\/uploads\/2024\/08\/4-Olimpo-350x350.png 350w, https:\/\/gentedebasquet.com.ar\/sitio\/wp-content\/uploads\/2024\/08\/4-Olimpo-750x750.png 750w\" sizes=\"(max-width: 768px) 100vw, 768px\" \/><\/p>\n<p style=\"text-align: center;\"><em>LOS RIVALES<\/em><\/p>\n<p><strong>NAPOST\u00c1:<\/strong> Nuevo ciclo en la Avenida, con un renovado cuerpo t\u00e9cnico y la llegada de cantidad de fichajes para conformar un equipo muuuuy largo, quiz\u00e1s demasiado. La magia estar\u00e1 en el per\u00edmetro, plagado de escopeteros y con la apuesta por la \u00faltima joya del club en la conducci\u00f3n. Ser\u00e1 un fiel exponente de este b\u00e1squet moderno de correr y tirar. Promete ser protagonista.<\/p>\n<p><img decoding=\"async\" class=\"alignnone wp-image-113149 size-full\" src=\"http:\/\/gentedebasquet.com.ar\/sitio\/wp-content\/uploads\/2024\/08\/5-Naposta.png\" alt=\"\" width=\"1024\" height=\"1024\" srcset=\"https:\/\/gentedebasquet.com.ar\/sitio\/wp-content\/uploads\/2024\/08\/5-Naposta.png 1024w, https:\/\/gentedebasquet.com.ar\/sitio\/wp-content\/uploads\/2024\/08\/5-Naposta-300x300.png 300w, https:\/\/gentedebasquet.com.ar\/sitio\/wp-content\/uploads\/2024\/08\/5-Naposta-150x150.png 150w, https:\/\/gentedebasquet.com.ar\/sitio\/wp-content\/uploads\/2024\/08\/5-Naposta-768x768.png 768w, https:\/\/gentedebasquet.com.ar\/sitio\/wp-content\/uploads\/2024\/08\/5-Naposta-75x75.png 75w, https:\/\/gentedebasquet.com.ar\/sitio\/wp-content\/uploads\/2024\/08\/5-Naposta-350x350.png 350w, https:\/\/gentedebasquet.com.ar\/sitio\/wp-content\/uploads\/2024\/08\/5-Naposta-750x750.png 750w\" sizes=\"(max-width: 1024px) 100vw, 1024px\" \/><\/p>\n<p><strong>PAC\u00cdFICO:<\/strong> Otro de los que se lav\u00f3 la cara y presentar\u00e1 una versi\u00f3n renovada tras el receso. Sum\u00f3 a dos j\u00f3venes de enorme proyecci\u00f3n que derrochan talento y cargar\u00e1n el peso de la ofensiva. En contrapartida, perdi\u00f3 a casi todo su juego interno pero lo reemplaz\u00f3 con una apuesta en el poste bajo que lleg\u00f3 desde el Sur y debutar\u00e1 en nuestras canchas. Si se acoplan pueden mezclarse en el pelot\u00f3n de arriba.<\/p>\n<p><img decoding=\"async\" class=\"alignnone wp-image-113151 size-full\" src=\"http:\/\/gentedebasquet.com.ar\/sitio\/wp-content\/uploads\/2024\/08\/6-Pacifico.png\" alt=\"\" width=\"1024\" height=\"1024\" srcset=\"https:\/\/gentedebasquet.com.ar\/sitio\/wp-content\/uploads\/2024\/08\/6-Pacifico.png 1024w, https:\/\/gentedebasquet.com.ar\/sitio\/wp-content\/uploads\/2024\/08\/6-Pacifico-300x300.png 300w, https:\/\/gentedebasquet.com.ar\/sitio\/wp-content\/uploads\/2024\/08\/6-Pacifico-150x150.png 150w, https:\/\/gentedebasquet.com.ar\/sitio\/wp-content\/uploads\/2024\/08\/6-Pacifico-768x768.png 768w, https:\/\/gentedebasquet.com.ar\/sitio\/wp-content\/uploads\/2024\/08\/6-Pacifico-75x75.png 75w, https:\/\/gentedebasquet.com.ar\/sitio\/wp-content\/uploads\/2024\/08\/6-Pacifico-350x350.png 350w, https:\/\/gentedebasquet.com.ar\/sitio\/wp-content\/uploads\/2024\/08\/6-Pacifico-750x750.png 750w\" sizes=\"(max-width: 1024px) 100vw, 1024px\" \/><\/p>\n<p><strong>LEANDRO N. ALEM:<\/strong> Momentos de transici\u00f3n en la Cortada tras el punto final del brillante ciclo de Mauro Polla en el club. Perdi\u00f3 a casi todas sus figuras de la \u00faltima enorme campa\u00f1a que lo meti\u00f3 en semis. La apuesta ser\u00e1 por un DT de jerarqu\u00eda que estuvo ah\u00ed durante todo este tiempo, y la llegada de varias fichas mayores para cubrir el vac\u00edo de tantos chicos que desplegaron sus alas buscando otros rumbos.<\/p>\n<p><img decoding=\"async\" class=\"alignnone wp-image-113152 size-full\" src=\"http:\/\/gentedebasquet.com.ar\/sitio\/wp-content\/uploads\/2024\/08\/7-Alem.png\" alt=\"\" width=\"1024\" height=\"1024\" srcset=\"https:\/\/gentedebasquet.com.ar\/sitio\/wp-content\/uploads\/2024\/08\/7-Alem.png 1024w, https:\/\/gentedebasquet.com.ar\/sitio\/wp-content\/uploads\/2024\/08\/7-Alem-300x300.png 300w, https:\/\/gentedebasquet.com.ar\/sitio\/wp-content\/uploads\/2024\/08\/7-Alem-150x150.png 150w, https:\/\/gentedebasquet.com.ar\/sitio\/wp-content\/uploads\/2024\/08\/7-Alem-768x768.png 768w, https:\/\/gentedebasquet.com.ar\/sitio\/wp-content\/uploads\/2024\/08\/7-Alem-75x75.png 75w, https:\/\/gentedebasquet.com.ar\/sitio\/wp-content\/uploads\/2024\/08\/7-Alem-350x350.png 350w, https:\/\/gentedebasquet.com.ar\/sitio\/wp-content\/uploads\/2024\/08\/7-Alem-750x750.png 750w\" sizes=\"(max-width: 1024px) 100vw, 1024px\" \/><\/p>\n<p style=\"text-align: center;\"><em>LOS DEL MEDIO<\/em><\/p>\n<p><strong>ESTRELLA:<\/strong> Luego de ser una de las revelaciones de la \u00faltima temporada, con su hist\u00f3rica clasificaci\u00f3n a semis incluida, en el barrio San Mart\u00edn hubo que hacer retoques tras perder a dos fichas muy importantes de aquella picante media cancha. Con la vuelta de un base que ya conoce el club y el cambio de DT tras la salida de un emblema como Lucho, intentar\u00e1 hacerse fuerte en casa para meterse en playoffs.<\/p>\n<p><img decoding=\"async\" class=\"alignnone wp-image-113153 size-full\" src=\"http:\/\/gentedebasquet.com.ar\/sitio\/wp-content\/uploads\/2024\/08\/8-Estrella.png\" alt=\"\" width=\"768\" height=\"768\" srcset=\"https:\/\/gentedebasquet.com.ar\/sitio\/wp-content\/uploads\/2024\/08\/8-Estrella.png 768w, https:\/\/gentedebasquet.com.ar\/sitio\/wp-content\/uploads\/2024\/08\/8-Estrella-300x300.png 300w, https:\/\/gentedebasquet.com.ar\/sitio\/wp-content\/uploads\/2024\/08\/8-Estrella-150x150.png 150w, https:\/\/gentedebasquet.com.ar\/sitio\/wp-content\/uploads\/2024\/08\/8-Estrella-75x75.png 75w, https:\/\/gentedebasquet.com.ar\/sitio\/wp-content\/uploads\/2024\/08\/8-Estrella-350x350.png 350w, https:\/\/gentedebasquet.com.ar\/sitio\/wp-content\/uploads\/2024\/08\/8-Estrella-750x750.png 750w\" sizes=\"(max-width: 768px) 100vw, 768px\" \/><\/p>\n<p><strong>SAN LORENZO:<\/strong> Tras sufrir m\u00e1s de la cuenta y pasar el filtro de otra Promoci\u00f3n, la Generaci\u00f3n Naranja se prepara para el que podr\u00eda ser su \u00faltimo acto. El torneo corto ayud\u00f3 para convencer al d\u00fao din\u00e1mico de seguir jugando unos meses m\u00e1s, por lo que entonces cada partido ser\u00e1 una buena y emotiva excusa para disfrutarlos junto a su hist\u00f3rico entrenador. Dar\u00e1n pelea, como siempre, para jugar la post temporada.<\/p>\n<p><img decoding=\"async\" class=\"alignnone wp-image-113154 size-full\" src=\"http:\/\/gentedebasquet.com.ar\/sitio\/wp-content\/uploads\/2024\/08\/9-San-Lorenzo.png\" alt=\"\" width=\"1024\" height=\"1024\" srcset=\"https:\/\/gentedebasquet.com.ar\/sitio\/wp-content\/uploads\/2024\/08\/9-San-Lorenzo.png 1024w, https:\/\/gentedebasquet.com.ar\/sitio\/wp-content\/uploads\/2024\/08\/9-San-Lorenzo-300x300.png 300w, https:\/\/gentedebasquet.com.ar\/sitio\/wp-content\/uploads\/2024\/08\/9-San-Lorenzo-150x150.png 150w, https:\/\/gentedebasquet.com.ar\/sitio\/wp-content\/uploads\/2024\/08\/9-San-Lorenzo-768x768.png 768w, https:\/\/gentedebasquet.com.ar\/sitio\/wp-content\/uploads\/2024\/08\/9-San-Lorenzo-75x75.png 75w, https:\/\/gentedebasquet.com.ar\/sitio\/wp-content\/uploads\/2024\/08\/9-San-Lorenzo-350x350.png 350w, https:\/\/gentedebasquet.com.ar\/sitio\/wp-content\/uploads\/2024\/08\/9-San-Lorenzo-750x750.png 750w\" sizes=\"(max-width: 1024px) 100vw, 1024px\" \/><\/p>\n<p><strong>ESTUDIANTES:<\/strong> Arrastrando todav\u00eda el dolor de haber sido uno de los equipos m\u00e1s flojos del torneo anterior, y luego de sufrir las series por el descenso, el Albo no s\u00f3lo no pudo reforzarse sino que incluso perdi\u00f3 varias fichas importantes. Pron\u00f3stico incierto en un a\u00f1o en el que todo parece indicar que seguir\u00e1 navegando m\u00e1s cerca del fondo de la tabla que de la zona de playoffs.<\/p>\n<p><img decoding=\"async\" class=\"alignnone wp-image-113155 size-full\" src=\"http:\/\/gentedebasquet.com.ar\/sitio\/wp-content\/uploads\/2024\/08\/10-Estudiantes.png\" alt=\"\" width=\"1024\" height=\"1024\" srcset=\"https:\/\/gentedebasquet.com.ar\/sitio\/wp-content\/uploads\/2024\/08\/10-Estudiantes.png 1024w, https:\/\/gentedebasquet.com.ar\/sitio\/wp-content\/uploads\/2024\/08\/10-Estudiantes-300x300.png 300w, https:\/\/gentedebasquet.com.ar\/sitio\/wp-content\/uploads\/2024\/08\/10-Estudiantes-150x150.png 150w, https:\/\/gentedebasquet.com.ar\/sitio\/wp-content\/uploads\/2024\/08\/10-Estudiantes-768x768.png 768w, https:\/\/gentedebasquet.com.ar\/sitio\/wp-content\/uploads\/2024\/08\/10-Estudiantes-75x75.png 75w, https:\/\/gentedebasquet.com.ar\/sitio\/wp-content\/uploads\/2024\/08\/10-Estudiantes-350x350.png 350w, https:\/\/gentedebasquet.com.ar\/sitio\/wp-content\/uploads\/2024\/08\/10-Estudiantes-750x750.png 750w\" sizes=\"(max-width: 1024px) 100vw, 1024px\" \/><\/p>\n<p style=\"text-align: center;\"><em>LOS DE ABAJO<\/em><\/p>\n<p><strong>9 DE JULIO:<\/strong> Protagoniz\u00f3 uno de los fracasos m\u00e1s ruidosos del b\u00e1squet local en mucho tiempo con un plantel cargado de figuras que desbarranc\u00f3. La mala campa\u00f1a se llev\u00f3 puesto todo, primero el DT y ya en receso el quinteto inicial completo, por lo que arm\u00f3 un equipo de emergencia con un par de fichajes para acompa\u00f1ar a los chicos del club. Parece dif\u00edcil que pueda jugar algo m\u00e1s que la serie por la Permanencia.<\/p>\n<p><img decoding=\"async\" class=\"alignnone wp-image-113156 size-full\" src=\"http:\/\/gentedebasquet.com.ar\/sitio\/wp-content\/uploads\/2024\/08\/11-9-de-Julio.png\" alt=\"\" width=\"1024\" height=\"1024\" srcset=\"https:\/\/gentedebasquet.com.ar\/sitio\/wp-content\/uploads\/2024\/08\/11-9-de-Julio.png 1024w, https:\/\/gentedebasquet.com.ar\/sitio\/wp-content\/uploads\/2024\/08\/11-9-de-Julio-300x300.png 300w, https:\/\/gentedebasquet.com.ar\/sitio\/wp-content\/uploads\/2024\/08\/11-9-de-Julio-150x150.png 150w, https:\/\/gentedebasquet.com.ar\/sitio\/wp-content\/uploads\/2024\/08\/11-9-de-Julio-768x768.png 768w, https:\/\/gentedebasquet.com.ar\/sitio\/wp-content\/uploads\/2024\/08\/11-9-de-Julio-75x75.png 75w, https:\/\/gentedebasquet.com.ar\/sitio\/wp-content\/uploads\/2024\/08\/11-9-de-Julio-350x350.png 350w, https:\/\/gentedebasquet.com.ar\/sitio\/wp-content\/uploads\/2024\/08\/11-9-de-Julio-750x750.png 750w\" sizes=\"(max-width: 1024px) 100vw, 1024px\" \/><\/p>\n<p><strong>BARRACAS CENTRAL:<\/strong> Pasaron los festejos por su sorprendente Ascenso, y cuando baj\u00f3 la espuma se encontraron con que el \u00e1rbol hab\u00eda tapado al Bosque. El receso dio inicio a una estampida en la que no qued\u00f3 (casi) nadie, y el nulo presupuesto tampoco alcanz\u00f3 para reforzarse. M\u00e1s all\u00e1 de algunas caras nuevas que llegaron desde Segunda, tiene menos plantel que antes\u2026 Le ser\u00e1 complicad\u00edsimo mantenerse en Primera<\/p>\n<p><img decoding=\"async\" class=\"alignnone wp-image-113157 size-full\" src=\"http:\/\/gentedebasquet.com.ar\/sitio\/wp-content\/uploads\/2024\/08\/12-Barracas.png\" alt=\"\" width=\"1024\" height=\"1024\" srcset=\"https:\/\/gentedebasquet.com.ar\/sitio\/wp-content\/uploads\/2024\/08\/12-Barracas.png 1024w, https:\/\/gentedebasquet.com.ar\/sitio\/wp-content\/uploads\/2024\/08\/12-Barracas-300x300.png 300w, https:\/\/gentedebasquet.com.ar\/sitio\/wp-content\/uploads\/2024\/08\/12-Barracas-150x150.png 150w, https:\/\/gentedebasquet.com.ar\/sitio\/wp-content\/uploads\/2024\/08\/12-Barracas-768x768.png 768w, https:\/\/gentedebasquet.com.ar\/sitio\/wp-content\/uploads\/2024\/08\/12-Barracas-75x75.png 75w, https:\/\/gentedebasquet.com.ar\/sitio\/wp-content\/uploads\/2024\/08\/12-Barracas-350x350.png 350w, https:\/\/gentedebasquet.com.ar\/sitio\/wp-content\/uploads\/2024\/08\/12-Barracas-750x750.png 750w\" sizes=\"(max-width: 1024px) 100vw, 1024px\" \/><\/p>\n<h3><strong>SEGUNDA DIVISI\u00d3N:<\/strong><\/h3>\n<p style=\"text-align: center;\"><em>LOS CANDIDATOS<\/em><\/p>\n<p><strong>EL NACIONAL:<\/strong> Buscando cicatrizar las heridas de un Ascenso que parec\u00eda inminente, el Celeste tiene revancha r\u00e1pida y se rearm\u00f3 sabiendo que est\u00e1 a 100 d\u00edas de volver a Primera. Dos fichajes tremendos para la categor\u00eda le dar\u00e1n una cuota extra de v\u00e9rtigo y gol, para que una fase regular al trote pueda decantar en un final feliz. Jugar\u00e1 con la mochila (y la ri\u00f1onera) puesta, una presi\u00f3n que no aflojar\u00e1 hasta cortar las redes.<\/p>\n<p><img decoding=\"async\" class=\"alignnone wp-image-113159 size-full\" src=\"http:\/\/gentedebasquet.com.ar\/sitio\/wp-content\/uploads\/2024\/08\/1-El-Nacional.png\" alt=\"\" width=\"768\" height=\"768\" srcset=\"https:\/\/gentedebasquet.com.ar\/sitio\/wp-content\/uploads\/2024\/08\/1-El-Nacional.png 768w, https:\/\/gentedebasquet.com.ar\/sitio\/wp-content\/uploads\/2024\/08\/1-El-Nacional-300x300.png 300w, https:\/\/gentedebasquet.com.ar\/sitio\/wp-content\/uploads\/2024\/08\/1-El-Nacional-150x150.png 150w, https:\/\/gentedebasquet.com.ar\/sitio\/wp-content\/uploads\/2024\/08\/1-El-Nacional-75x75.png 75w, https:\/\/gentedebasquet.com.ar\/sitio\/wp-content\/uploads\/2024\/08\/1-El-Nacional-350x350.png 350w, https:\/\/gentedebasquet.com.ar\/sitio\/wp-content\/uploads\/2024\/08\/1-El-Nacional-750x750.png 750w\" sizes=\"(max-width: 768px) 100vw, 768px\" \/><\/p>\n<p><strong>PUEYRRED\u00d3N:<\/strong> El martirio de la temporada pasada qued\u00f3 atr\u00e1s, y en el Purre se ilusionan con un alto plantel que pudieron armar para volver lo antes posible a Primera. El cambio de DT, un par de refuerzos de jerarqu\u00eda y la continuidad de una base que en esta categor\u00eda deber\u00eda marcar diferencias, lo colocan a las puertas de la Final seg\u00fan nuestra querida bola de cristal.<\/p>\n<p><img decoding=\"async\" class=\"alignnone wp-image-113160 size-full\" src=\"http:\/\/gentedebasquet.com.ar\/sitio\/wp-content\/uploads\/2024\/08\/2-Pueyrredon.png\" alt=\"\" width=\"768\" height=\"768\" srcset=\"https:\/\/gentedebasquet.com.ar\/sitio\/wp-content\/uploads\/2024\/08\/2-Pueyrredon.png 768w, https:\/\/gentedebasquet.com.ar\/sitio\/wp-content\/uploads\/2024\/08\/2-Pueyrredon-300x300.png 300w, https:\/\/gentedebasquet.com.ar\/sitio\/wp-content\/uploads\/2024\/08\/2-Pueyrredon-150x150.png 150w, https:\/\/gentedebasquet.com.ar\/sitio\/wp-content\/uploads\/2024\/08\/2-Pueyrredon-75x75.png 75w, https:\/\/gentedebasquet.com.ar\/sitio\/wp-content\/uploads\/2024\/08\/2-Pueyrredon-350x350.png 350w, https:\/\/gentedebasquet.com.ar\/sitio\/wp-content\/uploads\/2024\/08\/2-Pueyrredon-750x750.png 750w\" sizes=\"(max-width: 768px) 100vw, 768px\" \/><\/p>\n<p><strong>ALTENSE:<\/strong> Sigue siendo por lejos el mejor y m\u00e1s armado de los equipos de Punta Alta, con un \u00fanico objetivo fijo por el que viene peleando y quedando muy cerca en las \u00faltimas temporadas. Mantuvo gran parte del equipo y sum\u00f3 en puestos claves como el base y el pivot, para ser el tercero en discordia en procura de llegar a la Final. Su m\u00edstica nos obliga a todos a volver a tenerlo en cuenta en la discusi\u00f3n.<\/p>\n<p><img decoding=\"async\" class=\"alignnone wp-image-113161 size-full\" src=\"http:\/\/gentedebasquet.com.ar\/sitio\/wp-content\/uploads\/2024\/08\/3-Altense.png\" alt=\"\" width=\"1024\" height=\"1024\" srcset=\"https:\/\/gentedebasquet.com.ar\/sitio\/wp-content\/uploads\/2024\/08\/3-Altense.png 1024w, https:\/\/gentedebasquet.com.ar\/sitio\/wp-content\/uploads\/2024\/08\/3-Altense-300x300.png 300w, https:\/\/gentedebasquet.com.ar\/sitio\/wp-content\/uploads\/2024\/08\/3-Altense-150x150.png 150w, https:\/\/gentedebasquet.com.ar\/sitio\/wp-content\/uploads\/2024\/08\/3-Altense-768x768.png 768w, https:\/\/gentedebasquet.com.ar\/sitio\/wp-content\/uploads\/2024\/08\/3-Altense-75x75.png 75w, https:\/\/gentedebasquet.com.ar\/sitio\/wp-content\/uploads\/2024\/08\/3-Altense-350x350.png 350w, https:\/\/gentedebasquet.com.ar\/sitio\/wp-content\/uploads\/2024\/08\/3-Altense-750x750.png 750w\" sizes=\"(max-width: 1024px) 100vw, 1024px\" \/><\/p>\n<p style=\"text-align: center;\"><em>LOS RIVALES<\/em><\/p>\n<p><strong>ARGENTINO:<\/strong> Asoma en la curva ascendente de haber terminado en Semis el torneo anterior, y se reforz\u00f3 como para repetir ese protagonismo. La llegada de jugadores de jerarqu\u00eda y experiencia en la categor\u00eda, que adem\u00e1s fueron claves en los \u00faltimos dos equipos ascendidos le otorga chapa de adversario complicado. Va a pelear arriba.<\/p>\n<p><img decoding=\"async\" class=\"alignnone wp-image-113162 size-full\" src=\"http:\/\/gentedebasquet.com.ar\/sitio\/wp-content\/uploads\/2024\/08\/4-Argentino.png\" alt=\"\" width=\"768\" height=\"768\" srcset=\"https:\/\/gentedebasquet.com.ar\/sitio\/wp-content\/uploads\/2024\/08\/4-Argentino.png 768w, https:\/\/gentedebasquet.com.ar\/sitio\/wp-content\/uploads\/2024\/08\/4-Argentino-300x300.png 300w, https:\/\/gentedebasquet.com.ar\/sitio\/wp-content\/uploads\/2024\/08\/4-Argentino-150x150.png 150w, https:\/\/gentedebasquet.com.ar\/sitio\/wp-content\/uploads\/2024\/08\/4-Argentino-75x75.png 75w, https:\/\/gentedebasquet.com.ar\/sitio\/wp-content\/uploads\/2024\/08\/4-Argentino-350x350.png 350w, https:\/\/gentedebasquet.com.ar\/sitio\/wp-content\/uploads\/2024\/08\/4-Argentino-750x750.png 750w\" sizes=\"(max-width: 768px) 100vw, 768px\" \/><\/p>\n<p><strong>BARRIO HOSPITAL:<\/strong> Tras prometer m\u00e1s de lo que finalmente pudo cumplir en la temporada pasada, volvi\u00f3 a romper el mercado con ofertas suculentas y contratos que exceden la categor\u00eda. Sum\u00f3 una dupla interna que ser\u00e1 la de mayor tama\u00f1o y tiene un quinteto que suena muy bien. Sus fichas est\u00e1n en el pa\u00f1o\u2026 \u00a1Hagan sus apuestas!<\/p>\n<p><img decoding=\"async\" class=\"alignnone wp-image-113163 size-full\" src=\"http:\/\/gentedebasquet.com.ar\/sitio\/wp-content\/uploads\/2024\/08\/5-Barrio-Hospital.png\" alt=\"\" width=\"1024\" height=\"1024\" srcset=\"https:\/\/gentedebasquet.com.ar\/sitio\/wp-content\/uploads\/2024\/08\/5-Barrio-Hospital.png 1024w, https:\/\/gentedebasquet.com.ar\/sitio\/wp-content\/uploads\/2024\/08\/5-Barrio-Hospital-300x300.png 300w, https:\/\/gentedebasquet.com.ar\/sitio\/wp-content\/uploads\/2024\/08\/5-Barrio-Hospital-150x150.png 150w, https:\/\/gentedebasquet.com.ar\/sitio\/wp-content\/uploads\/2024\/08\/5-Barrio-Hospital-768x768.png 768w, https:\/\/gentedebasquet.com.ar\/sitio\/wp-content\/uploads\/2024\/08\/5-Barrio-Hospital-75x75.png 75w, https:\/\/gentedebasquet.com.ar\/sitio\/wp-content\/uploads\/2024\/08\/5-Barrio-Hospital-350x350.png 350w, https:\/\/gentedebasquet.com.ar\/sitio\/wp-content\/uploads\/2024\/08\/5-Barrio-Hospital-750x750.png 750w\" sizes=\"(max-width: 1024px) 100vw, 1024px\" \/><\/p>\n<p><strong>SPORTIVO:<\/strong> El tricolor pudo mantener una base confiable que le permite ser protagonista repetido en la categor\u00eda desde hace mucho tiempo. Un plantel largo y parejo, inc\u00f3modo para cualquiera, que buscar\u00e1 llegar en alza a los playoffs para intentar el zarpazo.<\/p>\n<p><img decoding=\"async\" class=\"alignnone wp-image-113164 size-full\" src=\"http:\/\/gentedebasquet.com.ar\/sitio\/wp-content\/uploads\/2024\/08\/6-Sportivo.png\" alt=\"\" width=\"1024\" height=\"1024\" srcset=\"https:\/\/gentedebasquet.com.ar\/sitio\/wp-content\/uploads\/2024\/08\/6-Sportivo.png 1024w, https:\/\/gentedebasquet.com.ar\/sitio\/wp-content\/uploads\/2024\/08\/6-Sportivo-300x300.png 300w, https:\/\/gentedebasquet.com.ar\/sitio\/wp-content\/uploads\/2024\/08\/6-Sportivo-150x150.png 150w, https:\/\/gentedebasquet.com.ar\/sitio\/wp-content\/uploads\/2024\/08\/6-Sportivo-768x768.png 768w, https:\/\/gentedebasquet.com.ar\/sitio\/wp-content\/uploads\/2024\/08\/6-Sportivo-75x75.png 75w, https:\/\/gentedebasquet.com.ar\/sitio\/wp-content\/uploads\/2024\/08\/6-Sportivo-350x350.png 350w, https:\/\/gentedebasquet.com.ar\/sitio\/wp-content\/uploads\/2024\/08\/6-Sportivo-750x750.png 750w\" sizes=\"(max-width: 1024px) 100vw, 1024px\" \/><\/p>\n<p><strong>INDEPENDIENTE:<\/strong> El viola se qued\u00f3 a las puertas de lo que hubiese sido una hist\u00f3rica semifinal en el campeonato pasado, y ahora mantuvo la base como para intentar repetir. Tendr\u00e1 la ventaja de conocerse de memoria, clave en un torneo corto. Otra fija para ser parte de los juegos eliminatorios<\/p>\n<p><img decoding=\"async\" class=\"alignnone wp-image-113165 size-full\" src=\"http:\/\/gentedebasquet.com.ar\/sitio\/wp-content\/uploads\/2024\/08\/7-Independiente.png\" alt=\"\" width=\"768\" height=\"768\" srcset=\"https:\/\/gentedebasquet.com.ar\/sitio\/wp-content\/uploads\/2024\/08\/7-Independiente.png 768w, https:\/\/gentedebasquet.com.ar\/sitio\/wp-content\/uploads\/2024\/08\/7-Independiente-300x300.png 300w, https:\/\/gentedebasquet.com.ar\/sitio\/wp-content\/uploads\/2024\/08\/7-Independiente-150x150.png 150w, https:\/\/gentedebasquet.com.ar\/sitio\/wp-content\/uploads\/2024\/08\/7-Independiente-75x75.png 75w, https:\/\/gentedebasquet.com.ar\/sitio\/wp-content\/uploads\/2024\/08\/7-Independiente-350x350.png 350w, https:\/\/gentedebasquet.com.ar\/sitio\/wp-content\/uploads\/2024\/08\/7-Independiente-750x750.png 750w\" sizes=\"(max-width: 768px) 100vw, 768px\" \/><\/p>\n<p><strong>PUERTO COMERCIAL:<\/strong> El verdiamarillo mejor\u00f3 sus expectativas con un plantel renovado y flamante DT, buscando paulatinamente volver a ser protagonista. Una media cancha con mucho gol, aleros vers\u00e1tiles e internos pesados, un c\u00f3ctel con el que intentar\u00e1 meterse en los playoffs y llegar a buen Puerto.<\/p>\n<p><img decoding=\"async\" class=\"alignnone wp-image-113166 size-full\" src=\"http:\/\/gentedebasquet.com.ar\/sitio\/wp-content\/uploads\/2024\/08\/8-Comercial.png\" alt=\"\" width=\"1024\" height=\"1024\" srcset=\"https:\/\/gentedebasquet.com.ar\/sitio\/wp-content\/uploads\/2024\/08\/8-Comercial.png 1024w, https:\/\/gentedebasquet.com.ar\/sitio\/wp-content\/uploads\/2024\/08\/8-Comercial-300x300.png 300w, https:\/\/gentedebasquet.com.ar\/sitio\/wp-content\/uploads\/2024\/08\/8-Comercial-150x150.png 150w, https:\/\/gentedebasquet.com.ar\/sitio\/wp-content\/uploads\/2024\/08\/8-Comercial-768x768.png 768w, https:\/\/gentedebasquet.com.ar\/sitio\/wp-content\/uploads\/2024\/08\/8-Comercial-75x75.png 75w, https:\/\/gentedebasquet.com.ar\/sitio\/wp-content\/uploads\/2024\/08\/8-Comercial-350x350.png 350w, https:\/\/gentedebasquet.com.ar\/sitio\/wp-content\/uploads\/2024\/08\/8-Comercial-750x750.png 750w\" sizes=\"(max-width: 1024px) 100vw, 1024px\" \/><\/p>\n<p><strong>LOS ANDES:<\/strong> Con su extranjero renovado y la llegada de algunos ex, Losa no se resigna y pretende ser uno m\u00e1s en el pelot\u00f3n de los que buscan su acceso a Cuartos de Final. Las expectativas van de la mano con la inc\u00f3gnita de c\u00f3mo asumir\u00e1n la responsabilidad de convertirse en el otro equipo puntaltense que logre seguir en carrera.<\/p>\n<p><img decoding=\"async\" class=\"alignnone wp-image-113167 size-full\" src=\"http:\/\/gentedebasquet.com.ar\/sitio\/wp-content\/uploads\/2024\/08\/9-Los-Andes.png\" alt=\"\" width=\"1024\" height=\"1024\" srcset=\"https:\/\/gentedebasquet.com.ar\/sitio\/wp-content\/uploads\/2024\/08\/9-Los-Andes.png 1024w, https:\/\/gentedebasquet.com.ar\/sitio\/wp-content\/uploads\/2024\/08\/9-Los-Andes-300x300.png 300w, https:\/\/gentedebasquet.com.ar\/sitio\/wp-content\/uploads\/2024\/08\/9-Los-Andes-150x150.png 150w, https:\/\/gentedebasquet.com.ar\/sitio\/wp-content\/uploads\/2024\/08\/9-Los-Andes-768x768.png 768w, https:\/\/gentedebasquet.com.ar\/sitio\/wp-content\/uploads\/2024\/08\/9-Los-Andes-75x75.png 75w, https:\/\/gentedebasquet.com.ar\/sitio\/wp-content\/uploads\/2024\/08\/9-Los-Andes-350x350.png 350w, https:\/\/gentedebasquet.com.ar\/sitio\/wp-content\/uploads\/2024\/08\/9-Los-Andes-750x750.png 750w\" sizes=\"(max-width: 1024px) 100vw, 1024px\" \/><\/p>\n<p><strong>ATENEO:<\/strong> La vuelta de varios elementos propios ilusiona para dar un salto de calidad con relaci\u00f3n a la temporada pasada, y abandonar definitivamente los puestos del fondo. Un mix de juventud y experiencia en procura de, como tantos otros, cumplir el objetivo de llegar a los playoffs.<\/p>\n<p><img decoding=\"async\" class=\"alignnone wp-image-113168 size-full\" src=\"http:\/\/gentedebasquet.com.ar\/sitio\/wp-content\/uploads\/2024\/08\/10-Ateneo.png\" alt=\"\" width=\"768\" height=\"768\" srcset=\"https:\/\/gentedebasquet.com.ar\/sitio\/wp-content\/uploads\/2024\/08\/10-Ateneo.png 768w, https:\/\/gentedebasquet.com.ar\/sitio\/wp-content\/uploads\/2024\/08\/10-Ateneo-300x300.png 300w, https:\/\/gentedebasquet.com.ar\/sitio\/wp-content\/uploads\/2024\/08\/10-Ateneo-150x150.png 150w, https:\/\/gentedebasquet.com.ar\/sitio\/wp-content\/uploads\/2024\/08\/10-Ateneo-75x75.png 75w, https:\/\/gentedebasquet.com.ar\/sitio\/wp-content\/uploads\/2024\/08\/10-Ateneo-350x350.png 350w, https:\/\/gentedebasquet.com.ar\/sitio\/wp-content\/uploads\/2024\/08\/10-Ateneo-750x750.png 750w\" sizes=\"(max-width: 768px) 100vw, 768px\" \/><\/p>\n<p style=\"text-align: center;\"><em>EL RESTO<\/em><\/p>\n<p><strong>ESPORA:<\/strong> Personalidad y gol en el per\u00edmetro con una media cancha picante, que va a convivir con la incertidumbre de quiz\u00e1s sufrir a rivales con mayor jerarqu\u00eda cerca de los tableros. Parecer\u00eda tener m\u00e1s que en la \u00faltima temporada, aunque nada le garantiza llegar a estar entre los 8.<\/p>\n<p><img decoding=\"async\" class=\"alignnone wp-image-113169 size-full\" src=\"http:\/\/gentedebasquet.com.ar\/sitio\/wp-content\/uploads\/2024\/08\/11-Espora.png\" alt=\"\" width=\"768\" height=\"768\" srcset=\"https:\/\/gentedebasquet.com.ar\/sitio\/wp-content\/uploads\/2024\/08\/11-Espora.png 768w, https:\/\/gentedebasquet.com.ar\/sitio\/wp-content\/uploads\/2024\/08\/11-Espora-300x300.png 300w, https:\/\/gentedebasquet.com.ar\/sitio\/wp-content\/uploads\/2024\/08\/11-Espora-150x150.png 150w, https:\/\/gentedebasquet.com.ar\/sitio\/wp-content\/uploads\/2024\/08\/11-Espora-75x75.png 75w, https:\/\/gentedebasquet.com.ar\/sitio\/wp-content\/uploads\/2024\/08\/11-Espora-350x350.png 350w, https:\/\/gentedebasquet.com.ar\/sitio\/wp-content\/uploads\/2024\/08\/11-Espora-750x750.png 750w\" sizes=\"(max-width: 768px) 100vw, 768px\" \/><\/p>\n<p><strong>VELOCIDAD:<\/strong> Velo se anota con un grupo mejorado a partir de la llegada de varios jugadores que no fueron tenidos en cuenta en sus clubes de origen. Como suele pasar en estos casos, el hambre de demostrar que pueden jugar minutos de calidad ser\u00e1 la energ\u00eda que los impulsar\u00e1 para alejarse del fondo.<\/p>\n<p><img decoding=\"async\" class=\"alignnone wp-image-113170 size-full\" src=\"http:\/\/gentedebasquet.com.ar\/sitio\/wp-content\/uploads\/2024\/08\/12-Velocidad.png\" alt=\"\" width=\"768\" height=\"768\" srcset=\"https:\/\/gentedebasquet.com.ar\/sitio\/wp-content\/uploads\/2024\/08\/12-Velocidad.png 768w, https:\/\/gentedebasquet.com.ar\/sitio\/wp-content\/uploads\/2024\/08\/12-Velocidad-300x300.png 300w, https:\/\/gentedebasquet.com.ar\/sitio\/wp-content\/uploads\/2024\/08\/12-Velocidad-150x150.png 150w, https:\/\/gentedebasquet.com.ar\/sitio\/wp-content\/uploads\/2024\/08\/12-Velocidad-75x75.png 75w, https:\/\/gentedebasquet.com.ar\/sitio\/wp-content\/uploads\/2024\/08\/12-Velocidad-350x350.png 350w, https:\/\/gentedebasquet.com.ar\/sitio\/wp-content\/uploads\/2024\/08\/12-Velocidad-750x750.png 750w\" sizes=\"(max-width: 768px) 100vw, 768px\" \/><\/p>\n<p><strong>PELLEGRINI:<\/strong> Otro a\u00f1o de transici\u00f3n para el azulgrana, que definitivamente parece ser el m\u00e1s complicado entre los 5 elencos puntaltenses. Jugar\u00e1 un torneo aparte para no quedar en la retaguardia, y buscar\u00e1 molestar en su casa para convertirse en algo m\u00e1s.<\/p>\n<p><img decoding=\"async\" class=\"alignnone wp-image-113171 size-full\" src=\"http:\/\/gentedebasquet.com.ar\/sitio\/wp-content\/uploads\/2024\/08\/13-Pellegrini.png\" alt=\"\" width=\"768\" height=\"768\" srcset=\"https:\/\/gentedebasquet.com.ar\/sitio\/wp-content\/uploads\/2024\/08\/13-Pellegrini.png 768w, https:\/\/gentedebasquet.com.ar\/sitio\/wp-content\/uploads\/2024\/08\/13-Pellegrini-300x300.png 300w, https:\/\/gentedebasquet.com.ar\/sitio\/wp-content\/uploads\/2024\/08\/13-Pellegrini-150x150.png 150w, https:\/\/gentedebasquet.com.ar\/sitio\/wp-content\/uploads\/2024\/08\/13-Pellegrini-75x75.png 75w, https:\/\/gentedebasquet.com.ar\/sitio\/wp-content\/uploads\/2024\/08\/13-Pellegrini-350x350.png 350w, https:\/\/gentedebasquet.com.ar\/sitio\/wp-content\/uploads\/2024\/08\/13-Pellegrini-750x750.png 750w\" sizes=\"(max-width: 768px) 100vw, 768px\" \/><\/p>\n<p><strong>BAH\u00cdA BASKET:\u00a0<\/strong>Qu\u00e9 lejos qued\u00f3 la era profesional para una organizaci\u00f3n que intenta sobrevivir haciendo la plancha en nuestros torneos. Sin objetivos ni aspiraciones a la vista, m\u00e1s que cumplir con el reglamento que lo obliga a competir en Segunda.<\/p>\n<p><img decoding=\"async\" class=\"alignnone wp-image-113172 size-full\" src=\"http:\/\/gentedebasquet.com.ar\/sitio\/wp-content\/uploads\/2024\/08\/14-Bahia-Basket.png\" alt=\"\" width=\"768\" height=\"768\" srcset=\"https:\/\/gentedebasquet.com.ar\/sitio\/wp-content\/uploads\/2024\/08\/14-Bahia-Basket.png 768w, https:\/\/gentedebasquet.com.ar\/sitio\/wp-content\/uploads\/2024\/08\/14-Bahia-Basket-300x300.png 300w, https:\/\/gentedebasquet.com.ar\/sitio\/wp-content\/uploads\/2024\/08\/14-Bahia-Basket-150x150.png 150w, https:\/\/gentedebasquet.com.ar\/sitio\/wp-content\/uploads\/2024\/08\/14-Bahia-Basket-75x75.png 75w, https:\/\/gentedebasquet.com.ar\/sitio\/wp-content\/uploads\/2024\/08\/14-Bahia-Basket-350x350.png 350w, https:\/\/gentedebasquet.com.ar\/sitio\/wp-content\/uploads\/2024\/08\/14-Bahia-Basket-750x750.png 750w\" sizes=\"(max-width: 768px) 100vw, 768px\" \/><\/p>\n<p><strong>WHITENSE:\u00a0<\/strong>Los Aviones Azules decidieron encarar el torneo corto con un equipo conformado casi en su totalidad por jugadores propios, hechos en el club. Ser\u00e1 un a\u00f1o de experiencias y aprendizajes, seguramente con m\u00e1s derrotas que sonrisas.<\/p>\n<p><img decoding=\"async\" class=\"alignnone wp-image-113173 size-full\" src=\"http:\/\/gentedebasquet.com.ar\/sitio\/wp-content\/uploads\/2024\/08\/15-Whitense.png\" alt=\"\" width=\"768\" height=\"768\" srcset=\"https:\/\/gentedebasquet.com.ar\/sitio\/wp-content\/uploads\/2024\/08\/15-Whitense.png 768w, https:\/\/gentedebasquet.com.ar\/sitio\/wp-content\/uploads\/2024\/08\/15-Whitense-300x300.png 300w, https:\/\/gentedebasquet.com.ar\/sitio\/wp-content\/uploads\/2024\/08\/15-Whitense-150x150.png 150w, https:\/\/gentedebasquet.com.ar\/sitio\/wp-content\/uploads\/2024\/08\/15-Whitense-75x75.png 75w, https:\/\/gentedebasquet.com.ar\/sitio\/wp-content\/uploads\/2024\/08\/15-Whitense-350x350.png 350w, https:\/\/gentedebasquet.com.ar\/sitio\/wp-content\/uploads\/2024\/08\/15-Whitense-750x750.png 750w\" sizes=\"(max-width: 768px) 100vw, 768px\" \/><\/p>\n<p><strong>LA FALDA:<\/strong> Continuando con la pol\u00edtica de reclutamiento de jugadores\/socios aportantes, Lafa jugar\u00e1 su torneo, con la aspiraci\u00f3n de anotarse alguna victoria que le permita no cerrar las posiciones y romper de una vez nuestra querida bola de cristal.<\/p>\n<p><img decoding=\"async\" class=\"alignnone wp-image-113174 size-full\" src=\"http:\/\/gentedebasquet.com.ar\/sitio\/wp-content\/uploads\/2024\/08\/16-La-Falda.png\" alt=\"\" width=\"768\" height=\"768\" srcset=\"https:\/\/gentedebasquet.com.ar\/sitio\/wp-content\/uploads\/2024\/08\/16-La-Falda.png 768w, https:\/\/gentedebasquet.com.ar\/sitio\/wp-content\/uploads\/2024\/08\/16-La-Falda-300x300.png 300w, https:\/\/gentedebasquet.com.ar\/sitio\/wp-content\/uploads\/2024\/08\/16-La-Falda-150x150.png 150w, https:\/\/gentedebasquet.com.ar\/sitio\/wp-content\/uploads\/2024\/08\/16-La-Falda-75x75.png 75w, https:\/\/gentedebasquet.com.ar\/sitio\/wp-content\/uploads\/2024\/08\/16-La-Falda-350x350.png 350w, https:\/\/gentedebasquet.com.ar\/sitio\/wp-content\/uploads\/2024\/08\/16-La-Falda-750x750.png 750w\" sizes=\"(max-width: 768px) 100vw, 768px\" \/><\/p>\n","protected":false},"excerpt":{"rendered":"<p>\u00a1Lleg\u00f3 el momento m\u00e1s esperado del a\u00f1o! Presentamos en forma exclusiva los pron\u00f3sticos m\u00e1s famosos del b\u00e1squetbol bahiense. Por escrito y con nuestra firma, para que los busques y los puedas releer durante todo el a\u00f1o. Conoc\u00e9 qu\u00e9 va a pasar con cada uno de los 28 equipos en los campeonatos de Primera y Segunda. [&hellip;]<\/p>\n","protected":false},"author":15,"featured_media":113141,"comment_status":"open","ping_status":"open","sticky":false,"template":"","format":"standard","meta":{"jnews-multi-image_gallery":[],"jnews_single_post":{"source_name":"","source_url":"","via_name":"","via_url":"","override_template":"0","override":[{"template":"1","single_blog_custom":"","parallax":"1","fullscreen":"1","layout":"right-sidebar","sidebar":"default-sidebar","second_sidebar":"default-sidebar","sticky_sidebar":"1","share_position":"top","share_float_style":"share-monocrhome","show_share_counter":"0","show_view_counter":"0","show_featured":"1","show_post_meta":"1","show_post_author":"1","show_post_author_image":"0","show_post_date":"1","post_date_format":"default","post_date_format_custom":"Y\/m\/d","show_post_category":"1","show_post_reading_time":"0","post_reading_time_wpm":"300","show_zoom_button":"0","zoom_button_out_step":"2","zoom_button_in_step":"3","show_post_tag":"1","show_prev_next_post":"1","show_popup_post":"0","number_popup_post":"1","show_author_box":"0","show_post_related":"0","show_inline_post_related":"0"}],"override_image_size":"0","image_override":[{"single_post_thumbnail_size":"crop-500","single_post_gallery_size":"crop-500"}],"trending_post":"0","trending_post_position":"meta","trending_post_label":"Trending","sponsored_post":"0","sponsored_post_label":"Sponsored by","sponsored_post_name":"","sponsored_post_url":"","sponsored_post_logo_enable":"0","sponsored_post_logo":"","sponsored_post_desc":"","disable_ad":"0"},"jnews_primary_category":{"id":"","hide":""},"footnotes":""},"categories":[23,25,101],"tags":[570],"class_list":["post-15896","post","type-post","status-publish","format-standard","has-post-thumbnail","hentry","category-primera","category-segunda","category-slide","tag-predicciones"],"yoast_head":"<!-- This site is optimized with the Yoast SEO plugin v27.5 - https:\/\/yoast.com\/product\/yoast-seo-wordpress\/ -->\n<title>\u00a1VOLVIERON LAS PREDICCIONES DE SIEMPRE! - Gente de B\u00e1squet<\/title>\n<meta name=\"robots\" content=\"index, follow, max-snippet:-1, max-image-preview:large, max-video-preview:-1\" \/>\n<link rel=\"canonical\" href=\"https:\/\/gentedebasquet.com.ar\/sitio\/2024\/08\/26\/a-subir-el-volumen-3\/\" \/>\n<meta property=\"og:locale\" content=\"es_ES\" \/>\n<meta property=\"og:type\" content=\"article\" \/>\n<meta property=\"og:title\" content=\"\u00a1VOLVIERON LAS PREDICCIONES DE SIEMPRE! - Gente de B\u00e1squet\" \/>\n<meta property=\"og:description\" content=\"\u00a1Lleg\u00f3 el momento m\u00e1s esperado del a\u00f1o! Presentamos en forma exclusiva los pron\u00f3sticos m\u00e1s famosos del b\u00e1squetbol bahiense. Por escrito y con nuestra firma, para que los busques y los puedas releer durante todo el a\u00f1o. Conoc\u00e9 qu\u00e9 va a pasar con cada uno de los 28 equipos en los campeonatos de Primera y Segunda. [&hellip;]\" \/>\n<meta property=\"og:url\" content=\"https:\/\/gentedebasquet.com.ar\/sitio\/2024\/08\/26\/a-subir-el-volumen-3\/\" \/>\n<meta property=\"og:site_name\" content=\"Gente de B\u00e1squet\" \/>\n<meta property=\"article:published_time\" content=\"2024-08-26T10:00:10+00:00\" \/>\n<meta property=\"article:modified_time\" content=\"2024-08-26T15:28:01+00:00\" \/>\n<meta property=\"og:image\" content=\"https:\/\/gentedebasquet.com.ar\/sitio\/wp-content\/uploads\/2024\/08\/Predicciones.jpeg\" \/>\n\t<meta property=\"og:image:width\" content=\"712\" \/>\n\t<meta property=\"og:image:height\" content=\"533\" \/>\n\t<meta property=\"og:image:type\" content=\"image\/jpeg\" \/>\n<meta name=\"author\" content=\"Diego Vita\" \/>\n<meta name=\"twitter:card\" content=\"summary_large_image\" \/>\n<meta name=\"twitter:label1\" content=\"Escrito por\" \/>\n\t<meta name=\"twitter:data1\" content=\"Diego Vita\" \/>\n\t<meta name=\"twitter:label2\" content=\"Tiempo de lectura\" \/>\n\t<meta name=\"twitter:data2\" content=\"15 minutos\" \/>\n<script type=\"application\/ld+json\" class=\"yoast-schema-graph\">{\"@context\":\"https:\\\/\\\/schema.org\",\"@graph\":[{\"@type\":\"Article\",\"@id\":\"https:\\\/\\\/gentedebasquet.com.ar\\\/sitio\\\/2024\\\/08\\\/26\\\/a-subir-el-volumen-3\\\/#article\",\"isPartOf\":{\"@id\":\"https:\\\/\\\/gentedebasquet.com.ar\\\/sitio\\\/2024\\\/08\\\/26\\\/a-subir-el-volumen-3\\\/\"},\"author\":{\"name\":\"Diego Vita\",\"@id\":\"https:\\\/\\\/gentedebasquet.com.ar\\\/sitio\\\/#\\\/schema\\\/person\\\/f61103f26f1beae4d0588cb2c07ad5dd\"},\"headline\":\"\u00a1VOLVIERON LAS PREDICCIONES DE SIEMPRE!\",\"datePublished\":\"2024-08-26T10:00:10+00:00\",\"dateModified\":\"2024-08-26T15:28:01+00:00\",\"mainEntityOfPage\":{\"@id\":\"https:\\\/\\\/gentedebasquet.com.ar\\\/sitio\\\/2024\\\/08\\\/26\\\/a-subir-el-volumen-3\\\/\"},\"wordCount\":2013,\"commentCount\":0,\"image\":{\"@id\":\"https:\\\/\\\/gentedebasquet.com.ar\\\/sitio\\\/2024\\\/08\\\/26\\\/a-subir-el-volumen-3\\\/#primaryimage\"},\"thumbnailUrl\":\"https:\\\/\\\/gentedebasquet.com.ar\\\/sitio\\\/wp-content\\\/uploads\\\/2024\\\/08\\\/Predicciones.jpeg\",\"keywords\":[\"Predicciones\"],\"articleSection\":[\"Primera\",\"Segunda\",\"Slide\"],\"inLanguage\":\"es\",\"potentialAction\":[{\"@type\":\"CommentAction\",\"name\":\"Comment\",\"target\":[\"https:\\\/\\\/gentedebasquet.com.ar\\\/sitio\\\/2024\\\/08\\\/26\\\/a-subir-el-volumen-3\\\/#respond\"]}]},{\"@type\":\"WebPage\",\"@id\":\"https:\\\/\\\/gentedebasquet.com.ar\\\/sitio\\\/2024\\\/08\\\/26\\\/a-subir-el-volumen-3\\\/\",\"url\":\"https:\\\/\\\/gentedebasquet.com.ar\\\/sitio\\\/2024\\\/08\\\/26\\\/a-subir-el-volumen-3\\\/\",\"name\":\"\u00a1VOLVIERON LAS PREDICCIONES DE SIEMPRE! - Gente de B\u00e1squet\",\"isPartOf\":{\"@id\":\"https:\\\/\\\/gentedebasquet.com.ar\\\/sitio\\\/#website\"},\"primaryImageOfPage\":{\"@id\":\"https:\\\/\\\/gentedebasquet.com.ar\\\/sitio\\\/2024\\\/08\\\/26\\\/a-subir-el-volumen-3\\\/#primaryimage\"},\"image\":{\"@id\":\"https:\\\/\\\/gentedebasquet.com.ar\\\/sitio\\\/2024\\\/08\\\/26\\\/a-subir-el-volumen-3\\\/#primaryimage\"},\"thumbnailUrl\":\"https:\\\/\\\/gentedebasquet.com.ar\\\/sitio\\\/wp-content\\\/uploads\\\/2024\\\/08\\\/Predicciones.jpeg\",\"datePublished\":\"2024-08-26T10:00:10+00:00\",\"dateModified\":\"2024-08-26T15:28:01+00:00\",\"author\":{\"@id\":\"https:\\\/\\\/gentedebasquet.com.ar\\\/sitio\\\/#\\\/schema\\\/person\\\/f61103f26f1beae4d0588cb2c07ad5dd\"},\"breadcrumb\":{\"@id\":\"https:\\\/\\\/gentedebasquet.com.ar\\\/sitio\\\/2024\\\/08\\\/26\\\/a-subir-el-volumen-3\\\/#breadcrumb\"},\"inLanguage\":\"es\",\"potentialAction\":[{\"@type\":\"ReadAction\",\"target\":[\"https:\\\/\\\/gentedebasquet.com.ar\\\/sitio\\\/2024\\\/08\\\/26\\\/a-subir-el-volumen-3\\\/\"]}]},{\"@type\":\"ImageObject\",\"inLanguage\":\"es\",\"@id\":\"https:\\\/\\\/gentedebasquet.com.ar\\\/sitio\\\/2024\\\/08\\\/26\\\/a-subir-el-volumen-3\\\/#primaryimage\",\"url\":\"https:\\\/\\\/gentedebasquet.com.ar\\\/sitio\\\/wp-content\\\/uploads\\\/2024\\\/08\\\/Predicciones.jpeg\",\"contentUrl\":\"https:\\\/\\\/gentedebasquet.com.ar\\\/sitio\\\/wp-content\\\/uploads\\\/2024\\\/08\\\/Predicciones.jpeg\",\"width\":712,\"height\":533},{\"@type\":\"BreadcrumbList\",\"@id\":\"https:\\\/\\\/gentedebasquet.com.ar\\\/sitio\\\/2024\\\/08\\\/26\\\/a-subir-el-volumen-3\\\/#breadcrumb\",\"itemListElement\":[{\"@type\":\"ListItem\",\"position\":1,\"name\":\"Portada\",\"item\":\"https:\\\/\\\/gentedebasquet.com.ar\\\/sitio\\\/\"},{\"@type\":\"ListItem\",\"position\":2,\"name\":\"\u00a1VOLVIERON LAS PREDICCIONES DE SIEMPRE!\"}]},{\"@type\":\"WebSite\",\"@id\":\"https:\\\/\\\/gentedebasquet.com.ar\\\/sitio\\\/#website\",\"url\":\"https:\\\/\\\/gentedebasquet.com.ar\\\/sitio\\\/\",\"name\":\"Gente de B\u00e1squet\",\"description\":\"La revista del basquet de Bah\u00eda Blanca\",\"potentialAction\":[{\"@type\":\"SearchAction\",\"target\":{\"@type\":\"EntryPoint\",\"urlTemplate\":\"https:\\\/\\\/gentedebasquet.com.ar\\\/sitio\\\/?s={search_term_string}\"},\"query-input\":{\"@type\":\"PropertyValueSpecification\",\"valueRequired\":true,\"valueName\":\"search_term_string\"}}],\"inLanguage\":\"es\"},{\"@type\":\"Person\",\"@id\":\"https:\\\/\\\/gentedebasquet.com.ar\\\/sitio\\\/#\\\/schema\\\/person\\\/f61103f26f1beae4d0588cb2c07ad5dd\",\"name\":\"Diego Vita\",\"image\":{\"@type\":\"ImageObject\",\"inLanguage\":\"es\",\"@id\":\"https:\\\/\\\/secure.gravatar.com\\\/avatar\\\/b2b5db0703b864c681b726af71bf85a168f8b892da7b5822b3f8b2ed5ce607c1?s=96&d=mm&r=g\",\"url\":\"https:\\\/\\\/secure.gravatar.com\\\/avatar\\\/b2b5db0703b864c681b726af71bf85a168f8b892da7b5822b3f8b2ed5ce607c1?s=96&d=mm&r=g\",\"contentUrl\":\"https:\\\/\\\/secure.gravatar.com\\\/avatar\\\/b2b5db0703b864c681b726af71bf85a168f8b892da7b5822b3f8b2ed5ce607c1?s=96&d=mm&r=g\",\"caption\":\"Diego Vita\"},\"url\":\"https:\\\/\\\/gentedebasquet.com.ar\\\/sitio\\\/author\\\/diego-vita\\\/\"}]}<\/script>\n<!-- \/ Yoast SEO plugin. -->","yoast_head_json":{"title":"\u00a1VOLVIERON LAS PREDICCIONES DE SIEMPRE! - Gente de B\u00e1squet","robots":{"index":"index","follow":"follow","max-snippet":"max-snippet:-1","max-image-preview":"max-image-preview:large","max-video-preview":"max-video-preview:-1"},"canonical":"https:\/\/gentedebasquet.com.ar\/sitio\/2024\/08\/26\/a-subir-el-volumen-3\/","og_locale":"es_ES","og_type":"article","og_title":"\u00a1VOLVIERON LAS PREDICCIONES DE SIEMPRE! - Gente de B\u00e1squet","og_description":"\u00a1Lleg\u00f3 el momento m\u00e1s esperado del a\u00f1o! Presentamos en forma exclusiva los pron\u00f3sticos m\u00e1s famosos del b\u00e1squetbol bahiense. Por escrito y con nuestra firma, para que los busques y los puedas releer durante todo el a\u00f1o. Conoc\u00e9 qu\u00e9 va a pasar con cada uno de los 28 equipos en los campeonatos de Primera y Segunda. [&hellip;]","og_url":"https:\/\/gentedebasquet.com.ar\/sitio\/2024\/08\/26\/a-subir-el-volumen-3\/","og_site_name":"Gente de B\u00e1squet","article_published_time":"2024-08-26T10:00:10+00:00","article_modified_time":"2024-08-26T15:28:01+00:00","og_image":[{"width":712,"height":533,"url":"https:\/\/gentedebasquet.com.ar\/sitio\/wp-content\/uploads\/2024\/08\/Predicciones.jpeg","type":"image\/jpeg"}],"author":"Diego Vita","twitter_card":"summary_large_image","twitter_misc":{"Escrito por":"Diego Vita","Tiempo de lectura":"15 minutos"},"schema":{"@context":"https:\/\/schema.org","@graph":[{"@type":"Article","@id":"https:\/\/gentedebasquet.com.ar\/sitio\/2024\/08\/26\/a-subir-el-volumen-3\/#article","isPartOf":{"@id":"https:\/\/gentedebasquet.com.ar\/sitio\/2024\/08\/26\/a-subir-el-volumen-3\/"},"author":{"name":"Diego Vita","@id":"https:\/\/gentedebasquet.com.ar\/sitio\/#\/schema\/person\/f61103f26f1beae4d0588cb2c07ad5dd"},"headline":"\u00a1VOLVIERON LAS PREDICCIONES DE SIEMPRE!","datePublished":"2024-08-26T10:00:10+00:00","dateModified":"2024-08-26T15:28:01+00:00","mainEntityOfPage":{"@id":"https:\/\/gentedebasquet.com.ar\/sitio\/2024\/08\/26\/a-subir-el-volumen-3\/"},"wordCount":2013,"commentCount":0,"image":{"@id":"https:\/\/gentedebasquet.com.ar\/sitio\/2024\/08\/26\/a-subir-el-volumen-3\/#primaryimage"},"thumbnailUrl":"https:\/\/gentedebasquet.com.ar\/sitio\/wp-content\/uploads\/2024\/08\/Predicciones.jpeg","keywords":["Predicciones"],"articleSection":["Primera","Segunda","Slide"],"inLanguage":"es","potentialAction":[{"@type":"CommentAction","name":"Comment","target":["https:\/\/gentedebasquet.com.ar\/sitio\/2024\/08\/26\/a-subir-el-volumen-3\/#respond"]}]},{"@type":"WebPage","@id":"https:\/\/gentedebasquet.com.ar\/sitio\/2024\/08\/26\/a-subir-el-volumen-3\/","url":"https:\/\/gentedebasquet.com.ar\/sitio\/2024\/08\/26\/a-subir-el-volumen-3\/","name":"\u00a1VOLVIERON LAS PREDICCIONES DE SIEMPRE! - Gente de B\u00e1squet","isPartOf":{"@id":"https:\/\/gentedebasquet.com.ar\/sitio\/#website"},"primaryImageOfPage":{"@id":"https:\/\/gentedebasquet.com.ar\/sitio\/2024\/08\/26\/a-subir-el-volumen-3\/#primaryimage"},"image":{"@id":"https:\/\/gentedebasquet.com.ar\/sitio\/2024\/08\/26\/a-subir-el-volumen-3\/#primaryimage"},"thumbnailUrl":"https:\/\/gentedebasquet.com.ar\/sitio\/wp-content\/uploads\/2024\/08\/Predicciones.jpeg","datePublished":"2024-08-26T10:00:10+00:00","dateModified":"2024-08-26T15:28:01+00:00","author":{"@id":"https:\/\/gentedebasquet.com.ar\/sitio\/#\/schema\/person\/f61103f26f1beae4d0588cb2c07ad5dd"},"breadcrumb":{"@id":"https:\/\/gentedebasquet.com.ar\/sitio\/2024\/08\/26\/a-subir-el-volumen-3\/#breadcrumb"},"inLanguage":"es","potentialAction":[{"@type":"ReadAction","target":["https:\/\/gentedebasquet.com.ar\/sitio\/2024\/08\/26\/a-subir-el-volumen-3\/"]}]},{"@type":"ImageObject","inLanguage":"es","@id":"https:\/\/gentedebasquet.com.ar\/sitio\/2024\/08\/26\/a-subir-el-volumen-3\/#primaryimage","url":"https:\/\/gentedebasquet.com.ar\/sitio\/wp-content\/uploads\/2024\/08\/Predicciones.jpeg","contentUrl":"https:\/\/gentedebasquet.com.ar\/sitio\/wp-content\/uploads\/2024\/08\/Predicciones.jpeg","width":712,"height":533},{"@type":"BreadcrumbList","@id":"https:\/\/gentedebasquet.com.ar\/sitio\/2024\/08\/26\/a-subir-el-volumen-3\/#breadcrumb","itemListElement":[{"@type":"ListItem","position":1,"name":"Portada","item":"https:\/\/gentedebasquet.com.ar\/sitio\/"},{"@type":"ListItem","position":2,"name":"\u00a1VOLVIERON LAS PREDICCIONES DE SIEMPRE!"}]},{"@type":"WebSite","@id":"https:\/\/gentedebasquet.com.ar\/sitio\/#website","url":"https:\/\/gentedebasquet.com.ar\/sitio\/","name":"Gente de B\u00e1squet","description":"La revista del basquet de Bah\u00eda Blanca","potentialAction":[{"@type":"SearchAction","target":{"@type":"EntryPoint","urlTemplate":"https:\/\/gentedebasquet.com.ar\/sitio\/?s={search_term_string}"},"query-input":{"@type":"PropertyValueSpecification","valueRequired":true,"valueName":"search_term_string"}}],"inLanguage":"es"},{"@type":"Person","@id":"https:\/\/gentedebasquet.com.ar\/sitio\/#\/schema\/person\/f61103f26f1beae4d0588cb2c07ad5dd","name":"Diego Vita","image":{"@type":"ImageObject","inLanguage":"es","@id":"https:\/\/secure.gravatar.com\/avatar\/b2b5db0703b864c681b726af71bf85a168f8b892da7b5822b3f8b2ed5ce607c1?s=96&d=mm&r=g","url":"https:\/\/secure.gravatar.com\/avatar\/b2b5db0703b864c681b726af71bf85a168f8b892da7b5822b3f8b2ed5ce607c1?s=96&d=mm&r=g","contentUrl":"https:\/\/secure.gravatar.com\/avatar\/b2b5db0703b864c681b726af71bf85a168f8b892da7b5822b3f8b2ed5ce607c1?s=96&d=mm&r=g","caption":"Diego Vita"},"url":"https:\/\/gentedebasquet.com.ar\/sitio\/author\/diego-vita\/"}]}},"_links":{"self":[{"href":"https:\/\/gentedebasquet.com.ar\/sitio\/wp-json\/wp\/v2\/posts\/15896","targetHints":{"allow":["GET"]}}],"collection":[{"href":"https:\/\/gentedebasquet.com.ar\/sitio\/wp-json\/wp\/v2\/posts"}],"about":[{"href":"https:\/\/gentedebasquet.com.ar\/sitio\/wp-json\/wp\/v2\/types\/post"}],"author":[{"embeddable":true,"href":"https:\/\/gentedebasquet.com.ar\/sitio\/wp-json\/wp\/v2\/users\/15"}],"replies":[{"embeddable":true,"href":"https:\/\/gentedebasquet.com.ar\/sitio\/wp-json\/wp\/v2\/comments?post=15896"}],"version-history":[{"count":2,"href":"https:\/\/gentedebasquet.com.ar\/sitio\/wp-json\/wp\/v2\/posts\/15896\/revisions"}],"predecessor-version":[{"id":113177,"href":"https:\/\/gentedebasquet.com.ar\/sitio\/wp-json\/wp\/v2\/posts\/15896\/revisions\/113177"}],"wp:featuredmedia":[{"embeddable":true,"href":"https:\/\/gentedebasquet.com.ar\/sitio\/wp-json\/wp\/v2\/media\/113141"}],"wp:attachment":[{"href":"https:\/\/gentedebasquet.com.ar\/sitio\/wp-json\/wp\/v2\/media?parent=15896"}],"wp:term":[{"taxonomy":"category","embeddable":true,"href":"https:\/\/gentedebasquet.com.ar\/sitio\/wp-json\/wp\/v2\/categories?post=15896"},{"taxonomy":"post_tag","embeddable":true,"href":"https:\/\/gentedebasquet.com.ar\/sitio\/wp-json\/wp\/v2\/tags?post=15896"}],"curies":[{"name":"wp","href":"https:\/\/api.w.org\/{rel}","templated":true}]}}