{"id":17401,"date":"2013-10-12T02:36:33","date_gmt":"2013-10-12T02:36:33","guid":{"rendered":"http:\/\/www.gentedebasquet.com.ar\/?p=17401"},"modified":"2013-10-12T02:36:33","modified_gmt":"2013-10-12T02:36:33","slug":"musumeci-aparecio-entre-la-multitud","status":"publish","type":"post","link":"https:\/\/gentedebasquet.com.ar\/sitio\/2013\/10\/12\/musumeci-aparecio-entre-la-multitud\/","title":{"rendered":"Musumeci apareci\u00f3 entre la multitud"},"content":{"rendered":"<p><a href=\"http:\/\/www.gentedebasquet.com.ar\/wp-content\/uploads\/2013\/10\/Independiente-Comercial.jpg\"><img decoding=\"async\" class=\"alignnone size-full wp-image-17402\" src=\"http:\/\/www.gentedebasquet.com.ar\/wp-content\/uploads\/2013\/10\/Independiente-Comercial.jpg\" alt=\"\" width=\"448\" height=\"336\" \/><\/a><\/p>\n<p><strong><em>I<\/em><\/strong><strong><em>ndependiente derrot\u00f3 a Comercial por 79 a 78 con Javier Musumeci como figura. El base no s\u00f3lo fue el goleador de su equipo (26, -13 en el 4C-), sino que sac\u00f3 una falta cuando fue a pelear un rebote entre seis jugadores. Esa infracci\u00f3n cuando restaban 3\u201d fue clave para cerrar el partido. Adem\u00e1s, en el local se destacaron Maximiliano Bert\u00f3n (19 y 11) y C\u00e9sar Massa (15, todos en el 2T). En el elenco de White no alcanzaron las actuaciones de Federico Harina (25), Ignacio Caspe (17) ni Walter Acebedo (15 y 11).<\/em><\/strong><\/p>\n<p><!--more--><\/p>\n<p>El inicio del partido mostr\u00f3 un buen nivel de b\u00e1squet. Ambos elencos jugaron ataques r\u00e1pidos pero efectivos y pr\u00e1cticamente no hubo faltas (s\u00f3lo una de Andreanelli). Comercial comenz\u00f3 mostrando un gran juego colectivo gracias a la conducci\u00f3n de Andreanelli (4 y 3 asistencias). Esto le permiti\u00f3 al conjunto de Mario Errazu encontrar situaciones con Harina (6) y Caspe (4). Pero Independiente meti\u00f3 los dos primeros triples que lanz\u00f3 y as\u00ed igual\u00f3 el juego en 6 antes de la primera mitad del cuarto inicial. Con el correr de los minutos, el juego favoreci\u00f3 m\u00e1s a la visita, que pudo encontrar alternativas en ofensiva. Al Viola en cambio se le cerr\u00f3 el aro desde el per\u00edmetro (0\/8 T3 luego de los primeros lanzamientos). Sin embargo Bert\u00f3n (10 y 4) se las ingeni\u00f3 para hacerse fuerte en la pintura y as\u00ed hizo que su equipo siguiera con vida. De esta forma, el per\u00edodo se lo llev\u00f3 el Verde por 19 a 18.<\/p>\n<p>En el segundo segmento, Comercial mejor\u00f3 en defensa y se escap\u00f3 en el marcador. El elenco visitante presion\u00f3 m\u00e1s a la bola y consigui\u00f3 puntos de contragolpe. Las tareas de Harina (4 y 4 robos), Acebedo (8 y 4 rebotes) y Caspe (5) hicieron que su club sacara once de diferencia cuando restaban 4:33 (22-33). Pero Independiente remont\u00f3 sobre el t\u00e9rmino del cap\u00edtulo debido a Musumeci (5) y Lella (5), quienes pusieron al Viola a siete cuando termin\u00f3 el primer tiempo (32-39).<\/p>\n<p>Tras el descanso largo, los orientados por Errazu volvieron a tener una brecha a su favor de once (32-43). Sin embargo, ah\u00ed el conjunto de Juan Palumbo meti\u00f3 un parcial de 14-5 y con un triple de Musumeci qued\u00f3 a dos (46-48). Para que esto sucediera fueron fundamentales las apariciones de Massa (7) y Gendana (7). No obstante, en Comercial un buen cierre de Acebedo (8) le permiti\u00f3 al Verde continuar lideran en el marcador (53-55).<\/p>\n<p>Apenas iniciada la \u00faltima etapa Massa sorprendi\u00f3 con un lanzamiento desde la l\u00ednea de 6,75, lo que hizo que el Viola se adelantara por tres (59-56). Y en ese momento Musumeci (13) dej\u00f3 en claro por qu\u00e9 es uno de los mejores bases de Bah\u00eda Blanca. M\u00e1s all\u00e1 de no tener una buena noche trasladando el bal\u00f3n (10 p\u00e9rdidas), el conductor meti\u00f3 siete puntos seguidos para aumentar la ventaja a seis (66-60). Pero esa distancia se achic\u00f3 a uno a falta de 1:56 luego de un triple de Harina -13, 3\/3 T3- (71-70). Enseguida Andreanelli meti\u00f3 un doble m\u00e1s y Comercial retorn\u00f3 al frente (71-72). No obstante, Musumeci contest\u00f3 con dos libres (73-71) y en el siguiente ataque Acebedo lanz\u00f3 un triple inc\u00f3modo cuando todav\u00eda le quedaban segundos de posesi\u00f3n a su equipo. Esto fue aprovechado por Massa, quien meti\u00f3 un tiro de dos cuando quedaban 55\u201d (75-72). Luego, Andreanelli err\u00f3 dos simples pero Harina rob\u00f3 una pelota y anot\u00f3 el doble (75-74). Pese a esto, Musumeci convirti\u00f3 de dos a falta de 7\u201d (77-74). Seguido a esto, Bert\u00f3n se tuvo que retirar al alcanzar el l\u00edmite de infracciones luego de cometerle una falta a Caspe. \u201cPancho\u201d fue a la l\u00ednea pero meti\u00f3 s\u00f3lo uno de dos (77-75). En la lucha por el rebote luego del segundo tiro hab\u00eda seis jugadores peleando por \u00e9l. Sebasti\u00e1n Arcas vio de cerca el tumulto y sancion\u00f3 una falta a favor del local. Por esto, Musumeci fue a la l\u00ednea y convirti\u00f3 los dos (79-75) cuando quedaban 3\u201d. En la \u00faltima pelota, Harina decor\u00f3 el resultado con un triple (79-78). As\u00ed, Independiente se qued\u00f3 con un partido dur\u00edsimo por 79 a 78.<\/p>\n<p>&nbsp;<\/p>\n<p><strong><em><span style=\"text-decoration: underline\">S\u00edntesis<\/span><\/em><\/strong><strong><em>:<\/em><\/strong><\/p>\n<p><strong>Independiente 79:<\/strong><\/p>\n<p><strong>Iniciales:<\/strong> Javier Musumeci 26, Dalmiro Lella 8, Juan Cruz Reschini 2, C\u00e9sar Massa 15 y Maximiliano Bert\u00f3n 19.<\/p>\n<p><strong>Ingresaron:<\/strong> Fabi\u00e1n Gendana 7, Mauro Montanaro 2 y Gabriel De La Torre 0.<\/p>\n<p><strong>DT:<\/strong> Juan Palumbo.<\/p>\n<p>&nbsp;<\/p>\n<p><strong>Puerto Comercial 78:<\/strong><\/p>\n<p><strong>Iniciales:<\/strong> Am\u00edlcar Andreanelli 11, Federico Harina 25, Andr\u00e9s Maidana 6, Walter Acebedo 15 e Ignacio Caspe 17.<\/p>\n<p><strong>Ingresaron:<\/strong> Juan Cruz Santini 4 e Ignacio \u00c9rcoli 0.<\/p>\n<p><strong>DT:<\/strong> Mario Errazu.<\/p>\n<p>&nbsp;<\/p>\n<p><strong>Parciales:<\/strong> 18-19, 32-39, 53-55 y 79-78.<\/p>\n<p><strong>Cinco faltas:<\/strong> Maximiliano Bert\u00f3n (Independiente).<\/p>\n<p><strong>\u00c1rbitros: <\/strong>Horacio Sed\u00e1n y Sebasti\u00e1n Arcas.<\/p>\n<p><strong>Estadio:<\/strong> Hermanos Barral.<\/p>\n<p><a class=\"modalf iframe\" title=\"Planilla\" href=\"https:\/\/docs.google.com\/spreadsheet\/pub?key=0ApxXhhxZUpaHdGFJcW9QUmsyR0lQRVNGeHoxRU5BMEE&amp;single=true&amp;gid=0&amp;output=html\">Ver Planilla<\/a><\/p>\n","protected":false},"excerpt":{"rendered":"<p>Independiente derrot\u00f3 a Comercial por 79 a 78 con Javier Musumeci como figura. El base no s\u00f3lo fue el goleador de su equipo (26, -13 en el 4C-), sino que sac\u00f3 una falta cuando fue a pelear un rebote entre seis jugadores. Esa infracci\u00f3n cuando restaban 3\u201d fue clave para cerrar el partido. Adem\u00e1s, en [&hellip;]<\/p>\n","protected":false},"author":13,"featured_media":0,"comment_status":"open","ping_status":"open","sticky":false,"template":"","format":"standard","meta":{"jnews-multi-image_gallery":[],"jnews_single_post":[],"jnews_primary_category":[],"footnotes":""},"categories":[25],"tags":[7,12],"class_list":["post-17401","post","type-post","status-publish","format-standard","hentry","category-segunda","tag-comercial","tag-independiente"],"yoast_head":"<!-- This site is optimized with the Yoast SEO plugin v27.5 - https:\/\/yoast.com\/product\/yoast-seo-wordpress\/ -->\n<title>Musumeci apareci\u00f3 entre la multitud - Gente de B\u00e1squet<\/title>\n<meta name=\"robots\" content=\"index, follow, max-snippet:-1, max-image-preview:large, max-video-preview:-1\" \/>\n<link rel=\"canonical\" href=\"https:\/\/gentedebasquet.com.ar\/sitio\/2013\/10\/12\/musumeci-aparecio-entre-la-multitud\/\" \/>\n<meta property=\"og:locale\" content=\"es_ES\" \/>\n<meta property=\"og:type\" content=\"article\" \/>\n<meta property=\"og:title\" content=\"Musumeci apareci\u00f3 entre la multitud - Gente de B\u00e1squet\" \/>\n<meta property=\"og:description\" content=\"Independiente derrot\u00f3 a Comercial por 79 a 78 con Javier Musumeci como figura. El base no s\u00f3lo fue el goleador de su equipo (26, -13 en el 4C-), sino que sac\u00f3 una falta cuando fue a pelear un rebote entre seis jugadores. Esa infracci\u00f3n cuando restaban 3\u201d fue clave para cerrar el partido. Adem\u00e1s, en [&hellip;]\" \/>\n<meta property=\"og:url\" content=\"https:\/\/gentedebasquet.com.ar\/sitio\/2013\/10\/12\/musumeci-aparecio-entre-la-multitud\/\" \/>\n<meta property=\"og:site_name\" content=\"Gente de B\u00e1squet\" \/>\n<meta property=\"article:published_time\" content=\"2013-10-12T02:36:33+00:00\" \/>\n<meta property=\"og:image\" content=\"http:\/\/www.gentedebasquet.com.ar\/wp-content\/uploads\/2013\/10\/Independiente-Comercial.jpg\" \/>\n<meta name=\"author\" content=\"Francisco Ciccone\" \/>\n<meta name=\"twitter:card\" content=\"summary_large_image\" \/>\n<meta name=\"twitter:label1\" content=\"Escrito por\" \/>\n\t<meta name=\"twitter:data1\" content=\"Francisco Ciccone\" \/>\n\t<meta name=\"twitter:label2\" content=\"Tiempo de lectura\" \/>\n\t<meta name=\"twitter:data2\" content=\"4 minutos\" \/>\n<script type=\"application\/ld+json\" class=\"yoast-schema-graph\">{\"@context\":\"https:\\\/\\\/schema.org\",\"@graph\":[{\"@type\":\"Article\",\"@id\":\"https:\\\/\\\/gentedebasquet.com.ar\\\/sitio\\\/2013\\\/10\\\/12\\\/musumeci-aparecio-entre-la-multitud\\\/#article\",\"isPartOf\":{\"@id\":\"https:\\\/\\\/gentedebasquet.com.ar\\\/sitio\\\/2013\\\/10\\\/12\\\/musumeci-aparecio-entre-la-multitud\\\/\"},\"author\":{\"name\":\"Francisco Ciccone\",\"@id\":\"https:\\\/\\\/gentedebasquet.com.ar\\\/sitio\\\/#\\\/schema\\\/person\\\/5f3b786eadc996245509e33c7043da29\"},\"headline\":\"Musumeci apareci\u00f3 entre la multitud\",\"datePublished\":\"2013-10-12T02:36:33+00:00\",\"mainEntityOfPage\":{\"@id\":\"https:\\\/\\\/gentedebasquet.com.ar\\\/sitio\\\/2013\\\/10\\\/12\\\/musumeci-aparecio-entre-la-multitud\\\/\"},\"wordCount\":774,\"commentCount\":0,\"image\":{\"@id\":\"https:\\\/\\\/gentedebasquet.com.ar\\\/sitio\\\/2013\\\/10\\\/12\\\/musumeci-aparecio-entre-la-multitud\\\/#primaryimage\"},\"thumbnailUrl\":\"http:\\\/\\\/www.gentedebasquet.com.ar\\\/wp-content\\\/uploads\\\/2013\\\/10\\\/Independiente-Comercial.jpg\",\"keywords\":[\"Comercial\",\"independiente\"],\"articleSection\":[\"Segunda\"],\"inLanguage\":\"es\",\"potentialAction\":[{\"@type\":\"CommentAction\",\"name\":\"Comment\",\"target\":[\"https:\\\/\\\/gentedebasquet.com.ar\\\/sitio\\\/2013\\\/10\\\/12\\\/musumeci-aparecio-entre-la-multitud\\\/#respond\"]}]},{\"@type\":\"WebPage\",\"@id\":\"https:\\\/\\\/gentedebasquet.com.ar\\\/sitio\\\/2013\\\/10\\\/12\\\/musumeci-aparecio-entre-la-multitud\\\/\",\"url\":\"https:\\\/\\\/gentedebasquet.com.ar\\\/sitio\\\/2013\\\/10\\\/12\\\/musumeci-aparecio-entre-la-multitud\\\/\",\"name\":\"Musumeci apareci\u00f3 entre la multitud - Gente de B\u00e1squet\",\"isPartOf\":{\"@id\":\"https:\\\/\\\/gentedebasquet.com.ar\\\/sitio\\\/#website\"},\"primaryImageOfPage\":{\"@id\":\"https:\\\/\\\/gentedebasquet.com.ar\\\/sitio\\\/2013\\\/10\\\/12\\\/musumeci-aparecio-entre-la-multitud\\\/#primaryimage\"},\"image\":{\"@id\":\"https:\\\/\\\/gentedebasquet.com.ar\\\/sitio\\\/2013\\\/10\\\/12\\\/musumeci-aparecio-entre-la-multitud\\\/#primaryimage\"},\"thumbnailUrl\":\"http:\\\/\\\/www.gentedebasquet.com.ar\\\/wp-content\\\/uploads\\\/2013\\\/10\\\/Independiente-Comercial.jpg\",\"datePublished\":\"2013-10-12T02:36:33+00:00\",\"author\":{\"@id\":\"https:\\\/\\\/gentedebasquet.com.ar\\\/sitio\\\/#\\\/schema\\\/person\\\/5f3b786eadc996245509e33c7043da29\"},\"breadcrumb\":{\"@id\":\"https:\\\/\\\/gentedebasquet.com.ar\\\/sitio\\\/2013\\\/10\\\/12\\\/musumeci-aparecio-entre-la-multitud\\\/#breadcrumb\"},\"inLanguage\":\"es\",\"potentialAction\":[{\"@type\":\"ReadAction\",\"target\":[\"https:\\\/\\\/gentedebasquet.com.ar\\\/sitio\\\/2013\\\/10\\\/12\\\/musumeci-aparecio-entre-la-multitud\\\/\"]}]},{\"@type\":\"ImageObject\",\"inLanguage\":\"es\",\"@id\":\"https:\\\/\\\/gentedebasquet.com.ar\\\/sitio\\\/2013\\\/10\\\/12\\\/musumeci-aparecio-entre-la-multitud\\\/#primaryimage\",\"url\":\"http:\\\/\\\/www.gentedebasquet.com.ar\\\/wp-content\\\/uploads\\\/2013\\\/10\\\/Independiente-Comercial.jpg\",\"contentUrl\":\"http:\\\/\\\/www.gentedebasquet.com.ar\\\/wp-content\\\/uploads\\\/2013\\\/10\\\/Independiente-Comercial.jpg\"},{\"@type\":\"BreadcrumbList\",\"@id\":\"https:\\\/\\\/gentedebasquet.com.ar\\\/sitio\\\/2013\\\/10\\\/12\\\/musumeci-aparecio-entre-la-multitud\\\/#breadcrumb\",\"itemListElement\":[{\"@type\":\"ListItem\",\"position\":1,\"name\":\"Portada\",\"item\":\"https:\\\/\\\/gentedebasquet.com.ar\\\/sitio\\\/\"},{\"@type\":\"ListItem\",\"position\":2,\"name\":\"Musumeci apareci\u00f3 entre la multitud\"}]},{\"@type\":\"WebSite\",\"@id\":\"https:\\\/\\\/gentedebasquet.com.ar\\\/sitio\\\/#website\",\"url\":\"https:\\\/\\\/gentedebasquet.com.ar\\\/sitio\\\/\",\"name\":\"Gente de B\u00e1squet\",\"description\":\"La revista del basquet de Bah\u00eda Blanca\",\"potentialAction\":[{\"@type\":\"SearchAction\",\"target\":{\"@type\":\"EntryPoint\",\"urlTemplate\":\"https:\\\/\\\/gentedebasquet.com.ar\\\/sitio\\\/?s={search_term_string}\"},\"query-input\":{\"@type\":\"PropertyValueSpecification\",\"valueRequired\":true,\"valueName\":\"search_term_string\"}}],\"inLanguage\":\"es\"},{\"@type\":\"Person\",\"@id\":\"https:\\\/\\\/gentedebasquet.com.ar\\\/sitio\\\/#\\\/schema\\\/person\\\/5f3b786eadc996245509e33c7043da29\",\"name\":\"Francisco Ciccone\",\"image\":{\"@type\":\"ImageObject\",\"inLanguage\":\"es\",\"@id\":\"https:\\\/\\\/secure.gravatar.com\\\/avatar\\\/a164e298a253c7f86b7c3fc5e1fa0feafff5406ed7e29945fdf0102d4406b5e0?s=96&d=mm&r=g\",\"url\":\"https:\\\/\\\/secure.gravatar.com\\\/avatar\\\/a164e298a253c7f86b7c3fc5e1fa0feafff5406ed7e29945fdf0102d4406b5e0?s=96&d=mm&r=g\",\"contentUrl\":\"https:\\\/\\\/secure.gravatar.com\\\/avatar\\\/a164e298a253c7f86b7c3fc5e1fa0feafff5406ed7e29945fdf0102d4406b5e0?s=96&d=mm&r=g\",\"caption\":\"Francisco Ciccone\"},\"url\":\"https:\\\/\\\/gentedebasquet.com.ar\\\/sitio\\\/author\\\/francicc\\\/\"}]}<\/script>\n<!-- \/ Yoast SEO plugin. -->","yoast_head_json":{"title":"Musumeci apareci\u00f3 entre la multitud - Gente de B\u00e1squet","robots":{"index":"index","follow":"follow","max-snippet":"max-snippet:-1","max-image-preview":"max-image-preview:large","max-video-preview":"max-video-preview:-1"},"canonical":"https:\/\/gentedebasquet.com.ar\/sitio\/2013\/10\/12\/musumeci-aparecio-entre-la-multitud\/","og_locale":"es_ES","og_type":"article","og_title":"Musumeci apareci\u00f3 entre la multitud - Gente de B\u00e1squet","og_description":"Independiente derrot\u00f3 a Comercial por 79 a 78 con Javier Musumeci como figura. El base no s\u00f3lo fue el goleador de su equipo (26, -13 en el 4C-), sino que sac\u00f3 una falta cuando fue a pelear un rebote entre seis jugadores. Esa infracci\u00f3n cuando restaban 3\u201d fue clave para cerrar el partido. Adem\u00e1s, en [&hellip;]","og_url":"https:\/\/gentedebasquet.com.ar\/sitio\/2013\/10\/12\/musumeci-aparecio-entre-la-multitud\/","og_site_name":"Gente de B\u00e1squet","article_published_time":"2013-10-12T02:36:33+00:00","og_image":[{"url":"http:\/\/www.gentedebasquet.com.ar\/wp-content\/uploads\/2013\/10\/Independiente-Comercial.jpg","type":"","width":"","height":""}],"author":"Francisco Ciccone","twitter_card":"summary_large_image","twitter_misc":{"Escrito por":"Francisco Ciccone","Tiempo de lectura":"4 minutos"},"schema":{"@context":"https:\/\/schema.org","@graph":[{"@type":"Article","@id":"https:\/\/gentedebasquet.com.ar\/sitio\/2013\/10\/12\/musumeci-aparecio-entre-la-multitud\/#article","isPartOf":{"@id":"https:\/\/gentedebasquet.com.ar\/sitio\/2013\/10\/12\/musumeci-aparecio-entre-la-multitud\/"},"author":{"name":"Francisco Ciccone","@id":"https:\/\/gentedebasquet.com.ar\/sitio\/#\/schema\/person\/5f3b786eadc996245509e33c7043da29"},"headline":"Musumeci apareci\u00f3 entre la multitud","datePublished":"2013-10-12T02:36:33+00:00","mainEntityOfPage":{"@id":"https:\/\/gentedebasquet.com.ar\/sitio\/2013\/10\/12\/musumeci-aparecio-entre-la-multitud\/"},"wordCount":774,"commentCount":0,"image":{"@id":"https:\/\/gentedebasquet.com.ar\/sitio\/2013\/10\/12\/musumeci-aparecio-entre-la-multitud\/#primaryimage"},"thumbnailUrl":"http:\/\/www.gentedebasquet.com.ar\/wp-content\/uploads\/2013\/10\/Independiente-Comercial.jpg","keywords":["Comercial","independiente"],"articleSection":["Segunda"],"inLanguage":"es","potentialAction":[{"@type":"CommentAction","name":"Comment","target":["https:\/\/gentedebasquet.com.ar\/sitio\/2013\/10\/12\/musumeci-aparecio-entre-la-multitud\/#respond"]}]},{"@type":"WebPage","@id":"https:\/\/gentedebasquet.com.ar\/sitio\/2013\/10\/12\/musumeci-aparecio-entre-la-multitud\/","url":"https:\/\/gentedebasquet.com.ar\/sitio\/2013\/10\/12\/musumeci-aparecio-entre-la-multitud\/","name":"Musumeci apareci\u00f3 entre la multitud - Gente de B\u00e1squet","isPartOf":{"@id":"https:\/\/gentedebasquet.com.ar\/sitio\/#website"},"primaryImageOfPage":{"@id":"https:\/\/gentedebasquet.com.ar\/sitio\/2013\/10\/12\/musumeci-aparecio-entre-la-multitud\/#primaryimage"},"image":{"@id":"https:\/\/gentedebasquet.com.ar\/sitio\/2013\/10\/12\/musumeci-aparecio-entre-la-multitud\/#primaryimage"},"thumbnailUrl":"http:\/\/www.gentedebasquet.com.ar\/wp-content\/uploads\/2013\/10\/Independiente-Comercial.jpg","datePublished":"2013-10-12T02:36:33+00:00","author":{"@id":"https:\/\/gentedebasquet.com.ar\/sitio\/#\/schema\/person\/5f3b786eadc996245509e33c7043da29"},"breadcrumb":{"@id":"https:\/\/gentedebasquet.com.ar\/sitio\/2013\/10\/12\/musumeci-aparecio-entre-la-multitud\/#breadcrumb"},"inLanguage":"es","potentialAction":[{"@type":"ReadAction","target":["https:\/\/gentedebasquet.com.ar\/sitio\/2013\/10\/12\/musumeci-aparecio-entre-la-multitud\/"]}]},{"@type":"ImageObject","inLanguage":"es","@id":"https:\/\/gentedebasquet.com.ar\/sitio\/2013\/10\/12\/musumeci-aparecio-entre-la-multitud\/#primaryimage","url":"http:\/\/www.gentedebasquet.com.ar\/wp-content\/uploads\/2013\/10\/Independiente-Comercial.jpg","contentUrl":"http:\/\/www.gentedebasquet.com.ar\/wp-content\/uploads\/2013\/10\/Independiente-Comercial.jpg"},{"@type":"BreadcrumbList","@id":"https:\/\/gentedebasquet.com.ar\/sitio\/2013\/10\/12\/musumeci-aparecio-entre-la-multitud\/#breadcrumb","itemListElement":[{"@type":"ListItem","position":1,"name":"Portada","item":"https:\/\/gentedebasquet.com.ar\/sitio\/"},{"@type":"ListItem","position":2,"name":"Musumeci apareci\u00f3 entre la multitud"}]},{"@type":"WebSite","@id":"https:\/\/gentedebasquet.com.ar\/sitio\/#website","url":"https:\/\/gentedebasquet.com.ar\/sitio\/","name":"Gente de B\u00e1squet","description":"La revista del basquet de Bah\u00eda Blanca","potentialAction":[{"@type":"SearchAction","target":{"@type":"EntryPoint","urlTemplate":"https:\/\/gentedebasquet.com.ar\/sitio\/?s={search_term_string}"},"query-input":{"@type":"PropertyValueSpecification","valueRequired":true,"valueName":"search_term_string"}}],"inLanguage":"es"},{"@type":"Person","@id":"https:\/\/gentedebasquet.com.ar\/sitio\/#\/schema\/person\/5f3b786eadc996245509e33c7043da29","name":"Francisco Ciccone","image":{"@type":"ImageObject","inLanguage":"es","@id":"https:\/\/secure.gravatar.com\/avatar\/a164e298a253c7f86b7c3fc5e1fa0feafff5406ed7e29945fdf0102d4406b5e0?s=96&d=mm&r=g","url":"https:\/\/secure.gravatar.com\/avatar\/a164e298a253c7f86b7c3fc5e1fa0feafff5406ed7e29945fdf0102d4406b5e0?s=96&d=mm&r=g","contentUrl":"https:\/\/secure.gravatar.com\/avatar\/a164e298a253c7f86b7c3fc5e1fa0feafff5406ed7e29945fdf0102d4406b5e0?s=96&d=mm&r=g","caption":"Francisco Ciccone"},"url":"https:\/\/gentedebasquet.com.ar\/sitio\/author\/francicc\/"}]}},"_links":{"self":[{"href":"https:\/\/gentedebasquet.com.ar\/sitio\/wp-json\/wp\/v2\/posts\/17401","targetHints":{"allow":["GET"]}}],"collection":[{"href":"https:\/\/gentedebasquet.com.ar\/sitio\/wp-json\/wp\/v2\/posts"}],"about":[{"href":"https:\/\/gentedebasquet.com.ar\/sitio\/wp-json\/wp\/v2\/types\/post"}],"author":[{"embeddable":true,"href":"https:\/\/gentedebasquet.com.ar\/sitio\/wp-json\/wp\/v2\/users\/13"}],"replies":[{"embeddable":true,"href":"https:\/\/gentedebasquet.com.ar\/sitio\/wp-json\/wp\/v2\/comments?post=17401"}],"version-history":[{"count":0,"href":"https:\/\/gentedebasquet.com.ar\/sitio\/wp-json\/wp\/v2\/posts\/17401\/revisions"}],"wp:attachment":[{"href":"https:\/\/gentedebasquet.com.ar\/sitio\/wp-json\/wp\/v2\/media?parent=17401"}],"wp:term":[{"taxonomy":"category","embeddable":true,"href":"https:\/\/gentedebasquet.com.ar\/sitio\/wp-json\/wp\/v2\/categories?post=17401"},{"taxonomy":"post_tag","embeddable":true,"href":"https:\/\/gentedebasquet.com.ar\/sitio\/wp-json\/wp\/v2\/tags?post=17401"}],"curies":[{"name":"wp","href":"https:\/\/api.w.org\/{rel}","templated":true}]}}