{"id":17470,"date":"2013-10-12T01:45:30","date_gmt":"2013-10-12T01:45:30","guid":{"rendered":"http:\/\/www.gentedebasquet.com.ar\/?p=17470"},"modified":"2013-10-12T01:45:30","modified_gmt":"2013-10-12T01:45:30","slug":"va-tomando-tri-color","status":"publish","type":"post","link":"https:\/\/gentedebasquet.com.ar\/sitio\/2013\/10\/12\/va-tomando-tri-color\/","title":{"rendered":"Va tomando (tri) color"},"content":{"rendered":"<p><em><strong><a href=\"http:\/\/www.gentedebasquet.com.ar\/wp-content\/uploads\/2013\/10\/1381797_536629533089124_39355337_n.jpg\"><img decoding=\"async\" class=\"alignnone size-full wp-image-17471\" title=\"Bahiense U17\" src=\"http:\/\/www.gentedebasquet.com.ar\/wp-content\/uploads\/2013\/10\/1381797_536629533089124_39355337_n.jpg\" alt=\"\" width=\"448\" height=\"336\" \/><\/a>La clasificaci\u00f3n de Bahiense del Norte al Hexagonal Final del Argentino U17 es m\u00e1s factible ahora, tras la victoria sobre Hurac\u00e1n de Trelew. Fue 82 a 47, con 22 puntos de Franco Bazani y 20 de Andr\u00e9s Barbero. Este domingo definen con el local, Atenas de Patagones.<!--more--><\/strong><\/em><\/p>\n<p><span style=\"text-decoration: underline;\"><em><strong>S\u00edntesis:<\/strong><\/em><\/span><\/p>\n<p><strong>Bahiense 82:<\/strong><\/p>\n<p>Iniciales: Rodrigo P\u00e9rez (9), Franco Bazani (22), Andr\u00e9s Barbero (20), Kevin Zambrano (13) y Rodrigo Gerhardt (15).<\/p>\n<p>Ingresaron: Lucas Marani (0), Franco Zabalegui (0), Juan Manuel Bicondoa (0), Leandro Sarti (0), Mat\u00edas Ticozzi (1), Gonzalo Vallerga (0) y Mat\u00edas Pristupa (2).<\/p>\n<p>DT: Alejandro Navallo<\/p>\n<p><strong>Hurac\u00e1n (Trelew) 47:<\/strong><\/p>\n<p>Iniciales: Facundo Sastre (8), Tom\u00e1s Buzzi (2), Juan Ignacio Laterza (1), Ezequiel Calamante (8) y Emiliano Velasco (4).<\/p>\n<p>Ingresaron: Gabriel Echave (17), Ignacio Jara (0), Jonas Yllana (3), Mauro Bernal (0), Juli\u00e1n Acu\u00f1a (0) y Facundo Torres (4).<\/p>\n<p>DT: Fausto Pertuzzo.<\/p>\n<p>&nbsp;<\/p>\n<p><strong>Parciales:<\/strong> Bahiense 28-5, 46-16 (18-11), 64-31 (18-15) y 82-47 (18-16).<\/p>\n<p><strong>Cinco faltas:<\/strong>\u00a0Juan Ignacio Laterza (H).<\/p>\n<p><strong>Jueces:<\/strong>\u00a0Jos\u00e9 Luis Lugli y Agust\u00edn Chavarr\u00eda.<\/p>\n<p><a href=\"http:\/\/www.fibalivestats.com\/matches\/16\/09\/45\/21\/78g5R4JIXgsM\/\" target=\"_blank\" rel=\"noopener\"><strong><span style=\"color: #0000ff;\">ESTAD\u00cdSTICAS OFICIALES<\/span><\/strong><\/a><\/p>\n<blockquote class=\"twitter-tweet\">\n<p>Ganamos por 36 a Huracan de Trelew , ma\u00f1ana nos jugamos la clasificacion con Atenas <a href=\"https:\/\/twitter.com\/search?q=%23VamosBahiense&amp;src=hash\">#VamosBahiense<\/a><\/p>\n<p>&mdash; Fran Bazani \u0635\u0631\u064a\u062d (@FraanBazani) <a href=\"https:\/\/twitter.com\/FraanBazani\/statuses\/389186904169533440\">October 13, 2013<\/a><\/p><\/blockquote>\n<p><script async src=\"\/\/platform.twitter.com\/widgets.js\" charset=\"utf-8\"><\/script><\/p>\n<blockquote class=\"twitter-tweet\">\n<p>Ganamos por 40! Ma\u00f1ana se define la clasificacion con atenas de patagones !! <a href=\"https:\/\/twitter.com\/search?q=%23VamosBahiense&amp;src=hash\">#VamosBahiense<\/a><\/p>\n<p>&mdash; Andres Barbero (@AndresbBdn) <a href=\"https:\/\/twitter.com\/AndresbBdn\/statuses\/389183690258915329\">October 13, 2013<\/a><\/p><\/blockquote>\n<p><script async src=\"\/\/platform.twitter.com\/widgets.js\" charset=\"utf-8\"><\/script><\/p>\n<blockquote class=\"twitter-tweet\">\n<p>Segundo partido por el cuadrangular semifinal de la liga de cadetes contra huracan de trelew ganado por 36 <a href=\"https:\/\/twitter.com\/search?q=%23VamosBahiense&amp;src=hash\">#VamosBahiense<\/a> <a href=\"https:\/\/twitter.com\/search?q=%23VamosElTeam&amp;src=hash\">#VamosElTeam<\/a><\/p>\n<p>&mdash; rodrigerhardt (@rodri1796) <a href=\"https:\/\/twitter.com\/rodri1796\/statuses\/389176628267343873\">October 12, 2013<\/a><\/p><\/blockquote>\n<p><script async src=\"\/\/platform.twitter.com\/widgets.js\" charset=\"utf-8\"><\/script><\/p>\n<p><span style=\"color: #ffcc99;\">.<\/span><\/p>\n<p><strong>Grupo Sur \u2013 Sede: Carmen de Patagones<\/strong><\/p>\n<p><em>Viernes 11\/10\/2013<\/em><\/p>\n<p>19:00 hs Boca Juniors 66-62 Bahiense del Norte<\/p>\n<p>21:00 hs Atenas de Patagones 88-79 Hurac\u00e1n de Trelew<\/p>\n<p><em>S\u00e1bado 12\/10\/2013<\/em><\/p>\n<p>19:00 hs Bahiense del Norte 82-47 Hurac\u00e1n de Trelew<\/p>\n<p>21:00 hs Atenas de Patagones 52-65 Boca Juniors<\/p>\n<p><em>Domingo 13\/10\/2013<\/em><\/p>\n<p>10:00 hs Hurac\u00e1n de Trelew vs Boca Juniors<\/p>\n<p>12:00 hs Atenas de Patagones vs Bahiense del Norte<\/p>\n<p><strong>Grupo Norte \u2013 Sede: Gualeguaych\u00fa<\/strong><\/p>\n<p><em>Viernes 11\/10\/2013<\/em><\/p>\n<p>20:00 hs Sionista de Paran\u00e1 vs Andes Talleres de Mendoza<\/p>\n<p>21:30 hs Neptunia de Gualeguaych\u00fa vs Quimsa de Santiago del Estero<\/p>\n<p><em>S\u00e1bado 12\/10\/2013<\/em><\/p>\n<p>20:00 hs Neptunia de Gualeguaych\u00fa vs Andes Talleres de Mendoza<\/p>\n<p>21:30 hs Sionista de Paran\u00e1 vs Quimsa de Santiago del Estero<\/p>\n<p><em>Domingo 13\/10\/2013<\/em><\/p>\n<p>10:00 hs Quimsa de Santiago del Estero vs Andes Talleres de Mendoza<\/p>\n<p>12:30 hs Neptunia de Gualeguaych\u00fa vs Sionista de Paran\u00e1<br \/>\n<strong><\/strong><\/p>\n<p><strong>Grupo Centro \u2013 Sede: C\u00f3rdoba<\/strong><\/p>\n<p><em>Viernes 11\/10\/2013<\/em><\/p>\n<p>19:00 hs Independiente de Neuqu\u00e9n vs Uni\u00f3n de Santa Fe<\/p>\n<p>21:00 hs Instituto de C\u00f3rdoba vs Sarmiento de Formosa<\/p>\n<p><em>S\u00e1bado 12\/10\/2013<\/em><\/p>\n<p>19:00 hs Sarmiento de Formosa vs Uni\u00f3n de Santa Fe<\/p>\n<p>21:00 hs Instituto de C\u00f3rdoba vs Independiente de Neuqu\u00e9n<\/p>\n<p><em>Domingo 13\/10\/2013<\/em><\/p>\n<p>10:00 hs Sarmiento de Formosa vs Independiente de Neuqu\u00e9n<\/p>\n<p>12:00 hs Instituto de C\u00f3rdoba vs Uni\u00f3n de Santa Fe<\/p>\n<p>Clasificar\u00e1n al Hexagonal Final los dos primeros de cada grupo.<\/p>\n<p><span style=\"color: #ffcc99;\">.<\/span><\/p>\n<p><strong>BAHIENSE DEL NORTE<\/strong><\/p>\n<p><a href=\"http:\/\/www.gentedebasquet.com.ar\/wp-content\/uploads\/2013\/10\/Bahiense-U17.jpg\"><img decoding=\"async\" class=\"alignnone size-full wp-image-17237\" title=\"Bahiense U17\" src=\"http:\/\/www.gentedebasquet.com.ar\/wp-content\/uploads\/2013\/10\/Bahiense-U17.jpg\" alt=\"\" width=\"448\" height=\"336\" \/><\/a><\/p>\n<p>Andr\u00e9s Barbero, Franco Bazani, Rodrigo Gerhardt, Kevin Zambrano, Lucas Marani, Rodrigo P\u00e9rez, Franco Zabalegui, Mat\u00edas Pristupa, Juan Manuel Bicondoa, Gonzalo Vallerga, Leandro Sarti y Mat\u00edas Ticozzi. DT: Alejandro Navallo.<\/p>\n<p><strong>HURAC\u00c1N (TRELEW)<\/strong><\/p>\n<p><a href=\"http:\/\/www.gentedebasquet.com.ar\/wp-content\/uploads\/2013\/10\/993405_536629679755776_1934507433_n.jpg\"><img decoding=\"async\" class=\"alignnone size-full wp-image-17472\" title=\"Hurac\u00e1n U17\" src=\"http:\/\/www.gentedebasquet.com.ar\/wp-content\/uploads\/2013\/10\/993405_536629679755776_1934507433_n.jpg\" alt=\"\" width=\"448\" height=\"336\" \/><\/a><\/p>\n<p>Fotos: Planeta B\u00e1squet Viedma.<\/p>\n","protected":false},"excerpt":{"rendered":"<p>La clasificaci\u00f3n de Bahiense del Norte al Hexagonal Final del Argentino U17 es m\u00e1s factible ahora, tras la victoria sobre Hurac\u00e1n de Trelew. Fue 82 a 47, con 22 puntos de Franco Bazani y 20 de Andr\u00e9s Barbero. Este domingo definen con el local, Atenas de Patagones.<\/p>\n","protected":false},"author":1,"featured_media":0,"comment_status":"open","ping_status":"open","sticky":false,"template":"","format":"standard","meta":{"jnews-multi-image_gallery":[],"jnews_single_post":[],"jnews_primary_category":[],"footnotes":""},"categories":[35],"tags":[5],"class_list":["post-17470","post","type-post","status-publish","format-standard","hentry","category-u17","tag-bahiense-del-norte"],"yoast_head":"<!-- This site is optimized with the Yoast SEO plugin v27.5 - https:\/\/yoast.com\/product\/yoast-seo-wordpress\/ -->\n<title>Va tomando (tri) color - Gente de B\u00e1squet<\/title>\n<meta name=\"robots\" content=\"index, follow, max-snippet:-1, max-image-preview:large, max-video-preview:-1\" \/>\n<link rel=\"canonical\" href=\"https:\/\/gentedebasquet.com.ar\/sitio\/2013\/10\/12\/va-tomando-tri-color\/\" \/>\n<meta property=\"og:locale\" content=\"es_ES\" \/>\n<meta property=\"og:type\" content=\"article\" \/>\n<meta property=\"og:title\" content=\"Va tomando (tri) color - Gente de B\u00e1squet\" \/>\n<meta property=\"og:description\" content=\"La clasificaci\u00f3n de Bahiense del Norte al Hexagonal Final del Argentino U17 es m\u00e1s factible ahora, tras la victoria sobre Hurac\u00e1n de Trelew. Fue 82 a 47, con 22 puntos de Franco Bazani y 20 de Andr\u00e9s Barbero. Este domingo definen con el local, Atenas de Patagones.\" \/>\n<meta property=\"og:url\" content=\"https:\/\/gentedebasquet.com.ar\/sitio\/2013\/10\/12\/va-tomando-tri-color\/\" \/>\n<meta property=\"og:site_name\" content=\"Gente de B\u00e1squet\" \/>\n<meta property=\"article:published_time\" content=\"2013-10-12T01:45:30+00:00\" \/>\n<meta property=\"og:image\" content=\"http:\/\/www.gentedebasquet.com.ar\/wp-content\/uploads\/2013\/10\/1381797_536629533089124_39355337_n.jpg\" \/>\n<meta name=\"author\" content=\"Gente de B\u00e1squet\" \/>\n<meta name=\"twitter:card\" content=\"summary_large_image\" \/>\n<meta name=\"twitter:label1\" content=\"Escrito por\" \/>\n\t<meta name=\"twitter:data1\" content=\"Gente de B\u00e1squet\" \/>\n\t<meta name=\"twitter:label2\" content=\"Tiempo de lectura\" \/>\n\t<meta name=\"twitter:data2\" content=\"2 minutos\" \/>\n<script type=\"application\/ld+json\" class=\"yoast-schema-graph\">{\"@context\":\"https:\\\/\\\/schema.org\",\"@graph\":[{\"@type\":\"Article\",\"@id\":\"https:\\\/\\\/gentedebasquet.com.ar\\\/sitio\\\/2013\\\/10\\\/12\\\/va-tomando-tri-color\\\/#article\",\"isPartOf\":{\"@id\":\"https:\\\/\\\/gentedebasquet.com.ar\\\/sitio\\\/2013\\\/10\\\/12\\\/va-tomando-tri-color\\\/\"},\"author\":{\"name\":\"Gente de B\u00e1squet\",\"@id\":\"https:\\\/\\\/gentedebasquet.com.ar\\\/sitio\\\/#\\\/schema\\\/person\\\/ca0b63bbb977369988a7bbbdc519943a\"},\"headline\":\"Va tomando (tri) color\",\"datePublished\":\"2013-10-12T01:45:30+00:00\",\"mainEntityOfPage\":{\"@id\":\"https:\\\/\\\/gentedebasquet.com.ar\\\/sitio\\\/2013\\\/10\\\/12\\\/va-tomando-tri-color\\\/\"},\"wordCount\":463,\"commentCount\":0,\"image\":{\"@id\":\"https:\\\/\\\/gentedebasquet.com.ar\\\/sitio\\\/2013\\\/10\\\/12\\\/va-tomando-tri-color\\\/#primaryimage\"},\"thumbnailUrl\":\"http:\\\/\\\/www.gentedebasquet.com.ar\\\/wp-content\\\/uploads\\\/2013\\\/10\\\/1381797_536629533089124_39355337_n.jpg\",\"keywords\":[\"Bahiense Del Norte\"],\"articleSection\":[\"U17\"],\"inLanguage\":\"es\",\"potentialAction\":[{\"@type\":\"CommentAction\",\"name\":\"Comment\",\"target\":[\"https:\\\/\\\/gentedebasquet.com.ar\\\/sitio\\\/2013\\\/10\\\/12\\\/va-tomando-tri-color\\\/#respond\"]}]},{\"@type\":\"WebPage\",\"@id\":\"https:\\\/\\\/gentedebasquet.com.ar\\\/sitio\\\/2013\\\/10\\\/12\\\/va-tomando-tri-color\\\/\",\"url\":\"https:\\\/\\\/gentedebasquet.com.ar\\\/sitio\\\/2013\\\/10\\\/12\\\/va-tomando-tri-color\\\/\",\"name\":\"Va tomando (tri) color - Gente de B\u00e1squet\",\"isPartOf\":{\"@id\":\"https:\\\/\\\/gentedebasquet.com.ar\\\/sitio\\\/#website\"},\"primaryImageOfPage\":{\"@id\":\"https:\\\/\\\/gentedebasquet.com.ar\\\/sitio\\\/2013\\\/10\\\/12\\\/va-tomando-tri-color\\\/#primaryimage\"},\"image\":{\"@id\":\"https:\\\/\\\/gentedebasquet.com.ar\\\/sitio\\\/2013\\\/10\\\/12\\\/va-tomando-tri-color\\\/#primaryimage\"},\"thumbnailUrl\":\"http:\\\/\\\/www.gentedebasquet.com.ar\\\/wp-content\\\/uploads\\\/2013\\\/10\\\/1381797_536629533089124_39355337_n.jpg\",\"datePublished\":\"2013-10-12T01:45:30+00:00\",\"author\":{\"@id\":\"https:\\\/\\\/gentedebasquet.com.ar\\\/sitio\\\/#\\\/schema\\\/person\\\/ca0b63bbb977369988a7bbbdc519943a\"},\"breadcrumb\":{\"@id\":\"https:\\\/\\\/gentedebasquet.com.ar\\\/sitio\\\/2013\\\/10\\\/12\\\/va-tomando-tri-color\\\/#breadcrumb\"},\"inLanguage\":\"es\",\"potentialAction\":[{\"@type\":\"ReadAction\",\"target\":[\"https:\\\/\\\/gentedebasquet.com.ar\\\/sitio\\\/2013\\\/10\\\/12\\\/va-tomando-tri-color\\\/\"]}]},{\"@type\":\"ImageObject\",\"inLanguage\":\"es\",\"@id\":\"https:\\\/\\\/gentedebasquet.com.ar\\\/sitio\\\/2013\\\/10\\\/12\\\/va-tomando-tri-color\\\/#primaryimage\",\"url\":\"http:\\\/\\\/www.gentedebasquet.com.ar\\\/wp-content\\\/uploads\\\/2013\\\/10\\\/1381797_536629533089124_39355337_n.jpg\",\"contentUrl\":\"http:\\\/\\\/www.gentedebasquet.com.ar\\\/wp-content\\\/uploads\\\/2013\\\/10\\\/1381797_536629533089124_39355337_n.jpg\"},{\"@type\":\"BreadcrumbList\",\"@id\":\"https:\\\/\\\/gentedebasquet.com.ar\\\/sitio\\\/2013\\\/10\\\/12\\\/va-tomando-tri-color\\\/#breadcrumb\",\"itemListElement\":[{\"@type\":\"ListItem\",\"position\":1,\"name\":\"Portada\",\"item\":\"https:\\\/\\\/gentedebasquet.com.ar\\\/sitio\\\/\"},{\"@type\":\"ListItem\",\"position\":2,\"name\":\"Va tomando (tri) color\"}]},{\"@type\":\"WebSite\",\"@id\":\"https:\\\/\\\/gentedebasquet.com.ar\\\/sitio\\\/#website\",\"url\":\"https:\\\/\\\/gentedebasquet.com.ar\\\/sitio\\\/\",\"name\":\"Gente de B\u00e1squet\",\"description\":\"La revista del basquet de Bah\u00eda Blanca\",\"potentialAction\":[{\"@type\":\"SearchAction\",\"target\":{\"@type\":\"EntryPoint\",\"urlTemplate\":\"https:\\\/\\\/gentedebasquet.com.ar\\\/sitio\\\/?s={search_term_string}\"},\"query-input\":{\"@type\":\"PropertyValueSpecification\",\"valueRequired\":true,\"valueName\":\"search_term_string\"}}],\"inLanguage\":\"es\"},{\"@type\":\"Person\",\"@id\":\"https:\\\/\\\/gentedebasquet.com.ar\\\/sitio\\\/#\\\/schema\\\/person\\\/ca0b63bbb977369988a7bbbdc519943a\",\"name\":\"Gente de B\u00e1squet\",\"image\":{\"@type\":\"ImageObject\",\"inLanguage\":\"es\",\"@id\":\"https:\\\/\\\/secure.gravatar.com\\\/avatar\\\/7f2c48bdc33b30088f941fb6082e555f2874c98e20cb159d7b92b50eadfce793?s=96&d=mm&r=g\",\"url\":\"https:\\\/\\\/secure.gravatar.com\\\/avatar\\\/7f2c48bdc33b30088f941fb6082e555f2874c98e20cb159d7b92b50eadfce793?s=96&d=mm&r=g\",\"contentUrl\":\"https:\\\/\\\/secure.gravatar.com\\\/avatar\\\/7f2c48bdc33b30088f941fb6082e555f2874c98e20cb159d7b92b50eadfce793?s=96&d=mm&r=g\",\"caption\":\"Gente de B\u00e1squet\"},\"sameAs\":[\"http:\\\/\\\/gentedebasquet.com.ar\\\/sitio\"],\"url\":\"https:\\\/\\\/gentedebasquet.com.ar\\\/sitio\\\/author\\\/ulises\\\/\"}]}<\/script>\n<!-- \/ Yoast SEO plugin. -->","yoast_head_json":{"title":"Va tomando (tri) color - Gente de B\u00e1squet","robots":{"index":"index","follow":"follow","max-snippet":"max-snippet:-1","max-image-preview":"max-image-preview:large","max-video-preview":"max-video-preview:-1"},"canonical":"https:\/\/gentedebasquet.com.ar\/sitio\/2013\/10\/12\/va-tomando-tri-color\/","og_locale":"es_ES","og_type":"article","og_title":"Va tomando (tri) color - Gente de B\u00e1squet","og_description":"La clasificaci\u00f3n de Bahiense del Norte al Hexagonal Final del Argentino U17 es m\u00e1s factible ahora, tras la victoria sobre Hurac\u00e1n de Trelew. Fue 82 a 47, con 22 puntos de Franco Bazani y 20 de Andr\u00e9s Barbero. Este domingo definen con el local, Atenas de Patagones.","og_url":"https:\/\/gentedebasquet.com.ar\/sitio\/2013\/10\/12\/va-tomando-tri-color\/","og_site_name":"Gente de B\u00e1squet","article_published_time":"2013-10-12T01:45:30+00:00","og_image":[{"url":"http:\/\/www.gentedebasquet.com.ar\/wp-content\/uploads\/2013\/10\/1381797_536629533089124_39355337_n.jpg","type":"","width":"","height":""}],"author":"Gente de B\u00e1squet","twitter_card":"summary_large_image","twitter_misc":{"Escrito por":"Gente de B\u00e1squet","Tiempo de lectura":"2 minutos"},"schema":{"@context":"https:\/\/schema.org","@graph":[{"@type":"Article","@id":"https:\/\/gentedebasquet.com.ar\/sitio\/2013\/10\/12\/va-tomando-tri-color\/#article","isPartOf":{"@id":"https:\/\/gentedebasquet.com.ar\/sitio\/2013\/10\/12\/va-tomando-tri-color\/"},"author":{"name":"Gente de B\u00e1squet","@id":"https:\/\/gentedebasquet.com.ar\/sitio\/#\/schema\/person\/ca0b63bbb977369988a7bbbdc519943a"},"headline":"Va tomando (tri) color","datePublished":"2013-10-12T01:45:30+00:00","mainEntityOfPage":{"@id":"https:\/\/gentedebasquet.com.ar\/sitio\/2013\/10\/12\/va-tomando-tri-color\/"},"wordCount":463,"commentCount":0,"image":{"@id":"https:\/\/gentedebasquet.com.ar\/sitio\/2013\/10\/12\/va-tomando-tri-color\/#primaryimage"},"thumbnailUrl":"http:\/\/www.gentedebasquet.com.ar\/wp-content\/uploads\/2013\/10\/1381797_536629533089124_39355337_n.jpg","keywords":["Bahiense Del Norte"],"articleSection":["U17"],"inLanguage":"es","potentialAction":[{"@type":"CommentAction","name":"Comment","target":["https:\/\/gentedebasquet.com.ar\/sitio\/2013\/10\/12\/va-tomando-tri-color\/#respond"]}]},{"@type":"WebPage","@id":"https:\/\/gentedebasquet.com.ar\/sitio\/2013\/10\/12\/va-tomando-tri-color\/","url":"https:\/\/gentedebasquet.com.ar\/sitio\/2013\/10\/12\/va-tomando-tri-color\/","name":"Va tomando (tri) color - Gente de B\u00e1squet","isPartOf":{"@id":"https:\/\/gentedebasquet.com.ar\/sitio\/#website"},"primaryImageOfPage":{"@id":"https:\/\/gentedebasquet.com.ar\/sitio\/2013\/10\/12\/va-tomando-tri-color\/#primaryimage"},"image":{"@id":"https:\/\/gentedebasquet.com.ar\/sitio\/2013\/10\/12\/va-tomando-tri-color\/#primaryimage"},"thumbnailUrl":"http:\/\/www.gentedebasquet.com.ar\/wp-content\/uploads\/2013\/10\/1381797_536629533089124_39355337_n.jpg","datePublished":"2013-10-12T01:45:30+00:00","author":{"@id":"https:\/\/gentedebasquet.com.ar\/sitio\/#\/schema\/person\/ca0b63bbb977369988a7bbbdc519943a"},"breadcrumb":{"@id":"https:\/\/gentedebasquet.com.ar\/sitio\/2013\/10\/12\/va-tomando-tri-color\/#breadcrumb"},"inLanguage":"es","potentialAction":[{"@type":"ReadAction","target":["https:\/\/gentedebasquet.com.ar\/sitio\/2013\/10\/12\/va-tomando-tri-color\/"]}]},{"@type":"ImageObject","inLanguage":"es","@id":"https:\/\/gentedebasquet.com.ar\/sitio\/2013\/10\/12\/va-tomando-tri-color\/#primaryimage","url":"http:\/\/www.gentedebasquet.com.ar\/wp-content\/uploads\/2013\/10\/1381797_536629533089124_39355337_n.jpg","contentUrl":"http:\/\/www.gentedebasquet.com.ar\/wp-content\/uploads\/2013\/10\/1381797_536629533089124_39355337_n.jpg"},{"@type":"BreadcrumbList","@id":"https:\/\/gentedebasquet.com.ar\/sitio\/2013\/10\/12\/va-tomando-tri-color\/#breadcrumb","itemListElement":[{"@type":"ListItem","position":1,"name":"Portada","item":"https:\/\/gentedebasquet.com.ar\/sitio\/"},{"@type":"ListItem","position":2,"name":"Va tomando (tri) color"}]},{"@type":"WebSite","@id":"https:\/\/gentedebasquet.com.ar\/sitio\/#website","url":"https:\/\/gentedebasquet.com.ar\/sitio\/","name":"Gente de B\u00e1squet","description":"La revista del basquet de Bah\u00eda Blanca","potentialAction":[{"@type":"SearchAction","target":{"@type":"EntryPoint","urlTemplate":"https:\/\/gentedebasquet.com.ar\/sitio\/?s={search_term_string}"},"query-input":{"@type":"PropertyValueSpecification","valueRequired":true,"valueName":"search_term_string"}}],"inLanguage":"es"},{"@type":"Person","@id":"https:\/\/gentedebasquet.com.ar\/sitio\/#\/schema\/person\/ca0b63bbb977369988a7bbbdc519943a","name":"Gente de B\u00e1squet","image":{"@type":"ImageObject","inLanguage":"es","@id":"https:\/\/secure.gravatar.com\/avatar\/7f2c48bdc33b30088f941fb6082e555f2874c98e20cb159d7b92b50eadfce793?s=96&d=mm&r=g","url":"https:\/\/secure.gravatar.com\/avatar\/7f2c48bdc33b30088f941fb6082e555f2874c98e20cb159d7b92b50eadfce793?s=96&d=mm&r=g","contentUrl":"https:\/\/secure.gravatar.com\/avatar\/7f2c48bdc33b30088f941fb6082e555f2874c98e20cb159d7b92b50eadfce793?s=96&d=mm&r=g","caption":"Gente de B\u00e1squet"},"sameAs":["http:\/\/gentedebasquet.com.ar\/sitio"],"url":"https:\/\/gentedebasquet.com.ar\/sitio\/author\/ulises\/"}]}},"_links":{"self":[{"href":"https:\/\/gentedebasquet.com.ar\/sitio\/wp-json\/wp\/v2\/posts\/17470","targetHints":{"allow":["GET"]}}],"collection":[{"href":"https:\/\/gentedebasquet.com.ar\/sitio\/wp-json\/wp\/v2\/posts"}],"about":[{"href":"https:\/\/gentedebasquet.com.ar\/sitio\/wp-json\/wp\/v2\/types\/post"}],"author":[{"embeddable":true,"href":"https:\/\/gentedebasquet.com.ar\/sitio\/wp-json\/wp\/v2\/users\/1"}],"replies":[{"embeddable":true,"href":"https:\/\/gentedebasquet.com.ar\/sitio\/wp-json\/wp\/v2\/comments?post=17470"}],"version-history":[{"count":0,"href":"https:\/\/gentedebasquet.com.ar\/sitio\/wp-json\/wp\/v2\/posts\/17470\/revisions"}],"wp:attachment":[{"href":"https:\/\/gentedebasquet.com.ar\/sitio\/wp-json\/wp\/v2\/media?parent=17470"}],"wp:term":[{"taxonomy":"category","embeddable":true,"href":"https:\/\/gentedebasquet.com.ar\/sitio\/wp-json\/wp\/v2\/categories?post=17470"},{"taxonomy":"post_tag","embeddable":true,"href":"https:\/\/gentedebasquet.com.ar\/sitio\/wp-json\/wp\/v2\/tags?post=17470"}],"curies":[{"name":"wp","href":"https:\/\/api.w.org\/{rel}","templated":true}]}}