{"id":17658,"date":"2013-10-16T03:51:02","date_gmt":"2013-10-16T03:51:02","guid":{"rendered":"http:\/\/www.gentedebasquet.com.ar\/?p=17658"},"modified":"2013-10-16T03:51:02","modified_gmt":"2013-10-16T03:51:02","slug":"la-falda-tuvo-fede-ganarlo","status":"publish","type":"post","link":"https:\/\/gentedebasquet.com.ar\/sitio\/2013\/10\/16\/la-falda-tuvo-fede-ganarlo\/","title":{"rendered":"La Falda tuvo \u00abFede\u00bb ganarlo"},"content":{"rendered":"<p><a href=\"http:\/\/www.gentedebasquet.com.ar\/wp-content\/uploads\/2013\/10\/Obreque.jpg\"><img decoding=\"async\" class=\"aligncenter size-full wp-image-17681\" src=\"http:\/\/www.gentedebasquet.com.ar\/wp-content\/uploads\/2013\/10\/Obreque.jpg\" alt=\"\" width=\"448\" height=\"336\" \/><\/a><\/p>\n<p><strong><em>La Falda tuvo que batallar hasta el final para quedarse con el triunfo sobre Velocidad por 67-63 en un partido que lleg\u00f3 a ganarlo por 11 y reci\u00e9n lo termin\u00f3 liquidando en los instantes finales con el aporte de Federico Vilouta (13). Adem\u00e1s, Fernando Bonino (15 y 11 rebotes) y Andr\u00e9s Mond\u00f3n (11 y 11 rebotes) fueron los m\u00e1s destacados; mientras que Hern\u00e1n Soria (18 y 15 rebotes) se erigi\u00f3 como el goleador del juego y figura del due\u00f1o de casa, seguido por Cristian Bisterfeld (14). En La Falda se produjo la vuelta a las canchas de Gustavo Lan tras la operaci\u00f3n en su rodilla.<!--more--><\/em><\/strong><\/p>\n<p>Luego de un doble de Guill\u00e9n en el salto inicial, La Falda fue calentando motores con la conducci\u00f3n de Obreque (4 ), las corridas de Bonino (4) y los lanzamientos de frente al cesto de Gim\u00e9nez y Mond\u00f3n (9 entre ambos). As\u00ed fue que se adelant\u00f3 10-2 y lleg\u00f3 a sacar 11 de luz fortaleciendo el rebotes defensivo con Bonino (8) como principal receptor y manteni\u00e9ndose efectivo (7\/10 T2). Sin embargo despu\u00e9s el aro se le cerr\u00f3 (1\/10 TC) y careci\u00f3 de variantes, otorg\u00e1ndole la posibilidad a Velocidad de cerrar el cuarto con un parcial de 13-3 profundizando las ofensivas, con Soria (5) a la cabeza.<\/p>\n<p>La Falda se recost\u00f3 en zona en el arranque del segundo chico para evitar tiros cercanos a su propio cesto; pero de la mano de Soria (6) y Drost (5) y con un equipo entendiendo como hab\u00eda que atacar la defensa (5 asistencias), \u201cVelo\u201d pas\u00f3 al frente apostando al tiro exterior (3 triples). No obstante, con el ingreso de Lan (ver aparte), el visitante obtuvo mayor tranquilidad atr\u00e1s ya que el \u201cHormiga\u201d asegur\u00f3 el rebote defensivo (5) y esto le permiti\u00f3 correr nuevamente con Bonino (6) y cuando fren\u00f3 el bal\u00f3n, Otamendi (7) fue continuamente hacia adentro generando varios dolores de cabeza con su plasticidad. Pero cuando tuvo que dar el golpe de gracia se relaj\u00f3, cedi\u00f3 ante la intensidad defensiva rival (5 p\u00e9rdidas), provocando la reacci\u00f3n del local.<\/p>\n<p>A la vuelta del vestuario el desarrollo del encuentro cay\u00f3 en una meseta, donde ambos equipos se mostraron algo err\u00e1ticos (8\/28 TC entre ambos). Soria se encarg\u00f3 de mantener la fortaleza en su propio cristal (5 rebotes) aunque no pudieron aprovecharlo del otro lado. La Falda no estuvo muy lejos de lo que propon\u00eda y obligaba el ritmo del juego; aunque produjo un poco m\u00e1s con el lanzamiento de Obreque (4) para mantenerse al frente en el marcador (50-43).<\/p>\n<p>Con mucho amor propio, defensa (6 p\u00e9rdidas La Falda) y din\u00e1mica, Velocidad puso todas las fichas al tiro exterior (4\/5 T3) para remontar la desventaja (48-56). All\u00ed Soria (dos triples) y Halberg (7 con un triple) hicieron de las suyas para lograrlo, plasmando un parcial de 15-5 para dar vuelta la historia (63-61) con 1m42s por jugarse. Sin embargo cometi\u00f3 varios errores (5 p\u00e9rdidas) que Vilouta (9) se encarg\u00f3 de hacerlos pagar del otro lado del campo. De todas maneras el due\u00f1o de casa tuvo la chance de ganarlo pero se qued\u00f3 sin nafta sobre el final, perdi\u00f3 hombres fundamentales por l\u00edmite de faltas y equivoc\u00f3 las opciones ofensivas. \u201cLafa\u201d cerr\u00f3 certero desde la l\u00ednea e intenso en defensa.<\/p>\n<p>&nbsp;<\/p>\n<p><em><strong>S\u00edntesis:<\/strong><\/em><\/p>\n<p><strong>Velocidad (63):<\/strong><\/p>\n<p>Iniciales: Mauricio Halberg (13), Hern\u00e1n Soria (18), Mariano Guill\u00e9n (8), Emanuel Linzua\u00edn (0) y Cristian Bisterfeld (14).<\/p>\n<p>Ingresaron: Francisco Grandes (4), Brian Drost (5), Facundo Halberg (0) y Renzo Balducci (2).<\/p>\n<p>DT: Silvio Montero.<\/p>\n<p><strong>La Falda (67):<\/strong><\/p>\n<p>Iniciales: Pablo Obreque (9), Fernando Bonino (15), Federico Vilouta (13), Manuel Gim\u00e9nez (7) y Andr\u00e9s Mond\u00f3n (11).<\/p>\n<p>Ingresaron: I\u00f1aki Otamendi (7) y Gustavo Lan (5).<\/p>\n<p>DT: Sebasti\u00e1n Aleksoski.<\/p>\n<p><strong>Cuartos<\/strong><strong>:<\/strong>\u00a018-19, 36-38 (18-19), 43-50 (7-12) y 63-67 (20-17).<\/p>\n<p><strong>Cinco faltas<\/strong><strong>:<\/strong>\u00a0Grandes, Bisterfeld y Guill\u00e9n (Velocidad) y Bonino (La Falda).<\/p>\n<p><strong>\u00c1rbitros<\/strong><strong>:\u00a0<\/strong>Javier S\u00e1nchez y Mat\u00edas Garate.<\/p>\n<p><strong>Estadio<\/strong><strong>:\u00a0<\/strong>\u201cPedro S\u00e1nchez\u201d (Velocidad).<\/p>\n<p><a class=\"modalf iframe\" title=\"Planilla\" href=\"https:\/\/docs.google.com\/spreadsheet\/pub?hl=es&amp;hl=es&amp;key=0Att517gK6JjtdE5RVFRaLW9YM0J5bG0tU05tM0M4alE&amp;single=true&amp;gid=0&amp;output=html\">Ver Planilla<\/a><\/p>\n<p>&nbsp;<\/p>\n<p><a href=\"http:\/\/www.gentedebasquet.com.ar\/wp-content\/uploads\/2013\/10\/DSCF2253.jpg\"><img decoding=\"async\" class=\"aligncenter size-large wp-image-17687\" src=\"http:\/\/www.gentedebasquet.com.ar\/wp-content\/uploads\/2013\/10\/DSCF2253-1024x768.jpg\" alt=\"\" width=\"448\" height=\"336\" \/><\/a><\/p>\n<p><strong>Y un d\u00eda volvi\u00f3.<\/strong><\/p>\n<p>Haciendo alusi\u00f3n a su apodo, Gustavo Lan realiz\u00f3 un trabajo de \u201cHormiga\u201d para poder recuperarse de su lesi\u00f3n en su rodilla (tuvo que operarse) y volver a las canchas.<\/p>\n<p>Anoche pudo reci\u00e9n jugar su primer partido en el a\u00f1o, y \u00a1\u00a1\u00a1vaya que fue importante!!!.\u00a0 Ante la acumulaci\u00f3n de infracciones de Gim\u00e9nez, el interno ingres\u00f3 a comienzos del segundo cuarto y en la primera que le qued\u00f3 para desenfundar, anot\u00f3 un triple clave en la reacci\u00f3n del equipo. Adem\u00e1s en defensa fue determinante en los tableros (9 en total) y le otorg\u00f3 mayor comunicaci\u00f3n a la zona que implement\u00f3.<\/p>\n<p>Y llega en un momento donde La Falda lo necesitar\u00e1 ante las bajas que presenta el equipo: Cruz (esperando el informe de la ABB del partido frente a Alem), Alfonso (posible desgarro intercostal aunque ma\u00f1ana le dar\u00e1n los resultados de los estudios), Fern\u00e1ndez (volvi\u00f3 a entrenar ayer despu\u00e9s de su lesi\u00f3n en el pie), C\u00f3rdoba (se lesion\u00f3 en el partido de sub-21) y De La Prieta (arrastra una suspensi\u00f3n).<\/p>\n","protected":false},"excerpt":{"rendered":"<p>La Falda tuvo que batallar hasta el final para quedarse con el triunfo sobre Velocidad por 67-63 en un partido que lleg\u00f3 a ganarlo por 11 y reci\u00e9n lo termin\u00f3 liquidando en los instantes finales con el aporte de Federico Vilouta (13). Adem\u00e1s, Fernando Bonino (15 y 11 rebotes) y Andr\u00e9s Mond\u00f3n (11 y 11 [&hellip;]<\/p>\n","protected":false},"author":7,"featured_media":0,"comment_status":"open","ping_status":"open","sticky":false,"template":"","format":"standard","meta":{"jnews-multi-image_gallery":[],"jnews_single_post":[],"jnews_primary_category":[],"footnotes":""},"categories":[25],"tags":[13,21],"class_list":["post-17658","post","type-post","status-publish","format-standard","hentry","category-segunda","tag-la-falda","tag-velocidad"],"yoast_head":"<!-- This site is optimized with the Yoast SEO plugin v27.5 - https:\/\/yoast.com\/product\/yoast-seo-wordpress\/ -->\n<title>La Falda tuvo &quot;Fede&quot; ganarlo - Gente de B\u00e1squet<\/title>\n<meta name=\"robots\" content=\"index, follow, max-snippet:-1, max-image-preview:large, max-video-preview:-1\" \/>\n<link rel=\"canonical\" href=\"http:\/\/gentedebasquet.com.ar\/sitio\/2013\/10\/16\/la-falda-tuvo-fede-ganarlo\/\" \/>\n<meta property=\"og:locale\" content=\"es_ES\" \/>\n<meta property=\"og:type\" content=\"article\" \/>\n<meta property=\"og:title\" content=\"La Falda tuvo &quot;Fede&quot; ganarlo - Gente de B\u00e1squet\" \/>\n<meta property=\"og:description\" content=\"La Falda tuvo que batallar hasta el final para quedarse con el triunfo sobre Velocidad por 67-63 en un partido que lleg\u00f3 a ganarlo por 11 y reci\u00e9n lo termin\u00f3 liquidando en los instantes finales con el aporte de Federico Vilouta (13). Adem\u00e1s, Fernando Bonino (15 y 11 rebotes) y Andr\u00e9s Mond\u00f3n (11 y 11 [&hellip;]\" \/>\n<meta property=\"og:url\" content=\"http:\/\/gentedebasquet.com.ar\/sitio\/2013\/10\/16\/la-falda-tuvo-fede-ganarlo\/\" \/>\n<meta property=\"og:site_name\" content=\"Gente de B\u00e1squet\" \/>\n<meta property=\"article:published_time\" content=\"2013-10-16T03:51:02+00:00\" \/>\n<meta property=\"og:image\" content=\"http:\/\/www.gentedebasquet.com.ar\/wp-content\/uploads\/2013\/10\/Obreque.jpg\" \/>\n<meta name=\"author\" content=\"Elian Romero\" \/>\n<meta name=\"twitter:card\" content=\"summary_large_image\" \/>\n<meta name=\"twitter:label1\" content=\"Escrito por\" \/>\n\t<meta name=\"twitter:data1\" content=\"Elian Romero\" \/>\n\t<meta name=\"twitter:label2\" content=\"Tiempo de lectura\" \/>\n\t<meta name=\"twitter:data2\" content=\"4 minutos\" \/>\n<script type=\"application\/ld+json\" class=\"yoast-schema-graph\">{\"@context\":\"https:\\\/\\\/schema.org\",\"@graph\":[{\"@type\":\"Article\",\"@id\":\"http:\\\/\\\/gentedebasquet.com.ar\\\/sitio\\\/2013\\\/10\\\/16\\\/la-falda-tuvo-fede-ganarlo\\\/#article\",\"isPartOf\":{\"@id\":\"http:\\\/\\\/gentedebasquet.com.ar\\\/sitio\\\/2013\\\/10\\\/16\\\/la-falda-tuvo-fede-ganarlo\\\/\"},\"author\":{\"name\":\"Elian Romero\",\"@id\":\"https:\\\/\\\/gentedebasquet.com.ar\\\/sitio\\\/#\\\/schema\\\/person\\\/57f7bb2735926f2a9d9bb247bf52d34a\"},\"headline\":\"La Falda tuvo \u00abFede\u00bb ganarlo\",\"datePublished\":\"2013-10-16T03:51:02+00:00\",\"mainEntityOfPage\":{\"@id\":\"http:\\\/\\\/gentedebasquet.com.ar\\\/sitio\\\/2013\\\/10\\\/16\\\/la-falda-tuvo-fede-ganarlo\\\/\"},\"wordCount\":823,\"commentCount\":0,\"image\":{\"@id\":\"http:\\\/\\\/gentedebasquet.com.ar\\\/sitio\\\/2013\\\/10\\\/16\\\/la-falda-tuvo-fede-ganarlo\\\/#primaryimage\"},\"thumbnailUrl\":\"http:\\\/\\\/www.gentedebasquet.com.ar\\\/wp-content\\\/uploads\\\/2013\\\/10\\\/Obreque.jpg\",\"keywords\":[\"La Falda\",\"Velocidad\"],\"articleSection\":[\"Segunda\"],\"inLanguage\":\"es\",\"potentialAction\":[{\"@type\":\"CommentAction\",\"name\":\"Comment\",\"target\":[\"http:\\\/\\\/gentedebasquet.com.ar\\\/sitio\\\/2013\\\/10\\\/16\\\/la-falda-tuvo-fede-ganarlo\\\/#respond\"]}]},{\"@type\":\"WebPage\",\"@id\":\"http:\\\/\\\/gentedebasquet.com.ar\\\/sitio\\\/2013\\\/10\\\/16\\\/la-falda-tuvo-fede-ganarlo\\\/\",\"url\":\"http:\\\/\\\/gentedebasquet.com.ar\\\/sitio\\\/2013\\\/10\\\/16\\\/la-falda-tuvo-fede-ganarlo\\\/\",\"name\":\"La Falda tuvo \\\"Fede\\\" ganarlo - Gente de B\u00e1squet\",\"isPartOf\":{\"@id\":\"https:\\\/\\\/gentedebasquet.com.ar\\\/sitio\\\/#website\"},\"primaryImageOfPage\":{\"@id\":\"http:\\\/\\\/gentedebasquet.com.ar\\\/sitio\\\/2013\\\/10\\\/16\\\/la-falda-tuvo-fede-ganarlo\\\/#primaryimage\"},\"image\":{\"@id\":\"http:\\\/\\\/gentedebasquet.com.ar\\\/sitio\\\/2013\\\/10\\\/16\\\/la-falda-tuvo-fede-ganarlo\\\/#primaryimage\"},\"thumbnailUrl\":\"http:\\\/\\\/www.gentedebasquet.com.ar\\\/wp-content\\\/uploads\\\/2013\\\/10\\\/Obreque.jpg\",\"datePublished\":\"2013-10-16T03:51:02+00:00\",\"author\":{\"@id\":\"https:\\\/\\\/gentedebasquet.com.ar\\\/sitio\\\/#\\\/schema\\\/person\\\/57f7bb2735926f2a9d9bb247bf52d34a\"},\"breadcrumb\":{\"@id\":\"http:\\\/\\\/gentedebasquet.com.ar\\\/sitio\\\/2013\\\/10\\\/16\\\/la-falda-tuvo-fede-ganarlo\\\/#breadcrumb\"},\"inLanguage\":\"es\",\"potentialAction\":[{\"@type\":\"ReadAction\",\"target\":[\"http:\\\/\\\/gentedebasquet.com.ar\\\/sitio\\\/2013\\\/10\\\/16\\\/la-falda-tuvo-fede-ganarlo\\\/\"]}]},{\"@type\":\"ImageObject\",\"inLanguage\":\"es\",\"@id\":\"http:\\\/\\\/gentedebasquet.com.ar\\\/sitio\\\/2013\\\/10\\\/16\\\/la-falda-tuvo-fede-ganarlo\\\/#primaryimage\",\"url\":\"http:\\\/\\\/www.gentedebasquet.com.ar\\\/wp-content\\\/uploads\\\/2013\\\/10\\\/Obreque.jpg\",\"contentUrl\":\"http:\\\/\\\/www.gentedebasquet.com.ar\\\/wp-content\\\/uploads\\\/2013\\\/10\\\/Obreque.jpg\"},{\"@type\":\"BreadcrumbList\",\"@id\":\"http:\\\/\\\/gentedebasquet.com.ar\\\/sitio\\\/2013\\\/10\\\/16\\\/la-falda-tuvo-fede-ganarlo\\\/#breadcrumb\",\"itemListElement\":[{\"@type\":\"ListItem\",\"position\":1,\"name\":\"Portada\",\"item\":\"https:\\\/\\\/gentedebasquet.com.ar\\\/sitio\\\/\"},{\"@type\":\"ListItem\",\"position\":2,\"name\":\"La Falda tuvo \u00abFede\u00bb ganarlo\"}]},{\"@type\":\"WebSite\",\"@id\":\"https:\\\/\\\/gentedebasquet.com.ar\\\/sitio\\\/#website\",\"url\":\"https:\\\/\\\/gentedebasquet.com.ar\\\/sitio\\\/\",\"name\":\"Gente de B\u00e1squet\",\"description\":\"La revista del basquet de Bah\u00eda Blanca\",\"potentialAction\":[{\"@type\":\"SearchAction\",\"target\":{\"@type\":\"EntryPoint\",\"urlTemplate\":\"https:\\\/\\\/gentedebasquet.com.ar\\\/sitio\\\/?s={search_term_string}\"},\"query-input\":{\"@type\":\"PropertyValueSpecification\",\"valueRequired\":true,\"valueName\":\"search_term_string\"}}],\"inLanguage\":\"es\"},{\"@type\":\"Person\",\"@id\":\"https:\\\/\\\/gentedebasquet.com.ar\\\/sitio\\\/#\\\/schema\\\/person\\\/57f7bb2735926f2a9d9bb247bf52d34a\",\"name\":\"Elian Romero\",\"image\":{\"@type\":\"ImageObject\",\"inLanguage\":\"es\",\"@id\":\"https:\\\/\\\/secure.gravatar.com\\\/avatar\\\/0ad0863b111644ef082fe8916554335c2a87810acef7205393730d0bfda08d0d?s=96&d=mm&r=g\",\"url\":\"https:\\\/\\\/secure.gravatar.com\\\/avatar\\\/0ad0863b111644ef082fe8916554335c2a87810acef7205393730d0bfda08d0d?s=96&d=mm&r=g\",\"contentUrl\":\"https:\\\/\\\/secure.gravatar.com\\\/avatar\\\/0ad0863b111644ef082fe8916554335c2a87810acef7205393730d0bfda08d0d?s=96&d=mm&r=g\",\"caption\":\"Elian Romero\"},\"url\":\"https:\\\/\\\/gentedebasquet.com.ar\\\/sitio\\\/author\\\/elian-romero\\\/\"}]}<\/script>\n<!-- \/ Yoast SEO plugin. -->","yoast_head_json":{"title":"La Falda tuvo \"Fede\" ganarlo - Gente de B\u00e1squet","robots":{"index":"index","follow":"follow","max-snippet":"max-snippet:-1","max-image-preview":"max-image-preview:large","max-video-preview":"max-video-preview:-1"},"canonical":"http:\/\/gentedebasquet.com.ar\/sitio\/2013\/10\/16\/la-falda-tuvo-fede-ganarlo\/","og_locale":"es_ES","og_type":"article","og_title":"La Falda tuvo \"Fede\" ganarlo - Gente de B\u00e1squet","og_description":"La Falda tuvo que batallar hasta el final para quedarse con el triunfo sobre Velocidad por 67-63 en un partido que lleg\u00f3 a ganarlo por 11 y reci\u00e9n lo termin\u00f3 liquidando en los instantes finales con el aporte de Federico Vilouta (13). Adem\u00e1s, Fernando Bonino (15 y 11 rebotes) y Andr\u00e9s Mond\u00f3n (11 y 11 [&hellip;]","og_url":"http:\/\/gentedebasquet.com.ar\/sitio\/2013\/10\/16\/la-falda-tuvo-fede-ganarlo\/","og_site_name":"Gente de B\u00e1squet","article_published_time":"2013-10-16T03:51:02+00:00","og_image":[{"url":"http:\/\/www.gentedebasquet.com.ar\/wp-content\/uploads\/2013\/10\/Obreque.jpg","type":"","width":"","height":""}],"author":"Elian Romero","twitter_card":"summary_large_image","twitter_misc":{"Escrito por":"Elian Romero","Tiempo de lectura":"4 minutos"},"schema":{"@context":"https:\/\/schema.org","@graph":[{"@type":"Article","@id":"http:\/\/gentedebasquet.com.ar\/sitio\/2013\/10\/16\/la-falda-tuvo-fede-ganarlo\/#article","isPartOf":{"@id":"http:\/\/gentedebasquet.com.ar\/sitio\/2013\/10\/16\/la-falda-tuvo-fede-ganarlo\/"},"author":{"name":"Elian Romero","@id":"https:\/\/gentedebasquet.com.ar\/sitio\/#\/schema\/person\/57f7bb2735926f2a9d9bb247bf52d34a"},"headline":"La Falda tuvo \u00abFede\u00bb ganarlo","datePublished":"2013-10-16T03:51:02+00:00","mainEntityOfPage":{"@id":"http:\/\/gentedebasquet.com.ar\/sitio\/2013\/10\/16\/la-falda-tuvo-fede-ganarlo\/"},"wordCount":823,"commentCount":0,"image":{"@id":"http:\/\/gentedebasquet.com.ar\/sitio\/2013\/10\/16\/la-falda-tuvo-fede-ganarlo\/#primaryimage"},"thumbnailUrl":"http:\/\/www.gentedebasquet.com.ar\/wp-content\/uploads\/2013\/10\/Obreque.jpg","keywords":["La Falda","Velocidad"],"articleSection":["Segunda"],"inLanguage":"es","potentialAction":[{"@type":"CommentAction","name":"Comment","target":["http:\/\/gentedebasquet.com.ar\/sitio\/2013\/10\/16\/la-falda-tuvo-fede-ganarlo\/#respond"]}]},{"@type":"WebPage","@id":"http:\/\/gentedebasquet.com.ar\/sitio\/2013\/10\/16\/la-falda-tuvo-fede-ganarlo\/","url":"http:\/\/gentedebasquet.com.ar\/sitio\/2013\/10\/16\/la-falda-tuvo-fede-ganarlo\/","name":"La Falda tuvo \"Fede\" ganarlo - Gente de B\u00e1squet","isPartOf":{"@id":"https:\/\/gentedebasquet.com.ar\/sitio\/#website"},"primaryImageOfPage":{"@id":"http:\/\/gentedebasquet.com.ar\/sitio\/2013\/10\/16\/la-falda-tuvo-fede-ganarlo\/#primaryimage"},"image":{"@id":"http:\/\/gentedebasquet.com.ar\/sitio\/2013\/10\/16\/la-falda-tuvo-fede-ganarlo\/#primaryimage"},"thumbnailUrl":"http:\/\/www.gentedebasquet.com.ar\/wp-content\/uploads\/2013\/10\/Obreque.jpg","datePublished":"2013-10-16T03:51:02+00:00","author":{"@id":"https:\/\/gentedebasquet.com.ar\/sitio\/#\/schema\/person\/57f7bb2735926f2a9d9bb247bf52d34a"},"breadcrumb":{"@id":"http:\/\/gentedebasquet.com.ar\/sitio\/2013\/10\/16\/la-falda-tuvo-fede-ganarlo\/#breadcrumb"},"inLanguage":"es","potentialAction":[{"@type":"ReadAction","target":["http:\/\/gentedebasquet.com.ar\/sitio\/2013\/10\/16\/la-falda-tuvo-fede-ganarlo\/"]}]},{"@type":"ImageObject","inLanguage":"es","@id":"http:\/\/gentedebasquet.com.ar\/sitio\/2013\/10\/16\/la-falda-tuvo-fede-ganarlo\/#primaryimage","url":"http:\/\/www.gentedebasquet.com.ar\/wp-content\/uploads\/2013\/10\/Obreque.jpg","contentUrl":"http:\/\/www.gentedebasquet.com.ar\/wp-content\/uploads\/2013\/10\/Obreque.jpg"},{"@type":"BreadcrumbList","@id":"http:\/\/gentedebasquet.com.ar\/sitio\/2013\/10\/16\/la-falda-tuvo-fede-ganarlo\/#breadcrumb","itemListElement":[{"@type":"ListItem","position":1,"name":"Portada","item":"https:\/\/gentedebasquet.com.ar\/sitio\/"},{"@type":"ListItem","position":2,"name":"La Falda tuvo \u00abFede\u00bb ganarlo"}]},{"@type":"WebSite","@id":"https:\/\/gentedebasquet.com.ar\/sitio\/#website","url":"https:\/\/gentedebasquet.com.ar\/sitio\/","name":"Gente de B\u00e1squet","description":"La revista del basquet de Bah\u00eda Blanca","potentialAction":[{"@type":"SearchAction","target":{"@type":"EntryPoint","urlTemplate":"https:\/\/gentedebasquet.com.ar\/sitio\/?s={search_term_string}"},"query-input":{"@type":"PropertyValueSpecification","valueRequired":true,"valueName":"search_term_string"}}],"inLanguage":"es"},{"@type":"Person","@id":"https:\/\/gentedebasquet.com.ar\/sitio\/#\/schema\/person\/57f7bb2735926f2a9d9bb247bf52d34a","name":"Elian Romero","image":{"@type":"ImageObject","inLanguage":"es","@id":"https:\/\/secure.gravatar.com\/avatar\/0ad0863b111644ef082fe8916554335c2a87810acef7205393730d0bfda08d0d?s=96&d=mm&r=g","url":"https:\/\/secure.gravatar.com\/avatar\/0ad0863b111644ef082fe8916554335c2a87810acef7205393730d0bfda08d0d?s=96&d=mm&r=g","contentUrl":"https:\/\/secure.gravatar.com\/avatar\/0ad0863b111644ef082fe8916554335c2a87810acef7205393730d0bfda08d0d?s=96&d=mm&r=g","caption":"Elian Romero"},"url":"https:\/\/gentedebasquet.com.ar\/sitio\/author\/elian-romero\/"}]}},"_links":{"self":[{"href":"https:\/\/gentedebasquet.com.ar\/sitio\/wp-json\/wp\/v2\/posts\/17658","targetHints":{"allow":["GET"]}}],"collection":[{"href":"https:\/\/gentedebasquet.com.ar\/sitio\/wp-json\/wp\/v2\/posts"}],"about":[{"href":"https:\/\/gentedebasquet.com.ar\/sitio\/wp-json\/wp\/v2\/types\/post"}],"author":[{"embeddable":true,"href":"https:\/\/gentedebasquet.com.ar\/sitio\/wp-json\/wp\/v2\/users\/7"}],"replies":[{"embeddable":true,"href":"https:\/\/gentedebasquet.com.ar\/sitio\/wp-json\/wp\/v2\/comments?post=17658"}],"version-history":[{"count":0,"href":"https:\/\/gentedebasquet.com.ar\/sitio\/wp-json\/wp\/v2\/posts\/17658\/revisions"}],"wp:attachment":[{"href":"https:\/\/gentedebasquet.com.ar\/sitio\/wp-json\/wp\/v2\/media?parent=17658"}],"wp:term":[{"taxonomy":"category","embeddable":true,"href":"https:\/\/gentedebasquet.com.ar\/sitio\/wp-json\/wp\/v2\/categories?post=17658"},{"taxonomy":"post_tag","embeddable":true,"href":"https:\/\/gentedebasquet.com.ar\/sitio\/wp-json\/wp\/v2\/tags?post=17658"}],"curies":[{"name":"wp","href":"https:\/\/api.w.org\/{rel}","templated":true}]}}