{"id":17668,"date":"2013-10-16T02:45:04","date_gmt":"2013-10-16T02:45:04","guid":{"rendered":"http:\/\/www.gentedebasquet.com.ar\/?p=17668"},"modified":"2013-10-16T02:45:04","modified_gmt":"2013-10-16T02:45:04","slug":"lo-salvo-el-barba","status":"publish","type":"post","link":"https:\/\/gentedebasquet.com.ar\/sitio\/2013\/10\/16\/lo-salvo-el-barba\/","title":{"rendered":"Lo salv\u00f3 el \u201cBarba\u201d"},"content":{"rendered":"<p><strong><em><a href=\"http:\/\/www.gentedebasquet.com.ar\/wp-content\/uploads\/2013\/10\/Comercial-Barracas.jpg\"><img decoding=\"async\" class=\"alignnone size-full wp-image-17682\" title=\"Comercial - Barracas\" src=\"http:\/\/www.gentedebasquet.com.ar\/wp-content\/uploads\/2013\/10\/Comercial-Barracas.jpg\" alt=\"\" width=\"448\" height=\"336\" \/><\/a>Barracas cosech\u00f3 su d\u00e9cimo segunda victoria tras ganarle 68-61 a Comercial en el Giorgetti. El conjunto de Allende arranc\u00f3 mal, pero el ingreso de St\u00e9fano Barba le cambi\u00f3 la cara. Junto con Alejandro Chotard dieron vuelta el marcador y comenzaron a dominar el cotejo. El ex Viola fue el goleador del encuentro con 19 unidades, seguido de Sevillano con 16.<!--more--><\/em><\/strong><\/p>\n<p>El partido arranc\u00f3 parejo hasta la primera mitad. Comercial comenz\u00f3 abriendo con Caspe de tres y Marco empataba de igual manera. As\u00ed, el local se adelantaba y la visita igualaba. Sin embargo, sobre la segunda parte del cuarto, los del puerto pisaron el acelerador y tomaron ventaja. Mientras Caspe (7 pts.) y Santini efectivizaban de dos, Harina lo hac\u00eda de larga distancia, dejando a los de Allende a nueve puntos, 14-5.<\/p>\n<p>Pero sobre el final del per\u00edodo ingres\u00f3 al parquet St\u00e9fano Barba y enseguida efectiviz\u00f3 1\/1 en tiros de dos y 2\/2 en simples, dejando a Barracas a cinco unidades, 14-9. Ya en el segundo cuarto, Mariano Trellini comenz\u00f3 a colaborar en la construcci\u00f3n de la victoria aportando 5 puntos, que dejaron a Barracas a solo cuatro unidades del rival, 20-16. Comercial parec\u00eda no despertar y los de Allende con Barba y Chotard dieron vuelta la historia (24-22).<\/p>\n<p>En la segunda etapa Barracas continu\u00f3 dominando el marcador. Barba se encendi\u00f3 desde la l\u00ednea y efectiviz\u00f3 7\/7 simples y un doble. Asimismo, Gast\u00f3n Diomedi arroj\u00f3 otras 8 unidades. Sin embargo, el portuario no baj\u00f3 los brazos y de la mano de Caspe y Harina, pusieron a su conjunto a tres (50-47). Pero Sevillano no se durmi\u00f3 en los laureles y efectiviz\u00f3 un triple y un doble, d\u00e1ndole un respiro al conjunto del bosque (55-51).<\/p>\n<p>En los \u00faltimos diez minutos el local mantuvo el nivel de juego que ven\u00eda arrastrando y con Caspe y Andreanelli a la cabeza, dejaron a Comercial a uno de diferencia (60-59). Sin embargo, fue nuevamente Sevillano quien apareci\u00f3 y con 8 unidades cristalizadas le termin\u00f3 de dar la victoria al equipo de Allende.<\/p>\n<p>&nbsp;<\/p>\n<p><strong><span style=\"text-decoration: underline;\"><em>S\u00edntesis:<\/em><br \/>\n<\/span><\/strong><strong><\/strong><\/p>\n<p><strong>Comercial 61:<br \/>\n<\/strong><\/p>\n<p>Iniciales: Amilcar Andreanelli (3); Walter Acebedo (13); Ignacio Caspe (22); Juan Cruz Santini (7); Andr\u00e9s Maidana (4).<\/p>\n<p>Ingresaron: Federico Harina (12).<br \/>\n<strong><\/strong><\/p>\n<p><strong>DT:<\/strong> Mario Errazu<\/p>\n<p>&nbsp;<\/p>\n<p><strong>Barracas 68:<br \/>\n<\/strong><\/p>\n<p>Iniciales: Facundo Sevillano (16); Alejandro Chotard (13); Gast\u00f3n Diomedi (12); J. Ignacio Diomedi (0); Santiago Marco (3).<\/p>\n<p>Ingresaron: Mariano Trellini (5); St\u00e9fano Barba (19).<br \/>\n<strong><\/strong><\/p>\n<p><strong>DT:<\/strong> Marcelo Allende<\/p>\n<p>&nbsp;<\/p>\n<p><strong>Cuartos:<\/strong> 14-9; 24-30; 51-55; 61-68.<br \/>\n<strong><\/strong><\/p>\n<p><strong>Cinco faltas:<\/strong> Andr\u00e9s Maidana (Comercial)<br \/>\n<strong><\/strong><\/p>\n<p><strong>\u00c1rbitros:<\/strong> A. Ramallo y M. F. Men\u00e9ndez.<\/p>\n<p><a class=\"modalf iframe\" title=\"Planilla\" href=\"https:\/\/docs.google.com\/spreadsheet\/pub?key=0AhWH6MgjN9X5dEtOSDUyM0hJQV91VHg4cDJwRkNoM0E&amp;single=true&amp;gid=0&amp;output=html\">Ver Planilla<\/a><\/p>\n","protected":false},"excerpt":{"rendered":"<p>Barracas cosech\u00f3 su d\u00e9cimo segunda victoria tras ganarle 68-61 a Comercial en el Giorgetti. El conjunto de Allende arranc\u00f3 mal, pero el ingreso de St\u00e9fano Barba le cambi\u00f3 la cara. Junto con Alejandro Chotard dieron vuelta el marcador y comenzaron a dominar el cotejo. El ex Viola fue el goleador del encuentro con 19 unidades, [&hellip;]<\/p>\n","protected":false},"author":16,"featured_media":0,"comment_status":"open","ping_status":"open","sticky":false,"template":"","format":"standard","meta":{"jnews-multi-image_gallery":[],"jnews_single_post":[],"jnews_primary_category":[],"footnotes":""},"categories":[25],"tags":[6,7],"class_list":["post-17668","post","type-post","status-publish","format-standard","hentry","category-segunda","tag-barracas-central","tag-comercial"],"yoast_head":"<!-- This site is optimized with the Yoast SEO plugin v27.5 - https:\/\/yoast.com\/product\/yoast-seo-wordpress\/ -->\n<title>Lo salv\u00f3 el \u201cBarba\u201d - Gente de B\u00e1squet<\/title>\n<meta name=\"robots\" content=\"index, follow, max-snippet:-1, max-image-preview:large, max-video-preview:-1\" \/>\n<link rel=\"canonical\" href=\"http:\/\/gentedebasquet.com.ar\/sitio\/2013\/10\/16\/lo-salvo-el-barba\/\" \/>\n<meta property=\"og:locale\" content=\"es_ES\" \/>\n<meta property=\"og:type\" content=\"article\" \/>\n<meta property=\"og:title\" content=\"Lo salv\u00f3 el \u201cBarba\u201d - Gente de B\u00e1squet\" \/>\n<meta property=\"og:description\" content=\"Barracas cosech\u00f3 su d\u00e9cimo segunda victoria tras ganarle 68-61 a Comercial en el Giorgetti. El conjunto de Allende arranc\u00f3 mal, pero el ingreso de St\u00e9fano Barba le cambi\u00f3 la cara. Junto con Alejandro Chotard dieron vuelta el marcador y comenzaron a dominar el cotejo. El ex Viola fue el goleador del encuentro con 19 unidades, [&hellip;]\" \/>\n<meta property=\"og:url\" content=\"http:\/\/gentedebasquet.com.ar\/sitio\/2013\/10\/16\/lo-salvo-el-barba\/\" \/>\n<meta property=\"og:site_name\" content=\"Gente de B\u00e1squet\" \/>\n<meta property=\"article:published_time\" content=\"2013-10-16T02:45:04+00:00\" \/>\n<meta property=\"og:image\" content=\"http:\/\/www.gentedebasquet.com.ar\/wp-content\/uploads\/2013\/10\/Comercial-Barracas.jpg\" \/>\n<meta name=\"author\" content=\"Gonzalo Focianos\" \/>\n<meta name=\"twitter:card\" content=\"summary_large_image\" \/>\n<meta name=\"twitter:label1\" content=\"Escrito por\" \/>\n\t<meta name=\"twitter:data1\" content=\"Gonzalo Focianos\" \/>\n\t<meta name=\"twitter:label2\" content=\"Tiempo de lectura\" \/>\n\t<meta name=\"twitter:data2\" content=\"2 minutos\" \/>\n<script type=\"application\/ld+json\" class=\"yoast-schema-graph\">{\"@context\":\"https:\\\/\\\/schema.org\",\"@graph\":[{\"@type\":\"Article\",\"@id\":\"http:\\\/\\\/gentedebasquet.com.ar\\\/sitio\\\/2013\\\/10\\\/16\\\/lo-salvo-el-barba\\\/#article\",\"isPartOf\":{\"@id\":\"http:\\\/\\\/gentedebasquet.com.ar\\\/sitio\\\/2013\\\/10\\\/16\\\/lo-salvo-el-barba\\\/\"},\"author\":{\"name\":\"Gonzalo Focianos\",\"@id\":\"https:\\\/\\\/gentedebasquet.com.ar\\\/sitio\\\/#\\\/schema\\\/person\\\/07742352f6eb91a652db456d6da638a3\"},\"headline\":\"Lo salv\u00f3 el \u201cBarba\u201d\",\"datePublished\":\"2013-10-16T02:45:04+00:00\",\"mainEntityOfPage\":{\"@id\":\"http:\\\/\\\/gentedebasquet.com.ar\\\/sitio\\\/2013\\\/10\\\/16\\\/lo-salvo-el-barba\\\/\"},\"wordCount\":411,\"commentCount\":0,\"image\":{\"@id\":\"http:\\\/\\\/gentedebasquet.com.ar\\\/sitio\\\/2013\\\/10\\\/16\\\/lo-salvo-el-barba\\\/#primaryimage\"},\"thumbnailUrl\":\"http:\\\/\\\/www.gentedebasquet.com.ar\\\/wp-content\\\/uploads\\\/2013\\\/10\\\/Comercial-Barracas.jpg\",\"keywords\":[\"Barracas Central\",\"Comercial\"],\"articleSection\":[\"Segunda\"],\"inLanguage\":\"es\",\"potentialAction\":[{\"@type\":\"CommentAction\",\"name\":\"Comment\",\"target\":[\"http:\\\/\\\/gentedebasquet.com.ar\\\/sitio\\\/2013\\\/10\\\/16\\\/lo-salvo-el-barba\\\/#respond\"]}]},{\"@type\":\"WebPage\",\"@id\":\"http:\\\/\\\/gentedebasquet.com.ar\\\/sitio\\\/2013\\\/10\\\/16\\\/lo-salvo-el-barba\\\/\",\"url\":\"http:\\\/\\\/gentedebasquet.com.ar\\\/sitio\\\/2013\\\/10\\\/16\\\/lo-salvo-el-barba\\\/\",\"name\":\"Lo salv\u00f3 el \u201cBarba\u201d - Gente de B\u00e1squet\",\"isPartOf\":{\"@id\":\"https:\\\/\\\/gentedebasquet.com.ar\\\/sitio\\\/#website\"},\"primaryImageOfPage\":{\"@id\":\"http:\\\/\\\/gentedebasquet.com.ar\\\/sitio\\\/2013\\\/10\\\/16\\\/lo-salvo-el-barba\\\/#primaryimage\"},\"image\":{\"@id\":\"http:\\\/\\\/gentedebasquet.com.ar\\\/sitio\\\/2013\\\/10\\\/16\\\/lo-salvo-el-barba\\\/#primaryimage\"},\"thumbnailUrl\":\"http:\\\/\\\/www.gentedebasquet.com.ar\\\/wp-content\\\/uploads\\\/2013\\\/10\\\/Comercial-Barracas.jpg\",\"datePublished\":\"2013-10-16T02:45:04+00:00\",\"author\":{\"@id\":\"https:\\\/\\\/gentedebasquet.com.ar\\\/sitio\\\/#\\\/schema\\\/person\\\/07742352f6eb91a652db456d6da638a3\"},\"breadcrumb\":{\"@id\":\"http:\\\/\\\/gentedebasquet.com.ar\\\/sitio\\\/2013\\\/10\\\/16\\\/lo-salvo-el-barba\\\/#breadcrumb\"},\"inLanguage\":\"es\",\"potentialAction\":[{\"@type\":\"ReadAction\",\"target\":[\"http:\\\/\\\/gentedebasquet.com.ar\\\/sitio\\\/2013\\\/10\\\/16\\\/lo-salvo-el-barba\\\/\"]}]},{\"@type\":\"ImageObject\",\"inLanguage\":\"es\",\"@id\":\"http:\\\/\\\/gentedebasquet.com.ar\\\/sitio\\\/2013\\\/10\\\/16\\\/lo-salvo-el-barba\\\/#primaryimage\",\"url\":\"http:\\\/\\\/www.gentedebasquet.com.ar\\\/wp-content\\\/uploads\\\/2013\\\/10\\\/Comercial-Barracas.jpg\",\"contentUrl\":\"http:\\\/\\\/www.gentedebasquet.com.ar\\\/wp-content\\\/uploads\\\/2013\\\/10\\\/Comercial-Barracas.jpg\"},{\"@type\":\"BreadcrumbList\",\"@id\":\"http:\\\/\\\/gentedebasquet.com.ar\\\/sitio\\\/2013\\\/10\\\/16\\\/lo-salvo-el-barba\\\/#breadcrumb\",\"itemListElement\":[{\"@type\":\"ListItem\",\"position\":1,\"name\":\"Portada\",\"item\":\"https:\\\/\\\/gentedebasquet.com.ar\\\/sitio\\\/\"},{\"@type\":\"ListItem\",\"position\":2,\"name\":\"Lo salv\u00f3 el \u201cBarba\u201d\"}]},{\"@type\":\"WebSite\",\"@id\":\"https:\\\/\\\/gentedebasquet.com.ar\\\/sitio\\\/#website\",\"url\":\"https:\\\/\\\/gentedebasquet.com.ar\\\/sitio\\\/\",\"name\":\"Gente de B\u00e1squet\",\"description\":\"La revista del basquet de Bah\u00eda Blanca\",\"potentialAction\":[{\"@type\":\"SearchAction\",\"target\":{\"@type\":\"EntryPoint\",\"urlTemplate\":\"https:\\\/\\\/gentedebasquet.com.ar\\\/sitio\\\/?s={search_term_string}\"},\"query-input\":{\"@type\":\"PropertyValueSpecification\",\"valueRequired\":true,\"valueName\":\"search_term_string\"}}],\"inLanguage\":\"es\"},{\"@type\":\"Person\",\"@id\":\"https:\\\/\\\/gentedebasquet.com.ar\\\/sitio\\\/#\\\/schema\\\/person\\\/07742352f6eb91a652db456d6da638a3\",\"name\":\"Gonzalo Focianos\",\"image\":{\"@type\":\"ImageObject\",\"inLanguage\":\"es\",\"@id\":\"https:\\\/\\\/secure.gravatar.com\\\/avatar\\\/46fafc904a6c7ca43919c7fa04314c00b73cba4c2a47a5a717f612acf4967354?s=96&d=mm&r=g\",\"url\":\"https:\\\/\\\/secure.gravatar.com\\\/avatar\\\/46fafc904a6c7ca43919c7fa04314c00b73cba4c2a47a5a717f612acf4967354?s=96&d=mm&r=g\",\"contentUrl\":\"https:\\\/\\\/secure.gravatar.com\\\/avatar\\\/46fafc904a6c7ca43919c7fa04314c00b73cba4c2a47a5a717f612acf4967354?s=96&d=mm&r=g\",\"caption\":\"Gonzalo Focianos\"},\"url\":\"https:\\\/\\\/gentedebasquet.com.ar\\\/sitio\\\/author\\\/gonzalo-focianos\\\/\"}]}<\/script>\n<!-- \/ Yoast SEO plugin. -->","yoast_head_json":{"title":"Lo salv\u00f3 el \u201cBarba\u201d - Gente de B\u00e1squet","robots":{"index":"index","follow":"follow","max-snippet":"max-snippet:-1","max-image-preview":"max-image-preview:large","max-video-preview":"max-video-preview:-1"},"canonical":"http:\/\/gentedebasquet.com.ar\/sitio\/2013\/10\/16\/lo-salvo-el-barba\/","og_locale":"es_ES","og_type":"article","og_title":"Lo salv\u00f3 el \u201cBarba\u201d - Gente de B\u00e1squet","og_description":"Barracas cosech\u00f3 su d\u00e9cimo segunda victoria tras ganarle 68-61 a Comercial en el Giorgetti. El conjunto de Allende arranc\u00f3 mal, pero el ingreso de St\u00e9fano Barba le cambi\u00f3 la cara. Junto con Alejandro Chotard dieron vuelta el marcador y comenzaron a dominar el cotejo. El ex Viola fue el goleador del encuentro con 19 unidades, [&hellip;]","og_url":"http:\/\/gentedebasquet.com.ar\/sitio\/2013\/10\/16\/lo-salvo-el-barba\/","og_site_name":"Gente de B\u00e1squet","article_published_time":"2013-10-16T02:45:04+00:00","og_image":[{"url":"http:\/\/www.gentedebasquet.com.ar\/wp-content\/uploads\/2013\/10\/Comercial-Barracas.jpg","type":"","width":"","height":""}],"author":"Gonzalo Focianos","twitter_card":"summary_large_image","twitter_misc":{"Escrito por":"Gonzalo Focianos","Tiempo de lectura":"2 minutos"},"schema":{"@context":"https:\/\/schema.org","@graph":[{"@type":"Article","@id":"http:\/\/gentedebasquet.com.ar\/sitio\/2013\/10\/16\/lo-salvo-el-barba\/#article","isPartOf":{"@id":"http:\/\/gentedebasquet.com.ar\/sitio\/2013\/10\/16\/lo-salvo-el-barba\/"},"author":{"name":"Gonzalo Focianos","@id":"https:\/\/gentedebasquet.com.ar\/sitio\/#\/schema\/person\/07742352f6eb91a652db456d6da638a3"},"headline":"Lo salv\u00f3 el \u201cBarba\u201d","datePublished":"2013-10-16T02:45:04+00:00","mainEntityOfPage":{"@id":"http:\/\/gentedebasquet.com.ar\/sitio\/2013\/10\/16\/lo-salvo-el-barba\/"},"wordCount":411,"commentCount":0,"image":{"@id":"http:\/\/gentedebasquet.com.ar\/sitio\/2013\/10\/16\/lo-salvo-el-barba\/#primaryimage"},"thumbnailUrl":"http:\/\/www.gentedebasquet.com.ar\/wp-content\/uploads\/2013\/10\/Comercial-Barracas.jpg","keywords":["Barracas Central","Comercial"],"articleSection":["Segunda"],"inLanguage":"es","potentialAction":[{"@type":"CommentAction","name":"Comment","target":["http:\/\/gentedebasquet.com.ar\/sitio\/2013\/10\/16\/lo-salvo-el-barba\/#respond"]}]},{"@type":"WebPage","@id":"http:\/\/gentedebasquet.com.ar\/sitio\/2013\/10\/16\/lo-salvo-el-barba\/","url":"http:\/\/gentedebasquet.com.ar\/sitio\/2013\/10\/16\/lo-salvo-el-barba\/","name":"Lo salv\u00f3 el \u201cBarba\u201d - Gente de B\u00e1squet","isPartOf":{"@id":"https:\/\/gentedebasquet.com.ar\/sitio\/#website"},"primaryImageOfPage":{"@id":"http:\/\/gentedebasquet.com.ar\/sitio\/2013\/10\/16\/lo-salvo-el-barba\/#primaryimage"},"image":{"@id":"http:\/\/gentedebasquet.com.ar\/sitio\/2013\/10\/16\/lo-salvo-el-barba\/#primaryimage"},"thumbnailUrl":"http:\/\/www.gentedebasquet.com.ar\/wp-content\/uploads\/2013\/10\/Comercial-Barracas.jpg","datePublished":"2013-10-16T02:45:04+00:00","author":{"@id":"https:\/\/gentedebasquet.com.ar\/sitio\/#\/schema\/person\/07742352f6eb91a652db456d6da638a3"},"breadcrumb":{"@id":"http:\/\/gentedebasquet.com.ar\/sitio\/2013\/10\/16\/lo-salvo-el-barba\/#breadcrumb"},"inLanguage":"es","potentialAction":[{"@type":"ReadAction","target":["http:\/\/gentedebasquet.com.ar\/sitio\/2013\/10\/16\/lo-salvo-el-barba\/"]}]},{"@type":"ImageObject","inLanguage":"es","@id":"http:\/\/gentedebasquet.com.ar\/sitio\/2013\/10\/16\/lo-salvo-el-barba\/#primaryimage","url":"http:\/\/www.gentedebasquet.com.ar\/wp-content\/uploads\/2013\/10\/Comercial-Barracas.jpg","contentUrl":"http:\/\/www.gentedebasquet.com.ar\/wp-content\/uploads\/2013\/10\/Comercial-Barracas.jpg"},{"@type":"BreadcrumbList","@id":"http:\/\/gentedebasquet.com.ar\/sitio\/2013\/10\/16\/lo-salvo-el-barba\/#breadcrumb","itemListElement":[{"@type":"ListItem","position":1,"name":"Portada","item":"https:\/\/gentedebasquet.com.ar\/sitio\/"},{"@type":"ListItem","position":2,"name":"Lo salv\u00f3 el \u201cBarba\u201d"}]},{"@type":"WebSite","@id":"https:\/\/gentedebasquet.com.ar\/sitio\/#website","url":"https:\/\/gentedebasquet.com.ar\/sitio\/","name":"Gente de B\u00e1squet","description":"La revista del basquet de Bah\u00eda Blanca","potentialAction":[{"@type":"SearchAction","target":{"@type":"EntryPoint","urlTemplate":"https:\/\/gentedebasquet.com.ar\/sitio\/?s={search_term_string}"},"query-input":{"@type":"PropertyValueSpecification","valueRequired":true,"valueName":"search_term_string"}}],"inLanguage":"es"},{"@type":"Person","@id":"https:\/\/gentedebasquet.com.ar\/sitio\/#\/schema\/person\/07742352f6eb91a652db456d6da638a3","name":"Gonzalo Focianos","image":{"@type":"ImageObject","inLanguage":"es","@id":"https:\/\/secure.gravatar.com\/avatar\/46fafc904a6c7ca43919c7fa04314c00b73cba4c2a47a5a717f612acf4967354?s=96&d=mm&r=g","url":"https:\/\/secure.gravatar.com\/avatar\/46fafc904a6c7ca43919c7fa04314c00b73cba4c2a47a5a717f612acf4967354?s=96&d=mm&r=g","contentUrl":"https:\/\/secure.gravatar.com\/avatar\/46fafc904a6c7ca43919c7fa04314c00b73cba4c2a47a5a717f612acf4967354?s=96&d=mm&r=g","caption":"Gonzalo Focianos"},"url":"https:\/\/gentedebasquet.com.ar\/sitio\/author\/gonzalo-focianos\/"}]}},"_links":{"self":[{"href":"https:\/\/gentedebasquet.com.ar\/sitio\/wp-json\/wp\/v2\/posts\/17668","targetHints":{"allow":["GET"]}}],"collection":[{"href":"https:\/\/gentedebasquet.com.ar\/sitio\/wp-json\/wp\/v2\/posts"}],"about":[{"href":"https:\/\/gentedebasquet.com.ar\/sitio\/wp-json\/wp\/v2\/types\/post"}],"author":[{"embeddable":true,"href":"https:\/\/gentedebasquet.com.ar\/sitio\/wp-json\/wp\/v2\/users\/16"}],"replies":[{"embeddable":true,"href":"https:\/\/gentedebasquet.com.ar\/sitio\/wp-json\/wp\/v2\/comments?post=17668"}],"version-history":[{"count":0,"href":"https:\/\/gentedebasquet.com.ar\/sitio\/wp-json\/wp\/v2\/posts\/17668\/revisions"}],"wp:attachment":[{"href":"https:\/\/gentedebasquet.com.ar\/sitio\/wp-json\/wp\/v2\/media?parent=17668"}],"wp:term":[{"taxonomy":"category","embeddable":true,"href":"https:\/\/gentedebasquet.com.ar\/sitio\/wp-json\/wp\/v2\/categories?post=17668"},{"taxonomy":"post_tag","embeddable":true,"href":"https:\/\/gentedebasquet.com.ar\/sitio\/wp-json\/wp\/v2\/tags?post=17668"}],"curies":[{"name":"wp","href":"https:\/\/api.w.org\/{rel}","templated":true}]}}