{"id":18471,"date":"2013-11-01T03:54:31","date_gmt":"2013-11-01T03:54:31","guid":{"rendered":"http:\/\/www.gentedebasquet.com.ar\/?p=18471"},"modified":"2013-11-01T03:54:31","modified_gmt":"2013-11-01T03:54:31","slug":"se-acordo-cuando-ya-era-tarde","status":"publish","type":"post","link":"https:\/\/gentedebasquet.com.ar\/sitio\/2013\/11\/01\/se-acordo-cuando-ya-era-tarde\/","title":{"rendered":"Se acord\u00f3 cuando ya era tarde"},"content":{"rendered":"<p><em><strong><a href=\"http:\/\/www.gentedebasquet.com.ar\/wp-content\/uploads\/2013\/11\/galerias-1797-LIGATE1.jpg\"><img decoding=\"async\" class=\"alignnone size-full wp-image-18472\" title=\"Bah\u00eda vs Boca\" src=\"http:\/\/www.gentedebasquet.com.ar\/wp-content\/uploads\/2013\/11\/galerias-1797-LIGATE1.jpg\" alt=\"\" width=\"448\" height=\"336\" \/><\/a>Bah\u00eda Basket cay\u00f3 con Boca Juniors 79 a 70 en el adelantado de la s\u00e9ptima fecha de la LNB. Tras un primer tiempo para el olvido, donde solo anot\u00f3 23 puntos, el equipo de Gin\u00f3bili remont\u00f3 y se puso en juego v\u00eda Nocedal (12) y Rasio (17 y 11 rebotes). No obstante, el 57% en libres fue determinante para sumar una nueva derrota. Este s\u00e1bado visita a Obras.<!--more--><\/strong><\/em><\/p>\n<p>Boca Juniors tom\u00f3 el liderazgo de la Zona Sur de la Liga Nacional de b\u00e1squetbol (LNB), al vencer a Bah\u00eda Basket por 79-70, en un partido de la s\u00e9ptima fecha disputado en \u00abLa Bombonerita\u00bb ante unas 300 personas.<\/p>\n<p>Los dirigidos por Carlos Dur\u00f3, guiados por el pivote Marcos Del\u00eda (11 puntos y 9 rebotes), se impusieron sin complicaciones, con parciales de 21-10, 41-23 y 59-48.<\/p>\n<p>Tras la victoria, quinta de la temporada, los \u00abxeneizes\u00bb se ubicaron en lo m\u00e1s alto de las posiciones con 12 unidades, escoltados por Quilmes de Mar del Plata y Obras Sanitarias, ambos con once. Bah\u00eda, que tuvo en el alero Lisandro Rasio al m\u00e1ximo anotador del partido (17 tantos), promedian nueve puntos con una campa\u00f1a de dos victorias y cinco derrotas.<\/p>\n<p>El buen trabajo del escolta Selem Safar y los estadounidenses John De Groat y Robert Battle le report\u00f3 a Boca una r\u00e1pida diferencia en el primer cuarto (17-7), que cerr\u00f3 con ventaja de once puntos. En el segundo per\u00edodo, se acoplaron muy bien Del\u00eda y Alejandro Diez, por lo que el local logr\u00f3 la m\u00e1xima brecha en el tanteador (33-14) cuando se jugaban los primeros cuatro minutos y el rival apenas ofrec\u00eda el goleo de Mat\u00edas Nocedal.<\/p>\n<p>Sin embargo, Bah\u00eda reaccion\u00f3 en el tercer segmento para ponerle una cuota de suspenso a la definici\u00f3n del partido. Ante un Boca relajado, la visita recuper\u00f3 terreno a partir de un eficaz Rasio, que consigui\u00f3 13 de los 25 puntos de su equipo en ese tramo.\u00a0Pero la nueva tendencia del juego se interrumpi\u00f3 en el cuarto y definitivo parcial porque Boca, pese a reservar sus extranjeros, retom\u00f3 el control del partido y mantuvo el marcador con el margen suficiente para cerrar la victoria sin apremios.<\/p>\n<p>&nbsp;<\/p>\n<p><span style=\"text-decoration: underline;\"><em><strong>S\u00edntesis:<\/strong><\/em><\/span><\/p>\n<p><strong>Boca Juniors 79:<\/strong><\/p>\n<p>Iniciales: Cequeira (7), Safar (13), Aguerre (0), DeGroat (10) y Battle (12).<\/p>\n<p>Ingresaron: Lucas Faggiano (7), Diez (9), Gargallo (0), Del\u00eda (11) y Prato (10).<\/p>\n<p>DT: Carlos Duro.<\/p>\n<p><strong>Bah\u00eda Basket 70:<\/strong><\/p>\n<p>Iniciales: Whelan (8), Nocedal (12), Clark (5), Rasio (17) y Blakeney (13).<\/p>\n<p>Ingresaron: Gaynor (0), Ambrosino (6), Mart\u00ednez (0), Redivo (2) y Laur\u00eda<br \/>\n(7).<\/p>\n<p>DT: Sebasti\u00e1n Gin\u00f3bili.<\/p>\n<p>&nbsp;<\/p>\n<p><strong>Cuartos:<\/strong> Boca\u00a021-10, 41-23, 59-48 y 79-70.<\/p>\n<p><strong>Cinco faltas:<\/strong> Luis Cequeira (BJ).<\/p>\n<p><strong>\u00c1rbitros:<\/strong> Sampietro &#8211; Ch\u00e1vez.<\/p>\n<p><a href=\"http:\/\/www.lnb.com.ar\/page\/partido\/nro\/83\" target=\"_blank\" rel=\"noopener\">ESTAD\u00cdSTICAS OFICIALES<\/a><\/p>\n<p>Fuente: T\u00e9lam.<\/p>\n<p>Foto: Ligate una foto.<\/p>\n","protected":false},"excerpt":{"rendered":"<p>Bah\u00eda Basket cay\u00f3 con Boca Juniors 79 a 70 en el adelantado de la s\u00e9ptima fecha de la LNB. Tras un primer tiempo para el olvido, donde solo anot\u00f3 23 puntos, el equipo de Gin\u00f3bili remont\u00f3 y se puso en juego v\u00eda Nocedal (12) y Rasio (17 y 11 rebotes). No obstante, el 57% en [&hellip;]<\/p>\n","protected":false},"author":1,"featured_media":0,"comment_status":"open","ping_status":"open","sticky":false,"template":"","format":"standard","meta":{"jnews-multi-image_gallery":[],"jnews_single_post":[],"jnews_primary_category":[],"footnotes":""},"categories":[57],"tags":[58],"class_list":["post-18471","post","type-post","status-publish","format-standard","hentry","category-bahia-basket","tag-bahiabasket"],"yoast_head":"<!-- This site is optimized with the Yoast SEO plugin v27.5 - https:\/\/yoast.com\/product\/yoast-seo-wordpress\/ -->\n<title>Se acord\u00f3 cuando ya era tarde - Gente de B\u00e1squet<\/title>\n<meta name=\"robots\" content=\"index, follow, max-snippet:-1, max-image-preview:large, max-video-preview:-1\" \/>\n<link rel=\"canonical\" href=\"http:\/\/gentedebasquet.com.ar\/sitio\/2013\/11\/01\/se-acordo-cuando-ya-era-tarde\/\" \/>\n<meta property=\"og:locale\" content=\"es_ES\" \/>\n<meta property=\"og:type\" content=\"article\" \/>\n<meta property=\"og:title\" content=\"Se acord\u00f3 cuando ya era tarde - Gente de B\u00e1squet\" \/>\n<meta property=\"og:description\" content=\"Bah\u00eda Basket cay\u00f3 con Boca Juniors 79 a 70 en el adelantado de la s\u00e9ptima fecha de la LNB. Tras un primer tiempo para el olvido, donde solo anot\u00f3 23 puntos, el equipo de Gin\u00f3bili remont\u00f3 y se puso en juego v\u00eda Nocedal (12) y Rasio (17 y 11 rebotes). No obstante, el 57% en [&hellip;]\" \/>\n<meta property=\"og:url\" content=\"http:\/\/gentedebasquet.com.ar\/sitio\/2013\/11\/01\/se-acordo-cuando-ya-era-tarde\/\" \/>\n<meta property=\"og:site_name\" content=\"Gente de B\u00e1squet\" \/>\n<meta property=\"article:published_time\" content=\"2013-11-01T03:54:31+00:00\" \/>\n<meta property=\"og:image\" content=\"http:\/\/www.gentedebasquet.com.ar\/wp-content\/uploads\/2013\/11\/galerias-1797-LIGATE1.jpg\" \/>\n<meta name=\"author\" content=\"Gente de B\u00e1squet\" \/>\n<meta name=\"twitter:card\" content=\"summary_large_image\" \/>\n<meta name=\"twitter:label1\" content=\"Escrito por\" \/>\n\t<meta name=\"twitter:data1\" content=\"Gente de B\u00e1squet\" \/>\n\t<meta name=\"twitter:label2\" content=\"Tiempo de lectura\" \/>\n\t<meta name=\"twitter:data2\" content=\"2 minutos\" \/>\n<script type=\"application\/ld+json\" class=\"yoast-schema-graph\">{\"@context\":\"https:\\\/\\\/schema.org\",\"@graph\":[{\"@type\":\"Article\",\"@id\":\"http:\\\/\\\/gentedebasquet.com.ar\\\/sitio\\\/2013\\\/11\\\/01\\\/se-acordo-cuando-ya-era-tarde\\\/#article\",\"isPartOf\":{\"@id\":\"http:\\\/\\\/gentedebasquet.com.ar\\\/sitio\\\/2013\\\/11\\\/01\\\/se-acordo-cuando-ya-era-tarde\\\/\"},\"author\":{\"name\":\"Gente de B\u00e1squet\",\"@id\":\"http:\\\/\\\/gentedebasquet.com.ar\\\/sitio\\\/#\\\/schema\\\/person\\\/ca0b63bbb977369988a7bbbdc519943a\"},\"headline\":\"Se acord\u00f3 cuando ya era tarde\",\"datePublished\":\"2013-11-01T03:54:31+00:00\",\"mainEntityOfPage\":{\"@id\":\"http:\\\/\\\/gentedebasquet.com.ar\\\/sitio\\\/2013\\\/11\\\/01\\\/se-acordo-cuando-ya-era-tarde\\\/\"},\"wordCount\":446,\"commentCount\":0,\"image\":{\"@id\":\"http:\\\/\\\/gentedebasquet.com.ar\\\/sitio\\\/2013\\\/11\\\/01\\\/se-acordo-cuando-ya-era-tarde\\\/#primaryimage\"},\"thumbnailUrl\":\"http:\\\/\\\/www.gentedebasquet.com.ar\\\/wp-content\\\/uploads\\\/2013\\\/11\\\/galerias-1797-LIGATE1.jpg\",\"keywords\":[\"Bah\u00eda Basket\"],\"articleSection\":[\"Bah\u00eda Basket\"],\"inLanguage\":\"es\",\"potentialAction\":[{\"@type\":\"CommentAction\",\"name\":\"Comment\",\"target\":[\"http:\\\/\\\/gentedebasquet.com.ar\\\/sitio\\\/2013\\\/11\\\/01\\\/se-acordo-cuando-ya-era-tarde\\\/#respond\"]}]},{\"@type\":\"WebPage\",\"@id\":\"http:\\\/\\\/gentedebasquet.com.ar\\\/sitio\\\/2013\\\/11\\\/01\\\/se-acordo-cuando-ya-era-tarde\\\/\",\"url\":\"http:\\\/\\\/gentedebasquet.com.ar\\\/sitio\\\/2013\\\/11\\\/01\\\/se-acordo-cuando-ya-era-tarde\\\/\",\"name\":\"Se acord\u00f3 cuando ya era tarde - Gente de B\u00e1squet\",\"isPartOf\":{\"@id\":\"http:\\\/\\\/gentedebasquet.com.ar\\\/sitio\\\/#website\"},\"primaryImageOfPage\":{\"@id\":\"http:\\\/\\\/gentedebasquet.com.ar\\\/sitio\\\/2013\\\/11\\\/01\\\/se-acordo-cuando-ya-era-tarde\\\/#primaryimage\"},\"image\":{\"@id\":\"http:\\\/\\\/gentedebasquet.com.ar\\\/sitio\\\/2013\\\/11\\\/01\\\/se-acordo-cuando-ya-era-tarde\\\/#primaryimage\"},\"thumbnailUrl\":\"http:\\\/\\\/www.gentedebasquet.com.ar\\\/wp-content\\\/uploads\\\/2013\\\/11\\\/galerias-1797-LIGATE1.jpg\",\"datePublished\":\"2013-11-01T03:54:31+00:00\",\"author\":{\"@id\":\"http:\\\/\\\/gentedebasquet.com.ar\\\/sitio\\\/#\\\/schema\\\/person\\\/ca0b63bbb977369988a7bbbdc519943a\"},\"breadcrumb\":{\"@id\":\"http:\\\/\\\/gentedebasquet.com.ar\\\/sitio\\\/2013\\\/11\\\/01\\\/se-acordo-cuando-ya-era-tarde\\\/#breadcrumb\"},\"inLanguage\":\"es\",\"potentialAction\":[{\"@type\":\"ReadAction\",\"target\":[\"http:\\\/\\\/gentedebasquet.com.ar\\\/sitio\\\/2013\\\/11\\\/01\\\/se-acordo-cuando-ya-era-tarde\\\/\"]}]},{\"@type\":\"ImageObject\",\"inLanguage\":\"es\",\"@id\":\"http:\\\/\\\/gentedebasquet.com.ar\\\/sitio\\\/2013\\\/11\\\/01\\\/se-acordo-cuando-ya-era-tarde\\\/#primaryimage\",\"url\":\"http:\\\/\\\/www.gentedebasquet.com.ar\\\/wp-content\\\/uploads\\\/2013\\\/11\\\/galerias-1797-LIGATE1.jpg\",\"contentUrl\":\"http:\\\/\\\/www.gentedebasquet.com.ar\\\/wp-content\\\/uploads\\\/2013\\\/11\\\/galerias-1797-LIGATE1.jpg\"},{\"@type\":\"BreadcrumbList\",\"@id\":\"http:\\\/\\\/gentedebasquet.com.ar\\\/sitio\\\/2013\\\/11\\\/01\\\/se-acordo-cuando-ya-era-tarde\\\/#breadcrumb\",\"itemListElement\":[{\"@type\":\"ListItem\",\"position\":1,\"name\":\"Portada\",\"item\":\"http:\\\/\\\/gentedebasquet.com.ar\\\/sitio\\\/\"},{\"@type\":\"ListItem\",\"position\":2,\"name\":\"Se acord\u00f3 cuando ya era tarde\"}]},{\"@type\":\"WebSite\",\"@id\":\"http:\\\/\\\/gentedebasquet.com.ar\\\/sitio\\\/#website\",\"url\":\"http:\\\/\\\/gentedebasquet.com.ar\\\/sitio\\\/\",\"name\":\"Gente de B\u00e1squet\",\"description\":\"La revista del basquet de Bah\u00eda Blanca\",\"potentialAction\":[{\"@type\":\"SearchAction\",\"target\":{\"@type\":\"EntryPoint\",\"urlTemplate\":\"http:\\\/\\\/gentedebasquet.com.ar\\\/sitio\\\/?s={search_term_string}\"},\"query-input\":{\"@type\":\"PropertyValueSpecification\",\"valueRequired\":true,\"valueName\":\"search_term_string\"}}],\"inLanguage\":\"es\"},{\"@type\":\"Person\",\"@id\":\"http:\\\/\\\/gentedebasquet.com.ar\\\/sitio\\\/#\\\/schema\\\/person\\\/ca0b63bbb977369988a7bbbdc519943a\",\"name\":\"Gente de B\u00e1squet\",\"image\":{\"@type\":\"ImageObject\",\"inLanguage\":\"es\",\"@id\":\"https:\\\/\\\/secure.gravatar.com\\\/avatar\\\/7f2c48bdc33b30088f941fb6082e555f2874c98e20cb159d7b92b50eadfce793?s=96&d=mm&r=g\",\"url\":\"https:\\\/\\\/secure.gravatar.com\\\/avatar\\\/7f2c48bdc33b30088f941fb6082e555f2874c98e20cb159d7b92b50eadfce793?s=96&d=mm&r=g\",\"contentUrl\":\"https:\\\/\\\/secure.gravatar.com\\\/avatar\\\/7f2c48bdc33b30088f941fb6082e555f2874c98e20cb159d7b92b50eadfce793?s=96&d=mm&r=g\",\"caption\":\"Gente de B\u00e1squet\"},\"sameAs\":[\"http:\\\/\\\/gentedebasquet.com.ar\\\/sitio\"],\"url\":\"https:\\\/\\\/gentedebasquet.com.ar\\\/sitio\\\/author\\\/ulises\\\/\"}]}<\/script>\n<!-- \/ Yoast SEO plugin. -->","yoast_head_json":{"title":"Se acord\u00f3 cuando ya era tarde - Gente de B\u00e1squet","robots":{"index":"index","follow":"follow","max-snippet":"max-snippet:-1","max-image-preview":"max-image-preview:large","max-video-preview":"max-video-preview:-1"},"canonical":"http:\/\/gentedebasquet.com.ar\/sitio\/2013\/11\/01\/se-acordo-cuando-ya-era-tarde\/","og_locale":"es_ES","og_type":"article","og_title":"Se acord\u00f3 cuando ya era tarde - Gente de B\u00e1squet","og_description":"Bah\u00eda Basket cay\u00f3 con Boca Juniors 79 a 70 en el adelantado de la s\u00e9ptima fecha de la LNB. Tras un primer tiempo para el olvido, donde solo anot\u00f3 23 puntos, el equipo de Gin\u00f3bili remont\u00f3 y se puso en juego v\u00eda Nocedal (12) y Rasio (17 y 11 rebotes). No obstante, el 57% en [&hellip;]","og_url":"http:\/\/gentedebasquet.com.ar\/sitio\/2013\/11\/01\/se-acordo-cuando-ya-era-tarde\/","og_site_name":"Gente de B\u00e1squet","article_published_time":"2013-11-01T03:54:31+00:00","og_image":[{"url":"http:\/\/www.gentedebasquet.com.ar\/wp-content\/uploads\/2013\/11\/galerias-1797-LIGATE1.jpg","type":"","width":"","height":""}],"author":"Gente de B\u00e1squet","twitter_card":"summary_large_image","twitter_misc":{"Escrito por":"Gente de B\u00e1squet","Tiempo de lectura":"2 minutos"},"schema":{"@context":"https:\/\/schema.org","@graph":[{"@type":"Article","@id":"http:\/\/gentedebasquet.com.ar\/sitio\/2013\/11\/01\/se-acordo-cuando-ya-era-tarde\/#article","isPartOf":{"@id":"http:\/\/gentedebasquet.com.ar\/sitio\/2013\/11\/01\/se-acordo-cuando-ya-era-tarde\/"},"author":{"name":"Gente de B\u00e1squet","@id":"http:\/\/gentedebasquet.com.ar\/sitio\/#\/schema\/person\/ca0b63bbb977369988a7bbbdc519943a"},"headline":"Se acord\u00f3 cuando ya era tarde","datePublished":"2013-11-01T03:54:31+00:00","mainEntityOfPage":{"@id":"http:\/\/gentedebasquet.com.ar\/sitio\/2013\/11\/01\/se-acordo-cuando-ya-era-tarde\/"},"wordCount":446,"commentCount":0,"image":{"@id":"http:\/\/gentedebasquet.com.ar\/sitio\/2013\/11\/01\/se-acordo-cuando-ya-era-tarde\/#primaryimage"},"thumbnailUrl":"http:\/\/www.gentedebasquet.com.ar\/wp-content\/uploads\/2013\/11\/galerias-1797-LIGATE1.jpg","keywords":["Bah\u00eda Basket"],"articleSection":["Bah\u00eda Basket"],"inLanguage":"es","potentialAction":[{"@type":"CommentAction","name":"Comment","target":["http:\/\/gentedebasquet.com.ar\/sitio\/2013\/11\/01\/se-acordo-cuando-ya-era-tarde\/#respond"]}]},{"@type":"WebPage","@id":"http:\/\/gentedebasquet.com.ar\/sitio\/2013\/11\/01\/se-acordo-cuando-ya-era-tarde\/","url":"http:\/\/gentedebasquet.com.ar\/sitio\/2013\/11\/01\/se-acordo-cuando-ya-era-tarde\/","name":"Se acord\u00f3 cuando ya era tarde - Gente de B\u00e1squet","isPartOf":{"@id":"http:\/\/gentedebasquet.com.ar\/sitio\/#website"},"primaryImageOfPage":{"@id":"http:\/\/gentedebasquet.com.ar\/sitio\/2013\/11\/01\/se-acordo-cuando-ya-era-tarde\/#primaryimage"},"image":{"@id":"http:\/\/gentedebasquet.com.ar\/sitio\/2013\/11\/01\/se-acordo-cuando-ya-era-tarde\/#primaryimage"},"thumbnailUrl":"http:\/\/www.gentedebasquet.com.ar\/wp-content\/uploads\/2013\/11\/galerias-1797-LIGATE1.jpg","datePublished":"2013-11-01T03:54:31+00:00","author":{"@id":"http:\/\/gentedebasquet.com.ar\/sitio\/#\/schema\/person\/ca0b63bbb977369988a7bbbdc519943a"},"breadcrumb":{"@id":"http:\/\/gentedebasquet.com.ar\/sitio\/2013\/11\/01\/se-acordo-cuando-ya-era-tarde\/#breadcrumb"},"inLanguage":"es","potentialAction":[{"@type":"ReadAction","target":["http:\/\/gentedebasquet.com.ar\/sitio\/2013\/11\/01\/se-acordo-cuando-ya-era-tarde\/"]}]},{"@type":"ImageObject","inLanguage":"es","@id":"http:\/\/gentedebasquet.com.ar\/sitio\/2013\/11\/01\/se-acordo-cuando-ya-era-tarde\/#primaryimage","url":"http:\/\/www.gentedebasquet.com.ar\/wp-content\/uploads\/2013\/11\/galerias-1797-LIGATE1.jpg","contentUrl":"http:\/\/www.gentedebasquet.com.ar\/wp-content\/uploads\/2013\/11\/galerias-1797-LIGATE1.jpg"},{"@type":"BreadcrumbList","@id":"http:\/\/gentedebasquet.com.ar\/sitio\/2013\/11\/01\/se-acordo-cuando-ya-era-tarde\/#breadcrumb","itemListElement":[{"@type":"ListItem","position":1,"name":"Portada","item":"http:\/\/gentedebasquet.com.ar\/sitio\/"},{"@type":"ListItem","position":2,"name":"Se acord\u00f3 cuando ya era tarde"}]},{"@type":"WebSite","@id":"http:\/\/gentedebasquet.com.ar\/sitio\/#website","url":"http:\/\/gentedebasquet.com.ar\/sitio\/","name":"Gente de B\u00e1squet","description":"La revista del basquet de Bah\u00eda Blanca","potentialAction":[{"@type":"SearchAction","target":{"@type":"EntryPoint","urlTemplate":"http:\/\/gentedebasquet.com.ar\/sitio\/?s={search_term_string}"},"query-input":{"@type":"PropertyValueSpecification","valueRequired":true,"valueName":"search_term_string"}}],"inLanguage":"es"},{"@type":"Person","@id":"http:\/\/gentedebasquet.com.ar\/sitio\/#\/schema\/person\/ca0b63bbb977369988a7bbbdc519943a","name":"Gente de B\u00e1squet","image":{"@type":"ImageObject","inLanguage":"es","@id":"https:\/\/secure.gravatar.com\/avatar\/7f2c48bdc33b30088f941fb6082e555f2874c98e20cb159d7b92b50eadfce793?s=96&d=mm&r=g","url":"https:\/\/secure.gravatar.com\/avatar\/7f2c48bdc33b30088f941fb6082e555f2874c98e20cb159d7b92b50eadfce793?s=96&d=mm&r=g","contentUrl":"https:\/\/secure.gravatar.com\/avatar\/7f2c48bdc33b30088f941fb6082e555f2874c98e20cb159d7b92b50eadfce793?s=96&d=mm&r=g","caption":"Gente de B\u00e1squet"},"sameAs":["http:\/\/gentedebasquet.com.ar\/sitio"],"url":"https:\/\/gentedebasquet.com.ar\/sitio\/author\/ulises\/"}]}},"_links":{"self":[{"href":"https:\/\/gentedebasquet.com.ar\/sitio\/wp-json\/wp\/v2\/posts\/18471","targetHints":{"allow":["GET"]}}],"collection":[{"href":"https:\/\/gentedebasquet.com.ar\/sitio\/wp-json\/wp\/v2\/posts"}],"about":[{"href":"https:\/\/gentedebasquet.com.ar\/sitio\/wp-json\/wp\/v2\/types\/post"}],"author":[{"embeddable":true,"href":"https:\/\/gentedebasquet.com.ar\/sitio\/wp-json\/wp\/v2\/users\/1"}],"replies":[{"embeddable":true,"href":"https:\/\/gentedebasquet.com.ar\/sitio\/wp-json\/wp\/v2\/comments?post=18471"}],"version-history":[{"count":0,"href":"https:\/\/gentedebasquet.com.ar\/sitio\/wp-json\/wp\/v2\/posts\/18471\/revisions"}],"wp:attachment":[{"href":"https:\/\/gentedebasquet.com.ar\/sitio\/wp-json\/wp\/v2\/media?parent=18471"}],"wp:term":[{"taxonomy":"category","embeddable":true,"href":"https:\/\/gentedebasquet.com.ar\/sitio\/wp-json\/wp\/v2\/categories?post=18471"},{"taxonomy":"post_tag","embeddable":true,"href":"https:\/\/gentedebasquet.com.ar\/sitio\/wp-json\/wp\/v2\/tags?post=18471"}],"curies":[{"name":"wp","href":"https:\/\/api.w.org\/{rel}","templated":true}]}}