{"id":19739,"date":"2013-11-24T02:29:24","date_gmt":"2013-11-24T02:29:24","guid":{"rendered":"http:\/\/www.gentedebasquet.com.ar\/?p=19739"},"modified":"2013-11-24T02:29:24","modified_gmt":"2013-11-24T02:29:24","slug":"entre-los-mejores-6-del-pais","status":"publish","type":"post","link":"https:\/\/gentedebasquet.com.ar\/sitio\/2013\/11\/24\/entre-los-mejores-6-del-pais\/","title":{"rendered":"Entre los mejores seis del pa\u00eds"},"content":{"rendered":"<p><em><strong><a href=\"http:\/\/www.gentedebasquet.com.ar\/wp-content\/uploads\/2013\/11\/P\u00e9rfora-Estudiantes-U15.jpg\"><img decoding=\"async\" class=\"alignnone size-full wp-image-19759\" title=\"P\u00e9rfora Estudiantes U15\" src=\"http:\/\/www.gentedebasquet.com.ar\/wp-content\/uploads\/2013\/11\/P\u00e9rfora-Estudiantes-U15.jpg\" alt=\"\" width=\"448\" height=\"336\" \/><\/a>Estudiantes venci\u00f3 a P\u00e9rfora de Plaza Huincul 70 a 59 y clasific\u00f3 al hexagonal final del Argentino de Clubes U15 (5-8\/12). En segundo turno Boca derrot\u00f3 69-60 a Independiente de Neuqu\u00e9n, el local, y tambi\u00e9n avanz\u00f3. Este domingo, albos y xeneizes jugar\u00e1n por el primer puesto de la zona.<!--more--><\/strong><\/em><\/p>\n<p>El arranque del juego encontr\u00f3 imprecisiones por ambos bandos, siendo el conjunto de Plaza Huincul el que m\u00e1s provecho sac\u00f3, apoyados en la fuerte presencia interna de Villagr\u00e1n. Con sus casi 2 metros y 100 kilos hizo del rebote ofensivo su mejor arma (6 puntos) para que P\u00e9rfora sacara una leve diferencia (7). Por el lado del \u00abalbo\u00bb, Alan Lera con mas entrega que juego provoc\u00f3 ataques r\u00e1pidos gracias a su defensa e inclin\u00f3 con una r\u00e1faga de 7 tantos -que incluy\u00f3 un triple- el tanteador para su equipo.<\/p>\n<p>El comienzo del 2C tuvo a Juli\u00e1n Ruiz como gran protagonista. El base de la selecci\u00f3n argentina, con sus rompimientos (6 y 4 asistencias) manej\u00f3 el ritmo del segmento. Agust\u00edn P\u00e9rez sac\u00f3 provecho \u00a0de \u00e9l (9). El albo lo pudo contrarrestar con apariciones espor\u00e1dicas de Joaqu\u00edn S\u00e1nchez, Ignacio Formiga y Tom\u00e1s Lusarreta.<\/p>\n<p>En el segundo tiempo Estudiantes se recost\u00f3 en zona tratando de controlar a Ruiz, aunque reapareci\u00f3 el imponente Villagr\u00e1n, imparable capturando rebotes ofensivos, cargando de faltas y yendo a la linea (14 y 10 rebotes). As\u00ed, P\u00e9rfora escap\u00f3 hasta lograr la m\u00e1xima de 10 puntos (40 a 30). Fue en ese momento que salt\u00f3 a la cancha Tom\u00e1s Raimundo, quien cumpli\u00f3 con creces su tarea de obstaculizar al grandote rival, lo cargo de faltas y genero confianza en sus compa\u00f1eros.<\/p>\n<p>Joaqu\u00edn S\u00e1nchez entr\u00f3 en ritmo (3 dobles y un triple), Nicol\u00e1s S\u00e1nchez empez\u00f3 a hacer lo que quiso (8 y 3 asistencias a Ignacio Gonz\u00e1lez). Villagr\u00e1n sali\u00f3 por 5 faltas, Ruiz se puso el equipo al hombro pero no fue claro, forz\u00f3 ofensivas y se frustro ante la defensa combinada entre caj\u00f3n y zona que le plante\u00f3 el conjunto de Munafo.<\/p>\n<p>As\u00ed, el \u00abalbo\u00bb sum\u00f3 v\u00eda ataques r\u00e1pidos de Lera, \u00a0hasta que el propio puntaltense clav\u00f3 una bomba y sentenci\u00f3 el juego. Una vez m\u00e1s los chicos demostraron una enorme garra para anteponerse a un clima hostil y fallos muy dudosos para clasificar al hexagonal final.<\/p>\n<p><span style=\"color: #ffcc99;\">.<\/span><\/p>\n<p><strong>FIXTURE<\/strong><\/p>\n<p><em>Fecha #1 \u2013 viernes 22 de noviembre<\/em><\/p>\n<p>18.00 \u2013 P\u00e9rfora 55-57 Boca Juniors<\/p>\n<p>20.00 \u2013 Independiente 95-99\u00a0<strong>Estudiantes<\/strong><\/p>\n<p><em>Fecha #2 \u2013 s\u00e1bado 23 de noviembre<\/em><\/p>\n<p>17.30 \u2013 P\u00e9rfora 59-70\u00a0<strong>Estudiantes<\/strong><\/p>\n<p>19.30 \u00a0&#8211; Independiente 60-69 Boca Juniors<\/p>\n<p><em>Fecha #3 \u2013 domingo 24 de noviembre<\/em><\/p>\n<p>10.00 \u2013\u00a0<strong>Estudiantes<\/strong>\u00a0vs Boca Juniors<\/p>\n<p>12.00 \u2013 Independiente vs P\u00e9rfora<\/p>\n<p><span style=\"color: #ffcc99;\">.<\/span><\/p>\n<p><strong>ZONA SUR<\/strong><\/p>\n<p>Independiente (Neuqu\u00e9n)<\/p>\n<p><strong>Estudiantes<\/strong>\u00a0(Bah\u00eda Blanca, Buenos Aires) *<\/p>\n<p>Boca Juniors (Capital Federal) *<\/p>\n<p>P\u00e9rfora (Plaza Huincul, Neuqu\u00e9n)<\/p>\n<p><span style=\"color: #ffcc99;\">\u00a0.<\/span><\/p>\n<p><strong>ZONA CENTRO<\/strong><\/p>\n<p>Atl\u00e9tico Rafaela (Santa Fe)<\/p>\n<p>El Tala (San Francisco, C\u00f3rdoba)<\/p>\n<p>Obras Sanitarias de la Naci\u00f3n *<\/p>\n<p>Villa San Mart\u00edn (Resistencia, Chaco) *<\/p>\n<p><span style=\"color: #ffcc99;\">\u00a0.<\/span><\/p>\n<p><strong>ZONA NORTE<\/strong><\/p>\n<p>Murialdo (Mendoza)<\/p>\n<p>Quimsa (Santiago del Estero)<\/p>\n<p>Club Siglo XXI (Misiones) *<\/p>\n<p>Zaninetti (Concepci\u00f3n del Uruguay, Entre R\u00edos) *<\/p>\n<p>*Clasificados al hexagonal final, que ir\u00e1 del 5 al 8 de diciembre en sede a licitar.<\/p>\n<p><em><strong><a href=\"http:\/\/www.gentedebasquet.com.ar\/wp-content\/uploads\/2013\/11\/Estudiantes-U15.jpg\"><img decoding=\"async\" title=\"Estudiantes U15\" src=\"http:\/\/www.gentedebasquet.com.ar\/wp-content\/uploads\/2013\/11\/Estudiantes-U15.jpg\" alt=\"\" width=\"448\" height=\"336\" \/><\/a><\/strong><\/em><\/p>\n<p style=\"text-align: center;\"><strong>ESTUDIANTES<\/strong><\/p>\n<p style=\"text-align: center;\">4- Franco Soto<\/p>\n<p style=\"text-align: center;\">5- Nicol\u00e1s S\u00e1nchez<\/p>\n<p style=\"text-align: center;\">6- Alan Lera<\/p>\n<p style=\"text-align: center;\">7- Tom\u00e1s Lusarreta<\/p>\n<p style=\"text-align: center;\">8- Nicol\u00e1s Antonelli<\/p>\n<p style=\"text-align: center;\">9- Mariano Pozzer<\/p>\n<p style=\"text-align: center;\">10- Ignacio Formiga<\/p>\n<p style=\"text-align: center;\">11- Juan Ignacio Gonz\u00e1lez<\/p>\n<p style=\"text-align: center;\">12- Joaqu\u00edn S\u00e1nchez<\/p>\n<p style=\"text-align: center;\">13- Iv\u00e1n Catani<\/p>\n<p style=\"text-align: center;\">14- Jos\u00e9 Belleggia<\/p>\n<p style=\"text-align: center;\">15- Tom\u00e1s Reimundo<\/p>\n<p style=\"text-align: center;\">DT: Gustavo Munafo.<\/p>\n<p>Fuente: CABB y Club Estudiantes.<\/p>\n<p>Informe: Juan Pablo Miraglia.<\/p>\n<p>Foto principal: La Ma\u00f1ana (Neuqu\u00e9n).<\/p>\n<p>Foto Estudiantes:\u00a0<a href=\"https:\/\/twitter.com\/RomiSaldias\" target=\"_blank\" rel=\"noopener\">Romina Sald\u00edas<\/a>\u00a0para\u00a0<strong>Gente de B\u00e1squet<\/strong>.<\/p>\n","protected":false},"excerpt":{"rendered":"<p>Estudiantes venci\u00f3 a P\u00e9rfora de Plaza Huincul 70 a 59 y clasific\u00f3 al hexagonal final del Argentino de Clubes U15 (5-8\/12). En segundo turno Boca derrot\u00f3 69-60 a Independiente de Neuqu\u00e9n, el local, y tambi\u00e9n avanz\u00f3. Este domingo, albos y xeneizes jugar\u00e1n por el primer puesto de la zona.<\/p>\n","protected":false},"author":8,"featured_media":0,"comment_status":"open","ping_status":"open","sticky":false,"template":"","format":"standard","meta":{"jnews-multi-image_gallery":[],"jnews_single_post":[],"jnews_primary_category":[],"footnotes":""},"categories":[27],"tags":[11],"class_list":["post-19739","post","type-post","status-publish","format-standard","hentry","category-u15","tag-estudiantes"],"yoast_head":"<!-- This site is optimized with the Yoast SEO plugin v27.5 - https:\/\/yoast.com\/product\/yoast-seo-wordpress\/ -->\n<title>Entre los mejores seis del pa\u00eds - Gente de B\u00e1squet<\/title>\n<meta name=\"robots\" content=\"index, follow, max-snippet:-1, max-image-preview:large, max-video-preview:-1\" \/>\n<link rel=\"canonical\" href=\"http:\/\/gentedebasquet.com.ar\/sitio\/2013\/11\/24\/entre-los-mejores-6-del-pais\/\" \/>\n<meta property=\"og:locale\" content=\"es_ES\" \/>\n<meta property=\"og:type\" content=\"article\" \/>\n<meta property=\"og:title\" content=\"Entre los mejores seis del pa\u00eds - Gente de B\u00e1squet\" \/>\n<meta property=\"og:description\" content=\"Estudiantes venci\u00f3 a P\u00e9rfora de Plaza Huincul 70 a 59 y clasific\u00f3 al hexagonal final del Argentino de Clubes U15 (5-8\/12). En segundo turno Boca derrot\u00f3 69-60 a Independiente de Neuqu\u00e9n, el local, y tambi\u00e9n avanz\u00f3. Este domingo, albos y xeneizes jugar\u00e1n por el primer puesto de la zona.\" \/>\n<meta property=\"og:url\" content=\"http:\/\/gentedebasquet.com.ar\/sitio\/2013\/11\/24\/entre-los-mejores-6-del-pais\/\" \/>\n<meta property=\"og:site_name\" content=\"Gente de B\u00e1squet\" \/>\n<meta property=\"article:published_time\" content=\"2013-11-24T02:29:24+00:00\" \/>\n<meta property=\"og:image\" content=\"http:\/\/www.gentedebasquet.com.ar\/wp-content\/uploads\/2013\/11\/Estudiantes-U15.jpg\" \/>\n<meta name=\"author\" content=\"Romina Sald\u00edas\" \/>\n<meta name=\"twitter:card\" content=\"summary_large_image\" \/>\n<meta name=\"twitter:label1\" content=\"Escrito por\" \/>\n\t<meta name=\"twitter:data1\" content=\"Romina Sald\u00edas\" \/>\n\t<meta name=\"twitter:label2\" content=\"Tiempo de lectura\" \/>\n\t<meta name=\"twitter:data2\" content=\"3 minutos\" \/>\n<script type=\"application\/ld+json\" class=\"yoast-schema-graph\">{\"@context\":\"https:\\\/\\\/schema.org\",\"@graph\":[{\"@type\":\"Article\",\"@id\":\"http:\\\/\\\/gentedebasquet.com.ar\\\/sitio\\\/2013\\\/11\\\/24\\\/entre-los-mejores-6-del-pais\\\/#article\",\"isPartOf\":{\"@id\":\"http:\\\/\\\/gentedebasquet.com.ar\\\/sitio\\\/2013\\\/11\\\/24\\\/entre-los-mejores-6-del-pais\\\/\"},\"author\":{\"name\":\"Romina Sald\u00edas\",\"@id\":\"http:\\\/\\\/gentedebasquet.com.ar\\\/sitio\\\/#\\\/schema\\\/person\\\/dca79f89464385c5f8df520a72c4a0bb\"},\"headline\":\"Entre los mejores seis del pa\u00eds\",\"datePublished\":\"2013-11-24T02:29:24+00:00\",\"mainEntityOfPage\":{\"@id\":\"http:\\\/\\\/gentedebasquet.com.ar\\\/sitio\\\/2013\\\/11\\\/24\\\/entre-los-mejores-6-del-pais\\\/\"},\"wordCount\":591,\"commentCount\":0,\"image\":{\"@id\":\"http:\\\/\\\/gentedebasquet.com.ar\\\/sitio\\\/2013\\\/11\\\/24\\\/entre-los-mejores-6-del-pais\\\/#primaryimage\"},\"thumbnailUrl\":\"http:\\\/\\\/www.gentedebasquet.com.ar\\\/wp-content\\\/uploads\\\/2013\\\/11\\\/Estudiantes-U15.jpg\",\"keywords\":[\"Estudiantes\"],\"articleSection\":[\"U15\"],\"inLanguage\":\"es\",\"potentialAction\":[{\"@type\":\"CommentAction\",\"name\":\"Comment\",\"target\":[\"http:\\\/\\\/gentedebasquet.com.ar\\\/sitio\\\/2013\\\/11\\\/24\\\/entre-los-mejores-6-del-pais\\\/#respond\"]}]},{\"@type\":\"WebPage\",\"@id\":\"http:\\\/\\\/gentedebasquet.com.ar\\\/sitio\\\/2013\\\/11\\\/24\\\/entre-los-mejores-6-del-pais\\\/\",\"url\":\"http:\\\/\\\/gentedebasquet.com.ar\\\/sitio\\\/2013\\\/11\\\/24\\\/entre-los-mejores-6-del-pais\\\/\",\"name\":\"Entre los mejores seis del pa\u00eds - Gente de B\u00e1squet\",\"isPartOf\":{\"@id\":\"http:\\\/\\\/gentedebasquet.com.ar\\\/sitio\\\/#website\"},\"primaryImageOfPage\":{\"@id\":\"http:\\\/\\\/gentedebasquet.com.ar\\\/sitio\\\/2013\\\/11\\\/24\\\/entre-los-mejores-6-del-pais\\\/#primaryimage\"},\"image\":{\"@id\":\"http:\\\/\\\/gentedebasquet.com.ar\\\/sitio\\\/2013\\\/11\\\/24\\\/entre-los-mejores-6-del-pais\\\/#primaryimage\"},\"thumbnailUrl\":\"http:\\\/\\\/www.gentedebasquet.com.ar\\\/wp-content\\\/uploads\\\/2013\\\/11\\\/Estudiantes-U15.jpg\",\"datePublished\":\"2013-11-24T02:29:24+00:00\",\"author\":{\"@id\":\"http:\\\/\\\/gentedebasquet.com.ar\\\/sitio\\\/#\\\/schema\\\/person\\\/dca79f89464385c5f8df520a72c4a0bb\"},\"breadcrumb\":{\"@id\":\"http:\\\/\\\/gentedebasquet.com.ar\\\/sitio\\\/2013\\\/11\\\/24\\\/entre-los-mejores-6-del-pais\\\/#breadcrumb\"},\"inLanguage\":\"es\",\"potentialAction\":[{\"@type\":\"ReadAction\",\"target\":[\"http:\\\/\\\/gentedebasquet.com.ar\\\/sitio\\\/2013\\\/11\\\/24\\\/entre-los-mejores-6-del-pais\\\/\"]}]},{\"@type\":\"ImageObject\",\"inLanguage\":\"es\",\"@id\":\"http:\\\/\\\/gentedebasquet.com.ar\\\/sitio\\\/2013\\\/11\\\/24\\\/entre-los-mejores-6-del-pais\\\/#primaryimage\",\"url\":\"http:\\\/\\\/www.gentedebasquet.com.ar\\\/wp-content\\\/uploads\\\/2013\\\/11\\\/Estudiantes-U15.jpg\",\"contentUrl\":\"http:\\\/\\\/www.gentedebasquet.com.ar\\\/wp-content\\\/uploads\\\/2013\\\/11\\\/Estudiantes-U15.jpg\"},{\"@type\":\"BreadcrumbList\",\"@id\":\"http:\\\/\\\/gentedebasquet.com.ar\\\/sitio\\\/2013\\\/11\\\/24\\\/entre-los-mejores-6-del-pais\\\/#breadcrumb\",\"itemListElement\":[{\"@type\":\"ListItem\",\"position\":1,\"name\":\"Portada\",\"item\":\"http:\\\/\\\/gentedebasquet.com.ar\\\/sitio\\\/\"},{\"@type\":\"ListItem\",\"position\":2,\"name\":\"Entre los mejores seis del pa\u00eds\"}]},{\"@type\":\"WebSite\",\"@id\":\"http:\\\/\\\/gentedebasquet.com.ar\\\/sitio\\\/#website\",\"url\":\"http:\\\/\\\/gentedebasquet.com.ar\\\/sitio\\\/\",\"name\":\"Gente de B\u00e1squet\",\"description\":\"La revista del basquet de Bah\u00eda Blanca\",\"potentialAction\":[{\"@type\":\"SearchAction\",\"target\":{\"@type\":\"EntryPoint\",\"urlTemplate\":\"http:\\\/\\\/gentedebasquet.com.ar\\\/sitio\\\/?s={search_term_string}\"},\"query-input\":{\"@type\":\"PropertyValueSpecification\",\"valueRequired\":true,\"valueName\":\"search_term_string\"}}],\"inLanguage\":\"es\"},{\"@type\":\"Person\",\"@id\":\"http:\\\/\\\/gentedebasquet.com.ar\\\/sitio\\\/#\\\/schema\\\/person\\\/dca79f89464385c5f8df520a72c4a0bb\",\"name\":\"Romina Sald\u00edas\",\"image\":{\"@type\":\"ImageObject\",\"inLanguage\":\"es\",\"@id\":\"https:\\\/\\\/secure.gravatar.com\\\/avatar\\\/07b4f5e74b952b1e2663f1a11c3e3a7286faadd4a9ee802835628eaa5582e18e?s=96&d=mm&r=g\",\"url\":\"https:\\\/\\\/secure.gravatar.com\\\/avatar\\\/07b4f5e74b952b1e2663f1a11c3e3a7286faadd4a9ee802835628eaa5582e18e?s=96&d=mm&r=g\",\"contentUrl\":\"https:\\\/\\\/secure.gravatar.com\\\/avatar\\\/07b4f5e74b952b1e2663f1a11c3e3a7286faadd4a9ee802835628eaa5582e18e?s=96&d=mm&r=g\",\"caption\":\"Romina Sald\u00edas\"},\"url\":\"https:\\\/\\\/gentedebasquet.com.ar\\\/sitio\\\/author\\\/romina-saldia\\\/\"}]}<\/script>\n<!-- \/ Yoast SEO plugin. -->","yoast_head_json":{"title":"Entre los mejores seis del pa\u00eds - Gente de B\u00e1squet","robots":{"index":"index","follow":"follow","max-snippet":"max-snippet:-1","max-image-preview":"max-image-preview:large","max-video-preview":"max-video-preview:-1"},"canonical":"http:\/\/gentedebasquet.com.ar\/sitio\/2013\/11\/24\/entre-los-mejores-6-del-pais\/","og_locale":"es_ES","og_type":"article","og_title":"Entre los mejores seis del pa\u00eds - Gente de B\u00e1squet","og_description":"Estudiantes venci\u00f3 a P\u00e9rfora de Plaza Huincul 70 a 59 y clasific\u00f3 al hexagonal final del Argentino de Clubes U15 (5-8\/12). En segundo turno Boca derrot\u00f3 69-60 a Independiente de Neuqu\u00e9n, el local, y tambi\u00e9n avanz\u00f3. Este domingo, albos y xeneizes jugar\u00e1n por el primer puesto de la zona.","og_url":"http:\/\/gentedebasquet.com.ar\/sitio\/2013\/11\/24\/entre-los-mejores-6-del-pais\/","og_site_name":"Gente de B\u00e1squet","article_published_time":"2013-11-24T02:29:24+00:00","og_image":[{"url":"http:\/\/www.gentedebasquet.com.ar\/wp-content\/uploads\/2013\/11\/Estudiantes-U15.jpg","type":"","width":"","height":""}],"author":"Romina Sald\u00edas","twitter_card":"summary_large_image","twitter_misc":{"Escrito por":"Romina Sald\u00edas","Tiempo de lectura":"3 minutos"},"schema":{"@context":"https:\/\/schema.org","@graph":[{"@type":"Article","@id":"http:\/\/gentedebasquet.com.ar\/sitio\/2013\/11\/24\/entre-los-mejores-6-del-pais\/#article","isPartOf":{"@id":"http:\/\/gentedebasquet.com.ar\/sitio\/2013\/11\/24\/entre-los-mejores-6-del-pais\/"},"author":{"name":"Romina Sald\u00edas","@id":"http:\/\/gentedebasquet.com.ar\/sitio\/#\/schema\/person\/dca79f89464385c5f8df520a72c4a0bb"},"headline":"Entre los mejores seis del pa\u00eds","datePublished":"2013-11-24T02:29:24+00:00","mainEntityOfPage":{"@id":"http:\/\/gentedebasquet.com.ar\/sitio\/2013\/11\/24\/entre-los-mejores-6-del-pais\/"},"wordCount":591,"commentCount":0,"image":{"@id":"http:\/\/gentedebasquet.com.ar\/sitio\/2013\/11\/24\/entre-los-mejores-6-del-pais\/#primaryimage"},"thumbnailUrl":"http:\/\/www.gentedebasquet.com.ar\/wp-content\/uploads\/2013\/11\/Estudiantes-U15.jpg","keywords":["Estudiantes"],"articleSection":["U15"],"inLanguage":"es","potentialAction":[{"@type":"CommentAction","name":"Comment","target":["http:\/\/gentedebasquet.com.ar\/sitio\/2013\/11\/24\/entre-los-mejores-6-del-pais\/#respond"]}]},{"@type":"WebPage","@id":"http:\/\/gentedebasquet.com.ar\/sitio\/2013\/11\/24\/entre-los-mejores-6-del-pais\/","url":"http:\/\/gentedebasquet.com.ar\/sitio\/2013\/11\/24\/entre-los-mejores-6-del-pais\/","name":"Entre los mejores seis del pa\u00eds - Gente de B\u00e1squet","isPartOf":{"@id":"http:\/\/gentedebasquet.com.ar\/sitio\/#website"},"primaryImageOfPage":{"@id":"http:\/\/gentedebasquet.com.ar\/sitio\/2013\/11\/24\/entre-los-mejores-6-del-pais\/#primaryimage"},"image":{"@id":"http:\/\/gentedebasquet.com.ar\/sitio\/2013\/11\/24\/entre-los-mejores-6-del-pais\/#primaryimage"},"thumbnailUrl":"http:\/\/www.gentedebasquet.com.ar\/wp-content\/uploads\/2013\/11\/Estudiantes-U15.jpg","datePublished":"2013-11-24T02:29:24+00:00","author":{"@id":"http:\/\/gentedebasquet.com.ar\/sitio\/#\/schema\/person\/dca79f89464385c5f8df520a72c4a0bb"},"breadcrumb":{"@id":"http:\/\/gentedebasquet.com.ar\/sitio\/2013\/11\/24\/entre-los-mejores-6-del-pais\/#breadcrumb"},"inLanguage":"es","potentialAction":[{"@type":"ReadAction","target":["http:\/\/gentedebasquet.com.ar\/sitio\/2013\/11\/24\/entre-los-mejores-6-del-pais\/"]}]},{"@type":"ImageObject","inLanguage":"es","@id":"http:\/\/gentedebasquet.com.ar\/sitio\/2013\/11\/24\/entre-los-mejores-6-del-pais\/#primaryimage","url":"http:\/\/www.gentedebasquet.com.ar\/wp-content\/uploads\/2013\/11\/Estudiantes-U15.jpg","contentUrl":"http:\/\/www.gentedebasquet.com.ar\/wp-content\/uploads\/2013\/11\/Estudiantes-U15.jpg"},{"@type":"BreadcrumbList","@id":"http:\/\/gentedebasquet.com.ar\/sitio\/2013\/11\/24\/entre-los-mejores-6-del-pais\/#breadcrumb","itemListElement":[{"@type":"ListItem","position":1,"name":"Portada","item":"http:\/\/gentedebasquet.com.ar\/sitio\/"},{"@type":"ListItem","position":2,"name":"Entre los mejores seis del pa\u00eds"}]},{"@type":"WebSite","@id":"http:\/\/gentedebasquet.com.ar\/sitio\/#website","url":"http:\/\/gentedebasquet.com.ar\/sitio\/","name":"Gente de B\u00e1squet","description":"La revista del basquet de Bah\u00eda Blanca","potentialAction":[{"@type":"SearchAction","target":{"@type":"EntryPoint","urlTemplate":"http:\/\/gentedebasquet.com.ar\/sitio\/?s={search_term_string}"},"query-input":{"@type":"PropertyValueSpecification","valueRequired":true,"valueName":"search_term_string"}}],"inLanguage":"es"},{"@type":"Person","@id":"http:\/\/gentedebasquet.com.ar\/sitio\/#\/schema\/person\/dca79f89464385c5f8df520a72c4a0bb","name":"Romina Sald\u00edas","image":{"@type":"ImageObject","inLanguage":"es","@id":"https:\/\/secure.gravatar.com\/avatar\/07b4f5e74b952b1e2663f1a11c3e3a7286faadd4a9ee802835628eaa5582e18e?s=96&d=mm&r=g","url":"https:\/\/secure.gravatar.com\/avatar\/07b4f5e74b952b1e2663f1a11c3e3a7286faadd4a9ee802835628eaa5582e18e?s=96&d=mm&r=g","contentUrl":"https:\/\/secure.gravatar.com\/avatar\/07b4f5e74b952b1e2663f1a11c3e3a7286faadd4a9ee802835628eaa5582e18e?s=96&d=mm&r=g","caption":"Romina Sald\u00edas"},"url":"https:\/\/gentedebasquet.com.ar\/sitio\/author\/romina-saldia\/"}]}},"_links":{"self":[{"href":"https:\/\/gentedebasquet.com.ar\/sitio\/wp-json\/wp\/v2\/posts\/19739","targetHints":{"allow":["GET"]}}],"collection":[{"href":"https:\/\/gentedebasquet.com.ar\/sitio\/wp-json\/wp\/v2\/posts"}],"about":[{"href":"https:\/\/gentedebasquet.com.ar\/sitio\/wp-json\/wp\/v2\/types\/post"}],"author":[{"embeddable":true,"href":"https:\/\/gentedebasquet.com.ar\/sitio\/wp-json\/wp\/v2\/users\/8"}],"replies":[{"embeddable":true,"href":"https:\/\/gentedebasquet.com.ar\/sitio\/wp-json\/wp\/v2\/comments?post=19739"}],"version-history":[{"count":0,"href":"https:\/\/gentedebasquet.com.ar\/sitio\/wp-json\/wp\/v2\/posts\/19739\/revisions"}],"wp:attachment":[{"href":"https:\/\/gentedebasquet.com.ar\/sitio\/wp-json\/wp\/v2\/media?parent=19739"}],"wp:term":[{"taxonomy":"category","embeddable":true,"href":"https:\/\/gentedebasquet.com.ar\/sitio\/wp-json\/wp\/v2\/categories?post=19739"},{"taxonomy":"post_tag","embeddable":true,"href":"https:\/\/gentedebasquet.com.ar\/sitio\/wp-json\/wp\/v2\/tags?post=19739"}],"curies":[{"name":"wp","href":"https:\/\/api.w.org\/{rel}","templated":true}]}}