{"id":19804,"date":"2013-11-30T18:35:03","date_gmt":"2013-11-30T18:35:03","guid":{"rendered":"http:\/\/www.gentedebasquet.com.ar\/?p=19804"},"modified":"2013-11-30T18:35:03","modified_gmt":"2013-11-30T18:35:03","slug":"se-viene-una-nueva-fiesta-nacional-del-basquet","status":"publish","type":"post","link":"https:\/\/gentedebasquet.com.ar\/sitio\/2013\/11\/30\/se-viene-una-nueva-fiesta-nacional-del-basquet\/","title":{"rendered":"Se viene una nueva Fiesta Nacional del B\u00e1squet"},"content":{"rendered":"<p><em><strong>Esta ma\u00f1ana se realiz\u00f3 una conferencia de prensa para lanzar formalmente la Fiesta Nacional del B\u00e1squet Edici\u00f3n 2013. All\u00ed se brindaron detalles de los nueve eventos que la componen, incluyendo la intenci\u00f3n de superar nuevamente un R\u00e9cord Guinnes. Ir\u00e1 del 12 al 15 de diciembre con epicentro en Bahiense del Norte.<!--more--><\/strong><\/em><\/p>\n<p>El lanzamiento tuvo lugar en dependencias de la Asociaci\u00f3n Bahiense de B\u00e1squet (A.B.B), ubicada en calle 9 de Julio 62 de nuestra ciudad.<\/p>\n<p>All\u00ed, se brindaron detalles de los 9 (nueve) eventos que componen la FNB 2013, la cual tendr\u00e1 desarrollo en Bah\u00eda Blanca entre los d\u00edas jueves 12 y domingo 15 de diciembre.<\/p>\n<p>Es dable destacar, que en la FNB Edici\u00f3n 2012 se logr\u00f3 la concreci\u00f3n del Guinness World Records en la categor\u00eda \u00abPartido de B\u00e1squet con la mayor cantidad de jugadores a nivel mundial\u00bb, con la participaci\u00f3n de 1.464 personas, cifra r\u00e9cord cuya certificaci\u00f3n se intentar\u00e1 superar en la presente edici\u00f3n.<\/p>\n<p>Para inscripciones deber\u00e1 llenarse un formulario en\u00a0<a href=\"http:\/\/fiestadelbasquet.com\/\" target=\"_blank\" rel=\"noopener\">http:\/\/fiestadelbasquet.com\/<\/a>\u00a0antes del viernes 6 de diciembre. No obstante, es v\u00e1lido aclarar que quienes se inscriban antes del mi\u00e9rcoles 4 a las 8 horas tendr\u00e1n un lugar asegurado, mientras que quienes lo hagan despu\u00e9s tendr\u00e1n participaci\u00f3n sujeta a cupo.<\/p>\n<p><a href=\"http:\/\/www.gentedebasquet.com.ar\/wp-content\/uploads\/2013\/11\/DSCN6485.jpg\"><img decoding=\"async\" class=\"alignnone size-full wp-image-19926\" title=\"Fiesta del B\u00e1squet 2013\" alt=\"\" src=\"http:\/\/www.gentedebasquet.com.ar\/wp-content\/uploads\/2013\/11\/DSCN6485.jpg\" width=\"448\" height=\"336\" \/><\/a><\/p>\n<p><span style=\"color: #ffcc99;\"><strong>.<\/strong><\/span><\/p>\n<p><strong>PARTIDO DE LA CIUDAD<\/strong><\/p>\n<p>El Evento a trav\u00e9s del cual se tratar\u00e1 de establecer un nuevo R\u00e9cord Mundial Guinness se denominar\u00e1 \u00abPartido de la Ciudad\u00bb, tendr\u00e1 una duraci\u00f3n total de 50 (cincuenta) horas continuadas de reloj; dar\u00e1 comienzo el d\u00eda viernes 13 de diciembre y finalizar\u00e1 el d\u00eda domingo 15 en el Estadio \u201cManu Gin\u00f3bili\u201d del Club Bahiense del Norte (Salta 28).\u00a0Llegar\u00e1 nuevamente a Bah\u00eda Blanca Ralph Hannah, Coordinador General de GWR para Am\u00e9rica Latina, quien certificar\u00e1 y avalar\u00e1 con su presencia el logro en la categor\u00eda \u201cPartido con m\u00e1s Jugadores en la Historia del B\u00e1squet Mundial\u201d.<\/p>\n<p><strong>HOMENAJE A BRUSA<\/strong><\/p>\n<p>Noche de Homenaje a la figura de Bill Am\u00e9rico \u201cEl Lungo\u201d Brusa. Jueves 12 de Diciembre, 20:30 horas, Confiter\u00eda de la Estaci\u00f3n Sud (Av.Cerri 860). Organizaci\u00f3n conjunta con el Museo del Deporte de Bah\u00eda Blanca.<\/p>\n<p><strong>CL\u00cdNICA PARA ENTRENADORES<\/strong><\/p>\n<p>Segunda Cl\u00ednica de Perfeccionamiento T\u00e9cnico-T\u00e1ctico para Entrenadores de B\u00e1squet.\u00a0Viernes 13, S\u00e1bado 14 y Domingo 15 de Diciembre, Estadio \u201cHern\u00e1n Sagasti\u201d del Club Liniers.\u00a0Organizaci\u00f3n conjunta con el Centro de Entrenadores de B\u00e1squet Regi\u00f3n Sur.<\/p>\n<p><strong>CL\u00cdNICA PARA \u00c1RBITROS<\/strong><\/p>\n<p>Segunda Cl\u00ednica de Perfeccionamiento Arbitral \u201cSr. Hugo Pacheco\u201d.\u00a0Jueves 12 y Viernes 13 de Diciembre, 20:00 horas, Universidad Nacional del Sur.<\/p>\n<p><strong>ENCUENTRO NACIONAL DE MINIB\u00c1SQUET<\/strong><\/p>\n<p>Segundo Encuentro Nacional de MiniB\u00e1squet.\u00a0Viernes 13 de Diciembre, 19:00 horas, Estadio \u201cNorberto Tom\u00e1s\u201d del Club Olimpo (Av.Col\u00f3n esq Angel Brunel).\u00a0Organizaci\u00f3n conjunta con la Asociaci\u00f3n Bahiense de B\u00e1squet (ABB).<\/p>\n<p><strong>TORNEO MAXILIGA<\/strong><\/p>\n<p>Torneo \u201cMaxiliga \u201cde B\u00e1squet para Jugadores Seniors.\u00a0Viernes 13, S\u00e1bado 14 y Domingo 15 de Diciembre, 21:00 horas, Estadios a confirmar.\u00a0Organizaci\u00f3n conjunta con el Sr.Ulises Agull\u00f3, referente de la actividad en la regi\u00f3n.<\/p>\n<p><strong>ENCUENTRO DE B\u00c1SQUET FEMENINO<\/strong><\/p>\n<p>Segundo Encuentro Nacional de B\u00e1squet Femenino.\u00a0S\u00e1bado 14 de Diciembre, 10:00 horas, Estadio a confirmar.\u00a0Organizaci\u00f3n conjunta con Referentes Deportivos de la disciplina en la ciudad.<\/p>\n<p><strong>TORNEO DE B\u00c1SQUET 3<\/strong><\/p>\n<p>Torneo de B\u00e1squet 3 para Categor\u00edas Formativas.\u00a0Domingo 15 de Diciembre, 10:00 horas, Estadio \u201cEladio Santos\u201d del Club Sportivo Bahiense (Alvarado 467).<\/p>\n<p><strong>JORNADA SOLIDARIA<\/strong><\/p>\n<p>Jornada Deportiva Solidaria en el Barrio Loma Paraguaya.\u00a0S\u00e1bado 14 de Diciembre, 19:00 horas, Predio Deportivo Municipal (Undiano 2500 esquina C\u00e9spedes).\u00a0Organizaci\u00f3n conjunta con la Sociedad de Fomento del Barrio Loma Paraguaya.<\/p>\n<p>Foto: <a href=\"https:\/\/twitter.com\/RomiSaldias\" target=\"_blank\" rel=\"noopener\">Romina Sald\u00edas<\/a> para <strong>Gente de B\u00e1squet<\/strong>.<\/p>\n","protected":false},"excerpt":{"rendered":"<p>Esta ma\u00f1ana se realiz\u00f3 una conferencia de prensa para lanzar formalmente la Fiesta Nacional del B\u00e1squet Edici\u00f3n 2013. All\u00ed se brindaron detalles de los nueve eventos que la componen, incluyendo la intenci\u00f3n de superar nuevamente un R\u00e9cord Guinnes. Ir\u00e1 del 12 al 15 de diciembre con epicentro en Bahiense del Norte.<\/p>\n","protected":false},"author":8,"featured_media":25406,"comment_status":"open","ping_status":"open","sticky":false,"template":"","format":"standard","meta":{"jnews-multi-image_gallery":[],"jnews_single_post":[],"jnews_primary_category":[],"footnotes":""},"categories":[24],"tags":[],"class_list":["post-19804","post","type-post","status-publish","format-standard","has-post-thumbnail","hentry","category-overtime"],"yoast_head":"<!-- This site is optimized with the Yoast SEO plugin v27.5 - https:\/\/yoast.com\/product\/yoast-seo-wordpress\/ -->\n<title>Se viene una nueva Fiesta Nacional del B\u00e1squet - Gente de B\u00e1squet<\/title>\n<meta name=\"robots\" content=\"index, follow, max-snippet:-1, max-image-preview:large, max-video-preview:-1\" \/>\n<link rel=\"canonical\" href=\"http:\/\/gentedebasquet.com.ar\/sitio\/2013\/11\/30\/se-viene-una-nueva-fiesta-nacional-del-basquet\/\" \/>\n<meta property=\"og:locale\" content=\"es_ES\" \/>\n<meta property=\"og:type\" content=\"article\" \/>\n<meta property=\"og:title\" content=\"Se viene una nueva Fiesta Nacional del B\u00e1squet - Gente de B\u00e1squet\" \/>\n<meta property=\"og:description\" content=\"Esta ma\u00f1ana se realiz\u00f3 una conferencia de prensa para lanzar formalmente la Fiesta Nacional del B\u00e1squet Edici\u00f3n 2013. All\u00ed se brindaron detalles de los nueve eventos que la componen, incluyendo la intenci\u00f3n de superar nuevamente un R\u00e9cord Guinnes. Ir\u00e1 del 12 al 15 de diciembre con epicentro en Bahiense del Norte.\" \/>\n<meta property=\"og:url\" content=\"http:\/\/gentedebasquet.com.ar\/sitio\/2013\/11\/30\/se-viene-una-nueva-fiesta-nacional-del-basquet\/\" \/>\n<meta property=\"og:site_name\" content=\"Gente de B\u00e1squet\" \/>\n<meta property=\"article:published_time\" content=\"2013-11-30T18:35:03+00:00\" \/>\n<meta property=\"og:image\" content=\"http:\/\/gentedebasquet.com.ar\/sitio\/wp-content\/uploads\/2013\/12\/Fiesta-Nacional-del-basquet.jpg\" \/>\n\t<meta property=\"og:image:width\" content=\"300\" \/>\n\t<meta property=\"og:image:height\" content=\"225\" \/>\n\t<meta property=\"og:image:type\" content=\"image\/jpeg\" \/>\n<meta name=\"author\" content=\"Romina Sald\u00edas\" \/>\n<meta name=\"twitter:card\" content=\"summary_large_image\" \/>\n<meta name=\"twitter:label1\" content=\"Escrito por\" \/>\n\t<meta name=\"twitter:data1\" content=\"Romina Sald\u00edas\" \/>\n\t<meta name=\"twitter:label2\" content=\"Tiempo de lectura\" \/>\n\t<meta name=\"twitter:data2\" content=\"3 minutos\" \/>\n<script type=\"application\/ld+json\" class=\"yoast-schema-graph\">{\"@context\":\"https:\\\/\\\/schema.org\",\"@graph\":[{\"@type\":\"Article\",\"@id\":\"http:\\\/\\\/gentedebasquet.com.ar\\\/sitio\\\/2013\\\/11\\\/30\\\/se-viene-una-nueva-fiesta-nacional-del-basquet\\\/#article\",\"isPartOf\":{\"@id\":\"http:\\\/\\\/gentedebasquet.com.ar\\\/sitio\\\/2013\\\/11\\\/30\\\/se-viene-una-nueva-fiesta-nacional-del-basquet\\\/\"},\"author\":{\"name\":\"Romina Sald\u00edas\",\"@id\":\"http:\\\/\\\/gentedebasquet.com.ar\\\/sitio\\\/#\\\/schema\\\/person\\\/dca79f89464385c5f8df520a72c4a0bb\"},\"headline\":\"Se viene una nueva Fiesta Nacional del B\u00e1squet\",\"datePublished\":\"2013-11-30T18:35:03+00:00\",\"mainEntityOfPage\":{\"@id\":\"http:\\\/\\\/gentedebasquet.com.ar\\\/sitio\\\/2013\\\/11\\\/30\\\/se-viene-una-nueva-fiesta-nacional-del-basquet\\\/\"},\"wordCount\":612,\"commentCount\":0,\"image\":{\"@id\":\"http:\\\/\\\/gentedebasquet.com.ar\\\/sitio\\\/2013\\\/11\\\/30\\\/se-viene-una-nueva-fiesta-nacional-del-basquet\\\/#primaryimage\"},\"thumbnailUrl\":\"https:\\\/\\\/gentedebasquet.com.ar\\\/sitio\\\/wp-content\\\/uploads\\\/2013\\\/12\\\/Fiesta-Nacional-del-basquet.jpg\",\"articleSection\":[\"#Overtime\"],\"inLanguage\":\"es\",\"potentialAction\":[{\"@type\":\"CommentAction\",\"name\":\"Comment\",\"target\":[\"http:\\\/\\\/gentedebasquet.com.ar\\\/sitio\\\/2013\\\/11\\\/30\\\/se-viene-una-nueva-fiesta-nacional-del-basquet\\\/#respond\"]}]},{\"@type\":\"WebPage\",\"@id\":\"http:\\\/\\\/gentedebasquet.com.ar\\\/sitio\\\/2013\\\/11\\\/30\\\/se-viene-una-nueva-fiesta-nacional-del-basquet\\\/\",\"url\":\"http:\\\/\\\/gentedebasquet.com.ar\\\/sitio\\\/2013\\\/11\\\/30\\\/se-viene-una-nueva-fiesta-nacional-del-basquet\\\/\",\"name\":\"Se viene una nueva Fiesta Nacional del B\u00e1squet - Gente de B\u00e1squet\",\"isPartOf\":{\"@id\":\"http:\\\/\\\/gentedebasquet.com.ar\\\/sitio\\\/#website\"},\"primaryImageOfPage\":{\"@id\":\"http:\\\/\\\/gentedebasquet.com.ar\\\/sitio\\\/2013\\\/11\\\/30\\\/se-viene-una-nueva-fiesta-nacional-del-basquet\\\/#primaryimage\"},\"image\":{\"@id\":\"http:\\\/\\\/gentedebasquet.com.ar\\\/sitio\\\/2013\\\/11\\\/30\\\/se-viene-una-nueva-fiesta-nacional-del-basquet\\\/#primaryimage\"},\"thumbnailUrl\":\"https:\\\/\\\/gentedebasquet.com.ar\\\/sitio\\\/wp-content\\\/uploads\\\/2013\\\/12\\\/Fiesta-Nacional-del-basquet.jpg\",\"datePublished\":\"2013-11-30T18:35:03+00:00\",\"author\":{\"@id\":\"http:\\\/\\\/gentedebasquet.com.ar\\\/sitio\\\/#\\\/schema\\\/person\\\/dca79f89464385c5f8df520a72c4a0bb\"},\"breadcrumb\":{\"@id\":\"http:\\\/\\\/gentedebasquet.com.ar\\\/sitio\\\/2013\\\/11\\\/30\\\/se-viene-una-nueva-fiesta-nacional-del-basquet\\\/#breadcrumb\"},\"inLanguage\":\"es\",\"potentialAction\":[{\"@type\":\"ReadAction\",\"target\":[\"http:\\\/\\\/gentedebasquet.com.ar\\\/sitio\\\/2013\\\/11\\\/30\\\/se-viene-una-nueva-fiesta-nacional-del-basquet\\\/\"]}]},{\"@type\":\"ImageObject\",\"inLanguage\":\"es\",\"@id\":\"http:\\\/\\\/gentedebasquet.com.ar\\\/sitio\\\/2013\\\/11\\\/30\\\/se-viene-una-nueva-fiesta-nacional-del-basquet\\\/#primaryimage\",\"url\":\"https:\\\/\\\/gentedebasquet.com.ar\\\/sitio\\\/wp-content\\\/uploads\\\/2013\\\/12\\\/Fiesta-Nacional-del-basquet.jpg\",\"contentUrl\":\"https:\\\/\\\/gentedebasquet.com.ar\\\/sitio\\\/wp-content\\\/uploads\\\/2013\\\/12\\\/Fiesta-Nacional-del-basquet.jpg\",\"width\":300,\"height\":225},{\"@type\":\"BreadcrumbList\",\"@id\":\"http:\\\/\\\/gentedebasquet.com.ar\\\/sitio\\\/2013\\\/11\\\/30\\\/se-viene-una-nueva-fiesta-nacional-del-basquet\\\/#breadcrumb\",\"itemListElement\":[{\"@type\":\"ListItem\",\"position\":1,\"name\":\"Portada\",\"item\":\"http:\\\/\\\/gentedebasquet.com.ar\\\/sitio\\\/\"},{\"@type\":\"ListItem\",\"position\":2,\"name\":\"Se viene una nueva Fiesta Nacional del B\u00e1squet\"}]},{\"@type\":\"WebSite\",\"@id\":\"http:\\\/\\\/gentedebasquet.com.ar\\\/sitio\\\/#website\",\"url\":\"http:\\\/\\\/gentedebasquet.com.ar\\\/sitio\\\/\",\"name\":\"Gente de B\u00e1squet\",\"description\":\"La revista del basquet de Bah\u00eda Blanca\",\"potentialAction\":[{\"@type\":\"SearchAction\",\"target\":{\"@type\":\"EntryPoint\",\"urlTemplate\":\"http:\\\/\\\/gentedebasquet.com.ar\\\/sitio\\\/?s={search_term_string}\"},\"query-input\":{\"@type\":\"PropertyValueSpecification\",\"valueRequired\":true,\"valueName\":\"search_term_string\"}}],\"inLanguage\":\"es\"},{\"@type\":\"Person\",\"@id\":\"http:\\\/\\\/gentedebasquet.com.ar\\\/sitio\\\/#\\\/schema\\\/person\\\/dca79f89464385c5f8df520a72c4a0bb\",\"name\":\"Romina Sald\u00edas\",\"image\":{\"@type\":\"ImageObject\",\"inLanguage\":\"es\",\"@id\":\"https:\\\/\\\/secure.gravatar.com\\\/avatar\\\/07b4f5e74b952b1e2663f1a11c3e3a7286faadd4a9ee802835628eaa5582e18e?s=96&d=mm&r=g\",\"url\":\"https:\\\/\\\/secure.gravatar.com\\\/avatar\\\/07b4f5e74b952b1e2663f1a11c3e3a7286faadd4a9ee802835628eaa5582e18e?s=96&d=mm&r=g\",\"contentUrl\":\"https:\\\/\\\/secure.gravatar.com\\\/avatar\\\/07b4f5e74b952b1e2663f1a11c3e3a7286faadd4a9ee802835628eaa5582e18e?s=96&d=mm&r=g\",\"caption\":\"Romina Sald\u00edas\"},\"url\":\"https:\\\/\\\/gentedebasquet.com.ar\\\/sitio\\\/author\\\/romina-saldia\\\/\"}]}<\/script>\n<!-- \/ Yoast SEO plugin. -->","yoast_head_json":{"title":"Se viene una nueva Fiesta Nacional del B\u00e1squet - Gente de B\u00e1squet","robots":{"index":"index","follow":"follow","max-snippet":"max-snippet:-1","max-image-preview":"max-image-preview:large","max-video-preview":"max-video-preview:-1"},"canonical":"http:\/\/gentedebasquet.com.ar\/sitio\/2013\/11\/30\/se-viene-una-nueva-fiesta-nacional-del-basquet\/","og_locale":"es_ES","og_type":"article","og_title":"Se viene una nueva Fiesta Nacional del B\u00e1squet - Gente de B\u00e1squet","og_description":"Esta ma\u00f1ana se realiz\u00f3 una conferencia de prensa para lanzar formalmente la Fiesta Nacional del B\u00e1squet Edici\u00f3n 2013. All\u00ed se brindaron detalles de los nueve eventos que la componen, incluyendo la intenci\u00f3n de superar nuevamente un R\u00e9cord Guinnes. Ir\u00e1 del 12 al 15 de diciembre con epicentro en Bahiense del Norte.","og_url":"http:\/\/gentedebasquet.com.ar\/sitio\/2013\/11\/30\/se-viene-una-nueva-fiesta-nacional-del-basquet\/","og_site_name":"Gente de B\u00e1squet","article_published_time":"2013-11-30T18:35:03+00:00","og_image":[{"width":300,"height":225,"url":"http:\/\/gentedebasquet.com.ar\/sitio\/wp-content\/uploads\/2013\/12\/Fiesta-Nacional-del-basquet.jpg","type":"image\/jpeg"}],"author":"Romina Sald\u00edas","twitter_card":"summary_large_image","twitter_misc":{"Escrito por":"Romina Sald\u00edas","Tiempo de lectura":"3 minutos"},"schema":{"@context":"https:\/\/schema.org","@graph":[{"@type":"Article","@id":"http:\/\/gentedebasquet.com.ar\/sitio\/2013\/11\/30\/se-viene-una-nueva-fiesta-nacional-del-basquet\/#article","isPartOf":{"@id":"http:\/\/gentedebasquet.com.ar\/sitio\/2013\/11\/30\/se-viene-una-nueva-fiesta-nacional-del-basquet\/"},"author":{"name":"Romina Sald\u00edas","@id":"http:\/\/gentedebasquet.com.ar\/sitio\/#\/schema\/person\/dca79f89464385c5f8df520a72c4a0bb"},"headline":"Se viene una nueva Fiesta Nacional del B\u00e1squet","datePublished":"2013-11-30T18:35:03+00:00","mainEntityOfPage":{"@id":"http:\/\/gentedebasquet.com.ar\/sitio\/2013\/11\/30\/se-viene-una-nueva-fiesta-nacional-del-basquet\/"},"wordCount":612,"commentCount":0,"image":{"@id":"http:\/\/gentedebasquet.com.ar\/sitio\/2013\/11\/30\/se-viene-una-nueva-fiesta-nacional-del-basquet\/#primaryimage"},"thumbnailUrl":"https:\/\/gentedebasquet.com.ar\/sitio\/wp-content\/uploads\/2013\/12\/Fiesta-Nacional-del-basquet.jpg","articleSection":["#Overtime"],"inLanguage":"es","potentialAction":[{"@type":"CommentAction","name":"Comment","target":["http:\/\/gentedebasquet.com.ar\/sitio\/2013\/11\/30\/se-viene-una-nueva-fiesta-nacional-del-basquet\/#respond"]}]},{"@type":"WebPage","@id":"http:\/\/gentedebasquet.com.ar\/sitio\/2013\/11\/30\/se-viene-una-nueva-fiesta-nacional-del-basquet\/","url":"http:\/\/gentedebasquet.com.ar\/sitio\/2013\/11\/30\/se-viene-una-nueva-fiesta-nacional-del-basquet\/","name":"Se viene una nueva Fiesta Nacional del B\u00e1squet - Gente de B\u00e1squet","isPartOf":{"@id":"http:\/\/gentedebasquet.com.ar\/sitio\/#website"},"primaryImageOfPage":{"@id":"http:\/\/gentedebasquet.com.ar\/sitio\/2013\/11\/30\/se-viene-una-nueva-fiesta-nacional-del-basquet\/#primaryimage"},"image":{"@id":"http:\/\/gentedebasquet.com.ar\/sitio\/2013\/11\/30\/se-viene-una-nueva-fiesta-nacional-del-basquet\/#primaryimage"},"thumbnailUrl":"https:\/\/gentedebasquet.com.ar\/sitio\/wp-content\/uploads\/2013\/12\/Fiesta-Nacional-del-basquet.jpg","datePublished":"2013-11-30T18:35:03+00:00","author":{"@id":"http:\/\/gentedebasquet.com.ar\/sitio\/#\/schema\/person\/dca79f89464385c5f8df520a72c4a0bb"},"breadcrumb":{"@id":"http:\/\/gentedebasquet.com.ar\/sitio\/2013\/11\/30\/se-viene-una-nueva-fiesta-nacional-del-basquet\/#breadcrumb"},"inLanguage":"es","potentialAction":[{"@type":"ReadAction","target":["http:\/\/gentedebasquet.com.ar\/sitio\/2013\/11\/30\/se-viene-una-nueva-fiesta-nacional-del-basquet\/"]}]},{"@type":"ImageObject","inLanguage":"es","@id":"http:\/\/gentedebasquet.com.ar\/sitio\/2013\/11\/30\/se-viene-una-nueva-fiesta-nacional-del-basquet\/#primaryimage","url":"https:\/\/gentedebasquet.com.ar\/sitio\/wp-content\/uploads\/2013\/12\/Fiesta-Nacional-del-basquet.jpg","contentUrl":"https:\/\/gentedebasquet.com.ar\/sitio\/wp-content\/uploads\/2013\/12\/Fiesta-Nacional-del-basquet.jpg","width":300,"height":225},{"@type":"BreadcrumbList","@id":"http:\/\/gentedebasquet.com.ar\/sitio\/2013\/11\/30\/se-viene-una-nueva-fiesta-nacional-del-basquet\/#breadcrumb","itemListElement":[{"@type":"ListItem","position":1,"name":"Portada","item":"http:\/\/gentedebasquet.com.ar\/sitio\/"},{"@type":"ListItem","position":2,"name":"Se viene una nueva Fiesta Nacional del B\u00e1squet"}]},{"@type":"WebSite","@id":"http:\/\/gentedebasquet.com.ar\/sitio\/#website","url":"http:\/\/gentedebasquet.com.ar\/sitio\/","name":"Gente de B\u00e1squet","description":"La revista del basquet de Bah\u00eda Blanca","potentialAction":[{"@type":"SearchAction","target":{"@type":"EntryPoint","urlTemplate":"http:\/\/gentedebasquet.com.ar\/sitio\/?s={search_term_string}"},"query-input":{"@type":"PropertyValueSpecification","valueRequired":true,"valueName":"search_term_string"}}],"inLanguage":"es"},{"@type":"Person","@id":"http:\/\/gentedebasquet.com.ar\/sitio\/#\/schema\/person\/dca79f89464385c5f8df520a72c4a0bb","name":"Romina Sald\u00edas","image":{"@type":"ImageObject","inLanguage":"es","@id":"https:\/\/secure.gravatar.com\/avatar\/07b4f5e74b952b1e2663f1a11c3e3a7286faadd4a9ee802835628eaa5582e18e?s=96&d=mm&r=g","url":"https:\/\/secure.gravatar.com\/avatar\/07b4f5e74b952b1e2663f1a11c3e3a7286faadd4a9ee802835628eaa5582e18e?s=96&d=mm&r=g","contentUrl":"https:\/\/secure.gravatar.com\/avatar\/07b4f5e74b952b1e2663f1a11c3e3a7286faadd4a9ee802835628eaa5582e18e?s=96&d=mm&r=g","caption":"Romina Sald\u00edas"},"url":"https:\/\/gentedebasquet.com.ar\/sitio\/author\/romina-saldia\/"}]}},"_links":{"self":[{"href":"https:\/\/gentedebasquet.com.ar\/sitio\/wp-json\/wp\/v2\/posts\/19804","targetHints":{"allow":["GET"]}}],"collection":[{"href":"https:\/\/gentedebasquet.com.ar\/sitio\/wp-json\/wp\/v2\/posts"}],"about":[{"href":"https:\/\/gentedebasquet.com.ar\/sitio\/wp-json\/wp\/v2\/types\/post"}],"author":[{"embeddable":true,"href":"https:\/\/gentedebasquet.com.ar\/sitio\/wp-json\/wp\/v2\/users\/8"}],"replies":[{"embeddable":true,"href":"https:\/\/gentedebasquet.com.ar\/sitio\/wp-json\/wp\/v2\/comments?post=19804"}],"version-history":[{"count":0,"href":"https:\/\/gentedebasquet.com.ar\/sitio\/wp-json\/wp\/v2\/posts\/19804\/revisions"}],"wp:featuredmedia":[{"embeddable":true,"href":"https:\/\/gentedebasquet.com.ar\/sitio\/wp-json\/wp\/v2\/media\/25406"}],"wp:attachment":[{"href":"https:\/\/gentedebasquet.com.ar\/sitio\/wp-json\/wp\/v2\/media?parent=19804"}],"wp:term":[{"taxonomy":"category","embeddable":true,"href":"https:\/\/gentedebasquet.com.ar\/sitio\/wp-json\/wp\/v2\/categories?post=19804"},{"taxonomy":"post_tag","embeddable":true,"href":"https:\/\/gentedebasquet.com.ar\/sitio\/wp-json\/wp\/v2\/tags?post=19804"}],"curies":[{"name":"wp","href":"https:\/\/api.w.org\/{rel}","templated":true}]}}