{"id":19884,"date":"2013-11-30T01:29:07","date_gmt":"2013-11-30T01:29:07","guid":{"rendered":"http:\/\/www.gentedebasquet.com.ar\/?p=19884"},"modified":"2013-11-30T01:29:07","modified_gmt":"2013-11-30T01:29:07","slug":"se-cierra-la-femisur-2013","status":"publish","type":"post","link":"https:\/\/gentedebasquet.com.ar\/sitio\/2013\/11\/30\/se-cierra-la-femisur-2013\/","title":{"rendered":"Se cierra la FEMISUR 2013"},"content":{"rendered":"<p><em><strong>El pr\u00f3ximo fin de semana, s\u00e1bado 30 y domingo 1, en Bah\u00eda Blanca se jugaran los juegos finales de la Liga Femisur en todas sus categor\u00edas. En U15, U17 y Primera ya hay campe\u00f3n, aunque resta consagrarse un equipo en U13. Se enfrentar\u00e1n Independiente &#8211; San Mart\u00edn, 9 de Julio &#8211; Ferro y Barracas &#8211; Sol de Mayo. Altense tendr\u00e1 fecha libre.<!--more--><\/strong><\/em><\/p>\n<p>En esta ocasi\u00f3n el Club Independiente recibir\u00e1 a San Martin (Viedma), 9 de Julio a Ferro (Olavarria) y Barracas Central a Sol de Mayo (Viedma); y de esta manera se culminar\u00e1 la temporada Femisur 2013.<\/p>\n<p>Adem\u00e1s, el domingo 1 de diciembre a las 18 horas, en las instalaciones del Club Independiente (Italia 250) se proceder\u00e1 a realizar un desfile de todas las delegaciones, entrega de premios por categor\u00eda y menciones especiales.<\/p>\n<p>Es importante informar que la Liga Femisur es un torneo de b\u00e1squet femenino donde participan los clubes San Martin (Viedma), Sol de Mayo (Viedma), Ferro (Olavarria), Independiente (Bah\u00eda Blanca), 9 de Julio (Bah\u00eda Blanca), Barracas Central (Bah\u00eda Blanca) y Altense (Punta Alta). Cada equipo disput\u00f3 dos partidos en cada categor\u00eda, jugando un total de 6 fechas en las categor\u00edas formativas y 7 en \u00a0el nivel superior.<\/p>\n<p><a href=\"http:\/\/www.gentedebasquet.com.ar\/wp-content\/uploads\/2013\/07\/FEMISUR-gdb.jpg\"><img decoding=\"async\" class=\"alignnone size-full wp-image-13593\" title=\"FEMISUR gdb\" alt=\"\" src=\"http:\/\/www.gentedebasquet.com.ar\/wp-content\/uploads\/2013\/07\/FEMISUR-gdb.jpg\" width=\"448\" height=\"110\" \/><\/a><\/p>\n<p>Restando una fecha por jugar las categor\u00edas U15, U17 y primera divisi\u00f3n ya tienen su equipo campe\u00f3n:<\/p>\n<p><em><strong>U15 y U17 &#8211; Barracas Central (B. Bca.)<\/strong><\/em><\/p>\n<p><em><strong>Primera Divisi\u00f3n &#8211; Independiente (B. Bca.)<\/strong><\/em><\/p>\n<p>La categor\u00eda U13 se definir\u00e1 entra los clubes San Martin (Viedma) e Independiente (B. Bca).<\/p>\n<p><span style=\"color: #ffcc99;\">.<\/span><\/p>\n<p><strong>CRONOGRAMA<\/strong><\/p>\n<p><strong>BARRACAS CENTRAL VS. SOL DE MAYO<\/strong><\/p>\n<p><em>S\u00c1BADO 30 (cancha de Barracas)<\/em><\/p>\n<p>16.00 horas MINI<\/p>\n<p>17.00 horas U13<\/p>\n<p>18.30 horas U15<\/p>\n<p><em>DOMINGO 1 (cancha de Barracas)<\/em><\/p>\n<p>13.00 horas MINI<\/p>\n<p>14.30 horas U13<\/p>\n<p>16.00 horas U15<\/p>\n<p>El Club Sol de Mayo no jugar\u00e1 la fecha con Barracas en las categor\u00edas U17 y Primera Divisi\u00f3n. Por lo tanto el equipo local gana los puntos.<\/p>\n<p><strong>INDEPENDIENTE VS. SAN MARTIN<\/strong><\/p>\n<p><strong><\/strong><em>S\u00c1BADO 30 (en cancha de Velocidad)<\/em><\/p>\n<p>11.00 horas U15<\/p>\n<p>15.00 horas U13<\/p>\n<p>16.30 horas U17<\/p>\n<p>18.00 horas MINI<\/p>\n<p>19.30 horas PRIMERA<\/p>\n<p><em>DOMINGO 1 (en cancha de Pac\u00edfico)<\/em><\/p>\n<p>9.00 horas MINI<\/p>\n<p>10.00 horas U17<\/p>\n<p>11.30 horas U13<\/p>\n<p>13.00 horas U15<\/p>\n<p>14.30 horas PRIMERA<\/p>\n<p><strong>9 DE JULIO vs FERRO<\/strong><\/p>\n<p><em>S\u00c1BADO 30 (en cancha de 9 de Julio)<\/em><\/p>\n<p>12.30 horas U15<\/p>\n<p>14.00 horas PRIMERA<\/p>\n<p>16.00 MINI<\/p>\n<p>18.00 horas U17 <em>(en Argentino)<\/em><\/p>\n<p>20.00 horas U13<\/p>\n<p><em>DOMINGO 1 (en cancha de 9 de Julio)<\/em><\/p>\n<p>8.30 horas U17<\/p>\n<p>10.00 horas U13<\/p>\n<p>11.30 horas MINI<\/p>\n<p>13.30 horas U15<\/p>\n<p>15.00 horas PRIMERA<\/p>\n<p><span style=\"color: #ffcc99;\">.<\/span><\/p>\n<p><strong>POSICIONES<\/strong><\/p>\n<p><a href=\"http:\/\/www.gentedebasquet.com.ar\/wp-content\/uploads\/2013\/11\/Mayores.jpg\"><img decoding=\"async\" class=\"alignnone size-full wp-image-19907\" title=\"Mayores\" alt=\"\" src=\"http:\/\/www.gentedebasquet.com.ar\/wp-content\/uploads\/2013\/11\/Mayores.jpg\" width=\"419\" height=\"187\" \/><\/a><a href=\"http:\/\/www.gentedebasquet.com.ar\/wp-content\/uploads\/2013\/11\/U17.jpg\"><img decoding=\"async\" class=\"alignnone size-full wp-image-19910\" title=\"U17\" alt=\"\" src=\"http:\/\/www.gentedebasquet.com.ar\/wp-content\/uploads\/2013\/11\/U17.jpg\" width=\"419\" height=\"167\" \/><\/a><a href=\"http:\/\/www.gentedebasquet.com.ar\/wp-content\/uploads\/2013\/11\/U15.jpg\"><img decoding=\"async\" class=\"alignnone size-full wp-image-19909\" title=\"U15\" alt=\"\" src=\"http:\/\/www.gentedebasquet.com.ar\/wp-content\/uploads\/2013\/11\/U15.jpg\" width=\"419\" height=\"167\" \/><\/a><a href=\"http:\/\/www.gentedebasquet.com.ar\/wp-content\/uploads\/2013\/11\/U132.jpg\"><img decoding=\"async\" class=\"alignnone size-full wp-image-19908\" title=\"U13\" alt=\"\" src=\"http:\/\/www.gentedebasquet.com.ar\/wp-content\/uploads\/2013\/11\/U132.jpg\" width=\"418\" height=\"167\" \/><\/a><\/p>\n<p><span style=\"text-decoration: underline;\">NOTA 1:<\/span> El Club Sol de Mayo no suma puntos por no viajar a disputar la 4ta. Fecha de Femisur frente a Ferro.<\/p>\n<p><span style=\"text-decoration: underline;\">NOTA 2:<\/span> El Club Ferro gana los puntos por la no presentaci\u00f3n del Club Sol de Mayo de Viedma.<\/p>\n","protected":false},"excerpt":{"rendered":"<p>El pr\u00f3ximo fin de semana, s\u00e1bado 30 y domingo 1, en Bah\u00eda Blanca se jugaran los juegos finales de la Liga Femisur en todas sus categor\u00edas. En U15, U17 y Primera ya hay campe\u00f3n, aunque resta consagrarse un equipo en U13. Se enfrentar\u00e1n Independiente &#8211; San Mart\u00edn, 9 de Julio &#8211; Ferro y Barracas &#8211; [&hellip;]<\/p>\n","protected":false},"author":1,"featured_media":25581,"comment_status":"open","ping_status":"open","sticky":false,"template":"","format":"standard","meta":{"jnews-multi-image_gallery":[],"jnews_single_post":[],"jnews_primary_category":[],"footnotes":""},"categories":[33],"tags":[2,6,12],"class_list":["post-19884","post","type-post","status-publish","format-standard","has-post-thumbnail","hentry","category-femenino","tag-9dejulio","tag-barracas-central","tag-independiente"],"yoast_head":"<!-- This site is optimized with the Yoast SEO plugin v27.5 - https:\/\/yoast.com\/product\/yoast-seo-wordpress\/ -->\n<title>Se cierra la FEMISUR 2013 - Gente de B\u00e1squet<\/title>\n<meta name=\"robots\" content=\"index, follow, max-snippet:-1, max-image-preview:large, max-video-preview:-1\" \/>\n<link rel=\"canonical\" href=\"http:\/\/gentedebasquet.com.ar\/sitio\/2013\/11\/30\/se-cierra-la-femisur-2013\/\" \/>\n<meta property=\"og:locale\" content=\"es_ES\" \/>\n<meta property=\"og:type\" content=\"article\" \/>\n<meta property=\"og:title\" content=\"Se cierra la FEMISUR 2013 - Gente de B\u00e1squet\" \/>\n<meta property=\"og:description\" content=\"El pr\u00f3ximo fin de semana, s\u00e1bado 30 y domingo 1, en Bah\u00eda Blanca se jugaran los juegos finales de la Liga Femisur en todas sus categor\u00edas. En U15, U17 y Primera ya hay campe\u00f3n, aunque resta consagrarse un equipo en U13. Se enfrentar\u00e1n Independiente &#8211; San Mart\u00edn, 9 de Julio &#8211; Ferro y Barracas &#8211; [&hellip;]\" \/>\n<meta property=\"og:url\" content=\"http:\/\/gentedebasquet.com.ar\/sitio\/2013\/11\/30\/se-cierra-la-femisur-2013\/\" \/>\n<meta property=\"og:site_name\" content=\"Gente de B\u00e1squet\" \/>\n<meta property=\"article:published_time\" content=\"2013-11-30T01:29:07+00:00\" \/>\n<meta property=\"og:image\" content=\"http:\/\/gentedebasquet.com.ar\/sitio\/wp-content\/uploads\/2013\/11\/Femisur.jpg\" \/>\n\t<meta property=\"og:image:width\" content=\"300\" \/>\n\t<meta property=\"og:image:height\" content=\"225\" \/>\n\t<meta property=\"og:image:type\" content=\"image\/jpeg\" \/>\n<meta name=\"author\" content=\"Gente de B\u00e1squet\" \/>\n<meta name=\"twitter:card\" content=\"summary_large_image\" \/>\n<meta name=\"twitter:label1\" content=\"Escrito por\" \/>\n\t<meta name=\"twitter:data1\" content=\"Gente de B\u00e1squet\" \/>\n\t<meta name=\"twitter:label2\" content=\"Tiempo de lectura\" \/>\n\t<meta name=\"twitter:data2\" content=\"2 minutos\" \/>\n<script type=\"application\/ld+json\" class=\"yoast-schema-graph\">{\"@context\":\"https:\\\/\\\/schema.org\",\"@graph\":[{\"@type\":\"Article\",\"@id\":\"http:\\\/\\\/gentedebasquet.com.ar\\\/sitio\\\/2013\\\/11\\\/30\\\/se-cierra-la-femisur-2013\\\/#article\",\"isPartOf\":{\"@id\":\"http:\\\/\\\/gentedebasquet.com.ar\\\/sitio\\\/2013\\\/11\\\/30\\\/se-cierra-la-femisur-2013\\\/\"},\"author\":{\"name\":\"Gente de B\u00e1squet\",\"@id\":\"http:\\\/\\\/gentedebasquet.com.ar\\\/sitio\\\/#\\\/schema\\\/person\\\/ca0b63bbb977369988a7bbbdc519943a\"},\"headline\":\"Se cierra la FEMISUR 2013\",\"datePublished\":\"2013-11-30T01:29:07+00:00\",\"mainEntityOfPage\":{\"@id\":\"http:\\\/\\\/gentedebasquet.com.ar\\\/sitio\\\/2013\\\/11\\\/30\\\/se-cierra-la-femisur-2013\\\/\"},\"wordCount\":432,\"commentCount\":0,\"image\":{\"@id\":\"http:\\\/\\\/gentedebasquet.com.ar\\\/sitio\\\/2013\\\/11\\\/30\\\/se-cierra-la-femisur-2013\\\/#primaryimage\"},\"thumbnailUrl\":\"https:\\\/\\\/gentedebasquet.com.ar\\\/sitio\\\/wp-content\\\/uploads\\\/2013\\\/11\\\/Femisur.jpg\",\"keywords\":[\"9 de Julio\",\"Barracas Central\",\"independiente\"],\"articleSection\":[\"Femenino\"],\"inLanguage\":\"es\",\"potentialAction\":[{\"@type\":\"CommentAction\",\"name\":\"Comment\",\"target\":[\"http:\\\/\\\/gentedebasquet.com.ar\\\/sitio\\\/2013\\\/11\\\/30\\\/se-cierra-la-femisur-2013\\\/#respond\"]}]},{\"@type\":\"WebPage\",\"@id\":\"http:\\\/\\\/gentedebasquet.com.ar\\\/sitio\\\/2013\\\/11\\\/30\\\/se-cierra-la-femisur-2013\\\/\",\"url\":\"http:\\\/\\\/gentedebasquet.com.ar\\\/sitio\\\/2013\\\/11\\\/30\\\/se-cierra-la-femisur-2013\\\/\",\"name\":\"Se cierra la FEMISUR 2013 - Gente de B\u00e1squet\",\"isPartOf\":{\"@id\":\"http:\\\/\\\/gentedebasquet.com.ar\\\/sitio\\\/#website\"},\"primaryImageOfPage\":{\"@id\":\"http:\\\/\\\/gentedebasquet.com.ar\\\/sitio\\\/2013\\\/11\\\/30\\\/se-cierra-la-femisur-2013\\\/#primaryimage\"},\"image\":{\"@id\":\"http:\\\/\\\/gentedebasquet.com.ar\\\/sitio\\\/2013\\\/11\\\/30\\\/se-cierra-la-femisur-2013\\\/#primaryimage\"},\"thumbnailUrl\":\"https:\\\/\\\/gentedebasquet.com.ar\\\/sitio\\\/wp-content\\\/uploads\\\/2013\\\/11\\\/Femisur.jpg\",\"datePublished\":\"2013-11-30T01:29:07+00:00\",\"author\":{\"@id\":\"http:\\\/\\\/gentedebasquet.com.ar\\\/sitio\\\/#\\\/schema\\\/person\\\/ca0b63bbb977369988a7bbbdc519943a\"},\"breadcrumb\":{\"@id\":\"http:\\\/\\\/gentedebasquet.com.ar\\\/sitio\\\/2013\\\/11\\\/30\\\/se-cierra-la-femisur-2013\\\/#breadcrumb\"},\"inLanguage\":\"es\",\"potentialAction\":[{\"@type\":\"ReadAction\",\"target\":[\"http:\\\/\\\/gentedebasquet.com.ar\\\/sitio\\\/2013\\\/11\\\/30\\\/se-cierra-la-femisur-2013\\\/\"]}]},{\"@type\":\"ImageObject\",\"inLanguage\":\"es\",\"@id\":\"http:\\\/\\\/gentedebasquet.com.ar\\\/sitio\\\/2013\\\/11\\\/30\\\/se-cierra-la-femisur-2013\\\/#primaryimage\",\"url\":\"https:\\\/\\\/gentedebasquet.com.ar\\\/sitio\\\/wp-content\\\/uploads\\\/2013\\\/11\\\/Femisur.jpg\",\"contentUrl\":\"https:\\\/\\\/gentedebasquet.com.ar\\\/sitio\\\/wp-content\\\/uploads\\\/2013\\\/11\\\/Femisur.jpg\",\"width\":300,\"height\":225},{\"@type\":\"BreadcrumbList\",\"@id\":\"http:\\\/\\\/gentedebasquet.com.ar\\\/sitio\\\/2013\\\/11\\\/30\\\/se-cierra-la-femisur-2013\\\/#breadcrumb\",\"itemListElement\":[{\"@type\":\"ListItem\",\"position\":1,\"name\":\"Portada\",\"item\":\"http:\\\/\\\/gentedebasquet.com.ar\\\/sitio\\\/\"},{\"@type\":\"ListItem\",\"position\":2,\"name\":\"Se cierra la FEMISUR 2013\"}]},{\"@type\":\"WebSite\",\"@id\":\"http:\\\/\\\/gentedebasquet.com.ar\\\/sitio\\\/#website\",\"url\":\"http:\\\/\\\/gentedebasquet.com.ar\\\/sitio\\\/\",\"name\":\"Gente de B\u00e1squet\",\"description\":\"La revista del basquet de Bah\u00eda Blanca\",\"potentialAction\":[{\"@type\":\"SearchAction\",\"target\":{\"@type\":\"EntryPoint\",\"urlTemplate\":\"http:\\\/\\\/gentedebasquet.com.ar\\\/sitio\\\/?s={search_term_string}\"},\"query-input\":{\"@type\":\"PropertyValueSpecification\",\"valueRequired\":true,\"valueName\":\"search_term_string\"}}],\"inLanguage\":\"es\"},{\"@type\":\"Person\",\"@id\":\"http:\\\/\\\/gentedebasquet.com.ar\\\/sitio\\\/#\\\/schema\\\/person\\\/ca0b63bbb977369988a7bbbdc519943a\",\"name\":\"Gente de B\u00e1squet\",\"image\":{\"@type\":\"ImageObject\",\"inLanguage\":\"es\",\"@id\":\"https:\\\/\\\/secure.gravatar.com\\\/avatar\\\/7f2c48bdc33b30088f941fb6082e555f2874c98e20cb159d7b92b50eadfce793?s=96&d=mm&r=g\",\"url\":\"https:\\\/\\\/secure.gravatar.com\\\/avatar\\\/7f2c48bdc33b30088f941fb6082e555f2874c98e20cb159d7b92b50eadfce793?s=96&d=mm&r=g\",\"contentUrl\":\"https:\\\/\\\/secure.gravatar.com\\\/avatar\\\/7f2c48bdc33b30088f941fb6082e555f2874c98e20cb159d7b92b50eadfce793?s=96&d=mm&r=g\",\"caption\":\"Gente de B\u00e1squet\"},\"sameAs\":[\"http:\\\/\\\/gentedebasquet.com.ar\\\/sitio\"],\"url\":\"https:\\\/\\\/gentedebasquet.com.ar\\\/sitio\\\/author\\\/ulises\\\/\"}]}<\/script>\n<!-- \/ Yoast SEO plugin. -->","yoast_head_json":{"title":"Se cierra la FEMISUR 2013 - Gente de B\u00e1squet","robots":{"index":"index","follow":"follow","max-snippet":"max-snippet:-1","max-image-preview":"max-image-preview:large","max-video-preview":"max-video-preview:-1"},"canonical":"http:\/\/gentedebasquet.com.ar\/sitio\/2013\/11\/30\/se-cierra-la-femisur-2013\/","og_locale":"es_ES","og_type":"article","og_title":"Se cierra la FEMISUR 2013 - Gente de B\u00e1squet","og_description":"El pr\u00f3ximo fin de semana, s\u00e1bado 30 y domingo 1, en Bah\u00eda Blanca se jugaran los juegos finales de la Liga Femisur en todas sus categor\u00edas. En U15, U17 y Primera ya hay campe\u00f3n, aunque resta consagrarse un equipo en U13. Se enfrentar\u00e1n Independiente &#8211; San Mart\u00edn, 9 de Julio &#8211; Ferro y Barracas &#8211; [&hellip;]","og_url":"http:\/\/gentedebasquet.com.ar\/sitio\/2013\/11\/30\/se-cierra-la-femisur-2013\/","og_site_name":"Gente de B\u00e1squet","article_published_time":"2013-11-30T01:29:07+00:00","og_image":[{"width":300,"height":225,"url":"http:\/\/gentedebasquet.com.ar\/sitio\/wp-content\/uploads\/2013\/11\/Femisur.jpg","type":"image\/jpeg"}],"author":"Gente de B\u00e1squet","twitter_card":"summary_large_image","twitter_misc":{"Escrito por":"Gente de B\u00e1squet","Tiempo de lectura":"2 minutos"},"schema":{"@context":"https:\/\/schema.org","@graph":[{"@type":"Article","@id":"http:\/\/gentedebasquet.com.ar\/sitio\/2013\/11\/30\/se-cierra-la-femisur-2013\/#article","isPartOf":{"@id":"http:\/\/gentedebasquet.com.ar\/sitio\/2013\/11\/30\/se-cierra-la-femisur-2013\/"},"author":{"name":"Gente de B\u00e1squet","@id":"http:\/\/gentedebasquet.com.ar\/sitio\/#\/schema\/person\/ca0b63bbb977369988a7bbbdc519943a"},"headline":"Se cierra la FEMISUR 2013","datePublished":"2013-11-30T01:29:07+00:00","mainEntityOfPage":{"@id":"http:\/\/gentedebasquet.com.ar\/sitio\/2013\/11\/30\/se-cierra-la-femisur-2013\/"},"wordCount":432,"commentCount":0,"image":{"@id":"http:\/\/gentedebasquet.com.ar\/sitio\/2013\/11\/30\/se-cierra-la-femisur-2013\/#primaryimage"},"thumbnailUrl":"https:\/\/gentedebasquet.com.ar\/sitio\/wp-content\/uploads\/2013\/11\/Femisur.jpg","keywords":["9 de Julio","Barracas Central","independiente"],"articleSection":["Femenino"],"inLanguage":"es","potentialAction":[{"@type":"CommentAction","name":"Comment","target":["http:\/\/gentedebasquet.com.ar\/sitio\/2013\/11\/30\/se-cierra-la-femisur-2013\/#respond"]}]},{"@type":"WebPage","@id":"http:\/\/gentedebasquet.com.ar\/sitio\/2013\/11\/30\/se-cierra-la-femisur-2013\/","url":"http:\/\/gentedebasquet.com.ar\/sitio\/2013\/11\/30\/se-cierra-la-femisur-2013\/","name":"Se cierra la FEMISUR 2013 - Gente de B\u00e1squet","isPartOf":{"@id":"http:\/\/gentedebasquet.com.ar\/sitio\/#website"},"primaryImageOfPage":{"@id":"http:\/\/gentedebasquet.com.ar\/sitio\/2013\/11\/30\/se-cierra-la-femisur-2013\/#primaryimage"},"image":{"@id":"http:\/\/gentedebasquet.com.ar\/sitio\/2013\/11\/30\/se-cierra-la-femisur-2013\/#primaryimage"},"thumbnailUrl":"https:\/\/gentedebasquet.com.ar\/sitio\/wp-content\/uploads\/2013\/11\/Femisur.jpg","datePublished":"2013-11-30T01:29:07+00:00","author":{"@id":"http:\/\/gentedebasquet.com.ar\/sitio\/#\/schema\/person\/ca0b63bbb977369988a7bbbdc519943a"},"breadcrumb":{"@id":"http:\/\/gentedebasquet.com.ar\/sitio\/2013\/11\/30\/se-cierra-la-femisur-2013\/#breadcrumb"},"inLanguage":"es","potentialAction":[{"@type":"ReadAction","target":["http:\/\/gentedebasquet.com.ar\/sitio\/2013\/11\/30\/se-cierra-la-femisur-2013\/"]}]},{"@type":"ImageObject","inLanguage":"es","@id":"http:\/\/gentedebasquet.com.ar\/sitio\/2013\/11\/30\/se-cierra-la-femisur-2013\/#primaryimage","url":"https:\/\/gentedebasquet.com.ar\/sitio\/wp-content\/uploads\/2013\/11\/Femisur.jpg","contentUrl":"https:\/\/gentedebasquet.com.ar\/sitio\/wp-content\/uploads\/2013\/11\/Femisur.jpg","width":300,"height":225},{"@type":"BreadcrumbList","@id":"http:\/\/gentedebasquet.com.ar\/sitio\/2013\/11\/30\/se-cierra-la-femisur-2013\/#breadcrumb","itemListElement":[{"@type":"ListItem","position":1,"name":"Portada","item":"http:\/\/gentedebasquet.com.ar\/sitio\/"},{"@type":"ListItem","position":2,"name":"Se cierra la FEMISUR 2013"}]},{"@type":"WebSite","@id":"http:\/\/gentedebasquet.com.ar\/sitio\/#website","url":"http:\/\/gentedebasquet.com.ar\/sitio\/","name":"Gente de B\u00e1squet","description":"La revista del basquet de Bah\u00eda Blanca","potentialAction":[{"@type":"SearchAction","target":{"@type":"EntryPoint","urlTemplate":"http:\/\/gentedebasquet.com.ar\/sitio\/?s={search_term_string}"},"query-input":{"@type":"PropertyValueSpecification","valueRequired":true,"valueName":"search_term_string"}}],"inLanguage":"es"},{"@type":"Person","@id":"http:\/\/gentedebasquet.com.ar\/sitio\/#\/schema\/person\/ca0b63bbb977369988a7bbbdc519943a","name":"Gente de B\u00e1squet","image":{"@type":"ImageObject","inLanguage":"es","@id":"https:\/\/secure.gravatar.com\/avatar\/7f2c48bdc33b30088f941fb6082e555f2874c98e20cb159d7b92b50eadfce793?s=96&d=mm&r=g","url":"https:\/\/secure.gravatar.com\/avatar\/7f2c48bdc33b30088f941fb6082e555f2874c98e20cb159d7b92b50eadfce793?s=96&d=mm&r=g","contentUrl":"https:\/\/secure.gravatar.com\/avatar\/7f2c48bdc33b30088f941fb6082e555f2874c98e20cb159d7b92b50eadfce793?s=96&d=mm&r=g","caption":"Gente de B\u00e1squet"},"sameAs":["http:\/\/gentedebasquet.com.ar\/sitio"],"url":"https:\/\/gentedebasquet.com.ar\/sitio\/author\/ulises\/"}]}},"_links":{"self":[{"href":"https:\/\/gentedebasquet.com.ar\/sitio\/wp-json\/wp\/v2\/posts\/19884","targetHints":{"allow":["GET"]}}],"collection":[{"href":"https:\/\/gentedebasquet.com.ar\/sitio\/wp-json\/wp\/v2\/posts"}],"about":[{"href":"https:\/\/gentedebasquet.com.ar\/sitio\/wp-json\/wp\/v2\/types\/post"}],"author":[{"embeddable":true,"href":"https:\/\/gentedebasquet.com.ar\/sitio\/wp-json\/wp\/v2\/users\/1"}],"replies":[{"embeddable":true,"href":"https:\/\/gentedebasquet.com.ar\/sitio\/wp-json\/wp\/v2\/comments?post=19884"}],"version-history":[{"count":0,"href":"https:\/\/gentedebasquet.com.ar\/sitio\/wp-json\/wp\/v2\/posts\/19884\/revisions"}],"wp:featuredmedia":[{"embeddable":true,"href":"https:\/\/gentedebasquet.com.ar\/sitio\/wp-json\/wp\/v2\/media\/25581"}],"wp:attachment":[{"href":"https:\/\/gentedebasquet.com.ar\/sitio\/wp-json\/wp\/v2\/media?parent=19884"}],"wp:term":[{"taxonomy":"category","embeddable":true,"href":"https:\/\/gentedebasquet.com.ar\/sitio\/wp-json\/wp\/v2\/categories?post=19884"},{"taxonomy":"post_tag","embeddable":true,"href":"https:\/\/gentedebasquet.com.ar\/sitio\/wp-json\/wp\/v2\/tags?post=19884"}],"curies":[{"name":"wp","href":"https:\/\/api.w.org\/{rel}","templated":true}]}}