{"id":20024,"date":"2013-12-01T00:05:37","date_gmt":"2013-12-01T00:05:37","guid":{"rendered":"http:\/\/www.gentedebasquet.com.ar\/?p=20024"},"modified":"2013-12-01T00:05:37","modified_gmt":"2013-12-01T00:05:37","slug":"un-gran-campeon","status":"publish","type":"post","link":"https:\/\/gentedebasquet.com.ar\/sitio\/2013\/12\/01\/un-gran-campeon\/","title":{"rendered":"Un gran campe\u00f3n"},"content":{"rendered":"<p><strong>Pac\u00edfico se coron\u00f3 campe\u00f3n en U13 al barrer en la final 2 a 0 a Napost\u00e1 y terminar la temporada con un record de 27-2. En un electrizante 2do juego, el \u201cverde\u201d tuvo que transpirar (y no por el calor) para vencer a un duro rival, que la pele\u00f3 hasta el final. \u00a0En el conjunto ganador se destacaron Marini con 28 unidades y 9 rebotes y Walter con 24 y \u00a117 recobres! Por el lado del subcampe\u00f3n Sebasti\u00e1n tuvo una gran tarea en ofensiva aportando 27 puntos con 10\/12 en T2, adem\u00e1s sobresali\u00f3 la actuaci\u00f3n de Fern\u00e1ndez con 17 puntos (12 en el tercer cuarto).<\/strong><\/p>\n<p>El partido comenzaba parejo, con mucha efectividad e intensidad. El local apostaba a las penetraciones de Abraham y el visitante a la altura y la potencia de Walter debajo del aro para anotar y bajar rebotes ofensivos. As\u00ed en mitad del cuarto el conjunto dirigido por Mart\u00edn pod\u00eda sacar una peque\u00f1a luz de ventaja y ponerse al frente 8 a 4. Sin embargo entre Abraham y Alcal\u00e1 se las arreglaban para sumar y no dejar que el \u201cverde\u201d se escapara. Pero la figura de Walter comenzaba a crecer cada vez m\u00e1s y aportaba 10 puntos para llegar al final del cuarto 22 a 13 arriba.<\/p>\n<p>En el segundo periodo los de Macaya comenzaban mucho mejor que su rival, con un parcial de 5 a 0 intentaban la remontada entre Sebasti\u00e1n y Rodr\u00edguez. Pero Pacifico se despertaba de la mano de \u00c1lvarez y Marini y a falta de 5\u201939\u201d para el descanso largo el tanteador segu\u00eda favorable al visitante 29 a 22. Sin embargo se volv\u00edan a relajar y Napost\u00e1 apostaba a ataques r\u00e1pidos o al uno contra uno de Rodr\u00edguez o Sebasti\u00e1n y as\u00ed lograban empatar el juego en 36 a falta de 1\u201920\u201d precisamente cuando los \u00e1rbitros le debieron pitar la cuarta falta a Marini, por infracci\u00f3n sobre Sebasti\u00e1n, pero se la dieron a Aguilar que estaba unos metros alejados de la jugada. Napost\u00e1 que hab\u00eda hecho el desgaste se quedaba y Pacifico volv\u00eda a estirar la diferencia entre Marini y \u00c1lvarez para cerrar el primer tiempo 44 a 37.<\/p>\n<p>Napost\u00e1 era una tromba en el comienzo del tercer parcial. Un gran trabajo de Fern\u00e1ndez encestando desde larga distancia y buenas penetraciones, m\u00e1s la buena tarea defensiva de Rodr\u00edguez sobre Walter y el aporte constante de Sebasti\u00e1n, le permit\u00edan a Napo empatar el juego en 48 a falta de 5\u2019 y con dos dobles consecutivos de Fern\u00e1ndez pasar al frente por segunda vez en la tarde. A partir de ah\u00ed hasta el final del cuarto fueron gol a gol. En el \u201cverde\u201d que se hab\u00eda quedado un poco en el juego, se agigantaba la figura de \u00c1lvarez (12 en el cuarto) que daba la cara por su equipo y en Napo se segu\u00edan repartiendo el goleo. Y al arribar al \u00faltimo descanso era el local el que ganaba 64 a 60.<\/p>\n<p>Pero en el cuarto final aparec\u00eda Marini en su m\u00e1xima expresi\u00f3n y con 9 puntos en 3\u201927\u201d volv\u00eda a poner a su equipo al frente en el tanteador 69 a 67. Rodr\u00edguez que hab\u00eda controlado bien en la pintura a Walter, no pod\u00eda detener a Marini que segu\u00eda sumando y estirando la diferencia. Sin embargo Sebasti\u00e1n daba la cara por un sorprendido Napost\u00e1 que no encontraba respuestas ni en ofensiva ni en defensa. Pero el partido se comenzaba a definir, \u00c1lvarez tomaba tiros apresurados en el local y entre Marini y Walter empezaban a sellar el partido y el t\u00edtulo para Pac\u00edfico, que termin\u00f3 ganando 84 a 76 y tuvo que transpirar para vencer a un digno y duro rival, y coron\u00f3 una gran temporada donde gan\u00f3 27 juegos y perdi\u00f3 tan solo 2.<\/p>\n<p><span style=\"color: #ffcc99;\">.<\/span><\/p>\n<p><span style=\"text-decoration: underline;\"><em><strong>S\u00edntesis:<\/strong><\/em><\/span><\/p>\n<p><strong>Napost\u00e1 76:<\/strong><\/p>\n<p>Iniciales: Rodr\u00edguez, Dami\u00e1n (0); Alcal\u00e1, Joaqu\u00edn (4); Abraham, Juan (13); Alconcher, Juli\u00e1n (0); Rueda, Manuel (2)<\/p>\n<p>Ingresaron: Sebasti\u00e1n, Tom\u00e1s (27); Fern\u00e1ndez, Mateo (17); Morelli, Tom\u00e1s (2); Carduz, Facundo (0); Rodr\u00edguez, Tom\u00e1s (11)<\/p>\n<p>DT: Macaya, Mart\u00edn<\/p>\n<p><strong>Pac\u00edfico 84:<\/strong><\/p>\n<p>Iniciales:<strong> <\/strong>Fern\u00e1ndez, Joaqu\u00edn (2); De Batista, Daniel (2); Walter, Esteban (24); S\u00e1nchez, Agust\u00edn (0); Schestel, Juan (0)<\/p>\n<p>Ingresaron: \u00c1lvarez, Leonel (18); Dom\u00ednguez, Baltasar (2); Marini, Juan (28); Aguilar, Tom\u00e1s (0); Villar, Valentino (0); Gonz\u00e1lez, Germ\u00e1n (4)<\/p>\n<p>DT:\u00a0Luis, Mart\u00edn<\/p>\n<p>&nbsp;<\/p>\n<p><strong>Cuartos:<\/strong> 13-22; (24-22) 37-44; (27-16) 64-60; (12-24)<\/p>\n<p><strong>\u00c1rbitros:<\/strong> Paulette-Daghetta-Montenegro<\/p>\n<p><strong>Estadio:<\/strong> Antonio Palma<\/p>\n<p><strong>Serie:<\/strong> 2-0 Pac\u00edfico (campe\u00f3n)<\/p>\n<p><a class=\"modalfiframe\" title=\"Planilla\" href=\"https:\/\/docs.google.com\/spreadsheet\/pub?key=0ApvEEwl0g9-EdFNhbmktc1h5NVE4dGZoc0tSREZrd2c&amp;output=html\" target=\"_blank\" rel=\"noopener\">Ver Planil<\/a>la<\/p>\n<p><span style=\"color: #ffcc99;\">.<\/span><\/p>\n<p><strong>NAPOST\u00c1<\/strong><\/p>\n<p><strong><\/strong><a href=\"http:\/\/www.gentedebasquet.com.ar\/wp-content\/uploads\/2013\/11\/IMG_7865-copia.jpg\"><img decoding=\"async\" class=\"alignnone size-full wp-image-20026\" alt=\"\" src=\"http:\/\/www.gentedebasquet.com.ar\/wp-content\/uploads\/2013\/11\/IMG_7865-copia.jpg\" width=\"448\" height=\"336\" \/><\/a><\/p>\n<p><strong>PACIFICO\u00a0<\/strong><\/p>\n<p><a href=\"http:\/\/www.gentedebasquet.com.ar\/wp-content\/uploads\/2013\/11\/IMG_7867-copia.jpg\"><img decoding=\"async\" class=\"alignnone size-full wp-image-20027\" alt=\"\" src=\"http:\/\/www.gentedebasquet.com.ar\/wp-content\/uploads\/2013\/11\/IMG_7867-copia.jpg\" width=\"448\" height=\"336\" \/><\/a><\/p>\n<p>M\u00e1s fotos en el siguiente <a href=\"https:\/\/www.facebook.com\/gentede.basquet\/media_set?set=a.545425468876438.1073741874.100002269702478&amp;type=1\" target=\"_blank\" rel=\"noopener\">enlace<\/a>. Y todas las im\u00e1genes el pr\u00f3ximo domingo en <em><strong>GENTE DE B\u00c1SQUET TV<\/strong><\/em>, por Canal 9.<\/p>\n","protected":false},"excerpt":{"rendered":"<p>Pac\u00edfico se coron\u00f3 campe\u00f3n en U13 al barrer en la final 2 a 0 a Napost\u00e1<\/p>\n","protected":false},"author":20,"featured_media":26781,"comment_status":"open","ping_status":"open","sticky":false,"template":"","format":"standard","meta":{"jnews-multi-image_gallery":[],"jnews_single_post":[],"jnews_primary_category":[],"footnotes":""},"categories":[41],"tags":[15,17],"class_list":["post-20024","post","type-post","status-publish","format-standard","has-post-thumbnail","hentry","category-u13","tag-naposta","tag-pacifico"],"yoast_head":"<!-- This site is optimized with the Yoast SEO plugin v27.5 - https:\/\/yoast.com\/product\/yoast-seo-wordpress\/ -->\n<title>Un gran campe\u00f3n - Gente de B\u00e1squet<\/title>\n<meta name=\"robots\" content=\"index, follow, max-snippet:-1, max-image-preview:large, max-video-preview:-1\" \/>\n<link rel=\"canonical\" href=\"http:\/\/gentedebasquet.com.ar\/sitio\/2013\/12\/01\/un-gran-campeon\/\" \/>\n<meta property=\"og:locale\" content=\"es_ES\" \/>\n<meta property=\"og:type\" content=\"article\" \/>\n<meta property=\"og:title\" content=\"Un gran campe\u00f3n - Gente de B\u00e1squet\" \/>\n<meta property=\"og:description\" content=\"Pac\u00edfico se coron\u00f3 campe\u00f3n en U13 al barrer en la final 2 a 0 a Napost\u00e1\" \/>\n<meta property=\"og:url\" content=\"http:\/\/gentedebasquet.com.ar\/sitio\/2013\/12\/01\/un-gran-campeon\/\" \/>\n<meta property=\"og:site_name\" content=\"Gente de B\u00e1squet\" \/>\n<meta property=\"article:published_time\" content=\"2013-12-01T00:05:37+00:00\" \/>\n<meta property=\"og:image\" content=\"http:\/\/gentedebasquet.com.ar\/sitio\/wp-content\/uploads\/2013\/11\/Pacifico-Naposta-U13.jpg\" \/>\n\t<meta property=\"og:image:width\" content=\"300\" \/>\n\t<meta property=\"og:image:height\" content=\"211\" \/>\n\t<meta property=\"og:image:type\" content=\"image\/jpeg\" \/>\n<meta name=\"author\" content=\"Mart\u00edn G\u00e1lvez\" \/>\n<meta name=\"twitter:card\" content=\"summary_large_image\" \/>\n<meta name=\"twitter:label1\" content=\"Escrito por\" \/>\n\t<meta name=\"twitter:data1\" content=\"Mart\u00edn G\u00e1lvez\" \/>\n\t<meta name=\"twitter:label2\" content=\"Tiempo de lectura\" \/>\n\t<meta name=\"twitter:data2\" content=\"4 minutos\" \/>\n<script type=\"application\/ld+json\" class=\"yoast-schema-graph\">{\"@context\":\"https:\\\/\\\/schema.org\",\"@graph\":[{\"@type\":\"Article\",\"@id\":\"http:\\\/\\\/gentedebasquet.com.ar\\\/sitio\\\/2013\\\/12\\\/01\\\/un-gran-campeon\\\/#article\",\"isPartOf\":{\"@id\":\"http:\\\/\\\/gentedebasquet.com.ar\\\/sitio\\\/2013\\\/12\\\/01\\\/un-gran-campeon\\\/\"},\"author\":{\"name\":\"Mart\u00edn G\u00e1lvez\",\"@id\":\"http:\\\/\\\/gentedebasquet.com.ar\\\/sitio\\\/#\\\/schema\\\/person\\\/70c6ceecdb09661a9df6c0cd22daea9c\"},\"headline\":\"Un gran campe\u00f3n\",\"datePublished\":\"2013-12-01T00:05:37+00:00\",\"mainEntityOfPage\":{\"@id\":\"http:\\\/\\\/gentedebasquet.com.ar\\\/sitio\\\/2013\\\/12\\\/01\\\/un-gran-campeon\\\/\"},\"wordCount\":754,\"commentCount\":0,\"image\":{\"@id\":\"http:\\\/\\\/gentedebasquet.com.ar\\\/sitio\\\/2013\\\/12\\\/01\\\/un-gran-campeon\\\/#primaryimage\"},\"thumbnailUrl\":\"https:\\\/\\\/gentedebasquet.com.ar\\\/sitio\\\/wp-content\\\/uploads\\\/2013\\\/11\\\/Pacifico-Naposta-U13.jpg\",\"keywords\":[\"Naposta\",\"Pacifico\"],\"articleSection\":[\"U13\"],\"inLanguage\":\"es\",\"potentialAction\":[{\"@type\":\"CommentAction\",\"name\":\"Comment\",\"target\":[\"http:\\\/\\\/gentedebasquet.com.ar\\\/sitio\\\/2013\\\/12\\\/01\\\/un-gran-campeon\\\/#respond\"]}]},{\"@type\":\"WebPage\",\"@id\":\"http:\\\/\\\/gentedebasquet.com.ar\\\/sitio\\\/2013\\\/12\\\/01\\\/un-gran-campeon\\\/\",\"url\":\"http:\\\/\\\/gentedebasquet.com.ar\\\/sitio\\\/2013\\\/12\\\/01\\\/un-gran-campeon\\\/\",\"name\":\"Un gran campe\u00f3n - Gente de B\u00e1squet\",\"isPartOf\":{\"@id\":\"http:\\\/\\\/gentedebasquet.com.ar\\\/sitio\\\/#website\"},\"primaryImageOfPage\":{\"@id\":\"http:\\\/\\\/gentedebasquet.com.ar\\\/sitio\\\/2013\\\/12\\\/01\\\/un-gran-campeon\\\/#primaryimage\"},\"image\":{\"@id\":\"http:\\\/\\\/gentedebasquet.com.ar\\\/sitio\\\/2013\\\/12\\\/01\\\/un-gran-campeon\\\/#primaryimage\"},\"thumbnailUrl\":\"https:\\\/\\\/gentedebasquet.com.ar\\\/sitio\\\/wp-content\\\/uploads\\\/2013\\\/11\\\/Pacifico-Naposta-U13.jpg\",\"datePublished\":\"2013-12-01T00:05:37+00:00\",\"author\":{\"@id\":\"http:\\\/\\\/gentedebasquet.com.ar\\\/sitio\\\/#\\\/schema\\\/person\\\/70c6ceecdb09661a9df6c0cd22daea9c\"},\"breadcrumb\":{\"@id\":\"http:\\\/\\\/gentedebasquet.com.ar\\\/sitio\\\/2013\\\/12\\\/01\\\/un-gran-campeon\\\/#breadcrumb\"},\"inLanguage\":\"es\",\"potentialAction\":[{\"@type\":\"ReadAction\",\"target\":[\"http:\\\/\\\/gentedebasquet.com.ar\\\/sitio\\\/2013\\\/12\\\/01\\\/un-gran-campeon\\\/\"]}]},{\"@type\":\"ImageObject\",\"inLanguage\":\"es\",\"@id\":\"http:\\\/\\\/gentedebasquet.com.ar\\\/sitio\\\/2013\\\/12\\\/01\\\/un-gran-campeon\\\/#primaryimage\",\"url\":\"https:\\\/\\\/gentedebasquet.com.ar\\\/sitio\\\/wp-content\\\/uploads\\\/2013\\\/11\\\/Pacifico-Naposta-U13.jpg\",\"contentUrl\":\"https:\\\/\\\/gentedebasquet.com.ar\\\/sitio\\\/wp-content\\\/uploads\\\/2013\\\/11\\\/Pacifico-Naposta-U13.jpg\",\"width\":300,\"height\":211},{\"@type\":\"BreadcrumbList\",\"@id\":\"http:\\\/\\\/gentedebasquet.com.ar\\\/sitio\\\/2013\\\/12\\\/01\\\/un-gran-campeon\\\/#breadcrumb\",\"itemListElement\":[{\"@type\":\"ListItem\",\"position\":1,\"name\":\"Portada\",\"item\":\"http:\\\/\\\/gentedebasquet.com.ar\\\/sitio\\\/\"},{\"@type\":\"ListItem\",\"position\":2,\"name\":\"Un gran campe\u00f3n\"}]},{\"@type\":\"WebSite\",\"@id\":\"http:\\\/\\\/gentedebasquet.com.ar\\\/sitio\\\/#website\",\"url\":\"http:\\\/\\\/gentedebasquet.com.ar\\\/sitio\\\/\",\"name\":\"Gente de B\u00e1squet\",\"description\":\"La revista del basquet de Bah\u00eda Blanca\",\"potentialAction\":[{\"@type\":\"SearchAction\",\"target\":{\"@type\":\"EntryPoint\",\"urlTemplate\":\"http:\\\/\\\/gentedebasquet.com.ar\\\/sitio\\\/?s={search_term_string}\"},\"query-input\":{\"@type\":\"PropertyValueSpecification\",\"valueRequired\":true,\"valueName\":\"search_term_string\"}}],\"inLanguage\":\"es\"},{\"@type\":\"Person\",\"@id\":\"http:\\\/\\\/gentedebasquet.com.ar\\\/sitio\\\/#\\\/schema\\\/person\\\/70c6ceecdb09661a9df6c0cd22daea9c\",\"name\":\"Mart\u00edn G\u00e1lvez\",\"image\":{\"@type\":\"ImageObject\",\"inLanguage\":\"es\",\"@id\":\"https:\\\/\\\/secure.gravatar.com\\\/avatar\\\/83a4534d8b31b619352782aac0aab486a3370a6ff6389c567bb43e890f626a46?s=96&d=mm&r=g\",\"url\":\"https:\\\/\\\/secure.gravatar.com\\\/avatar\\\/83a4534d8b31b619352782aac0aab486a3370a6ff6389c567bb43e890f626a46?s=96&d=mm&r=g\",\"contentUrl\":\"https:\\\/\\\/secure.gravatar.com\\\/avatar\\\/83a4534d8b31b619352782aac0aab486a3370a6ff6389c567bb43e890f626a46?s=96&d=mm&r=g\",\"caption\":\"Mart\u00edn G\u00e1lvez\"},\"url\":\"https:\\\/\\\/gentedebasquet.com.ar\\\/sitio\\\/author\\\/martin-galvez\\\/\"}]}<\/script>\n<!-- \/ Yoast SEO plugin. -->","yoast_head_json":{"title":"Un gran campe\u00f3n - Gente de B\u00e1squet","robots":{"index":"index","follow":"follow","max-snippet":"max-snippet:-1","max-image-preview":"max-image-preview:large","max-video-preview":"max-video-preview:-1"},"canonical":"http:\/\/gentedebasquet.com.ar\/sitio\/2013\/12\/01\/un-gran-campeon\/","og_locale":"es_ES","og_type":"article","og_title":"Un gran campe\u00f3n - Gente de B\u00e1squet","og_description":"Pac\u00edfico se coron\u00f3 campe\u00f3n en U13 al barrer en la final 2 a 0 a Napost\u00e1","og_url":"http:\/\/gentedebasquet.com.ar\/sitio\/2013\/12\/01\/un-gran-campeon\/","og_site_name":"Gente de B\u00e1squet","article_published_time":"2013-12-01T00:05:37+00:00","og_image":[{"width":300,"height":211,"url":"http:\/\/gentedebasquet.com.ar\/sitio\/wp-content\/uploads\/2013\/11\/Pacifico-Naposta-U13.jpg","type":"image\/jpeg"}],"author":"Mart\u00edn G\u00e1lvez","twitter_card":"summary_large_image","twitter_misc":{"Escrito por":"Mart\u00edn G\u00e1lvez","Tiempo de lectura":"4 minutos"},"schema":{"@context":"https:\/\/schema.org","@graph":[{"@type":"Article","@id":"http:\/\/gentedebasquet.com.ar\/sitio\/2013\/12\/01\/un-gran-campeon\/#article","isPartOf":{"@id":"http:\/\/gentedebasquet.com.ar\/sitio\/2013\/12\/01\/un-gran-campeon\/"},"author":{"name":"Mart\u00edn G\u00e1lvez","@id":"http:\/\/gentedebasquet.com.ar\/sitio\/#\/schema\/person\/70c6ceecdb09661a9df6c0cd22daea9c"},"headline":"Un gran campe\u00f3n","datePublished":"2013-12-01T00:05:37+00:00","mainEntityOfPage":{"@id":"http:\/\/gentedebasquet.com.ar\/sitio\/2013\/12\/01\/un-gran-campeon\/"},"wordCount":754,"commentCount":0,"image":{"@id":"http:\/\/gentedebasquet.com.ar\/sitio\/2013\/12\/01\/un-gran-campeon\/#primaryimage"},"thumbnailUrl":"https:\/\/gentedebasquet.com.ar\/sitio\/wp-content\/uploads\/2013\/11\/Pacifico-Naposta-U13.jpg","keywords":["Naposta","Pacifico"],"articleSection":["U13"],"inLanguage":"es","potentialAction":[{"@type":"CommentAction","name":"Comment","target":["http:\/\/gentedebasquet.com.ar\/sitio\/2013\/12\/01\/un-gran-campeon\/#respond"]}]},{"@type":"WebPage","@id":"http:\/\/gentedebasquet.com.ar\/sitio\/2013\/12\/01\/un-gran-campeon\/","url":"http:\/\/gentedebasquet.com.ar\/sitio\/2013\/12\/01\/un-gran-campeon\/","name":"Un gran campe\u00f3n - Gente de B\u00e1squet","isPartOf":{"@id":"http:\/\/gentedebasquet.com.ar\/sitio\/#website"},"primaryImageOfPage":{"@id":"http:\/\/gentedebasquet.com.ar\/sitio\/2013\/12\/01\/un-gran-campeon\/#primaryimage"},"image":{"@id":"http:\/\/gentedebasquet.com.ar\/sitio\/2013\/12\/01\/un-gran-campeon\/#primaryimage"},"thumbnailUrl":"https:\/\/gentedebasquet.com.ar\/sitio\/wp-content\/uploads\/2013\/11\/Pacifico-Naposta-U13.jpg","datePublished":"2013-12-01T00:05:37+00:00","author":{"@id":"http:\/\/gentedebasquet.com.ar\/sitio\/#\/schema\/person\/70c6ceecdb09661a9df6c0cd22daea9c"},"breadcrumb":{"@id":"http:\/\/gentedebasquet.com.ar\/sitio\/2013\/12\/01\/un-gran-campeon\/#breadcrumb"},"inLanguage":"es","potentialAction":[{"@type":"ReadAction","target":["http:\/\/gentedebasquet.com.ar\/sitio\/2013\/12\/01\/un-gran-campeon\/"]}]},{"@type":"ImageObject","inLanguage":"es","@id":"http:\/\/gentedebasquet.com.ar\/sitio\/2013\/12\/01\/un-gran-campeon\/#primaryimage","url":"https:\/\/gentedebasquet.com.ar\/sitio\/wp-content\/uploads\/2013\/11\/Pacifico-Naposta-U13.jpg","contentUrl":"https:\/\/gentedebasquet.com.ar\/sitio\/wp-content\/uploads\/2013\/11\/Pacifico-Naposta-U13.jpg","width":300,"height":211},{"@type":"BreadcrumbList","@id":"http:\/\/gentedebasquet.com.ar\/sitio\/2013\/12\/01\/un-gran-campeon\/#breadcrumb","itemListElement":[{"@type":"ListItem","position":1,"name":"Portada","item":"http:\/\/gentedebasquet.com.ar\/sitio\/"},{"@type":"ListItem","position":2,"name":"Un gran campe\u00f3n"}]},{"@type":"WebSite","@id":"http:\/\/gentedebasquet.com.ar\/sitio\/#website","url":"http:\/\/gentedebasquet.com.ar\/sitio\/","name":"Gente de B\u00e1squet","description":"La revista del basquet de Bah\u00eda Blanca","potentialAction":[{"@type":"SearchAction","target":{"@type":"EntryPoint","urlTemplate":"http:\/\/gentedebasquet.com.ar\/sitio\/?s={search_term_string}"},"query-input":{"@type":"PropertyValueSpecification","valueRequired":true,"valueName":"search_term_string"}}],"inLanguage":"es"},{"@type":"Person","@id":"http:\/\/gentedebasquet.com.ar\/sitio\/#\/schema\/person\/70c6ceecdb09661a9df6c0cd22daea9c","name":"Mart\u00edn G\u00e1lvez","image":{"@type":"ImageObject","inLanguage":"es","@id":"https:\/\/secure.gravatar.com\/avatar\/83a4534d8b31b619352782aac0aab486a3370a6ff6389c567bb43e890f626a46?s=96&d=mm&r=g","url":"https:\/\/secure.gravatar.com\/avatar\/83a4534d8b31b619352782aac0aab486a3370a6ff6389c567bb43e890f626a46?s=96&d=mm&r=g","contentUrl":"https:\/\/secure.gravatar.com\/avatar\/83a4534d8b31b619352782aac0aab486a3370a6ff6389c567bb43e890f626a46?s=96&d=mm&r=g","caption":"Mart\u00edn G\u00e1lvez"},"url":"https:\/\/gentedebasquet.com.ar\/sitio\/author\/martin-galvez\/"}]}},"_links":{"self":[{"href":"https:\/\/gentedebasquet.com.ar\/sitio\/wp-json\/wp\/v2\/posts\/20024","targetHints":{"allow":["GET"]}}],"collection":[{"href":"https:\/\/gentedebasquet.com.ar\/sitio\/wp-json\/wp\/v2\/posts"}],"about":[{"href":"https:\/\/gentedebasquet.com.ar\/sitio\/wp-json\/wp\/v2\/types\/post"}],"author":[{"embeddable":true,"href":"https:\/\/gentedebasquet.com.ar\/sitio\/wp-json\/wp\/v2\/users\/20"}],"replies":[{"embeddable":true,"href":"https:\/\/gentedebasquet.com.ar\/sitio\/wp-json\/wp\/v2\/comments?post=20024"}],"version-history":[{"count":0,"href":"https:\/\/gentedebasquet.com.ar\/sitio\/wp-json\/wp\/v2\/posts\/20024\/revisions"}],"wp:featuredmedia":[{"embeddable":true,"href":"https:\/\/gentedebasquet.com.ar\/sitio\/wp-json\/wp\/v2\/media\/26781"}],"wp:attachment":[{"href":"https:\/\/gentedebasquet.com.ar\/sitio\/wp-json\/wp\/v2\/media?parent=20024"}],"wp:term":[{"taxonomy":"category","embeddable":true,"href":"https:\/\/gentedebasquet.com.ar\/sitio\/wp-json\/wp\/v2\/categories?post=20024"},{"taxonomy":"post_tag","embeddable":true,"href":"https:\/\/gentedebasquet.com.ar\/sitio\/wp-json\/wp\/v2\/tags?post=20024"}],"curies":[{"name":"wp","href":"https:\/\/api.w.org\/{rel}","templated":true}]}}