{"id":20049,"date":"2013-11-30T22:05:32","date_gmt":"2013-11-30T22:05:32","guid":{"rendered":"http:\/\/www.gentedebasquet.com.ar\/?p=20049"},"modified":"2013-11-30T22:05:32","modified_gmt":"2013-11-30T22:05:32","slug":"a-pesar-de-los-problemas","status":"publish","type":"post","link":"https:\/\/gentedebasquet.com.ar\/sitio\/2013\/11\/30\/a-pesar-de-los-problemas\/","title":{"rendered":"A pesar de los problemas"},"content":{"rendered":"<p><a href=\"http:\/\/www.gentedebasquet.com.ar\/wp-content\/uploads\/2013\/12\/P1060678.jpg\"><img decoding=\"async\" class=\"alignnone size-full wp-image-20050\" src=\"http:\/\/www.gentedebasquet.com.ar\/wp-content\/uploads\/2013\/12\/P1060678.jpg\" alt=\"\" width=\"448\" height=\"336\" \/><\/a><strong><em>Estudiantes se qued\u00f3 con el primer juego de las finales de infantiles bis, luego de imponerse, como visitante, sobre El Nacional por 71 a 64. El cotejo, se vio interrumpido en m\u00e1s de una ocasi\u00f3n por conflictos con el tanteador y por la tierra que ingresaba desde los portones. El goleador fue Iv\u00e1n Catani con 24 puntos y 25 rebotes. En el local no fueron suficientes las 24 unidades de Santiago.<\/em><\/strong><\/p>\n<p><!--more--><\/p>\n<p>Los primeros cinco minutos de juego se mantuvieron muy parejos. M\u00e1s all\u00e1 de esto el goleo no era muy abultado (5-4). El Nacional volcaba su juego en Santiago, quien anotaba los primeros ocho puntos de su equipo. Estudiantes, por su parte, ten\u00eda inconvenientes con las faltas, marcando 11 en el cuarto y Maggi alcanzando la cuarta personal. Con una actuaci\u00f3n descomunal de Santiago (21 puntos), el local ganaba 24-18.<\/p>\n<p>El comienzo del segundo per\u00edodo se retrasaba debido a la tierra que ingresaba al estadio. Antes del inicio del cotejo y durante el cuarto anterior, tambi\u00e9n hubo demoras por conflictos con el tanteador. Igualmente el cotejo segu\u00eda y Estudiantes aprovechaba un buen pasaje de Catani (5) para acercarse en el tanteador, m\u00e1s all\u00e1 de la poca eficacia en tiros. Administrando mejor la bola y manteniendo distancias, los de blanco iban al descanso ganando 41 a 36.<\/p>\n<p>En el segundo tiempo, el bajo goleo segu\u00eda siendo el protagonista del juego. Estudiantes se aferraba a un parcial de 6 a 0 en 6:41 para pasar al frente por una unidad (41-42). La paridad se mantuvo hasta el final del per\u00edodo, aunque en el rubro de las faltas, la visita se complicaba hacia el \u00faltimo chico. Matz, Altamira y Maggi ya acumulaban cuatro infracciones con 10 minutos por jugar.<\/p>\n<p>En el \u00faltimo cuarto, el visitante perd\u00eda a Matz y a Mu\u00f1oz r\u00e1pidamente, por alcanzar sus quintas faltas. Igualmente, el desarrollo del juego segu\u00eda siendo muy parejo. Por otro lado, la ineficacia abundaba y ninguno ten\u00eda la punter\u00eda necesaria para poder convertir. A falta de un minuto y medio, el albo lograba una ventaja de 8 unidades con 3 dobles al hilo de Catani, permitiendo a su equipo hacer la diferencia. Estirando las posesiones y anotando desde la l\u00ednea de libres, Estudiantes se adjudic\u00f3 el primer partido de la final por 71 a 64.<\/p>\n<p><em><strong>S\u00edntesis:<\/strong><\/em><\/p>\n<p><strong>El Nacional (64):<\/strong><\/p>\n<p>Iniciales: Campa\u00f1a, T (0); Ciminari, L (5); Santiago, R (24); Solba, P (2); Sabattini, F (2).<\/p>\n<p>Ingresaron: Ferrari, F (15); Rodriguez, J (3); Iraizoz, J (6); Salce, F (0); Busacca, G (7).<\/p>\n<p>DT: Neyra, M.<\/p>\n<p>&nbsp;<\/p>\n<p><strong>Estudiantes (71):<\/strong><\/p>\n<p>Iniciales: Trespando, L (0); Ruiz, L (16); Holman, A (5); Altamira, N (5); Maggi, F (2).<\/p>\n<p>Ingresaron: Ondona, S (0); Herrero, M (14); Matz, F (2); Mu\u00f1oz, N (2); Catani, I (24); Leyton, T (1).<\/p>\n<p>DT: Piccinini, F.<\/p>\n<p>&nbsp;<\/p>\n<p><strong>Cuartos:\u00a0<\/strong>24-18; 41-36; 54-53; 64-71.<\/p>\n<p><strong>5 Faltas:\u00a0<\/strong>Ferrari, F (EN); Matz, F (E); Mu\u00f1oz, N (E); Catani, I (E); Maggi, F (E).<\/p>\n<p><strong>\u00c1rbitros:<\/strong> Enrique, M; Daguetta, N; Guallan, M.<\/p>\n<p><strong>Estadio:\u00a0<\/strong>Hnos. Ciccioli.<\/p>\n<p><a class=\"modalf iframe\" title=\"Planilla\" href=\"https:\/\/docs.google.com\/spreadsheet\/pub?key=0ArevQRSRZGggdDQ0QUJoek9jek52YTEzeThNU2Rnd2c&amp;single=true&amp;gid=0&amp;output=html\">Ver Planilla<\/a><\/p>\n<p><strong>El Nacional:<\/strong><\/p>\n<p><a href=\"http:\/\/www.gentedebasquet.com.ar\/wp-content\/uploads\/2013\/12\/P1060673.jpg\"><img decoding=\"async\" class=\"alignnone size-full wp-image-20051\" src=\"http:\/\/www.gentedebasquet.com.ar\/wp-content\/uploads\/2013\/12\/P1060673.jpg\" alt=\"\" width=\"448\" height=\"336\" \/><\/a><\/p>\n<p>&nbsp;<\/p>\n<p><strong>Estudiantes:<\/strong><\/p>\n<p><strong><\/strong><a href=\"http:\/\/www.gentedebasquet.com.ar\/wp-content\/uploads\/2013\/12\/P1060672.jpg\"><img decoding=\"async\" class=\"alignnone size-full wp-image-20052\" src=\"http:\/\/www.gentedebasquet.com.ar\/wp-content\/uploads\/2013\/12\/P1060672.jpg\" alt=\"\" width=\"448\" height=\"336\" \/><\/a><\/p>\n<p>&nbsp;<\/p>\n<p><strong>\u00c1rbitros:<\/strong><\/p>\n<p><a href=\"http:\/\/www.gentedebasquet.com.ar\/wp-content\/uploads\/2013\/12\/P1060674.jpg\"><img decoding=\"async\" class=\"alignnone size-full wp-image-20053\" src=\"http:\/\/www.gentedebasquet.com.ar\/wp-content\/uploads\/2013\/12\/P1060674.jpg\" alt=\"\" width=\"448\" height=\"336\" \/><\/a><\/p>\n","protected":false},"excerpt":{"rendered":"<p>Estudiantes se qued\u00f3 con el primer juego de las finales de infantiles bis, luego de imponerse, como visitante, sobre El Nacional por 71 a 64. El cotejo, se vio interrumpido en m\u00e1s de una ocasi\u00f3n por conflictos con el tanteador y por la tierra que ingresaba desde los portones. El goleador fue Iv\u00e1n Catani con [&hellip;]<\/p>\n","protected":false},"author":12,"featured_media":0,"comment_status":"open","ping_status":"open","sticky":false,"template":"","format":"standard","meta":{"jnews-multi-image_gallery":[],"jnews_single_post":[],"jnews_primary_category":[],"footnotes":""},"categories":[27],"tags":[9,11],"class_list":["post-20049","post","type-post","status-publish","format-standard","hentry","category-u15","tag-el-nacional","tag-estudiantes"],"yoast_head":"<!-- This site is optimized with the Yoast SEO plugin v27.5 - https:\/\/yoast.com\/product\/yoast-seo-wordpress\/ -->\n<title>A pesar de los problemas - Gente de B\u00e1squet<\/title>\n<meta name=\"robots\" content=\"index, follow, max-snippet:-1, max-image-preview:large, max-video-preview:-1\" \/>\n<link rel=\"canonical\" href=\"http:\/\/gentedebasquet.com.ar\/sitio\/2013\/11\/30\/a-pesar-de-los-problemas\/\" \/>\n<meta property=\"og:locale\" content=\"es_ES\" \/>\n<meta property=\"og:type\" content=\"article\" \/>\n<meta property=\"og:title\" content=\"A pesar de los problemas - Gente de B\u00e1squet\" \/>\n<meta property=\"og:description\" content=\"Estudiantes se qued\u00f3 con el primer juego de las finales de infantiles bis, luego de imponerse, como visitante, sobre El Nacional por 71 a 64. El cotejo, se vio interrumpido en m\u00e1s de una ocasi\u00f3n por conflictos con el tanteador y por la tierra que ingresaba desde los portones. El goleador fue Iv\u00e1n Catani con [&hellip;]\" \/>\n<meta property=\"og:url\" content=\"http:\/\/gentedebasquet.com.ar\/sitio\/2013\/11\/30\/a-pesar-de-los-problemas\/\" \/>\n<meta property=\"og:site_name\" content=\"Gente de B\u00e1squet\" \/>\n<meta property=\"article:published_time\" content=\"2013-11-30T22:05:32+00:00\" \/>\n<meta property=\"og:image\" content=\"http:\/\/www.gentedebasquet.com.ar\/wp-content\/uploads\/2013\/12\/P1060678.jpg\" \/>\n<meta name=\"author\" content=\"Gast\u00f3n Acosta\" \/>\n<meta name=\"twitter:card\" content=\"summary_large_image\" \/>\n<meta name=\"twitter:label1\" content=\"Escrito por\" \/>\n\t<meta name=\"twitter:data1\" content=\"Gast\u00f3n Acosta\" \/>\n\t<meta name=\"twitter:label2\" content=\"Tiempo de lectura\" \/>\n\t<meta name=\"twitter:data2\" content=\"2 minutos\" \/>\n<script type=\"application\/ld+json\" class=\"yoast-schema-graph\">{\"@context\":\"https:\\\/\\\/schema.org\",\"@graph\":[{\"@type\":\"Article\",\"@id\":\"http:\\\/\\\/gentedebasquet.com.ar\\\/sitio\\\/2013\\\/11\\\/30\\\/a-pesar-de-los-problemas\\\/#article\",\"isPartOf\":{\"@id\":\"http:\\\/\\\/gentedebasquet.com.ar\\\/sitio\\\/2013\\\/11\\\/30\\\/a-pesar-de-los-problemas\\\/\"},\"author\":{\"name\":\"Gast\u00f3n Acosta\",\"@id\":\"http:\\\/\\\/gentedebasquet.com.ar\\\/sitio\\\/#\\\/schema\\\/person\\\/880559be84d0a485fabcbf5cf05f318b\"},\"headline\":\"A pesar de los problemas\",\"datePublished\":\"2013-11-30T22:05:32+00:00\",\"mainEntityOfPage\":{\"@id\":\"http:\\\/\\\/gentedebasquet.com.ar\\\/sitio\\\/2013\\\/11\\\/30\\\/a-pesar-de-los-problemas\\\/\"},\"wordCount\":487,\"commentCount\":0,\"image\":{\"@id\":\"http:\\\/\\\/gentedebasquet.com.ar\\\/sitio\\\/2013\\\/11\\\/30\\\/a-pesar-de-los-problemas\\\/#primaryimage\"},\"thumbnailUrl\":\"http:\\\/\\\/www.gentedebasquet.com.ar\\\/wp-content\\\/uploads\\\/2013\\\/12\\\/P1060678.jpg\",\"keywords\":[\"El Nacional\",\"Estudiantes\"],\"articleSection\":[\"U15\"],\"inLanguage\":\"es\",\"potentialAction\":[{\"@type\":\"CommentAction\",\"name\":\"Comment\",\"target\":[\"http:\\\/\\\/gentedebasquet.com.ar\\\/sitio\\\/2013\\\/11\\\/30\\\/a-pesar-de-los-problemas\\\/#respond\"]}]},{\"@type\":\"WebPage\",\"@id\":\"http:\\\/\\\/gentedebasquet.com.ar\\\/sitio\\\/2013\\\/11\\\/30\\\/a-pesar-de-los-problemas\\\/\",\"url\":\"http:\\\/\\\/gentedebasquet.com.ar\\\/sitio\\\/2013\\\/11\\\/30\\\/a-pesar-de-los-problemas\\\/\",\"name\":\"A pesar de los problemas - Gente de B\u00e1squet\",\"isPartOf\":{\"@id\":\"http:\\\/\\\/gentedebasquet.com.ar\\\/sitio\\\/#website\"},\"primaryImageOfPage\":{\"@id\":\"http:\\\/\\\/gentedebasquet.com.ar\\\/sitio\\\/2013\\\/11\\\/30\\\/a-pesar-de-los-problemas\\\/#primaryimage\"},\"image\":{\"@id\":\"http:\\\/\\\/gentedebasquet.com.ar\\\/sitio\\\/2013\\\/11\\\/30\\\/a-pesar-de-los-problemas\\\/#primaryimage\"},\"thumbnailUrl\":\"http:\\\/\\\/www.gentedebasquet.com.ar\\\/wp-content\\\/uploads\\\/2013\\\/12\\\/P1060678.jpg\",\"datePublished\":\"2013-11-30T22:05:32+00:00\",\"author\":{\"@id\":\"http:\\\/\\\/gentedebasquet.com.ar\\\/sitio\\\/#\\\/schema\\\/person\\\/880559be84d0a485fabcbf5cf05f318b\"},\"breadcrumb\":{\"@id\":\"http:\\\/\\\/gentedebasquet.com.ar\\\/sitio\\\/2013\\\/11\\\/30\\\/a-pesar-de-los-problemas\\\/#breadcrumb\"},\"inLanguage\":\"es\",\"potentialAction\":[{\"@type\":\"ReadAction\",\"target\":[\"http:\\\/\\\/gentedebasquet.com.ar\\\/sitio\\\/2013\\\/11\\\/30\\\/a-pesar-de-los-problemas\\\/\"]}]},{\"@type\":\"ImageObject\",\"inLanguage\":\"es\",\"@id\":\"http:\\\/\\\/gentedebasquet.com.ar\\\/sitio\\\/2013\\\/11\\\/30\\\/a-pesar-de-los-problemas\\\/#primaryimage\",\"url\":\"http:\\\/\\\/www.gentedebasquet.com.ar\\\/wp-content\\\/uploads\\\/2013\\\/12\\\/P1060678.jpg\",\"contentUrl\":\"http:\\\/\\\/www.gentedebasquet.com.ar\\\/wp-content\\\/uploads\\\/2013\\\/12\\\/P1060678.jpg\"},{\"@type\":\"BreadcrumbList\",\"@id\":\"http:\\\/\\\/gentedebasquet.com.ar\\\/sitio\\\/2013\\\/11\\\/30\\\/a-pesar-de-los-problemas\\\/#breadcrumb\",\"itemListElement\":[{\"@type\":\"ListItem\",\"position\":1,\"name\":\"Portada\",\"item\":\"http:\\\/\\\/gentedebasquet.com.ar\\\/sitio\\\/\"},{\"@type\":\"ListItem\",\"position\":2,\"name\":\"A pesar de los problemas\"}]},{\"@type\":\"WebSite\",\"@id\":\"http:\\\/\\\/gentedebasquet.com.ar\\\/sitio\\\/#website\",\"url\":\"http:\\\/\\\/gentedebasquet.com.ar\\\/sitio\\\/\",\"name\":\"Gente de B\u00e1squet\",\"description\":\"La revista del basquet de Bah\u00eda Blanca\",\"potentialAction\":[{\"@type\":\"SearchAction\",\"target\":{\"@type\":\"EntryPoint\",\"urlTemplate\":\"http:\\\/\\\/gentedebasquet.com.ar\\\/sitio\\\/?s={search_term_string}\"},\"query-input\":{\"@type\":\"PropertyValueSpecification\",\"valueRequired\":true,\"valueName\":\"search_term_string\"}}],\"inLanguage\":\"es\"},{\"@type\":\"Person\",\"@id\":\"http:\\\/\\\/gentedebasquet.com.ar\\\/sitio\\\/#\\\/schema\\\/person\\\/880559be84d0a485fabcbf5cf05f318b\",\"name\":\"Gast\u00f3n Acosta\",\"image\":{\"@type\":\"ImageObject\",\"inLanguage\":\"es\",\"@id\":\"https:\\\/\\\/secure.gravatar.com\\\/avatar\\\/bf36adcc5959e9d5440e59a4269e4a36a6a30699321b1f003507dacfb4647dcc?s=96&d=mm&r=g\",\"url\":\"https:\\\/\\\/secure.gravatar.com\\\/avatar\\\/bf36adcc5959e9d5440e59a4269e4a36a6a30699321b1f003507dacfb4647dcc?s=96&d=mm&r=g\",\"contentUrl\":\"https:\\\/\\\/secure.gravatar.com\\\/avatar\\\/bf36adcc5959e9d5440e59a4269e4a36a6a30699321b1f003507dacfb4647dcc?s=96&d=mm&r=g\",\"caption\":\"Gast\u00f3n Acosta\"},\"url\":\"https:\\\/\\\/gentedebasquet.com.ar\\\/sitio\\\/author\\\/gastona\\\/\"}]}<\/script>\n<!-- \/ Yoast SEO plugin. -->","yoast_head_json":{"title":"A pesar de los problemas - Gente de B\u00e1squet","robots":{"index":"index","follow":"follow","max-snippet":"max-snippet:-1","max-image-preview":"max-image-preview:large","max-video-preview":"max-video-preview:-1"},"canonical":"http:\/\/gentedebasquet.com.ar\/sitio\/2013\/11\/30\/a-pesar-de-los-problemas\/","og_locale":"es_ES","og_type":"article","og_title":"A pesar de los problemas - Gente de B\u00e1squet","og_description":"Estudiantes se qued\u00f3 con el primer juego de las finales de infantiles bis, luego de imponerse, como visitante, sobre El Nacional por 71 a 64. El cotejo, se vio interrumpido en m\u00e1s de una ocasi\u00f3n por conflictos con el tanteador y por la tierra que ingresaba desde los portones. El goleador fue Iv\u00e1n Catani con [&hellip;]","og_url":"http:\/\/gentedebasquet.com.ar\/sitio\/2013\/11\/30\/a-pesar-de-los-problemas\/","og_site_name":"Gente de B\u00e1squet","article_published_time":"2013-11-30T22:05:32+00:00","og_image":[{"url":"http:\/\/www.gentedebasquet.com.ar\/wp-content\/uploads\/2013\/12\/P1060678.jpg","type":"","width":"","height":""}],"author":"Gast\u00f3n Acosta","twitter_card":"summary_large_image","twitter_misc":{"Escrito por":"Gast\u00f3n Acosta","Tiempo de lectura":"2 minutos"},"schema":{"@context":"https:\/\/schema.org","@graph":[{"@type":"Article","@id":"http:\/\/gentedebasquet.com.ar\/sitio\/2013\/11\/30\/a-pesar-de-los-problemas\/#article","isPartOf":{"@id":"http:\/\/gentedebasquet.com.ar\/sitio\/2013\/11\/30\/a-pesar-de-los-problemas\/"},"author":{"name":"Gast\u00f3n Acosta","@id":"http:\/\/gentedebasquet.com.ar\/sitio\/#\/schema\/person\/880559be84d0a485fabcbf5cf05f318b"},"headline":"A pesar de los problemas","datePublished":"2013-11-30T22:05:32+00:00","mainEntityOfPage":{"@id":"http:\/\/gentedebasquet.com.ar\/sitio\/2013\/11\/30\/a-pesar-de-los-problemas\/"},"wordCount":487,"commentCount":0,"image":{"@id":"http:\/\/gentedebasquet.com.ar\/sitio\/2013\/11\/30\/a-pesar-de-los-problemas\/#primaryimage"},"thumbnailUrl":"http:\/\/www.gentedebasquet.com.ar\/wp-content\/uploads\/2013\/12\/P1060678.jpg","keywords":["El Nacional","Estudiantes"],"articleSection":["U15"],"inLanguage":"es","potentialAction":[{"@type":"CommentAction","name":"Comment","target":["http:\/\/gentedebasquet.com.ar\/sitio\/2013\/11\/30\/a-pesar-de-los-problemas\/#respond"]}]},{"@type":"WebPage","@id":"http:\/\/gentedebasquet.com.ar\/sitio\/2013\/11\/30\/a-pesar-de-los-problemas\/","url":"http:\/\/gentedebasquet.com.ar\/sitio\/2013\/11\/30\/a-pesar-de-los-problemas\/","name":"A pesar de los problemas - Gente de B\u00e1squet","isPartOf":{"@id":"http:\/\/gentedebasquet.com.ar\/sitio\/#website"},"primaryImageOfPage":{"@id":"http:\/\/gentedebasquet.com.ar\/sitio\/2013\/11\/30\/a-pesar-de-los-problemas\/#primaryimage"},"image":{"@id":"http:\/\/gentedebasquet.com.ar\/sitio\/2013\/11\/30\/a-pesar-de-los-problemas\/#primaryimage"},"thumbnailUrl":"http:\/\/www.gentedebasquet.com.ar\/wp-content\/uploads\/2013\/12\/P1060678.jpg","datePublished":"2013-11-30T22:05:32+00:00","author":{"@id":"http:\/\/gentedebasquet.com.ar\/sitio\/#\/schema\/person\/880559be84d0a485fabcbf5cf05f318b"},"breadcrumb":{"@id":"http:\/\/gentedebasquet.com.ar\/sitio\/2013\/11\/30\/a-pesar-de-los-problemas\/#breadcrumb"},"inLanguage":"es","potentialAction":[{"@type":"ReadAction","target":["http:\/\/gentedebasquet.com.ar\/sitio\/2013\/11\/30\/a-pesar-de-los-problemas\/"]}]},{"@type":"ImageObject","inLanguage":"es","@id":"http:\/\/gentedebasquet.com.ar\/sitio\/2013\/11\/30\/a-pesar-de-los-problemas\/#primaryimage","url":"http:\/\/www.gentedebasquet.com.ar\/wp-content\/uploads\/2013\/12\/P1060678.jpg","contentUrl":"http:\/\/www.gentedebasquet.com.ar\/wp-content\/uploads\/2013\/12\/P1060678.jpg"},{"@type":"BreadcrumbList","@id":"http:\/\/gentedebasquet.com.ar\/sitio\/2013\/11\/30\/a-pesar-de-los-problemas\/#breadcrumb","itemListElement":[{"@type":"ListItem","position":1,"name":"Portada","item":"http:\/\/gentedebasquet.com.ar\/sitio\/"},{"@type":"ListItem","position":2,"name":"A pesar de los problemas"}]},{"@type":"WebSite","@id":"http:\/\/gentedebasquet.com.ar\/sitio\/#website","url":"http:\/\/gentedebasquet.com.ar\/sitio\/","name":"Gente de B\u00e1squet","description":"La revista del basquet de Bah\u00eda Blanca","potentialAction":[{"@type":"SearchAction","target":{"@type":"EntryPoint","urlTemplate":"http:\/\/gentedebasquet.com.ar\/sitio\/?s={search_term_string}"},"query-input":{"@type":"PropertyValueSpecification","valueRequired":true,"valueName":"search_term_string"}}],"inLanguage":"es"},{"@type":"Person","@id":"http:\/\/gentedebasquet.com.ar\/sitio\/#\/schema\/person\/880559be84d0a485fabcbf5cf05f318b","name":"Gast\u00f3n Acosta","image":{"@type":"ImageObject","inLanguage":"es","@id":"https:\/\/secure.gravatar.com\/avatar\/bf36adcc5959e9d5440e59a4269e4a36a6a30699321b1f003507dacfb4647dcc?s=96&d=mm&r=g","url":"https:\/\/secure.gravatar.com\/avatar\/bf36adcc5959e9d5440e59a4269e4a36a6a30699321b1f003507dacfb4647dcc?s=96&d=mm&r=g","contentUrl":"https:\/\/secure.gravatar.com\/avatar\/bf36adcc5959e9d5440e59a4269e4a36a6a30699321b1f003507dacfb4647dcc?s=96&d=mm&r=g","caption":"Gast\u00f3n Acosta"},"url":"https:\/\/gentedebasquet.com.ar\/sitio\/author\/gastona\/"}]}},"_links":{"self":[{"href":"https:\/\/gentedebasquet.com.ar\/sitio\/wp-json\/wp\/v2\/posts\/20049","targetHints":{"allow":["GET"]}}],"collection":[{"href":"https:\/\/gentedebasquet.com.ar\/sitio\/wp-json\/wp\/v2\/posts"}],"about":[{"href":"https:\/\/gentedebasquet.com.ar\/sitio\/wp-json\/wp\/v2\/types\/post"}],"author":[{"embeddable":true,"href":"https:\/\/gentedebasquet.com.ar\/sitio\/wp-json\/wp\/v2\/users\/12"}],"replies":[{"embeddable":true,"href":"https:\/\/gentedebasquet.com.ar\/sitio\/wp-json\/wp\/v2\/comments?post=20049"}],"version-history":[{"count":0,"href":"https:\/\/gentedebasquet.com.ar\/sitio\/wp-json\/wp\/v2\/posts\/20049\/revisions"}],"wp:attachment":[{"href":"https:\/\/gentedebasquet.com.ar\/sitio\/wp-json\/wp\/v2\/media?parent=20049"}],"wp:term":[{"taxonomy":"category","embeddable":true,"href":"https:\/\/gentedebasquet.com.ar\/sitio\/wp-json\/wp\/v2\/categories?post=20049"},{"taxonomy":"post_tag","embeddable":true,"href":"https:\/\/gentedebasquet.com.ar\/sitio\/wp-json\/wp\/v2\/tags?post=20049"}],"curies":[{"name":"wp","href":"https:\/\/api.w.org\/{rel}","templated":true}]}}