{"id":20061,"date":"2013-12-01T02:46:32","date_gmt":"2013-12-01T02:46:32","guid":{"rendered":"http:\/\/www.gentedebasquet.com.ar\/?p=20061"},"modified":"2013-12-01T02:46:32","modified_gmt":"2013-12-01T02:46:32","slug":"quien-lo-baja","status":"publish","type":"post","link":"https:\/\/gentedebasquet.com.ar\/sitio\/2013\/12\/01\/quien-lo-baja\/","title":{"rendered":"\u00bfQui\u00e9n lo baja?"},"content":{"rendered":"<p><strong>Bahiense se coron\u00f3 una vez m\u00e1s en Cadetes al vencer a Pac\u00edfico como visitante 80 a 63 y cerrar las finales 2-0. As\u00ed, el club de calle Salta o<strong>btuvo 13 de los \u00faltimos 15 campeonatos, siendo el m\u00e1s ganador de la categor\u00eda.\u00a0<\/strong>Andr\u00e9s Barbero fue el m\u00e1ximo anotador con 25 puntos (3\/4 3p). Adem\u00e1s, hubo 16 de Marani, 12 de Bazani y 10 de Pristupa. En el local se destacaron Wattson y Costa, ambos con 19 puntos, y Mastandrea, con 14.<\/strong><\/p>\n<p>Era el mejor a nivel nacional, con la obtenci\u00f3n del Argentino de Clubes hace casi un mes, y ahora lo afirma ganando el certamen local. Bahiense del Norte no tuvo rival en el a\u00f1o, venci\u00f3 a Pac\u00edfico 2-0 en las finales y se consagr\u00f3 campe\u00f3n en cadetes, una vez m\u00e1s. El tricolor se qued\u00f3 as\u00ed con su 15\u00ba t\u00edtulo en la categor\u00eda, obteniendo 13 de los \u00faltimos 15 (1999, 2000, 01, 02, 04, 06, 07, 08, 09, 10, 11, 12 y 13). Argentino (2003) y Estudiantes (2005) interrumpieron la hegemon\u00eda.<\/p>\n<p>Con el buen comienzo de Mastandrea, Pac\u00edfico pudo correr la cancha y establecerse arriba en el marcador (16-10), pero Pristupa, colaborando con la toma de rebotes, y una bomba de Zambrano, equilibraron el 1C. En el segundo el local estuvo 3 minutos sin convertir, tras una canasta de Costa, y el visitante lo aprovech\u00f3 v\u00eda Barbero (18-22). Si bien tuvo una mini escapada (23-29), el calor y la falta de aire en una tarde agobiante priv\u00f3 a Bahiense de presionar toda la cancha m\u00e1s tiempo y el juego qued\u00f3 abierto.<\/p>\n<p>En el 3C todo cambi\u00f3. Dos triples consecutivos de Marani (finaliz\u00f3 con 4\/9), la marca asfixiante sobre la bola y otro buen pasaje de Barbero puso definitivamente arriba al equipo de Navallo. As\u00ed, logr\u00f3 10 puntos de luz (39-49 y 42-52) en la mitad del 3C. Si bien Gerhardt no estaba fino en ataque, el juego exterior fue lo suficientemente efectivo para que el t\u00edtulo se vaya ti\u00f1endo una vez m\u00e1s de tricolor. Es que Bahiense tuvo mejores porcentajes desde 6.75 metros (52%) que en la l\u00ednea de libres (7\/17).<\/p>\n<p>La verg\u00fcenza deportiva de Torello y la mano caliente de Costa le pusieron condimentos al \u00faltimo cuarto. No obstante, Bahiense ya se sent\u00eda campe\u00f3n. Tras un arranque irregular Bazani tom\u00f3 confianza, Barbero volvi\u00f3 a anotar a distancia y Gerhardt fue bien asistido para reencontrarse con el gol y decretar un final cantado y merecido.<\/p>\n<p>&nbsp;<\/p>\n<p><strong><em><span style=\"text-decoration: underline;\">S\u00edntesis: <\/span><\/em><\/strong><\/p>\n<p><strong>Pac\u00edfico 63:<\/strong><\/p>\n<p>Iniciales: Facundo Wattson (19), Juan Segundo Costa (19), Franco Mastandrea (14), Bruno Torello (5) y Lucas Ruiz (6).<\/p>\n<p>Ingresaron: Nicol\u00e1s Barra Mesquida (0), Gabriel Murazzo (0), Giuliano Ambrogi (0), Ezequiel Viola (0), Manuel Maina (0) y Tom\u00e1s Burastero (0).<\/p>\n<p>DT: Fernando Lliteras.<\/p>\n<p><strong>Bahiense 80:<\/strong><\/p>\n<p>Iniciales: Franco Bazani (12), Andr\u00e9s Barbero (25), Mat\u00edas Pristupa (10), Kevin Zambrano (8) y Rodrigo Gerhardt (8).<\/p>\n<p>Ingresaron: Lucas Marani (16), Mat\u00edas Ticozzi (0), Gonzalo Vallerga (0), Leandro Sarti (0), Juan Manuel Bicondoa (0) y Franco Zabalegui (1)<\/p>\n<p>DT: Alejandro Navallo.<\/p>\n<p><strong>\u00a0<\/strong><\/p>\n<p><strong>Cuartos: <\/strong>Pac\u00edfico 16-15, 30-36 (14-21), 47-58 (17-22) y 63-80 (16-22)<\/p>\n<p><strong>Cinco faltas: <\/strong>nadie lleg\u00f3 al l\u00edmite.<\/p>\n<p><strong>\u00c1rbitros: <\/strong>Diego Kessler, Sebasti\u00e1n Arcas y Luis Blanco.<\/p>\n<p><strong>Serie:<\/strong> Bahiense 2-0.<\/p>\n<p><a class=\"modalf iframe\" title=\"Planilla\" href=\"https:\/\/docs.google.com\/spreadsheet\/pub?key=0AhWH6MgjN9X5dEg0c0x5UzZrUlJ6anRqcjVITVJsMVE&amp;single=true&amp;gid=0&amp;output=html\">Ver Planilla<\/a><\/p>\n<p><span style=\"color: #ffcc99;\">.<\/span><\/p>\n<p style=\"text-align: center;\"><strong>PAC\u00cdFICO<a href=\"http:\/\/www.gentedebasquet.com.ar\/wp-content\/uploads\/2013\/12\/Pac\u00edfico-U17.jpg\"><img decoding=\"async\" class=\"alignnone size-full wp-image-20066\" title=\"Pac\u00edfico U17\" alt=\"\" src=\"http:\/\/www.gentedebasquet.com.ar\/wp-content\/uploads\/2013\/12\/Pac\u00edfico-U17.jpg\" width=\"448\" height=\"336\" \/><\/a><\/strong><\/p>\n<p style=\"text-align: center;\"><strong>BAHIENSE DEL NORTE<a href=\"http:\/\/www.gentedebasquet.com.ar\/wp-content\/uploads\/2013\/12\/Bahiense-U17.jpg\"><img decoding=\"async\" class=\"alignnone size-full wp-image-20065\" title=\"Bahiense U17\" alt=\"\" src=\"http:\/\/www.gentedebasquet.com.ar\/wp-content\/uploads\/2013\/12\/Bahiense-U17.jpg\" width=\"448\" height=\"336\" \/><\/a><\/strong><\/p>\n<p style=\"text-align: left;\">Fotos: <a href=\"https:\/\/twitter.com\/RomiSaldias\" target=\"_blank\" rel=\"noopener\">Romina Sald\u00edas<\/a> para <strong>Gente de B\u00e1squet<\/strong>. M\u00e1s en el siguiente <a href=\"https:\/\/www.facebook.com\/gentede.basquet\/media_set?set=a.545445725541079.1073741875.100002269702478&amp;type=1\" target=\"_blank\" rel=\"noopener\">enlace<\/a>.\u00a0Y todas las im\u00e1genes el pr\u00f3ximo domingo en\u00a0<em><strong>GENTE DE B\u00c1SQUET TV<\/strong><\/em>, por Canal 9.<\/p>\n","protected":false},"excerpt":{"rendered":"<p>Bahiense se coron\u00f3 una vez m\u00e1s en Cadetes al vencer a Pac\u00edfico como visitante 80 a 63<\/p>\n","protected":false},"author":1,"featured_media":26850,"comment_status":"open","ping_status":"open","sticky":false,"template":"","format":"standard","meta":{"jnews-multi-image_gallery":[],"jnews_single_post":[],"jnews_primary_category":[],"footnotes":""},"categories":[35],"tags":[5,17],"class_list":["post-20061","post","type-post","status-publish","format-standard","has-post-thumbnail","hentry","category-u17","tag-bahiense-del-norte","tag-pacifico"],"yoast_head":"<!-- This site is optimized with the Yoast SEO plugin v27.5 - https:\/\/yoast.com\/product\/yoast-seo-wordpress\/ -->\n<title>\u00bfQui\u00e9n lo baja? - Gente de B\u00e1squet<\/title>\n<meta name=\"robots\" content=\"index, follow, max-snippet:-1, max-image-preview:large, max-video-preview:-1\" \/>\n<link rel=\"canonical\" href=\"https:\/\/gentedebasquet.com.ar\/sitio\/2013\/12\/01\/quien-lo-baja\/\" \/>\n<meta property=\"og:locale\" content=\"es_ES\" \/>\n<meta property=\"og:type\" content=\"article\" \/>\n<meta property=\"og:title\" content=\"\u00bfQui\u00e9n lo baja? - Gente de B\u00e1squet\" \/>\n<meta property=\"og:description\" content=\"Bahiense se coron\u00f3 una vez m\u00e1s en Cadetes al vencer a Pac\u00edfico como visitante 80 a 63\" \/>\n<meta property=\"og:url\" content=\"https:\/\/gentedebasquet.com.ar\/sitio\/2013\/12\/01\/quien-lo-baja\/\" \/>\n<meta property=\"og:site_name\" content=\"Gente de B\u00e1squet\" \/>\n<meta property=\"article:published_time\" content=\"2013-12-01T02:46:32+00:00\" \/>\n<meta property=\"og:image\" content=\"https:\/\/gentedebasquet.com.ar\/sitio\/wp-content\/uploads\/2014\/02\/Gerhardt-Bahiense-U17.jpg\" \/>\n\t<meta property=\"og:image:width\" content=\"300\" \/>\n\t<meta property=\"og:image:height\" content=\"211\" \/>\n\t<meta property=\"og:image:type\" content=\"image\/jpeg\" \/>\n<meta name=\"author\" content=\"Gente de B\u00e1squet\" \/>\n<meta name=\"twitter:card\" content=\"summary_large_image\" \/>\n<meta name=\"twitter:label1\" content=\"Escrito por\" \/>\n\t<meta name=\"twitter:data1\" content=\"Gente de B\u00e1squet\" \/>\n\t<meta name=\"twitter:label2\" content=\"Tiempo de lectura\" \/>\n\t<meta name=\"twitter:data2\" content=\"3 minutos\" \/>\n<script type=\"application\/ld+json\" class=\"yoast-schema-graph\">{\"@context\":\"https:\\\/\\\/schema.org\",\"@graph\":[{\"@type\":\"Article\",\"@id\":\"https:\\\/\\\/gentedebasquet.com.ar\\\/sitio\\\/2013\\\/12\\\/01\\\/quien-lo-baja\\\/#article\",\"isPartOf\":{\"@id\":\"https:\\\/\\\/gentedebasquet.com.ar\\\/sitio\\\/2013\\\/12\\\/01\\\/quien-lo-baja\\\/\"},\"author\":{\"name\":\"Gente de B\u00e1squet\",\"@id\":\"http:\\\/\\\/gentedebasquet.com.ar\\\/sitio\\\/#\\\/schema\\\/person\\\/ca0b63bbb977369988a7bbbdc519943a\"},\"headline\":\"\u00bfQui\u00e9n lo baja?\",\"datePublished\":\"2013-12-01T02:46:32+00:00\",\"mainEntityOfPage\":{\"@id\":\"https:\\\/\\\/gentedebasquet.com.ar\\\/sitio\\\/2013\\\/12\\\/01\\\/quien-lo-baja\\\/\"},\"wordCount\":540,\"commentCount\":0,\"image\":{\"@id\":\"https:\\\/\\\/gentedebasquet.com.ar\\\/sitio\\\/2013\\\/12\\\/01\\\/quien-lo-baja\\\/#primaryimage\"},\"thumbnailUrl\":\"https:\\\/\\\/gentedebasquet.com.ar\\\/sitio\\\/wp-content\\\/uploads\\\/2014\\\/02\\\/Gerhardt-Bahiense-U17.jpg\",\"keywords\":[\"Bahiense Del Norte\",\"Pacifico\"],\"articleSection\":[\"U17\"],\"inLanguage\":\"es\",\"potentialAction\":[{\"@type\":\"CommentAction\",\"name\":\"Comment\",\"target\":[\"https:\\\/\\\/gentedebasquet.com.ar\\\/sitio\\\/2013\\\/12\\\/01\\\/quien-lo-baja\\\/#respond\"]}]},{\"@type\":\"WebPage\",\"@id\":\"https:\\\/\\\/gentedebasquet.com.ar\\\/sitio\\\/2013\\\/12\\\/01\\\/quien-lo-baja\\\/\",\"url\":\"https:\\\/\\\/gentedebasquet.com.ar\\\/sitio\\\/2013\\\/12\\\/01\\\/quien-lo-baja\\\/\",\"name\":\"\u00bfQui\u00e9n lo baja? - Gente de B\u00e1squet\",\"isPartOf\":{\"@id\":\"http:\\\/\\\/gentedebasquet.com.ar\\\/sitio\\\/#website\"},\"primaryImageOfPage\":{\"@id\":\"https:\\\/\\\/gentedebasquet.com.ar\\\/sitio\\\/2013\\\/12\\\/01\\\/quien-lo-baja\\\/#primaryimage\"},\"image\":{\"@id\":\"https:\\\/\\\/gentedebasquet.com.ar\\\/sitio\\\/2013\\\/12\\\/01\\\/quien-lo-baja\\\/#primaryimage\"},\"thumbnailUrl\":\"https:\\\/\\\/gentedebasquet.com.ar\\\/sitio\\\/wp-content\\\/uploads\\\/2014\\\/02\\\/Gerhardt-Bahiense-U17.jpg\",\"datePublished\":\"2013-12-01T02:46:32+00:00\",\"author\":{\"@id\":\"http:\\\/\\\/gentedebasquet.com.ar\\\/sitio\\\/#\\\/schema\\\/person\\\/ca0b63bbb977369988a7bbbdc519943a\"},\"breadcrumb\":{\"@id\":\"https:\\\/\\\/gentedebasquet.com.ar\\\/sitio\\\/2013\\\/12\\\/01\\\/quien-lo-baja\\\/#breadcrumb\"},\"inLanguage\":\"es\",\"potentialAction\":[{\"@type\":\"ReadAction\",\"target\":[\"https:\\\/\\\/gentedebasquet.com.ar\\\/sitio\\\/2013\\\/12\\\/01\\\/quien-lo-baja\\\/\"]}]},{\"@type\":\"ImageObject\",\"inLanguage\":\"es\",\"@id\":\"https:\\\/\\\/gentedebasquet.com.ar\\\/sitio\\\/2013\\\/12\\\/01\\\/quien-lo-baja\\\/#primaryimage\",\"url\":\"https:\\\/\\\/gentedebasquet.com.ar\\\/sitio\\\/wp-content\\\/uploads\\\/2014\\\/02\\\/Gerhardt-Bahiense-U17.jpg\",\"contentUrl\":\"https:\\\/\\\/gentedebasquet.com.ar\\\/sitio\\\/wp-content\\\/uploads\\\/2014\\\/02\\\/Gerhardt-Bahiense-U17.jpg\",\"width\":300,\"height\":211},{\"@type\":\"BreadcrumbList\",\"@id\":\"https:\\\/\\\/gentedebasquet.com.ar\\\/sitio\\\/2013\\\/12\\\/01\\\/quien-lo-baja\\\/#breadcrumb\",\"itemListElement\":[{\"@type\":\"ListItem\",\"position\":1,\"name\":\"Portada\",\"item\":\"http:\\\/\\\/gentedebasquet.com.ar\\\/sitio\\\/\"},{\"@type\":\"ListItem\",\"position\":2,\"name\":\"\u00bfQui\u00e9n lo baja?\"}]},{\"@type\":\"WebSite\",\"@id\":\"http:\\\/\\\/gentedebasquet.com.ar\\\/sitio\\\/#website\",\"url\":\"http:\\\/\\\/gentedebasquet.com.ar\\\/sitio\\\/\",\"name\":\"Gente de B\u00e1squet\",\"description\":\"La revista del basquet de Bah\u00eda Blanca\",\"potentialAction\":[{\"@type\":\"SearchAction\",\"target\":{\"@type\":\"EntryPoint\",\"urlTemplate\":\"http:\\\/\\\/gentedebasquet.com.ar\\\/sitio\\\/?s={search_term_string}\"},\"query-input\":{\"@type\":\"PropertyValueSpecification\",\"valueRequired\":true,\"valueName\":\"search_term_string\"}}],\"inLanguage\":\"es\"},{\"@type\":\"Person\",\"@id\":\"http:\\\/\\\/gentedebasquet.com.ar\\\/sitio\\\/#\\\/schema\\\/person\\\/ca0b63bbb977369988a7bbbdc519943a\",\"name\":\"Gente de B\u00e1squet\",\"image\":{\"@type\":\"ImageObject\",\"inLanguage\":\"es\",\"@id\":\"https:\\\/\\\/secure.gravatar.com\\\/avatar\\\/7f2c48bdc33b30088f941fb6082e555f2874c98e20cb159d7b92b50eadfce793?s=96&d=mm&r=g\",\"url\":\"https:\\\/\\\/secure.gravatar.com\\\/avatar\\\/7f2c48bdc33b30088f941fb6082e555f2874c98e20cb159d7b92b50eadfce793?s=96&d=mm&r=g\",\"contentUrl\":\"https:\\\/\\\/secure.gravatar.com\\\/avatar\\\/7f2c48bdc33b30088f941fb6082e555f2874c98e20cb159d7b92b50eadfce793?s=96&d=mm&r=g\",\"caption\":\"Gente de B\u00e1squet\"},\"sameAs\":[\"http:\\\/\\\/gentedebasquet.com.ar\\\/sitio\"],\"url\":\"https:\\\/\\\/gentedebasquet.com.ar\\\/sitio\\\/author\\\/ulises\\\/\"}]}<\/script>\n<!-- \/ Yoast SEO plugin. -->","yoast_head_json":{"title":"\u00bfQui\u00e9n lo baja? - Gente de B\u00e1squet","robots":{"index":"index","follow":"follow","max-snippet":"max-snippet:-1","max-image-preview":"max-image-preview:large","max-video-preview":"max-video-preview:-1"},"canonical":"https:\/\/gentedebasquet.com.ar\/sitio\/2013\/12\/01\/quien-lo-baja\/","og_locale":"es_ES","og_type":"article","og_title":"\u00bfQui\u00e9n lo baja? - Gente de B\u00e1squet","og_description":"Bahiense se coron\u00f3 una vez m\u00e1s en Cadetes al vencer a Pac\u00edfico como visitante 80 a 63","og_url":"https:\/\/gentedebasquet.com.ar\/sitio\/2013\/12\/01\/quien-lo-baja\/","og_site_name":"Gente de B\u00e1squet","article_published_time":"2013-12-01T02:46:32+00:00","og_image":[{"width":300,"height":211,"url":"https:\/\/gentedebasquet.com.ar\/sitio\/wp-content\/uploads\/2014\/02\/Gerhardt-Bahiense-U17.jpg","type":"image\/jpeg"}],"author":"Gente de B\u00e1squet","twitter_card":"summary_large_image","twitter_misc":{"Escrito por":"Gente de B\u00e1squet","Tiempo de lectura":"3 minutos"},"schema":{"@context":"https:\/\/schema.org","@graph":[{"@type":"Article","@id":"https:\/\/gentedebasquet.com.ar\/sitio\/2013\/12\/01\/quien-lo-baja\/#article","isPartOf":{"@id":"https:\/\/gentedebasquet.com.ar\/sitio\/2013\/12\/01\/quien-lo-baja\/"},"author":{"name":"Gente de B\u00e1squet","@id":"http:\/\/gentedebasquet.com.ar\/sitio\/#\/schema\/person\/ca0b63bbb977369988a7bbbdc519943a"},"headline":"\u00bfQui\u00e9n lo baja?","datePublished":"2013-12-01T02:46:32+00:00","mainEntityOfPage":{"@id":"https:\/\/gentedebasquet.com.ar\/sitio\/2013\/12\/01\/quien-lo-baja\/"},"wordCount":540,"commentCount":0,"image":{"@id":"https:\/\/gentedebasquet.com.ar\/sitio\/2013\/12\/01\/quien-lo-baja\/#primaryimage"},"thumbnailUrl":"https:\/\/gentedebasquet.com.ar\/sitio\/wp-content\/uploads\/2014\/02\/Gerhardt-Bahiense-U17.jpg","keywords":["Bahiense Del Norte","Pacifico"],"articleSection":["U17"],"inLanguage":"es","potentialAction":[{"@type":"CommentAction","name":"Comment","target":["https:\/\/gentedebasquet.com.ar\/sitio\/2013\/12\/01\/quien-lo-baja\/#respond"]}]},{"@type":"WebPage","@id":"https:\/\/gentedebasquet.com.ar\/sitio\/2013\/12\/01\/quien-lo-baja\/","url":"https:\/\/gentedebasquet.com.ar\/sitio\/2013\/12\/01\/quien-lo-baja\/","name":"\u00bfQui\u00e9n lo baja? - Gente de B\u00e1squet","isPartOf":{"@id":"http:\/\/gentedebasquet.com.ar\/sitio\/#website"},"primaryImageOfPage":{"@id":"https:\/\/gentedebasquet.com.ar\/sitio\/2013\/12\/01\/quien-lo-baja\/#primaryimage"},"image":{"@id":"https:\/\/gentedebasquet.com.ar\/sitio\/2013\/12\/01\/quien-lo-baja\/#primaryimage"},"thumbnailUrl":"https:\/\/gentedebasquet.com.ar\/sitio\/wp-content\/uploads\/2014\/02\/Gerhardt-Bahiense-U17.jpg","datePublished":"2013-12-01T02:46:32+00:00","author":{"@id":"http:\/\/gentedebasquet.com.ar\/sitio\/#\/schema\/person\/ca0b63bbb977369988a7bbbdc519943a"},"breadcrumb":{"@id":"https:\/\/gentedebasquet.com.ar\/sitio\/2013\/12\/01\/quien-lo-baja\/#breadcrumb"},"inLanguage":"es","potentialAction":[{"@type":"ReadAction","target":["https:\/\/gentedebasquet.com.ar\/sitio\/2013\/12\/01\/quien-lo-baja\/"]}]},{"@type":"ImageObject","inLanguage":"es","@id":"https:\/\/gentedebasquet.com.ar\/sitio\/2013\/12\/01\/quien-lo-baja\/#primaryimage","url":"https:\/\/gentedebasquet.com.ar\/sitio\/wp-content\/uploads\/2014\/02\/Gerhardt-Bahiense-U17.jpg","contentUrl":"https:\/\/gentedebasquet.com.ar\/sitio\/wp-content\/uploads\/2014\/02\/Gerhardt-Bahiense-U17.jpg","width":300,"height":211},{"@type":"BreadcrumbList","@id":"https:\/\/gentedebasquet.com.ar\/sitio\/2013\/12\/01\/quien-lo-baja\/#breadcrumb","itemListElement":[{"@type":"ListItem","position":1,"name":"Portada","item":"http:\/\/gentedebasquet.com.ar\/sitio\/"},{"@type":"ListItem","position":2,"name":"\u00bfQui\u00e9n lo baja?"}]},{"@type":"WebSite","@id":"http:\/\/gentedebasquet.com.ar\/sitio\/#website","url":"http:\/\/gentedebasquet.com.ar\/sitio\/","name":"Gente de B\u00e1squet","description":"La revista del basquet de Bah\u00eda Blanca","potentialAction":[{"@type":"SearchAction","target":{"@type":"EntryPoint","urlTemplate":"http:\/\/gentedebasquet.com.ar\/sitio\/?s={search_term_string}"},"query-input":{"@type":"PropertyValueSpecification","valueRequired":true,"valueName":"search_term_string"}}],"inLanguage":"es"},{"@type":"Person","@id":"http:\/\/gentedebasquet.com.ar\/sitio\/#\/schema\/person\/ca0b63bbb977369988a7bbbdc519943a","name":"Gente de B\u00e1squet","image":{"@type":"ImageObject","inLanguage":"es","@id":"https:\/\/secure.gravatar.com\/avatar\/7f2c48bdc33b30088f941fb6082e555f2874c98e20cb159d7b92b50eadfce793?s=96&d=mm&r=g","url":"https:\/\/secure.gravatar.com\/avatar\/7f2c48bdc33b30088f941fb6082e555f2874c98e20cb159d7b92b50eadfce793?s=96&d=mm&r=g","contentUrl":"https:\/\/secure.gravatar.com\/avatar\/7f2c48bdc33b30088f941fb6082e555f2874c98e20cb159d7b92b50eadfce793?s=96&d=mm&r=g","caption":"Gente de B\u00e1squet"},"sameAs":["http:\/\/gentedebasquet.com.ar\/sitio"],"url":"https:\/\/gentedebasquet.com.ar\/sitio\/author\/ulises\/"}]}},"_links":{"self":[{"href":"https:\/\/gentedebasquet.com.ar\/sitio\/wp-json\/wp\/v2\/posts\/20061","targetHints":{"allow":["GET"]}}],"collection":[{"href":"https:\/\/gentedebasquet.com.ar\/sitio\/wp-json\/wp\/v2\/posts"}],"about":[{"href":"https:\/\/gentedebasquet.com.ar\/sitio\/wp-json\/wp\/v2\/types\/post"}],"author":[{"embeddable":true,"href":"https:\/\/gentedebasquet.com.ar\/sitio\/wp-json\/wp\/v2\/users\/1"}],"replies":[{"embeddable":true,"href":"https:\/\/gentedebasquet.com.ar\/sitio\/wp-json\/wp\/v2\/comments?post=20061"}],"version-history":[{"count":0,"href":"https:\/\/gentedebasquet.com.ar\/sitio\/wp-json\/wp\/v2\/posts\/20061\/revisions"}],"wp:featuredmedia":[{"embeddable":true,"href":"https:\/\/gentedebasquet.com.ar\/sitio\/wp-json\/wp\/v2\/media\/26850"}],"wp:attachment":[{"href":"https:\/\/gentedebasquet.com.ar\/sitio\/wp-json\/wp\/v2\/media?parent=20061"}],"wp:term":[{"taxonomy":"category","embeddable":true,"href":"https:\/\/gentedebasquet.com.ar\/sitio\/wp-json\/wp\/v2\/categories?post=20061"},{"taxonomy":"post_tag","embeddable":true,"href":"https:\/\/gentedebasquet.com.ar\/sitio\/wp-json\/wp\/v2\/tags?post=20061"}],"curies":[{"name":"wp","href":"https:\/\/api.w.org\/{rel}","templated":true}]}}