{"id":20072,"date":"2013-12-01T00:02:22","date_gmt":"2013-12-01T00:02:22","guid":{"rendered":"http:\/\/www.gentedebasquet.com.ar\/?p=20072"},"modified":"2013-12-01T00:02:22","modified_gmt":"2013-12-01T00:02:22","slug":"la-luz-mala","status":"publish","type":"post","link":"https:\/\/gentedebasquet.com.ar\/sitio\/2013\/12\/01\/la-luz-mala\/","title":{"rendered":"La luz mala"},"content":{"rendered":"<p align=\"LEFT\"><span style=\"font-family: Arial, sans-serif;\"><strong>Liniers venc\u00eda 37 a 33 a Bahiense del Norte por la primera final U19 en el Hern\u00e1n Sagasti, pero cuando corr\u00edan un poco m\u00e1s de 3 minutos del 3C, se cort\u00f3 la luz y los jueces decidieron suspender el partido. El cotejo se completar\u00eda el pr\u00f3ximo jueves a las 20.15 horas. El goleador del partido hasta el momento era Ariel Ramos con 15 puntos, mientras que por el lado de Bahiense se destac\u00f3 Esteban Silva con 11 unidades.<\/strong><\/span><\/p>\n<p align=\"LEFT\"><span style=\"font-family: Arial, sans-serif;\">El arranque del partido fue muy impreciso, ninguno de los 2 equipos encontraba los caminos en ataque y tomaban decisiones apresuradas a la hora de definir. Pasaron casi 4 minutos para que Gerhardt anote el primer tiro de campo (2-3). Lo mejor de Liniers pasaba por el juego interno de Ariel Ramos (anot\u00f3 los primeros 7 puntos del equipo). A falta de un minuto y medio, Bahiense pudo pasar al frente mediante dos tiros libres de Silva (9-10), pero cuando se mor\u00eda el cuarto, un doble de Carlos Lauler le permiti\u00f3 al \u201cchivo\u201d cerrar el primer cuarto ganando 11 a 10.<\/span><\/p>\n<p align=\"LEFT\"><span style=\"font-family: Arial, sans-serif;\">En los segundos 10 minutos la situaci\u00f3n parec\u00eda no cambiar, ya que se ve\u00edan muchos errores en las ofensivas de ambos equipos y lo mejor pasaba por el trabajo defensivo, tanto de Liniers como de Bahiense. Liniers sac\u00f3 3 puntos de ventaja (16-13) gracias a un doble con bon\u00fas de Petrini. A partir de ese instante, los 2 equipos ajustaron sus errores ofensivos y el marcador comenz\u00f3 a abrirse, aunque siempre todo fue muy parejo. El ingreso de Bazani y Barbero le dieron otro aire en ataque al tricolor, pero sobre el final, la vuelta a la cancha de Ramos mas los aportes de Fern\u00e1ndez, le devolvieron la ventaja a Liniers para terminar ganando el cuarto 31 a 28.<\/span><\/p>\n<p align=\"LEFT\"><span style=\"font-family: Arial, sans-serif;\">En el segundo tiempo, se lo vio muy metido en partido a Liniers, ya que r\u00e1pidamente sac\u00f3 7 puntos de ventaja (35-28), pero un triple de Barbero le permiti\u00f3 a Bahiense achicar distancias. Cuando se jugaban un poco m\u00e1s de 3 minutos, Meneses perdi\u00f3 el bal\u00f3n debajo del aro a manos de Luciano Fern\u00e1ndez, el base del Chivo cometi\u00f3 falta y Fern\u00e1ndez fue a la l\u00ednea, tiro el primero y fall\u00f3 y cuando estaba por lanzar su segundo lanzamiento, la luz se cort\u00f3 y la cancha qued\u00f3 totalmente a oscuras, los jueces del partido esperaron algunos minutos pero al ver que la electricidad no volv\u00eda decidieron suspender el partido. La reanudaci\u00f3n del encuentro ser\u00eda el Jueves 5 de Diciembre a partir de las 20:15 hs.<\/span><\/p>\n<p align=\"LEFT\"><span style=\"color: #ffcc99;\">.<\/span><\/p>\n<p align=\"LEFT\"><em><span style=\"font-family: Arial, sans-serif;\"><span style=\"text-decoration: underline;\"><strong>S\u00edntesis:<\/strong><\/span><\/span><\/em><\/p>\n<p align=\"LEFT\"><strong>Liniers (37):<\/strong><\/p>\n<p align=\"LEFT\"><span style=\"font-family: Arial, sans-serif;\">Iniciales: E. Meneses (3); B. Maieri (4); I. Petrini (3); A. Ramos (15); G. Fern\u00e1ndez (4).<\/span><\/p>\n<p align=\"LEFT\"><span style=\"font-family: Arial, sans-serif;\">Ingresaron: S. Ranieri (2); L. Silva (2); C. Lauler (4).<\/span><\/p>\n<p align=\"LEFT\"><strong>Bahiense del Norte (33):<\/strong><\/p>\n<p align=\"LEFT\"><span style=\"font-family: Arial, sans-serif;\">Iniciales: L. Fern\u00e1ndez (6); E. Silva (11); M. Frola (2); J. Dubanced (1); R. Gerhardt (3).<\/span><\/p>\n<p align=\"LEFT\"><span style=\"font-family: Arial, sans-serif;\">Ingresaron: F. Abarza (0); F. Bazani (4); A. Barbero (6); K. Zambrano (0).<\/span><\/p>\n<p align=\"LEFT\"><span style=\"color: #ffcc99;\">.<\/span><\/p>\n<p align=\"LEFT\"><strong>Cuartos: <\/strong><span style=\"font-family: Arial, sans-serif;\">11-10; 31-28 (20-18); 37-33 (6-5).<\/span><\/p>\n<p align=\"LEFT\"><strong>Cinco faltas: <\/strong><span style=\"font-family: Arial, sans-serif;\">Nadie lleg\u00f3 al l\u00edmite.<\/span><\/p>\n<p align=\"LEFT\"><strong>\u00c1rbitros:<\/strong><span style=\"font-family: Arial, sans-serif;\"> Sebasti\u00e1n Gianino \u2013 Sebasti\u00e1n Arcas \u2013 Jorge Blanco.<\/span><\/p>\n<p align=\"LEFT\"><strong>Serie:<\/strong><span style=\"font-family: Arial, sans-serif;\"> 0-0<\/span><\/p>\n<p align=\"LEFT\"><strong>Estadio:<\/strong><span style=\"font-family: Arial, sans-serif;\"> Hern\u00e1n Sagastti.<\/span><\/p>\n<p><a class=\"modalf iframe\" title=\"Planilla\" href=\"https:\/\/docs.google.com\/spreadsheet\/pub?key=0AhWH6MgjN9X5dE5CNkI4Wm56MUNjMDdxUmtYQkUxTlE&amp;single=true&amp;gid=0&amp;output=html\">Ver Planilla<\/a><\/p>\n","protected":false},"excerpt":{"rendered":"<p>Liniers venc\u00eda 37 a 33 a Bahiense pero en el 3C se cort\u00f3 la luz y se suspendi\u00f3 el partido.<\/p>\n","protected":false},"author":22,"featured_media":26876,"comment_status":"open","ping_status":"open","sticky":false,"template":"","format":"standard","meta":{"jnews-multi-image_gallery":[],"jnews_single_post":[],"jnews_primary_category":[],"footnotes":""},"categories":[26],"tags":[5,14],"class_list":["post-20072","post","type-post","status-publish","format-standard","has-post-thumbnail","hentry","category-u19","tag-bahiense-del-norte","tag-liniers"],"yoast_head":"<!-- This site is optimized with the Yoast SEO plugin v27.5 - https:\/\/yoast.com\/product\/yoast-seo-wordpress\/ -->\n<title>La luz mala - Gente de B\u00e1squet<\/title>\n<meta name=\"robots\" content=\"index, follow, max-snippet:-1, max-image-preview:large, max-video-preview:-1\" \/>\n<link rel=\"canonical\" href=\"https:\/\/gentedebasquet.com.ar\/sitio\/2013\/12\/01\/la-luz-mala\/\" \/>\n<meta property=\"og:locale\" content=\"es_ES\" \/>\n<meta property=\"og:type\" content=\"article\" \/>\n<meta property=\"og:title\" content=\"La luz mala - Gente de B\u00e1squet\" \/>\n<meta property=\"og:description\" content=\"Liniers venc\u00eda 37 a 33 a Bahiense pero en el 3C se cort\u00f3 la luz y se suspendi\u00f3 el partido.\" \/>\n<meta property=\"og:url\" content=\"https:\/\/gentedebasquet.com.ar\/sitio\/2013\/12\/01\/la-luz-mala\/\" \/>\n<meta property=\"og:site_name\" content=\"Gente de B\u00e1squet\" \/>\n<meta property=\"article:published_time\" content=\"2013-12-01T00:02:22+00:00\" \/>\n<meta property=\"og:image\" content=\"https:\/\/gentedebasquet.com.ar\/sitio\/wp-content\/uploads\/2013\/12\/ramos.jpg\" \/>\n\t<meta property=\"og:image:width\" content=\"300\" \/>\n\t<meta property=\"og:image:height\" content=\"211\" \/>\n\t<meta property=\"og:image:type\" content=\"image\/jpeg\" \/>\n<meta name=\"author\" content=\"Alan Vega\" \/>\n<meta name=\"twitter:card\" content=\"summary_large_image\" \/>\n<meta name=\"twitter:label1\" content=\"Escrito por\" \/>\n\t<meta name=\"twitter:data1\" content=\"Alan Vega\" \/>\n\t<meta name=\"twitter:label2\" content=\"Tiempo de lectura\" \/>\n\t<meta name=\"twitter:data2\" content=\"3 minutos\" \/>\n<script type=\"application\/ld+json\" class=\"yoast-schema-graph\">{\"@context\":\"https:\\\/\\\/schema.org\",\"@graph\":[{\"@type\":\"Article\",\"@id\":\"https:\\\/\\\/gentedebasquet.com.ar\\\/sitio\\\/2013\\\/12\\\/01\\\/la-luz-mala\\\/#article\",\"isPartOf\":{\"@id\":\"https:\\\/\\\/gentedebasquet.com.ar\\\/sitio\\\/2013\\\/12\\\/01\\\/la-luz-mala\\\/\"},\"author\":{\"name\":\"Alan Vega\",\"@id\":\"http:\\\/\\\/gentedebasquet.com.ar\\\/sitio\\\/#\\\/schema\\\/person\\\/5102f55063e0ca67fa401114c078710b\"},\"headline\":\"La luz mala\",\"datePublished\":\"2013-12-01T00:02:22+00:00\",\"mainEntityOfPage\":{\"@id\":\"https:\\\/\\\/gentedebasquet.com.ar\\\/sitio\\\/2013\\\/12\\\/01\\\/la-luz-mala\\\/\"},\"wordCount\":503,\"commentCount\":0,\"image\":{\"@id\":\"https:\\\/\\\/gentedebasquet.com.ar\\\/sitio\\\/2013\\\/12\\\/01\\\/la-luz-mala\\\/#primaryimage\"},\"thumbnailUrl\":\"https:\\\/\\\/gentedebasquet.com.ar\\\/sitio\\\/wp-content\\\/uploads\\\/2013\\\/12\\\/ramos.jpg\",\"keywords\":[\"Bahiense Del Norte\",\"Liniers\"],\"articleSection\":[\"U19\"],\"inLanguage\":\"es\",\"potentialAction\":[{\"@type\":\"CommentAction\",\"name\":\"Comment\",\"target\":[\"https:\\\/\\\/gentedebasquet.com.ar\\\/sitio\\\/2013\\\/12\\\/01\\\/la-luz-mala\\\/#respond\"]}]},{\"@type\":\"WebPage\",\"@id\":\"https:\\\/\\\/gentedebasquet.com.ar\\\/sitio\\\/2013\\\/12\\\/01\\\/la-luz-mala\\\/\",\"url\":\"https:\\\/\\\/gentedebasquet.com.ar\\\/sitio\\\/2013\\\/12\\\/01\\\/la-luz-mala\\\/\",\"name\":\"La luz mala - Gente de B\u00e1squet\",\"isPartOf\":{\"@id\":\"http:\\\/\\\/gentedebasquet.com.ar\\\/sitio\\\/#website\"},\"primaryImageOfPage\":{\"@id\":\"https:\\\/\\\/gentedebasquet.com.ar\\\/sitio\\\/2013\\\/12\\\/01\\\/la-luz-mala\\\/#primaryimage\"},\"image\":{\"@id\":\"https:\\\/\\\/gentedebasquet.com.ar\\\/sitio\\\/2013\\\/12\\\/01\\\/la-luz-mala\\\/#primaryimage\"},\"thumbnailUrl\":\"https:\\\/\\\/gentedebasquet.com.ar\\\/sitio\\\/wp-content\\\/uploads\\\/2013\\\/12\\\/ramos.jpg\",\"datePublished\":\"2013-12-01T00:02:22+00:00\",\"author\":{\"@id\":\"http:\\\/\\\/gentedebasquet.com.ar\\\/sitio\\\/#\\\/schema\\\/person\\\/5102f55063e0ca67fa401114c078710b\"},\"breadcrumb\":{\"@id\":\"https:\\\/\\\/gentedebasquet.com.ar\\\/sitio\\\/2013\\\/12\\\/01\\\/la-luz-mala\\\/#breadcrumb\"},\"inLanguage\":\"es\",\"potentialAction\":[{\"@type\":\"ReadAction\",\"target\":[\"https:\\\/\\\/gentedebasquet.com.ar\\\/sitio\\\/2013\\\/12\\\/01\\\/la-luz-mala\\\/\"]}]},{\"@type\":\"ImageObject\",\"inLanguage\":\"es\",\"@id\":\"https:\\\/\\\/gentedebasquet.com.ar\\\/sitio\\\/2013\\\/12\\\/01\\\/la-luz-mala\\\/#primaryimage\",\"url\":\"https:\\\/\\\/gentedebasquet.com.ar\\\/sitio\\\/wp-content\\\/uploads\\\/2013\\\/12\\\/ramos.jpg\",\"contentUrl\":\"https:\\\/\\\/gentedebasquet.com.ar\\\/sitio\\\/wp-content\\\/uploads\\\/2013\\\/12\\\/ramos.jpg\",\"width\":300,\"height\":211},{\"@type\":\"BreadcrumbList\",\"@id\":\"https:\\\/\\\/gentedebasquet.com.ar\\\/sitio\\\/2013\\\/12\\\/01\\\/la-luz-mala\\\/#breadcrumb\",\"itemListElement\":[{\"@type\":\"ListItem\",\"position\":1,\"name\":\"Portada\",\"item\":\"http:\\\/\\\/gentedebasquet.com.ar\\\/sitio\\\/\"},{\"@type\":\"ListItem\",\"position\":2,\"name\":\"La luz mala\"}]},{\"@type\":\"WebSite\",\"@id\":\"http:\\\/\\\/gentedebasquet.com.ar\\\/sitio\\\/#website\",\"url\":\"http:\\\/\\\/gentedebasquet.com.ar\\\/sitio\\\/\",\"name\":\"Gente de B\u00e1squet\",\"description\":\"La revista del basquet de Bah\u00eda Blanca\",\"potentialAction\":[{\"@type\":\"SearchAction\",\"target\":{\"@type\":\"EntryPoint\",\"urlTemplate\":\"http:\\\/\\\/gentedebasquet.com.ar\\\/sitio\\\/?s={search_term_string}\"},\"query-input\":{\"@type\":\"PropertyValueSpecification\",\"valueRequired\":true,\"valueName\":\"search_term_string\"}}],\"inLanguage\":\"es\"},{\"@type\":\"Person\",\"@id\":\"http:\\\/\\\/gentedebasquet.com.ar\\\/sitio\\\/#\\\/schema\\\/person\\\/5102f55063e0ca67fa401114c078710b\",\"name\":\"Alan Vega\",\"image\":{\"@type\":\"ImageObject\",\"inLanguage\":\"es\",\"@id\":\"https:\\\/\\\/secure.gravatar.com\\\/avatar\\\/59adb7382a8dd62ef4ee15652bb4269b1b821972df8188dee2530899d5e1c7f9?s=96&d=mm&r=g\",\"url\":\"https:\\\/\\\/secure.gravatar.com\\\/avatar\\\/59adb7382a8dd62ef4ee15652bb4269b1b821972df8188dee2530899d5e1c7f9?s=96&d=mm&r=g\",\"contentUrl\":\"https:\\\/\\\/secure.gravatar.com\\\/avatar\\\/59adb7382a8dd62ef4ee15652bb4269b1b821972df8188dee2530899d5e1c7f9?s=96&d=mm&r=g\",\"caption\":\"Alan Vega\"},\"url\":\"https:\\\/\\\/gentedebasquet.com.ar\\\/sitio\\\/author\\\/alan-vega\\\/\"}]}<\/script>\n<!-- \/ Yoast SEO plugin. -->","yoast_head_json":{"title":"La luz mala - Gente de B\u00e1squet","robots":{"index":"index","follow":"follow","max-snippet":"max-snippet:-1","max-image-preview":"max-image-preview:large","max-video-preview":"max-video-preview:-1"},"canonical":"https:\/\/gentedebasquet.com.ar\/sitio\/2013\/12\/01\/la-luz-mala\/","og_locale":"es_ES","og_type":"article","og_title":"La luz mala - Gente de B\u00e1squet","og_description":"Liniers venc\u00eda 37 a 33 a Bahiense pero en el 3C se cort\u00f3 la luz y se suspendi\u00f3 el partido.","og_url":"https:\/\/gentedebasquet.com.ar\/sitio\/2013\/12\/01\/la-luz-mala\/","og_site_name":"Gente de B\u00e1squet","article_published_time":"2013-12-01T00:02:22+00:00","og_image":[{"width":300,"height":211,"url":"https:\/\/gentedebasquet.com.ar\/sitio\/wp-content\/uploads\/2013\/12\/ramos.jpg","type":"image\/jpeg"}],"author":"Alan Vega","twitter_card":"summary_large_image","twitter_misc":{"Escrito por":"Alan Vega","Tiempo de lectura":"3 minutos"},"schema":{"@context":"https:\/\/schema.org","@graph":[{"@type":"Article","@id":"https:\/\/gentedebasquet.com.ar\/sitio\/2013\/12\/01\/la-luz-mala\/#article","isPartOf":{"@id":"https:\/\/gentedebasquet.com.ar\/sitio\/2013\/12\/01\/la-luz-mala\/"},"author":{"name":"Alan Vega","@id":"http:\/\/gentedebasquet.com.ar\/sitio\/#\/schema\/person\/5102f55063e0ca67fa401114c078710b"},"headline":"La luz mala","datePublished":"2013-12-01T00:02:22+00:00","mainEntityOfPage":{"@id":"https:\/\/gentedebasquet.com.ar\/sitio\/2013\/12\/01\/la-luz-mala\/"},"wordCount":503,"commentCount":0,"image":{"@id":"https:\/\/gentedebasquet.com.ar\/sitio\/2013\/12\/01\/la-luz-mala\/#primaryimage"},"thumbnailUrl":"https:\/\/gentedebasquet.com.ar\/sitio\/wp-content\/uploads\/2013\/12\/ramos.jpg","keywords":["Bahiense Del Norte","Liniers"],"articleSection":["U19"],"inLanguage":"es","potentialAction":[{"@type":"CommentAction","name":"Comment","target":["https:\/\/gentedebasquet.com.ar\/sitio\/2013\/12\/01\/la-luz-mala\/#respond"]}]},{"@type":"WebPage","@id":"https:\/\/gentedebasquet.com.ar\/sitio\/2013\/12\/01\/la-luz-mala\/","url":"https:\/\/gentedebasquet.com.ar\/sitio\/2013\/12\/01\/la-luz-mala\/","name":"La luz mala - Gente de B\u00e1squet","isPartOf":{"@id":"http:\/\/gentedebasquet.com.ar\/sitio\/#website"},"primaryImageOfPage":{"@id":"https:\/\/gentedebasquet.com.ar\/sitio\/2013\/12\/01\/la-luz-mala\/#primaryimage"},"image":{"@id":"https:\/\/gentedebasquet.com.ar\/sitio\/2013\/12\/01\/la-luz-mala\/#primaryimage"},"thumbnailUrl":"https:\/\/gentedebasquet.com.ar\/sitio\/wp-content\/uploads\/2013\/12\/ramos.jpg","datePublished":"2013-12-01T00:02:22+00:00","author":{"@id":"http:\/\/gentedebasquet.com.ar\/sitio\/#\/schema\/person\/5102f55063e0ca67fa401114c078710b"},"breadcrumb":{"@id":"https:\/\/gentedebasquet.com.ar\/sitio\/2013\/12\/01\/la-luz-mala\/#breadcrumb"},"inLanguage":"es","potentialAction":[{"@type":"ReadAction","target":["https:\/\/gentedebasquet.com.ar\/sitio\/2013\/12\/01\/la-luz-mala\/"]}]},{"@type":"ImageObject","inLanguage":"es","@id":"https:\/\/gentedebasquet.com.ar\/sitio\/2013\/12\/01\/la-luz-mala\/#primaryimage","url":"https:\/\/gentedebasquet.com.ar\/sitio\/wp-content\/uploads\/2013\/12\/ramos.jpg","contentUrl":"https:\/\/gentedebasquet.com.ar\/sitio\/wp-content\/uploads\/2013\/12\/ramos.jpg","width":300,"height":211},{"@type":"BreadcrumbList","@id":"https:\/\/gentedebasquet.com.ar\/sitio\/2013\/12\/01\/la-luz-mala\/#breadcrumb","itemListElement":[{"@type":"ListItem","position":1,"name":"Portada","item":"http:\/\/gentedebasquet.com.ar\/sitio\/"},{"@type":"ListItem","position":2,"name":"La luz mala"}]},{"@type":"WebSite","@id":"http:\/\/gentedebasquet.com.ar\/sitio\/#website","url":"http:\/\/gentedebasquet.com.ar\/sitio\/","name":"Gente de B\u00e1squet","description":"La revista del basquet de Bah\u00eda Blanca","potentialAction":[{"@type":"SearchAction","target":{"@type":"EntryPoint","urlTemplate":"http:\/\/gentedebasquet.com.ar\/sitio\/?s={search_term_string}"},"query-input":{"@type":"PropertyValueSpecification","valueRequired":true,"valueName":"search_term_string"}}],"inLanguage":"es"},{"@type":"Person","@id":"http:\/\/gentedebasquet.com.ar\/sitio\/#\/schema\/person\/5102f55063e0ca67fa401114c078710b","name":"Alan Vega","image":{"@type":"ImageObject","inLanguage":"es","@id":"https:\/\/secure.gravatar.com\/avatar\/59adb7382a8dd62ef4ee15652bb4269b1b821972df8188dee2530899d5e1c7f9?s=96&d=mm&r=g","url":"https:\/\/secure.gravatar.com\/avatar\/59adb7382a8dd62ef4ee15652bb4269b1b821972df8188dee2530899d5e1c7f9?s=96&d=mm&r=g","contentUrl":"https:\/\/secure.gravatar.com\/avatar\/59adb7382a8dd62ef4ee15652bb4269b1b821972df8188dee2530899d5e1c7f9?s=96&d=mm&r=g","caption":"Alan Vega"},"url":"https:\/\/gentedebasquet.com.ar\/sitio\/author\/alan-vega\/"}]}},"_links":{"self":[{"href":"https:\/\/gentedebasquet.com.ar\/sitio\/wp-json\/wp\/v2\/posts\/20072","targetHints":{"allow":["GET"]}}],"collection":[{"href":"https:\/\/gentedebasquet.com.ar\/sitio\/wp-json\/wp\/v2\/posts"}],"about":[{"href":"https:\/\/gentedebasquet.com.ar\/sitio\/wp-json\/wp\/v2\/types\/post"}],"author":[{"embeddable":true,"href":"https:\/\/gentedebasquet.com.ar\/sitio\/wp-json\/wp\/v2\/users\/22"}],"replies":[{"embeddable":true,"href":"https:\/\/gentedebasquet.com.ar\/sitio\/wp-json\/wp\/v2\/comments?post=20072"}],"version-history":[{"count":0,"href":"https:\/\/gentedebasquet.com.ar\/sitio\/wp-json\/wp\/v2\/posts\/20072\/revisions"}],"wp:featuredmedia":[{"embeddable":true,"href":"https:\/\/gentedebasquet.com.ar\/sitio\/wp-json\/wp\/v2\/media\/26876"}],"wp:attachment":[{"href":"https:\/\/gentedebasquet.com.ar\/sitio\/wp-json\/wp\/v2\/media?parent=20072"}],"wp:term":[{"taxonomy":"category","embeddable":true,"href":"https:\/\/gentedebasquet.com.ar\/sitio\/wp-json\/wp\/v2\/categories?post=20072"},{"taxonomy":"post_tag","embeddable":true,"href":"https:\/\/gentedebasquet.com.ar\/sitio\/wp-json\/wp\/v2\/tags?post=20072"}],"curies":[{"name":"wp","href":"https:\/\/api.w.org\/{rel}","templated":true}]}}