{"id":20082,"date":"2013-11-30T20:49:21","date_gmt":"2013-11-30T20:49:21","guid":{"rendered":"http:\/\/www.gentedebasquet.com.ar\/?p=20082"},"modified":"2013-11-30T20:49:21","modified_gmt":"2013-11-30T20:49:21","slug":"nueve-tiene-aguante","status":"publish","type":"post","link":"https:\/\/gentedebasquet.com.ar\/sitio\/2013\/11\/30\/nueve-tiene-aguante\/","title":{"rendered":"\u00abNueve\u00bb tiene AGUAnte"},"content":{"rendered":"<p><strong><em>Bajo una temperatura agobiante, 9 de Julio venci\u00f3 en Primera a Ferro de Olavarr\u00eda en su estadio 61 a 32, por la \u00faltima fecha de FEMISUR. Ana Liz Carcas, en el local, y Ornela Diez, por el visitante, fueron las m\u00e1ximas anotadoras del partido, con 16. En \u201c9\u201d tambi\u00e9n se destac\u00f3 Guillermina Rial, con 15 (3\/4 3p) y una bomba antol\u00f3gica para cerrar el 2C. Curiosamente, el conjunto por Ramiro Bou no lanz\u00f3 desde 6.75 metros.<!--more--><\/em><\/strong><\/p>\n<p>Desde el inicio mismo se pudo advertir que el juego no iba a tener equivalencias. Con un par de bombas (Monzani y Rial), 9 de Julio tom\u00f3 el liderazgo y lo iba a mantener en toda la tarde, pese a la elevad\u00edsima temperatura que hizo, naturalmente, un juego cansino, de movimientos lentos y pesados. Otro triple de Rial estir\u00f3 la luz de diferencia a 10 puntos (11-1) a 4m56 del cierre del 1C.<\/p>\n<p>Ese parcial vio la salida por una torcedura en el tobillo derecho de Eliana Monzani, aunque su ausencia fue bien disimulada. Aunque el visitante busc\u00f3 mejor conducci\u00f3n con el ingreso de Pittaluga, segu\u00eda perdiendo ante la buena circulaci\u00f3n de pelota del local, que llegaba profundo v\u00eda Carcas, Arro e Ivana L\u00f3pez.<\/p>\n<p>M\u00e1s a\u00fan, la \u00faltima jugada del primer tiempo fue un mazazo a las intenciones de Ferro. Deminicis pidi\u00f3 minuto con 3 segundos por jugar, \u201c9\u201d repuso desde el fondo y Carcas asisti\u00f3 a Rial quien saliendo del mont\u00f3n, clav\u00f3 un triple con mucho vuelo para irse al descanso largo arriba por 22 puntos (32-10). Con todo, Nerina Franco aprovech\u00f3 el partido para mostrar su habilidad y gran capacidad para pasar el bal\u00f3n.<\/p>\n<p>Si bien Rial baj\u00f3 su rendimiento en la segunda etapa, en parte por la marca caj\u00f3n que le propin\u00f3 Bou mand\u00e1ndole a Pereyra a seguirla por toda la cancha, nada iba a modificar el resultado. Reta aprovech\u00f3 sus minutos para anotar y el local segu\u00eda estirando la m\u00e1xima. En frente, Ornela Diez tuvo un interesante cierre de juego, con gol en la pintura y sacrificio en la marca, que le permiti\u00f3 a Ferro ganar el 4C y achicar el margen.<\/p>\n<p><span style=\"color: #ffcc99;\">.<\/span><\/p>\n<p><strong><em><span style=\"text-decoration: underline;\">S\u00edntesis: <\/span><\/em><\/strong><\/p>\n<p><strong>9 de Julio 44: <\/strong><\/p>\n<p>Iniciales: Eliana Monzani (3), Nerina Franco (2), Carolina Arro (5), Guillermina Rial (15) e Ivana L\u00f3pez (4).<\/p>\n<p>Ingresaron: Ana Liz Carcas (16), Joaquina Reta (8), Nancy Elizondo (8) y Magdalena Gorriti (0).<\/p>\n<p>DT: Luciano Deminicis.<\/p>\n<p><strong>Ferro (Olavarr\u00eda):<\/strong><\/p>\n<p>Iniciales: Ornella Diez (16), Sharon Zapata (4), Yohana Pereyra (2), Delfina Rodr\u00edguez (1) y Pamela Di Baja (7).<\/p>\n<p>Ingresaron: Nayla Pittaluga (2), Guadalupe Sarra (0), Ana Modarelli (0) y Amneris Caballero (0).<\/p>\n<p>DT: Ramiro Bou.<\/p>\n<p><strong>\u00a0<\/strong><\/p>\n<p><strong>Cuartos: <\/strong>9 de Julio 20-5, 32-10 (12-5), 47-15 (15-5) y 61-32 (14-17)<\/p>\n<p><strong>Cinco faltas: <\/strong>nadie lleg\u00f3 al l\u00edmite.<\/p>\n<p><strong>\u00c1rbitros: <\/strong>Carrizo y Weimbender.<\/p>\n<p><a class=\"modalf iframe\" title=\"Planilla\" href=\"https:\/\/docs.google.com\/spreadsheet\/pub?key=0AhWH6MgjN9X5dGVVT3J1UFNpd3NadHYxN1VQRmdvZmc&amp;single=true&amp;gid=0&amp;output=html\">Ver Planilla<\/a><\/p>\n<p><span style=\"color: #ffcc99;\">.<\/span><\/p>\n<p><a href=\"http:\/\/www.gentedebasquet.com.ar\/wp-content\/uploads\/2013\/12\/FEMISUR-Ferro-Olavarr\u00eda.jpg\"><img decoding=\"async\" class=\"alignnone size-full wp-image-20084\" title=\"FEMISUR Ferro Olavarr\u00eda\" alt=\"\" src=\"http:\/\/www.gentedebasquet.com.ar\/wp-content\/uploads\/2013\/12\/FEMISUR-Ferro-Olavarr\u00eda.jpg\" width=\"448\" height=\"336\" \/><\/a><\/p>\n","protected":false},"excerpt":{"rendered":"<p>Bajo una temperatura agobiante, 9 de Julio venci\u00f3 en Primera a Ferro de Olavarr\u00eda en su estadio 61 a 32, por la \u00faltima fecha de FEMISUR. Ana Liz Carcas, en el local, y Ornela Diez, por el visitante, fueron las m\u00e1ximas anotadoras del partido, con 16. En \u201c9\u201d tambi\u00e9n se destac\u00f3 Guillermina Rial, con 15 [&hellip;]<\/p>\n","protected":false},"author":1,"featured_media":25582,"comment_status":"open","ping_status":"open","sticky":false,"template":"","format":"standard","meta":{"jnews-multi-image_gallery":[],"jnews_single_post":[],"jnews_primary_category":[],"footnotes":""},"categories":[33],"tags":[2],"class_list":["post-20082","post","type-post","status-publish","format-standard","has-post-thumbnail","hentry","category-femenino","tag-9dejulio"],"yoast_head":"<!-- This site is optimized with the Yoast SEO plugin v27.5 - https:\/\/yoast.com\/product\/yoast-seo-wordpress\/ -->\n<title>&quot;Nueve&quot; tiene AGUAnte - Gente de B\u00e1squet<\/title>\n<meta name=\"robots\" content=\"index, follow, max-snippet:-1, max-image-preview:large, max-video-preview:-1\" \/>\n<link rel=\"canonical\" href=\"http:\/\/gentedebasquet.com.ar\/sitio\/2013\/11\/30\/nueve-tiene-aguante\/\" \/>\n<meta property=\"og:locale\" content=\"es_ES\" \/>\n<meta property=\"og:type\" content=\"article\" \/>\n<meta property=\"og:title\" content=\"&quot;Nueve&quot; tiene AGUAnte - Gente de B\u00e1squet\" \/>\n<meta property=\"og:description\" content=\"Bajo una temperatura agobiante, 9 de Julio venci\u00f3 en Primera a Ferro de Olavarr\u00eda en su estadio 61 a 32, por la \u00faltima fecha de FEMISUR. Ana Liz Carcas, en el local, y Ornela Diez, por el visitante, fueron las m\u00e1ximas anotadoras del partido, con 16. En \u201c9\u201d tambi\u00e9n se destac\u00f3 Guillermina Rial, con 15 [&hellip;]\" \/>\n<meta property=\"og:url\" content=\"http:\/\/gentedebasquet.com.ar\/sitio\/2013\/11\/30\/nueve-tiene-aguante\/\" \/>\n<meta property=\"og:site_name\" content=\"Gente de B\u00e1squet\" \/>\n<meta property=\"article:published_time\" content=\"2013-11-30T20:49:21+00:00\" \/>\n<meta property=\"og:image\" content=\"http:\/\/gentedebasquet.com.ar\/sitio\/wp-content\/uploads\/2013\/11\/FEMISUR-9-de-Julio-Ferro.jpg\" \/>\n\t<meta property=\"og:image:width\" content=\"300\" \/>\n\t<meta property=\"og:image:height\" content=\"225\" \/>\n\t<meta property=\"og:image:type\" content=\"image\/jpeg\" \/>\n<meta name=\"author\" content=\"Gente de B\u00e1squet\" \/>\n<meta name=\"twitter:card\" content=\"summary_large_image\" \/>\n<meta name=\"twitter:label1\" content=\"Escrito por\" \/>\n\t<meta name=\"twitter:data1\" content=\"Gente de B\u00e1squet\" \/>\n\t<meta name=\"twitter:label2\" content=\"Tiempo de lectura\" \/>\n\t<meta name=\"twitter:data2\" content=\"2 minutos\" \/>\n<script type=\"application\/ld+json\" class=\"yoast-schema-graph\">{\"@context\":\"https:\\\/\\\/schema.org\",\"@graph\":[{\"@type\":\"Article\",\"@id\":\"http:\\\/\\\/gentedebasquet.com.ar\\\/sitio\\\/2013\\\/11\\\/30\\\/nueve-tiene-aguante\\\/#article\",\"isPartOf\":{\"@id\":\"http:\\\/\\\/gentedebasquet.com.ar\\\/sitio\\\/2013\\\/11\\\/30\\\/nueve-tiene-aguante\\\/\"},\"author\":{\"name\":\"Gente de B\u00e1squet\",\"@id\":\"http:\\\/\\\/gentedebasquet.com.ar\\\/sitio\\\/#\\\/schema\\\/person\\\/ca0b63bbb977369988a7bbbdc519943a\"},\"headline\":\"\u00abNueve\u00bb tiene AGUAnte\",\"datePublished\":\"2013-11-30T20:49:21+00:00\",\"mainEntityOfPage\":{\"@id\":\"http:\\\/\\\/gentedebasquet.com.ar\\\/sitio\\\/2013\\\/11\\\/30\\\/nueve-tiene-aguante\\\/\"},\"wordCount\":445,\"commentCount\":0,\"image\":{\"@id\":\"http:\\\/\\\/gentedebasquet.com.ar\\\/sitio\\\/2013\\\/11\\\/30\\\/nueve-tiene-aguante\\\/#primaryimage\"},\"thumbnailUrl\":\"https:\\\/\\\/gentedebasquet.com.ar\\\/sitio\\\/wp-content\\\/uploads\\\/2013\\\/11\\\/FEMISUR-9-de-Julio-Ferro.jpg\",\"keywords\":[\"9 de Julio\"],\"articleSection\":[\"Femenino\"],\"inLanguage\":\"es\",\"potentialAction\":[{\"@type\":\"CommentAction\",\"name\":\"Comment\",\"target\":[\"http:\\\/\\\/gentedebasquet.com.ar\\\/sitio\\\/2013\\\/11\\\/30\\\/nueve-tiene-aguante\\\/#respond\"]}]},{\"@type\":\"WebPage\",\"@id\":\"http:\\\/\\\/gentedebasquet.com.ar\\\/sitio\\\/2013\\\/11\\\/30\\\/nueve-tiene-aguante\\\/\",\"url\":\"http:\\\/\\\/gentedebasquet.com.ar\\\/sitio\\\/2013\\\/11\\\/30\\\/nueve-tiene-aguante\\\/\",\"name\":\"\\\"Nueve\\\" tiene AGUAnte - Gente de B\u00e1squet\",\"isPartOf\":{\"@id\":\"http:\\\/\\\/gentedebasquet.com.ar\\\/sitio\\\/#website\"},\"primaryImageOfPage\":{\"@id\":\"http:\\\/\\\/gentedebasquet.com.ar\\\/sitio\\\/2013\\\/11\\\/30\\\/nueve-tiene-aguante\\\/#primaryimage\"},\"image\":{\"@id\":\"http:\\\/\\\/gentedebasquet.com.ar\\\/sitio\\\/2013\\\/11\\\/30\\\/nueve-tiene-aguante\\\/#primaryimage\"},\"thumbnailUrl\":\"https:\\\/\\\/gentedebasquet.com.ar\\\/sitio\\\/wp-content\\\/uploads\\\/2013\\\/11\\\/FEMISUR-9-de-Julio-Ferro.jpg\",\"datePublished\":\"2013-11-30T20:49:21+00:00\",\"author\":{\"@id\":\"http:\\\/\\\/gentedebasquet.com.ar\\\/sitio\\\/#\\\/schema\\\/person\\\/ca0b63bbb977369988a7bbbdc519943a\"},\"breadcrumb\":{\"@id\":\"http:\\\/\\\/gentedebasquet.com.ar\\\/sitio\\\/2013\\\/11\\\/30\\\/nueve-tiene-aguante\\\/#breadcrumb\"},\"inLanguage\":\"es\",\"potentialAction\":[{\"@type\":\"ReadAction\",\"target\":[\"http:\\\/\\\/gentedebasquet.com.ar\\\/sitio\\\/2013\\\/11\\\/30\\\/nueve-tiene-aguante\\\/\"]}]},{\"@type\":\"ImageObject\",\"inLanguage\":\"es\",\"@id\":\"http:\\\/\\\/gentedebasquet.com.ar\\\/sitio\\\/2013\\\/11\\\/30\\\/nueve-tiene-aguante\\\/#primaryimage\",\"url\":\"https:\\\/\\\/gentedebasquet.com.ar\\\/sitio\\\/wp-content\\\/uploads\\\/2013\\\/11\\\/FEMISUR-9-de-Julio-Ferro.jpg\",\"contentUrl\":\"https:\\\/\\\/gentedebasquet.com.ar\\\/sitio\\\/wp-content\\\/uploads\\\/2013\\\/11\\\/FEMISUR-9-de-Julio-Ferro.jpg\",\"width\":300,\"height\":225},{\"@type\":\"BreadcrumbList\",\"@id\":\"http:\\\/\\\/gentedebasquet.com.ar\\\/sitio\\\/2013\\\/11\\\/30\\\/nueve-tiene-aguante\\\/#breadcrumb\",\"itemListElement\":[{\"@type\":\"ListItem\",\"position\":1,\"name\":\"Portada\",\"item\":\"http:\\\/\\\/gentedebasquet.com.ar\\\/sitio\\\/\"},{\"@type\":\"ListItem\",\"position\":2,\"name\":\"\u00abNueve\u00bb tiene AGUAnte\"}]},{\"@type\":\"WebSite\",\"@id\":\"http:\\\/\\\/gentedebasquet.com.ar\\\/sitio\\\/#website\",\"url\":\"http:\\\/\\\/gentedebasquet.com.ar\\\/sitio\\\/\",\"name\":\"Gente de B\u00e1squet\",\"description\":\"La revista del basquet de Bah\u00eda Blanca\",\"potentialAction\":[{\"@type\":\"SearchAction\",\"target\":{\"@type\":\"EntryPoint\",\"urlTemplate\":\"http:\\\/\\\/gentedebasquet.com.ar\\\/sitio\\\/?s={search_term_string}\"},\"query-input\":{\"@type\":\"PropertyValueSpecification\",\"valueRequired\":true,\"valueName\":\"search_term_string\"}}],\"inLanguage\":\"es\"},{\"@type\":\"Person\",\"@id\":\"http:\\\/\\\/gentedebasquet.com.ar\\\/sitio\\\/#\\\/schema\\\/person\\\/ca0b63bbb977369988a7bbbdc519943a\",\"name\":\"Gente de B\u00e1squet\",\"image\":{\"@type\":\"ImageObject\",\"inLanguage\":\"es\",\"@id\":\"https:\\\/\\\/secure.gravatar.com\\\/avatar\\\/7f2c48bdc33b30088f941fb6082e555f2874c98e20cb159d7b92b50eadfce793?s=96&d=mm&r=g\",\"url\":\"https:\\\/\\\/secure.gravatar.com\\\/avatar\\\/7f2c48bdc33b30088f941fb6082e555f2874c98e20cb159d7b92b50eadfce793?s=96&d=mm&r=g\",\"contentUrl\":\"https:\\\/\\\/secure.gravatar.com\\\/avatar\\\/7f2c48bdc33b30088f941fb6082e555f2874c98e20cb159d7b92b50eadfce793?s=96&d=mm&r=g\",\"caption\":\"Gente de B\u00e1squet\"},\"sameAs\":[\"http:\\\/\\\/gentedebasquet.com.ar\\\/sitio\"],\"url\":\"https:\\\/\\\/gentedebasquet.com.ar\\\/sitio\\\/author\\\/ulises\\\/\"}]}<\/script>\n<!-- \/ Yoast SEO plugin. -->","yoast_head_json":{"title":"\"Nueve\" tiene AGUAnte - Gente de B\u00e1squet","robots":{"index":"index","follow":"follow","max-snippet":"max-snippet:-1","max-image-preview":"max-image-preview:large","max-video-preview":"max-video-preview:-1"},"canonical":"http:\/\/gentedebasquet.com.ar\/sitio\/2013\/11\/30\/nueve-tiene-aguante\/","og_locale":"es_ES","og_type":"article","og_title":"\"Nueve\" tiene AGUAnte - Gente de B\u00e1squet","og_description":"Bajo una temperatura agobiante, 9 de Julio venci\u00f3 en Primera a Ferro de Olavarr\u00eda en su estadio 61 a 32, por la \u00faltima fecha de FEMISUR. Ana Liz Carcas, en el local, y Ornela Diez, por el visitante, fueron las m\u00e1ximas anotadoras del partido, con 16. En \u201c9\u201d tambi\u00e9n se destac\u00f3 Guillermina Rial, con 15 [&hellip;]","og_url":"http:\/\/gentedebasquet.com.ar\/sitio\/2013\/11\/30\/nueve-tiene-aguante\/","og_site_name":"Gente de B\u00e1squet","article_published_time":"2013-11-30T20:49:21+00:00","og_image":[{"width":300,"height":225,"url":"http:\/\/gentedebasquet.com.ar\/sitio\/wp-content\/uploads\/2013\/11\/FEMISUR-9-de-Julio-Ferro.jpg","type":"image\/jpeg"}],"author":"Gente de B\u00e1squet","twitter_card":"summary_large_image","twitter_misc":{"Escrito por":"Gente de B\u00e1squet","Tiempo de lectura":"2 minutos"},"schema":{"@context":"https:\/\/schema.org","@graph":[{"@type":"Article","@id":"http:\/\/gentedebasquet.com.ar\/sitio\/2013\/11\/30\/nueve-tiene-aguante\/#article","isPartOf":{"@id":"http:\/\/gentedebasquet.com.ar\/sitio\/2013\/11\/30\/nueve-tiene-aguante\/"},"author":{"name":"Gente de B\u00e1squet","@id":"http:\/\/gentedebasquet.com.ar\/sitio\/#\/schema\/person\/ca0b63bbb977369988a7bbbdc519943a"},"headline":"\u00abNueve\u00bb tiene AGUAnte","datePublished":"2013-11-30T20:49:21+00:00","mainEntityOfPage":{"@id":"http:\/\/gentedebasquet.com.ar\/sitio\/2013\/11\/30\/nueve-tiene-aguante\/"},"wordCount":445,"commentCount":0,"image":{"@id":"http:\/\/gentedebasquet.com.ar\/sitio\/2013\/11\/30\/nueve-tiene-aguante\/#primaryimage"},"thumbnailUrl":"https:\/\/gentedebasquet.com.ar\/sitio\/wp-content\/uploads\/2013\/11\/FEMISUR-9-de-Julio-Ferro.jpg","keywords":["9 de Julio"],"articleSection":["Femenino"],"inLanguage":"es","potentialAction":[{"@type":"CommentAction","name":"Comment","target":["http:\/\/gentedebasquet.com.ar\/sitio\/2013\/11\/30\/nueve-tiene-aguante\/#respond"]}]},{"@type":"WebPage","@id":"http:\/\/gentedebasquet.com.ar\/sitio\/2013\/11\/30\/nueve-tiene-aguante\/","url":"http:\/\/gentedebasquet.com.ar\/sitio\/2013\/11\/30\/nueve-tiene-aguante\/","name":"\"Nueve\" tiene AGUAnte - Gente de B\u00e1squet","isPartOf":{"@id":"http:\/\/gentedebasquet.com.ar\/sitio\/#website"},"primaryImageOfPage":{"@id":"http:\/\/gentedebasquet.com.ar\/sitio\/2013\/11\/30\/nueve-tiene-aguante\/#primaryimage"},"image":{"@id":"http:\/\/gentedebasquet.com.ar\/sitio\/2013\/11\/30\/nueve-tiene-aguante\/#primaryimage"},"thumbnailUrl":"https:\/\/gentedebasquet.com.ar\/sitio\/wp-content\/uploads\/2013\/11\/FEMISUR-9-de-Julio-Ferro.jpg","datePublished":"2013-11-30T20:49:21+00:00","author":{"@id":"http:\/\/gentedebasquet.com.ar\/sitio\/#\/schema\/person\/ca0b63bbb977369988a7bbbdc519943a"},"breadcrumb":{"@id":"http:\/\/gentedebasquet.com.ar\/sitio\/2013\/11\/30\/nueve-tiene-aguante\/#breadcrumb"},"inLanguage":"es","potentialAction":[{"@type":"ReadAction","target":["http:\/\/gentedebasquet.com.ar\/sitio\/2013\/11\/30\/nueve-tiene-aguante\/"]}]},{"@type":"ImageObject","inLanguage":"es","@id":"http:\/\/gentedebasquet.com.ar\/sitio\/2013\/11\/30\/nueve-tiene-aguante\/#primaryimage","url":"https:\/\/gentedebasquet.com.ar\/sitio\/wp-content\/uploads\/2013\/11\/FEMISUR-9-de-Julio-Ferro.jpg","contentUrl":"https:\/\/gentedebasquet.com.ar\/sitio\/wp-content\/uploads\/2013\/11\/FEMISUR-9-de-Julio-Ferro.jpg","width":300,"height":225},{"@type":"BreadcrumbList","@id":"http:\/\/gentedebasquet.com.ar\/sitio\/2013\/11\/30\/nueve-tiene-aguante\/#breadcrumb","itemListElement":[{"@type":"ListItem","position":1,"name":"Portada","item":"http:\/\/gentedebasquet.com.ar\/sitio\/"},{"@type":"ListItem","position":2,"name":"\u00abNueve\u00bb tiene AGUAnte"}]},{"@type":"WebSite","@id":"http:\/\/gentedebasquet.com.ar\/sitio\/#website","url":"http:\/\/gentedebasquet.com.ar\/sitio\/","name":"Gente de B\u00e1squet","description":"La revista del basquet de Bah\u00eda Blanca","potentialAction":[{"@type":"SearchAction","target":{"@type":"EntryPoint","urlTemplate":"http:\/\/gentedebasquet.com.ar\/sitio\/?s={search_term_string}"},"query-input":{"@type":"PropertyValueSpecification","valueRequired":true,"valueName":"search_term_string"}}],"inLanguage":"es"},{"@type":"Person","@id":"http:\/\/gentedebasquet.com.ar\/sitio\/#\/schema\/person\/ca0b63bbb977369988a7bbbdc519943a","name":"Gente de B\u00e1squet","image":{"@type":"ImageObject","inLanguage":"es","@id":"https:\/\/secure.gravatar.com\/avatar\/7f2c48bdc33b30088f941fb6082e555f2874c98e20cb159d7b92b50eadfce793?s=96&d=mm&r=g","url":"https:\/\/secure.gravatar.com\/avatar\/7f2c48bdc33b30088f941fb6082e555f2874c98e20cb159d7b92b50eadfce793?s=96&d=mm&r=g","contentUrl":"https:\/\/secure.gravatar.com\/avatar\/7f2c48bdc33b30088f941fb6082e555f2874c98e20cb159d7b92b50eadfce793?s=96&d=mm&r=g","caption":"Gente de B\u00e1squet"},"sameAs":["http:\/\/gentedebasquet.com.ar\/sitio"],"url":"https:\/\/gentedebasquet.com.ar\/sitio\/author\/ulises\/"}]}},"_links":{"self":[{"href":"https:\/\/gentedebasquet.com.ar\/sitio\/wp-json\/wp\/v2\/posts\/20082","targetHints":{"allow":["GET"]}}],"collection":[{"href":"https:\/\/gentedebasquet.com.ar\/sitio\/wp-json\/wp\/v2\/posts"}],"about":[{"href":"https:\/\/gentedebasquet.com.ar\/sitio\/wp-json\/wp\/v2\/types\/post"}],"author":[{"embeddable":true,"href":"https:\/\/gentedebasquet.com.ar\/sitio\/wp-json\/wp\/v2\/users\/1"}],"replies":[{"embeddable":true,"href":"https:\/\/gentedebasquet.com.ar\/sitio\/wp-json\/wp\/v2\/comments?post=20082"}],"version-history":[{"count":0,"href":"https:\/\/gentedebasquet.com.ar\/sitio\/wp-json\/wp\/v2\/posts\/20082\/revisions"}],"wp:featuredmedia":[{"embeddable":true,"href":"https:\/\/gentedebasquet.com.ar\/sitio\/wp-json\/wp\/v2\/media\/25582"}],"wp:attachment":[{"href":"https:\/\/gentedebasquet.com.ar\/sitio\/wp-json\/wp\/v2\/media?parent=20082"}],"wp:term":[{"taxonomy":"category","embeddable":true,"href":"https:\/\/gentedebasquet.com.ar\/sitio\/wp-json\/wp\/v2\/categories?post=20082"},{"taxonomy":"post_tag","embeddable":true,"href":"https:\/\/gentedebasquet.com.ar\/sitio\/wp-json\/wp\/v2\/tags?post=20082"}],"curies":[{"name":"wp","href":"https:\/\/api.w.org\/{rel}","templated":true}]}}