{"id":20106,"date":"2013-12-01T16:07:47","date_gmt":"2013-12-01T16:07:47","guid":{"rendered":"http:\/\/www.gentedebasquet.com.ar\/?p=20106"},"modified":"2013-12-01T16:07:47","modified_gmt":"2013-12-01T16:07:47","slug":"mal-partido-de-richotti-en-malaga","status":"publish","type":"post","link":"https:\/\/gentedebasquet.com.ar\/sitio\/2013\/12\/01\/mal-partido-de-richotti-en-malaga\/","title":{"rendered":"\u00abMal partido\u00bb de Richotti en M\u00e1laga"},"content":{"rendered":"<p><em><strong><a href=\"http:\/\/www.gentedebasquet.com.ar\/wp-content\/uploads\/2013\/12\/TEN1.jpg\"><img decoding=\"async\" class=\"alignnone size-full wp-image-20108\" title=\"Richotti Canarias Unicaja\" src=\"http:\/\/www.gentedebasquet.com.ar\/wp-content\/uploads\/2013\/12\/TEN1.jpg\" alt=\"\" width=\"448\" height=\"336\" \/><\/a>El Iberostar Tenerife cay\u00f3 derrotado en su visita al poderoso Unicaja de M\u00e1laga 88-73. El bahiense Nicol\u00e1s Richotti no anot\u00f3 puntos en 15 minutos de juego y expres\u00f3 su malestar en su cuenta de twitter: \u00abA\u00a0seguir trabajando para el pr\u00f3ximo\u00bb. Se encuentran 9\u00ba en la Liga Endesa espa\u00f1ola.<!--more--><\/strong><\/em><\/p>\n<p>Pese a un inicio esperanzador, el grupo de Alejandro Mart\u00ednez acab\u00f3 sucumbiendo a la l\u00f3gica. Con el partido roto a favor de los anfitriones, el conjunto tinerfe\u00f1o tuvo los arrestos de forzar un final parejo, pero cay\u00f3 v\u00edctima de la impotencia en un querer y no poder.<\/p>\n<p>Arranc\u00f3 bien el equipo aurinegro (2-7, 2\u2019, tras triple de Rost), pero se fue diluyendo a medida que perdi\u00f3 fuerza en el rebote (13 rechaces para los locales por s\u00f3lo cinco canaristas al cierre del primer cuarto). Las segundas opciones dieron confianza a los malague\u00f1os, que comenzaron a desplegar su amplio repertorio de recursos. Con Stimac marcando territorio en las dos zonas (seis rebotes en los seis primeros minutos) y Jayson Granger asumiendo responsabilidades en ataque, los andaluces cogieron las riendas del electr\u00f3nico (16-13, 10\u2019).<\/p>\n<p>Los problemas crec\u00edan para el Iberostar Tenerife, mermado en la direcci\u00f3n por un Ricardo \u00dariz muy dolorido en su muslo izquierdo tras un encontronazo con Stimac en un contraataque. Fue entonces cuando el Unicaja M\u00e1laga hurg\u00f3 en la herida e intent\u00f3 romper el partido. Apretaron atr\u00e1s los de Joan Plaza e iniciaron con dos triples de Calloway y Caner-Medley un parcial de 10-0 (23-13, 12\u2019), que abr\u00eda brecha en el marcador.<\/p>\n<p>El Iberostar Tenerife pasaba entonces por sus peores minutos (36-19, 15\u2019) y s\u00f3lo los balones interiores a Blagota Sekulic y varios aciertos consecutivos de Luke Sikma, con un triple intercalado de Carles Bivi\u00e1, evitaba la estampida de los locales, que no obstante aprovechaban un nuevo acierto de Calloway desde el 6,75 sobre la bocina para irse al receso 14 arriba (48-34, 20\u2019). No mejor\u00f3 el panorama tras la pausa. Ya sin \u00dariz, el conjunto canarista no acababa de encontrar su juego, superado por un rival inspirado y con argumentos de sobra.<\/p>\n<p>Los cent\u00edmetros de V\u00e1zquez y las penetraciones de Dragic, al son de un atinado Granger, ampliaron la renta local hasta los 22 puntos (62-40, 25\u2019). Pese a todo, el Iberostar Tenerife no tir\u00f3 la toalla y lleg\u00f3 incluso a rebajar la desventaja hasta los 13 puntos (71-58, 30\u2019), pero cinco puntos consecutivos de Caner Medley devolvieron el partido al gui\u00f3n que m\u00e1s le interesaba al Unicaja.<\/p>\n<p>Ni siquiera la brega de Fajardo en la recta final, el buen hacer de Sikma, que sigue creciendo en su primera toma de contacto con la ACB; el empe\u00f1o del colectivo o un par de acciones espectaculares de Blanco pudieron remediar la derrota aurinegra ante un rival, el andaluz, con una bater\u00eda tremenda de recursos capacitada para castigar casi a cualquiera que se atreva a plantarle cara en el Carpena.<\/p>\n<p><em><strong>Nicol\u00e1s Richotti en n\u00fameros:<\/strong> <\/em>0 puntos (0\/1 3p, 0\/4 2p), 1 rebote, 5 asistencias, 1 robo y 2 p\u00e9rdidas en 15m.<\/p>\n<blockquote class=\"twitter-tweet\" lang=\"es\"><p>Mal partido el de hoy, a seguir trabajando para el pr\u00f3ximo. <a href=\"https:\/\/twitter.com\/search?q=%23workhard&amp;src=hash\">#workhard<\/a><\/p>\n<p>\u2014 Nicolas Richotti (@nico_rchtt) <a href=\"https:\/\/twitter.com\/nico_rchtt\/statuses\/407153906729234432\">diciembre 1, 2013<\/a><\/p><\/blockquote>\n<p>&nbsp;<\/p>\n<p>Informe y foto: Prensa CB Canarias.<\/p>\n","protected":false},"excerpt":{"rendered":"<p>El Iberostar Tenerife cay\u00f3 derrotado en su visita al poderoso Unicaja de M\u00e1laga 88-73. El bahiense Nicol\u00e1s Richotti no anot\u00f3 puntos en 15 minutos de juego y expres\u00f3 su malestar en su cuenta de twitter: \u00abA\u00a0seguir trabajando para el pr\u00f3ximo\u00bb. Se encuentran 9\u00ba en la Liga Endesa espa\u00f1ola.<\/p>\n","protected":false},"author":1,"featured_media":0,"comment_status":"open","ping_status":"open","sticky":false,"template":"","format":"standard","meta":{"jnews-multi-image_gallery":[],"jnews_single_post":[],"jnews_primary_category":[],"footnotes":""},"categories":[34],"tags":[],"class_list":["post-20106","post","type-post","status-publish","format-standard","hentry","category-bahienses-afuera"],"yoast_head":"<!-- This site is optimized with the Yoast SEO plugin v27.5 - https:\/\/yoast.com\/product\/yoast-seo-wordpress\/ -->\n<title>&quot;Mal partido&quot; de Richotti en M\u00e1laga - Gente de B\u00e1squet<\/title>\n<meta name=\"robots\" content=\"index, follow, max-snippet:-1, max-image-preview:large, max-video-preview:-1\" \/>\n<link rel=\"canonical\" href=\"https:\/\/gentedebasquet.com.ar\/sitio\/2013\/12\/01\/mal-partido-de-richotti-en-malaga\/\" \/>\n<meta property=\"og:locale\" content=\"es_ES\" \/>\n<meta property=\"og:type\" content=\"article\" \/>\n<meta property=\"og:title\" content=\"&quot;Mal partido&quot; de Richotti en M\u00e1laga - Gente de B\u00e1squet\" \/>\n<meta property=\"og:description\" content=\"El Iberostar Tenerife cay\u00f3 derrotado en su visita al poderoso Unicaja de M\u00e1laga 88-73. El bahiense Nicol\u00e1s Richotti no anot\u00f3 puntos en 15 minutos de juego y expres\u00f3 su malestar en su cuenta de twitter: \u00abA\u00a0seguir trabajando para el pr\u00f3ximo\u00bb. Se encuentran 9\u00ba en la Liga Endesa espa\u00f1ola.\" \/>\n<meta property=\"og:url\" content=\"https:\/\/gentedebasquet.com.ar\/sitio\/2013\/12\/01\/mal-partido-de-richotti-en-malaga\/\" \/>\n<meta property=\"og:site_name\" content=\"Gente de B\u00e1squet\" \/>\n<meta property=\"article:published_time\" content=\"2013-12-01T16:07:47+00:00\" \/>\n<meta property=\"og:image\" content=\"http:\/\/www.gentedebasquet.com.ar\/wp-content\/uploads\/2013\/12\/TEN1.jpg\" \/>\n<meta name=\"author\" content=\"Gente de B\u00e1squet\" \/>\n<meta name=\"twitter:card\" content=\"summary_large_image\" \/>\n<meta name=\"twitter:label1\" content=\"Escrito por\" \/>\n\t<meta name=\"twitter:data1\" content=\"Gente de B\u00e1squet\" \/>\n\t<meta name=\"twitter:label2\" content=\"Tiempo de lectura\" \/>\n\t<meta name=\"twitter:data2\" content=\"3 minutos\" \/>\n<script type=\"application\/ld+json\" class=\"yoast-schema-graph\">{\"@context\":\"https:\\\/\\\/schema.org\",\"@graph\":[{\"@type\":\"Article\",\"@id\":\"https:\\\/\\\/gentedebasquet.com.ar\\\/sitio\\\/2013\\\/12\\\/01\\\/mal-partido-de-richotti-en-malaga\\\/#article\",\"isPartOf\":{\"@id\":\"https:\\\/\\\/gentedebasquet.com.ar\\\/sitio\\\/2013\\\/12\\\/01\\\/mal-partido-de-richotti-en-malaga\\\/\"},\"author\":{\"name\":\"Gente de B\u00e1squet\",\"@id\":\"https:\\\/\\\/gentedebasquet.com.ar\\\/sitio\\\/#\\\/schema\\\/person\\\/ca0b63bbb977369988a7bbbdc519943a\"},\"headline\":\"\u00abMal partido\u00bb de Richotti en M\u00e1laga\",\"datePublished\":\"2013-12-01T16:07:47+00:00\",\"mainEntityOfPage\":{\"@id\":\"https:\\\/\\\/gentedebasquet.com.ar\\\/sitio\\\/2013\\\/12\\\/01\\\/mal-partido-de-richotti-en-malaga\\\/\"},\"wordCount\":537,\"commentCount\":0,\"image\":{\"@id\":\"https:\\\/\\\/gentedebasquet.com.ar\\\/sitio\\\/2013\\\/12\\\/01\\\/mal-partido-de-richotti-en-malaga\\\/#primaryimage\"},\"thumbnailUrl\":\"http:\\\/\\\/www.gentedebasquet.com.ar\\\/wp-content\\\/uploads\\\/2013\\\/12\\\/TEN1.jpg\",\"articleSection\":[\"Bahienses Afuera\"],\"inLanguage\":\"es\",\"potentialAction\":[{\"@type\":\"CommentAction\",\"name\":\"Comment\",\"target\":[\"https:\\\/\\\/gentedebasquet.com.ar\\\/sitio\\\/2013\\\/12\\\/01\\\/mal-partido-de-richotti-en-malaga\\\/#respond\"]}]},{\"@type\":\"WebPage\",\"@id\":\"https:\\\/\\\/gentedebasquet.com.ar\\\/sitio\\\/2013\\\/12\\\/01\\\/mal-partido-de-richotti-en-malaga\\\/\",\"url\":\"https:\\\/\\\/gentedebasquet.com.ar\\\/sitio\\\/2013\\\/12\\\/01\\\/mal-partido-de-richotti-en-malaga\\\/\",\"name\":\"\\\"Mal partido\\\" de Richotti en M\u00e1laga - Gente de B\u00e1squet\",\"isPartOf\":{\"@id\":\"https:\\\/\\\/gentedebasquet.com.ar\\\/sitio\\\/#website\"},\"primaryImageOfPage\":{\"@id\":\"https:\\\/\\\/gentedebasquet.com.ar\\\/sitio\\\/2013\\\/12\\\/01\\\/mal-partido-de-richotti-en-malaga\\\/#primaryimage\"},\"image\":{\"@id\":\"https:\\\/\\\/gentedebasquet.com.ar\\\/sitio\\\/2013\\\/12\\\/01\\\/mal-partido-de-richotti-en-malaga\\\/#primaryimage\"},\"thumbnailUrl\":\"http:\\\/\\\/www.gentedebasquet.com.ar\\\/wp-content\\\/uploads\\\/2013\\\/12\\\/TEN1.jpg\",\"datePublished\":\"2013-12-01T16:07:47+00:00\",\"author\":{\"@id\":\"https:\\\/\\\/gentedebasquet.com.ar\\\/sitio\\\/#\\\/schema\\\/person\\\/ca0b63bbb977369988a7bbbdc519943a\"},\"breadcrumb\":{\"@id\":\"https:\\\/\\\/gentedebasquet.com.ar\\\/sitio\\\/2013\\\/12\\\/01\\\/mal-partido-de-richotti-en-malaga\\\/#breadcrumb\"},\"inLanguage\":\"es\",\"potentialAction\":[{\"@type\":\"ReadAction\",\"target\":[\"https:\\\/\\\/gentedebasquet.com.ar\\\/sitio\\\/2013\\\/12\\\/01\\\/mal-partido-de-richotti-en-malaga\\\/\"]}]},{\"@type\":\"ImageObject\",\"inLanguage\":\"es\",\"@id\":\"https:\\\/\\\/gentedebasquet.com.ar\\\/sitio\\\/2013\\\/12\\\/01\\\/mal-partido-de-richotti-en-malaga\\\/#primaryimage\",\"url\":\"http:\\\/\\\/www.gentedebasquet.com.ar\\\/wp-content\\\/uploads\\\/2013\\\/12\\\/TEN1.jpg\",\"contentUrl\":\"http:\\\/\\\/www.gentedebasquet.com.ar\\\/wp-content\\\/uploads\\\/2013\\\/12\\\/TEN1.jpg\"},{\"@type\":\"BreadcrumbList\",\"@id\":\"https:\\\/\\\/gentedebasquet.com.ar\\\/sitio\\\/2013\\\/12\\\/01\\\/mal-partido-de-richotti-en-malaga\\\/#breadcrumb\",\"itemListElement\":[{\"@type\":\"ListItem\",\"position\":1,\"name\":\"Portada\",\"item\":\"https:\\\/\\\/gentedebasquet.com.ar\\\/sitio\\\/\"},{\"@type\":\"ListItem\",\"position\":2,\"name\":\"\u00abMal partido\u00bb de Richotti en M\u00e1laga\"}]},{\"@type\":\"WebSite\",\"@id\":\"https:\\\/\\\/gentedebasquet.com.ar\\\/sitio\\\/#website\",\"url\":\"https:\\\/\\\/gentedebasquet.com.ar\\\/sitio\\\/\",\"name\":\"Gente de B\u00e1squet\",\"description\":\"La revista del basquet de Bah\u00eda Blanca\",\"potentialAction\":[{\"@type\":\"SearchAction\",\"target\":{\"@type\":\"EntryPoint\",\"urlTemplate\":\"https:\\\/\\\/gentedebasquet.com.ar\\\/sitio\\\/?s={search_term_string}\"},\"query-input\":{\"@type\":\"PropertyValueSpecification\",\"valueRequired\":true,\"valueName\":\"search_term_string\"}}],\"inLanguage\":\"es\"},{\"@type\":\"Person\",\"@id\":\"https:\\\/\\\/gentedebasquet.com.ar\\\/sitio\\\/#\\\/schema\\\/person\\\/ca0b63bbb977369988a7bbbdc519943a\",\"name\":\"Gente de B\u00e1squet\",\"image\":{\"@type\":\"ImageObject\",\"inLanguage\":\"es\",\"@id\":\"https:\\\/\\\/secure.gravatar.com\\\/avatar\\\/7f2c48bdc33b30088f941fb6082e555f2874c98e20cb159d7b92b50eadfce793?s=96&d=mm&r=g\",\"url\":\"https:\\\/\\\/secure.gravatar.com\\\/avatar\\\/7f2c48bdc33b30088f941fb6082e555f2874c98e20cb159d7b92b50eadfce793?s=96&d=mm&r=g\",\"contentUrl\":\"https:\\\/\\\/secure.gravatar.com\\\/avatar\\\/7f2c48bdc33b30088f941fb6082e555f2874c98e20cb159d7b92b50eadfce793?s=96&d=mm&r=g\",\"caption\":\"Gente de B\u00e1squet\"},\"sameAs\":[\"http:\\\/\\\/gentedebasquet.com.ar\\\/sitio\"],\"url\":\"https:\\\/\\\/gentedebasquet.com.ar\\\/sitio\\\/author\\\/ulises\\\/\"}]}<\/script>\n<!-- \/ Yoast SEO plugin. -->","yoast_head_json":{"title":"\"Mal partido\" de Richotti en M\u00e1laga - Gente de B\u00e1squet","robots":{"index":"index","follow":"follow","max-snippet":"max-snippet:-1","max-image-preview":"max-image-preview:large","max-video-preview":"max-video-preview:-1"},"canonical":"https:\/\/gentedebasquet.com.ar\/sitio\/2013\/12\/01\/mal-partido-de-richotti-en-malaga\/","og_locale":"es_ES","og_type":"article","og_title":"\"Mal partido\" de Richotti en M\u00e1laga - Gente de B\u00e1squet","og_description":"El Iberostar Tenerife cay\u00f3 derrotado en su visita al poderoso Unicaja de M\u00e1laga 88-73. El bahiense Nicol\u00e1s Richotti no anot\u00f3 puntos en 15 minutos de juego y expres\u00f3 su malestar en su cuenta de twitter: \u00abA\u00a0seguir trabajando para el pr\u00f3ximo\u00bb. Se encuentran 9\u00ba en la Liga Endesa espa\u00f1ola.","og_url":"https:\/\/gentedebasquet.com.ar\/sitio\/2013\/12\/01\/mal-partido-de-richotti-en-malaga\/","og_site_name":"Gente de B\u00e1squet","article_published_time":"2013-12-01T16:07:47+00:00","og_image":[{"url":"http:\/\/www.gentedebasquet.com.ar\/wp-content\/uploads\/2013\/12\/TEN1.jpg","type":"","width":"","height":""}],"author":"Gente de B\u00e1squet","twitter_card":"summary_large_image","twitter_misc":{"Escrito por":"Gente de B\u00e1squet","Tiempo de lectura":"3 minutos"},"schema":{"@context":"https:\/\/schema.org","@graph":[{"@type":"Article","@id":"https:\/\/gentedebasquet.com.ar\/sitio\/2013\/12\/01\/mal-partido-de-richotti-en-malaga\/#article","isPartOf":{"@id":"https:\/\/gentedebasquet.com.ar\/sitio\/2013\/12\/01\/mal-partido-de-richotti-en-malaga\/"},"author":{"name":"Gente de B\u00e1squet","@id":"https:\/\/gentedebasquet.com.ar\/sitio\/#\/schema\/person\/ca0b63bbb977369988a7bbbdc519943a"},"headline":"\u00abMal partido\u00bb de Richotti en M\u00e1laga","datePublished":"2013-12-01T16:07:47+00:00","mainEntityOfPage":{"@id":"https:\/\/gentedebasquet.com.ar\/sitio\/2013\/12\/01\/mal-partido-de-richotti-en-malaga\/"},"wordCount":537,"commentCount":0,"image":{"@id":"https:\/\/gentedebasquet.com.ar\/sitio\/2013\/12\/01\/mal-partido-de-richotti-en-malaga\/#primaryimage"},"thumbnailUrl":"http:\/\/www.gentedebasquet.com.ar\/wp-content\/uploads\/2013\/12\/TEN1.jpg","articleSection":["Bahienses Afuera"],"inLanguage":"es","potentialAction":[{"@type":"CommentAction","name":"Comment","target":["https:\/\/gentedebasquet.com.ar\/sitio\/2013\/12\/01\/mal-partido-de-richotti-en-malaga\/#respond"]}]},{"@type":"WebPage","@id":"https:\/\/gentedebasquet.com.ar\/sitio\/2013\/12\/01\/mal-partido-de-richotti-en-malaga\/","url":"https:\/\/gentedebasquet.com.ar\/sitio\/2013\/12\/01\/mal-partido-de-richotti-en-malaga\/","name":"\"Mal partido\" de Richotti en M\u00e1laga - Gente de B\u00e1squet","isPartOf":{"@id":"https:\/\/gentedebasquet.com.ar\/sitio\/#website"},"primaryImageOfPage":{"@id":"https:\/\/gentedebasquet.com.ar\/sitio\/2013\/12\/01\/mal-partido-de-richotti-en-malaga\/#primaryimage"},"image":{"@id":"https:\/\/gentedebasquet.com.ar\/sitio\/2013\/12\/01\/mal-partido-de-richotti-en-malaga\/#primaryimage"},"thumbnailUrl":"http:\/\/www.gentedebasquet.com.ar\/wp-content\/uploads\/2013\/12\/TEN1.jpg","datePublished":"2013-12-01T16:07:47+00:00","author":{"@id":"https:\/\/gentedebasquet.com.ar\/sitio\/#\/schema\/person\/ca0b63bbb977369988a7bbbdc519943a"},"breadcrumb":{"@id":"https:\/\/gentedebasquet.com.ar\/sitio\/2013\/12\/01\/mal-partido-de-richotti-en-malaga\/#breadcrumb"},"inLanguage":"es","potentialAction":[{"@type":"ReadAction","target":["https:\/\/gentedebasquet.com.ar\/sitio\/2013\/12\/01\/mal-partido-de-richotti-en-malaga\/"]}]},{"@type":"ImageObject","inLanguage":"es","@id":"https:\/\/gentedebasquet.com.ar\/sitio\/2013\/12\/01\/mal-partido-de-richotti-en-malaga\/#primaryimage","url":"http:\/\/www.gentedebasquet.com.ar\/wp-content\/uploads\/2013\/12\/TEN1.jpg","contentUrl":"http:\/\/www.gentedebasquet.com.ar\/wp-content\/uploads\/2013\/12\/TEN1.jpg"},{"@type":"BreadcrumbList","@id":"https:\/\/gentedebasquet.com.ar\/sitio\/2013\/12\/01\/mal-partido-de-richotti-en-malaga\/#breadcrumb","itemListElement":[{"@type":"ListItem","position":1,"name":"Portada","item":"https:\/\/gentedebasquet.com.ar\/sitio\/"},{"@type":"ListItem","position":2,"name":"\u00abMal partido\u00bb de Richotti en M\u00e1laga"}]},{"@type":"WebSite","@id":"https:\/\/gentedebasquet.com.ar\/sitio\/#website","url":"https:\/\/gentedebasquet.com.ar\/sitio\/","name":"Gente de B\u00e1squet","description":"La revista del basquet de Bah\u00eda Blanca","potentialAction":[{"@type":"SearchAction","target":{"@type":"EntryPoint","urlTemplate":"https:\/\/gentedebasquet.com.ar\/sitio\/?s={search_term_string}"},"query-input":{"@type":"PropertyValueSpecification","valueRequired":true,"valueName":"search_term_string"}}],"inLanguage":"es"},{"@type":"Person","@id":"https:\/\/gentedebasquet.com.ar\/sitio\/#\/schema\/person\/ca0b63bbb977369988a7bbbdc519943a","name":"Gente de B\u00e1squet","image":{"@type":"ImageObject","inLanguage":"es","@id":"https:\/\/secure.gravatar.com\/avatar\/7f2c48bdc33b30088f941fb6082e555f2874c98e20cb159d7b92b50eadfce793?s=96&d=mm&r=g","url":"https:\/\/secure.gravatar.com\/avatar\/7f2c48bdc33b30088f941fb6082e555f2874c98e20cb159d7b92b50eadfce793?s=96&d=mm&r=g","contentUrl":"https:\/\/secure.gravatar.com\/avatar\/7f2c48bdc33b30088f941fb6082e555f2874c98e20cb159d7b92b50eadfce793?s=96&d=mm&r=g","caption":"Gente de B\u00e1squet"},"sameAs":["http:\/\/gentedebasquet.com.ar\/sitio"],"url":"https:\/\/gentedebasquet.com.ar\/sitio\/author\/ulises\/"}]}},"_links":{"self":[{"href":"https:\/\/gentedebasquet.com.ar\/sitio\/wp-json\/wp\/v2\/posts\/20106","targetHints":{"allow":["GET"]}}],"collection":[{"href":"https:\/\/gentedebasquet.com.ar\/sitio\/wp-json\/wp\/v2\/posts"}],"about":[{"href":"https:\/\/gentedebasquet.com.ar\/sitio\/wp-json\/wp\/v2\/types\/post"}],"author":[{"embeddable":true,"href":"https:\/\/gentedebasquet.com.ar\/sitio\/wp-json\/wp\/v2\/users\/1"}],"replies":[{"embeddable":true,"href":"https:\/\/gentedebasquet.com.ar\/sitio\/wp-json\/wp\/v2\/comments?post=20106"}],"version-history":[{"count":0,"href":"https:\/\/gentedebasquet.com.ar\/sitio\/wp-json\/wp\/v2\/posts\/20106\/revisions"}],"wp:attachment":[{"href":"https:\/\/gentedebasquet.com.ar\/sitio\/wp-json\/wp\/v2\/media?parent=20106"}],"wp:term":[{"taxonomy":"category","embeddable":true,"href":"https:\/\/gentedebasquet.com.ar\/sitio\/wp-json\/wp\/v2\/categories?post=20106"},{"taxonomy":"post_tag","embeddable":true,"href":"https:\/\/gentedebasquet.com.ar\/sitio\/wp-json\/wp\/v2\/tags?post=20106"}],"curies":[{"name":"wp","href":"https:\/\/api.w.org\/{rel}","templated":true}]}}