{"id":20204,"date":"2013-12-04T02:50:38","date_gmt":"2013-12-04T02:50:38","guid":{"rendered":"http:\/\/www.gentedebasquet.com.ar\/?p=20204"},"modified":"2013-12-04T02:50:38","modified_gmt":"2013-12-04T02:50:38","slug":"estamos-en-el-camino-correcto","status":"publish","type":"post","link":"https:\/\/gentedebasquet.com.ar\/sitio\/2013\/12\/04\/estamos-en-el-camino-correcto\/","title":{"rendered":"\u201cEstamos en el camino correcto\u201d"},"content":{"rendered":"<p><em><strong><a href=\"http:\/\/www.gentedebasquet.com.ar\/wp-content\/uploads\/2013\/12\/DSCN6867.jpg\"><img decoding=\"async\" class=\"alignnone size-full wp-image-20206\" title=\"Pepe S\u00e1nchez\" src=\"http:\/\/www.gentedebasquet.com.ar\/wp-content\/uploads\/2013\/12\/DSCN6867.jpg\" alt=\"\" width=\"448\" height=\"336\" \/><\/a>Juan Ignacio S\u00e1nchez dialog\u00f3 con el Departamento de Prensa de Bah\u00eda Basket, organizaci\u00f3n en la que es el director, y dej\u00f3 sus impreciones sobre el inicio de la LNB 2013-14.\u00a0Adem\u00e1s valor\u00f3 el trabajo realizado por \u00abSepo\u00bb Gin\u00f3bili, el buen momento de Rasio, Nocedal y Gerbaudo, y se refiri\u00f3 a c\u00f3mo maneja su vida en esta nueva etapa.<!--more--><\/strong><\/em><\/p>\n<p>A continuaci\u00f3n, la entrevista textual realizada a Juan Ignacio \u00abPepe\u00bb S\u00e1nchez por Prensa Bah\u00eda Basket:<\/p>\n<p><em> El 2013 va aterrizando y con \u00e9l se va el cuarto a\u00f1o de competici\u00f3n de la organizaci\u00f3n Bah\u00eda Basket, \u201cSepo nos est\u00e1 marcando un rumbo deportivo, en cual estamos seguros de que vamos a ver sus frutos a largo plazo. Por suerte el cuerpo t\u00e9cnico pudo trazar una l\u00ednea de trabajo que era el objetivo principal, adem\u00e1s notamos un cambio de actitud y una mejora diaria en los jugadores\u201d, se\u00f1al\u00f3 Juan Ignacio S\u00e1nchez.<\/em><\/p>\n<p><em>El Presidente de Weber Bah\u00eda Basket, Pepe S\u00e1nchez, dialog\u00f3 en exclusiva con el departamento de prensa de la organizaci\u00f3n y explic\u00f3 como vio al equipo en esta primera parte de LNB. Adem\u00e1s valor\u00f3 el trabajo realizado por el cuerpo t\u00e9cnico del plantel y el buen momento de Rasio, Nocedal y Gerbaudo.<\/em><br \/>\n<em> Por otra parte, se refiri\u00f3 a c\u00f3mo ve el nivel de competici\u00f3n de esta Liga Nacional y como maneja su agenda de vida en esta nueva etapa.<\/em><\/p>\n<p><strong><em>\u00bfC\u00f3mo viste al equipo en esta primera parte de la liga?<\/em><\/strong><\/p>\n<p><em>Muy bien. M\u00e1s all\u00e1 de los resultados adversos, creo que el cuerpo t\u00e9cnico pudo trazar una l\u00ednea de trabajo que era el objetivo principal, sobre todo en esta primera parte. Tambi\u00e9n se pudo establecer los lineamientos y una forma de trabajo en el d\u00eda a d\u00eda que es lo que a largo plazo te lleva a conseguir resultados. Asique estoy muy contento porque los chicos que elegimos para este a\u00f1o realmente lo han abrazado muy bien, trabajan dur\u00edsimo y muy intenso en el d\u00eda a d\u00eda. Tambi\u00e9n estamos muy contentos con el cuerpo t\u00e9cnico, con \u201cSepo\u201d, quien nos est\u00e1 mostrando un camino. Era lo que ve\u00edamos en \u00e9l, una persona que con un equilibrio superior a la media y con una forma de trabajar muy disciplinaria, con un d\u00eda a d\u00eda muy bueno.\u00a0<\/em><em>Definitivamente nos est\u00e1 marcando un rumbo deportivo, en cual estamos seguros de que vamos a ver sus frutos a largo plazo.\u00a0<\/em><em>En cuanto al plantel, creo necesitamos creer un poco m\u00e1s en nosotros para terminar de cerrar los juegos.\u00a0<\/em><em>Dentro del plantel hay jugadores, caso Nocedal, Gerbaudo y Rasio, que est\u00e1n demostrando un gran potencial con el cual se podr\u00e1 armar una base para las pr\u00f3ximas temporadas.\u00a0<\/em><em>Nosotros apostamos por esos tres nombres para darles mucha responsabilidad en el equipo. Gerbaudo ya ha tenido ese peso el a\u00f1o pasado, pero Rasio y Nocedal definitivamente es la primera vez que tienen esa responsabilidad a este nivel. Ellos tienen la posibilidad de ser jugadores muy importantes en el equipo y de liderar al plantel en este nivel.\u00a0<\/em><em>Estamos muy contentos con los tres.\u00a0<\/em><em>En el caso de Lisandro estamos viendo el jugador que cre\u00edamos que pod\u00edamos ver en esta liga, tiene mucho potencial y tambi\u00e9n muchas cosas por mejorar, sobre todo el poder mantener la intensidad que es su arma principal.\u00a0<\/em><em>Mat\u00edas es un chico que ven\u00eda pr\u00e1cticamente sin jugar hace un a\u00f1o y que de a poco va asumiendo ese rol que el equipo necesita de \u00e9l, mostrando las cualidades que ha tenido siempre, porque en juveniles era uno de los jugadores con mayor potencial que hab\u00eda en Argentina.\u00a0<\/em><em>Diego ya hab\u00eda demostrado que es un base de liga. A mi entender, es uno de los mejores bases que hay en el pa\u00eds y potencialmente es un jugador de selecci\u00f3n. Creo que este a\u00f1o \u00e9l lo entendi\u00f3 cuidando su f\u00edsico y siendo l\u00edder del grupo. Quiz\u00e1s empez\u00f3 muy joven y ahora tiene veintitr\u00e9s a\u00f1os lo que lo hace parecer un veterano.\u00a0<\/em><em>Diego tiene sus mejores a\u00f1os por delante, ojal\u00e1 que los pueda dar con nosotros.\u00a0<\/em><em>Como dec\u00eda antes, estamos muy contentos y orgullosos de haber apostado por ellos y de que nos respondan de la manera que lo est\u00e1n haciendo. Todav\u00eda queda mucho camino por delante, una temporada, despu\u00e9s una post \u2013temporada y el a\u00f1o que viene contar con una base de jugadores firme.<\/em><\/p>\n<p><strong><em>Tambi\u00e9n Mart\u00ednez, Amigo y Redivo, jugadores que est\u00e1n haciendo sus primeras armas en Liga Nacional han dejado una buena imagen, demostrando estar a la altura de la circunstancias.<\/em><\/strong><\/p>\n<p><em>Esta es otra gran satisfacci\u00f3n, los chicos que son de bah\u00eda, salidos de los clubes de la ciudad.\u00a0<\/em><em>Franco Amigo y Gonzalo Mart\u00ednez eran jugadores del torneo local, Lucio viene desde m\u00e1s abajo trabajando con nosotros.\u00a0<\/em><em>Tenemos una satisfacci\u00f3n muy grande por contar con chicos de la ciudad y que a su vez sean vistos por otros chicos m\u00e1s j\u00f3venes, para que vean en ellos la potencialidad de poder ser el d\u00eda de ma\u00f1ana jugadores del equipo, representando a su ciudad.<\/em><br \/>\n<em> Ellos est\u00e1n trabajando realmente muy bien d\u00e1ndonos una solides a nivel entrenamientos, a nivel de minutos y sobre todo a nivel representatividad.<\/em><\/p>\n<p><strong><em>\u00bfC\u00f3mo has visto el nivel de juego de esta liga en general, luego de los cambios que hubo para esta temporada?<\/em><\/strong><\/p>\n<p><em>Definitivamente tener un americano menos por equipo afecta y l\u00f3gicamente el tema del d\u00f3lar ha hecho que la calidad de extranjeros en general baje. Pero a su vez, esta situaci\u00f3n les ha dado m\u00e1s posibilidades a jugadores m\u00e1s j\u00f3venes. Asique veo una liga mucho m\u00e1s din\u00e1mica, m\u00e1s f\u00edsica y con mucho potencial. Se han visto caras que eran desconocidas para muchos y varios de esos jugadores est\u00e1n dando en la talla de poder estar al nivel de la competencia.\u00a0<\/em><em>He escuchado alg\u00fan comentario acerca de que no se ve el nivel de intensidad por la quita de los descensos y por lo menos en mi equipo no lo he visto as\u00ed. Los chicos juegan a morir cada partido y dejan todo en la cancha. Tambi\u00e9n en los rivales que he visto me ha parecido lo mismo.\u00a0<\/em><em>Me parece que en alg\u00fan punto es una falta de respeto pensar que los jugadores no tienen el compromiso y que dejan todo en cada juego. Quiz\u00e1s son versiones equivocadas que confunden, realmente, he visto gente con mucha dedicaci\u00f3n, gente joven, caras nuevas, pero con todo el compromiso y la dedicaci\u00f3n por hacer lo mejor para sus equipos.<\/em><\/p>\n<p><em><\/em><strong><em>Este es el 4 a\u00f1o de competici\u00f3n de Bah\u00eda Basket, \u00bfQu\u00e9 balance pudiste hacer?<\/em><\/strong><\/p>\n<p><em>Creo que fueron cuatro a\u00f1os muy positivos, de mucho trabajo. Estamos consolid\u00e1ndonos, terminando nuestro centro de entrenamiento, que a su vez es un lugar donde se desarrollan actividades sociales en la ciudad, ya que hemos hecho un trabajo en conjunto con la Municipalidad.\u00a0<\/em><em>Estamos muy s\u00f3lidos en la parte organizativa y tambi\u00e9n en la gesti\u00f3n del equipo, trabajando con gente que realmente lleva tiempo trabajando y que tienen puesta la camiseta del equipo.\u00a0<\/em><em>Tambi\u00e9n con una proyecci\u00f3n deportiva de mucha esperanza, sobre todo porque hay una l\u00ednea de trabajo con un liderazgo de parte del entrenador muy fuerte. Adem\u00e1s, Sepo obviamente est\u00e1 muy bien sostenido por Juan, con un cuerpo t\u00e9cnico que ya est\u00e1 afianzado desde el m\u00e9dico, kinesi\u00f3logo y asistentes quienes est\u00e1n muy compenetrados, formando un equipo muy fuerte.\u00a0<\/em><em>Creo que esas cosas a la larga traen resultados, despu\u00e9s intentaremos dar ciertas pinceladas de calidad para poder ser definitivamente un equipo con serias aspiraciones.\u00a0<\/em><em>Esto es un proceso, estamos en la parte m\u00e1s dura del mismo que es la parte de verlos crecer, de aguantar en la cancha a jugadores j\u00f3venes a pesar que puedan cometer errores. Tambi\u00e9n necesitamos dar un paso hacia adelante en la posibilidad de poder hacer un estadio.\u00a0<\/em><em>Vuelvo a repetir estoy muy orgulloso de lo que estamos haciendo.\u00a0<\/em><em>Creo que es un trabajo muy valioso no s\u00f3lo para nosotros, sino para el b\u00e1squet del pa\u00eds.<\/em><\/p>\n<p><strong><em> En lo personal, \u00bfc\u00f3mo armas tu agenda de vida?<\/em><\/strong><\/p>\n<p><em>Balanceando entre Los \u00c1ngeles, Bah\u00eda Blanca y Buenos Aires. Obviamente estoy muy ocupado, pero pudiendo compaginar, siempre respetando los tiempos de cada cosa. El a\u00f1o es muy largo y por suerte puedo hacerlo.\u00a0<\/em><em>Hoy por hoy mi prioridad l\u00f3gicamente que es el club, luego viene la parte m\u00eda del b\u00e1squet que tiene que ver con el contexto de la televisi\u00f3n, que es el programa B\u00e1squet Time Out y ser comentarista con Los \u00c1ngeles.\u00a0<\/em><em>Estoy muy contento, ocupado y pasando mucho tiempo en los aviones.<\/em><\/p>\n<p>Entrevista: Prensa Bah\u00eda Basket.<\/p>\n<p>Foto: <a href=\"https:\/\/twitter.com\/RomiSaldias\" target=\"_blank\" rel=\"noopener\">Romina Sald\u00edas<\/a> para <strong>Gente de B\u00e1squet<\/strong>.<\/p>\n","protected":false},"excerpt":{"rendered":"<p>Juan Ignacio S\u00e1nchez dialog\u00f3 con el Departamento de Prensa de Bah\u00eda Basket, organizaci\u00f3n en la que es el director, y dej\u00f3 sus impreciones sobre el inicio de la LNB 2013-14.\u00a0Adem\u00e1s valor\u00f3 el trabajo realizado por \u00abSepo\u00bb Gin\u00f3bili, el buen momento de Rasio, Nocedal y Gerbaudo, y se refiri\u00f3 a c\u00f3mo maneja su vida en esta [&hellip;]<\/p>\n","protected":false},"author":1,"featured_media":0,"comment_status":"open","ping_status":"open","sticky":false,"template":"","format":"standard","meta":{"jnews-multi-image_gallery":[],"jnews_single_post":[],"jnews_primary_category":[],"footnotes":""},"categories":[57],"tags":[58],"class_list":["post-20204","post","type-post","status-publish","format-standard","hentry","category-bahia-basket","tag-bahiabasket"],"yoast_head":"<!-- This site is optimized with the Yoast SEO plugin v27.5 - https:\/\/yoast.com\/product\/yoast-seo-wordpress\/ -->\n<title>\u201cEstamos en el camino correcto\u201d - Gente de B\u00e1squet<\/title>\n<meta name=\"robots\" content=\"index, follow, max-snippet:-1, max-image-preview:large, max-video-preview:-1\" \/>\n<link rel=\"canonical\" href=\"http:\/\/gentedebasquet.com.ar\/sitio\/2013\/12\/04\/estamos-en-el-camino-correcto\/\" \/>\n<meta property=\"og:locale\" content=\"es_ES\" \/>\n<meta property=\"og:type\" content=\"article\" \/>\n<meta property=\"og:title\" content=\"\u201cEstamos en el camino correcto\u201d - Gente de B\u00e1squet\" \/>\n<meta property=\"og:description\" content=\"Juan Ignacio S\u00e1nchez dialog\u00f3 con el Departamento de Prensa de Bah\u00eda Basket, organizaci\u00f3n en la que es el director, y dej\u00f3 sus impreciones sobre el inicio de la LNB 2013-14.\u00a0Adem\u00e1s valor\u00f3 el trabajo realizado por \u00abSepo\u00bb Gin\u00f3bili, el buen momento de Rasio, Nocedal y Gerbaudo, y se refiri\u00f3 a c\u00f3mo maneja su vida en esta [&hellip;]\" \/>\n<meta property=\"og:url\" content=\"http:\/\/gentedebasquet.com.ar\/sitio\/2013\/12\/04\/estamos-en-el-camino-correcto\/\" \/>\n<meta property=\"og:site_name\" content=\"Gente de B\u00e1squet\" \/>\n<meta property=\"article:published_time\" content=\"2013-12-04T02:50:38+00:00\" \/>\n<meta property=\"og:image\" content=\"http:\/\/www.gentedebasquet.com.ar\/wp-content\/uploads\/2013\/12\/DSCN6867.jpg\" \/>\n<meta name=\"author\" content=\"Gente de B\u00e1squet\" \/>\n<meta name=\"twitter:card\" content=\"summary_large_image\" \/>\n<meta name=\"twitter:label1\" content=\"Escrito por\" \/>\n\t<meta name=\"twitter:data1\" content=\"Gente de B\u00e1squet\" \/>\n\t<meta name=\"twitter:label2\" content=\"Tiempo de lectura\" \/>\n\t<meta name=\"twitter:data2\" content=\"8 minutos\" \/>\n<script type=\"application\/ld+json\" class=\"yoast-schema-graph\">{\"@context\":\"https:\\\/\\\/schema.org\",\"@graph\":[{\"@type\":\"Article\",\"@id\":\"http:\\\/\\\/gentedebasquet.com.ar\\\/sitio\\\/2013\\\/12\\\/04\\\/estamos-en-el-camino-correcto\\\/#article\",\"isPartOf\":{\"@id\":\"http:\\\/\\\/gentedebasquet.com.ar\\\/sitio\\\/2013\\\/12\\\/04\\\/estamos-en-el-camino-correcto\\\/\"},\"author\":{\"name\":\"Gente de B\u00e1squet\",\"@id\":\"http:\\\/\\\/gentedebasquet.com.ar\\\/sitio\\\/#\\\/schema\\\/person\\\/ca0b63bbb977369988a7bbbdc519943a\"},\"headline\":\"\u201cEstamos en el camino correcto\u201d\",\"datePublished\":\"2013-12-04T02:50:38+00:00\",\"mainEntityOfPage\":{\"@id\":\"http:\\\/\\\/gentedebasquet.com.ar\\\/sitio\\\/2013\\\/12\\\/04\\\/estamos-en-el-camino-correcto\\\/\"},\"wordCount\":1543,\"commentCount\":0,\"image\":{\"@id\":\"http:\\\/\\\/gentedebasquet.com.ar\\\/sitio\\\/2013\\\/12\\\/04\\\/estamos-en-el-camino-correcto\\\/#primaryimage\"},\"thumbnailUrl\":\"http:\\\/\\\/www.gentedebasquet.com.ar\\\/wp-content\\\/uploads\\\/2013\\\/12\\\/DSCN6867.jpg\",\"keywords\":[\"Bah\u00eda Basket\"],\"articleSection\":[\"Bah\u00eda Basket\"],\"inLanguage\":\"es\",\"potentialAction\":[{\"@type\":\"CommentAction\",\"name\":\"Comment\",\"target\":[\"http:\\\/\\\/gentedebasquet.com.ar\\\/sitio\\\/2013\\\/12\\\/04\\\/estamos-en-el-camino-correcto\\\/#respond\"]}]},{\"@type\":\"WebPage\",\"@id\":\"http:\\\/\\\/gentedebasquet.com.ar\\\/sitio\\\/2013\\\/12\\\/04\\\/estamos-en-el-camino-correcto\\\/\",\"url\":\"http:\\\/\\\/gentedebasquet.com.ar\\\/sitio\\\/2013\\\/12\\\/04\\\/estamos-en-el-camino-correcto\\\/\",\"name\":\"\u201cEstamos en el camino correcto\u201d - Gente de B\u00e1squet\",\"isPartOf\":{\"@id\":\"http:\\\/\\\/gentedebasquet.com.ar\\\/sitio\\\/#website\"},\"primaryImageOfPage\":{\"@id\":\"http:\\\/\\\/gentedebasquet.com.ar\\\/sitio\\\/2013\\\/12\\\/04\\\/estamos-en-el-camino-correcto\\\/#primaryimage\"},\"image\":{\"@id\":\"http:\\\/\\\/gentedebasquet.com.ar\\\/sitio\\\/2013\\\/12\\\/04\\\/estamos-en-el-camino-correcto\\\/#primaryimage\"},\"thumbnailUrl\":\"http:\\\/\\\/www.gentedebasquet.com.ar\\\/wp-content\\\/uploads\\\/2013\\\/12\\\/DSCN6867.jpg\",\"datePublished\":\"2013-12-04T02:50:38+00:00\",\"author\":{\"@id\":\"http:\\\/\\\/gentedebasquet.com.ar\\\/sitio\\\/#\\\/schema\\\/person\\\/ca0b63bbb977369988a7bbbdc519943a\"},\"breadcrumb\":{\"@id\":\"http:\\\/\\\/gentedebasquet.com.ar\\\/sitio\\\/2013\\\/12\\\/04\\\/estamos-en-el-camino-correcto\\\/#breadcrumb\"},\"inLanguage\":\"es\",\"potentialAction\":[{\"@type\":\"ReadAction\",\"target\":[\"http:\\\/\\\/gentedebasquet.com.ar\\\/sitio\\\/2013\\\/12\\\/04\\\/estamos-en-el-camino-correcto\\\/\"]}]},{\"@type\":\"ImageObject\",\"inLanguage\":\"es\",\"@id\":\"http:\\\/\\\/gentedebasquet.com.ar\\\/sitio\\\/2013\\\/12\\\/04\\\/estamos-en-el-camino-correcto\\\/#primaryimage\",\"url\":\"http:\\\/\\\/www.gentedebasquet.com.ar\\\/wp-content\\\/uploads\\\/2013\\\/12\\\/DSCN6867.jpg\",\"contentUrl\":\"http:\\\/\\\/www.gentedebasquet.com.ar\\\/wp-content\\\/uploads\\\/2013\\\/12\\\/DSCN6867.jpg\"},{\"@type\":\"BreadcrumbList\",\"@id\":\"http:\\\/\\\/gentedebasquet.com.ar\\\/sitio\\\/2013\\\/12\\\/04\\\/estamos-en-el-camino-correcto\\\/#breadcrumb\",\"itemListElement\":[{\"@type\":\"ListItem\",\"position\":1,\"name\":\"Portada\",\"item\":\"http:\\\/\\\/gentedebasquet.com.ar\\\/sitio\\\/\"},{\"@type\":\"ListItem\",\"position\":2,\"name\":\"\u201cEstamos en el camino correcto\u201d\"}]},{\"@type\":\"WebSite\",\"@id\":\"http:\\\/\\\/gentedebasquet.com.ar\\\/sitio\\\/#website\",\"url\":\"http:\\\/\\\/gentedebasquet.com.ar\\\/sitio\\\/\",\"name\":\"Gente de B\u00e1squet\",\"description\":\"La revista del basquet de Bah\u00eda Blanca\",\"potentialAction\":[{\"@type\":\"SearchAction\",\"target\":{\"@type\":\"EntryPoint\",\"urlTemplate\":\"http:\\\/\\\/gentedebasquet.com.ar\\\/sitio\\\/?s={search_term_string}\"},\"query-input\":{\"@type\":\"PropertyValueSpecification\",\"valueRequired\":true,\"valueName\":\"search_term_string\"}}],\"inLanguage\":\"es\"},{\"@type\":\"Person\",\"@id\":\"http:\\\/\\\/gentedebasquet.com.ar\\\/sitio\\\/#\\\/schema\\\/person\\\/ca0b63bbb977369988a7bbbdc519943a\",\"name\":\"Gente de B\u00e1squet\",\"image\":{\"@type\":\"ImageObject\",\"inLanguage\":\"es\",\"@id\":\"https:\\\/\\\/secure.gravatar.com\\\/avatar\\\/7f2c48bdc33b30088f941fb6082e555f2874c98e20cb159d7b92b50eadfce793?s=96&d=mm&r=g\",\"url\":\"https:\\\/\\\/secure.gravatar.com\\\/avatar\\\/7f2c48bdc33b30088f941fb6082e555f2874c98e20cb159d7b92b50eadfce793?s=96&d=mm&r=g\",\"contentUrl\":\"https:\\\/\\\/secure.gravatar.com\\\/avatar\\\/7f2c48bdc33b30088f941fb6082e555f2874c98e20cb159d7b92b50eadfce793?s=96&d=mm&r=g\",\"caption\":\"Gente de B\u00e1squet\"},\"sameAs\":[\"http:\\\/\\\/gentedebasquet.com.ar\\\/sitio\"],\"url\":\"https:\\\/\\\/gentedebasquet.com.ar\\\/sitio\\\/author\\\/ulises\\\/\"}]}<\/script>\n<!-- \/ Yoast SEO plugin. -->","yoast_head_json":{"title":"\u201cEstamos en el camino correcto\u201d - Gente de B\u00e1squet","robots":{"index":"index","follow":"follow","max-snippet":"max-snippet:-1","max-image-preview":"max-image-preview:large","max-video-preview":"max-video-preview:-1"},"canonical":"http:\/\/gentedebasquet.com.ar\/sitio\/2013\/12\/04\/estamos-en-el-camino-correcto\/","og_locale":"es_ES","og_type":"article","og_title":"\u201cEstamos en el camino correcto\u201d - Gente de B\u00e1squet","og_description":"Juan Ignacio S\u00e1nchez dialog\u00f3 con el Departamento de Prensa de Bah\u00eda Basket, organizaci\u00f3n en la que es el director, y dej\u00f3 sus impreciones sobre el inicio de la LNB 2013-14.\u00a0Adem\u00e1s valor\u00f3 el trabajo realizado por \u00abSepo\u00bb Gin\u00f3bili, el buen momento de Rasio, Nocedal y Gerbaudo, y se refiri\u00f3 a c\u00f3mo maneja su vida en esta [&hellip;]","og_url":"http:\/\/gentedebasquet.com.ar\/sitio\/2013\/12\/04\/estamos-en-el-camino-correcto\/","og_site_name":"Gente de B\u00e1squet","article_published_time":"2013-12-04T02:50:38+00:00","og_image":[{"url":"http:\/\/www.gentedebasquet.com.ar\/wp-content\/uploads\/2013\/12\/DSCN6867.jpg","type":"","width":"","height":""}],"author":"Gente de B\u00e1squet","twitter_card":"summary_large_image","twitter_misc":{"Escrito por":"Gente de B\u00e1squet","Tiempo de lectura":"8 minutos"},"schema":{"@context":"https:\/\/schema.org","@graph":[{"@type":"Article","@id":"http:\/\/gentedebasquet.com.ar\/sitio\/2013\/12\/04\/estamos-en-el-camino-correcto\/#article","isPartOf":{"@id":"http:\/\/gentedebasquet.com.ar\/sitio\/2013\/12\/04\/estamos-en-el-camino-correcto\/"},"author":{"name":"Gente de B\u00e1squet","@id":"http:\/\/gentedebasquet.com.ar\/sitio\/#\/schema\/person\/ca0b63bbb977369988a7bbbdc519943a"},"headline":"\u201cEstamos en el camino correcto\u201d","datePublished":"2013-12-04T02:50:38+00:00","mainEntityOfPage":{"@id":"http:\/\/gentedebasquet.com.ar\/sitio\/2013\/12\/04\/estamos-en-el-camino-correcto\/"},"wordCount":1543,"commentCount":0,"image":{"@id":"http:\/\/gentedebasquet.com.ar\/sitio\/2013\/12\/04\/estamos-en-el-camino-correcto\/#primaryimage"},"thumbnailUrl":"http:\/\/www.gentedebasquet.com.ar\/wp-content\/uploads\/2013\/12\/DSCN6867.jpg","keywords":["Bah\u00eda Basket"],"articleSection":["Bah\u00eda Basket"],"inLanguage":"es","potentialAction":[{"@type":"CommentAction","name":"Comment","target":["http:\/\/gentedebasquet.com.ar\/sitio\/2013\/12\/04\/estamos-en-el-camino-correcto\/#respond"]}]},{"@type":"WebPage","@id":"http:\/\/gentedebasquet.com.ar\/sitio\/2013\/12\/04\/estamos-en-el-camino-correcto\/","url":"http:\/\/gentedebasquet.com.ar\/sitio\/2013\/12\/04\/estamos-en-el-camino-correcto\/","name":"\u201cEstamos en el camino correcto\u201d - Gente de B\u00e1squet","isPartOf":{"@id":"http:\/\/gentedebasquet.com.ar\/sitio\/#website"},"primaryImageOfPage":{"@id":"http:\/\/gentedebasquet.com.ar\/sitio\/2013\/12\/04\/estamos-en-el-camino-correcto\/#primaryimage"},"image":{"@id":"http:\/\/gentedebasquet.com.ar\/sitio\/2013\/12\/04\/estamos-en-el-camino-correcto\/#primaryimage"},"thumbnailUrl":"http:\/\/www.gentedebasquet.com.ar\/wp-content\/uploads\/2013\/12\/DSCN6867.jpg","datePublished":"2013-12-04T02:50:38+00:00","author":{"@id":"http:\/\/gentedebasquet.com.ar\/sitio\/#\/schema\/person\/ca0b63bbb977369988a7bbbdc519943a"},"breadcrumb":{"@id":"http:\/\/gentedebasquet.com.ar\/sitio\/2013\/12\/04\/estamos-en-el-camino-correcto\/#breadcrumb"},"inLanguage":"es","potentialAction":[{"@type":"ReadAction","target":["http:\/\/gentedebasquet.com.ar\/sitio\/2013\/12\/04\/estamos-en-el-camino-correcto\/"]}]},{"@type":"ImageObject","inLanguage":"es","@id":"http:\/\/gentedebasquet.com.ar\/sitio\/2013\/12\/04\/estamos-en-el-camino-correcto\/#primaryimage","url":"http:\/\/www.gentedebasquet.com.ar\/wp-content\/uploads\/2013\/12\/DSCN6867.jpg","contentUrl":"http:\/\/www.gentedebasquet.com.ar\/wp-content\/uploads\/2013\/12\/DSCN6867.jpg"},{"@type":"BreadcrumbList","@id":"http:\/\/gentedebasquet.com.ar\/sitio\/2013\/12\/04\/estamos-en-el-camino-correcto\/#breadcrumb","itemListElement":[{"@type":"ListItem","position":1,"name":"Portada","item":"http:\/\/gentedebasquet.com.ar\/sitio\/"},{"@type":"ListItem","position":2,"name":"\u201cEstamos en el camino correcto\u201d"}]},{"@type":"WebSite","@id":"http:\/\/gentedebasquet.com.ar\/sitio\/#website","url":"http:\/\/gentedebasquet.com.ar\/sitio\/","name":"Gente de B\u00e1squet","description":"La revista del basquet de Bah\u00eda Blanca","potentialAction":[{"@type":"SearchAction","target":{"@type":"EntryPoint","urlTemplate":"http:\/\/gentedebasquet.com.ar\/sitio\/?s={search_term_string}"},"query-input":{"@type":"PropertyValueSpecification","valueRequired":true,"valueName":"search_term_string"}}],"inLanguage":"es"},{"@type":"Person","@id":"http:\/\/gentedebasquet.com.ar\/sitio\/#\/schema\/person\/ca0b63bbb977369988a7bbbdc519943a","name":"Gente de B\u00e1squet","image":{"@type":"ImageObject","inLanguage":"es","@id":"https:\/\/secure.gravatar.com\/avatar\/7f2c48bdc33b30088f941fb6082e555f2874c98e20cb159d7b92b50eadfce793?s=96&d=mm&r=g","url":"https:\/\/secure.gravatar.com\/avatar\/7f2c48bdc33b30088f941fb6082e555f2874c98e20cb159d7b92b50eadfce793?s=96&d=mm&r=g","contentUrl":"https:\/\/secure.gravatar.com\/avatar\/7f2c48bdc33b30088f941fb6082e555f2874c98e20cb159d7b92b50eadfce793?s=96&d=mm&r=g","caption":"Gente de B\u00e1squet"},"sameAs":["http:\/\/gentedebasquet.com.ar\/sitio"],"url":"https:\/\/gentedebasquet.com.ar\/sitio\/author\/ulises\/"}]}},"_links":{"self":[{"href":"https:\/\/gentedebasquet.com.ar\/sitio\/wp-json\/wp\/v2\/posts\/20204","targetHints":{"allow":["GET"]}}],"collection":[{"href":"https:\/\/gentedebasquet.com.ar\/sitio\/wp-json\/wp\/v2\/posts"}],"about":[{"href":"https:\/\/gentedebasquet.com.ar\/sitio\/wp-json\/wp\/v2\/types\/post"}],"author":[{"embeddable":true,"href":"https:\/\/gentedebasquet.com.ar\/sitio\/wp-json\/wp\/v2\/users\/1"}],"replies":[{"embeddable":true,"href":"https:\/\/gentedebasquet.com.ar\/sitio\/wp-json\/wp\/v2\/comments?post=20204"}],"version-history":[{"count":0,"href":"https:\/\/gentedebasquet.com.ar\/sitio\/wp-json\/wp\/v2\/posts\/20204\/revisions"}],"wp:attachment":[{"href":"https:\/\/gentedebasquet.com.ar\/sitio\/wp-json\/wp\/v2\/media?parent=20204"}],"wp:term":[{"taxonomy":"category","embeddable":true,"href":"https:\/\/gentedebasquet.com.ar\/sitio\/wp-json\/wp\/v2\/categories?post=20204"},{"taxonomy":"post_tag","embeddable":true,"href":"https:\/\/gentedebasquet.com.ar\/sitio\/wp-json\/wp\/v2\/tags?post=20204"}],"curies":[{"name":"wp","href":"https:\/\/api.w.org\/{rel}","templated":true}]}}