{"id":20212,"date":"2013-12-05T04:35:39","date_gmt":"2013-12-05T04:35:39","guid":{"rendered":"http:\/\/www.gentedebasquet.com.ar\/?p=20212"},"modified":"2013-12-05T04:35:39","modified_gmt":"2013-12-05T04:35:39","slug":"el-grito","status":"publish","type":"post","link":"https:\/\/gentedebasquet.com.ar\/sitio\/2013\/12\/05\/el-grito\/","title":{"rendered":"El grito"},"content":{"rendered":"<p><strong>Villa Mitre peg\u00f3 primero en la serie final, impuso su experiencia en el cierre del juego y super\u00f3 a Liniers 74 a 68. Despu\u00e9s de haber sacado 15 puntos de luz (60-45) con tres bombas de Juan Ignacio G\u00f3mez, el chivo acort\u00f3 v\u00eda Pizzo, Bellozas y el sorpresivo Lauler (64-61). Pero all\u00ed apareci\u00f3 el car\u00e1cter del campe\u00f3n, Banegas y Renzi sumaron en jugadas de doble y falta y el duelo, en su primera versi\u00f3n, se acab\u00f3. Pineda fue el m\u00e1ximo anotador (21). El conjunto de Frola tir\u00f3 3\/22 en triples. El domingo habr\u00e1 revancha<\/strong><\/p>\n<p>La nula efectividad en triples de Liniers comenz\u00f3 a marcar una tendencia en el juego inicial de las finales en Primera Divisi\u00f3n. El chivo \u201csum\u00f3\u201d 0\/7 y corri\u00f3 de atr\u00e1s todo el 1C, superado por un Pineda encendido (10). Badano no encontraba gol (termin\u00f3 sin puntos), Torre no estaba fino para comandar y Frola sufr\u00eda desde afuera. No obstante, su equipo logr\u00f3 emparejar el tr\u00e1mite gracias al buen ingreso de Juan Ignacio Bellozas e incluso pas\u00f3 al frente (29-36) ante un segmento de desconcierto del tricolor.<\/p>\n<p>El aporte de Bollo, con sacrificio en la pintura, volvi\u00f3 el score a foja cero. A Villa Mitre le cost\u00f3 anotar tras el descanso largo (2m27), pero cuando calibr\u00f3 la mira pas\u00f3 a ser imparable. Pineda en la l\u00ednea (3\/4) contrarrest\u00f3 un buen regreso de Quiroga (43-40) hasta que en el cierre del 3C se quebr\u00f3 el partido. Juany G\u00f3mez, que no ten\u00eda puntos (0\/3 en cancha), clav\u00f3 dos bombas para alcanzar 10 puntos de ventaja (50-40) y obligar a Frola a detener las acciones.<\/p>\n<p>Pero no le result\u00f3. Un nuevo triple del tirador estir\u00f3 la diferencia (53-41) y, para colmo, el 4C se inici\u00f3 con un acierto desde 6.75 metros de Allende (60-45). La distancia pareci\u00f3 demasiado para el bajo goleo que llevaba la noche, pero Liniers le iba a poner pimienta al cierre. Primero acert\u00f3 a distancia con Pizzo (segundo triple del equipo en 15 intentos) y luego carg\u00f3 en la pintura v\u00eda Bellozas y Starc, provocando que varios jugadores del local se carguen de faltas.<\/p>\n<p>As\u00ed, a 6m23 del ep\u00edlogo, Bollo, Pineda, Allende y Banegas ya acumulaban cuatro personales. Encima Frola puso a Carlos Lauler (ante la ausencia por contractura de Franco Marinsalta) y el chileno le respondi\u00f3 con un triple para arrimarse a 3 (64-61) con 4m57 por delante. Pero en el momento m\u00e1s caliente Banegas sum\u00f3 doble y falta (67-61), Renzi lo emul\u00f3 (71-64) y ya no hubo tiempo para m\u00e1s. El domingo desde las 20 horas, nuevamente en el Casanova, se volver\u00e1n a ver las caras.<\/p>\n<p><span style=\"color: #ffcc99;\">.\u00a0<\/span><\/p>\n<p><strong><em><span style=\"text-decoration: underline;\">S\u00edntesis: <\/span><\/em><\/strong><\/p>\n<p><strong>Villa Mitre 74: <\/strong><\/p>\n<p>Iniciales: Marcelo Berdini (4), Juan Ignacio G\u00f3mez (9), Nicol\u00e1s Renzi (9), David Pineda (21) y H\u00e9rman Banegas (14).<\/p>\n<p>Ingresaron: Mart\u00edn Allende (11), Javier Bollo (6) y Alan Serra (0).<\/p>\n<p>DT: Ariel Ugolini.<\/p>\n<p><strong>Liniers 68:<\/strong><\/p>\n<p>Iniciales: Santiago Torre (16), Gonzalo Badano (0), Mariano Pizzo (18), Fabricio Starc (9) y Nicol\u00e1s Quiroga (7).<\/p>\n<p>Ingresaron: Ariel Ramos (2), Ger\u00f3nimo Fern\u00e1ndez Ch\u00e1vez (0), Juan Ignacio Bellozas (11), Ezequiel Meneses (0) y Carlos Lauler (5).<\/p>\n<p>DT: Daniel Frola.<\/p>\n<p><span style=\"color: #ffcc99;\">.\u00a0<\/span><\/p>\n<p><strong>Cuartos: <\/strong>Villa Mitre 21-17, 37-37 (16-20), 57-45 (20-8) y 74-68 (17-23).<\/p>\n<p><strong>Cinco faltas: <\/strong>Starc (L) y G\u00f3mez (VM).<\/p>\n<p><strong>\u00c1rbitros: <\/strong>Jorge Scheffer, Emanuel S\u00e1nchez y Sebasti\u00e1n Arcas.<\/p>\n<p><strong>Serie:<\/strong> Villa Mitre 1-0.<\/p>\n<p><a class=\"modalf iframe\" title=\"Planilla\" href=\"https:\/\/docs.google.com\/spreadsheet\/pub?key=0AhWH6MgjN9X5dEprTmtyNmNuejRGbGZPYmx2NDdPRlE&amp;single=true&amp;gid=0&amp;output=html\">Ver Planilla<\/a><\/p>\n<p><span style=\"font-size: 14px; line-height: 1.5em;\">Fotos: <\/span><a style=\"font-size: 14px; line-height: 1.5em;\" href=\"https:\/\/twitter.com\/RomiSaldias\" target=\"_blank\" rel=\"noopener\">Romina Sald\u00edas<\/a><span style=\"font-size: 14px; line-height: 1.5em;\"> para <\/span><strong style=\"font-size: 14px; line-height: 1.5em;\">Gente de B\u00e1squet<\/strong><span style=\"font-size: 14px; line-height: 1.5em;\">.<\/span><\/p>\n<p>Notas: <a href=\"https:\/\/twitter.com\/LeoQuinteros7\" target=\"_blank\" rel=\"noopener\">Leonardo Quinteros<\/a> para <strong>Gente de B\u00e1squet<\/strong>.<\/p>\n","protected":false},"excerpt":{"rendered":"<p>Villa Mitre peg\u00f3 primero en la serie final, impuso su experiencia en el cierre del juego y super\u00f3 a Liniers 74 a 68. Despu\u00e9s de haber sacado 15 puntos de luz (60-45) con tres bombas de Juan Ignacio G\u00f3mez, el chivo acort\u00f3 v\u00eda Pizzo, Bellozas y el sorpresivo Lauler (64-61). Pero all\u00ed apareci\u00f3 el car\u00e1cter [&hellip;]<\/p>\n","protected":false},"author":1,"featured_media":37417,"comment_status":"open","ping_status":"open","sticky":false,"template":"","format":"standard","meta":{"jnews-multi-image_gallery":[],"jnews_single_post":[],"jnews_primary_category":[],"footnotes":""},"categories":[23],"tags":[14,22],"class_list":["post-20212","post","type-post","status-publish","format-standard","has-post-thumbnail","hentry","category-primera","tag-liniers","tag-villa-mitre"],"yoast_head":"<!-- This site is optimized with the Yoast SEO plugin v27.5 - https:\/\/yoast.com\/product\/yoast-seo-wordpress\/ -->\n<title>El grito - Gente de B\u00e1squet<\/title>\n<meta name=\"robots\" content=\"index, follow, max-snippet:-1, max-image-preview:large, max-video-preview:-1\" \/>\n<link rel=\"canonical\" href=\"http:\/\/gentedebasquet.com.ar\/sitio\/2013\/12\/05\/el-grito\/\" \/>\n<meta property=\"og:locale\" content=\"es_ES\" \/>\n<meta property=\"og:type\" content=\"article\" \/>\n<meta property=\"og:title\" content=\"El grito - Gente de B\u00e1squet\" \/>\n<meta property=\"og:description\" content=\"Villa Mitre peg\u00f3 primero en la serie final, impuso su experiencia en el cierre del juego y super\u00f3 a Liniers 74 a 68. Despu\u00e9s de haber sacado 15 puntos de luz (60-45) con tres bombas de Juan Ignacio G\u00f3mez, el chivo acort\u00f3 v\u00eda Pizzo, Bellozas y el sorpresivo Lauler (64-61). Pero all\u00ed apareci\u00f3 el car\u00e1cter [&hellip;]\" \/>\n<meta property=\"og:url\" content=\"http:\/\/gentedebasquet.com.ar\/sitio\/2013\/12\/05\/el-grito\/\" \/>\n<meta property=\"og:site_name\" content=\"Gente de B\u00e1squet\" \/>\n<meta property=\"article:published_time\" content=\"2013-12-05T04:35:39+00:00\" \/>\n<meta property=\"og:image\" content=\"http:\/\/gentedebasquet.com.ar\/sitio\/wp-content\/uploads\/2013\/12\/DSCN7315.jpg\" \/>\n\t<meta property=\"og:image:width\" content=\"300\" \/>\n\t<meta property=\"og:image:height\" content=\"211\" \/>\n\t<meta property=\"og:image:type\" content=\"image\/jpeg\" \/>\n<meta name=\"author\" content=\"Gente de B\u00e1squet\" \/>\n<meta name=\"twitter:card\" content=\"summary_large_image\" \/>\n<meta name=\"twitter:label1\" content=\"Escrito por\" \/>\n\t<meta name=\"twitter:data1\" content=\"Gente de B\u00e1squet\" \/>\n\t<meta name=\"twitter:label2\" content=\"Tiempo de lectura\" \/>\n\t<meta name=\"twitter:data2\" content=\"3 minutos\" \/>\n<script type=\"application\/ld+json\" class=\"yoast-schema-graph\">{\"@context\":\"https:\\\/\\\/schema.org\",\"@graph\":[{\"@type\":\"Article\",\"@id\":\"http:\\\/\\\/gentedebasquet.com.ar\\\/sitio\\\/2013\\\/12\\\/05\\\/el-grito\\\/#article\",\"isPartOf\":{\"@id\":\"http:\\\/\\\/gentedebasquet.com.ar\\\/sitio\\\/2013\\\/12\\\/05\\\/el-grito\\\/\"},\"author\":{\"name\":\"Gente de B\u00e1squet\",\"@id\":\"http:\\\/\\\/gentedebasquet.com.ar\\\/sitio\\\/#\\\/schema\\\/person\\\/ca0b63bbb977369988a7bbbdc519943a\"},\"headline\":\"El grito\",\"datePublished\":\"2013-12-05T04:35:39+00:00\",\"mainEntityOfPage\":{\"@id\":\"http:\\\/\\\/gentedebasquet.com.ar\\\/sitio\\\/2013\\\/12\\\/05\\\/el-grito\\\/\"},\"wordCount\":557,\"commentCount\":0,\"image\":{\"@id\":\"http:\\\/\\\/gentedebasquet.com.ar\\\/sitio\\\/2013\\\/12\\\/05\\\/el-grito\\\/#primaryimage\"},\"thumbnailUrl\":\"https:\\\/\\\/gentedebasquet.com.ar\\\/sitio\\\/wp-content\\\/uploads\\\/2013\\\/12\\\/DSCN7315.jpg\",\"keywords\":[\"Liniers\",\"Villa Mitre\"],\"articleSection\":[\"Primera\"],\"inLanguage\":\"es\",\"potentialAction\":[{\"@type\":\"CommentAction\",\"name\":\"Comment\",\"target\":[\"http:\\\/\\\/gentedebasquet.com.ar\\\/sitio\\\/2013\\\/12\\\/05\\\/el-grito\\\/#respond\"]}]},{\"@type\":\"WebPage\",\"@id\":\"http:\\\/\\\/gentedebasquet.com.ar\\\/sitio\\\/2013\\\/12\\\/05\\\/el-grito\\\/\",\"url\":\"http:\\\/\\\/gentedebasquet.com.ar\\\/sitio\\\/2013\\\/12\\\/05\\\/el-grito\\\/\",\"name\":\"El grito - Gente de B\u00e1squet\",\"isPartOf\":{\"@id\":\"http:\\\/\\\/gentedebasquet.com.ar\\\/sitio\\\/#website\"},\"primaryImageOfPage\":{\"@id\":\"http:\\\/\\\/gentedebasquet.com.ar\\\/sitio\\\/2013\\\/12\\\/05\\\/el-grito\\\/#primaryimage\"},\"image\":{\"@id\":\"http:\\\/\\\/gentedebasquet.com.ar\\\/sitio\\\/2013\\\/12\\\/05\\\/el-grito\\\/#primaryimage\"},\"thumbnailUrl\":\"https:\\\/\\\/gentedebasquet.com.ar\\\/sitio\\\/wp-content\\\/uploads\\\/2013\\\/12\\\/DSCN7315.jpg\",\"datePublished\":\"2013-12-05T04:35:39+00:00\",\"author\":{\"@id\":\"http:\\\/\\\/gentedebasquet.com.ar\\\/sitio\\\/#\\\/schema\\\/person\\\/ca0b63bbb977369988a7bbbdc519943a\"},\"breadcrumb\":{\"@id\":\"http:\\\/\\\/gentedebasquet.com.ar\\\/sitio\\\/2013\\\/12\\\/05\\\/el-grito\\\/#breadcrumb\"},\"inLanguage\":\"es\",\"potentialAction\":[{\"@type\":\"ReadAction\",\"target\":[\"http:\\\/\\\/gentedebasquet.com.ar\\\/sitio\\\/2013\\\/12\\\/05\\\/el-grito\\\/\"]}]},{\"@type\":\"ImageObject\",\"inLanguage\":\"es\",\"@id\":\"http:\\\/\\\/gentedebasquet.com.ar\\\/sitio\\\/2013\\\/12\\\/05\\\/el-grito\\\/#primaryimage\",\"url\":\"https:\\\/\\\/gentedebasquet.com.ar\\\/sitio\\\/wp-content\\\/uploads\\\/2013\\\/12\\\/DSCN7315.jpg\",\"contentUrl\":\"https:\\\/\\\/gentedebasquet.com.ar\\\/sitio\\\/wp-content\\\/uploads\\\/2013\\\/12\\\/DSCN7315.jpg\",\"width\":300,\"height\":211},{\"@type\":\"BreadcrumbList\",\"@id\":\"http:\\\/\\\/gentedebasquet.com.ar\\\/sitio\\\/2013\\\/12\\\/05\\\/el-grito\\\/#breadcrumb\",\"itemListElement\":[{\"@type\":\"ListItem\",\"position\":1,\"name\":\"Portada\",\"item\":\"http:\\\/\\\/gentedebasquet.com.ar\\\/sitio\\\/\"},{\"@type\":\"ListItem\",\"position\":2,\"name\":\"El grito\"}]},{\"@type\":\"WebSite\",\"@id\":\"http:\\\/\\\/gentedebasquet.com.ar\\\/sitio\\\/#website\",\"url\":\"http:\\\/\\\/gentedebasquet.com.ar\\\/sitio\\\/\",\"name\":\"Gente de B\u00e1squet\",\"description\":\"La revista del basquet de Bah\u00eda Blanca\",\"potentialAction\":[{\"@type\":\"SearchAction\",\"target\":{\"@type\":\"EntryPoint\",\"urlTemplate\":\"http:\\\/\\\/gentedebasquet.com.ar\\\/sitio\\\/?s={search_term_string}\"},\"query-input\":{\"@type\":\"PropertyValueSpecification\",\"valueRequired\":true,\"valueName\":\"search_term_string\"}}],\"inLanguage\":\"es\"},{\"@type\":\"Person\",\"@id\":\"http:\\\/\\\/gentedebasquet.com.ar\\\/sitio\\\/#\\\/schema\\\/person\\\/ca0b63bbb977369988a7bbbdc519943a\",\"name\":\"Gente de B\u00e1squet\",\"image\":{\"@type\":\"ImageObject\",\"inLanguage\":\"es\",\"@id\":\"https:\\\/\\\/secure.gravatar.com\\\/avatar\\\/7f2c48bdc33b30088f941fb6082e555f2874c98e20cb159d7b92b50eadfce793?s=96&d=mm&r=g\",\"url\":\"https:\\\/\\\/secure.gravatar.com\\\/avatar\\\/7f2c48bdc33b30088f941fb6082e555f2874c98e20cb159d7b92b50eadfce793?s=96&d=mm&r=g\",\"contentUrl\":\"https:\\\/\\\/secure.gravatar.com\\\/avatar\\\/7f2c48bdc33b30088f941fb6082e555f2874c98e20cb159d7b92b50eadfce793?s=96&d=mm&r=g\",\"caption\":\"Gente de B\u00e1squet\"},\"sameAs\":[\"http:\\\/\\\/gentedebasquet.com.ar\\\/sitio\"],\"url\":\"https:\\\/\\\/gentedebasquet.com.ar\\\/sitio\\\/author\\\/ulises\\\/\"}]}<\/script>\n<!-- \/ Yoast SEO plugin. -->","yoast_head_json":{"title":"El grito - Gente de B\u00e1squet","robots":{"index":"index","follow":"follow","max-snippet":"max-snippet:-1","max-image-preview":"max-image-preview:large","max-video-preview":"max-video-preview:-1"},"canonical":"http:\/\/gentedebasquet.com.ar\/sitio\/2013\/12\/05\/el-grito\/","og_locale":"es_ES","og_type":"article","og_title":"El grito - Gente de B\u00e1squet","og_description":"Villa Mitre peg\u00f3 primero en la serie final, impuso su experiencia en el cierre del juego y super\u00f3 a Liniers 74 a 68. Despu\u00e9s de haber sacado 15 puntos de luz (60-45) con tres bombas de Juan Ignacio G\u00f3mez, el chivo acort\u00f3 v\u00eda Pizzo, Bellozas y el sorpresivo Lauler (64-61). Pero all\u00ed apareci\u00f3 el car\u00e1cter [&hellip;]","og_url":"http:\/\/gentedebasquet.com.ar\/sitio\/2013\/12\/05\/el-grito\/","og_site_name":"Gente de B\u00e1squet","article_published_time":"2013-12-05T04:35:39+00:00","og_image":[{"width":300,"height":211,"url":"http:\/\/gentedebasquet.com.ar\/sitio\/wp-content\/uploads\/2013\/12\/DSCN7315.jpg","type":"image\/jpeg"}],"author":"Gente de B\u00e1squet","twitter_card":"summary_large_image","twitter_misc":{"Escrito por":"Gente de B\u00e1squet","Tiempo de lectura":"3 minutos"},"schema":{"@context":"https:\/\/schema.org","@graph":[{"@type":"Article","@id":"http:\/\/gentedebasquet.com.ar\/sitio\/2013\/12\/05\/el-grito\/#article","isPartOf":{"@id":"http:\/\/gentedebasquet.com.ar\/sitio\/2013\/12\/05\/el-grito\/"},"author":{"name":"Gente de B\u00e1squet","@id":"http:\/\/gentedebasquet.com.ar\/sitio\/#\/schema\/person\/ca0b63bbb977369988a7bbbdc519943a"},"headline":"El grito","datePublished":"2013-12-05T04:35:39+00:00","mainEntityOfPage":{"@id":"http:\/\/gentedebasquet.com.ar\/sitio\/2013\/12\/05\/el-grito\/"},"wordCount":557,"commentCount":0,"image":{"@id":"http:\/\/gentedebasquet.com.ar\/sitio\/2013\/12\/05\/el-grito\/#primaryimage"},"thumbnailUrl":"https:\/\/gentedebasquet.com.ar\/sitio\/wp-content\/uploads\/2013\/12\/DSCN7315.jpg","keywords":["Liniers","Villa Mitre"],"articleSection":["Primera"],"inLanguage":"es","potentialAction":[{"@type":"CommentAction","name":"Comment","target":["http:\/\/gentedebasquet.com.ar\/sitio\/2013\/12\/05\/el-grito\/#respond"]}]},{"@type":"WebPage","@id":"http:\/\/gentedebasquet.com.ar\/sitio\/2013\/12\/05\/el-grito\/","url":"http:\/\/gentedebasquet.com.ar\/sitio\/2013\/12\/05\/el-grito\/","name":"El grito - Gente de B\u00e1squet","isPartOf":{"@id":"http:\/\/gentedebasquet.com.ar\/sitio\/#website"},"primaryImageOfPage":{"@id":"http:\/\/gentedebasquet.com.ar\/sitio\/2013\/12\/05\/el-grito\/#primaryimage"},"image":{"@id":"http:\/\/gentedebasquet.com.ar\/sitio\/2013\/12\/05\/el-grito\/#primaryimage"},"thumbnailUrl":"https:\/\/gentedebasquet.com.ar\/sitio\/wp-content\/uploads\/2013\/12\/DSCN7315.jpg","datePublished":"2013-12-05T04:35:39+00:00","author":{"@id":"http:\/\/gentedebasquet.com.ar\/sitio\/#\/schema\/person\/ca0b63bbb977369988a7bbbdc519943a"},"breadcrumb":{"@id":"http:\/\/gentedebasquet.com.ar\/sitio\/2013\/12\/05\/el-grito\/#breadcrumb"},"inLanguage":"es","potentialAction":[{"@type":"ReadAction","target":["http:\/\/gentedebasquet.com.ar\/sitio\/2013\/12\/05\/el-grito\/"]}]},{"@type":"ImageObject","inLanguage":"es","@id":"http:\/\/gentedebasquet.com.ar\/sitio\/2013\/12\/05\/el-grito\/#primaryimage","url":"https:\/\/gentedebasquet.com.ar\/sitio\/wp-content\/uploads\/2013\/12\/DSCN7315.jpg","contentUrl":"https:\/\/gentedebasquet.com.ar\/sitio\/wp-content\/uploads\/2013\/12\/DSCN7315.jpg","width":300,"height":211},{"@type":"BreadcrumbList","@id":"http:\/\/gentedebasquet.com.ar\/sitio\/2013\/12\/05\/el-grito\/#breadcrumb","itemListElement":[{"@type":"ListItem","position":1,"name":"Portada","item":"http:\/\/gentedebasquet.com.ar\/sitio\/"},{"@type":"ListItem","position":2,"name":"El grito"}]},{"@type":"WebSite","@id":"http:\/\/gentedebasquet.com.ar\/sitio\/#website","url":"http:\/\/gentedebasquet.com.ar\/sitio\/","name":"Gente de B\u00e1squet","description":"La revista del basquet de Bah\u00eda Blanca","potentialAction":[{"@type":"SearchAction","target":{"@type":"EntryPoint","urlTemplate":"http:\/\/gentedebasquet.com.ar\/sitio\/?s={search_term_string}"},"query-input":{"@type":"PropertyValueSpecification","valueRequired":true,"valueName":"search_term_string"}}],"inLanguage":"es"},{"@type":"Person","@id":"http:\/\/gentedebasquet.com.ar\/sitio\/#\/schema\/person\/ca0b63bbb977369988a7bbbdc519943a","name":"Gente de B\u00e1squet","image":{"@type":"ImageObject","inLanguage":"es","@id":"https:\/\/secure.gravatar.com\/avatar\/7f2c48bdc33b30088f941fb6082e555f2874c98e20cb159d7b92b50eadfce793?s=96&d=mm&r=g","url":"https:\/\/secure.gravatar.com\/avatar\/7f2c48bdc33b30088f941fb6082e555f2874c98e20cb159d7b92b50eadfce793?s=96&d=mm&r=g","contentUrl":"https:\/\/secure.gravatar.com\/avatar\/7f2c48bdc33b30088f941fb6082e555f2874c98e20cb159d7b92b50eadfce793?s=96&d=mm&r=g","caption":"Gente de B\u00e1squet"},"sameAs":["http:\/\/gentedebasquet.com.ar\/sitio"],"url":"https:\/\/gentedebasquet.com.ar\/sitio\/author\/ulises\/"}]}},"_links":{"self":[{"href":"https:\/\/gentedebasquet.com.ar\/sitio\/wp-json\/wp\/v2\/posts\/20212","targetHints":{"allow":["GET"]}}],"collection":[{"href":"https:\/\/gentedebasquet.com.ar\/sitio\/wp-json\/wp\/v2\/posts"}],"about":[{"href":"https:\/\/gentedebasquet.com.ar\/sitio\/wp-json\/wp\/v2\/types\/post"}],"author":[{"embeddable":true,"href":"https:\/\/gentedebasquet.com.ar\/sitio\/wp-json\/wp\/v2\/users\/1"}],"replies":[{"embeddable":true,"href":"https:\/\/gentedebasquet.com.ar\/sitio\/wp-json\/wp\/v2\/comments?post=20212"}],"version-history":[{"count":0,"href":"https:\/\/gentedebasquet.com.ar\/sitio\/wp-json\/wp\/v2\/posts\/20212\/revisions"}],"wp:featuredmedia":[{"embeddable":true,"href":"https:\/\/gentedebasquet.com.ar\/sitio\/wp-json\/wp\/v2\/media\/37417"}],"wp:attachment":[{"href":"https:\/\/gentedebasquet.com.ar\/sitio\/wp-json\/wp\/v2\/media?parent=20212"}],"wp:term":[{"taxonomy":"category","embeddable":true,"href":"https:\/\/gentedebasquet.com.ar\/sitio\/wp-json\/wp\/v2\/categories?post=20212"},{"taxonomy":"post_tag","embeddable":true,"href":"https:\/\/gentedebasquet.com.ar\/sitio\/wp-json\/wp\/v2\/tags?post=20212"}],"curies":[{"name":"wp","href":"https:\/\/api.w.org\/{rel}","templated":true}]}}