{"id":20246,"date":"2013-12-04T23:51:45","date_gmt":"2013-12-04T23:51:45","guid":{"rendered":"http:\/\/www.gentedebasquet.com.ar\/?p=20246"},"modified":"2013-12-04T23:51:45","modified_gmt":"2013-12-04T23:51:45","slug":"te-invito-a-un-tercero","status":"publish","type":"post","link":"https:\/\/gentedebasquet.com.ar\/sitio\/2013\/12\/04\/te-invito-a-un-tercero\/","title":{"rendered":"Te invito a un tercero"},"content":{"rendered":"<p><strong>Estudiantes ahog\u00f3 el festejo de Villa Mitre en Cadetes Bis y lo oblig\u00f3 a jugar un tercer partido tras vencerlo 60-45. En un cotejo que comenz\u00f3 equilibrado, el Albo, de la mano de Luciano Vecchi y Claudio S\u00e1nchez (13 puntos cada uno), logr\u00f3 despegarse sobre la mitad del 2C y domin\u00f3 el resto del partido. El conjunto de Carranza sum\u00f3 demasiadas p\u00e9rdidas en el complemento y perdi\u00f3 efectividad. Dami\u00e1n Cataldo fue el m\u00e1s destacado, consiguiendo 13 unidades.<\/strong><\/p>\n<p>El partido arranc\u00f3 muy parejo en el Casanova. Mientras Sebasti\u00e1n Shoot y Dami\u00e1n Cataldo sumaban 5 y 3 puntos respectivamente, para la visita, Claudio S\u00e1nchez manten\u00eda cerca al local cristalizando 7 unidades. Sin embargo, al \u201calbo\u201d no le alcanz\u00f3 y Villa Mitre se termin\u00f3 quedando con el primer per\u00edodo, comenzando a palpitar emociones, 16-12.<\/p>\n<p>Sin embargo, el \u201cverde\u201d se durmi\u00f3 en el comienzo del segundo cuarto y Estudiantes supo aprovecharlo. De la mano de Duca y Eleno, el local consigui\u00f3 un parcial de 8-0, obteniendo un giro en el marcador, 20-16. M\u00e1s a\u00fan, el conjunto de Piccinini logr\u00f3 una ventaja m\u00e1xima de 11 puntos (30-19). Pero, sobre el final de la etapa, Nicotra y Schoot efectivizaron de dos y Rapetti cerr\u00f3 el cuarto con un triple que dej\u00f3 al visitante a solo 5 unidades, 30-25.<\/p>\n<p>Ya en el comienzo de la segunda etapa del cotejo, Villa Mitre pudo acortar a\u00fan mas la diferencia, quedando a solo 3 puntos, 30-27. Pero enseguida, Estudiantes reaccion\u00f3 \u00a0de la mano de Vecchi con 8 unidades y el reci\u00e9n ingresado Ignacio Gonz\u00e1lez con 4 unidades. De esta manera, el \u201calbo\u201d, ampliaba la luz nuevamente, 50-38.<\/p>\n<p>En el \u00faltimo cuarto, poco se sumo y poco se jug\u00f3. Con un Villa Mitre ya desordenado y sin poder calmar la ansiedad de ver que se escaba la posibilidad de ser campe\u00f3n, el \u201calbo\u201d manej\u00f3 los \u00faltimos diez minutos a su manera y logr\u00f3 ahogar el festejo del conjunto de Carranza. De esta manera, Estudiantes y Villa Mitre deber\u00e1n jugar un tercer encuentro para medir una vez m\u00e1s quien es el mejor de la categor\u00eda.<\/p>\n<p><span style=\"color: #ffcc99;\">.<\/span><\/p>\n<p><em><strong><span style=\"text-decoration: underline;\">S\u00edntesis:<\/span><\/strong><\/em><\/p>\n<p><strong>Estudiantes: 60<br \/>\n<\/strong><\/p>\n<p>Iniciales: Santiago Mart\u00ednez (0); Luciano Vecchi (13); Claudio S\u00e1nchez (13); Santiago Ribes (0); Jano Duca (9).<\/p>\n<p>Ingresaron: Jokin Armendariz (3); Facundo Eleno (11); Ignacio Gonz\u00e1lez (7); Joaqu\u00edn \u00c1lvarez (0); Jos\u00e9 Bellegia (4); Tom\u00e1s Fern\u00e1ndez (0).<br \/>\n<strong><\/strong><\/p>\n<p>DT: Fabricio Piccinini<\/p>\n<p><strong>Villa Mitre: 45<br \/>\n<\/strong><\/p>\n<p>Iniciales: Federico Properzi (2); Alan Madri (4); Sebasti\u00e1n Schoot (11); Franco Nicotra (7); Dami\u00e1n Cataldo (13).<\/p>\n<p>Ingresaron: Hugo Macias (2); Tom\u00e1s Fern\u00e1ndez (0); Leandro Rapetti (3); Agust\u00edn Moretti (0); Iv\u00e1n Cerra (3).<br \/>\n<strong><\/strong><\/p>\n<p>DT: Alberto Carranza<\/p>\n<p><span style=\"color: #ffcc99;\">.<\/span><\/p>\n<p><strong>Cuartos:<\/strong> 12-16; 30-25; 50-38; 60-45<br \/>\n<strong><\/strong><\/p>\n<p><strong>Cinco faltas:<\/strong> Facundo Eleno (Estudiantes); Jos\u00e9 Bellegia (Estudiantes); Franco Nicotra (Villa Mitre).<\/p>\n<p><strong>\u00c1rbitros:<\/strong> Sebasti\u00e1n Giannino, Luis Blanco y Jorge Blanco.<\/p>\n<p><a class=\"modalf iframe\" title=\"Planilla\" href=\"https:\/\/docs.google.com\/spreadsheet\/pub?key=0AhWH6MgjN9X5dHdaZ0Q2N040eGZKYy01dGQwcEZydXc&amp;single=true&amp;gid=0&amp;output=html\">Ver Planilla<\/a><\/p>\n<p><span style=\"color: #ffcc99;\">.<\/span><\/p>\n<p style=\"text-align: center;\"><strong>ESTUDIANTES<a href=\"http:\/\/www.gentedebasquet.com.ar\/wp-content\/uploads\/2013\/12\/Bis-Estudiantes.jpg\"><img decoding=\"async\" class=\"alignnone size-full wp-image-20262\" title=\"Bis Estudiantes\" alt=\"\" src=\"http:\/\/www.gentedebasquet.com.ar\/wp-content\/uploads\/2013\/12\/Bis-Estudiantes.jpg\" width=\"448\" height=\"336\" \/><\/a><\/strong><\/p>\n<p style=\"text-align: center;\"><strong>VILLA MITRE<a href=\"http:\/\/www.gentedebasquet.com.ar\/wp-content\/uploads\/2013\/12\/Bis-Villa-Mitre.jpg\"><img decoding=\"async\" class=\"alignnone size-full wp-image-20263\" title=\"Bis Villa Mitre\" alt=\"\" src=\"http:\/\/www.gentedebasquet.com.ar\/wp-content\/uploads\/2013\/12\/Bis-Villa-Mitre.jpg\" width=\"448\" height=\"336\" \/><\/a><\/strong><\/p>\n<p style=\"text-align: left;\">Fotos: <a href=\"https:\/\/twitter.com\/RomiSaldias\" target=\"_blank\" rel=\"noopener\">Romina Sald\u00edas<\/a> para <strong>Gente de B\u00e1squet<\/strong>.<\/p>\n","protected":false},"excerpt":{"rendered":"<p>Estudiantes ahog\u00f3 el festejo de Villa Mitre en Cadetes Bis tras vencerlo 60-45.<\/p>\n","protected":false},"author":16,"featured_media":26848,"comment_status":"open","ping_status":"open","sticky":false,"template":"","format":"standard","meta":{"jnews-multi-image_gallery":[],"jnews_single_post":[],"jnews_primary_category":[],"footnotes":""},"categories":[35],"tags":[11,22],"class_list":["post-20246","post","type-post","status-publish","format-standard","has-post-thumbnail","hentry","category-u17","tag-estudiantes","tag-villa-mitre"],"yoast_head":"<!-- This site is optimized with the Yoast SEO plugin v27.5 - https:\/\/yoast.com\/product\/yoast-seo-wordpress\/ -->\n<title>Te invito a un tercero - Gente de B\u00e1squet<\/title>\n<meta name=\"robots\" content=\"index, follow, max-snippet:-1, max-image-preview:large, max-video-preview:-1\" \/>\n<link rel=\"canonical\" href=\"http:\/\/gentedebasquet.com.ar\/sitio\/2013\/12\/04\/te-invito-a-un-tercero\/\" \/>\n<meta property=\"og:locale\" content=\"es_ES\" \/>\n<meta property=\"og:type\" content=\"article\" \/>\n<meta property=\"og:title\" content=\"Te invito a un tercero - Gente de B\u00e1squet\" \/>\n<meta property=\"og:description\" content=\"Estudiantes ahog\u00f3 el festejo de Villa Mitre en Cadetes Bis tras vencerlo 60-45.\" \/>\n<meta property=\"og:url\" content=\"http:\/\/gentedebasquet.com.ar\/sitio\/2013\/12\/04\/te-invito-a-un-tercero\/\" \/>\n<meta property=\"og:site_name\" content=\"Gente de B\u00e1squet\" \/>\n<meta property=\"article:published_time\" content=\"2013-12-04T23:51:45+00:00\" \/>\n<meta property=\"og:image\" content=\"http:\/\/gentedebasquet.com.ar\/sitio\/wp-content\/uploads\/2014\/02\/Bis-Estudiantes-Villa-Mitre.jpg\" \/>\n\t<meta property=\"og:image:width\" content=\"300\" \/>\n\t<meta property=\"og:image:height\" content=\"211\" \/>\n\t<meta property=\"og:image:type\" content=\"image\/jpeg\" \/>\n<meta name=\"author\" content=\"Gonzalo Focianos\" \/>\n<meta name=\"twitter:card\" content=\"summary_large_image\" \/>\n<meta name=\"twitter:label1\" content=\"Escrito por\" \/>\n\t<meta name=\"twitter:data1\" content=\"Gonzalo Focianos\" \/>\n\t<meta name=\"twitter:label2\" content=\"Tiempo de lectura\" \/>\n\t<meta name=\"twitter:data2\" content=\"2 minutos\" \/>\n<script type=\"application\/ld+json\" class=\"yoast-schema-graph\">{\"@context\":\"https:\\\/\\\/schema.org\",\"@graph\":[{\"@type\":\"Article\",\"@id\":\"http:\\\/\\\/gentedebasquet.com.ar\\\/sitio\\\/2013\\\/12\\\/04\\\/te-invito-a-un-tercero\\\/#article\",\"isPartOf\":{\"@id\":\"http:\\\/\\\/gentedebasquet.com.ar\\\/sitio\\\/2013\\\/12\\\/04\\\/te-invito-a-un-tercero\\\/\"},\"author\":{\"name\":\"Gonzalo Focianos\",\"@id\":\"http:\\\/\\\/gentedebasquet.com.ar\\\/sitio\\\/#\\\/schema\\\/person\\\/07742352f6eb91a652db456d6da638a3\"},\"headline\":\"Te invito a un tercero\",\"datePublished\":\"2013-12-04T23:51:45+00:00\",\"mainEntityOfPage\":{\"@id\":\"http:\\\/\\\/gentedebasquet.com.ar\\\/sitio\\\/2013\\\/12\\\/04\\\/te-invito-a-un-tercero\\\/\"},\"wordCount\":466,\"commentCount\":0,\"image\":{\"@id\":\"http:\\\/\\\/gentedebasquet.com.ar\\\/sitio\\\/2013\\\/12\\\/04\\\/te-invito-a-un-tercero\\\/#primaryimage\"},\"thumbnailUrl\":\"https:\\\/\\\/gentedebasquet.com.ar\\\/sitio\\\/wp-content\\\/uploads\\\/2014\\\/02\\\/Bis-Estudiantes-Villa-Mitre.jpg\",\"keywords\":[\"Estudiantes\",\"Villa Mitre\"],\"articleSection\":[\"U17\"],\"inLanguage\":\"es\",\"potentialAction\":[{\"@type\":\"CommentAction\",\"name\":\"Comment\",\"target\":[\"http:\\\/\\\/gentedebasquet.com.ar\\\/sitio\\\/2013\\\/12\\\/04\\\/te-invito-a-un-tercero\\\/#respond\"]}]},{\"@type\":\"WebPage\",\"@id\":\"http:\\\/\\\/gentedebasquet.com.ar\\\/sitio\\\/2013\\\/12\\\/04\\\/te-invito-a-un-tercero\\\/\",\"url\":\"http:\\\/\\\/gentedebasquet.com.ar\\\/sitio\\\/2013\\\/12\\\/04\\\/te-invito-a-un-tercero\\\/\",\"name\":\"Te invito a un tercero - Gente de B\u00e1squet\",\"isPartOf\":{\"@id\":\"http:\\\/\\\/gentedebasquet.com.ar\\\/sitio\\\/#website\"},\"primaryImageOfPage\":{\"@id\":\"http:\\\/\\\/gentedebasquet.com.ar\\\/sitio\\\/2013\\\/12\\\/04\\\/te-invito-a-un-tercero\\\/#primaryimage\"},\"image\":{\"@id\":\"http:\\\/\\\/gentedebasquet.com.ar\\\/sitio\\\/2013\\\/12\\\/04\\\/te-invito-a-un-tercero\\\/#primaryimage\"},\"thumbnailUrl\":\"https:\\\/\\\/gentedebasquet.com.ar\\\/sitio\\\/wp-content\\\/uploads\\\/2014\\\/02\\\/Bis-Estudiantes-Villa-Mitre.jpg\",\"datePublished\":\"2013-12-04T23:51:45+00:00\",\"author\":{\"@id\":\"http:\\\/\\\/gentedebasquet.com.ar\\\/sitio\\\/#\\\/schema\\\/person\\\/07742352f6eb91a652db456d6da638a3\"},\"breadcrumb\":{\"@id\":\"http:\\\/\\\/gentedebasquet.com.ar\\\/sitio\\\/2013\\\/12\\\/04\\\/te-invito-a-un-tercero\\\/#breadcrumb\"},\"inLanguage\":\"es\",\"potentialAction\":[{\"@type\":\"ReadAction\",\"target\":[\"http:\\\/\\\/gentedebasquet.com.ar\\\/sitio\\\/2013\\\/12\\\/04\\\/te-invito-a-un-tercero\\\/\"]}]},{\"@type\":\"ImageObject\",\"inLanguage\":\"es\",\"@id\":\"http:\\\/\\\/gentedebasquet.com.ar\\\/sitio\\\/2013\\\/12\\\/04\\\/te-invito-a-un-tercero\\\/#primaryimage\",\"url\":\"https:\\\/\\\/gentedebasquet.com.ar\\\/sitio\\\/wp-content\\\/uploads\\\/2014\\\/02\\\/Bis-Estudiantes-Villa-Mitre.jpg\",\"contentUrl\":\"https:\\\/\\\/gentedebasquet.com.ar\\\/sitio\\\/wp-content\\\/uploads\\\/2014\\\/02\\\/Bis-Estudiantes-Villa-Mitre.jpg\",\"width\":300,\"height\":211},{\"@type\":\"BreadcrumbList\",\"@id\":\"http:\\\/\\\/gentedebasquet.com.ar\\\/sitio\\\/2013\\\/12\\\/04\\\/te-invito-a-un-tercero\\\/#breadcrumb\",\"itemListElement\":[{\"@type\":\"ListItem\",\"position\":1,\"name\":\"Portada\",\"item\":\"http:\\\/\\\/gentedebasquet.com.ar\\\/sitio\\\/\"},{\"@type\":\"ListItem\",\"position\":2,\"name\":\"Te invito a un tercero\"}]},{\"@type\":\"WebSite\",\"@id\":\"http:\\\/\\\/gentedebasquet.com.ar\\\/sitio\\\/#website\",\"url\":\"http:\\\/\\\/gentedebasquet.com.ar\\\/sitio\\\/\",\"name\":\"Gente de B\u00e1squet\",\"description\":\"La revista del basquet de Bah\u00eda Blanca\",\"potentialAction\":[{\"@type\":\"SearchAction\",\"target\":{\"@type\":\"EntryPoint\",\"urlTemplate\":\"http:\\\/\\\/gentedebasquet.com.ar\\\/sitio\\\/?s={search_term_string}\"},\"query-input\":{\"@type\":\"PropertyValueSpecification\",\"valueRequired\":true,\"valueName\":\"search_term_string\"}}],\"inLanguage\":\"es\"},{\"@type\":\"Person\",\"@id\":\"http:\\\/\\\/gentedebasquet.com.ar\\\/sitio\\\/#\\\/schema\\\/person\\\/07742352f6eb91a652db456d6da638a3\",\"name\":\"Gonzalo Focianos\",\"image\":{\"@type\":\"ImageObject\",\"inLanguage\":\"es\",\"@id\":\"https:\\\/\\\/secure.gravatar.com\\\/avatar\\\/46fafc904a6c7ca43919c7fa04314c00b73cba4c2a47a5a717f612acf4967354?s=96&d=mm&r=g\",\"url\":\"https:\\\/\\\/secure.gravatar.com\\\/avatar\\\/46fafc904a6c7ca43919c7fa04314c00b73cba4c2a47a5a717f612acf4967354?s=96&d=mm&r=g\",\"contentUrl\":\"https:\\\/\\\/secure.gravatar.com\\\/avatar\\\/46fafc904a6c7ca43919c7fa04314c00b73cba4c2a47a5a717f612acf4967354?s=96&d=mm&r=g\",\"caption\":\"Gonzalo Focianos\"},\"url\":\"https:\\\/\\\/gentedebasquet.com.ar\\\/sitio\\\/author\\\/gonzalo-focianos\\\/\"}]}<\/script>\n<!-- \/ Yoast SEO plugin. -->","yoast_head_json":{"title":"Te invito a un tercero - Gente de B\u00e1squet","robots":{"index":"index","follow":"follow","max-snippet":"max-snippet:-1","max-image-preview":"max-image-preview:large","max-video-preview":"max-video-preview:-1"},"canonical":"http:\/\/gentedebasquet.com.ar\/sitio\/2013\/12\/04\/te-invito-a-un-tercero\/","og_locale":"es_ES","og_type":"article","og_title":"Te invito a un tercero - Gente de B\u00e1squet","og_description":"Estudiantes ahog\u00f3 el festejo de Villa Mitre en Cadetes Bis tras vencerlo 60-45.","og_url":"http:\/\/gentedebasquet.com.ar\/sitio\/2013\/12\/04\/te-invito-a-un-tercero\/","og_site_name":"Gente de B\u00e1squet","article_published_time":"2013-12-04T23:51:45+00:00","og_image":[{"width":300,"height":211,"url":"http:\/\/gentedebasquet.com.ar\/sitio\/wp-content\/uploads\/2014\/02\/Bis-Estudiantes-Villa-Mitre.jpg","type":"image\/jpeg"}],"author":"Gonzalo Focianos","twitter_card":"summary_large_image","twitter_misc":{"Escrito por":"Gonzalo Focianos","Tiempo de lectura":"2 minutos"},"schema":{"@context":"https:\/\/schema.org","@graph":[{"@type":"Article","@id":"http:\/\/gentedebasquet.com.ar\/sitio\/2013\/12\/04\/te-invito-a-un-tercero\/#article","isPartOf":{"@id":"http:\/\/gentedebasquet.com.ar\/sitio\/2013\/12\/04\/te-invito-a-un-tercero\/"},"author":{"name":"Gonzalo Focianos","@id":"http:\/\/gentedebasquet.com.ar\/sitio\/#\/schema\/person\/07742352f6eb91a652db456d6da638a3"},"headline":"Te invito a un tercero","datePublished":"2013-12-04T23:51:45+00:00","mainEntityOfPage":{"@id":"http:\/\/gentedebasquet.com.ar\/sitio\/2013\/12\/04\/te-invito-a-un-tercero\/"},"wordCount":466,"commentCount":0,"image":{"@id":"http:\/\/gentedebasquet.com.ar\/sitio\/2013\/12\/04\/te-invito-a-un-tercero\/#primaryimage"},"thumbnailUrl":"https:\/\/gentedebasquet.com.ar\/sitio\/wp-content\/uploads\/2014\/02\/Bis-Estudiantes-Villa-Mitre.jpg","keywords":["Estudiantes","Villa Mitre"],"articleSection":["U17"],"inLanguage":"es","potentialAction":[{"@type":"CommentAction","name":"Comment","target":["http:\/\/gentedebasquet.com.ar\/sitio\/2013\/12\/04\/te-invito-a-un-tercero\/#respond"]}]},{"@type":"WebPage","@id":"http:\/\/gentedebasquet.com.ar\/sitio\/2013\/12\/04\/te-invito-a-un-tercero\/","url":"http:\/\/gentedebasquet.com.ar\/sitio\/2013\/12\/04\/te-invito-a-un-tercero\/","name":"Te invito a un tercero - Gente de B\u00e1squet","isPartOf":{"@id":"http:\/\/gentedebasquet.com.ar\/sitio\/#website"},"primaryImageOfPage":{"@id":"http:\/\/gentedebasquet.com.ar\/sitio\/2013\/12\/04\/te-invito-a-un-tercero\/#primaryimage"},"image":{"@id":"http:\/\/gentedebasquet.com.ar\/sitio\/2013\/12\/04\/te-invito-a-un-tercero\/#primaryimage"},"thumbnailUrl":"https:\/\/gentedebasquet.com.ar\/sitio\/wp-content\/uploads\/2014\/02\/Bis-Estudiantes-Villa-Mitre.jpg","datePublished":"2013-12-04T23:51:45+00:00","author":{"@id":"http:\/\/gentedebasquet.com.ar\/sitio\/#\/schema\/person\/07742352f6eb91a652db456d6da638a3"},"breadcrumb":{"@id":"http:\/\/gentedebasquet.com.ar\/sitio\/2013\/12\/04\/te-invito-a-un-tercero\/#breadcrumb"},"inLanguage":"es","potentialAction":[{"@type":"ReadAction","target":["http:\/\/gentedebasquet.com.ar\/sitio\/2013\/12\/04\/te-invito-a-un-tercero\/"]}]},{"@type":"ImageObject","inLanguage":"es","@id":"http:\/\/gentedebasquet.com.ar\/sitio\/2013\/12\/04\/te-invito-a-un-tercero\/#primaryimage","url":"https:\/\/gentedebasquet.com.ar\/sitio\/wp-content\/uploads\/2014\/02\/Bis-Estudiantes-Villa-Mitre.jpg","contentUrl":"https:\/\/gentedebasquet.com.ar\/sitio\/wp-content\/uploads\/2014\/02\/Bis-Estudiantes-Villa-Mitre.jpg","width":300,"height":211},{"@type":"BreadcrumbList","@id":"http:\/\/gentedebasquet.com.ar\/sitio\/2013\/12\/04\/te-invito-a-un-tercero\/#breadcrumb","itemListElement":[{"@type":"ListItem","position":1,"name":"Portada","item":"http:\/\/gentedebasquet.com.ar\/sitio\/"},{"@type":"ListItem","position":2,"name":"Te invito a un tercero"}]},{"@type":"WebSite","@id":"http:\/\/gentedebasquet.com.ar\/sitio\/#website","url":"http:\/\/gentedebasquet.com.ar\/sitio\/","name":"Gente de B\u00e1squet","description":"La revista del basquet de Bah\u00eda Blanca","potentialAction":[{"@type":"SearchAction","target":{"@type":"EntryPoint","urlTemplate":"http:\/\/gentedebasquet.com.ar\/sitio\/?s={search_term_string}"},"query-input":{"@type":"PropertyValueSpecification","valueRequired":true,"valueName":"search_term_string"}}],"inLanguage":"es"},{"@type":"Person","@id":"http:\/\/gentedebasquet.com.ar\/sitio\/#\/schema\/person\/07742352f6eb91a652db456d6da638a3","name":"Gonzalo Focianos","image":{"@type":"ImageObject","inLanguage":"es","@id":"https:\/\/secure.gravatar.com\/avatar\/46fafc904a6c7ca43919c7fa04314c00b73cba4c2a47a5a717f612acf4967354?s=96&d=mm&r=g","url":"https:\/\/secure.gravatar.com\/avatar\/46fafc904a6c7ca43919c7fa04314c00b73cba4c2a47a5a717f612acf4967354?s=96&d=mm&r=g","contentUrl":"https:\/\/secure.gravatar.com\/avatar\/46fafc904a6c7ca43919c7fa04314c00b73cba4c2a47a5a717f612acf4967354?s=96&d=mm&r=g","caption":"Gonzalo Focianos"},"url":"https:\/\/gentedebasquet.com.ar\/sitio\/author\/gonzalo-focianos\/"}]}},"_links":{"self":[{"href":"https:\/\/gentedebasquet.com.ar\/sitio\/wp-json\/wp\/v2\/posts\/20246","targetHints":{"allow":["GET"]}}],"collection":[{"href":"https:\/\/gentedebasquet.com.ar\/sitio\/wp-json\/wp\/v2\/posts"}],"about":[{"href":"https:\/\/gentedebasquet.com.ar\/sitio\/wp-json\/wp\/v2\/types\/post"}],"author":[{"embeddable":true,"href":"https:\/\/gentedebasquet.com.ar\/sitio\/wp-json\/wp\/v2\/users\/16"}],"replies":[{"embeddable":true,"href":"https:\/\/gentedebasquet.com.ar\/sitio\/wp-json\/wp\/v2\/comments?post=20246"}],"version-history":[{"count":0,"href":"https:\/\/gentedebasquet.com.ar\/sitio\/wp-json\/wp\/v2\/posts\/20246\/revisions"}],"wp:featuredmedia":[{"embeddable":true,"href":"https:\/\/gentedebasquet.com.ar\/sitio\/wp-json\/wp\/v2\/media\/26848"}],"wp:attachment":[{"href":"https:\/\/gentedebasquet.com.ar\/sitio\/wp-json\/wp\/v2\/media?parent=20246"}],"wp:term":[{"taxonomy":"category","embeddable":true,"href":"https:\/\/gentedebasquet.com.ar\/sitio\/wp-json\/wp\/v2\/categories?post=20246"},{"taxonomy":"post_tag","embeddable":true,"href":"https:\/\/gentedebasquet.com.ar\/sitio\/wp-json\/wp\/v2\/tags?post=20246"}],"curies":[{"name":"wp","href":"https:\/\/api.w.org\/{rel}","templated":true}]}}