{"id":20314,"date":"2013-12-06T15:31:53","date_gmt":"2013-12-06T15:31:53","guid":{"rendered":"http:\/\/www.gentedebasquet.com.ar\/?p=20314"},"modified":"2013-12-06T15:31:53","modified_gmt":"2013-12-06T15:31:53","slug":"el-nacional-fue-una-ferrari","status":"publish","type":"post","link":"https:\/\/gentedebasquet.com.ar\/sitio\/2013\/12\/06\/el-nacional-fue-una-ferrari\/","title":{"rendered":"El Nacional fue una \u00abFerrari\u00bb"},"content":{"rendered":"<p align=\"LEFT\"><span><em><strong><span style=\"font-family: Arial, sans-serif;\"><a href=\"http:\/\/www.gentedebasquet.com.ar\/wp-content\/uploads\/2013\/12\/estudiantes-el-nacional.jpg\"><img decoding=\"async\" class=\"alignnone size-full wp-image-20315\" src=\"http:\/\/www.gentedebasquet.com.ar\/wp-content\/uploads\/2013\/12\/estudiantes-el-nacional.jpg\" alt=\"\" width=\"448\" height=\"336\" \/><\/a>En la final de los Infantiles \u201cBis\u201d, El Nacional super\u00f3 a Estudiantes 81 a 76 en el Casanova y de esta manera igual\u00f3 la serie en 1. La visita\u00a0estuvo\u00a0siempre por debajo en el marcador hasta el tercer cuarto, ya en el cierre del segundo cuarto mostr\u00f3 una mejora y en el\u00a0segundo tiempo domin\u00f3 el juego. Fue clave para esta remontada Franco Ferrari (19 pts, 100% de eficacia en T2 y TL). El goleador de la tarde fue Santiago con 21 puntos, mientras que por el lado del equipo local, el mejor fue Iv\u00e1n Catani con 15 tantos.<!--more--><\/span><\/strong><\/em><\/span><\/p>\n<p align=\"LEFT\"><span style=\"font-family: Arial, sans-serif;\">El arranque del partido fue parejo, ambos equipos basaban sus ofensivas en un solo jugador, Estudiantes apelaba a las penetraciones de Ruiz (6pts de los primeros 8 de su equipo), mientras que en El Nacional, todas las pelotas de ataque pasaban por Santiago. Pero con el correr de los minutos, la visita no encontraba las v\u00edas hacia el gol (1 solo tiro de campo convertido en los primeros 5 minutos) y a esto se le sumaban varias perdidas (6). Esto le permiti\u00f3 al albo sacar una ventaja m\u00e1xima de 9 puntos (21-12). Pero sobre el final 2 bombazos de Ciminari le dieron la posibilidad a El Nacional de ponerse a 3 puntos (23-20). Aunque r\u00e1pidamente Ruiz respondi\u00f3 con otro triple y cerr\u00f3 el primer chico 26 a 20 a favor del albo.<\/span><\/p>\n<p align=\"LEFT\"><span style=\"font-family: Arial, sans-serif;\">En el segundo cuarto, los 2 equipos estuvieron muy err\u00e1ticos. El Nacional segu\u00eda con el mismo problema en ofensiva de no poder convertir muchos tiros de campo y ahora tambi\u00e9n el albo ten\u00eda el mismo problema, aunque a falta de 5 minutos Herrero meti\u00f3 un triple y le permiti\u00f3 a Estudiantes sacar la m\u00e1xima diferencia de 11 puntos (35-24). A partir de ese momento reaccion\u00f3 la visita. Ferrari (9) se carg\u00f3 el equipo al hombro y sumado al juego interno de Busacca (Los \u00fanicos 2 jugadores que sumaron puntos en este cuarto), El Nacional encontr\u00f3 los caminos hacia el gol y se puso a tiro del albo (35-31). Estudiantes apostaba al juego interno de Catani (1\/6 T2) pero no obten\u00eda resultados, El Nacional sigui\u00f3 acortando la distancia y cerr\u00f3 el primer tiempo perdiendo 38 a 35.<\/span><\/p>\n<p align=\"LEFT\"><span style=\"font-family: Arial, sans-serif;\">En el segundo tiempo, El Nacional mantuvo la misma intensidad, Ferrari (6) segu\u00eda con la mano caliente y tambi\u00e9n contribu\u00eda con lo suyo Santiago (7). De esta manera El Nacional pas\u00f3 al frente por primera vez en el partido con 5 minutos restante de juego (44-46). Estudiantes se manten\u00eda en partido ya que esta vez el juego interno de Catani le daba resultados, pero Trespando y Ruiz ya no marcaban la diferencia como en el primer cuarto debido a una buena defensa de hombre a hombre establecida por la visita. Sobre el final del cuarto un triple de Salco le permiti\u00f3 a los dirigidos por Neyra irse ganando 60 a 56.<\/span><\/p>\n<p align=\"LEFT\"><span style=\"font-family: Arial, sans-serif;\">En el inicio del \u00faltimo cuarto, Estudiantes parec\u00eda haber recuperado la memoria, ya que en los primeros 2 minutos y medio de juego clav\u00f3 un parcial de 10 a 1, convirtiendo sus 5 primeros ataques y recuper\u00f3 la ventaja (66-61). Fueron claves para esto Catani (4) y Leyton (4). Pero la visita no iba a bajar los brazos e iba a igualar las accione en 66 a falta de 6:23. A partir de ese entonces el partido fue dr\u00e1matico, ya que no se sacaron grandes diferencias y la ventaja alternaba constantemente. El juego interno de Catani y la presici\u00f3n de Leyton en sus lanzamientos lejanos, era lo m\u00e1s destacable del albo, mientras que en el equipo de la quinta lo mejor se ve\u00eda en las apareiciones en ofensiva de Sabatini y Santiago. A falta de 1:07 el partido estaba igualado en 74 pero Sabatini clav\u00f3 un bombazo para empezar a cerrar el partido, el albo respondi\u00f3 enseguida con un doble de Catani y con 50 segundos de juego solo perd\u00eda por 1 (76-77), pero a partir de ese entonces manej\u00f3 mal sus ofensivas, perdi\u00f3 una pelota incre\u00edble sobre el cierre y Franco Ferrari se encarg\u00f3 de cerrar el partido desde la l\u00ednea de libres (9\/9 en TL) para darle la victoria a El Nacional por 81 a 76.<\/span><\/p>\n<p align=\"LEFT\"><span style=\"font-family: Arial, sans-serif;\"><span><span style=\"text-decoration: underline;\"><strong>S\u00edntesis:<\/strong><\/span><\/span><\/span><\/p>\n<p align=\"LEFT\"><strong>Estudiantes (76):<\/strong><\/p>\n<p align=\"LEFT\"><span style=\"font-family: Arial, sans-serif;\">Iniciales: L. Trespando (10); L. Ruiz (13); F. Matz (7); A. Holman (9); N. Altamira (0).<\/span><\/p>\n<p align=\"LEFT\"><span style=\"font-family: Arial, sans-serif;\">Ingresaron: S. Ondona (3); M: Herrero (9); N. Mu\u00f1oz (0); I. Catani (15); T. Leyton (10); F. Maggi (0).<\/span><\/p>\n<p align=\"LEFT\"><strong>El Nacional (81):<\/strong><\/p>\n<p align=\"LEFT\"><span style=\"font-family: Arial, sans-serif;\">Iniciales: T. Campa\u00f1a (0); L. Ciminari (10); R. Santiago (21); F. Sorba (3); F. Sabatini (13).<\/span><\/p>\n<p align=\"LEFT\"><span style=\"font-family: Arial, sans-serif;\">Ingresaron: F. Ferrari (19); J. Rodr\u00edguez (0); J. Iraizoz (2); F. Salco (7); G. Busacco (6).<\/span><\/p>\n<p align=\"LEFT\"><strong>Cuartos: <\/strong><span style=\"font-family: Arial, sans-serif;\">26-20; 38-35 (12-15); 56-60 (18-25); 76-81 (20-21).<\/span><\/p>\n<p align=\"LEFT\"><strong>Cinco faltas: <\/strong><span style=\"font-family: Arial, sans-serif;\">F. Matz (Estudiantes).<\/span><\/p>\n<p align=\"LEFT\"><strong>\u00c1rbitros: <\/strong><span style=\"font-family: Arial, sans-serif;\">S. Herrera \u2013 L. Paulete \u2013 F. Berlato.<\/span><\/p>\n<p align=\"LEFT\"><strong>Serie: <\/strong><span style=\"font-family: Arial, sans-serif;\">1 a 1.<\/span><\/p>\n<p align=\"LEFT\"><strong>Estadio: <\/strong><span style=\"font-family: Arial, sans-serif;\">Osvaldo Casanova.<\/span><\/p>\n<p><a class=\"modalf iframe\" title=\"Planilla\" href=\"https:\/\/docs.google.com\/spreadsheet\/pub?key=0AhWH6MgjN9X5dEFjYUZ3V01oY1Z6RUZNYTU4S28zLXc&amp;single=true&amp;gid=0&amp;output=html\">Ver Planilla<\/a><\/p>\n<p align=\"LEFT\">Foto:\u00a0<a href=\"https:\/\/twitter.com\/RomiSaldias\" target=\"_blank\" rel=\"noopener\">Romina Sald\u00edas<\/a>\u00a0para\u00a0<strong>Gente de B\u00e1squet<\/strong>.<\/p>\n","protected":false},"excerpt":{"rendered":"<p>En la final de los Infantiles \u201cBis\u201d, El Nacional super\u00f3 a Estudiantes 81 a 76 en el Casanova y de esta manera igual\u00f3 la serie en 1. La visita\u00a0estuvo\u00a0siempre por debajo en el marcador hasta el tercer cuarto, ya en el cierre del segundo cuarto mostr\u00f3 una mejora y en el\u00a0segundo tiempo domin\u00f3 el juego. [&hellip;]<\/p>\n","protected":false},"author":22,"featured_media":0,"comment_status":"open","ping_status":"open","sticky":false,"template":"","format":"standard","meta":{"jnews-multi-image_gallery":[],"jnews_single_post":[],"jnews_primary_category":[],"footnotes":""},"categories":[27],"tags":[9,11],"class_list":["post-20314","post","type-post","status-publish","format-standard","hentry","category-u15","tag-el-nacional","tag-estudiantes"],"yoast_head":"<!-- This site is optimized with the Yoast SEO plugin v27.5 - https:\/\/yoast.com\/product\/yoast-seo-wordpress\/ -->\n<title>El Nacional fue una &quot;Ferrari&quot; - Gente de B\u00e1squet<\/title>\n<meta name=\"robots\" content=\"index, follow, max-snippet:-1, max-image-preview:large, max-video-preview:-1\" \/>\n<link rel=\"canonical\" href=\"https:\/\/gentedebasquet.com.ar\/sitio\/2013\/12\/06\/el-nacional-fue-una-ferrari\/\" \/>\n<meta property=\"og:locale\" content=\"es_ES\" \/>\n<meta property=\"og:type\" content=\"article\" \/>\n<meta property=\"og:title\" content=\"El Nacional fue una &quot;Ferrari&quot; - Gente de B\u00e1squet\" \/>\n<meta property=\"og:description\" content=\"En la final de los Infantiles \u201cBis\u201d, El Nacional super\u00f3 a Estudiantes 81 a 76 en el Casanova y de esta manera igual\u00f3 la serie en 1. La visita\u00a0estuvo\u00a0siempre por debajo en el marcador hasta el tercer cuarto, ya en el cierre del segundo cuarto mostr\u00f3 una mejora y en el\u00a0segundo tiempo domin\u00f3 el juego. [&hellip;]\" \/>\n<meta property=\"og:url\" content=\"https:\/\/gentedebasquet.com.ar\/sitio\/2013\/12\/06\/el-nacional-fue-una-ferrari\/\" \/>\n<meta property=\"og:site_name\" content=\"Gente de B\u00e1squet\" \/>\n<meta property=\"article:published_time\" content=\"2013-12-06T15:31:53+00:00\" \/>\n<meta property=\"og:image\" content=\"http:\/\/www.gentedebasquet.com.ar\/wp-content\/uploads\/2013\/12\/estudiantes-el-nacional.jpg\" \/>\n<meta name=\"author\" content=\"Alan Vega\" \/>\n<meta name=\"twitter:card\" content=\"summary_large_image\" \/>\n<meta name=\"twitter:label1\" content=\"Escrito por\" \/>\n\t<meta name=\"twitter:data1\" content=\"Alan Vega\" \/>\n\t<meta name=\"twitter:label2\" content=\"Tiempo de lectura\" \/>\n\t<meta name=\"twitter:data2\" content=\"4 minutos\" \/>\n<script type=\"application\/ld+json\" class=\"yoast-schema-graph\">{\"@context\":\"https:\\\/\\\/schema.org\",\"@graph\":[{\"@type\":\"Article\",\"@id\":\"https:\\\/\\\/gentedebasquet.com.ar\\\/sitio\\\/2013\\\/12\\\/06\\\/el-nacional-fue-una-ferrari\\\/#article\",\"isPartOf\":{\"@id\":\"https:\\\/\\\/gentedebasquet.com.ar\\\/sitio\\\/2013\\\/12\\\/06\\\/el-nacional-fue-una-ferrari\\\/\"},\"author\":{\"name\":\"Alan Vega\",\"@id\":\"http:\\\/\\\/gentedebasquet.com.ar\\\/sitio\\\/#\\\/schema\\\/person\\\/5102f55063e0ca67fa401114c078710b\"},\"headline\":\"El Nacional fue una \u00abFerrari\u00bb\",\"datePublished\":\"2013-12-06T15:31:53+00:00\",\"mainEntityOfPage\":{\"@id\":\"https:\\\/\\\/gentedebasquet.com.ar\\\/sitio\\\/2013\\\/12\\\/06\\\/el-nacional-fue-una-ferrari\\\/\"},\"wordCount\":770,\"commentCount\":0,\"image\":{\"@id\":\"https:\\\/\\\/gentedebasquet.com.ar\\\/sitio\\\/2013\\\/12\\\/06\\\/el-nacional-fue-una-ferrari\\\/#primaryimage\"},\"thumbnailUrl\":\"http:\\\/\\\/www.gentedebasquet.com.ar\\\/wp-content\\\/uploads\\\/2013\\\/12\\\/estudiantes-el-nacional.jpg\",\"keywords\":[\"El Nacional\",\"Estudiantes\"],\"articleSection\":[\"U15\"],\"inLanguage\":\"es\",\"potentialAction\":[{\"@type\":\"CommentAction\",\"name\":\"Comment\",\"target\":[\"https:\\\/\\\/gentedebasquet.com.ar\\\/sitio\\\/2013\\\/12\\\/06\\\/el-nacional-fue-una-ferrari\\\/#respond\"]}]},{\"@type\":\"WebPage\",\"@id\":\"https:\\\/\\\/gentedebasquet.com.ar\\\/sitio\\\/2013\\\/12\\\/06\\\/el-nacional-fue-una-ferrari\\\/\",\"url\":\"https:\\\/\\\/gentedebasquet.com.ar\\\/sitio\\\/2013\\\/12\\\/06\\\/el-nacional-fue-una-ferrari\\\/\",\"name\":\"El Nacional fue una \\\"Ferrari\\\" - Gente de B\u00e1squet\",\"isPartOf\":{\"@id\":\"http:\\\/\\\/gentedebasquet.com.ar\\\/sitio\\\/#website\"},\"primaryImageOfPage\":{\"@id\":\"https:\\\/\\\/gentedebasquet.com.ar\\\/sitio\\\/2013\\\/12\\\/06\\\/el-nacional-fue-una-ferrari\\\/#primaryimage\"},\"image\":{\"@id\":\"https:\\\/\\\/gentedebasquet.com.ar\\\/sitio\\\/2013\\\/12\\\/06\\\/el-nacional-fue-una-ferrari\\\/#primaryimage\"},\"thumbnailUrl\":\"http:\\\/\\\/www.gentedebasquet.com.ar\\\/wp-content\\\/uploads\\\/2013\\\/12\\\/estudiantes-el-nacional.jpg\",\"datePublished\":\"2013-12-06T15:31:53+00:00\",\"author\":{\"@id\":\"http:\\\/\\\/gentedebasquet.com.ar\\\/sitio\\\/#\\\/schema\\\/person\\\/5102f55063e0ca67fa401114c078710b\"},\"breadcrumb\":{\"@id\":\"https:\\\/\\\/gentedebasquet.com.ar\\\/sitio\\\/2013\\\/12\\\/06\\\/el-nacional-fue-una-ferrari\\\/#breadcrumb\"},\"inLanguage\":\"es\",\"potentialAction\":[{\"@type\":\"ReadAction\",\"target\":[\"https:\\\/\\\/gentedebasquet.com.ar\\\/sitio\\\/2013\\\/12\\\/06\\\/el-nacional-fue-una-ferrari\\\/\"]}]},{\"@type\":\"ImageObject\",\"inLanguage\":\"es\",\"@id\":\"https:\\\/\\\/gentedebasquet.com.ar\\\/sitio\\\/2013\\\/12\\\/06\\\/el-nacional-fue-una-ferrari\\\/#primaryimage\",\"url\":\"http:\\\/\\\/www.gentedebasquet.com.ar\\\/wp-content\\\/uploads\\\/2013\\\/12\\\/estudiantes-el-nacional.jpg\",\"contentUrl\":\"http:\\\/\\\/www.gentedebasquet.com.ar\\\/wp-content\\\/uploads\\\/2013\\\/12\\\/estudiantes-el-nacional.jpg\"},{\"@type\":\"BreadcrumbList\",\"@id\":\"https:\\\/\\\/gentedebasquet.com.ar\\\/sitio\\\/2013\\\/12\\\/06\\\/el-nacional-fue-una-ferrari\\\/#breadcrumb\",\"itemListElement\":[{\"@type\":\"ListItem\",\"position\":1,\"name\":\"Portada\",\"item\":\"http:\\\/\\\/gentedebasquet.com.ar\\\/sitio\\\/\"},{\"@type\":\"ListItem\",\"position\":2,\"name\":\"El Nacional fue una \u00abFerrari\u00bb\"}]},{\"@type\":\"WebSite\",\"@id\":\"http:\\\/\\\/gentedebasquet.com.ar\\\/sitio\\\/#website\",\"url\":\"http:\\\/\\\/gentedebasquet.com.ar\\\/sitio\\\/\",\"name\":\"Gente de B\u00e1squet\",\"description\":\"La revista del basquet de Bah\u00eda Blanca\",\"potentialAction\":[{\"@type\":\"SearchAction\",\"target\":{\"@type\":\"EntryPoint\",\"urlTemplate\":\"http:\\\/\\\/gentedebasquet.com.ar\\\/sitio\\\/?s={search_term_string}\"},\"query-input\":{\"@type\":\"PropertyValueSpecification\",\"valueRequired\":true,\"valueName\":\"search_term_string\"}}],\"inLanguage\":\"es\"},{\"@type\":\"Person\",\"@id\":\"http:\\\/\\\/gentedebasquet.com.ar\\\/sitio\\\/#\\\/schema\\\/person\\\/5102f55063e0ca67fa401114c078710b\",\"name\":\"Alan Vega\",\"image\":{\"@type\":\"ImageObject\",\"inLanguage\":\"es\",\"@id\":\"https:\\\/\\\/secure.gravatar.com\\\/avatar\\\/59adb7382a8dd62ef4ee15652bb4269b1b821972df8188dee2530899d5e1c7f9?s=96&d=mm&r=g\",\"url\":\"https:\\\/\\\/secure.gravatar.com\\\/avatar\\\/59adb7382a8dd62ef4ee15652bb4269b1b821972df8188dee2530899d5e1c7f9?s=96&d=mm&r=g\",\"contentUrl\":\"https:\\\/\\\/secure.gravatar.com\\\/avatar\\\/59adb7382a8dd62ef4ee15652bb4269b1b821972df8188dee2530899d5e1c7f9?s=96&d=mm&r=g\",\"caption\":\"Alan Vega\"},\"url\":\"https:\\\/\\\/gentedebasquet.com.ar\\\/sitio\\\/author\\\/alan-vega\\\/\"}]}<\/script>\n<!-- \/ Yoast SEO plugin. -->","yoast_head_json":{"title":"El Nacional fue una \"Ferrari\" - Gente de B\u00e1squet","robots":{"index":"index","follow":"follow","max-snippet":"max-snippet:-1","max-image-preview":"max-image-preview:large","max-video-preview":"max-video-preview:-1"},"canonical":"https:\/\/gentedebasquet.com.ar\/sitio\/2013\/12\/06\/el-nacional-fue-una-ferrari\/","og_locale":"es_ES","og_type":"article","og_title":"El Nacional fue una \"Ferrari\" - Gente de B\u00e1squet","og_description":"En la final de los Infantiles \u201cBis\u201d, El Nacional super\u00f3 a Estudiantes 81 a 76 en el Casanova y de esta manera igual\u00f3 la serie en 1. La visita\u00a0estuvo\u00a0siempre por debajo en el marcador hasta el tercer cuarto, ya en el cierre del segundo cuarto mostr\u00f3 una mejora y en el\u00a0segundo tiempo domin\u00f3 el juego. [&hellip;]","og_url":"https:\/\/gentedebasquet.com.ar\/sitio\/2013\/12\/06\/el-nacional-fue-una-ferrari\/","og_site_name":"Gente de B\u00e1squet","article_published_time":"2013-12-06T15:31:53+00:00","og_image":[{"url":"http:\/\/www.gentedebasquet.com.ar\/wp-content\/uploads\/2013\/12\/estudiantes-el-nacional.jpg","type":"","width":"","height":""}],"author":"Alan Vega","twitter_card":"summary_large_image","twitter_misc":{"Escrito por":"Alan Vega","Tiempo de lectura":"4 minutos"},"schema":{"@context":"https:\/\/schema.org","@graph":[{"@type":"Article","@id":"https:\/\/gentedebasquet.com.ar\/sitio\/2013\/12\/06\/el-nacional-fue-una-ferrari\/#article","isPartOf":{"@id":"https:\/\/gentedebasquet.com.ar\/sitio\/2013\/12\/06\/el-nacional-fue-una-ferrari\/"},"author":{"name":"Alan Vega","@id":"http:\/\/gentedebasquet.com.ar\/sitio\/#\/schema\/person\/5102f55063e0ca67fa401114c078710b"},"headline":"El Nacional fue una \u00abFerrari\u00bb","datePublished":"2013-12-06T15:31:53+00:00","mainEntityOfPage":{"@id":"https:\/\/gentedebasquet.com.ar\/sitio\/2013\/12\/06\/el-nacional-fue-una-ferrari\/"},"wordCount":770,"commentCount":0,"image":{"@id":"https:\/\/gentedebasquet.com.ar\/sitio\/2013\/12\/06\/el-nacional-fue-una-ferrari\/#primaryimage"},"thumbnailUrl":"http:\/\/www.gentedebasquet.com.ar\/wp-content\/uploads\/2013\/12\/estudiantes-el-nacional.jpg","keywords":["El Nacional","Estudiantes"],"articleSection":["U15"],"inLanguage":"es","potentialAction":[{"@type":"CommentAction","name":"Comment","target":["https:\/\/gentedebasquet.com.ar\/sitio\/2013\/12\/06\/el-nacional-fue-una-ferrari\/#respond"]}]},{"@type":"WebPage","@id":"https:\/\/gentedebasquet.com.ar\/sitio\/2013\/12\/06\/el-nacional-fue-una-ferrari\/","url":"https:\/\/gentedebasquet.com.ar\/sitio\/2013\/12\/06\/el-nacional-fue-una-ferrari\/","name":"El Nacional fue una \"Ferrari\" - Gente de B\u00e1squet","isPartOf":{"@id":"http:\/\/gentedebasquet.com.ar\/sitio\/#website"},"primaryImageOfPage":{"@id":"https:\/\/gentedebasquet.com.ar\/sitio\/2013\/12\/06\/el-nacional-fue-una-ferrari\/#primaryimage"},"image":{"@id":"https:\/\/gentedebasquet.com.ar\/sitio\/2013\/12\/06\/el-nacional-fue-una-ferrari\/#primaryimage"},"thumbnailUrl":"http:\/\/www.gentedebasquet.com.ar\/wp-content\/uploads\/2013\/12\/estudiantes-el-nacional.jpg","datePublished":"2013-12-06T15:31:53+00:00","author":{"@id":"http:\/\/gentedebasquet.com.ar\/sitio\/#\/schema\/person\/5102f55063e0ca67fa401114c078710b"},"breadcrumb":{"@id":"https:\/\/gentedebasquet.com.ar\/sitio\/2013\/12\/06\/el-nacional-fue-una-ferrari\/#breadcrumb"},"inLanguage":"es","potentialAction":[{"@type":"ReadAction","target":["https:\/\/gentedebasquet.com.ar\/sitio\/2013\/12\/06\/el-nacional-fue-una-ferrari\/"]}]},{"@type":"ImageObject","inLanguage":"es","@id":"https:\/\/gentedebasquet.com.ar\/sitio\/2013\/12\/06\/el-nacional-fue-una-ferrari\/#primaryimage","url":"http:\/\/www.gentedebasquet.com.ar\/wp-content\/uploads\/2013\/12\/estudiantes-el-nacional.jpg","contentUrl":"http:\/\/www.gentedebasquet.com.ar\/wp-content\/uploads\/2013\/12\/estudiantes-el-nacional.jpg"},{"@type":"BreadcrumbList","@id":"https:\/\/gentedebasquet.com.ar\/sitio\/2013\/12\/06\/el-nacional-fue-una-ferrari\/#breadcrumb","itemListElement":[{"@type":"ListItem","position":1,"name":"Portada","item":"http:\/\/gentedebasquet.com.ar\/sitio\/"},{"@type":"ListItem","position":2,"name":"El Nacional fue una \u00abFerrari\u00bb"}]},{"@type":"WebSite","@id":"http:\/\/gentedebasquet.com.ar\/sitio\/#website","url":"http:\/\/gentedebasquet.com.ar\/sitio\/","name":"Gente de B\u00e1squet","description":"La revista del basquet de Bah\u00eda Blanca","potentialAction":[{"@type":"SearchAction","target":{"@type":"EntryPoint","urlTemplate":"http:\/\/gentedebasquet.com.ar\/sitio\/?s={search_term_string}"},"query-input":{"@type":"PropertyValueSpecification","valueRequired":true,"valueName":"search_term_string"}}],"inLanguage":"es"},{"@type":"Person","@id":"http:\/\/gentedebasquet.com.ar\/sitio\/#\/schema\/person\/5102f55063e0ca67fa401114c078710b","name":"Alan Vega","image":{"@type":"ImageObject","inLanguage":"es","@id":"https:\/\/secure.gravatar.com\/avatar\/59adb7382a8dd62ef4ee15652bb4269b1b821972df8188dee2530899d5e1c7f9?s=96&d=mm&r=g","url":"https:\/\/secure.gravatar.com\/avatar\/59adb7382a8dd62ef4ee15652bb4269b1b821972df8188dee2530899d5e1c7f9?s=96&d=mm&r=g","contentUrl":"https:\/\/secure.gravatar.com\/avatar\/59adb7382a8dd62ef4ee15652bb4269b1b821972df8188dee2530899d5e1c7f9?s=96&d=mm&r=g","caption":"Alan Vega"},"url":"https:\/\/gentedebasquet.com.ar\/sitio\/author\/alan-vega\/"}]}},"_links":{"self":[{"href":"https:\/\/gentedebasquet.com.ar\/sitio\/wp-json\/wp\/v2\/posts\/20314","targetHints":{"allow":["GET"]}}],"collection":[{"href":"https:\/\/gentedebasquet.com.ar\/sitio\/wp-json\/wp\/v2\/posts"}],"about":[{"href":"https:\/\/gentedebasquet.com.ar\/sitio\/wp-json\/wp\/v2\/types\/post"}],"author":[{"embeddable":true,"href":"https:\/\/gentedebasquet.com.ar\/sitio\/wp-json\/wp\/v2\/users\/22"}],"replies":[{"embeddable":true,"href":"https:\/\/gentedebasquet.com.ar\/sitio\/wp-json\/wp\/v2\/comments?post=20314"}],"version-history":[{"count":0,"href":"https:\/\/gentedebasquet.com.ar\/sitio\/wp-json\/wp\/v2\/posts\/20314\/revisions"}],"wp:attachment":[{"href":"https:\/\/gentedebasquet.com.ar\/sitio\/wp-json\/wp\/v2\/media?parent=20314"}],"wp:term":[{"taxonomy":"category","embeddable":true,"href":"https:\/\/gentedebasquet.com.ar\/sitio\/wp-json\/wp\/v2\/categories?post=20314"},{"taxonomy":"post_tag","embeddable":true,"href":"https:\/\/gentedebasquet.com.ar\/sitio\/wp-json\/wp\/v2\/tags?post=20314"}],"curies":[{"name":"wp","href":"https:\/\/api.w.org\/{rel}","templated":true}]}}