{"id":20442,"date":"2013-12-09T04:20:13","date_gmt":"2013-12-09T04:20:13","guid":{"rendered":"http:\/\/www.gentedebasquet.com.ar\/?p=20442"},"modified":"2013-12-09T04:20:13","modified_gmt":"2013-12-09T04:20:13","slug":"se-puso-chivo","status":"publish","type":"post","link":"https:\/\/gentedebasquet.com.ar\/sitio\/2013\/12\/09\/se-puso-chivo\/","title":{"rendered":"Se puso Chivo"},"content":{"rendered":"<p style=\"text-align: left;\" align=\"center\"><strong><em><a href=\"http:\/\/www.gentedebasquet.com.ar\/wp-content\/uploads\/2013\/12\/Torre-Liniers.jpg\"><img decoding=\"async\" class=\"alignnone size-full wp-image-20445\" title=\"Torre Liniers\" src=\"http:\/\/www.gentedebasquet.com.ar\/wp-content\/uploads\/2013\/12\/Torre-Liniers.jpg\" alt=\"\" width=\"448\" height=\"336\" \/><\/a>En una noche cargada de vicisitudes y dramatismo, Liniers logr\u00f3 empatar las finales al vencer a Villa Mitre 70 a 64 (1-1). Los de Frola repartieron bien el goleo, terminando con 5 jugadores en dos d\u00edgitos: Pizzo (16), Torre (11), Starc (11), Ramos (11) y Badano (10). El tricolor sufri\u00f3 la acumulaci\u00f3n de faltas (4 titulares salieron por 5) y las 22 pelotas perdidas. G\u00f3mez (23) y Banegas (22, 12 rebotes y 5 tapas), los destacados. El mi\u00e9rcoles va el tercero.<!--more--><\/em><\/strong><\/p>\n<p>El segundo juego de las finales en Primera Divisi\u00f3n tuvo de todo, partiendo por que el inicio se atras\u00f3 35 minutos debido a que las redes de los aros estaban mal sujetas y se enganchaban ante cada lanzamiento acertado. Una vez comenzado se dej\u00f3 entrever que iba ser una noche dura, con roces al por mayor y discusiones que a\u00fan retumban en el Casanova.<\/p>\n<p>Liniers, que ven\u00eda de anotar 3\/22 a distancia en el <a href=\"http:\/\/www.gentedebasquet.com.ar\/el-grito\/\" target=\"_blank\" rel=\"noopener\">primer duelo<\/a>, abri\u00f3 el juego con una bomba de Pizzo. Encima, a Villa Mitre le cost\u00f3 controlar los rompimiento de Torre y se vio abajo en el marcador en el 1C. El buen ingreso de Franco Marinsalta le dio variantes al Chivo para seguir liderando, pese a que Juan Ignacio G\u00f3mez se encendi\u00f3 y que entre Banegas y Bollo trataban de disimular el flojo rendimiento de Pineda.<\/p>\n<p>Una jugada en la que Bellozas anot\u00f3 tras tomar el cuarto rebote ofensivo consecutivo -seguido de acci\u00f3n de doble y falta de Torre-, hicieron que Liniers alcance la m\u00e1xima ventaja -hasta all\u00ed- de 6 (28-22), a 2m40 del entretiempo. A esa altura, Renzi, Banegas y G\u00f3mez ya acumulaban tres personales y obligaban a Ugolini a poner a Serra y a Alen R\u00edos por varios minutos.<\/p>\n<p>En frente Frola variaba. Badano, que anot\u00f3 sus primeros puntos de las finales, sell\u00f3 10 consecutivos, Ramos acert\u00f3 desde 6.75 metros y Liniers logr\u00f3 la m\u00e1xima de la noche con dos bombazos consecutivos de Torre, en el amanecer del 4C (58-45). Sin embargo, Villa Mitre aprovech\u00f3 3m19 sin puntos de su rival y fue recortando, hasta ponerse a 3 unidades (65-62) con robo de Allende a Franco Marinsalta y posterior antideportiva de su hermano Juli\u00e1n.<\/p>\n<p>Pero a 33s del ep\u00edlogo se produjo una combinaci\u00f3n de acciones que inclinaron la balanza para el chivo (ver im\u00e1genes). Juany G\u00f3mez atac\u00f3 y lanz\u00f3 inc\u00f3modo, Pineda agarr\u00f3 el rebote y fall\u00f3, luego Banegas tuvo doble chance y tras la captura de Pizzo, el \u00abFlaco\u00bb cometi\u00f3 su quinta personal. El alero acert\u00f3 en la l\u00ednea y tras conversi\u00f3n r\u00e1pida de G\u00f3mez, se escap\u00f3 en la reposici\u00f3n provocando que Renzi le cometa una nueva antideportiva, que cerr\u00f3 el partido.<\/p>\n<p><span style=\"color: #ffcc99;\">\u00a0.<\/span><\/p>\n<p><strong><em><span style=\"text-decoration: underline;\">S\u00edntesis: <\/span><\/em><\/strong><\/p>\n<p><strong>Liniers 70:<\/strong><\/p>\n<p>Iniciales: Santiago Torre (11), Gonzalo Badano (10), Mariano Pizzo (16), Fabricio Starc (11) y Nicol\u00e1s Quiroga (1).<\/p>\n<p>Ingresaron: Ariel Ramos (11), Franco Marinsalta (6), Ger\u00f3nimo Fern\u00e1ndez Ch\u00e1vez (1), Carlos Lauler (1), Juli\u00e1n Marinsalta (0) y Juan Ignacio Bellozas (2).<\/p>\n<p>DT: Daniel Frola.<\/p>\n<p><strong>Villa Mitre 64:<\/strong><\/p>\n<p>Iniciales: Marcelo Berdini (5), Juan Ignacio G\u00f3mez (23), Nicol\u00e1s Renzi (2), David Pineda (4) y H\u00e9rman Banegas (22).<\/p>\n<p>Ingresaron: Mart\u00edn Allende (3), Javier Bollo (5), Alan Serra (0) y Alen R\u00edos (0).<\/p>\n<p>DT: Ariel Ugolini.<\/p>\n<p>&nbsp;<\/p>\n<p><strong>Cuartos: <\/strong>Liniers 16-14, 31-27 (15-13), 52-45 (21-18) y 70-64 (18-19).<\/p>\n<p><strong>Cinco faltas: <\/strong>Juli\u00e1n Marinsalta (L), Ramos (L), Banegas (VM), Renzi (VM), Pineda (VM) y G\u00f3mez (VM).<\/p>\n<p><strong>\u00c1rbitros: <\/strong>Jorge Scheffer, Luis De Marchi y Sebasti\u00e1n Giannino.<\/p>\n<p><strong>Serie:<\/strong>\u00a01-1.<\/p>\n<p><a class=\"modalf iframe\" title=\"Planilla\" href=\"https:\/\/docs.google.com\/spreadsheet\/pub?key=0AhWH6MgjN9X5dFRkN3JiNEt4c0U2NW4zaXBmbTJEdWc&amp;single=true&amp;gid=0&amp;output=html\">Ver Planilla<\/a><\/p>\n<p><span style=\"color: #ffcc99;\">\u00a0.<\/span><\/p>\n<p><strong>Villa Mitre fall\u00f3 cuatro chances de gol y Banegas lleg\u00f3 a la quinta<\/strong><\/p>\n<p>[vimeo clip_id=\u00bb81357950&#8243;]<\/p>\n<p><strong>Antideportiva de Renzi a Pizzo<\/strong><\/p>\n<p>[vimeo clip_id=\u00bb81360522&#8243;]<\/p>\n<p><span style=\"color: #ffcc99;\">.<\/span><\/p>\n<p><strong>M\u00e1s de media hora para cambiar dos redes<\/strong><\/p>\n<p><a href=\"http:\/\/www.gentedebasquet.com.ar\/wp-content\/uploads\/2013\/12\/aro.jpg\"><img decoding=\"async\" class=\"alignnone size-full wp-image-20449\" title=\"aro\" src=\"http:\/\/www.gentedebasquet.com.ar\/wp-content\/uploads\/2013\/12\/aro.jpg\" alt=\"\" width=\"448\" height=\"336\" \/><\/a>El juego estaba programado para las 20 horas, aunque reci\u00e9n dio inicio sobre las 20.30 \u00bfEl motivo? Las redes de los aros estaban sujetas con precintos que la enganchaban ante cada conversi\u00f3n. Por eso, primero las cambiaron por otras m\u00e1s resistentes y luego, en el entretiempo, las modificaron por otras a\u00fan mejores, y sin precintos.<\/p>\n<p><a href=\"http:\/\/www.gentedebasquet.com.ar\/wp-content\/uploads\/2013\/12\/aro-2.jpg\"><img decoding=\"async\" class=\"alignnone size-full wp-image-20448\" title=\"aro 2\" src=\"http:\/\/www.gentedebasquet.com.ar\/wp-content\/uploads\/2013\/12\/aro-2.jpg\" alt=\"\" width=\"448\" height=\"336\" \/><\/a><\/p>\n<p>Fotos: <a href=\"https:\/\/twitter.com\/RomiSaldias\" target=\"_blank\" rel=\"noopener\">Romina Sald\u00edas<\/a> para <strong>Gente de B\u00e1squet<\/strong>.<\/p>\n","protected":false},"excerpt":{"rendered":"<p>En una noche cargada de vicisitudes y dramatismo, Liniers logr\u00f3 empatar las finales al vencer a Villa Mitre 70 a 64 (1-1). Los de Frola repartieron bien el goleo, terminando con 5 jugadores en dos d\u00edgitos: Pizzo (16), Torre (11), Starc (11), Ramos (11) y Badano (10). El tricolor sufri\u00f3 la acumulaci\u00f3n de faltas (4 [&hellip;]<\/p>\n","protected":false},"author":1,"featured_media":0,"comment_status":"open","ping_status":"open","sticky":false,"template":"","format":"standard","meta":{"jnews-multi-image_gallery":[],"jnews_single_post":[],"jnews_primary_category":[],"footnotes":""},"categories":[23],"tags":[14,22],"class_list":["post-20442","post","type-post","status-publish","format-standard","hentry","category-primera","tag-liniers","tag-villa-mitre"],"yoast_head":"<!-- This site is optimized with the Yoast SEO plugin v27.5 - https:\/\/yoast.com\/product\/yoast-seo-wordpress\/ -->\n<title>Se puso Chivo - Gente de B\u00e1squet<\/title>\n<meta name=\"robots\" content=\"index, follow, max-snippet:-1, max-image-preview:large, max-video-preview:-1\" \/>\n<link rel=\"canonical\" href=\"https:\/\/gentedebasquet.com.ar\/sitio\/2013\/12\/09\/se-puso-chivo\/\" \/>\n<meta property=\"og:locale\" content=\"es_ES\" \/>\n<meta property=\"og:type\" content=\"article\" \/>\n<meta property=\"og:title\" content=\"Se puso Chivo - Gente de B\u00e1squet\" \/>\n<meta property=\"og:description\" content=\"En una noche cargada de vicisitudes y dramatismo, Liniers logr\u00f3 empatar las finales al vencer a Villa Mitre 70 a 64 (1-1). Los de Frola repartieron bien el goleo, terminando con 5 jugadores en dos d\u00edgitos: Pizzo (16), Torre (11), Starc (11), Ramos (11) y Badano (10). El tricolor sufri\u00f3 la acumulaci\u00f3n de faltas (4 [&hellip;]\" \/>\n<meta property=\"og:url\" content=\"https:\/\/gentedebasquet.com.ar\/sitio\/2013\/12\/09\/se-puso-chivo\/\" \/>\n<meta property=\"og:site_name\" content=\"Gente de B\u00e1squet\" \/>\n<meta property=\"article:published_time\" content=\"2013-12-09T04:20:13+00:00\" \/>\n<meta property=\"og:image\" content=\"http:\/\/www.gentedebasquet.com.ar\/wp-content\/uploads\/2013\/12\/Torre-Liniers.jpg\" \/>\n<meta name=\"author\" content=\"Gente de B\u00e1squet\" \/>\n<meta name=\"twitter:card\" content=\"summary_large_image\" \/>\n<meta name=\"twitter:label1\" content=\"Escrito por\" \/>\n\t<meta name=\"twitter:data1\" content=\"Gente de B\u00e1squet\" \/>\n\t<meta name=\"twitter:label2\" content=\"Tiempo de lectura\" \/>\n\t<meta name=\"twitter:data2\" content=\"3 minutos\" \/>\n<script type=\"application\/ld+json\" class=\"yoast-schema-graph\">{\"@context\":\"https:\\\/\\\/schema.org\",\"@graph\":[{\"@type\":\"Article\",\"@id\":\"https:\\\/\\\/gentedebasquet.com.ar\\\/sitio\\\/2013\\\/12\\\/09\\\/se-puso-chivo\\\/#article\",\"isPartOf\":{\"@id\":\"https:\\\/\\\/gentedebasquet.com.ar\\\/sitio\\\/2013\\\/12\\\/09\\\/se-puso-chivo\\\/\"},\"author\":{\"name\":\"Gente de B\u00e1squet\",\"@id\":\"http:\\\/\\\/gentedebasquet.com.ar\\\/sitio\\\/#\\\/schema\\\/person\\\/ca0b63bbb977369988a7bbbdc519943a\"},\"headline\":\"Se puso Chivo\",\"datePublished\":\"2013-12-09T04:20:13+00:00\",\"mainEntityOfPage\":{\"@id\":\"https:\\\/\\\/gentedebasquet.com.ar\\\/sitio\\\/2013\\\/12\\\/09\\\/se-puso-chivo\\\/\"},\"wordCount\":661,\"commentCount\":0,\"image\":{\"@id\":\"https:\\\/\\\/gentedebasquet.com.ar\\\/sitio\\\/2013\\\/12\\\/09\\\/se-puso-chivo\\\/#primaryimage\"},\"thumbnailUrl\":\"http:\\\/\\\/www.gentedebasquet.com.ar\\\/wp-content\\\/uploads\\\/2013\\\/12\\\/Torre-Liniers.jpg\",\"keywords\":[\"Liniers\",\"Villa Mitre\"],\"articleSection\":[\"Primera\"],\"inLanguage\":\"es\",\"potentialAction\":[{\"@type\":\"CommentAction\",\"name\":\"Comment\",\"target\":[\"https:\\\/\\\/gentedebasquet.com.ar\\\/sitio\\\/2013\\\/12\\\/09\\\/se-puso-chivo\\\/#respond\"]}]},{\"@type\":\"WebPage\",\"@id\":\"https:\\\/\\\/gentedebasquet.com.ar\\\/sitio\\\/2013\\\/12\\\/09\\\/se-puso-chivo\\\/\",\"url\":\"https:\\\/\\\/gentedebasquet.com.ar\\\/sitio\\\/2013\\\/12\\\/09\\\/se-puso-chivo\\\/\",\"name\":\"Se puso Chivo - Gente de B\u00e1squet\",\"isPartOf\":{\"@id\":\"http:\\\/\\\/gentedebasquet.com.ar\\\/sitio\\\/#website\"},\"primaryImageOfPage\":{\"@id\":\"https:\\\/\\\/gentedebasquet.com.ar\\\/sitio\\\/2013\\\/12\\\/09\\\/se-puso-chivo\\\/#primaryimage\"},\"image\":{\"@id\":\"https:\\\/\\\/gentedebasquet.com.ar\\\/sitio\\\/2013\\\/12\\\/09\\\/se-puso-chivo\\\/#primaryimage\"},\"thumbnailUrl\":\"http:\\\/\\\/www.gentedebasquet.com.ar\\\/wp-content\\\/uploads\\\/2013\\\/12\\\/Torre-Liniers.jpg\",\"datePublished\":\"2013-12-09T04:20:13+00:00\",\"author\":{\"@id\":\"http:\\\/\\\/gentedebasquet.com.ar\\\/sitio\\\/#\\\/schema\\\/person\\\/ca0b63bbb977369988a7bbbdc519943a\"},\"breadcrumb\":{\"@id\":\"https:\\\/\\\/gentedebasquet.com.ar\\\/sitio\\\/2013\\\/12\\\/09\\\/se-puso-chivo\\\/#breadcrumb\"},\"inLanguage\":\"es\",\"potentialAction\":[{\"@type\":\"ReadAction\",\"target\":[\"https:\\\/\\\/gentedebasquet.com.ar\\\/sitio\\\/2013\\\/12\\\/09\\\/se-puso-chivo\\\/\"]}]},{\"@type\":\"ImageObject\",\"inLanguage\":\"es\",\"@id\":\"https:\\\/\\\/gentedebasquet.com.ar\\\/sitio\\\/2013\\\/12\\\/09\\\/se-puso-chivo\\\/#primaryimage\",\"url\":\"http:\\\/\\\/www.gentedebasquet.com.ar\\\/wp-content\\\/uploads\\\/2013\\\/12\\\/Torre-Liniers.jpg\",\"contentUrl\":\"http:\\\/\\\/www.gentedebasquet.com.ar\\\/wp-content\\\/uploads\\\/2013\\\/12\\\/Torre-Liniers.jpg\"},{\"@type\":\"BreadcrumbList\",\"@id\":\"https:\\\/\\\/gentedebasquet.com.ar\\\/sitio\\\/2013\\\/12\\\/09\\\/se-puso-chivo\\\/#breadcrumb\",\"itemListElement\":[{\"@type\":\"ListItem\",\"position\":1,\"name\":\"Portada\",\"item\":\"http:\\\/\\\/gentedebasquet.com.ar\\\/sitio\\\/\"},{\"@type\":\"ListItem\",\"position\":2,\"name\":\"Se puso Chivo\"}]},{\"@type\":\"WebSite\",\"@id\":\"http:\\\/\\\/gentedebasquet.com.ar\\\/sitio\\\/#website\",\"url\":\"http:\\\/\\\/gentedebasquet.com.ar\\\/sitio\\\/\",\"name\":\"Gente de B\u00e1squet\",\"description\":\"La revista del basquet de Bah\u00eda Blanca\",\"potentialAction\":[{\"@type\":\"SearchAction\",\"target\":{\"@type\":\"EntryPoint\",\"urlTemplate\":\"http:\\\/\\\/gentedebasquet.com.ar\\\/sitio\\\/?s={search_term_string}\"},\"query-input\":{\"@type\":\"PropertyValueSpecification\",\"valueRequired\":true,\"valueName\":\"search_term_string\"}}],\"inLanguage\":\"es\"},{\"@type\":\"Person\",\"@id\":\"http:\\\/\\\/gentedebasquet.com.ar\\\/sitio\\\/#\\\/schema\\\/person\\\/ca0b63bbb977369988a7bbbdc519943a\",\"name\":\"Gente de B\u00e1squet\",\"image\":{\"@type\":\"ImageObject\",\"inLanguage\":\"es\",\"@id\":\"https:\\\/\\\/secure.gravatar.com\\\/avatar\\\/7f2c48bdc33b30088f941fb6082e555f2874c98e20cb159d7b92b50eadfce793?s=96&d=mm&r=g\",\"url\":\"https:\\\/\\\/secure.gravatar.com\\\/avatar\\\/7f2c48bdc33b30088f941fb6082e555f2874c98e20cb159d7b92b50eadfce793?s=96&d=mm&r=g\",\"contentUrl\":\"https:\\\/\\\/secure.gravatar.com\\\/avatar\\\/7f2c48bdc33b30088f941fb6082e555f2874c98e20cb159d7b92b50eadfce793?s=96&d=mm&r=g\",\"caption\":\"Gente de B\u00e1squet\"},\"sameAs\":[\"http:\\\/\\\/gentedebasquet.com.ar\\\/sitio\"],\"url\":\"https:\\\/\\\/gentedebasquet.com.ar\\\/sitio\\\/author\\\/ulises\\\/\"}]}<\/script>\n<!-- \/ Yoast SEO plugin. -->","yoast_head_json":{"title":"Se puso Chivo - Gente de B\u00e1squet","robots":{"index":"index","follow":"follow","max-snippet":"max-snippet:-1","max-image-preview":"max-image-preview:large","max-video-preview":"max-video-preview:-1"},"canonical":"https:\/\/gentedebasquet.com.ar\/sitio\/2013\/12\/09\/se-puso-chivo\/","og_locale":"es_ES","og_type":"article","og_title":"Se puso Chivo - Gente de B\u00e1squet","og_description":"En una noche cargada de vicisitudes y dramatismo, Liniers logr\u00f3 empatar las finales al vencer a Villa Mitre 70 a 64 (1-1). Los de Frola repartieron bien el goleo, terminando con 5 jugadores en dos d\u00edgitos: Pizzo (16), Torre (11), Starc (11), Ramos (11) y Badano (10). El tricolor sufri\u00f3 la acumulaci\u00f3n de faltas (4 [&hellip;]","og_url":"https:\/\/gentedebasquet.com.ar\/sitio\/2013\/12\/09\/se-puso-chivo\/","og_site_name":"Gente de B\u00e1squet","article_published_time":"2013-12-09T04:20:13+00:00","og_image":[{"url":"http:\/\/www.gentedebasquet.com.ar\/wp-content\/uploads\/2013\/12\/Torre-Liniers.jpg","type":"","width":"","height":""}],"author":"Gente de B\u00e1squet","twitter_card":"summary_large_image","twitter_misc":{"Escrito por":"Gente de B\u00e1squet","Tiempo de lectura":"3 minutos"},"schema":{"@context":"https:\/\/schema.org","@graph":[{"@type":"Article","@id":"https:\/\/gentedebasquet.com.ar\/sitio\/2013\/12\/09\/se-puso-chivo\/#article","isPartOf":{"@id":"https:\/\/gentedebasquet.com.ar\/sitio\/2013\/12\/09\/se-puso-chivo\/"},"author":{"name":"Gente de B\u00e1squet","@id":"http:\/\/gentedebasquet.com.ar\/sitio\/#\/schema\/person\/ca0b63bbb977369988a7bbbdc519943a"},"headline":"Se puso Chivo","datePublished":"2013-12-09T04:20:13+00:00","mainEntityOfPage":{"@id":"https:\/\/gentedebasquet.com.ar\/sitio\/2013\/12\/09\/se-puso-chivo\/"},"wordCount":661,"commentCount":0,"image":{"@id":"https:\/\/gentedebasquet.com.ar\/sitio\/2013\/12\/09\/se-puso-chivo\/#primaryimage"},"thumbnailUrl":"http:\/\/www.gentedebasquet.com.ar\/wp-content\/uploads\/2013\/12\/Torre-Liniers.jpg","keywords":["Liniers","Villa Mitre"],"articleSection":["Primera"],"inLanguage":"es","potentialAction":[{"@type":"CommentAction","name":"Comment","target":["https:\/\/gentedebasquet.com.ar\/sitio\/2013\/12\/09\/se-puso-chivo\/#respond"]}]},{"@type":"WebPage","@id":"https:\/\/gentedebasquet.com.ar\/sitio\/2013\/12\/09\/se-puso-chivo\/","url":"https:\/\/gentedebasquet.com.ar\/sitio\/2013\/12\/09\/se-puso-chivo\/","name":"Se puso Chivo - Gente de B\u00e1squet","isPartOf":{"@id":"http:\/\/gentedebasquet.com.ar\/sitio\/#website"},"primaryImageOfPage":{"@id":"https:\/\/gentedebasquet.com.ar\/sitio\/2013\/12\/09\/se-puso-chivo\/#primaryimage"},"image":{"@id":"https:\/\/gentedebasquet.com.ar\/sitio\/2013\/12\/09\/se-puso-chivo\/#primaryimage"},"thumbnailUrl":"http:\/\/www.gentedebasquet.com.ar\/wp-content\/uploads\/2013\/12\/Torre-Liniers.jpg","datePublished":"2013-12-09T04:20:13+00:00","author":{"@id":"http:\/\/gentedebasquet.com.ar\/sitio\/#\/schema\/person\/ca0b63bbb977369988a7bbbdc519943a"},"breadcrumb":{"@id":"https:\/\/gentedebasquet.com.ar\/sitio\/2013\/12\/09\/se-puso-chivo\/#breadcrumb"},"inLanguage":"es","potentialAction":[{"@type":"ReadAction","target":["https:\/\/gentedebasquet.com.ar\/sitio\/2013\/12\/09\/se-puso-chivo\/"]}]},{"@type":"ImageObject","inLanguage":"es","@id":"https:\/\/gentedebasquet.com.ar\/sitio\/2013\/12\/09\/se-puso-chivo\/#primaryimage","url":"http:\/\/www.gentedebasquet.com.ar\/wp-content\/uploads\/2013\/12\/Torre-Liniers.jpg","contentUrl":"http:\/\/www.gentedebasquet.com.ar\/wp-content\/uploads\/2013\/12\/Torre-Liniers.jpg"},{"@type":"BreadcrumbList","@id":"https:\/\/gentedebasquet.com.ar\/sitio\/2013\/12\/09\/se-puso-chivo\/#breadcrumb","itemListElement":[{"@type":"ListItem","position":1,"name":"Portada","item":"http:\/\/gentedebasquet.com.ar\/sitio\/"},{"@type":"ListItem","position":2,"name":"Se puso Chivo"}]},{"@type":"WebSite","@id":"http:\/\/gentedebasquet.com.ar\/sitio\/#website","url":"http:\/\/gentedebasquet.com.ar\/sitio\/","name":"Gente de B\u00e1squet","description":"La revista del basquet de Bah\u00eda Blanca","potentialAction":[{"@type":"SearchAction","target":{"@type":"EntryPoint","urlTemplate":"http:\/\/gentedebasquet.com.ar\/sitio\/?s={search_term_string}"},"query-input":{"@type":"PropertyValueSpecification","valueRequired":true,"valueName":"search_term_string"}}],"inLanguage":"es"},{"@type":"Person","@id":"http:\/\/gentedebasquet.com.ar\/sitio\/#\/schema\/person\/ca0b63bbb977369988a7bbbdc519943a","name":"Gente de B\u00e1squet","image":{"@type":"ImageObject","inLanguage":"es","@id":"https:\/\/secure.gravatar.com\/avatar\/7f2c48bdc33b30088f941fb6082e555f2874c98e20cb159d7b92b50eadfce793?s=96&d=mm&r=g","url":"https:\/\/secure.gravatar.com\/avatar\/7f2c48bdc33b30088f941fb6082e555f2874c98e20cb159d7b92b50eadfce793?s=96&d=mm&r=g","contentUrl":"https:\/\/secure.gravatar.com\/avatar\/7f2c48bdc33b30088f941fb6082e555f2874c98e20cb159d7b92b50eadfce793?s=96&d=mm&r=g","caption":"Gente de B\u00e1squet"},"sameAs":["http:\/\/gentedebasquet.com.ar\/sitio"],"url":"https:\/\/gentedebasquet.com.ar\/sitio\/author\/ulises\/"}]}},"_links":{"self":[{"href":"https:\/\/gentedebasquet.com.ar\/sitio\/wp-json\/wp\/v2\/posts\/20442","targetHints":{"allow":["GET"]}}],"collection":[{"href":"https:\/\/gentedebasquet.com.ar\/sitio\/wp-json\/wp\/v2\/posts"}],"about":[{"href":"https:\/\/gentedebasquet.com.ar\/sitio\/wp-json\/wp\/v2\/types\/post"}],"author":[{"embeddable":true,"href":"https:\/\/gentedebasquet.com.ar\/sitio\/wp-json\/wp\/v2\/users\/1"}],"replies":[{"embeddable":true,"href":"https:\/\/gentedebasquet.com.ar\/sitio\/wp-json\/wp\/v2\/comments?post=20442"}],"version-history":[{"count":0,"href":"https:\/\/gentedebasquet.com.ar\/sitio\/wp-json\/wp\/v2\/posts\/20442\/revisions"}],"wp:attachment":[{"href":"https:\/\/gentedebasquet.com.ar\/sitio\/wp-json\/wp\/v2\/media?parent=20442"}],"wp:term":[{"taxonomy":"category","embeddable":true,"href":"https:\/\/gentedebasquet.com.ar\/sitio\/wp-json\/wp\/v2\/categories?post=20442"},{"taxonomy":"post_tag","embeddable":true,"href":"https:\/\/gentedebasquet.com.ar\/sitio\/wp-json\/wp\/v2\/tags?post=20442"}],"curies":[{"name":"wp","href":"https:\/\/api.w.org\/{rel}","templated":true}]}}