{"id":20472,"date":"2013-12-11T04:49:56","date_gmt":"2013-12-11T04:49:56","guid":{"rendered":"http:\/\/www.gentedebasquet.com.ar\/?p=20472"},"modified":"2013-12-11T04:49:56","modified_gmt":"2013-12-11T04:49:56","slug":"no-la-dejes-ir-no-la-dejes-ir","status":"publish","type":"post","link":"https:\/\/gentedebasquet.com.ar\/sitio\/2013\/12\/11\/no-la-dejes-ir-no-la-dejes-ir\/","title":{"rendered":"No la dejes ir, no la dejes ir&#8230;"},"content":{"rendered":"<p><strong><em><a href=\"http:\/\/www.gentedebasquet.com.ar\/wp-content\/uploads\/2013\/12\/Musumeci.jpg\"><img decoding=\"async\" class=\"alignnone size-full wp-image-20473\" title=\"Musumeci\" src=\"http:\/\/www.gentedebasquet.com.ar\/wp-content\/uploads\/2013\/12\/Musumeci.jpg\" alt=\"\" width=\"448\" height=\"336\" \/><\/a>Independiente logr\u00f3 el ascenso a Primera Divisi\u00f3n al vencer a Olimpo en el Tom\u00e1s 105 a 95. Estuvo muy cerca de subir en el cuarto juego, pero esta vez no dej\u00f3 escapar la chance, liquid\u00f3 la semifinal 3-2 e ir\u00e1 por el t\u00edtulo ante Comercial. Javier Musumeci redonde\u00f3 una actuaci\u00f3n que quedar\u00e1 grabada en la historia: 40 puntos (7\/8 3p, 4\/5 2p y 11\/13 TL), 4 robos y 3 asistencias, una de ellas de faja a Bert\u00f3n (ver video), la otra gran figura con 25 y 6 tableros. El aurinegro jugar\u00e1 contra Alem, con ventaja de local\u00eda, por el tercer ascenso.<!--more--><\/em><\/strong><\/p>\n<p>Olimpo tom\u00f3 la iniciativa y encontrando huecos en la defensa de Independiente logr\u00f3 comenzar arriba en el marcador el quinto punto de la semifinal en Segunda Divisi\u00f3n. Germ\u00e1n Ressia entr\u00f3 inspirado y as\u00ed, el local logr\u00f3 una ventaja de 8 puntos (19-11) en el cierre del 1C. Justamente, la \u00faltima jugada del parcial, con 3s en el reloj, fue una asistencia de aro a aro de Victoria para que Lucchetti deposite la bandeja pasada.<\/p>\n<p>Todo parec\u00eda de Olimpo. Independiente no ajustaba bien atr\u00e1s y no encontraba gol externo salvo por Javier Musmeci, quien termin\u00f3 el PT con 5\/6 para mantener al Viola con vida. El local encontr\u00f3 la m\u00e1xima de la noche (40-29) a 3m51 del entretiempo, tras sendas p\u00e9rdidas de Lella y \u00abMusu\u00bb. Pero el base, con sus bombas y con una exquisita asistencia de faja para que Bert\u00f3n anote recibiendo falta no solo cerr\u00f3 el parcial, sino que cambi\u00f3 el \u00e1nimo del partido.<\/p>\n<p>Tras el descanso largo el juego cambi\u00f3. Independiente defendi\u00f3 m\u00e1s duro y encontr\u00f3 a Bert\u00f3n en la pintura, quien no solo sum\u00f3 puntos, sino que adem\u00e1s iba cargando a sus adversarios de faltas. Sin embargo, al visitante no le alcanzaba para pasar al frente porque el 3C fue el de menos goleo y los Ressia acertaron en la l\u00ednea de libres.<\/p>\n<p>Hasta que a 2m34 del cierre del 3C con otro triple de Musumeci (6\/7 all\u00ed) el Viola pas\u00f3 a dominar 55-56. Olimpo recuper\u00f3 el liderazgo v\u00eda Lucchetti, pero una jugada de doble y falta de Musu (foto principal) puso las cosas en su lugar. Encima, Gendana acert\u00f3 desde 6.75m (1\/4) y Massa se adue\u00f1\u00f3 de los tableros. Independiente, agrandado, comenz\u00f3 a ganar el duelo mental \u00a0en el inicio mismo del 4C y, de a poco, se fue adue\u00f1ando de la serie y del ascenso.<\/p>\n<p><span style=\"color: #ffcc99;\">.<\/span><\/p>\n<p><strong><em><span style=\"text-decoration: underline;\">S\u00edntesis: <\/span><\/em><\/strong><\/p>\n<p><strong>Olimpo 95:<\/strong><\/p>\n<p>Iniciales: Germ\u00e1n Ressia (20), Gast\u00f3n Ressia (23), Cristian Victoria (12), Mauricio Gonz\u00e1lez (10) y Agust\u00edn S\u00e1nchez (4).<\/p>\n<p>Ingresaron: Pablo Racciatti (6), Lucas Lucchetti (15), Federico Gonz\u00e1lez (0), Alan Grill (5) y Augusto Priore (0).<\/p>\n<p>DT: Daniel Allende.<\/p>\n<p><strong>Independiente 105:<\/strong><\/p>\n<p>Iniciales: Javier Musumeci (40), Dalmiro Lella (7), Mauro Montanaro (10), C\u00e9sar Massa (16) y Maximiliano Bert\u00f3n (25).<\/p>\n<p>Ingresaron: Fabi\u00e1n Gendana (7) y Juan Cruz Reschini (0).<\/p>\n<p>DT:\u00a0Juan Sergio Palumbo.<\/p>\n<p><span style=\"color: #ffcc99;\"><strong>\u00a0.<\/strong><\/span><\/p>\n<p><strong>Cuartos: <\/strong>Olimpo 25-19, 46-44 (21-25), 64-61 (18-17) y 95-105 (31-44).<\/p>\n<p><strong>Cinco faltas: <\/strong>Bert\u00f3n (I), Victoria (O) y Germ\u00e1n Ressia (O).<\/p>\n<p><strong>\u00c1rbitros: <\/strong>Jorge Scheffer, Luis De Marchi y Javier S\u00e1nchez.<\/p>\n<p><strong>Serie:<\/strong> Independiente 3-2.<\/p>\n<p><a class=\"modalf iframe\" title=\"Planilla\" href=\"https:\/\/docs.google.com\/spreadsheet\/pub?key=0AhWH6MgjN9X5dFhmaHFCcHBiRF8zVjl3QzNZbDJDa0E&amp;single=true&amp;gid=0&amp;output=html\">Ver Planilla<\/a><\/p>\n<p><span style=\"color: #ffcc99;\">.<\/span><\/p>\n<p><strong>Genialidad de Musumeci<\/strong><\/p>\n<p>[vimeo clip_id=\u00bb81566621&#8243;]<\/p>\n<p><strong>As\u00ed vivi\u00f3 el banco visitante los instantes finales<\/strong><\/p>\n<p>[vimeo clip_id=\u00bb81566981&#8243;]<\/p>\n<p><strong>Cierre del partido<\/strong><\/p>\n<p>[vimeo clip_id=\u00bb81572162&#8243;]<\/p>\n<p><span style=\"color: #ffcc99;\">.<\/span><\/p>\n<p><strong>M\u00e1s que JM, parec\u00eda MJ<\/strong><\/p>\n<p><a href=\"http:\/\/www.gentedebasquet.com.ar\/wp-content\/uploads\/2013\/12\/DSCN8456-copia.jpg\"><img decoding=\"async\" class=\"alignnone size-full wp-image-20479\" title=\"Musumeci\" src=\"http:\/\/www.gentedebasquet.com.ar\/wp-content\/uploads\/2013\/12\/DSCN8456-copia.jpg\" alt=\"\" width=\"448\" height=\"336\" \/><\/a><\/p>\n<p>Los n\u00fameros de Javier Musumeci superan cualquier tipo de an\u00e1lisis. El base estuvo en cancha 39m02, ya que solo fue reemplazado moment\u00e1neamente por Reschini por un corte debajo de la pera. JM anot\u00f3 1 triple en el 1C (1\/2), los 4 que lanz\u00f3 en el 2C, el que tir\u00f3 en el 3C y tambi\u00e9n acert\u00f3 el \u00fanico intentado en el 4C. \u00a0Adem\u00e1s, anot\u00f3 en bandeja tras tomar un rebote ofensivo (68-74) y regal\u00f3 una asistencia m\u00e1gica en el cierre del 2C.<\/p>\n<p>Fotos: <a href=\"https:\/\/twitter.com\/RomiSaldias\" target=\"_blank\" rel=\"noopener\">Romina Sald\u00edas<\/a> para <strong>Gente de B\u00e1squet<\/strong><\/p>\n","protected":false},"excerpt":{"rendered":"<p>Independiente logr\u00f3 el ascenso a Primera Divisi\u00f3n al vencer a Olimpo en el Tom\u00e1s 105 a 95. Estuvo muy cerca de subir en el cuarto juego, pero esta vez no dej\u00f3 escapar la chance, liquid\u00f3 la semifinal 3-2 e ir\u00e1 por el t\u00edtulo ante Comercial. Javier Musumeci redonde\u00f3 una actuaci\u00f3n que quedar\u00e1 grabada en la [&hellip;]<\/p>\n","protected":false},"author":1,"featured_media":0,"comment_status":"open","ping_status":"open","sticky":false,"template":"","format":"standard","meta":{"jnews-multi-image_gallery":[],"jnews_single_post":[],"jnews_primary_category":[],"footnotes":""},"categories":[25],"tags":[12,16],"class_list":["post-20472","post","type-post","status-publish","format-standard","hentry","category-segunda","tag-independiente","tag-olimpo"],"yoast_head":"<!-- This site is optimized with the Yoast SEO plugin v27.5 - https:\/\/yoast.com\/product\/yoast-seo-wordpress\/ -->\n<title>No la dejes ir, no la dejes ir... - Gente de B\u00e1squet<\/title>\n<meta name=\"robots\" content=\"index, follow, max-snippet:-1, max-image-preview:large, max-video-preview:-1\" \/>\n<link rel=\"canonical\" href=\"https:\/\/gentedebasquet.com.ar\/sitio\/2013\/12\/11\/no-la-dejes-ir-no-la-dejes-ir\/\" \/>\n<meta property=\"og:locale\" content=\"es_ES\" \/>\n<meta property=\"og:type\" content=\"article\" \/>\n<meta property=\"og:title\" content=\"No la dejes ir, no la dejes ir... - Gente de B\u00e1squet\" \/>\n<meta property=\"og:description\" content=\"Independiente logr\u00f3 el ascenso a Primera Divisi\u00f3n al vencer a Olimpo en el Tom\u00e1s 105 a 95. Estuvo muy cerca de subir en el cuarto juego, pero esta vez no dej\u00f3 escapar la chance, liquid\u00f3 la semifinal 3-2 e ir\u00e1 por el t\u00edtulo ante Comercial. Javier Musumeci redonde\u00f3 una actuaci\u00f3n que quedar\u00e1 grabada en la [&hellip;]\" \/>\n<meta property=\"og:url\" content=\"https:\/\/gentedebasquet.com.ar\/sitio\/2013\/12\/11\/no-la-dejes-ir-no-la-dejes-ir\/\" \/>\n<meta property=\"og:site_name\" content=\"Gente de B\u00e1squet\" \/>\n<meta property=\"article:published_time\" content=\"2013-12-11T04:49:56+00:00\" \/>\n<meta property=\"og:image\" content=\"http:\/\/www.gentedebasquet.com.ar\/wp-content\/uploads\/2013\/12\/Musumeci.jpg\" \/>\n<meta name=\"author\" content=\"Gente de B\u00e1squet\" \/>\n<meta name=\"twitter:card\" content=\"summary_large_image\" \/>\n<meta name=\"twitter:label1\" content=\"Escrito por\" \/>\n\t<meta name=\"twitter:data1\" content=\"Gente de B\u00e1squet\" \/>\n\t<meta name=\"twitter:label2\" content=\"Tiempo de lectura\" \/>\n\t<meta name=\"twitter:data2\" content=\"3 minutos\" \/>\n<script type=\"application\/ld+json\" class=\"yoast-schema-graph\">{\"@context\":\"https:\\\/\\\/schema.org\",\"@graph\":[{\"@type\":\"Article\",\"@id\":\"https:\\\/\\\/gentedebasquet.com.ar\\\/sitio\\\/2013\\\/12\\\/11\\\/no-la-dejes-ir-no-la-dejes-ir\\\/#article\",\"isPartOf\":{\"@id\":\"https:\\\/\\\/gentedebasquet.com.ar\\\/sitio\\\/2013\\\/12\\\/11\\\/no-la-dejes-ir-no-la-dejes-ir\\\/\"},\"author\":{\"name\":\"Gente de B\u00e1squet\",\"@id\":\"http:\\\/\\\/gentedebasquet.com.ar\\\/sitio\\\/#\\\/schema\\\/person\\\/ca0b63bbb977369988a7bbbdc519943a\"},\"headline\":\"No la dejes ir, no la dejes ir&#8230;\",\"datePublished\":\"2013-12-11T04:49:56+00:00\",\"mainEntityOfPage\":{\"@id\":\"https:\\\/\\\/gentedebasquet.com.ar\\\/sitio\\\/2013\\\/12\\\/11\\\/no-la-dejes-ir-no-la-dejes-ir\\\/\"},\"wordCount\":637,\"commentCount\":0,\"image\":{\"@id\":\"https:\\\/\\\/gentedebasquet.com.ar\\\/sitio\\\/2013\\\/12\\\/11\\\/no-la-dejes-ir-no-la-dejes-ir\\\/#primaryimage\"},\"thumbnailUrl\":\"http:\\\/\\\/www.gentedebasquet.com.ar\\\/wp-content\\\/uploads\\\/2013\\\/12\\\/Musumeci.jpg\",\"keywords\":[\"independiente\",\"Ol\u00edmpo\"],\"articleSection\":[\"Segunda\"],\"inLanguage\":\"es\",\"potentialAction\":[{\"@type\":\"CommentAction\",\"name\":\"Comment\",\"target\":[\"https:\\\/\\\/gentedebasquet.com.ar\\\/sitio\\\/2013\\\/12\\\/11\\\/no-la-dejes-ir-no-la-dejes-ir\\\/#respond\"]}]},{\"@type\":\"WebPage\",\"@id\":\"https:\\\/\\\/gentedebasquet.com.ar\\\/sitio\\\/2013\\\/12\\\/11\\\/no-la-dejes-ir-no-la-dejes-ir\\\/\",\"url\":\"https:\\\/\\\/gentedebasquet.com.ar\\\/sitio\\\/2013\\\/12\\\/11\\\/no-la-dejes-ir-no-la-dejes-ir\\\/\",\"name\":\"No la dejes ir, no la dejes ir... - Gente de B\u00e1squet\",\"isPartOf\":{\"@id\":\"http:\\\/\\\/gentedebasquet.com.ar\\\/sitio\\\/#website\"},\"primaryImageOfPage\":{\"@id\":\"https:\\\/\\\/gentedebasquet.com.ar\\\/sitio\\\/2013\\\/12\\\/11\\\/no-la-dejes-ir-no-la-dejes-ir\\\/#primaryimage\"},\"image\":{\"@id\":\"https:\\\/\\\/gentedebasquet.com.ar\\\/sitio\\\/2013\\\/12\\\/11\\\/no-la-dejes-ir-no-la-dejes-ir\\\/#primaryimage\"},\"thumbnailUrl\":\"http:\\\/\\\/www.gentedebasquet.com.ar\\\/wp-content\\\/uploads\\\/2013\\\/12\\\/Musumeci.jpg\",\"datePublished\":\"2013-12-11T04:49:56+00:00\",\"author\":{\"@id\":\"http:\\\/\\\/gentedebasquet.com.ar\\\/sitio\\\/#\\\/schema\\\/person\\\/ca0b63bbb977369988a7bbbdc519943a\"},\"breadcrumb\":{\"@id\":\"https:\\\/\\\/gentedebasquet.com.ar\\\/sitio\\\/2013\\\/12\\\/11\\\/no-la-dejes-ir-no-la-dejes-ir\\\/#breadcrumb\"},\"inLanguage\":\"es\",\"potentialAction\":[{\"@type\":\"ReadAction\",\"target\":[\"https:\\\/\\\/gentedebasquet.com.ar\\\/sitio\\\/2013\\\/12\\\/11\\\/no-la-dejes-ir-no-la-dejes-ir\\\/\"]}]},{\"@type\":\"ImageObject\",\"inLanguage\":\"es\",\"@id\":\"https:\\\/\\\/gentedebasquet.com.ar\\\/sitio\\\/2013\\\/12\\\/11\\\/no-la-dejes-ir-no-la-dejes-ir\\\/#primaryimage\",\"url\":\"http:\\\/\\\/www.gentedebasquet.com.ar\\\/wp-content\\\/uploads\\\/2013\\\/12\\\/Musumeci.jpg\",\"contentUrl\":\"http:\\\/\\\/www.gentedebasquet.com.ar\\\/wp-content\\\/uploads\\\/2013\\\/12\\\/Musumeci.jpg\"},{\"@type\":\"BreadcrumbList\",\"@id\":\"https:\\\/\\\/gentedebasquet.com.ar\\\/sitio\\\/2013\\\/12\\\/11\\\/no-la-dejes-ir-no-la-dejes-ir\\\/#breadcrumb\",\"itemListElement\":[{\"@type\":\"ListItem\",\"position\":1,\"name\":\"Portada\",\"item\":\"http:\\\/\\\/gentedebasquet.com.ar\\\/sitio\\\/\"},{\"@type\":\"ListItem\",\"position\":2,\"name\":\"No la dejes ir, no la dejes ir&#8230;\"}]},{\"@type\":\"WebSite\",\"@id\":\"http:\\\/\\\/gentedebasquet.com.ar\\\/sitio\\\/#website\",\"url\":\"http:\\\/\\\/gentedebasquet.com.ar\\\/sitio\\\/\",\"name\":\"Gente de B\u00e1squet\",\"description\":\"La revista del basquet de Bah\u00eda Blanca\",\"potentialAction\":[{\"@type\":\"SearchAction\",\"target\":{\"@type\":\"EntryPoint\",\"urlTemplate\":\"http:\\\/\\\/gentedebasquet.com.ar\\\/sitio\\\/?s={search_term_string}\"},\"query-input\":{\"@type\":\"PropertyValueSpecification\",\"valueRequired\":true,\"valueName\":\"search_term_string\"}}],\"inLanguage\":\"es\"},{\"@type\":\"Person\",\"@id\":\"http:\\\/\\\/gentedebasquet.com.ar\\\/sitio\\\/#\\\/schema\\\/person\\\/ca0b63bbb977369988a7bbbdc519943a\",\"name\":\"Gente de B\u00e1squet\",\"image\":{\"@type\":\"ImageObject\",\"inLanguage\":\"es\",\"@id\":\"https:\\\/\\\/secure.gravatar.com\\\/avatar\\\/7f2c48bdc33b30088f941fb6082e555f2874c98e20cb159d7b92b50eadfce793?s=96&d=mm&r=g\",\"url\":\"https:\\\/\\\/secure.gravatar.com\\\/avatar\\\/7f2c48bdc33b30088f941fb6082e555f2874c98e20cb159d7b92b50eadfce793?s=96&d=mm&r=g\",\"contentUrl\":\"https:\\\/\\\/secure.gravatar.com\\\/avatar\\\/7f2c48bdc33b30088f941fb6082e555f2874c98e20cb159d7b92b50eadfce793?s=96&d=mm&r=g\",\"caption\":\"Gente de B\u00e1squet\"},\"sameAs\":[\"http:\\\/\\\/gentedebasquet.com.ar\\\/sitio\"],\"url\":\"https:\\\/\\\/gentedebasquet.com.ar\\\/sitio\\\/author\\\/ulises\\\/\"}]}<\/script>\n<!-- \/ Yoast SEO plugin. -->","yoast_head_json":{"title":"No la dejes ir, no la dejes ir... - Gente de B\u00e1squet","robots":{"index":"index","follow":"follow","max-snippet":"max-snippet:-1","max-image-preview":"max-image-preview:large","max-video-preview":"max-video-preview:-1"},"canonical":"https:\/\/gentedebasquet.com.ar\/sitio\/2013\/12\/11\/no-la-dejes-ir-no-la-dejes-ir\/","og_locale":"es_ES","og_type":"article","og_title":"No la dejes ir, no la dejes ir... - Gente de B\u00e1squet","og_description":"Independiente logr\u00f3 el ascenso a Primera Divisi\u00f3n al vencer a Olimpo en el Tom\u00e1s 105 a 95. Estuvo muy cerca de subir en el cuarto juego, pero esta vez no dej\u00f3 escapar la chance, liquid\u00f3 la semifinal 3-2 e ir\u00e1 por el t\u00edtulo ante Comercial. Javier Musumeci redonde\u00f3 una actuaci\u00f3n que quedar\u00e1 grabada en la [&hellip;]","og_url":"https:\/\/gentedebasquet.com.ar\/sitio\/2013\/12\/11\/no-la-dejes-ir-no-la-dejes-ir\/","og_site_name":"Gente de B\u00e1squet","article_published_time":"2013-12-11T04:49:56+00:00","og_image":[{"url":"http:\/\/www.gentedebasquet.com.ar\/wp-content\/uploads\/2013\/12\/Musumeci.jpg","type":"","width":"","height":""}],"author":"Gente de B\u00e1squet","twitter_card":"summary_large_image","twitter_misc":{"Escrito por":"Gente de B\u00e1squet","Tiempo de lectura":"3 minutos"},"schema":{"@context":"https:\/\/schema.org","@graph":[{"@type":"Article","@id":"https:\/\/gentedebasquet.com.ar\/sitio\/2013\/12\/11\/no-la-dejes-ir-no-la-dejes-ir\/#article","isPartOf":{"@id":"https:\/\/gentedebasquet.com.ar\/sitio\/2013\/12\/11\/no-la-dejes-ir-no-la-dejes-ir\/"},"author":{"name":"Gente de B\u00e1squet","@id":"http:\/\/gentedebasquet.com.ar\/sitio\/#\/schema\/person\/ca0b63bbb977369988a7bbbdc519943a"},"headline":"No la dejes ir, no la dejes ir&#8230;","datePublished":"2013-12-11T04:49:56+00:00","mainEntityOfPage":{"@id":"https:\/\/gentedebasquet.com.ar\/sitio\/2013\/12\/11\/no-la-dejes-ir-no-la-dejes-ir\/"},"wordCount":637,"commentCount":0,"image":{"@id":"https:\/\/gentedebasquet.com.ar\/sitio\/2013\/12\/11\/no-la-dejes-ir-no-la-dejes-ir\/#primaryimage"},"thumbnailUrl":"http:\/\/www.gentedebasquet.com.ar\/wp-content\/uploads\/2013\/12\/Musumeci.jpg","keywords":["independiente","Ol\u00edmpo"],"articleSection":["Segunda"],"inLanguage":"es","potentialAction":[{"@type":"CommentAction","name":"Comment","target":["https:\/\/gentedebasquet.com.ar\/sitio\/2013\/12\/11\/no-la-dejes-ir-no-la-dejes-ir\/#respond"]}]},{"@type":"WebPage","@id":"https:\/\/gentedebasquet.com.ar\/sitio\/2013\/12\/11\/no-la-dejes-ir-no-la-dejes-ir\/","url":"https:\/\/gentedebasquet.com.ar\/sitio\/2013\/12\/11\/no-la-dejes-ir-no-la-dejes-ir\/","name":"No la dejes ir, no la dejes ir... - Gente de B\u00e1squet","isPartOf":{"@id":"http:\/\/gentedebasquet.com.ar\/sitio\/#website"},"primaryImageOfPage":{"@id":"https:\/\/gentedebasquet.com.ar\/sitio\/2013\/12\/11\/no-la-dejes-ir-no-la-dejes-ir\/#primaryimage"},"image":{"@id":"https:\/\/gentedebasquet.com.ar\/sitio\/2013\/12\/11\/no-la-dejes-ir-no-la-dejes-ir\/#primaryimage"},"thumbnailUrl":"http:\/\/www.gentedebasquet.com.ar\/wp-content\/uploads\/2013\/12\/Musumeci.jpg","datePublished":"2013-12-11T04:49:56+00:00","author":{"@id":"http:\/\/gentedebasquet.com.ar\/sitio\/#\/schema\/person\/ca0b63bbb977369988a7bbbdc519943a"},"breadcrumb":{"@id":"https:\/\/gentedebasquet.com.ar\/sitio\/2013\/12\/11\/no-la-dejes-ir-no-la-dejes-ir\/#breadcrumb"},"inLanguage":"es","potentialAction":[{"@type":"ReadAction","target":["https:\/\/gentedebasquet.com.ar\/sitio\/2013\/12\/11\/no-la-dejes-ir-no-la-dejes-ir\/"]}]},{"@type":"ImageObject","inLanguage":"es","@id":"https:\/\/gentedebasquet.com.ar\/sitio\/2013\/12\/11\/no-la-dejes-ir-no-la-dejes-ir\/#primaryimage","url":"http:\/\/www.gentedebasquet.com.ar\/wp-content\/uploads\/2013\/12\/Musumeci.jpg","contentUrl":"http:\/\/www.gentedebasquet.com.ar\/wp-content\/uploads\/2013\/12\/Musumeci.jpg"},{"@type":"BreadcrumbList","@id":"https:\/\/gentedebasquet.com.ar\/sitio\/2013\/12\/11\/no-la-dejes-ir-no-la-dejes-ir\/#breadcrumb","itemListElement":[{"@type":"ListItem","position":1,"name":"Portada","item":"http:\/\/gentedebasquet.com.ar\/sitio\/"},{"@type":"ListItem","position":2,"name":"No la dejes ir, no la dejes ir&#8230;"}]},{"@type":"WebSite","@id":"http:\/\/gentedebasquet.com.ar\/sitio\/#website","url":"http:\/\/gentedebasquet.com.ar\/sitio\/","name":"Gente de B\u00e1squet","description":"La revista del basquet de Bah\u00eda Blanca","potentialAction":[{"@type":"SearchAction","target":{"@type":"EntryPoint","urlTemplate":"http:\/\/gentedebasquet.com.ar\/sitio\/?s={search_term_string}"},"query-input":{"@type":"PropertyValueSpecification","valueRequired":true,"valueName":"search_term_string"}}],"inLanguage":"es"},{"@type":"Person","@id":"http:\/\/gentedebasquet.com.ar\/sitio\/#\/schema\/person\/ca0b63bbb977369988a7bbbdc519943a","name":"Gente de B\u00e1squet","image":{"@type":"ImageObject","inLanguage":"es","@id":"https:\/\/secure.gravatar.com\/avatar\/7f2c48bdc33b30088f941fb6082e555f2874c98e20cb159d7b92b50eadfce793?s=96&d=mm&r=g","url":"https:\/\/secure.gravatar.com\/avatar\/7f2c48bdc33b30088f941fb6082e555f2874c98e20cb159d7b92b50eadfce793?s=96&d=mm&r=g","contentUrl":"https:\/\/secure.gravatar.com\/avatar\/7f2c48bdc33b30088f941fb6082e555f2874c98e20cb159d7b92b50eadfce793?s=96&d=mm&r=g","caption":"Gente de B\u00e1squet"},"sameAs":["http:\/\/gentedebasquet.com.ar\/sitio"],"url":"https:\/\/gentedebasquet.com.ar\/sitio\/author\/ulises\/"}]}},"_links":{"self":[{"href":"https:\/\/gentedebasquet.com.ar\/sitio\/wp-json\/wp\/v2\/posts\/20472","targetHints":{"allow":["GET"]}}],"collection":[{"href":"https:\/\/gentedebasquet.com.ar\/sitio\/wp-json\/wp\/v2\/posts"}],"about":[{"href":"https:\/\/gentedebasquet.com.ar\/sitio\/wp-json\/wp\/v2\/types\/post"}],"author":[{"embeddable":true,"href":"https:\/\/gentedebasquet.com.ar\/sitio\/wp-json\/wp\/v2\/users\/1"}],"replies":[{"embeddable":true,"href":"https:\/\/gentedebasquet.com.ar\/sitio\/wp-json\/wp\/v2\/comments?post=20472"}],"version-history":[{"count":0,"href":"https:\/\/gentedebasquet.com.ar\/sitio\/wp-json\/wp\/v2\/posts\/20472\/revisions"}],"wp:attachment":[{"href":"https:\/\/gentedebasquet.com.ar\/sitio\/wp-json\/wp\/v2\/media?parent=20472"}],"wp:term":[{"taxonomy":"category","embeddable":true,"href":"https:\/\/gentedebasquet.com.ar\/sitio\/wp-json\/wp\/v2\/categories?post=20472"},{"taxonomy":"post_tag","embeddable":true,"href":"https:\/\/gentedebasquet.com.ar\/sitio\/wp-json\/wp\/v2\/tags?post=20472"}],"curies":[{"name":"wp","href":"https:\/\/api.w.org\/{rel}","templated":true}]}}