{"id":20520,"date":"2013-12-10T23:21:43","date_gmt":"2013-12-10T23:21:43","guid":{"rendered":"http:\/\/www.gentedebasquet.com.ar\/?p=20520"},"modified":"2013-12-10T23:21:43","modified_gmt":"2013-12-10T23:21:43","slug":"no-me-costo-mucho-adaptarme","status":"publish","type":"post","link":"https:\/\/gentedebasquet.com.ar\/sitio\/2013\/12\/10\/no-me-costo-mucho-adaptarme\/","title":{"rendered":"\u201cNo me cost\u00f3 mucho adaptarme\u201d"},"content":{"rendered":"<p><em><strong><a href=\"http:\/\/www.gentedebasquet.com.ar\/wp-content\/uploads\/2013\/12\/Gin\u00f3bili.jpg\"><img decoding=\"async\" class=\"alignnone size-full wp-image-20521\" title=\"Gin\u00f3bili\" src=\"http:\/\/www.gentedebasquet.com.ar\/wp-content\/uploads\/2013\/12\/Gin\u00f3bili.jpg\" alt=\"\" width=\"448\" height=\"336\" \/><\/a>Sebasti\u00e1n Gin\u00f3bili realiz\u00f3 un balance de su primera experiencia como director t\u00e9cnico en Liga Nacional. Remarc\u00f3 que no le cost\u00f3 adaptarse, pero que el d\u00eda a d\u00eda es diferente e \u00abintenso\u00bb. \u00abLos extranjeros fueron irregulares, necesitamos m\u00e1s protagonismo de ellos\u00bb, sentenci\u00f3 el coach.<!--more--><\/strong><\/em><\/p>\n<p>\u00abSepo\u00bb Gin\u00f3bili habl\u00f3 con el departamento de prensa de Bah\u00eda Basket y cont\u00f3 cu\u00e1les eran las expectativas antes de comenzar la Liga y c\u00f3mo vio las participaciones de los for\u00e1neos Clark y Blakeney.<\/p>\n<p>A continuaci\u00f3n, la entrevista completa:<\/p>\n<p><strong><em>\u00bfQu\u00e9 balance pod\u00e9s hacer de esta primera mitad de temporada?<\/em><\/strong><\/p>\n<p><em>Por ser mi primera experiencia de estar delante de un equipo el balance en general es positivo. Es una funci\u00f3n nueva para m\u00ed y desde ese punto de vista es muy positivo.\u00a0<\/em><em>En cuanto a lo deportivo hemos sido un tanto irregulares, creo que estamos en el lugar donde pens\u00e1bamos estar, pero quer\u00edamos hacerlo jugando de mejor forma. Hubo mucha irregularidad, muchos altibajos y eso nos hace ver cu\u00e1l es la realidad del equipo.\u00a0<\/em><em>Seguiremos trabajando con muchas ganas, los chicos tienen un compromiso muy grande y el proyecto es a largo plazo, asique todav\u00eda tenemos tiempo para mejorar.<\/em><\/p>\n<p><strong><em>\u00bfCu\u00e1les eran las expectativas que ten\u00eda el equipo antes de comenzar la Liga?<\/em><\/strong><\/p>\n<p><em>M\u00e1s que nada el desarrollo de los jugadores j\u00f3venes para formar un equipo competitivo a futuro. Creo que eso en gran medida se cumpli\u00f3, hay jugadores que tienen un nivel importante y que han dado un salto importante en su carrera. Todav\u00eda es temprano, queda mitad de competencia y la parte m\u00e1s linda del torneo que es la final, asique seguiremos trabajando para eso.<\/em><br \/>\n<em>Siempre a todos nos gusta poder haber ganado un par de juegos m\u00e1s, la realidad del equipo es otra y tenemos que seguir trabajando muy duro para lograr esos objetivos.<\/em><\/p>\n<p><strong><em>\u00bfEn lo personal como viviste esta nueva etapa en tu vida?<\/em><\/strong><\/p>\n<p><em>No me cost\u00f3 mucho adaptarme porque es el ambiente en el que estuve durante 20 a\u00f1os. Entonces la mayor\u00eda de los jugadores a los que entreno los he enfrentado, los conozco, tambi\u00e9n conozco el ambiente, la liga, entonces no me cost\u00f3 tanto la transici\u00f3n.\u00a0<\/em><em>Por ah\u00ed el d\u00eda a d\u00eda fue diferente, es otra exigencia, con otra cantidad de horas de trabajo, donde est\u00e1s pensando mucho tiempo en c\u00f3mo hacer las cosas mejor. Obviamente te lleva m\u00e1s tiempo que dirigir una categor\u00eda menor.\u00a0<\/em><em>Lo hago con gusto porque la verdad es que disfruto del deporte y de este lado lo trato de vivir intensamente.<\/em><\/p>\n<p><strong><em>\u00bfC\u00f3mo viste las participaciones de los americanos Clark y Blakeney?<\/em><\/strong><\/p>\n<p><em>Fueron irregulares como lo fue todo el equipo, ellos no estuvieron a salvo de ese problema. Son dos jugadores que entraron muy bien en el sistema del equipo, se unieron muy bien al grupo, conformamos un grupo de personas bastante compacto a la hora de trabajar, de viajar y en la parte de relaciones humanas.\u00a0<\/em><em>En la parte de juego por ah\u00ed necesitamos un poco m\u00e1s protagonismo ofensivo de parte de ellos, son dos jugadores que defienden bien y que entregan todo a la hora de jugar.\u00a0<\/em><em>Necesitamos m\u00e1s puntos desde sus posiciones porque nos quedamos en 60 o 65 puntos. A veces necesitas de un jugador que salga del libreto y que en los momentos claves del equipo te lleve puntos.<\/em><\/p>\n<p><strong><em>\u00bfCu\u00e1l es la identidad que tiene Bah\u00eda Basket de cara a lo que se va a venir el a\u00f1o que viene?<\/em><\/strong><\/p>\n<p><em>La identidad ser\u00e1 igual. La idea es que jueguen un poquito mejor y que sigan entendiendo el mensaje que nosotros les bajamos con el cuerpo t\u00e9cnico para que puedan desarrollar ese juego de la mejor manera. Esa es la idea principal del equipo porque estamos seguros que eso nos va a llevar partido a partido a ir mejorando y ser un equipo m\u00e1s consolidado sobre el final de la competencia.<\/em><\/p>\n<p>Fuente: Prensa Bah\u00eda Basket.<\/p>\n<p>Foto: <a href=\"https:\/\/twitter.com\/RomiSaldias\" target=\"_blank\" rel=\"noopener\">Romina Sald\u00edas<\/a> para <strong>Gente de B\u00e1squet<\/strong>.<\/p>\n","protected":false},"excerpt":{"rendered":"<p>Sebasti\u00e1n Gin\u00f3bili realiz\u00f3 un balance de su primera experiencia como director t\u00e9cnico en Liga Nacional. Remarc\u00f3 que no le cost\u00f3 adaptarse, pero que el d\u00eda a d\u00eda es diferente e \u00abintenso\u00bb. \u00abLos extranjeros fueron irregulares, necesitamos m\u00e1s protagonismo de ellos\u00bb, sentenci\u00f3 el coach.<\/p>\n","protected":false},"author":1,"featured_media":0,"comment_status":"open","ping_status":"open","sticky":false,"template":"","format":"standard","meta":{"jnews-multi-image_gallery":[],"jnews_single_post":[],"jnews_primary_category":[],"footnotes":""},"categories":[57],"tags":[58],"class_list":["post-20520","post","type-post","status-publish","format-standard","hentry","category-bahia-basket","tag-bahiabasket"],"yoast_head":"<!-- This site is optimized with the Yoast SEO plugin v27.5 - https:\/\/yoast.com\/product\/yoast-seo-wordpress\/ -->\n<title>\u201cNo me cost\u00f3 mucho adaptarme\u201d - Gente de B\u00e1squet<\/title>\n<meta name=\"robots\" content=\"index, follow, max-snippet:-1, max-image-preview:large, max-video-preview:-1\" \/>\n<link rel=\"canonical\" href=\"https:\/\/gentedebasquet.com.ar\/sitio\/2013\/12\/10\/no-me-costo-mucho-adaptarme\/\" \/>\n<meta property=\"og:locale\" content=\"es_ES\" \/>\n<meta property=\"og:type\" content=\"article\" \/>\n<meta property=\"og:title\" content=\"\u201cNo me cost\u00f3 mucho adaptarme\u201d - Gente de B\u00e1squet\" \/>\n<meta property=\"og:description\" content=\"Sebasti\u00e1n Gin\u00f3bili realiz\u00f3 un balance de su primera experiencia como director t\u00e9cnico en Liga Nacional. Remarc\u00f3 que no le cost\u00f3 adaptarse, pero que el d\u00eda a d\u00eda es diferente e \u00abintenso\u00bb. \u00abLos extranjeros fueron irregulares, necesitamos m\u00e1s protagonismo de ellos\u00bb, sentenci\u00f3 el coach.\" \/>\n<meta property=\"og:url\" content=\"https:\/\/gentedebasquet.com.ar\/sitio\/2013\/12\/10\/no-me-costo-mucho-adaptarme\/\" \/>\n<meta property=\"og:site_name\" content=\"Gente de B\u00e1squet\" \/>\n<meta property=\"article:published_time\" content=\"2013-12-10T23:21:43+00:00\" \/>\n<meta name=\"author\" content=\"Gente de B\u00e1squet\" \/>\n<meta name=\"twitter:card\" content=\"summary_large_image\" \/>\n<meta name=\"twitter:label1\" content=\"Escrito por\" \/>\n\t<meta name=\"twitter:data1\" content=\"Gente de B\u00e1squet\" \/>\n\t<meta name=\"twitter:label2\" content=\"Tiempo de lectura\" \/>\n\t<meta name=\"twitter:data2\" content=\"3 minutos\" \/>\n<script type=\"application\/ld+json\" class=\"yoast-schema-graph\">{\"@context\":\"https:\\\/\\\/schema.org\",\"@graph\":[{\"@type\":\"Article\",\"@id\":\"https:\\\/\\\/gentedebasquet.com.ar\\\/sitio\\\/2013\\\/12\\\/10\\\/no-me-costo-mucho-adaptarme\\\/#article\",\"isPartOf\":{\"@id\":\"https:\\\/\\\/gentedebasquet.com.ar\\\/sitio\\\/2013\\\/12\\\/10\\\/no-me-costo-mucho-adaptarme\\\/\"},\"author\":{\"name\":\"Gente de B\u00e1squet\",\"@id\":\"http:\\\/\\\/gentedebasquet.com.ar\\\/sitio\\\/#\\\/schema\\\/person\\\/ca0b63bbb977369988a7bbbdc519943a\"},\"headline\":\"\u201cNo me cost\u00f3 mucho adaptarme\u201d\",\"datePublished\":\"2013-12-10T23:21:43+00:00\",\"mainEntityOfPage\":{\"@id\":\"https:\\\/\\\/gentedebasquet.com.ar\\\/sitio\\\/2013\\\/12\\\/10\\\/no-me-costo-mucho-adaptarme\\\/\"},\"wordCount\":694,\"commentCount\":0,\"keywords\":[\"Bah\u00eda Basket\"],\"articleSection\":[\"Bah\u00eda Basket\"],\"inLanguage\":\"es\",\"potentialAction\":[{\"@type\":\"CommentAction\",\"name\":\"Comment\",\"target\":[\"https:\\\/\\\/gentedebasquet.com.ar\\\/sitio\\\/2013\\\/12\\\/10\\\/no-me-costo-mucho-adaptarme\\\/#respond\"]}]},{\"@type\":\"WebPage\",\"@id\":\"https:\\\/\\\/gentedebasquet.com.ar\\\/sitio\\\/2013\\\/12\\\/10\\\/no-me-costo-mucho-adaptarme\\\/\",\"url\":\"https:\\\/\\\/gentedebasquet.com.ar\\\/sitio\\\/2013\\\/12\\\/10\\\/no-me-costo-mucho-adaptarme\\\/\",\"name\":\"\u201cNo me cost\u00f3 mucho adaptarme\u201d - Gente de B\u00e1squet\",\"isPartOf\":{\"@id\":\"http:\\\/\\\/gentedebasquet.com.ar\\\/sitio\\\/#website\"},\"datePublished\":\"2013-12-10T23:21:43+00:00\",\"author\":{\"@id\":\"http:\\\/\\\/gentedebasquet.com.ar\\\/sitio\\\/#\\\/schema\\\/person\\\/ca0b63bbb977369988a7bbbdc519943a\"},\"breadcrumb\":{\"@id\":\"https:\\\/\\\/gentedebasquet.com.ar\\\/sitio\\\/2013\\\/12\\\/10\\\/no-me-costo-mucho-adaptarme\\\/#breadcrumb\"},\"inLanguage\":\"es\",\"potentialAction\":[{\"@type\":\"ReadAction\",\"target\":[\"https:\\\/\\\/gentedebasquet.com.ar\\\/sitio\\\/2013\\\/12\\\/10\\\/no-me-costo-mucho-adaptarme\\\/\"]}]},{\"@type\":\"BreadcrumbList\",\"@id\":\"https:\\\/\\\/gentedebasquet.com.ar\\\/sitio\\\/2013\\\/12\\\/10\\\/no-me-costo-mucho-adaptarme\\\/#breadcrumb\",\"itemListElement\":[{\"@type\":\"ListItem\",\"position\":1,\"name\":\"Portada\",\"item\":\"http:\\\/\\\/gentedebasquet.com.ar\\\/sitio\\\/\"},{\"@type\":\"ListItem\",\"position\":2,\"name\":\"\u201cNo me cost\u00f3 mucho adaptarme\u201d\"}]},{\"@type\":\"WebSite\",\"@id\":\"http:\\\/\\\/gentedebasquet.com.ar\\\/sitio\\\/#website\",\"url\":\"http:\\\/\\\/gentedebasquet.com.ar\\\/sitio\\\/\",\"name\":\"Gente de B\u00e1squet\",\"description\":\"La revista del basquet de Bah\u00eda Blanca\",\"potentialAction\":[{\"@type\":\"SearchAction\",\"target\":{\"@type\":\"EntryPoint\",\"urlTemplate\":\"http:\\\/\\\/gentedebasquet.com.ar\\\/sitio\\\/?s={search_term_string}\"},\"query-input\":{\"@type\":\"PropertyValueSpecification\",\"valueRequired\":true,\"valueName\":\"search_term_string\"}}],\"inLanguage\":\"es\"},{\"@type\":\"Person\",\"@id\":\"http:\\\/\\\/gentedebasquet.com.ar\\\/sitio\\\/#\\\/schema\\\/person\\\/ca0b63bbb977369988a7bbbdc519943a\",\"name\":\"Gente de B\u00e1squet\",\"image\":{\"@type\":\"ImageObject\",\"inLanguage\":\"es\",\"@id\":\"https:\\\/\\\/secure.gravatar.com\\\/avatar\\\/7f2c48bdc33b30088f941fb6082e555f2874c98e20cb159d7b92b50eadfce793?s=96&d=mm&r=g\",\"url\":\"https:\\\/\\\/secure.gravatar.com\\\/avatar\\\/7f2c48bdc33b30088f941fb6082e555f2874c98e20cb159d7b92b50eadfce793?s=96&d=mm&r=g\",\"contentUrl\":\"https:\\\/\\\/secure.gravatar.com\\\/avatar\\\/7f2c48bdc33b30088f941fb6082e555f2874c98e20cb159d7b92b50eadfce793?s=96&d=mm&r=g\",\"caption\":\"Gente de B\u00e1squet\"},\"sameAs\":[\"http:\\\/\\\/gentedebasquet.com.ar\\\/sitio\"],\"url\":\"https:\\\/\\\/gentedebasquet.com.ar\\\/sitio\\\/author\\\/ulises\\\/\"}]}<\/script>\n<!-- \/ Yoast SEO plugin. -->","yoast_head_json":{"title":"\u201cNo me cost\u00f3 mucho adaptarme\u201d - Gente de B\u00e1squet","robots":{"index":"index","follow":"follow","max-snippet":"max-snippet:-1","max-image-preview":"max-image-preview:large","max-video-preview":"max-video-preview:-1"},"canonical":"https:\/\/gentedebasquet.com.ar\/sitio\/2013\/12\/10\/no-me-costo-mucho-adaptarme\/","og_locale":"es_ES","og_type":"article","og_title":"\u201cNo me cost\u00f3 mucho adaptarme\u201d - Gente de B\u00e1squet","og_description":"Sebasti\u00e1n Gin\u00f3bili realiz\u00f3 un balance de su primera experiencia como director t\u00e9cnico en Liga Nacional. Remarc\u00f3 que no le cost\u00f3 adaptarse, pero que el d\u00eda a d\u00eda es diferente e \u00abintenso\u00bb. \u00abLos extranjeros fueron irregulares, necesitamos m\u00e1s protagonismo de ellos\u00bb, sentenci\u00f3 el coach.","og_url":"https:\/\/gentedebasquet.com.ar\/sitio\/2013\/12\/10\/no-me-costo-mucho-adaptarme\/","og_site_name":"Gente de B\u00e1squet","article_published_time":"2013-12-10T23:21:43+00:00","author":"Gente de B\u00e1squet","twitter_card":"summary_large_image","twitter_misc":{"Escrito por":"Gente de B\u00e1squet","Tiempo de lectura":"3 minutos"},"schema":{"@context":"https:\/\/schema.org","@graph":[{"@type":"Article","@id":"https:\/\/gentedebasquet.com.ar\/sitio\/2013\/12\/10\/no-me-costo-mucho-adaptarme\/#article","isPartOf":{"@id":"https:\/\/gentedebasquet.com.ar\/sitio\/2013\/12\/10\/no-me-costo-mucho-adaptarme\/"},"author":{"name":"Gente de B\u00e1squet","@id":"http:\/\/gentedebasquet.com.ar\/sitio\/#\/schema\/person\/ca0b63bbb977369988a7bbbdc519943a"},"headline":"\u201cNo me cost\u00f3 mucho adaptarme\u201d","datePublished":"2013-12-10T23:21:43+00:00","mainEntityOfPage":{"@id":"https:\/\/gentedebasquet.com.ar\/sitio\/2013\/12\/10\/no-me-costo-mucho-adaptarme\/"},"wordCount":694,"commentCount":0,"keywords":["Bah\u00eda Basket"],"articleSection":["Bah\u00eda Basket"],"inLanguage":"es","potentialAction":[{"@type":"CommentAction","name":"Comment","target":["https:\/\/gentedebasquet.com.ar\/sitio\/2013\/12\/10\/no-me-costo-mucho-adaptarme\/#respond"]}]},{"@type":"WebPage","@id":"https:\/\/gentedebasquet.com.ar\/sitio\/2013\/12\/10\/no-me-costo-mucho-adaptarme\/","url":"https:\/\/gentedebasquet.com.ar\/sitio\/2013\/12\/10\/no-me-costo-mucho-adaptarme\/","name":"\u201cNo me cost\u00f3 mucho adaptarme\u201d - Gente de B\u00e1squet","isPartOf":{"@id":"http:\/\/gentedebasquet.com.ar\/sitio\/#website"},"datePublished":"2013-12-10T23:21:43+00:00","author":{"@id":"http:\/\/gentedebasquet.com.ar\/sitio\/#\/schema\/person\/ca0b63bbb977369988a7bbbdc519943a"},"breadcrumb":{"@id":"https:\/\/gentedebasquet.com.ar\/sitio\/2013\/12\/10\/no-me-costo-mucho-adaptarme\/#breadcrumb"},"inLanguage":"es","potentialAction":[{"@type":"ReadAction","target":["https:\/\/gentedebasquet.com.ar\/sitio\/2013\/12\/10\/no-me-costo-mucho-adaptarme\/"]}]},{"@type":"BreadcrumbList","@id":"https:\/\/gentedebasquet.com.ar\/sitio\/2013\/12\/10\/no-me-costo-mucho-adaptarme\/#breadcrumb","itemListElement":[{"@type":"ListItem","position":1,"name":"Portada","item":"http:\/\/gentedebasquet.com.ar\/sitio\/"},{"@type":"ListItem","position":2,"name":"\u201cNo me cost\u00f3 mucho adaptarme\u201d"}]},{"@type":"WebSite","@id":"http:\/\/gentedebasquet.com.ar\/sitio\/#website","url":"http:\/\/gentedebasquet.com.ar\/sitio\/","name":"Gente de B\u00e1squet","description":"La revista del basquet de Bah\u00eda Blanca","potentialAction":[{"@type":"SearchAction","target":{"@type":"EntryPoint","urlTemplate":"http:\/\/gentedebasquet.com.ar\/sitio\/?s={search_term_string}"},"query-input":{"@type":"PropertyValueSpecification","valueRequired":true,"valueName":"search_term_string"}}],"inLanguage":"es"},{"@type":"Person","@id":"http:\/\/gentedebasquet.com.ar\/sitio\/#\/schema\/person\/ca0b63bbb977369988a7bbbdc519943a","name":"Gente de B\u00e1squet","image":{"@type":"ImageObject","inLanguage":"es","@id":"https:\/\/secure.gravatar.com\/avatar\/7f2c48bdc33b30088f941fb6082e555f2874c98e20cb159d7b92b50eadfce793?s=96&d=mm&r=g","url":"https:\/\/secure.gravatar.com\/avatar\/7f2c48bdc33b30088f941fb6082e555f2874c98e20cb159d7b92b50eadfce793?s=96&d=mm&r=g","contentUrl":"https:\/\/secure.gravatar.com\/avatar\/7f2c48bdc33b30088f941fb6082e555f2874c98e20cb159d7b92b50eadfce793?s=96&d=mm&r=g","caption":"Gente de B\u00e1squet"},"sameAs":["http:\/\/gentedebasquet.com.ar\/sitio"],"url":"https:\/\/gentedebasquet.com.ar\/sitio\/author\/ulises\/"}]}},"_links":{"self":[{"href":"https:\/\/gentedebasquet.com.ar\/sitio\/wp-json\/wp\/v2\/posts\/20520","targetHints":{"allow":["GET"]}}],"collection":[{"href":"https:\/\/gentedebasquet.com.ar\/sitio\/wp-json\/wp\/v2\/posts"}],"about":[{"href":"https:\/\/gentedebasquet.com.ar\/sitio\/wp-json\/wp\/v2\/types\/post"}],"author":[{"embeddable":true,"href":"https:\/\/gentedebasquet.com.ar\/sitio\/wp-json\/wp\/v2\/users\/1"}],"replies":[{"embeddable":true,"href":"https:\/\/gentedebasquet.com.ar\/sitio\/wp-json\/wp\/v2\/comments?post=20520"}],"version-history":[{"count":0,"href":"https:\/\/gentedebasquet.com.ar\/sitio\/wp-json\/wp\/v2\/posts\/20520\/revisions"}],"wp:attachment":[{"href":"https:\/\/gentedebasquet.com.ar\/sitio\/wp-json\/wp\/v2\/media?parent=20520"}],"wp:term":[{"taxonomy":"category","embeddable":true,"href":"https:\/\/gentedebasquet.com.ar\/sitio\/wp-json\/wp\/v2\/categories?post=20520"},{"taxonomy":"post_tag","embeddable":true,"href":"https:\/\/gentedebasquet.com.ar\/sitio\/wp-json\/wp\/v2\/tags?post=20520"}],"curies":[{"name":"wp","href":"https:\/\/api.w.org\/{rel}","templated":true}]}}