{"id":2062,"date":"2012-03-01T11:58:15","date_gmt":"2012-03-01T11:58:15","guid":{"rendered":"http:\/\/www.gentedebasquet.com.ar\/?p=2062"},"modified":"2012-03-01T11:58:15","modified_gmt":"2012-03-01T11:58:15","slug":"no-creo-que-me-tengan-miedo","status":"publish","type":"post","link":"https:\/\/gentedebasquet.com.ar\/sitio\/2012\/03\/01\/no-creo-que-me-tengan-miedo\/","title":{"rendered":"\u201cNo creo que me tengan miedo\u201d"},"content":{"rendered":"<p><a href=\"http:\/\/www.gentedebasquet.com.ar\/wp-content\/uploads\/2012\/03\/Lista.jpg\"><img decoding=\"async\" class=\"alignnone size-full wp-image-2063\" src=\"http:\/\/www.gentedebasquet.com.ar\/wp-content\/uploads\/2012\/03\/Lista.jpg\" alt=\"\" width=\"442\" height=\"336\" \/><\/a><\/p>\n<p><strong><em>Adolfo Lista volvi\u00f3 a ser relecto en la Asociaci\u00f3n Bahiense de B\u00e1squetbol, lugar en el que permanece desde 1995, en una Asamblea r\u00e9cord. El \u201cFlaco\u201d habl\u00f3 de todo con Gente de B\u00e1squet, dijo de los \u00e1rbitros que \u201c<\/em><\/strong><strong><em>son como maestro de escuela, cuando empiezan las clases piden aumento\u201d, que hace m\u00e1s de 3 meses que no habla con Ramallo y que sigue en el cargo gracias a su mujer porque \u201ccuanto menos me tiene en casa mejor\u201d.<!--more--><\/em><\/strong><strong><em><\/em><\/strong><\/p>\n<p>\u201cNo lo tomo de manera especial, ya estoy acostumbrado a las relecciones\u2026\u201d, arranc\u00f3 diciendo en Gente de B\u00e1squet Radio Adolfo Jos\u00e9 Enrique Lista, elegido una vez m\u00e1s como presidente de la Asociaci\u00f3n Bahiense de B\u00e1squetbol en la \u00faltima Asamblea General Ordinaria, tal cual marca el Estatuto de la casa madre. Y va por el r\u00e9cord.<\/p>\n<p>\u201cEsta es mi d\u00e9cimo octavo a\u00f1o, pero yo ya llevo una de consejero y una de vicepresidente cuando estaba \u00a0Clemente (NdeR: Vicente Clemente, 1994). Lista comenz\u00f3 su recorrido como m\u00e1ximo mandatario en 1995, cuando fue secundado por Mario Jos\u00e9 Minniti. La f\u00f3rmula se mantuvo hasta 2005, momento en el que Abel Omar Bassi asumi\u00f3 como vicepresidente.<\/p>\n<p>Lista se\u00f1al\u00f3 que<strong> <\/strong>\u201cme llamo la atenci\u00f3n a m\u00ed tambi\u00e9n la Asamblea. No s\u00e9 si me tienen miedo, no, no creo. Fue una reuni\u00f3n que tuvimos cuando volvimos de la licencia. Sab\u00edamos que (Julio C\u00e9sar) Montironi no iba a seguir y dijimos \u2018\u00bfqu\u00e9 hacemos, nos postulamos otra vez?\u2019. Quedamos todos de acuerdo entonces nos postulamos. No tenemos que andar buscando gente. Falta todav\u00eda conseguir el lugar de Montironi y nada m\u00e1s\u201d, aclar\u00f3 el presidente.<\/p>\n<p>Asimismo, declar\u00f3 que \u201cvoy a poner un consejero nuevo que lo tenemos mas o menos en vista, esperemos que acepte. No creo que vayamos a tener problemas en eso. La ABB fue fundada el 11 de enero de 1929, por Olimpo, Liniers, Estudiantes y Pac\u00edfico (tambi\u00e9n se considera entidades fundacionales a River Plate y Agar Cross), siendo su primer presidente Jorge Enrique Marks.<\/p>\n<p><strong>El formato de los torneos<\/strong><\/p>\n<p>\u201cMejoramos un poco el torneo del a\u00f1o pasado. Lo mejor\u00f3 el Ingeniero, porque todas esas cosas son del Ingeniero. Todos tienen confianza en lo que hace \u00e9, porque hace todas las cosas muy bien\u201d, declar\u00f3 Lista sobre el pr\u00f3ximo torneo de Primera, que tendr\u00e1 playoff s\u00f3lo a fin de a\u00f1o y con series al mejor de cinco.<\/p>\n<p>Mientras que en Segunda, con un hexagonal y un pentagonal en la segunda parte del a\u00f1o \u201cse va a ensayar. Yo sinceramente lo vi as\u00ed nomas porque\u00a0 el que hace las cosas, te vuelvo a repetir, es el Ingeniero. Y dice hacemos las cosas as\u00ed, le parece asi [\u2026] Con \u00e9l hay una confianza b\u00e1rbara\u201d.<\/p>\n<p><strong>Los jueces y sus aranceles<\/strong><\/p>\n<p>\u201cYo no lo veo bien.\u00a0 O sea, son como maestro de escuela, cuando empiezan las clases piden aumento. Que me perdonen los maestros de escuela que se lo merecen, pero los jueces no\u201d, afirm\u00f3 Adolfo Lista. Y a\u00f1adi\u00f3: \u201ces una barbaridad lo que piden y estoy completamente de acuerdo con los clubes en que digan realmente cu\u00e1nto van a cobrar, porque lo que pidieron ellos yo tambi\u00e9n lo considero una barbaridad. No puede ser que est\u00e9n cobrando un \u2018Ciudad de Bah\u00eda Blanca\u2019 700 pesos la pareja y despu\u00e9s cuando se juegan los play off\u00a0 800 pesos la pareja. Es much\u00edsimo para los clubes\u201d.<\/p>\n<p>Adem\u00e1s, el presidente sostuvo que los \u00e1rbitros \u201cse fueron de la casa, ya no est\u00e1n mas ah\u00ed al lado en la Asociaci\u00f3n. En esa casa que nos dejaron un desastre. Me comentaron que hay una interna entre ellos y eso no tienen que pagarlo los clubes. Que vengan y que hablen. Nos pidieron los d\u00edas jueves para reunirse en la Asociaci\u00f3n y se acept\u00f3. Los clubes les hicieron una carta diciendo que no se aceptaban esos aranceles y esperaban una respuesta para el 5 de enero\u201d.<\/p>\n<p><strong>La presidencia del Colegio de \u00c1rbitros figura bajo la tutela de Alejandro Ramallo\u2026<\/strong><\/p>\n<p>\u201cEl que vino a hablar, no de negocios, es (Miguel) Firpo. Vino a decirme que hab\u00eda personas que se iban; no s\u00e9 mas nada de lo que ocurri\u00f3. A Ramallo hace como tres meses que no lo veo. Los que mandaron la nota son de la comisi\u00f3n que forman Sed\u00e1n, Ramallo, Firpo y Ch\u00e1vez. Esa es la comisi\u00f3n para tratar los aranceles. Ninguno de ellos vino a hablar\u201d, sentenci\u00f3 Lista.<\/p>\n<p>No obstante, aclar\u00f3 que \u201chace m\u00e1s de tres meses que no veo a Ramallo, pero creo que estuvo en Brasil, en Paraguay. Entonces habr\u00e1 que ver que pasa. No tenemos ning\u00fan plazo, nada. Vamos a esperar porque creo que se re\u00fanen el jueves (1 de marzo).\u00a0 Vamos a ver si nos dicen algo y sino nos reuniremos con los presidentes de los clubes y vemos que hacemos\u201d.<\/p>\n<p>Adolfo Lista, que va en camino a los 20 a\u00f1os consecutivos como l\u00edder en la ABB, cerr\u00f3 la charla con humor: \u201cElla (mi mujer) me impulso a seguir. Cuanto menos me tiene en casa mejor\u201d.<\/p>\n<p>*Aranceles de los jueces en 2011:<\/p>\n<p>&#8211; Menores: $65.- (piden $100).<\/p>\n<p>&#8211; Sub 21: $70.- ($120).<\/p>\n<p>&#8211; Segunda: $210.- ($300)<\/p>\n<p>&#8211; Playoffs segunda: $210.- ($350).<\/p>\n<p>&#8211; Primera: $250.- ($350)<\/p>\n<p>&#8211; Playoff primera: $250.- ($400).<\/p>\n<p>&nbsp;<\/p>\n","protected":false},"excerpt":{"rendered":"<p>Adolfo Lista volvi\u00f3 a ser relecto en la Asociaci\u00f3n Bahiense de B\u00e1squetbol, lugar en el que permanece desde 1995, en una Asamblea r\u00e9cord. El \u201cFlaco\u201d habl\u00f3 de todo con Gente de B\u00e1squet, dijo de los \u00e1rbitros que \u201cson como maestro de escuela, cuando empiezan las clases piden aumento\u201d, que hace m\u00e1s de 3 meses que [&hellip;]<\/p>\n","protected":false},"author":1,"featured_media":0,"comment_status":"open","ping_status":"open","sticky":false,"template":"","format":"standard","meta":{"jnews-multi-image_gallery":[],"jnews_single_post":[],"jnews_primary_category":[],"footnotes":""},"categories":[24],"tags":[],"class_list":["post-2062","post","type-post","status-publish","format-standard","hentry","category-overtime"],"yoast_head":"<!-- This site is optimized with the Yoast SEO plugin v27.5 - https:\/\/yoast.com\/product\/yoast-seo-wordpress\/ -->\n<title>\u201cNo creo que me tengan miedo\u201d - Gente de B\u00e1squet<\/title>\n<meta name=\"robots\" content=\"index, follow, max-snippet:-1, max-image-preview:large, max-video-preview:-1\" \/>\n<link rel=\"canonical\" href=\"https:\/\/gentedebasquet.com.ar\/sitio\/2012\/03\/01\/no-creo-que-me-tengan-miedo\/\" \/>\n<meta property=\"og:locale\" content=\"es_ES\" \/>\n<meta property=\"og:type\" content=\"article\" \/>\n<meta property=\"og:title\" content=\"\u201cNo creo que me tengan miedo\u201d - Gente de B\u00e1squet\" \/>\n<meta property=\"og:description\" content=\"Adolfo Lista volvi\u00f3 a ser relecto en la Asociaci\u00f3n Bahiense de B\u00e1squetbol, lugar en el que permanece desde 1995, en una Asamblea r\u00e9cord. El \u201cFlaco\u201d habl\u00f3 de todo con Gente de B\u00e1squet, dijo de los \u00e1rbitros que \u201cson como maestro de escuela, cuando empiezan las clases piden aumento\u201d, que hace m\u00e1s de 3 meses que [&hellip;]\" \/>\n<meta property=\"og:url\" content=\"https:\/\/gentedebasquet.com.ar\/sitio\/2012\/03\/01\/no-creo-que-me-tengan-miedo\/\" \/>\n<meta property=\"og:site_name\" content=\"Gente de B\u00e1squet\" \/>\n<meta property=\"article:published_time\" content=\"2012-03-01T11:58:15+00:00\" \/>\n<meta property=\"og:image\" content=\"http:\/\/www.gentedebasquet.com.ar\/wp-content\/uploads\/2012\/03\/Lista.jpg\" \/>\n<meta name=\"author\" content=\"Gente de B\u00e1squet\" \/>\n<meta name=\"twitter:card\" content=\"summary_large_image\" \/>\n<meta name=\"twitter:label1\" content=\"Escrito por\" \/>\n\t<meta name=\"twitter:data1\" content=\"Gente de B\u00e1squet\" \/>\n\t<meta name=\"twitter:label2\" content=\"Tiempo de lectura\" \/>\n\t<meta name=\"twitter:data2\" content=\"4 minutos\" \/>\n<script type=\"application\/ld+json\" class=\"yoast-schema-graph\">{\"@context\":\"https:\\\/\\\/schema.org\",\"@graph\":[{\"@type\":\"Article\",\"@id\":\"https:\\\/\\\/gentedebasquet.com.ar\\\/sitio\\\/2012\\\/03\\\/01\\\/no-creo-que-me-tengan-miedo\\\/#article\",\"isPartOf\":{\"@id\":\"https:\\\/\\\/gentedebasquet.com.ar\\\/sitio\\\/2012\\\/03\\\/01\\\/no-creo-que-me-tengan-miedo\\\/\"},\"author\":{\"name\":\"Gente de B\u00e1squet\",\"@id\":\"http:\\\/\\\/gentedebasquet.com.ar\\\/sitio\\\/#\\\/schema\\\/person\\\/ca0b63bbb977369988a7bbbdc519943a\"},\"headline\":\"\u201cNo creo que me tengan miedo\u201d\",\"datePublished\":\"2012-03-01T11:58:15+00:00\",\"mainEntityOfPage\":{\"@id\":\"https:\\\/\\\/gentedebasquet.com.ar\\\/sitio\\\/2012\\\/03\\\/01\\\/no-creo-que-me-tengan-miedo\\\/\"},\"wordCount\":892,\"commentCount\":44,\"image\":{\"@id\":\"https:\\\/\\\/gentedebasquet.com.ar\\\/sitio\\\/2012\\\/03\\\/01\\\/no-creo-que-me-tengan-miedo\\\/#primaryimage\"},\"thumbnailUrl\":\"http:\\\/\\\/www.gentedebasquet.com.ar\\\/wp-content\\\/uploads\\\/2012\\\/03\\\/Lista.jpg\",\"articleSection\":[\"#Overtime\"],\"inLanguage\":\"es\",\"potentialAction\":[{\"@type\":\"CommentAction\",\"name\":\"Comment\",\"target\":[\"https:\\\/\\\/gentedebasquet.com.ar\\\/sitio\\\/2012\\\/03\\\/01\\\/no-creo-que-me-tengan-miedo\\\/#respond\"]}]},{\"@type\":\"WebPage\",\"@id\":\"https:\\\/\\\/gentedebasquet.com.ar\\\/sitio\\\/2012\\\/03\\\/01\\\/no-creo-que-me-tengan-miedo\\\/\",\"url\":\"https:\\\/\\\/gentedebasquet.com.ar\\\/sitio\\\/2012\\\/03\\\/01\\\/no-creo-que-me-tengan-miedo\\\/\",\"name\":\"\u201cNo creo que me tengan miedo\u201d - Gente de B\u00e1squet\",\"isPartOf\":{\"@id\":\"http:\\\/\\\/gentedebasquet.com.ar\\\/sitio\\\/#website\"},\"primaryImageOfPage\":{\"@id\":\"https:\\\/\\\/gentedebasquet.com.ar\\\/sitio\\\/2012\\\/03\\\/01\\\/no-creo-que-me-tengan-miedo\\\/#primaryimage\"},\"image\":{\"@id\":\"https:\\\/\\\/gentedebasquet.com.ar\\\/sitio\\\/2012\\\/03\\\/01\\\/no-creo-que-me-tengan-miedo\\\/#primaryimage\"},\"thumbnailUrl\":\"http:\\\/\\\/www.gentedebasquet.com.ar\\\/wp-content\\\/uploads\\\/2012\\\/03\\\/Lista.jpg\",\"datePublished\":\"2012-03-01T11:58:15+00:00\",\"author\":{\"@id\":\"http:\\\/\\\/gentedebasquet.com.ar\\\/sitio\\\/#\\\/schema\\\/person\\\/ca0b63bbb977369988a7bbbdc519943a\"},\"breadcrumb\":{\"@id\":\"https:\\\/\\\/gentedebasquet.com.ar\\\/sitio\\\/2012\\\/03\\\/01\\\/no-creo-que-me-tengan-miedo\\\/#breadcrumb\"},\"inLanguage\":\"es\",\"potentialAction\":[{\"@type\":\"ReadAction\",\"target\":[\"https:\\\/\\\/gentedebasquet.com.ar\\\/sitio\\\/2012\\\/03\\\/01\\\/no-creo-que-me-tengan-miedo\\\/\"]}]},{\"@type\":\"ImageObject\",\"inLanguage\":\"es\",\"@id\":\"https:\\\/\\\/gentedebasquet.com.ar\\\/sitio\\\/2012\\\/03\\\/01\\\/no-creo-que-me-tengan-miedo\\\/#primaryimage\",\"url\":\"http:\\\/\\\/www.gentedebasquet.com.ar\\\/wp-content\\\/uploads\\\/2012\\\/03\\\/Lista.jpg\",\"contentUrl\":\"http:\\\/\\\/www.gentedebasquet.com.ar\\\/wp-content\\\/uploads\\\/2012\\\/03\\\/Lista.jpg\"},{\"@type\":\"BreadcrumbList\",\"@id\":\"https:\\\/\\\/gentedebasquet.com.ar\\\/sitio\\\/2012\\\/03\\\/01\\\/no-creo-que-me-tengan-miedo\\\/#breadcrumb\",\"itemListElement\":[{\"@type\":\"ListItem\",\"position\":1,\"name\":\"Portada\",\"item\":\"http:\\\/\\\/gentedebasquet.com.ar\\\/sitio\\\/\"},{\"@type\":\"ListItem\",\"position\":2,\"name\":\"\u201cNo creo que me tengan miedo\u201d\"}]},{\"@type\":\"WebSite\",\"@id\":\"http:\\\/\\\/gentedebasquet.com.ar\\\/sitio\\\/#website\",\"url\":\"http:\\\/\\\/gentedebasquet.com.ar\\\/sitio\\\/\",\"name\":\"Gente de B\u00e1squet\",\"description\":\"La revista del basquet de Bah\u00eda Blanca\",\"potentialAction\":[{\"@type\":\"SearchAction\",\"target\":{\"@type\":\"EntryPoint\",\"urlTemplate\":\"http:\\\/\\\/gentedebasquet.com.ar\\\/sitio\\\/?s={search_term_string}\"},\"query-input\":{\"@type\":\"PropertyValueSpecification\",\"valueRequired\":true,\"valueName\":\"search_term_string\"}}],\"inLanguage\":\"es\"},{\"@type\":\"Person\",\"@id\":\"http:\\\/\\\/gentedebasquet.com.ar\\\/sitio\\\/#\\\/schema\\\/person\\\/ca0b63bbb977369988a7bbbdc519943a\",\"name\":\"Gente de B\u00e1squet\",\"image\":{\"@type\":\"ImageObject\",\"inLanguage\":\"es\",\"@id\":\"https:\\\/\\\/secure.gravatar.com\\\/avatar\\\/7f2c48bdc33b30088f941fb6082e555f2874c98e20cb159d7b92b50eadfce793?s=96&d=mm&r=g\",\"url\":\"https:\\\/\\\/secure.gravatar.com\\\/avatar\\\/7f2c48bdc33b30088f941fb6082e555f2874c98e20cb159d7b92b50eadfce793?s=96&d=mm&r=g\",\"contentUrl\":\"https:\\\/\\\/secure.gravatar.com\\\/avatar\\\/7f2c48bdc33b30088f941fb6082e555f2874c98e20cb159d7b92b50eadfce793?s=96&d=mm&r=g\",\"caption\":\"Gente de B\u00e1squet\"},\"sameAs\":[\"http:\\\/\\\/gentedebasquet.com.ar\\\/sitio\"],\"url\":\"https:\\\/\\\/gentedebasquet.com.ar\\\/sitio\\\/author\\\/ulises\\\/\"}]}<\/script>\n<!-- \/ Yoast SEO plugin. -->","yoast_head_json":{"title":"\u201cNo creo que me tengan miedo\u201d - Gente de B\u00e1squet","robots":{"index":"index","follow":"follow","max-snippet":"max-snippet:-1","max-image-preview":"max-image-preview:large","max-video-preview":"max-video-preview:-1"},"canonical":"https:\/\/gentedebasquet.com.ar\/sitio\/2012\/03\/01\/no-creo-que-me-tengan-miedo\/","og_locale":"es_ES","og_type":"article","og_title":"\u201cNo creo que me tengan miedo\u201d - Gente de B\u00e1squet","og_description":"Adolfo Lista volvi\u00f3 a ser relecto en la Asociaci\u00f3n Bahiense de B\u00e1squetbol, lugar en el que permanece desde 1995, en una Asamblea r\u00e9cord. El \u201cFlaco\u201d habl\u00f3 de todo con Gente de B\u00e1squet, dijo de los \u00e1rbitros que \u201cson como maestro de escuela, cuando empiezan las clases piden aumento\u201d, que hace m\u00e1s de 3 meses que [&hellip;]","og_url":"https:\/\/gentedebasquet.com.ar\/sitio\/2012\/03\/01\/no-creo-que-me-tengan-miedo\/","og_site_name":"Gente de B\u00e1squet","article_published_time":"2012-03-01T11:58:15+00:00","og_image":[{"url":"http:\/\/www.gentedebasquet.com.ar\/wp-content\/uploads\/2012\/03\/Lista.jpg","type":"","width":"","height":""}],"author":"Gente de B\u00e1squet","twitter_card":"summary_large_image","twitter_misc":{"Escrito por":"Gente de B\u00e1squet","Tiempo de lectura":"4 minutos"},"schema":{"@context":"https:\/\/schema.org","@graph":[{"@type":"Article","@id":"https:\/\/gentedebasquet.com.ar\/sitio\/2012\/03\/01\/no-creo-que-me-tengan-miedo\/#article","isPartOf":{"@id":"https:\/\/gentedebasquet.com.ar\/sitio\/2012\/03\/01\/no-creo-que-me-tengan-miedo\/"},"author":{"name":"Gente de B\u00e1squet","@id":"http:\/\/gentedebasquet.com.ar\/sitio\/#\/schema\/person\/ca0b63bbb977369988a7bbbdc519943a"},"headline":"\u201cNo creo que me tengan miedo\u201d","datePublished":"2012-03-01T11:58:15+00:00","mainEntityOfPage":{"@id":"https:\/\/gentedebasquet.com.ar\/sitio\/2012\/03\/01\/no-creo-que-me-tengan-miedo\/"},"wordCount":892,"commentCount":44,"image":{"@id":"https:\/\/gentedebasquet.com.ar\/sitio\/2012\/03\/01\/no-creo-que-me-tengan-miedo\/#primaryimage"},"thumbnailUrl":"http:\/\/www.gentedebasquet.com.ar\/wp-content\/uploads\/2012\/03\/Lista.jpg","articleSection":["#Overtime"],"inLanguage":"es","potentialAction":[{"@type":"CommentAction","name":"Comment","target":["https:\/\/gentedebasquet.com.ar\/sitio\/2012\/03\/01\/no-creo-que-me-tengan-miedo\/#respond"]}]},{"@type":"WebPage","@id":"https:\/\/gentedebasquet.com.ar\/sitio\/2012\/03\/01\/no-creo-que-me-tengan-miedo\/","url":"https:\/\/gentedebasquet.com.ar\/sitio\/2012\/03\/01\/no-creo-que-me-tengan-miedo\/","name":"\u201cNo creo que me tengan miedo\u201d - Gente de B\u00e1squet","isPartOf":{"@id":"http:\/\/gentedebasquet.com.ar\/sitio\/#website"},"primaryImageOfPage":{"@id":"https:\/\/gentedebasquet.com.ar\/sitio\/2012\/03\/01\/no-creo-que-me-tengan-miedo\/#primaryimage"},"image":{"@id":"https:\/\/gentedebasquet.com.ar\/sitio\/2012\/03\/01\/no-creo-que-me-tengan-miedo\/#primaryimage"},"thumbnailUrl":"http:\/\/www.gentedebasquet.com.ar\/wp-content\/uploads\/2012\/03\/Lista.jpg","datePublished":"2012-03-01T11:58:15+00:00","author":{"@id":"http:\/\/gentedebasquet.com.ar\/sitio\/#\/schema\/person\/ca0b63bbb977369988a7bbbdc519943a"},"breadcrumb":{"@id":"https:\/\/gentedebasquet.com.ar\/sitio\/2012\/03\/01\/no-creo-que-me-tengan-miedo\/#breadcrumb"},"inLanguage":"es","potentialAction":[{"@type":"ReadAction","target":["https:\/\/gentedebasquet.com.ar\/sitio\/2012\/03\/01\/no-creo-que-me-tengan-miedo\/"]}]},{"@type":"ImageObject","inLanguage":"es","@id":"https:\/\/gentedebasquet.com.ar\/sitio\/2012\/03\/01\/no-creo-que-me-tengan-miedo\/#primaryimage","url":"http:\/\/www.gentedebasquet.com.ar\/wp-content\/uploads\/2012\/03\/Lista.jpg","contentUrl":"http:\/\/www.gentedebasquet.com.ar\/wp-content\/uploads\/2012\/03\/Lista.jpg"},{"@type":"BreadcrumbList","@id":"https:\/\/gentedebasquet.com.ar\/sitio\/2012\/03\/01\/no-creo-que-me-tengan-miedo\/#breadcrumb","itemListElement":[{"@type":"ListItem","position":1,"name":"Portada","item":"http:\/\/gentedebasquet.com.ar\/sitio\/"},{"@type":"ListItem","position":2,"name":"\u201cNo creo que me tengan miedo\u201d"}]},{"@type":"WebSite","@id":"http:\/\/gentedebasquet.com.ar\/sitio\/#website","url":"http:\/\/gentedebasquet.com.ar\/sitio\/","name":"Gente de B\u00e1squet","description":"La revista del basquet de Bah\u00eda Blanca","potentialAction":[{"@type":"SearchAction","target":{"@type":"EntryPoint","urlTemplate":"http:\/\/gentedebasquet.com.ar\/sitio\/?s={search_term_string}"},"query-input":{"@type":"PropertyValueSpecification","valueRequired":true,"valueName":"search_term_string"}}],"inLanguage":"es"},{"@type":"Person","@id":"http:\/\/gentedebasquet.com.ar\/sitio\/#\/schema\/person\/ca0b63bbb977369988a7bbbdc519943a","name":"Gente de B\u00e1squet","image":{"@type":"ImageObject","inLanguage":"es","@id":"https:\/\/secure.gravatar.com\/avatar\/7f2c48bdc33b30088f941fb6082e555f2874c98e20cb159d7b92b50eadfce793?s=96&d=mm&r=g","url":"https:\/\/secure.gravatar.com\/avatar\/7f2c48bdc33b30088f941fb6082e555f2874c98e20cb159d7b92b50eadfce793?s=96&d=mm&r=g","contentUrl":"https:\/\/secure.gravatar.com\/avatar\/7f2c48bdc33b30088f941fb6082e555f2874c98e20cb159d7b92b50eadfce793?s=96&d=mm&r=g","caption":"Gente de B\u00e1squet"},"sameAs":["http:\/\/gentedebasquet.com.ar\/sitio"],"url":"https:\/\/gentedebasquet.com.ar\/sitio\/author\/ulises\/"}]}},"_links":{"self":[{"href":"https:\/\/gentedebasquet.com.ar\/sitio\/wp-json\/wp\/v2\/posts\/2062","targetHints":{"allow":["GET"]}}],"collection":[{"href":"https:\/\/gentedebasquet.com.ar\/sitio\/wp-json\/wp\/v2\/posts"}],"about":[{"href":"https:\/\/gentedebasquet.com.ar\/sitio\/wp-json\/wp\/v2\/types\/post"}],"author":[{"embeddable":true,"href":"https:\/\/gentedebasquet.com.ar\/sitio\/wp-json\/wp\/v2\/users\/1"}],"replies":[{"embeddable":true,"href":"https:\/\/gentedebasquet.com.ar\/sitio\/wp-json\/wp\/v2\/comments?post=2062"}],"version-history":[{"count":0,"href":"https:\/\/gentedebasquet.com.ar\/sitio\/wp-json\/wp\/v2\/posts\/2062\/revisions"}],"wp:attachment":[{"href":"https:\/\/gentedebasquet.com.ar\/sitio\/wp-json\/wp\/v2\/media?parent=2062"}],"wp:term":[{"taxonomy":"category","embeddable":true,"href":"https:\/\/gentedebasquet.com.ar\/sitio\/wp-json\/wp\/v2\/categories?post=2062"},{"taxonomy":"post_tag","embeddable":true,"href":"https:\/\/gentedebasquet.com.ar\/sitio\/wp-json\/wp\/v2\/tags?post=2062"}],"curies":[{"name":"wp","href":"https:\/\/api.w.org\/{rel}","templated":true}]}}