{"id":20651,"date":"2013-12-17T01:48:35","date_gmt":"2013-12-17T01:48:35","guid":{"rendered":"http:\/\/www.gentedebasquet.com.ar\/?p=20651"},"modified":"2013-12-17T01:48:35","modified_gmt":"2013-12-17T01:48:35","slug":"campeon-de-arremetida","status":"publish","type":"post","link":"https:\/\/gentedebasquet.com.ar\/sitio\/2013\/12\/17\/campeon-de-arremetida\/","title":{"rendered":"Campe\u00f3n de arremetida"},"content":{"rendered":"<p><strong>El Nacional festej\u00f3 el campeonato tras vencer a Estudiantes 67-65 por el tercer partido de la serie final de los Infantiles \u201cBis\u201d. Tras dos primeros cuartos muy parejos, y un tercer per\u00edodo dominado ampliamente por la visita, el conjunto de Neyra supo recuperarse en la \u00faltima etapa y dar vuelta el marcador en los segundos finales, gracias a una conversi\u00f3n de Ramiro Santiago. Sabattini y Busaca fueron los goleadores con 16 tantos cada uno. Por el lado del \u201calbo\u201d, fue m\u00e1s que satisfactoria la actuaci\u00f3n de Iv\u00e1n Catani, sumando 23 unidades.<\/strong><\/p>\n<p>El partido arranc\u00f3 sin escapadas en ning\u00fan bando. Punto a punto, El Nacional y Estudiantes no lograban sacarse diferencia en el juego definitorio de Infantiles Bis. Mientras Trespaudo y Ruiz sumaban 6 y 4 puntos para la visita, Sabattini acumulaba 8 unidades a su favor, cerrando con victoria parcial del \u201calbo\u201d por la m\u00ednima, 16-15.<\/p>\n<p>En el segundo per\u00edodo la situaci\u00f3n no cambio demasiado. En el amanecer del cuarto, Iraizoz y Rodriguez pusieron el marcador a favor del local, 19-18. Pero, minutos m\u00e1s tarde, Mart\u00edn Herrero volv\u00eda a colocar a Estudiantes en ventaja, 22-21. Sin embargo, el local desperdici\u00f3 una oportunidad clara de pasar al frente y liderar el partido. En reiteradas ocasiones, Ferrari e Iraizoz lanzaron desde la l\u00ednea y erraron pr\u00e1cticamente el cien por ciento de los lanzamientos, dejando ir una chance neta. De esta manera, el partido quedaba a favor de los de Neyra por un punto, 25-24.<\/p>\n<p>Ya en la tercera etapa, el cotejo dio un giro y Estudiantes se despeg\u00f3 notoriamente. Comenzando el cuarto, de la mano de Iv\u00e1n Catani que sum\u00f3 13 puntos, el \u201calbo\u201d consigui\u00f3 un resultado parcial de 14-1 y dej\u00f3 atr\u00e1s a un conjunto local sin reacci\u00f3n. Asimismo, Martin Herrero arroj\u00f3 otros 9 tantos, llegando a conseguir una diferencia m\u00e1xima de 14 unidades. De esta manera, la visita acariciaba\u00a0 el festejo cerrando el tercer cuarto, 53-41.<\/p>\n<p>Pero, como el sabio dicho lo dice, no hay que cantar victoria antes de tiempo. Y los \u00faltimos diez minutos fueron fieles testigos de un El Nacional que se recuper\u00f3 de la mano de Santiago y Busaca con 9 puntos cada uno y sobre el final del cotejo, el mismo Ramiro Santiago fue quien hizo explotar al Hermanos Ciccioli y terminar de derrotar a un cansado y agobiado Estudiantes. El Nacional fue el mejor y supo demostrarlo en el parquet \u00a1Felicidades Campe\u00f3n!<br \/>\n<strong><\/strong><\/p>\n<p><span style=\"color: #ffcc99;\"><strong><span style=\"text-decoration: underline;\">.<\/span><\/strong><\/span><\/p>\n<p><em><strong><span style=\"text-decoration: underline;\">S\u00edntesis:<\/span><\/strong><\/em><\/p>\n<p><strong>El Nacional 67:<br \/>\n<\/strong><\/p>\n<p>Iniciales: Tom\u00e1s Campa\u00f1a (2); Lucas Ciminari (2); Ramiro Santiago (14); Felipe Sorba (3); Franco Sabattini (16).<\/p>\n<p>Ingresaron: Franco Ferrari (3); Juli\u00e1n Rodr\u00edguez (1); Joaqu\u00edn Iraizoz (5); Federico Salce (5); Giuliano Busaca (16).<br \/>\n<strong><\/strong><\/p>\n<p>DT: Marcelo Neyra<\/p>\n<p><strong>Estudiantes 65:<br \/>\n<\/strong><\/p>\n<p>Iniciales: Lautaro Trespaudo (3); Laureano Ru\u00edz (8); Franco Matz (2); Agust\u00edn Holman (7); Nahuel Altamira (2).<\/p>\n<p>Ingresaron: Santiago Ondona (0); Mart\u00edn Herrero (15); Nicol\u00e1s Mu\u00f1oz (0); Iv\u00e1n Catani (23); Bruno Giunchiglia (0); Tom\u00e1s Leyton (2); Franco Maggi (0).<br \/>\n<strong><\/strong><\/p>\n<p>DT: Fabricio Piccinini<\/p>\n<p><span style=\"color: #ffcc99;\"><strong>.<\/strong><\/span><\/p>\n<p><strong>Cuartos:<\/strong> 15-16; 25-24; 41-53; 67-65.<br \/>\n<strong><\/strong><\/p>\n<p><strong>Cinco faltas:<\/strong> Franco Ferrari (El Nacional); Franco Matz (Estudiantes); Iv\u00e1n Catani (Estudiantes).<br \/>\n<strong><\/strong><\/p>\n<p><strong>\u00c1rbitros:<\/strong> Jorge Blanco, Mariano Enrique, Ezequiel Weinderber.<\/p>\n<p><strong>Serie:<\/strong> El Nacional 2-1.<\/p>\n","protected":false},"excerpt":{"rendered":"<p>El Nacional festej\u00f3 el campeonato tras vencer a Estudiantes 67-65<\/p>\n","protected":false},"author":16,"featured_media":26796,"comment_status":"open","ping_status":"open","sticky":false,"template":"","format":"standard","meta":{"jnews-multi-image_gallery":[],"jnews_single_post":[],"jnews_primary_category":[],"footnotes":""},"categories":[27],"tags":[9,11],"class_list":["post-20651","post","type-post","status-publish","format-standard","has-post-thumbnail","hentry","category-u15","tag-el-nacional","tag-estudiantes"],"yoast_head":"<!-- This site is optimized with the Yoast SEO plugin v27.5 - https:\/\/yoast.com\/product\/yoast-seo-wordpress\/ -->\n<title>Campe\u00f3n de arremetida - Gente de B\u00e1squet<\/title>\n<meta name=\"robots\" content=\"index, follow, max-snippet:-1, max-image-preview:large, max-video-preview:-1\" \/>\n<link rel=\"canonical\" href=\"https:\/\/gentedebasquet.com.ar\/sitio\/2013\/12\/17\/campeon-de-arremetida\/\" \/>\n<meta property=\"og:locale\" content=\"es_ES\" \/>\n<meta property=\"og:type\" content=\"article\" \/>\n<meta property=\"og:title\" content=\"Campe\u00f3n de arremetida - Gente de B\u00e1squet\" \/>\n<meta property=\"og:description\" content=\"El Nacional festej\u00f3 el campeonato tras vencer a Estudiantes 67-65\" \/>\n<meta property=\"og:url\" content=\"https:\/\/gentedebasquet.com.ar\/sitio\/2013\/12\/17\/campeon-de-arremetida\/\" \/>\n<meta property=\"og:site_name\" content=\"Gente de B\u00e1squet\" \/>\n<meta property=\"article:published_time\" content=\"2013-12-17T01:48:35+00:00\" \/>\n<meta property=\"og:image\" content=\"https:\/\/gentedebasquet.com.ar\/sitio\/wp-content\/uploads\/2014\/01\/El-Nacional-Infa-Bis.jpg\" \/>\n\t<meta property=\"og:image:width\" content=\"300\" \/>\n\t<meta property=\"og:image:height\" content=\"211\" \/>\n\t<meta property=\"og:image:type\" content=\"image\/jpeg\" \/>\n<meta name=\"author\" content=\"Gonzalo Focianos\" \/>\n<meta name=\"twitter:card\" content=\"summary_large_image\" \/>\n<meta name=\"twitter:label1\" content=\"Escrito por\" \/>\n\t<meta name=\"twitter:data1\" content=\"Gonzalo Focianos\" \/>\n\t<meta name=\"twitter:label2\" content=\"Tiempo de lectura\" \/>\n\t<meta name=\"twitter:data2\" content=\"3 minutos\" \/>\n<script type=\"application\/ld+json\" class=\"yoast-schema-graph\">{\"@context\":\"https:\\\/\\\/schema.org\",\"@graph\":[{\"@type\":\"Article\",\"@id\":\"https:\\\/\\\/gentedebasquet.com.ar\\\/sitio\\\/2013\\\/12\\\/17\\\/campeon-de-arremetida\\\/#article\",\"isPartOf\":{\"@id\":\"https:\\\/\\\/gentedebasquet.com.ar\\\/sitio\\\/2013\\\/12\\\/17\\\/campeon-de-arremetida\\\/\"},\"author\":{\"name\":\"Gonzalo Focianos\",\"@id\":\"http:\\\/\\\/gentedebasquet.com.ar\\\/sitio\\\/#\\\/schema\\\/person\\\/07742352f6eb91a652db456d6da638a3\"},\"headline\":\"Campe\u00f3n de arremetida\",\"datePublished\":\"2013-12-17T01:48:35+00:00\",\"mainEntityOfPage\":{\"@id\":\"https:\\\/\\\/gentedebasquet.com.ar\\\/sitio\\\/2013\\\/12\\\/17\\\/campeon-de-arremetida\\\/\"},\"wordCount\":512,\"commentCount\":0,\"image\":{\"@id\":\"https:\\\/\\\/gentedebasquet.com.ar\\\/sitio\\\/2013\\\/12\\\/17\\\/campeon-de-arremetida\\\/#primaryimage\"},\"thumbnailUrl\":\"https:\\\/\\\/gentedebasquet.com.ar\\\/sitio\\\/wp-content\\\/uploads\\\/2014\\\/01\\\/El-Nacional-Infa-Bis.jpg\",\"keywords\":[\"El Nacional\",\"Estudiantes\"],\"articleSection\":[\"U15\"],\"inLanguage\":\"es\",\"potentialAction\":[{\"@type\":\"CommentAction\",\"name\":\"Comment\",\"target\":[\"https:\\\/\\\/gentedebasquet.com.ar\\\/sitio\\\/2013\\\/12\\\/17\\\/campeon-de-arremetida\\\/#respond\"]}]},{\"@type\":\"WebPage\",\"@id\":\"https:\\\/\\\/gentedebasquet.com.ar\\\/sitio\\\/2013\\\/12\\\/17\\\/campeon-de-arremetida\\\/\",\"url\":\"https:\\\/\\\/gentedebasquet.com.ar\\\/sitio\\\/2013\\\/12\\\/17\\\/campeon-de-arremetida\\\/\",\"name\":\"Campe\u00f3n de arremetida - Gente de B\u00e1squet\",\"isPartOf\":{\"@id\":\"http:\\\/\\\/gentedebasquet.com.ar\\\/sitio\\\/#website\"},\"primaryImageOfPage\":{\"@id\":\"https:\\\/\\\/gentedebasquet.com.ar\\\/sitio\\\/2013\\\/12\\\/17\\\/campeon-de-arremetida\\\/#primaryimage\"},\"image\":{\"@id\":\"https:\\\/\\\/gentedebasquet.com.ar\\\/sitio\\\/2013\\\/12\\\/17\\\/campeon-de-arremetida\\\/#primaryimage\"},\"thumbnailUrl\":\"https:\\\/\\\/gentedebasquet.com.ar\\\/sitio\\\/wp-content\\\/uploads\\\/2014\\\/01\\\/El-Nacional-Infa-Bis.jpg\",\"datePublished\":\"2013-12-17T01:48:35+00:00\",\"author\":{\"@id\":\"http:\\\/\\\/gentedebasquet.com.ar\\\/sitio\\\/#\\\/schema\\\/person\\\/07742352f6eb91a652db456d6da638a3\"},\"breadcrumb\":{\"@id\":\"https:\\\/\\\/gentedebasquet.com.ar\\\/sitio\\\/2013\\\/12\\\/17\\\/campeon-de-arremetida\\\/#breadcrumb\"},\"inLanguage\":\"es\",\"potentialAction\":[{\"@type\":\"ReadAction\",\"target\":[\"https:\\\/\\\/gentedebasquet.com.ar\\\/sitio\\\/2013\\\/12\\\/17\\\/campeon-de-arremetida\\\/\"]}]},{\"@type\":\"ImageObject\",\"inLanguage\":\"es\",\"@id\":\"https:\\\/\\\/gentedebasquet.com.ar\\\/sitio\\\/2013\\\/12\\\/17\\\/campeon-de-arremetida\\\/#primaryimage\",\"url\":\"https:\\\/\\\/gentedebasquet.com.ar\\\/sitio\\\/wp-content\\\/uploads\\\/2014\\\/01\\\/El-Nacional-Infa-Bis.jpg\",\"contentUrl\":\"https:\\\/\\\/gentedebasquet.com.ar\\\/sitio\\\/wp-content\\\/uploads\\\/2014\\\/01\\\/El-Nacional-Infa-Bis.jpg\",\"width\":300,\"height\":211},{\"@type\":\"BreadcrumbList\",\"@id\":\"https:\\\/\\\/gentedebasquet.com.ar\\\/sitio\\\/2013\\\/12\\\/17\\\/campeon-de-arremetida\\\/#breadcrumb\",\"itemListElement\":[{\"@type\":\"ListItem\",\"position\":1,\"name\":\"Portada\",\"item\":\"http:\\\/\\\/gentedebasquet.com.ar\\\/sitio\\\/\"},{\"@type\":\"ListItem\",\"position\":2,\"name\":\"Campe\u00f3n de arremetida\"}]},{\"@type\":\"WebSite\",\"@id\":\"http:\\\/\\\/gentedebasquet.com.ar\\\/sitio\\\/#website\",\"url\":\"http:\\\/\\\/gentedebasquet.com.ar\\\/sitio\\\/\",\"name\":\"Gente de B\u00e1squet\",\"description\":\"La revista del basquet de Bah\u00eda Blanca\",\"potentialAction\":[{\"@type\":\"SearchAction\",\"target\":{\"@type\":\"EntryPoint\",\"urlTemplate\":\"http:\\\/\\\/gentedebasquet.com.ar\\\/sitio\\\/?s={search_term_string}\"},\"query-input\":{\"@type\":\"PropertyValueSpecification\",\"valueRequired\":true,\"valueName\":\"search_term_string\"}}],\"inLanguage\":\"es\"},{\"@type\":\"Person\",\"@id\":\"http:\\\/\\\/gentedebasquet.com.ar\\\/sitio\\\/#\\\/schema\\\/person\\\/07742352f6eb91a652db456d6da638a3\",\"name\":\"Gonzalo Focianos\",\"image\":{\"@type\":\"ImageObject\",\"inLanguage\":\"es\",\"@id\":\"https:\\\/\\\/secure.gravatar.com\\\/avatar\\\/46fafc904a6c7ca43919c7fa04314c00b73cba4c2a47a5a717f612acf4967354?s=96&d=mm&r=g\",\"url\":\"https:\\\/\\\/secure.gravatar.com\\\/avatar\\\/46fafc904a6c7ca43919c7fa04314c00b73cba4c2a47a5a717f612acf4967354?s=96&d=mm&r=g\",\"contentUrl\":\"https:\\\/\\\/secure.gravatar.com\\\/avatar\\\/46fafc904a6c7ca43919c7fa04314c00b73cba4c2a47a5a717f612acf4967354?s=96&d=mm&r=g\",\"caption\":\"Gonzalo Focianos\"},\"url\":\"https:\\\/\\\/gentedebasquet.com.ar\\\/sitio\\\/author\\\/gonzalo-focianos\\\/\"}]}<\/script>\n<!-- \/ Yoast SEO plugin. -->","yoast_head_json":{"title":"Campe\u00f3n de arremetida - Gente de B\u00e1squet","robots":{"index":"index","follow":"follow","max-snippet":"max-snippet:-1","max-image-preview":"max-image-preview:large","max-video-preview":"max-video-preview:-1"},"canonical":"https:\/\/gentedebasquet.com.ar\/sitio\/2013\/12\/17\/campeon-de-arremetida\/","og_locale":"es_ES","og_type":"article","og_title":"Campe\u00f3n de arremetida - Gente de B\u00e1squet","og_description":"El Nacional festej\u00f3 el campeonato tras vencer a Estudiantes 67-65","og_url":"https:\/\/gentedebasquet.com.ar\/sitio\/2013\/12\/17\/campeon-de-arremetida\/","og_site_name":"Gente de B\u00e1squet","article_published_time":"2013-12-17T01:48:35+00:00","og_image":[{"width":300,"height":211,"url":"https:\/\/gentedebasquet.com.ar\/sitio\/wp-content\/uploads\/2014\/01\/El-Nacional-Infa-Bis.jpg","type":"image\/jpeg"}],"author":"Gonzalo Focianos","twitter_card":"summary_large_image","twitter_misc":{"Escrito por":"Gonzalo Focianos","Tiempo de lectura":"3 minutos"},"schema":{"@context":"https:\/\/schema.org","@graph":[{"@type":"Article","@id":"https:\/\/gentedebasquet.com.ar\/sitio\/2013\/12\/17\/campeon-de-arremetida\/#article","isPartOf":{"@id":"https:\/\/gentedebasquet.com.ar\/sitio\/2013\/12\/17\/campeon-de-arremetida\/"},"author":{"name":"Gonzalo Focianos","@id":"http:\/\/gentedebasquet.com.ar\/sitio\/#\/schema\/person\/07742352f6eb91a652db456d6da638a3"},"headline":"Campe\u00f3n de arremetida","datePublished":"2013-12-17T01:48:35+00:00","mainEntityOfPage":{"@id":"https:\/\/gentedebasquet.com.ar\/sitio\/2013\/12\/17\/campeon-de-arremetida\/"},"wordCount":512,"commentCount":0,"image":{"@id":"https:\/\/gentedebasquet.com.ar\/sitio\/2013\/12\/17\/campeon-de-arremetida\/#primaryimage"},"thumbnailUrl":"https:\/\/gentedebasquet.com.ar\/sitio\/wp-content\/uploads\/2014\/01\/El-Nacional-Infa-Bis.jpg","keywords":["El Nacional","Estudiantes"],"articleSection":["U15"],"inLanguage":"es","potentialAction":[{"@type":"CommentAction","name":"Comment","target":["https:\/\/gentedebasquet.com.ar\/sitio\/2013\/12\/17\/campeon-de-arremetida\/#respond"]}]},{"@type":"WebPage","@id":"https:\/\/gentedebasquet.com.ar\/sitio\/2013\/12\/17\/campeon-de-arremetida\/","url":"https:\/\/gentedebasquet.com.ar\/sitio\/2013\/12\/17\/campeon-de-arremetida\/","name":"Campe\u00f3n de arremetida - Gente de B\u00e1squet","isPartOf":{"@id":"http:\/\/gentedebasquet.com.ar\/sitio\/#website"},"primaryImageOfPage":{"@id":"https:\/\/gentedebasquet.com.ar\/sitio\/2013\/12\/17\/campeon-de-arremetida\/#primaryimage"},"image":{"@id":"https:\/\/gentedebasquet.com.ar\/sitio\/2013\/12\/17\/campeon-de-arremetida\/#primaryimage"},"thumbnailUrl":"https:\/\/gentedebasquet.com.ar\/sitio\/wp-content\/uploads\/2014\/01\/El-Nacional-Infa-Bis.jpg","datePublished":"2013-12-17T01:48:35+00:00","author":{"@id":"http:\/\/gentedebasquet.com.ar\/sitio\/#\/schema\/person\/07742352f6eb91a652db456d6da638a3"},"breadcrumb":{"@id":"https:\/\/gentedebasquet.com.ar\/sitio\/2013\/12\/17\/campeon-de-arremetida\/#breadcrumb"},"inLanguage":"es","potentialAction":[{"@type":"ReadAction","target":["https:\/\/gentedebasquet.com.ar\/sitio\/2013\/12\/17\/campeon-de-arremetida\/"]}]},{"@type":"ImageObject","inLanguage":"es","@id":"https:\/\/gentedebasquet.com.ar\/sitio\/2013\/12\/17\/campeon-de-arremetida\/#primaryimage","url":"https:\/\/gentedebasquet.com.ar\/sitio\/wp-content\/uploads\/2014\/01\/El-Nacional-Infa-Bis.jpg","contentUrl":"https:\/\/gentedebasquet.com.ar\/sitio\/wp-content\/uploads\/2014\/01\/El-Nacional-Infa-Bis.jpg","width":300,"height":211},{"@type":"BreadcrumbList","@id":"https:\/\/gentedebasquet.com.ar\/sitio\/2013\/12\/17\/campeon-de-arremetida\/#breadcrumb","itemListElement":[{"@type":"ListItem","position":1,"name":"Portada","item":"http:\/\/gentedebasquet.com.ar\/sitio\/"},{"@type":"ListItem","position":2,"name":"Campe\u00f3n de arremetida"}]},{"@type":"WebSite","@id":"http:\/\/gentedebasquet.com.ar\/sitio\/#website","url":"http:\/\/gentedebasquet.com.ar\/sitio\/","name":"Gente de B\u00e1squet","description":"La revista del basquet de Bah\u00eda Blanca","potentialAction":[{"@type":"SearchAction","target":{"@type":"EntryPoint","urlTemplate":"http:\/\/gentedebasquet.com.ar\/sitio\/?s={search_term_string}"},"query-input":{"@type":"PropertyValueSpecification","valueRequired":true,"valueName":"search_term_string"}}],"inLanguage":"es"},{"@type":"Person","@id":"http:\/\/gentedebasquet.com.ar\/sitio\/#\/schema\/person\/07742352f6eb91a652db456d6da638a3","name":"Gonzalo Focianos","image":{"@type":"ImageObject","inLanguage":"es","@id":"https:\/\/secure.gravatar.com\/avatar\/46fafc904a6c7ca43919c7fa04314c00b73cba4c2a47a5a717f612acf4967354?s=96&d=mm&r=g","url":"https:\/\/secure.gravatar.com\/avatar\/46fafc904a6c7ca43919c7fa04314c00b73cba4c2a47a5a717f612acf4967354?s=96&d=mm&r=g","contentUrl":"https:\/\/secure.gravatar.com\/avatar\/46fafc904a6c7ca43919c7fa04314c00b73cba4c2a47a5a717f612acf4967354?s=96&d=mm&r=g","caption":"Gonzalo Focianos"},"url":"https:\/\/gentedebasquet.com.ar\/sitio\/author\/gonzalo-focianos\/"}]}},"_links":{"self":[{"href":"https:\/\/gentedebasquet.com.ar\/sitio\/wp-json\/wp\/v2\/posts\/20651","targetHints":{"allow":["GET"]}}],"collection":[{"href":"https:\/\/gentedebasquet.com.ar\/sitio\/wp-json\/wp\/v2\/posts"}],"about":[{"href":"https:\/\/gentedebasquet.com.ar\/sitio\/wp-json\/wp\/v2\/types\/post"}],"author":[{"embeddable":true,"href":"https:\/\/gentedebasquet.com.ar\/sitio\/wp-json\/wp\/v2\/users\/16"}],"replies":[{"embeddable":true,"href":"https:\/\/gentedebasquet.com.ar\/sitio\/wp-json\/wp\/v2\/comments?post=20651"}],"version-history":[{"count":0,"href":"https:\/\/gentedebasquet.com.ar\/sitio\/wp-json\/wp\/v2\/posts\/20651\/revisions"}],"wp:featuredmedia":[{"embeddable":true,"href":"https:\/\/gentedebasquet.com.ar\/sitio\/wp-json\/wp\/v2\/media\/26796"}],"wp:attachment":[{"href":"https:\/\/gentedebasquet.com.ar\/sitio\/wp-json\/wp\/v2\/media?parent=20651"}],"wp:term":[{"taxonomy":"category","embeddable":true,"href":"https:\/\/gentedebasquet.com.ar\/sitio\/wp-json\/wp\/v2\/categories?post=20651"},{"taxonomy":"post_tag","embeddable":true,"href":"https:\/\/gentedebasquet.com.ar\/sitio\/wp-json\/wp\/v2\/tags?post=20651"}],"curies":[{"name":"wp","href":"https:\/\/api.w.org\/{rel}","templated":true}]}}