{"id":20671,"date":"2013-12-18T01:20:35","date_gmt":"2013-12-18T01:20:35","guid":{"rendered":"http:\/\/www.gentedebasquet.com.ar\/?p=20671"},"modified":"2013-12-18T01:20:35","modified_gmt":"2013-12-18T01:20:35","slug":"monte-despidio-el-ano-ganando","status":"publish","type":"post","link":"https:\/\/gentedebasquet.com.ar\/sitio\/2013\/12\/18\/monte-despidio-el-ano-ganando\/","title":{"rendered":"Monte despidi\u00f3 el a\u00f1o ganando"},"content":{"rendered":"<p><em><strong><a href=\"http:\/\/www.gentedebasquet.com.ar\/wp-content\/uploads\/2013\/12\/Monte-La-Uni\u00f3n-C.jpg\"><img decoding=\"async\" class=\"alignnone size-full wp-image-20675\" title=\"Monte - La Uni\u00f3n C\" src=\"http:\/\/www.gentedebasquet.com.ar\/wp-content\/uploads\/2013\/12\/Monte-La-Uni\u00f3n-C.jpg\" alt=\"\" width=\"448\" height=\"336\" \/><\/a>Venci\u00f3 como local a La Uni\u00f3n (Col\u00f3n) 87 a 80 por le tercera fecha de la segunda fase del TNA. El bahiense Mariano Castets sum\u00f3 19 puntos (6\/7 2p, 7\/8 TL); en tanto, el puntaltense Dar\u00edo Mansilla aport\u00f3 8 unidades. Monte volver\u00e1 a jugar el 8 de enero cuando visite a Rocamora.<!--more--><\/strong><\/em><\/p>\n<p><span style=\"color: #ffcc99;\">.<\/span><\/p>\n<p><span style=\"text-decoration: underline;\"><em><strong>S\u00edntesis:<\/strong><\/em><\/span><\/p>\n<p><strong>Monte Basket 87:<\/strong><\/p>\n<p>Iniciales: Mariano Castets (19), Patricio Rodr\u00edguez (12), Agust\u00edn Carnovale (21), Jamaal Levy (19) y Dar\u00edo Mansilla (8).<\/p>\n<p>Ingresaron: Gianluca Pellegrino (2), Sebasti\u00e1n Cabello (4), Lucas D\u00edaz (0) y Eduardo Calvelli (2).<\/p>\n<p>DT: Alejandro \u00c1lvarez.<\/p>\n<p><strong>La Uni\u00f3n (C) 80:<\/strong><\/p>\n<p>Iniciales: Agust\u00edn Carabajal (15), Pablo Osores (17), Andr\u00e9s Mariani (11), Mariano Mazzini (17) y Sebasti\u00e1n Bernasconi (2).<\/p>\n<p>Ingresaron: Emilio Dom\u00ednguez (8), Fabricio Pizzola (2), Kevin Pilotti (2) y Eric Flor (6).<\/p>\n<p>DT: Santiago Rimoldi.<\/p>\n<p><span style=\"color: #ffcc99;\">.<\/span><\/p>\n<p><strong>Parciales:<\/strong> Monte 28-15, 44-30 (16-15), 61-48 (17-18) y 87-80 (26-32).<\/p>\n<p><strong>Cinco faltas:<\/strong> Carnovale (MB).<\/p>\n<p><strong>Jueces:<\/strong> Ra\u00fal Lorenzo y Jos\u00e9 Luis Lugli.<\/p>\n<p><a href=\"http:\/\/www.lnb.com.ar\/tna\/page\/partido\/nro\/224\" target=\"_blank\" rel=\"noopener\"><span style=\"color: #0000ff;\"><strong>ESTAD\u00cdSTICAS OFICIALES<\/strong><\/span><\/a><\/p>\n<p>Foto: Mart\u00edn Peralta.<\/p>\n","protected":false},"excerpt":{"rendered":"<p>Venci\u00f3 como local a La Uni\u00f3n (Col\u00f3n) 87 a 80 por le tercera fecha de la segunda fase del TNA. El bahiense Mariano Castets sum\u00f3 19 puntos (6\/7 2p, 7\/8 TL); en tanto, el puntaltense Dar\u00edo Mansilla aport\u00f3 8 unidades. Monte volver\u00e1 a jugar el 8 de enero cuando visite a Rocamora.<\/p>\n","protected":false},"author":1,"featured_media":0,"comment_status":"open","ping_status":"open","sticky":false,"template":"","format":"standard","meta":{"jnews-multi-image_gallery":[],"jnews_single_post":[],"jnews_primary_category":[],"footnotes":""},"categories":[57],"tags":[],"class_list":["post-20671","post","type-post","status-publish","format-standard","hentry","category-bahia-basket"],"yoast_head":"<!-- This site is optimized with the Yoast SEO plugin v27.5 - https:\/\/yoast.com\/product\/yoast-seo-wordpress\/ -->\n<title>Monte despidi\u00f3 el a\u00f1o ganando - Gente de B\u00e1squet<\/title>\n<meta name=\"robots\" content=\"index, follow, max-snippet:-1, max-image-preview:large, max-video-preview:-1\" \/>\n<link rel=\"canonical\" href=\"https:\/\/gentedebasquet.com.ar\/sitio\/2013\/12\/18\/monte-despidio-el-ano-ganando\/\" \/>\n<meta property=\"og:locale\" content=\"es_ES\" \/>\n<meta property=\"og:type\" content=\"article\" \/>\n<meta property=\"og:title\" content=\"Monte despidi\u00f3 el a\u00f1o ganando - Gente de B\u00e1squet\" \/>\n<meta property=\"og:description\" content=\"Venci\u00f3 como local a La Uni\u00f3n (Col\u00f3n) 87 a 80 por le tercera fecha de la segunda fase del TNA. El bahiense Mariano Castets sum\u00f3 19 puntos (6\/7 2p, 7\/8 TL); en tanto, el puntaltense Dar\u00edo Mansilla aport\u00f3 8 unidades. Monte volver\u00e1 a jugar el 8 de enero cuando visite a Rocamora.\" \/>\n<meta property=\"og:url\" content=\"https:\/\/gentedebasquet.com.ar\/sitio\/2013\/12\/18\/monte-despidio-el-ano-ganando\/\" \/>\n<meta property=\"og:site_name\" content=\"Gente de B\u00e1squet\" \/>\n<meta property=\"article:published_time\" content=\"2013-12-18T01:20:35+00:00\" \/>\n<meta name=\"author\" content=\"Gente de B\u00e1squet\" \/>\n<meta name=\"twitter:card\" content=\"summary_large_image\" \/>\n<meta name=\"twitter:label1\" content=\"Escrito por\" \/>\n\t<meta name=\"twitter:data1\" content=\"Gente de B\u00e1squet\" \/>\n\t<meta name=\"twitter:label2\" content=\"Tiempo de lectura\" \/>\n\t<meta name=\"twitter:data2\" content=\"1 minuto\" \/>\n<script type=\"application\/ld+json\" class=\"yoast-schema-graph\">{\"@context\":\"https:\\\/\\\/schema.org\",\"@graph\":[{\"@type\":\"Article\",\"@id\":\"https:\\\/\\\/gentedebasquet.com.ar\\\/sitio\\\/2013\\\/12\\\/18\\\/monte-despidio-el-ano-ganando\\\/#article\",\"isPartOf\":{\"@id\":\"https:\\\/\\\/gentedebasquet.com.ar\\\/sitio\\\/2013\\\/12\\\/18\\\/monte-despidio-el-ano-ganando\\\/\"},\"author\":{\"name\":\"Gente de B\u00e1squet\",\"@id\":\"http:\\\/\\\/gentedebasquet.com.ar\\\/sitio\\\/#\\\/schema\\\/person\\\/ca0b63bbb977369988a7bbbdc519943a\"},\"headline\":\"Monte despidi\u00f3 el a\u00f1o ganando\",\"datePublished\":\"2013-12-18T01:20:35+00:00\",\"mainEntityOfPage\":{\"@id\":\"https:\\\/\\\/gentedebasquet.com.ar\\\/sitio\\\/2013\\\/12\\\/18\\\/monte-despidio-el-ano-ganando\\\/\"},\"wordCount\":150,\"commentCount\":0,\"articleSection\":[\"Bah\u00eda Basket\"],\"inLanguage\":\"es\",\"potentialAction\":[{\"@type\":\"CommentAction\",\"name\":\"Comment\",\"target\":[\"https:\\\/\\\/gentedebasquet.com.ar\\\/sitio\\\/2013\\\/12\\\/18\\\/monte-despidio-el-ano-ganando\\\/#respond\"]}]},{\"@type\":\"WebPage\",\"@id\":\"https:\\\/\\\/gentedebasquet.com.ar\\\/sitio\\\/2013\\\/12\\\/18\\\/monte-despidio-el-ano-ganando\\\/\",\"url\":\"https:\\\/\\\/gentedebasquet.com.ar\\\/sitio\\\/2013\\\/12\\\/18\\\/monte-despidio-el-ano-ganando\\\/\",\"name\":\"Monte despidi\u00f3 el a\u00f1o ganando - Gente de B\u00e1squet\",\"isPartOf\":{\"@id\":\"http:\\\/\\\/gentedebasquet.com.ar\\\/sitio\\\/#website\"},\"datePublished\":\"2013-12-18T01:20:35+00:00\",\"author\":{\"@id\":\"http:\\\/\\\/gentedebasquet.com.ar\\\/sitio\\\/#\\\/schema\\\/person\\\/ca0b63bbb977369988a7bbbdc519943a\"},\"breadcrumb\":{\"@id\":\"https:\\\/\\\/gentedebasquet.com.ar\\\/sitio\\\/2013\\\/12\\\/18\\\/monte-despidio-el-ano-ganando\\\/#breadcrumb\"},\"inLanguage\":\"es\",\"potentialAction\":[{\"@type\":\"ReadAction\",\"target\":[\"https:\\\/\\\/gentedebasquet.com.ar\\\/sitio\\\/2013\\\/12\\\/18\\\/monte-despidio-el-ano-ganando\\\/\"]}]},{\"@type\":\"BreadcrumbList\",\"@id\":\"https:\\\/\\\/gentedebasquet.com.ar\\\/sitio\\\/2013\\\/12\\\/18\\\/monte-despidio-el-ano-ganando\\\/#breadcrumb\",\"itemListElement\":[{\"@type\":\"ListItem\",\"position\":1,\"name\":\"Portada\",\"item\":\"http:\\\/\\\/gentedebasquet.com.ar\\\/sitio\\\/\"},{\"@type\":\"ListItem\",\"position\":2,\"name\":\"Monte despidi\u00f3 el a\u00f1o ganando\"}]},{\"@type\":\"WebSite\",\"@id\":\"http:\\\/\\\/gentedebasquet.com.ar\\\/sitio\\\/#website\",\"url\":\"http:\\\/\\\/gentedebasquet.com.ar\\\/sitio\\\/\",\"name\":\"Gente de B\u00e1squet\",\"description\":\"La revista del basquet de Bah\u00eda Blanca\",\"potentialAction\":[{\"@type\":\"SearchAction\",\"target\":{\"@type\":\"EntryPoint\",\"urlTemplate\":\"http:\\\/\\\/gentedebasquet.com.ar\\\/sitio\\\/?s={search_term_string}\"},\"query-input\":{\"@type\":\"PropertyValueSpecification\",\"valueRequired\":true,\"valueName\":\"search_term_string\"}}],\"inLanguage\":\"es\"},{\"@type\":\"Person\",\"@id\":\"http:\\\/\\\/gentedebasquet.com.ar\\\/sitio\\\/#\\\/schema\\\/person\\\/ca0b63bbb977369988a7bbbdc519943a\",\"name\":\"Gente de B\u00e1squet\",\"image\":{\"@type\":\"ImageObject\",\"inLanguage\":\"es\",\"@id\":\"https:\\\/\\\/secure.gravatar.com\\\/avatar\\\/7f2c48bdc33b30088f941fb6082e555f2874c98e20cb159d7b92b50eadfce793?s=96&d=mm&r=g\",\"url\":\"https:\\\/\\\/secure.gravatar.com\\\/avatar\\\/7f2c48bdc33b30088f941fb6082e555f2874c98e20cb159d7b92b50eadfce793?s=96&d=mm&r=g\",\"contentUrl\":\"https:\\\/\\\/secure.gravatar.com\\\/avatar\\\/7f2c48bdc33b30088f941fb6082e555f2874c98e20cb159d7b92b50eadfce793?s=96&d=mm&r=g\",\"caption\":\"Gente de B\u00e1squet\"},\"sameAs\":[\"http:\\\/\\\/gentedebasquet.com.ar\\\/sitio\"],\"url\":\"https:\\\/\\\/gentedebasquet.com.ar\\\/sitio\\\/author\\\/ulises\\\/\"}]}<\/script>\n<!-- \/ Yoast SEO plugin. -->","yoast_head_json":{"title":"Monte despidi\u00f3 el a\u00f1o ganando - Gente de B\u00e1squet","robots":{"index":"index","follow":"follow","max-snippet":"max-snippet:-1","max-image-preview":"max-image-preview:large","max-video-preview":"max-video-preview:-1"},"canonical":"https:\/\/gentedebasquet.com.ar\/sitio\/2013\/12\/18\/monte-despidio-el-ano-ganando\/","og_locale":"es_ES","og_type":"article","og_title":"Monte despidi\u00f3 el a\u00f1o ganando - Gente de B\u00e1squet","og_description":"Venci\u00f3 como local a La Uni\u00f3n (Col\u00f3n) 87 a 80 por le tercera fecha de la segunda fase del TNA. El bahiense Mariano Castets sum\u00f3 19 puntos (6\/7 2p, 7\/8 TL); en tanto, el puntaltense Dar\u00edo Mansilla aport\u00f3 8 unidades. Monte volver\u00e1 a jugar el 8 de enero cuando visite a Rocamora.","og_url":"https:\/\/gentedebasquet.com.ar\/sitio\/2013\/12\/18\/monte-despidio-el-ano-ganando\/","og_site_name":"Gente de B\u00e1squet","article_published_time":"2013-12-18T01:20:35+00:00","author":"Gente de B\u00e1squet","twitter_card":"summary_large_image","twitter_misc":{"Escrito por":"Gente de B\u00e1squet","Tiempo de lectura":"1 minuto"},"schema":{"@context":"https:\/\/schema.org","@graph":[{"@type":"Article","@id":"https:\/\/gentedebasquet.com.ar\/sitio\/2013\/12\/18\/monte-despidio-el-ano-ganando\/#article","isPartOf":{"@id":"https:\/\/gentedebasquet.com.ar\/sitio\/2013\/12\/18\/monte-despidio-el-ano-ganando\/"},"author":{"name":"Gente de B\u00e1squet","@id":"http:\/\/gentedebasquet.com.ar\/sitio\/#\/schema\/person\/ca0b63bbb977369988a7bbbdc519943a"},"headline":"Monte despidi\u00f3 el a\u00f1o ganando","datePublished":"2013-12-18T01:20:35+00:00","mainEntityOfPage":{"@id":"https:\/\/gentedebasquet.com.ar\/sitio\/2013\/12\/18\/monte-despidio-el-ano-ganando\/"},"wordCount":150,"commentCount":0,"articleSection":["Bah\u00eda Basket"],"inLanguage":"es","potentialAction":[{"@type":"CommentAction","name":"Comment","target":["https:\/\/gentedebasquet.com.ar\/sitio\/2013\/12\/18\/monte-despidio-el-ano-ganando\/#respond"]}]},{"@type":"WebPage","@id":"https:\/\/gentedebasquet.com.ar\/sitio\/2013\/12\/18\/monte-despidio-el-ano-ganando\/","url":"https:\/\/gentedebasquet.com.ar\/sitio\/2013\/12\/18\/monte-despidio-el-ano-ganando\/","name":"Monte despidi\u00f3 el a\u00f1o ganando - Gente de B\u00e1squet","isPartOf":{"@id":"http:\/\/gentedebasquet.com.ar\/sitio\/#website"},"datePublished":"2013-12-18T01:20:35+00:00","author":{"@id":"http:\/\/gentedebasquet.com.ar\/sitio\/#\/schema\/person\/ca0b63bbb977369988a7bbbdc519943a"},"breadcrumb":{"@id":"https:\/\/gentedebasquet.com.ar\/sitio\/2013\/12\/18\/monte-despidio-el-ano-ganando\/#breadcrumb"},"inLanguage":"es","potentialAction":[{"@type":"ReadAction","target":["https:\/\/gentedebasquet.com.ar\/sitio\/2013\/12\/18\/monte-despidio-el-ano-ganando\/"]}]},{"@type":"BreadcrumbList","@id":"https:\/\/gentedebasquet.com.ar\/sitio\/2013\/12\/18\/monte-despidio-el-ano-ganando\/#breadcrumb","itemListElement":[{"@type":"ListItem","position":1,"name":"Portada","item":"http:\/\/gentedebasquet.com.ar\/sitio\/"},{"@type":"ListItem","position":2,"name":"Monte despidi\u00f3 el a\u00f1o ganando"}]},{"@type":"WebSite","@id":"http:\/\/gentedebasquet.com.ar\/sitio\/#website","url":"http:\/\/gentedebasquet.com.ar\/sitio\/","name":"Gente de B\u00e1squet","description":"La revista del basquet de Bah\u00eda Blanca","potentialAction":[{"@type":"SearchAction","target":{"@type":"EntryPoint","urlTemplate":"http:\/\/gentedebasquet.com.ar\/sitio\/?s={search_term_string}"},"query-input":{"@type":"PropertyValueSpecification","valueRequired":true,"valueName":"search_term_string"}}],"inLanguage":"es"},{"@type":"Person","@id":"http:\/\/gentedebasquet.com.ar\/sitio\/#\/schema\/person\/ca0b63bbb977369988a7bbbdc519943a","name":"Gente de B\u00e1squet","image":{"@type":"ImageObject","inLanguage":"es","@id":"https:\/\/secure.gravatar.com\/avatar\/7f2c48bdc33b30088f941fb6082e555f2874c98e20cb159d7b92b50eadfce793?s=96&d=mm&r=g","url":"https:\/\/secure.gravatar.com\/avatar\/7f2c48bdc33b30088f941fb6082e555f2874c98e20cb159d7b92b50eadfce793?s=96&d=mm&r=g","contentUrl":"https:\/\/secure.gravatar.com\/avatar\/7f2c48bdc33b30088f941fb6082e555f2874c98e20cb159d7b92b50eadfce793?s=96&d=mm&r=g","caption":"Gente de B\u00e1squet"},"sameAs":["http:\/\/gentedebasquet.com.ar\/sitio"],"url":"https:\/\/gentedebasquet.com.ar\/sitio\/author\/ulises\/"}]}},"_links":{"self":[{"href":"https:\/\/gentedebasquet.com.ar\/sitio\/wp-json\/wp\/v2\/posts\/20671","targetHints":{"allow":["GET"]}}],"collection":[{"href":"https:\/\/gentedebasquet.com.ar\/sitio\/wp-json\/wp\/v2\/posts"}],"about":[{"href":"https:\/\/gentedebasquet.com.ar\/sitio\/wp-json\/wp\/v2\/types\/post"}],"author":[{"embeddable":true,"href":"https:\/\/gentedebasquet.com.ar\/sitio\/wp-json\/wp\/v2\/users\/1"}],"replies":[{"embeddable":true,"href":"https:\/\/gentedebasquet.com.ar\/sitio\/wp-json\/wp\/v2\/comments?post=20671"}],"version-history":[{"count":0,"href":"https:\/\/gentedebasquet.com.ar\/sitio\/wp-json\/wp\/v2\/posts\/20671\/revisions"}],"wp:attachment":[{"href":"https:\/\/gentedebasquet.com.ar\/sitio\/wp-json\/wp\/v2\/media?parent=20671"}],"wp:term":[{"taxonomy":"category","embeddable":true,"href":"https:\/\/gentedebasquet.com.ar\/sitio\/wp-json\/wp\/v2\/categories?post=20671"},{"taxonomy":"post_tag","embeddable":true,"href":"https:\/\/gentedebasquet.com.ar\/sitio\/wp-json\/wp\/v2\/tags?post=20671"}],"curies":[{"name":"wp","href":"https:\/\/api.w.org\/{rel}","templated":true}]}}