{"id":20696,"date":"2013-12-19T03:55:51","date_gmt":"2013-12-19T03:55:51","guid":{"rendered":"http:\/\/www.gentedebasquet.com.ar\/?p=20696"},"modified":"2013-12-19T03:55:51","modified_gmt":"2013-12-19T03:55:51","slug":"noche-magica-ciudad-de-villa-mitre","status":"publish","type":"post","link":"https:\/\/gentedebasquet.com.ar\/sitio\/2013\/12\/19\/noche-magica-ciudad-de-villa-mitre\/","title":{"rendered":"Noche m\u00e1gica ciudad de Villa Mitre"},"content":{"rendered":"<p><strong>El tricolor se consagr\u00f3 campe\u00f3n al vencer en el 5\u00ba juego de las finales a Liniers 90 a 74. As\u00ed, logr\u00f3 su 6\u00ba t\u00edtulo (85, 88, 08, 09, 12 y 13) alcanzando a Pac\u00edfico en el quinto puesto hist\u00f3rico. Pineda (21), Berdini (17) y Renzi (15), los pilares. Mart\u00edn Allende se retir\u00f3 del b\u00e1squet con 13 unidades. El Chivo estuvo 25 tantos abajo (65-40) y descont\u00f3 a 5 (78-73), pero se qued\u00f3 sin Torre-Badano por faltas. A 1m18 del cierre los jueces terminaron el partido porque hinchas locales comenzaron a sacarle la ropa a sus jugadores.<\/strong><\/p>\n<p>Daniel Frola tard\u00f3 2m20 en pedir su primer tiempo muerto. Si bien pareci\u00f3 exagerado, ya que su equipo estaba abajo solo 6-5, algo no funcionaba bien en Liniers\u2026 e iba a quedar claro a continuaci\u00f3n. Villa Mitre fue una m\u00e1quina, afirm\u00f3 el orgullo que hab\u00eda quedado tambaleando en el cuarto partido de la serie y comand\u00f3 la noche de principio a fin, pese a que sufri\u00f3 de m\u00e1s en el ep\u00edlogo.<\/p>\n<p>Basando sus ofensivas en el juego interior, primero con Banegas (9 puntos en el 1C) y luego en Pineda (15 en el PT), el tricolor escap\u00f3 en el inicio hasta lograr una ventaja insospechada de 13 puntos (25-12) a 1m41 del cierre del 1C. El Chivo llevaba 1\/6 en triples y solo hab\u00eda tomado 4 recobres a esa altura. Pero las diferencias se profundizaron promediando el 2C, cuando Liniers estuvo 3m30 sin anotar. All\u00ed, los de Ugolini aprovecharon, con el buen ingreso de Allende, para escapar 48-28.<\/p>\n<p>Aunque no hab\u00eda techo. Una jugada de doble y falta de Allende y dos triples (Berdini y Pineda) estiraron la luz a 25 puntos (65-40) a 14m51 del cierre. A partir de ah\u00ed comenz\u00f3 la reacci\u00f3n de Liniers con aciertos desde 6.75 metros de Badano, aunque nunca terminaba de entrar en partido. Hasta que una jugada de triple a la antigua de Franco Marinsalta, sumada a falta t\u00e9cnica de Bollo (quinta) arm\u00f3 el partido. Quedaban 30s del 3C y Villa Mitre ganaba 71-59.<\/p>\n<p>M\u00e1s a\u00fan, el 4C se abri\u00f3 con dos bombas de Badano y una penetraci\u00f3n solitaria de Pizzo que obligaron a Ugolini a detener el juego. Pero el mal pasaje continu\u00f3 y con bandeja de Bellozas y canasta de Torre, el chivo se puso a 5 puntos (78-73) con 5m42 por delante. Si, ley\u00f3 bien. Liniers llevaba 73 puntos con m\u00e1s de medio cuarto por jugar y termin\u00f3 con 74. \u00bfQu\u00e9 sucedi\u00f3? Apareci\u00f3 Nicol\u00e1s Renzi en todo su esplendor, Berdini complet\u00f3 una tremenda noche del tricolor en la l\u00ednea (41\/50), Pizzo y Starc (no anot\u00f3 en el ST) fueron intermitentes y con las salidas por faltas de Torre, Badano, Ramos y Bellozas al visitante no le qued\u00f3 m\u00e1s que entregar la toalla.<\/p>\n<p>Restaba por jugarse 1m18 cuando a varios hinchas de Villa Mitre se les acab\u00f3 la paciencia y ante la atenta mirada de la polic\u00eda comenzaron a sacarle la ropa a los jugadores que estaban en el banco de suplentes. La tripleta arbitral, de buen desempe\u00f1o, atin\u00f3 a continuar el juego normalmente, pero las condiciones no estaban dadas por lo que Javier S\u00e1nchez decret\u00f3 el final y desat\u00f3 la locura tricolor, al alcanzar su sexto t\u00edtulo en la historia, el cuarto en los \u00faltimos seis a\u00f1os y el segundo consecutivo.<\/p>\n<p><strong><em><span style=\"text-decoration: underline;\">S\u00edntesis:<\/span><\/em><\/strong><\/p>\n<p><strong>Villa Mitre 90 (3): <\/strong><\/p>\n<p>Iniciales: Marcelo Berdini (17), Juan Ignacio G\u00f3mez (5), Nicol\u00e1s Renzi (15), David Pineda (21) y H\u00e9rman Banegas (14).<\/p>\n<p>Ingresaron: Mart\u00edn Allende (13), Javier Bollo (4), Alan Serra (1) y Alen R\u00edos (0).<\/p>\n<p>DT: Ariel Ugolini.<\/p>\n<p><strong>Liniers 74 (2):<\/strong><\/p>\n<p>Iniciales: Santiago Torre (16), Gonzalo Badano (19), Mariano Pizzo (15), Fabricio Starc (7) y Nicol\u00e1s Quiroga (5).<\/p>\n<p>Ingresaron: Ariel Ramos (5), Ger\u00f3nimo Fern\u00e1ndez Ch\u00e1vez (0), Franco Marinsalta (5), Juan Ignacio Bellozas (2) y Carlos Lauler (0).<\/p>\n<p>DT: Daniel Frola.<\/p>\n<p><strong>Cuartos: <\/strong>Villa Mitre 27-14, 51-34 (24-20), 73-59 (22-25) y 90-74 (17-15).<\/p>\n<p><strong>Cinco faltas: <\/strong>Ramos (L), Bollo (VM), Bellozas (L), Badano (L), Banegas (VM), Torre (L) y G\u00f3mez (VM).<\/p>\n<p><strong>\u00c1rbitros: <\/strong>Jorge Scheffer, Miguel Firpo y Javier S\u00e1nchez.<\/p>\n<p><strong>Serie:<\/strong> Villa Mitre 3-2.<\/p>\n<p><a class=\"modalf iframe\" title=\"Planilla\" href=\"https:\/\/docs.google.com\/spreadsheet\/pub?key=0AhWH6MgjN9X5dHRaOG0wNjNScVFxN3R6TnNkR3YxUlE&amp;single=true&amp;gid=0&amp;output=html\">Ver Planilla<\/a><\/p>\n<p><strong>Juego #1:<\/strong> Villa Mitre 74-68 Liniers<\/p>\n<p><strong>Juego #2:<\/strong> Liniers 70-64 Villa Mitre<\/p>\n<p><strong>Juego #3:<\/strong> Villa Mitre 81-76 Liniers<\/p>\n<p><strong>Juego #4:<\/strong> Liniers 68-61 Villa Mitre<\/p>\n<p><strong>Juego #5:<\/strong> Villa Mitre 90-74 Liniers<\/p>\n<p>&nbsp;<\/p>\n<p>Tabla de campeones, a continuaci\u00f3n:<\/p>\n<p><a class=\"modalf iframe\" title=\"Planilla\" href=\"https:\/\/docs.google.com\/spreadsheet\/pub?key=0AhWH6MgjN9X5dERnSkZHMFFaQ3NPTEt3Wlc4dkgzTVE&amp;single=true&amp;gid=0&amp;output=html\">Ver Planilla<\/a><\/p>\n<p><strong>Fotos:<\/strong> Romina Sald\u00edas, Mart\u00edn G\u00e1lvez\u00a0y Ra\u00fal Cariac para <strong>Gente de B\u00e1squet<\/strong>.<\/p>\n","protected":false},"excerpt":{"rendered":"<p>El tricolor se consagr\u00f3 campe\u00f3n al vencer en el 5\u00ba juego de las finales a Liniers 90 a 74. As\u00ed, logr\u00f3 su 6\u00ba t\u00edtulo (85, 88, 08, 09, 12 y 13) alcanzando a Pac\u00edfico en el quinto puesto hist\u00f3rico. Pineda (21), Berdini (17) y Renzi (15), los pilares. Mart\u00edn Allende se retir\u00f3 del b\u00e1squet con [&hellip;]<\/p>\n","protected":false},"author":1,"featured_media":0,"comment_status":"open","ping_status":"open","sticky":false,"template":"","format":"standard","meta":{"jnews-multi-image_gallery":[],"jnews_single_post":[],"jnews_primary_category":[],"footnotes":""},"categories":[23],"tags":[14,22],"class_list":["post-20696","post","type-post","status-publish","format-standard","hentry","category-primera","tag-liniers","tag-villa-mitre"],"yoast_head":"<!-- This site is optimized with the Yoast SEO plugin v27.5 - https:\/\/yoast.com\/product\/yoast-seo-wordpress\/ -->\n<title>Noche m\u00e1gica ciudad de Villa Mitre - Gente de B\u00e1squet<\/title>\n<meta name=\"robots\" content=\"index, follow, max-snippet:-1, max-image-preview:large, max-video-preview:-1\" \/>\n<link rel=\"canonical\" href=\"https:\/\/gentedebasquet.com.ar\/sitio\/2013\/12\/19\/noche-magica-ciudad-de-villa-mitre\/\" \/>\n<meta property=\"og:locale\" content=\"es_ES\" \/>\n<meta property=\"og:type\" content=\"article\" \/>\n<meta property=\"og:title\" content=\"Noche m\u00e1gica ciudad de Villa Mitre - Gente de B\u00e1squet\" \/>\n<meta property=\"og:description\" content=\"El tricolor se consagr\u00f3 campe\u00f3n al vencer en el 5\u00ba juego de las finales a Liniers 90 a 74. As\u00ed, logr\u00f3 su 6\u00ba t\u00edtulo (85, 88, 08, 09, 12 y 13) alcanzando a Pac\u00edfico en el quinto puesto hist\u00f3rico. Pineda (21), Berdini (17) y Renzi (15), los pilares. Mart\u00edn Allende se retir\u00f3 del b\u00e1squet con [&hellip;]\" \/>\n<meta property=\"og:url\" content=\"https:\/\/gentedebasquet.com.ar\/sitio\/2013\/12\/19\/noche-magica-ciudad-de-villa-mitre\/\" \/>\n<meta property=\"og:site_name\" content=\"Gente de B\u00e1squet\" \/>\n<meta property=\"article:published_time\" content=\"2013-12-19T03:55:51+00:00\" \/>\n<meta name=\"author\" content=\"Gente de B\u00e1squet\" \/>\n<meta name=\"twitter:card\" content=\"summary_large_image\" \/>\n<meta name=\"twitter:label1\" content=\"Escrito por\" \/>\n\t<meta name=\"twitter:data1\" content=\"Gente de B\u00e1squet\" \/>\n\t<meta name=\"twitter:label2\" content=\"Tiempo de lectura\" \/>\n\t<meta name=\"twitter:data2\" content=\"4 minutos\" \/>\n<script type=\"application\/ld+json\" class=\"yoast-schema-graph\">{\"@context\":\"https:\\\/\\\/schema.org\",\"@graph\":[{\"@type\":\"Article\",\"@id\":\"https:\\\/\\\/gentedebasquet.com.ar\\\/sitio\\\/2013\\\/12\\\/19\\\/noche-magica-ciudad-de-villa-mitre\\\/#article\",\"isPartOf\":{\"@id\":\"https:\\\/\\\/gentedebasquet.com.ar\\\/sitio\\\/2013\\\/12\\\/19\\\/noche-magica-ciudad-de-villa-mitre\\\/\"},\"author\":{\"name\":\"Gente de B\u00e1squet\",\"@id\":\"http:\\\/\\\/gentedebasquet.com.ar\\\/sitio\\\/#\\\/schema\\\/person\\\/ca0b63bbb977369988a7bbbdc519943a\"},\"headline\":\"Noche m\u00e1gica ciudad de Villa Mitre\",\"datePublished\":\"2013-12-19T03:55:51+00:00\",\"mainEntityOfPage\":{\"@id\":\"https:\\\/\\\/gentedebasquet.com.ar\\\/sitio\\\/2013\\\/12\\\/19\\\/noche-magica-ciudad-de-villa-mitre\\\/\"},\"wordCount\":718,\"commentCount\":0,\"keywords\":[\"Liniers\",\"Villa Mitre\"],\"articleSection\":[\"Primera\"],\"inLanguage\":\"es\",\"potentialAction\":[{\"@type\":\"CommentAction\",\"name\":\"Comment\",\"target\":[\"https:\\\/\\\/gentedebasquet.com.ar\\\/sitio\\\/2013\\\/12\\\/19\\\/noche-magica-ciudad-de-villa-mitre\\\/#respond\"]}]},{\"@type\":\"WebPage\",\"@id\":\"https:\\\/\\\/gentedebasquet.com.ar\\\/sitio\\\/2013\\\/12\\\/19\\\/noche-magica-ciudad-de-villa-mitre\\\/\",\"url\":\"https:\\\/\\\/gentedebasquet.com.ar\\\/sitio\\\/2013\\\/12\\\/19\\\/noche-magica-ciudad-de-villa-mitre\\\/\",\"name\":\"Noche m\u00e1gica ciudad de Villa Mitre - Gente de B\u00e1squet\",\"isPartOf\":{\"@id\":\"http:\\\/\\\/gentedebasquet.com.ar\\\/sitio\\\/#website\"},\"datePublished\":\"2013-12-19T03:55:51+00:00\",\"author\":{\"@id\":\"http:\\\/\\\/gentedebasquet.com.ar\\\/sitio\\\/#\\\/schema\\\/person\\\/ca0b63bbb977369988a7bbbdc519943a\"},\"breadcrumb\":{\"@id\":\"https:\\\/\\\/gentedebasquet.com.ar\\\/sitio\\\/2013\\\/12\\\/19\\\/noche-magica-ciudad-de-villa-mitre\\\/#breadcrumb\"},\"inLanguage\":\"es\",\"potentialAction\":[{\"@type\":\"ReadAction\",\"target\":[\"https:\\\/\\\/gentedebasquet.com.ar\\\/sitio\\\/2013\\\/12\\\/19\\\/noche-magica-ciudad-de-villa-mitre\\\/\"]}]},{\"@type\":\"BreadcrumbList\",\"@id\":\"https:\\\/\\\/gentedebasquet.com.ar\\\/sitio\\\/2013\\\/12\\\/19\\\/noche-magica-ciudad-de-villa-mitre\\\/#breadcrumb\",\"itemListElement\":[{\"@type\":\"ListItem\",\"position\":1,\"name\":\"Portada\",\"item\":\"http:\\\/\\\/gentedebasquet.com.ar\\\/sitio\\\/\"},{\"@type\":\"ListItem\",\"position\":2,\"name\":\"Noche m\u00e1gica ciudad de Villa Mitre\"}]},{\"@type\":\"WebSite\",\"@id\":\"http:\\\/\\\/gentedebasquet.com.ar\\\/sitio\\\/#website\",\"url\":\"http:\\\/\\\/gentedebasquet.com.ar\\\/sitio\\\/\",\"name\":\"Gente de B\u00e1squet\",\"description\":\"La revista del basquet de Bah\u00eda Blanca\",\"potentialAction\":[{\"@type\":\"SearchAction\",\"target\":{\"@type\":\"EntryPoint\",\"urlTemplate\":\"http:\\\/\\\/gentedebasquet.com.ar\\\/sitio\\\/?s={search_term_string}\"},\"query-input\":{\"@type\":\"PropertyValueSpecification\",\"valueRequired\":true,\"valueName\":\"search_term_string\"}}],\"inLanguage\":\"es\"},{\"@type\":\"Person\",\"@id\":\"http:\\\/\\\/gentedebasquet.com.ar\\\/sitio\\\/#\\\/schema\\\/person\\\/ca0b63bbb977369988a7bbbdc519943a\",\"name\":\"Gente de B\u00e1squet\",\"image\":{\"@type\":\"ImageObject\",\"inLanguage\":\"es\",\"@id\":\"https:\\\/\\\/secure.gravatar.com\\\/avatar\\\/7f2c48bdc33b30088f941fb6082e555f2874c98e20cb159d7b92b50eadfce793?s=96&d=mm&r=g\",\"url\":\"https:\\\/\\\/secure.gravatar.com\\\/avatar\\\/7f2c48bdc33b30088f941fb6082e555f2874c98e20cb159d7b92b50eadfce793?s=96&d=mm&r=g\",\"contentUrl\":\"https:\\\/\\\/secure.gravatar.com\\\/avatar\\\/7f2c48bdc33b30088f941fb6082e555f2874c98e20cb159d7b92b50eadfce793?s=96&d=mm&r=g\",\"caption\":\"Gente de B\u00e1squet\"},\"sameAs\":[\"http:\\\/\\\/gentedebasquet.com.ar\\\/sitio\"],\"url\":\"https:\\\/\\\/gentedebasquet.com.ar\\\/sitio\\\/author\\\/ulises\\\/\"}]}<\/script>\n<!-- \/ Yoast SEO plugin. -->","yoast_head_json":{"title":"Noche m\u00e1gica ciudad de Villa Mitre - Gente de B\u00e1squet","robots":{"index":"index","follow":"follow","max-snippet":"max-snippet:-1","max-image-preview":"max-image-preview:large","max-video-preview":"max-video-preview:-1"},"canonical":"https:\/\/gentedebasquet.com.ar\/sitio\/2013\/12\/19\/noche-magica-ciudad-de-villa-mitre\/","og_locale":"es_ES","og_type":"article","og_title":"Noche m\u00e1gica ciudad de Villa Mitre - Gente de B\u00e1squet","og_description":"El tricolor se consagr\u00f3 campe\u00f3n al vencer en el 5\u00ba juego de las finales a Liniers 90 a 74. As\u00ed, logr\u00f3 su 6\u00ba t\u00edtulo (85, 88, 08, 09, 12 y 13) alcanzando a Pac\u00edfico en el quinto puesto hist\u00f3rico. Pineda (21), Berdini (17) y Renzi (15), los pilares. Mart\u00edn Allende se retir\u00f3 del b\u00e1squet con [&hellip;]","og_url":"https:\/\/gentedebasquet.com.ar\/sitio\/2013\/12\/19\/noche-magica-ciudad-de-villa-mitre\/","og_site_name":"Gente de B\u00e1squet","article_published_time":"2013-12-19T03:55:51+00:00","author":"Gente de B\u00e1squet","twitter_card":"summary_large_image","twitter_misc":{"Escrito por":"Gente de B\u00e1squet","Tiempo de lectura":"4 minutos"},"schema":{"@context":"https:\/\/schema.org","@graph":[{"@type":"Article","@id":"https:\/\/gentedebasquet.com.ar\/sitio\/2013\/12\/19\/noche-magica-ciudad-de-villa-mitre\/#article","isPartOf":{"@id":"https:\/\/gentedebasquet.com.ar\/sitio\/2013\/12\/19\/noche-magica-ciudad-de-villa-mitre\/"},"author":{"name":"Gente de B\u00e1squet","@id":"http:\/\/gentedebasquet.com.ar\/sitio\/#\/schema\/person\/ca0b63bbb977369988a7bbbdc519943a"},"headline":"Noche m\u00e1gica ciudad de Villa Mitre","datePublished":"2013-12-19T03:55:51+00:00","mainEntityOfPage":{"@id":"https:\/\/gentedebasquet.com.ar\/sitio\/2013\/12\/19\/noche-magica-ciudad-de-villa-mitre\/"},"wordCount":718,"commentCount":0,"keywords":["Liniers","Villa Mitre"],"articleSection":["Primera"],"inLanguage":"es","potentialAction":[{"@type":"CommentAction","name":"Comment","target":["https:\/\/gentedebasquet.com.ar\/sitio\/2013\/12\/19\/noche-magica-ciudad-de-villa-mitre\/#respond"]}]},{"@type":"WebPage","@id":"https:\/\/gentedebasquet.com.ar\/sitio\/2013\/12\/19\/noche-magica-ciudad-de-villa-mitre\/","url":"https:\/\/gentedebasquet.com.ar\/sitio\/2013\/12\/19\/noche-magica-ciudad-de-villa-mitre\/","name":"Noche m\u00e1gica ciudad de Villa Mitre - Gente de B\u00e1squet","isPartOf":{"@id":"http:\/\/gentedebasquet.com.ar\/sitio\/#website"},"datePublished":"2013-12-19T03:55:51+00:00","author":{"@id":"http:\/\/gentedebasquet.com.ar\/sitio\/#\/schema\/person\/ca0b63bbb977369988a7bbbdc519943a"},"breadcrumb":{"@id":"https:\/\/gentedebasquet.com.ar\/sitio\/2013\/12\/19\/noche-magica-ciudad-de-villa-mitre\/#breadcrumb"},"inLanguage":"es","potentialAction":[{"@type":"ReadAction","target":["https:\/\/gentedebasquet.com.ar\/sitio\/2013\/12\/19\/noche-magica-ciudad-de-villa-mitre\/"]}]},{"@type":"BreadcrumbList","@id":"https:\/\/gentedebasquet.com.ar\/sitio\/2013\/12\/19\/noche-magica-ciudad-de-villa-mitre\/#breadcrumb","itemListElement":[{"@type":"ListItem","position":1,"name":"Portada","item":"http:\/\/gentedebasquet.com.ar\/sitio\/"},{"@type":"ListItem","position":2,"name":"Noche m\u00e1gica ciudad de Villa Mitre"}]},{"@type":"WebSite","@id":"http:\/\/gentedebasquet.com.ar\/sitio\/#website","url":"http:\/\/gentedebasquet.com.ar\/sitio\/","name":"Gente de B\u00e1squet","description":"La revista del basquet de Bah\u00eda Blanca","potentialAction":[{"@type":"SearchAction","target":{"@type":"EntryPoint","urlTemplate":"http:\/\/gentedebasquet.com.ar\/sitio\/?s={search_term_string}"},"query-input":{"@type":"PropertyValueSpecification","valueRequired":true,"valueName":"search_term_string"}}],"inLanguage":"es"},{"@type":"Person","@id":"http:\/\/gentedebasquet.com.ar\/sitio\/#\/schema\/person\/ca0b63bbb977369988a7bbbdc519943a","name":"Gente de B\u00e1squet","image":{"@type":"ImageObject","inLanguage":"es","@id":"https:\/\/secure.gravatar.com\/avatar\/7f2c48bdc33b30088f941fb6082e555f2874c98e20cb159d7b92b50eadfce793?s=96&d=mm&r=g","url":"https:\/\/secure.gravatar.com\/avatar\/7f2c48bdc33b30088f941fb6082e555f2874c98e20cb159d7b92b50eadfce793?s=96&d=mm&r=g","contentUrl":"https:\/\/secure.gravatar.com\/avatar\/7f2c48bdc33b30088f941fb6082e555f2874c98e20cb159d7b92b50eadfce793?s=96&d=mm&r=g","caption":"Gente de B\u00e1squet"},"sameAs":["http:\/\/gentedebasquet.com.ar\/sitio"],"url":"https:\/\/gentedebasquet.com.ar\/sitio\/author\/ulises\/"}]}},"_links":{"self":[{"href":"https:\/\/gentedebasquet.com.ar\/sitio\/wp-json\/wp\/v2\/posts\/20696","targetHints":{"allow":["GET"]}}],"collection":[{"href":"https:\/\/gentedebasquet.com.ar\/sitio\/wp-json\/wp\/v2\/posts"}],"about":[{"href":"https:\/\/gentedebasquet.com.ar\/sitio\/wp-json\/wp\/v2\/types\/post"}],"author":[{"embeddable":true,"href":"https:\/\/gentedebasquet.com.ar\/sitio\/wp-json\/wp\/v2\/users\/1"}],"replies":[{"embeddable":true,"href":"https:\/\/gentedebasquet.com.ar\/sitio\/wp-json\/wp\/v2\/comments?post=20696"}],"version-history":[{"count":0,"href":"https:\/\/gentedebasquet.com.ar\/sitio\/wp-json\/wp\/v2\/posts\/20696\/revisions"}],"wp:attachment":[{"href":"https:\/\/gentedebasquet.com.ar\/sitio\/wp-json\/wp\/v2\/media?parent=20696"}],"wp:term":[{"taxonomy":"category","embeddable":true,"href":"https:\/\/gentedebasquet.com.ar\/sitio\/wp-json\/wp\/v2\/categories?post=20696"},{"taxonomy":"post_tag","embeddable":true,"href":"https:\/\/gentedebasquet.com.ar\/sitio\/wp-json\/wp\/v2\/tags?post=20696"}],"curies":[{"name":"wp","href":"https:\/\/api.w.org\/{rel}","templated":true}]}}