{"id":20795,"date":"2013-12-21T03:40:55","date_gmt":"2013-12-21T03:40:55","guid":{"rendered":"http:\/\/www.gentedebasquet.com.ar\/?p=20795"},"modified":"2013-12-21T03:40:55","modified_gmt":"2013-12-21T03:40:55","slug":"a-un-chiky-de-ascender","status":"publish","type":"post","link":"https:\/\/gentedebasquet.com.ar\/sitio\/2013\/12\/21\/a-un-chiky-de-ascender\/","title":{"rendered":"A un \u201cChiky\u201d de  ascender"},"content":{"rendered":"<p class=\"MsoNormal\"><strong><em><a href=\"http:\/\/www.gentedebasquet.com.ar\/wp-content\/uploads\/2013\/12\/sanchez-vs-alem.jpg\"><img decoding=\"async\" class=\"alignnone size-full wp-image-20796\" src=\"http:\/\/www.gentedebasquet.com.ar\/wp-content\/uploads\/2013\/12\/sanchez-vs-alem.jpg\" alt=\"\" width=\"448\" height=\"336\" \/><\/a>Olimpo venci\u00f3 como visitante a Alem 97-82 y qued\u00f3 a un triunfo de subir a Primera. Romerniszyn intent\u00f3 contener a Germ\u00e1n Ressia con una defensa combinada, pero el menor de los hermanos se las rebusc\u00f3 para hacer 27 puntos (17-17 tl), bajar 10 rebotes para otra alta valoraci\u00f3n; adem\u00e1s hizo jugar a Agust\u00edn \u201cChiky\u201d S\u00e1nchez, qui\u00e9n se despach\u00f3 con 25 unidades (12-17 t2). En el local hubo 20 de Tachetti y 18 cada uno para Etchepare y Miguel. Si el domingo gana, Olimpo juega el 2014 en Primera.<!--more--><\/em><\/strong><\/p>\n<p class=\"MsoNormal\">Germ\u00e1n Ressia ven\u00eda de anotar 36 puntos en el juego 1 de esta serie y de tener una valoraci\u00f3n alt\u00edsima, entonces el entrenador rival le mand\u00f3 a defender zona \u201ccaj\u00f3n\u201d con Foulkes persigui\u00e9ndolo a todos lados. El base aurinegro pr\u00e1cticamente no ejecut\u00f3 al cesto (0-1 t2) en todo el primer tiempo, por ello en el primer cuarto, seg\u00fan Daniel Allende, Olimpo \u201cabollaba el aro\u201d (2-8 tc), hasta que entre S\u00e1nchez (4) y Federico Gonz\u00e1lez (6) en la pintura y algo de Gast\u00f3n Ressia (4), encaminaron a la visita. A pesar de todo esto, Alem se llev\u00f3 el cuarto 19-16 porque se juntaron Miguel (4) y Tachetti (9) qui\u00e9n estuvo imparable en la llave (2-3 t2) y hasta meti\u00f3 un triple para que su equipo lidere el electr\u00f3nico.<\/p>\n<p class=\"MsoNormal\">Augusto Priore hab\u00eda ingresado a 36 segundos del cierre de 1c, por Germ\u00e1n y el \u201ccaj\u00f3n\u201d de Foulkes pas\u00f3 a Gast\u00f3n. Entonces all\u00ed creci\u00f3 la figura de Priore, qui\u00e9n anot\u00f3 7 de los primeros 9 puntos de Olimpo en el segundo cuarto, mientras en el otro costado, Tachetti (6) continuaba con su faena y Mauricio Gonz\u00e1lez se cargaba de faltas. Luego se dio una paridad, palo y palo no se sacaban distancia, hasta que Olimpo tom\u00f3 seis de luz tras un triple de Victoria (6) y los puntos 3 y 4 de Germ\u00e1n (todos desde la l\u00ednea de libres), pero el \u201caurinegro\u201d se sec\u00f3 los \u00faltimos 1m 55s y Alem cerr\u00f3 el parcial 9-0, mejorando porcentaje de libres (9-14) y decorando con dos triples (uno de Etchepare con 5 puntos y otro de Leguizam\u00f3n con 6) se iba al frente 42-39 a vestuarios.<\/p>\n<p class=\"MsoNormal\">Los dirigidos por Daniel Allende necesitaban una f\u00f3rmula para destrabar el juego, sin depender tanto de los hermanos Ressia, bien contenidos por la defensa de Alem y fue en la zona pintada donde encontraron un protagonista de lujo. \u201cChiky\u201d meti\u00f3 los primeros 6 puntos de Olimpo, todos similares, asistido por los perimetrales. Aunque el local respondi\u00f3 con dos bombas; una desde la esquina de Miguel y otra de 9 metros de Etchepare para el 48-47 a 6:55. Luego entre Victoria (4) y, ahora si, la aparici\u00f3n en ataque de Germ\u00e1n con 9 (4-4 tl, 3-4 tc) se alej\u00f3 justamente a esa diferencia (60-51) cuando restaban 2:49, pero enseguida descont\u00f3 de 6,75 Miguel (9), sumado a una volcada de Tachetti para reducir a dos, pero Grill le dio el 64-60 con el que Olimpo lider\u00f3 el marcador a falta de diez minutos.<\/p>\n<p class=\"MsoNormal\">En el amanecer del cuarto final, Germ\u00e1n con una penetraci\u00f3n de doble y falta mas bonificaci\u00f3n, presagiaba lo que se ven\u00eda, aunque Tachetti desde el eje descont\u00f3 con un bombazo, y despu\u00e9s Chiky de la misma manera que el menor de los Ressia, anotaba, le sacaba la cuarta falta a Tachetti. Tras una jugada similar a las anteriores, redujo \u201cLegui\u201d pero S\u00e1nchez no par\u00f3 bien buscado por sus compa\u00f1eros para meter 8 de los pr\u00f3ximos 10 puntos de su equipo que sac\u00f3 distancia de 14 para, pr\u00e1cticamente liquidar. Entre Etchepare (8) y Leguizam\u00f3n (6) a puro triple intentaron la heroica, pero Agust\u00edn \u201cChiky\u201d S\u00e1nchez estuvo intratable con 15 de sus 25 puntos (7-10 t2 4c), sumado a Germ\u00e1n (14, 9-9 tl y 2-3 tc) para que Olimpo derrote a Alem 97-82 y est\u00e9 a un \u201cChiky\u201d de conseguir el ascenso a Primera. \u201cEl domingo cueste lo que cueste\u201d cant\u00f3 la hinchada.<\/p>\n<p class=\"MsoNormal\"><span style=\"color: #ffcc99;\">.<\/span><\/p>\n<p class=\"MsoNormal\"><em><strong><span style=\"text-decoration: underline;\">S\u00edntesis:<\/span><\/strong><\/em><\/p>\n<p><strong>Alem 82:<\/strong><\/p>\n<p>Iniciales: L. Mussini (0); G. Etchepare (18); D. Foulkes (6); M. Miguel (18); J. Luna Chima (4).<\/p>\n<p>Ingresaron: N. Leguizam\u00f3n (14); S. Tacchetti (20), E. Calzetti (2) y W. Gigena (0).<\/p>\n<p>DT: Walter Romerniszyn.<\/p>\n<p class=\"MsoNormal\"><strong>Olimpo 97: <\/strong><\/p>\n<p class=\"MsoNormal\">Iniciales: Germ\u00e1n Ressia (27), Gast\u00f3n Ressia (7), C. Victoria (16), Federico Gonz\u00e1lez (6) y A. S\u00e1nchez (25).<\/p>\n<p class=\"MsoNormal\">Ingresaron:<strong> <\/strong>A. Priore (7), A. Grill (6), L. Lucchetti (0), Mauricio Gonz\u00e1lez (0), P. Racciatti (1), F. Arens (2).<\/p>\n<p class=\"MsoNormal\">DT:<strong> <\/strong>Daniel Allende.<\/p>\n<p class=\"MsoNormal\"><span style=\"color: #ffcc99;\"><strong>\u00a0.<\/strong><\/span><\/p>\n<p class=\"MsoNormal\"><strong>Cuartos: <\/strong>Olimpo 16-19, 23-23 (39-42); 25-18 (64-60) y 33\u201322 (97-82).<\/p>\n<p class=\"MsoNormal\"><strong>Cinco faltas: <\/strong>Tachetti y Miguel (A).<\/p>\n<p class=\"MsoNormal\"><strong>Serie:<\/strong> Olimpo 2-0.<\/p>\n<p class=\"MsoNormal\"><strong>\u00c1rbitros: <\/strong>Jorge Scheffer, Eduardo Ferreyra, Sebasti\u00e1n Arcas.<\/p>\n<p class=\"MsoNormal\"><strong>Estadio: <\/strong>\u201cDaniel Lacunza\u201d (Alem).<\/p>\n<p><a class=\"modalf iframe\" title=\"Planilla\" href=\"https:\/\/docs.google.com\/spreadsheet\/pub?key=0AhWH6MgjN9X5dHNrUkFRRk80OGRvLUEySHRpcTlTb1E&amp;single=true&amp;gid=0&amp;output=html\">Ver Planilla<\/a><\/p>\n","protected":false},"excerpt":{"rendered":"<p>Olimpo venci\u00f3 como visitante a Alem 97-82 y qued\u00f3 a un triunfo de subir a Primera. Romerniszyn intent\u00f3 contener a Germ\u00e1n Ressia con una defensa combinada, pero el menor de los hermanos se las rebusc\u00f3 para hacer 27 puntos (17-17 tl), bajar 10 rebotes para otra alta valoraci\u00f3n; adem\u00e1s hizo jugar a Agust\u00edn \u201cChiky\u201d S\u00e1nchez, [&hellip;]<\/p>\n","protected":false},"author":18,"featured_media":0,"comment_status":"open","ping_status":"open","sticky":false,"template":"","format":"standard","meta":{"jnews-multi-image_gallery":[],"jnews_single_post":[],"jnews_primary_category":[],"footnotes":""},"categories":[25],"tags":[3,16],"class_list":["post-20795","post","type-post","status-publish","format-standard","hentry","category-segunda","tag-alem","tag-olimpo"],"yoast_head":"<!-- This site is optimized with the Yoast SEO plugin v27.5 - https:\/\/yoast.com\/product\/yoast-seo-wordpress\/ -->\n<title>A un \u201cChiky\u201d de ascender - Gente de B\u00e1squet<\/title>\n<meta name=\"robots\" content=\"index, follow, max-snippet:-1, max-image-preview:large, max-video-preview:-1\" \/>\n<link rel=\"canonical\" href=\"https:\/\/gentedebasquet.com.ar\/sitio\/2013\/12\/21\/a-un-chiky-de-ascender\/\" \/>\n<meta property=\"og:locale\" content=\"es_ES\" \/>\n<meta property=\"og:type\" content=\"article\" \/>\n<meta property=\"og:title\" content=\"A un \u201cChiky\u201d de ascender - Gente de B\u00e1squet\" \/>\n<meta property=\"og:description\" content=\"Olimpo venci\u00f3 como visitante a Alem 97-82 y qued\u00f3 a un triunfo de subir a Primera. Romerniszyn intent\u00f3 contener a Germ\u00e1n Ressia con una defensa combinada, pero el menor de los hermanos se las rebusc\u00f3 para hacer 27 puntos (17-17 tl), bajar 10 rebotes para otra alta valoraci\u00f3n; adem\u00e1s hizo jugar a Agust\u00edn \u201cChiky\u201d S\u00e1nchez, [&hellip;]\" \/>\n<meta property=\"og:url\" content=\"https:\/\/gentedebasquet.com.ar\/sitio\/2013\/12\/21\/a-un-chiky-de-ascender\/\" \/>\n<meta property=\"og:site_name\" content=\"Gente de B\u00e1squet\" \/>\n<meta property=\"article:published_time\" content=\"2013-12-21T03:40:55+00:00\" \/>\n<meta property=\"og:image\" content=\"http:\/\/www.gentedebasquet.com.ar\/wp-content\/uploads\/2013\/12\/sanchez-vs-alem.jpg\" \/>\n<meta name=\"author\" content=\"Raul Cariac\" \/>\n<meta name=\"twitter:card\" content=\"summary_large_image\" \/>\n<meta name=\"twitter:label1\" content=\"Escrito por\" \/>\n\t<meta name=\"twitter:data1\" content=\"Raul Cariac\" \/>\n\t<meta name=\"twitter:label2\" content=\"Tiempo de lectura\" \/>\n\t<meta name=\"twitter:data2\" content=\"4 minutos\" \/>\n<script type=\"application\/ld+json\" class=\"yoast-schema-graph\">{\"@context\":\"https:\\\/\\\/schema.org\",\"@graph\":[{\"@type\":\"Article\",\"@id\":\"https:\\\/\\\/gentedebasquet.com.ar\\\/sitio\\\/2013\\\/12\\\/21\\\/a-un-chiky-de-ascender\\\/#article\",\"isPartOf\":{\"@id\":\"https:\\\/\\\/gentedebasquet.com.ar\\\/sitio\\\/2013\\\/12\\\/21\\\/a-un-chiky-de-ascender\\\/\"},\"author\":{\"name\":\"Raul Cariac\",\"@id\":\"http:\\\/\\\/gentedebasquet.com.ar\\\/sitio\\\/#\\\/schema\\\/person\\\/11216ba86932d6d6d2cb73b403175c38\"},\"headline\":\"A un \u201cChiky\u201d de ascender\",\"datePublished\":\"2013-12-21T03:40:55+00:00\",\"mainEntityOfPage\":{\"@id\":\"https:\\\/\\\/gentedebasquet.com.ar\\\/sitio\\\/2013\\\/12\\\/21\\\/a-un-chiky-de-ascender\\\/\"},\"wordCount\":756,\"commentCount\":0,\"image\":{\"@id\":\"https:\\\/\\\/gentedebasquet.com.ar\\\/sitio\\\/2013\\\/12\\\/21\\\/a-un-chiky-de-ascender\\\/#primaryimage\"},\"thumbnailUrl\":\"http:\\\/\\\/www.gentedebasquet.com.ar\\\/wp-content\\\/uploads\\\/2013\\\/12\\\/sanchez-vs-alem.jpg\",\"keywords\":[\"Alem\",\"Ol\u00edmpo\"],\"articleSection\":[\"Segunda\"],\"inLanguage\":\"es\",\"potentialAction\":[{\"@type\":\"CommentAction\",\"name\":\"Comment\",\"target\":[\"https:\\\/\\\/gentedebasquet.com.ar\\\/sitio\\\/2013\\\/12\\\/21\\\/a-un-chiky-de-ascender\\\/#respond\"]}]},{\"@type\":\"WebPage\",\"@id\":\"https:\\\/\\\/gentedebasquet.com.ar\\\/sitio\\\/2013\\\/12\\\/21\\\/a-un-chiky-de-ascender\\\/\",\"url\":\"https:\\\/\\\/gentedebasquet.com.ar\\\/sitio\\\/2013\\\/12\\\/21\\\/a-un-chiky-de-ascender\\\/\",\"name\":\"A un \u201cChiky\u201d de ascender - Gente de B\u00e1squet\",\"isPartOf\":{\"@id\":\"http:\\\/\\\/gentedebasquet.com.ar\\\/sitio\\\/#website\"},\"primaryImageOfPage\":{\"@id\":\"https:\\\/\\\/gentedebasquet.com.ar\\\/sitio\\\/2013\\\/12\\\/21\\\/a-un-chiky-de-ascender\\\/#primaryimage\"},\"image\":{\"@id\":\"https:\\\/\\\/gentedebasquet.com.ar\\\/sitio\\\/2013\\\/12\\\/21\\\/a-un-chiky-de-ascender\\\/#primaryimage\"},\"thumbnailUrl\":\"http:\\\/\\\/www.gentedebasquet.com.ar\\\/wp-content\\\/uploads\\\/2013\\\/12\\\/sanchez-vs-alem.jpg\",\"datePublished\":\"2013-12-21T03:40:55+00:00\",\"author\":{\"@id\":\"http:\\\/\\\/gentedebasquet.com.ar\\\/sitio\\\/#\\\/schema\\\/person\\\/11216ba86932d6d6d2cb73b403175c38\"},\"breadcrumb\":{\"@id\":\"https:\\\/\\\/gentedebasquet.com.ar\\\/sitio\\\/2013\\\/12\\\/21\\\/a-un-chiky-de-ascender\\\/#breadcrumb\"},\"inLanguage\":\"es\",\"potentialAction\":[{\"@type\":\"ReadAction\",\"target\":[\"https:\\\/\\\/gentedebasquet.com.ar\\\/sitio\\\/2013\\\/12\\\/21\\\/a-un-chiky-de-ascender\\\/\"]}]},{\"@type\":\"ImageObject\",\"inLanguage\":\"es\",\"@id\":\"https:\\\/\\\/gentedebasquet.com.ar\\\/sitio\\\/2013\\\/12\\\/21\\\/a-un-chiky-de-ascender\\\/#primaryimage\",\"url\":\"http:\\\/\\\/www.gentedebasquet.com.ar\\\/wp-content\\\/uploads\\\/2013\\\/12\\\/sanchez-vs-alem.jpg\",\"contentUrl\":\"http:\\\/\\\/www.gentedebasquet.com.ar\\\/wp-content\\\/uploads\\\/2013\\\/12\\\/sanchez-vs-alem.jpg\"},{\"@type\":\"BreadcrumbList\",\"@id\":\"https:\\\/\\\/gentedebasquet.com.ar\\\/sitio\\\/2013\\\/12\\\/21\\\/a-un-chiky-de-ascender\\\/#breadcrumb\",\"itemListElement\":[{\"@type\":\"ListItem\",\"position\":1,\"name\":\"Portada\",\"item\":\"http:\\\/\\\/gentedebasquet.com.ar\\\/sitio\\\/\"},{\"@type\":\"ListItem\",\"position\":2,\"name\":\"A un \u201cChiky\u201d de ascender\"}]},{\"@type\":\"WebSite\",\"@id\":\"http:\\\/\\\/gentedebasquet.com.ar\\\/sitio\\\/#website\",\"url\":\"http:\\\/\\\/gentedebasquet.com.ar\\\/sitio\\\/\",\"name\":\"Gente de B\u00e1squet\",\"description\":\"La revista del basquet de Bah\u00eda Blanca\",\"potentialAction\":[{\"@type\":\"SearchAction\",\"target\":{\"@type\":\"EntryPoint\",\"urlTemplate\":\"http:\\\/\\\/gentedebasquet.com.ar\\\/sitio\\\/?s={search_term_string}\"},\"query-input\":{\"@type\":\"PropertyValueSpecification\",\"valueRequired\":true,\"valueName\":\"search_term_string\"}}],\"inLanguage\":\"es\"},{\"@type\":\"Person\",\"@id\":\"http:\\\/\\\/gentedebasquet.com.ar\\\/sitio\\\/#\\\/schema\\\/person\\\/11216ba86932d6d6d2cb73b403175c38\",\"name\":\"Raul Cariac\",\"image\":{\"@type\":\"ImageObject\",\"inLanguage\":\"es\",\"@id\":\"https:\\\/\\\/secure.gravatar.com\\\/avatar\\\/986f84fc2cd091c83c71e4682fe25761a1c2b3912fe22b12a80a2a6098fff2ef?s=96&d=mm&r=g\",\"url\":\"https:\\\/\\\/secure.gravatar.com\\\/avatar\\\/986f84fc2cd091c83c71e4682fe25761a1c2b3912fe22b12a80a2a6098fff2ef?s=96&d=mm&r=g\",\"contentUrl\":\"https:\\\/\\\/secure.gravatar.com\\\/avatar\\\/986f84fc2cd091c83c71e4682fe25761a1c2b3912fe22b12a80a2a6098fff2ef?s=96&d=mm&r=g\",\"caption\":\"Raul Cariac\"},\"url\":\"https:\\\/\\\/gentedebasquet.com.ar\\\/sitio\\\/author\\\/raul-cariac\\\/\"}]}<\/script>\n<!-- \/ Yoast SEO plugin. -->","yoast_head_json":{"title":"A un \u201cChiky\u201d de ascender - Gente de B\u00e1squet","robots":{"index":"index","follow":"follow","max-snippet":"max-snippet:-1","max-image-preview":"max-image-preview:large","max-video-preview":"max-video-preview:-1"},"canonical":"https:\/\/gentedebasquet.com.ar\/sitio\/2013\/12\/21\/a-un-chiky-de-ascender\/","og_locale":"es_ES","og_type":"article","og_title":"A un \u201cChiky\u201d de ascender - Gente de B\u00e1squet","og_description":"Olimpo venci\u00f3 como visitante a Alem 97-82 y qued\u00f3 a un triunfo de subir a Primera. Romerniszyn intent\u00f3 contener a Germ\u00e1n Ressia con una defensa combinada, pero el menor de los hermanos se las rebusc\u00f3 para hacer 27 puntos (17-17 tl), bajar 10 rebotes para otra alta valoraci\u00f3n; adem\u00e1s hizo jugar a Agust\u00edn \u201cChiky\u201d S\u00e1nchez, [&hellip;]","og_url":"https:\/\/gentedebasquet.com.ar\/sitio\/2013\/12\/21\/a-un-chiky-de-ascender\/","og_site_name":"Gente de B\u00e1squet","article_published_time":"2013-12-21T03:40:55+00:00","og_image":[{"url":"http:\/\/www.gentedebasquet.com.ar\/wp-content\/uploads\/2013\/12\/sanchez-vs-alem.jpg","type":"","width":"","height":""}],"author":"Raul Cariac","twitter_card":"summary_large_image","twitter_misc":{"Escrito por":"Raul Cariac","Tiempo de lectura":"4 minutos"},"schema":{"@context":"https:\/\/schema.org","@graph":[{"@type":"Article","@id":"https:\/\/gentedebasquet.com.ar\/sitio\/2013\/12\/21\/a-un-chiky-de-ascender\/#article","isPartOf":{"@id":"https:\/\/gentedebasquet.com.ar\/sitio\/2013\/12\/21\/a-un-chiky-de-ascender\/"},"author":{"name":"Raul Cariac","@id":"http:\/\/gentedebasquet.com.ar\/sitio\/#\/schema\/person\/11216ba86932d6d6d2cb73b403175c38"},"headline":"A un \u201cChiky\u201d de ascender","datePublished":"2013-12-21T03:40:55+00:00","mainEntityOfPage":{"@id":"https:\/\/gentedebasquet.com.ar\/sitio\/2013\/12\/21\/a-un-chiky-de-ascender\/"},"wordCount":756,"commentCount":0,"image":{"@id":"https:\/\/gentedebasquet.com.ar\/sitio\/2013\/12\/21\/a-un-chiky-de-ascender\/#primaryimage"},"thumbnailUrl":"http:\/\/www.gentedebasquet.com.ar\/wp-content\/uploads\/2013\/12\/sanchez-vs-alem.jpg","keywords":["Alem","Ol\u00edmpo"],"articleSection":["Segunda"],"inLanguage":"es","potentialAction":[{"@type":"CommentAction","name":"Comment","target":["https:\/\/gentedebasquet.com.ar\/sitio\/2013\/12\/21\/a-un-chiky-de-ascender\/#respond"]}]},{"@type":"WebPage","@id":"https:\/\/gentedebasquet.com.ar\/sitio\/2013\/12\/21\/a-un-chiky-de-ascender\/","url":"https:\/\/gentedebasquet.com.ar\/sitio\/2013\/12\/21\/a-un-chiky-de-ascender\/","name":"A un \u201cChiky\u201d de ascender - Gente de B\u00e1squet","isPartOf":{"@id":"http:\/\/gentedebasquet.com.ar\/sitio\/#website"},"primaryImageOfPage":{"@id":"https:\/\/gentedebasquet.com.ar\/sitio\/2013\/12\/21\/a-un-chiky-de-ascender\/#primaryimage"},"image":{"@id":"https:\/\/gentedebasquet.com.ar\/sitio\/2013\/12\/21\/a-un-chiky-de-ascender\/#primaryimage"},"thumbnailUrl":"http:\/\/www.gentedebasquet.com.ar\/wp-content\/uploads\/2013\/12\/sanchez-vs-alem.jpg","datePublished":"2013-12-21T03:40:55+00:00","author":{"@id":"http:\/\/gentedebasquet.com.ar\/sitio\/#\/schema\/person\/11216ba86932d6d6d2cb73b403175c38"},"breadcrumb":{"@id":"https:\/\/gentedebasquet.com.ar\/sitio\/2013\/12\/21\/a-un-chiky-de-ascender\/#breadcrumb"},"inLanguage":"es","potentialAction":[{"@type":"ReadAction","target":["https:\/\/gentedebasquet.com.ar\/sitio\/2013\/12\/21\/a-un-chiky-de-ascender\/"]}]},{"@type":"ImageObject","inLanguage":"es","@id":"https:\/\/gentedebasquet.com.ar\/sitio\/2013\/12\/21\/a-un-chiky-de-ascender\/#primaryimage","url":"http:\/\/www.gentedebasquet.com.ar\/wp-content\/uploads\/2013\/12\/sanchez-vs-alem.jpg","contentUrl":"http:\/\/www.gentedebasquet.com.ar\/wp-content\/uploads\/2013\/12\/sanchez-vs-alem.jpg"},{"@type":"BreadcrumbList","@id":"https:\/\/gentedebasquet.com.ar\/sitio\/2013\/12\/21\/a-un-chiky-de-ascender\/#breadcrumb","itemListElement":[{"@type":"ListItem","position":1,"name":"Portada","item":"http:\/\/gentedebasquet.com.ar\/sitio\/"},{"@type":"ListItem","position":2,"name":"A un \u201cChiky\u201d de ascender"}]},{"@type":"WebSite","@id":"http:\/\/gentedebasquet.com.ar\/sitio\/#website","url":"http:\/\/gentedebasquet.com.ar\/sitio\/","name":"Gente de B\u00e1squet","description":"La revista del basquet de Bah\u00eda Blanca","potentialAction":[{"@type":"SearchAction","target":{"@type":"EntryPoint","urlTemplate":"http:\/\/gentedebasquet.com.ar\/sitio\/?s={search_term_string}"},"query-input":{"@type":"PropertyValueSpecification","valueRequired":true,"valueName":"search_term_string"}}],"inLanguage":"es"},{"@type":"Person","@id":"http:\/\/gentedebasquet.com.ar\/sitio\/#\/schema\/person\/11216ba86932d6d6d2cb73b403175c38","name":"Raul Cariac","image":{"@type":"ImageObject","inLanguage":"es","@id":"https:\/\/secure.gravatar.com\/avatar\/986f84fc2cd091c83c71e4682fe25761a1c2b3912fe22b12a80a2a6098fff2ef?s=96&d=mm&r=g","url":"https:\/\/secure.gravatar.com\/avatar\/986f84fc2cd091c83c71e4682fe25761a1c2b3912fe22b12a80a2a6098fff2ef?s=96&d=mm&r=g","contentUrl":"https:\/\/secure.gravatar.com\/avatar\/986f84fc2cd091c83c71e4682fe25761a1c2b3912fe22b12a80a2a6098fff2ef?s=96&d=mm&r=g","caption":"Raul Cariac"},"url":"https:\/\/gentedebasquet.com.ar\/sitio\/author\/raul-cariac\/"}]}},"_links":{"self":[{"href":"https:\/\/gentedebasquet.com.ar\/sitio\/wp-json\/wp\/v2\/posts\/20795","targetHints":{"allow":["GET"]}}],"collection":[{"href":"https:\/\/gentedebasquet.com.ar\/sitio\/wp-json\/wp\/v2\/posts"}],"about":[{"href":"https:\/\/gentedebasquet.com.ar\/sitio\/wp-json\/wp\/v2\/types\/post"}],"author":[{"embeddable":true,"href":"https:\/\/gentedebasquet.com.ar\/sitio\/wp-json\/wp\/v2\/users\/18"}],"replies":[{"embeddable":true,"href":"https:\/\/gentedebasquet.com.ar\/sitio\/wp-json\/wp\/v2\/comments?post=20795"}],"version-history":[{"count":0,"href":"https:\/\/gentedebasquet.com.ar\/sitio\/wp-json\/wp\/v2\/posts\/20795\/revisions"}],"wp:attachment":[{"href":"https:\/\/gentedebasquet.com.ar\/sitio\/wp-json\/wp\/v2\/media?parent=20795"}],"wp:term":[{"taxonomy":"category","embeddable":true,"href":"https:\/\/gentedebasquet.com.ar\/sitio\/wp-json\/wp\/v2\/categories?post=20795"},{"taxonomy":"post_tag","embeddable":true,"href":"https:\/\/gentedebasquet.com.ar\/sitio\/wp-json\/wp\/v2\/tags?post=20795"}],"curies":[{"name":"wp","href":"https:\/\/api.w.org\/{rel}","templated":true}]}}