{"id":20828,"date":"2013-12-23T02:25:11","date_gmt":"2013-12-23T02:25:11","guid":{"rendered":"http:\/\/www.gentedebasquet.com.ar\/?p=20828"},"modified":"2013-12-23T02:25:11","modified_gmt":"2013-12-23T02:25:11","slug":"no-culpes-a-la-lluvia-olimpo-esta-en-primera","status":"publish","type":"post","link":"https:\/\/gentedebasquet.com.ar\/sitio\/2013\/12\/23\/no-culpes-a-la-lluvia-olimpo-esta-en-primera\/","title":{"rendered":"No culpes a la lluvia, Olimpo est\u00e1 en Primera"},"content":{"rendered":"<p><!--[if gte mso 9]&gt;--><\/p>\n<p class=\"MsoNormal\"><strong><em><a href=\"http:\/\/www.gentedebasquet.com.ar\/wp-content\/uploads\/2013\/12\/Olimpo.jpg\"><img decoding=\"async\" class=\"alignnone size-full wp-image-20839\" src=\"http:\/\/www.gentedebasquet.com.ar\/wp-content\/uploads\/2013\/12\/Olimpo.jpg\" alt=\"\" width=\"448\" height=\"336\" \/><\/a><\/em><\/strong><strong><em>El \u201caurinegro\u201d logr\u00f3 el ascenso tras ganar el tercer juego por 79-62 y liquidar la serie ante Alem 3-0, en un partido que estuvo demorado por numerosas goteras. Germ\u00e1n Ressia fue el goleador con 24 puntos y termin\u00f3 siendo el jugador m\u00e1s valioso de dicho playoff, acompa\u00f1ado en el goleo por Cristian Victoria (14) y Agust\u00edn S\u00e1nchez (13), para que festeje tranquilo Daniel Allende, su ayudante Maceratesi y todo el pueblo olimpiense.<\/em><\/strong><\/p>\n<p class=\"MsoNormal\"><strong><em><!--more--><\/em><\/strong><\/p>\n<p><!--[if gte mso 9]&gt;--><\/p>\n<p>Le cost\u00f3, pero consigui\u00f3 un objetivo que, a priori, se pensaba que no le iba a ser accesible. Con un armado de plantel preparado para un \u201ca\u00f1o de transici\u00f3n\u201d para la opini\u00f3n p\u00fablica, Olimpo logr\u00f3, con el correr de los partidos, plasmar en cancha un equipo joven, din\u00e1mico y con un abanico de variantes en ofensiva. Estuvo este grupo de jugadores 23 partidos sin conocer la derrota (cuando su verdugo del a\u00f1o y quiz\u00e1 su m\u00e1s complicado rival, Independiente, lo venci\u00f3 en el Tom\u00e1s). Adem\u00e1s, le hizo frente a la adversidad de lesiones, de problemas de salud de su entrenador Daniel Allende, cuando Franco Maceratesi asumi\u00f3 con creces la responsabilidad de agarrar el tim\u00f3n del equipo, ante la incertidumbre de saber como segu\u00eda Daniel.<\/p>\n<p class=\"MsoNormal\">Olimpo se visti\u00f3 de candidato, se calz\u00f3 el \u201c1\u201d y enfrent\u00f3 los playoff. As\u00ed las cosas, mantuvo la humildad, el plantel sigui\u00f3 para adelante, no baj\u00f3 los brazos ni agach\u00f3 la cabeza, ni siquiera cuando el \u201cViola\u201d tambi\u00e9n lo dej\u00f3 fuera de lograr el primer ascenso. Con el \u201cTrompo\u201d de nuevo al mando, se mentaliz\u00f3 en no darle ni un m\u00ednimo lugar a Alem en esta serie y, si bien le cost\u00f3 tomar ritmo en cada primer tiempo de los tres juegos, el \u201caurinegro\u201d consigui\u00f3 el retorno a la elite del b\u00e1squetbol local.<\/p>\n<p class=\"MsoNormal\">Para ello tuvo que lidiar en este encuentro, con una defensa zonal planteada por Romerniszyn, que en el primer cuarto la rompi\u00f3 con la presencia en la pintura de Agust\u00edn S\u00e1nchez (9), mas la conducci\u00f3n y gol de Germ\u00e1n (4). En tanto la visita se mantuvo a ritmo gracias a la buena labor de Tachetti (10) imparable tambi\u00e9n en la llave y dos triples de Etchepare (6), para estar 22-20 abajo al cabo de los primeros diez minutos.<\/p>\n<p class=\"MsoNormal\">El segundo cuarto fue mas peleado que jugado. Olimpo lleg\u00f3 al l\u00edmite de infracciones en apenas 7:42 por lo cual Alem 8 de los 18 puntos desde la l\u00ednea de libres (6 puntos de Miguel y 5 de Tachetti), sin embargo el \u201caurinegro\u201d se mantuvo l\u00edder 40-38 gracias a la tarea de Germ\u00e1n (6), un par de \u201cbombas\u201d de Gast\u00f3n y Victoria, mas la labor defensiva de Arens.<\/p>\n<p class=\"MsoNormal\">En el tercer cuarto se produjo el quiebre de partido. Olimpo inici\u00f3 con un parcial de 11- 3 y pr\u00e1cticamente all\u00ed liquid\u00f3 la serie. La temperatura era alt\u00edsima en el Tom\u00e1s y la tormenta amenazaba, mientras Ruesga dec\u00eda que merced a los trabajos de mejoramiento del techo, si se largaba a llover, iba a estar complicado. Y as\u00ed fue que m\u00e1s de 6 goteras hicieron que el encuentro este detenido diez minutos cuando el marcador figuraba 51-41 para el local a falta de 5:41. Luego del parate, el local estir\u00f3 la racha y qued\u00f3 55-43 a 4:34. Alem no hall\u00f3 efectividad y se fue al \u00faltimo cuarto abajo 61-48.<\/p>\n<p class=\"MsoNormal\">El conjunto de calle Azara trat\u00f3 en el \u00faltimo cuarto, pero promediando el mismo los de Daniel Allende lograron la m\u00e1xima diferencia del encuentro (20, 70-50 a 5:51) tras un bombazo contra la bocina del menor de los Ressia (9). Entre Leguizamon (5), Foulkes (5) y Tachetti (4) trataron de ahogar el festejo, pero Luchetti tom\u00f3 la base y se encarg\u00f3 de decorar el ascenso de Olimpo con un triple para el 79-62 final.<\/p>\n<p class=\"MsoNormal\">Olimpo vuelve a la Primera Divisi\u00f3n, categor\u00eda que lo tiene como m\u00e1ximo ganador de la historia con 19 t\u00edtulos. Con esta base de jugadores, con el repatriamiento de algunos hist\u00f3ricos y quiz\u00e1 con la continuidad de Allende-Maceratesi, aspire en 2014 a jugar a otro nivel en la pir\u00e1mide de la Liga Nacional, salud por el regreso.<\/p>\n<p class=\"MsoNormal\"><span style=\"color: #ffcc99;\">.<\/span><\/p>\n<p><em><strong><span style=\"text-decoration: underline;\">S\u00edntesis:<\/span><\/strong><\/em><\/p>\n<p><strong>Olimpo 79: <\/strong><\/p>\n<p>Iniciales: Germ\u00e1n Ressia (24), Gast\u00f3n Ressia (7), C. Victoria (14), Federico Gonz\u00e1lez (3) y A. S\u00e1nchez (13).<\/p>\n<p>Ingresaron:<strong> <\/strong>A. Grill (2), L. Lucchetti (7), Mauricio Gonz\u00e1lez (4), P. Racciatti (0), F. Arens (5) y E. Zani (0).<\/p>\n<p>DT: Daniel Allende.<\/p>\n<p><strong>Alem 62:<\/strong><\/p>\n<p>Iniciales: L. Mussini (2); G. Etchepare (12); D. Foulkes (12); M. Miguel (7); S. Tacchetti (21).<\/p>\n<p>Ingresaron: N. Leguizam\u00f3n (7), E. Calzetti (1) y W. Gigena (0).<\/p>\n<p>DT: Walter Romerniszyn.<\/p>\n<p><span style=\"color: #ffcc99;\">.<\/span><\/p>\n<p><strong>Cuartos: <\/strong>Olimpo 22-20, 18-18 (40-38); 21-10 (61-48) y 18\u201314 (79-62).<\/p>\n<p><strong>Cinco faltas: <\/strong>M. Gonz\u00e1lez (O).<\/p>\n<p><strong>Serie:<\/strong> Olimpo 3-0.<\/p>\n<p><strong>\u00c1rbitros: <\/strong>Miguel Firpo, Alejandro Go\u00f1i y Mat\u00edas Garate.<\/p>\n<p><strong>Estadio: <\/strong>\u201cNorberto Tom\u00e1s\u201d (Olimpo)<\/p>\n<p><a class=\"modalf iframe\" title=\"Planilla\" href=\"https:\/\/docs.google.com\/spreadsheet\/pub?key=0AhWH6MgjN9X5dC0xWEE4VEdQdngyTmtoNzBpLXZ4M2c&amp;single=true&amp;gid=0&amp;output=html\">Ver Planilla<\/a><\/p>\n<p><span style=\"color: #ffcc99;\">.<\/span><\/p>\n<p><strong>Cierre del partido y festejos<\/strong><\/p>\n<p>[vimeo clip_id=\u00bb82526213&#8243;]<\/p>\n<p><strong>Germ\u00e1n Ressia: \u00abRecuper\u00e9 la felicidad de jugar al b\u00e1squet\u00bb<\/strong><\/p>\n<p>[vimeo clip_id=\u00bb82528516&#8243;]<\/p>\n<p><strong>Franco Maceratesi: \u00abNo est\u00e1bamos entre los candidatos, pero el objetivo era ascender\u00bb<\/strong><\/p>\n<p>[vimeo clip_id=\u00bb82530990&#8243;]<\/p>\n<p><span style=\"color: #ffcc99;\">.<\/span><\/p>\n<p style=\"text-align: center;\"><strong>OLIMPO<\/strong><\/p>\n<p><a href=\"http:\/\/www.gentedebasquet.com.ar\/wp-content\/uploads\/2013\/12\/OLIMPO-2013.jpg\"><img decoding=\"async\" class=\"alignnone size-full wp-image-20864\" title=\"OLIMPO 2013\" src=\"http:\/\/www.gentedebasquet.com.ar\/wp-content\/uploads\/2013\/12\/OLIMPO-2013.jpg\" alt=\"\" width=\"448\" height=\"336\" \/><\/a><\/p>\n<p><span style=\"color: #ffcc99;\"><strong>.<\/strong><\/span><\/p>\n<p><strong>Y un d\u00eda llovi\u00f3 en Bah\u00eda<\/strong><\/p>\n<p><a href=\"http:\/\/www.gentedebasquet.com.ar\/wp-content\/uploads\/2013\/12\/Olimpo-Goteras.jpg\"><img decoding=\"async\" class=\"alignnone size-full wp-image-20870\" title=\"Olimpo - Goteras\" src=\"http:\/\/www.gentedebasquet.com.ar\/wp-content\/uploads\/2013\/12\/Olimpo-Goteras.jpg\" alt=\"\" width=\"448\" height=\"336\" \/><\/a>La tormenta desatada en la ciudad oblig\u00f3 a detener las acciones por la presencia de goteras. Afortunadamente el juego pudo continuar y terminarse sin mayores inconvenientes.<\/p>\n<p><span style=\"color: #ffcc99;\">.<\/span><\/p>\n<blockquote class=\"twitter-tweet\" lang=\"es\"><p>Olimpo ya ascendio &#8230;. Olimpo ya ascendio &#8230;. Se lo dedicamos a todos la re puta madre q lo re pario !!!!<\/p>\n<p>\u2014 Germ\u00e1n Ressia (@garessia8) <a href=\"https:\/\/twitter.com\/garessia8\/statuses\/414932643822567424\">diciembre 23, 2013<\/a><\/p><\/blockquote>\n<p>&nbsp;<\/p>\n<blockquote class=\"twitter-tweet\" lang=\"es\"><p>Olimpo de nuevo en primera! Felicitaciones <a href=\"https:\/\/twitter.com\/cvictoria07\">@cvictoria07<\/a> <a href=\"https:\/\/twitter.com\/EAZ15\">@EAZ15<\/a> <a href=\"https:\/\/twitter.com\/gastonressia\">@gastonressia<\/a> <a href=\"https:\/\/twitter.com\/garessia8\">@garessia8<\/a> y equipo<\/p>\n<p>\u2014 Juan Pablo Mor\u00e1n (@moranjuanpablo) <a href=\"https:\/\/twitter.com\/moranjuanpablo\/statuses\/414922896318816257\">diciembre 23, 2013<\/a><\/p><\/blockquote>\n<p>&nbsp;<\/p>\n<blockquote class=\"twitter-tweet\" lang=\"es\"><p>Olimpo es de PRIMERA carajo!!!!!!!! Se cumplio el objetivo, FELIZ ES POCO!!!!<\/p>\n<p>\u2014 Facu Arens (@Facuarens) <a href=\"https:\/\/twitter.com\/Facuarens\/statuses\/414933959684796416\">diciembre 23, 2013<\/a><\/p><\/blockquote>\n<p>&nbsp;<\/p>\n<blockquote class=\"twitter-tweet\" lang=\"es\"><p>Terminar el a\u00f1o ascendiendo que hermoso!! <a href=\"https:\/\/twitter.com\/search?q=%23VamosOlimpo&amp;src=hash\">#VamosOlimpo<\/a><\/p>\n<p>\u2014 Chiki (@_chikisanchez_) <a href=\"https:\/\/twitter.com\/_chikisanchez_\/statuses\/414929267500535809\">diciembre 23, 2013<\/a><\/p><\/blockquote>\n<p><strong>Fotos:<\/strong> <a href=\"https:\/\/twitter.com\/RomiSaldias\" target=\"_blank\" rel=\"noopener\">Romina Sald\u00edas<\/a>\u00a0y Ra\u00fal Cariac para <strong>Gente de B\u00e1squet<\/strong>.<\/p>\n","protected":false},"excerpt":{"rendered":"<p>El \u201caurinegro\u201d logr\u00f3 el ascenso tras ganar el tercer juego por 79-62 y liquidar la serie ante Alem 3-0, en un partido que estuvo demorado por numerosas goteras. Germ\u00e1n Ressia fue el goleador con 24 puntos y termin\u00f3 siendo el jugador m\u00e1s valioso de dicho playoff, acompa\u00f1ado en el goleo por Cristian Victoria (14) y [&hellip;]<\/p>\n","protected":false},"author":18,"featured_media":0,"comment_status":"open","ping_status":"open","sticky":false,"template":"","format":"standard","meta":{"jnews-multi-image_gallery":[],"jnews_single_post":[],"jnews_primary_category":[],"footnotes":""},"categories":[25],"tags":[3,16],"class_list":["post-20828","post","type-post","status-publish","format-standard","hentry","category-segunda","tag-alem","tag-olimpo"],"yoast_head":"<!-- This site is optimized with the Yoast SEO plugin v27.5 - https:\/\/yoast.com\/product\/yoast-seo-wordpress\/ -->\n<title>No culpes a la lluvia, Olimpo est\u00e1 en Primera - Gente de B\u00e1squet<\/title>\n<meta name=\"robots\" content=\"index, follow, max-snippet:-1, max-image-preview:large, max-video-preview:-1\" \/>\n<link rel=\"canonical\" href=\"https:\/\/gentedebasquet.com.ar\/sitio\/2013\/12\/23\/no-culpes-a-la-lluvia-olimpo-esta-en-primera\/\" \/>\n<meta property=\"og:locale\" content=\"es_ES\" \/>\n<meta property=\"og:type\" content=\"article\" \/>\n<meta property=\"og:title\" content=\"No culpes a la lluvia, Olimpo est\u00e1 en Primera - Gente de B\u00e1squet\" \/>\n<meta property=\"og:description\" content=\"El \u201caurinegro\u201d logr\u00f3 el ascenso tras ganar el tercer juego por 79-62 y liquidar la serie ante Alem 3-0, en un partido que estuvo demorado por numerosas goteras. Germ\u00e1n Ressia fue el goleador con 24 puntos y termin\u00f3 siendo el jugador m\u00e1s valioso de dicho playoff, acompa\u00f1ado en el goleo por Cristian Victoria (14) y [&hellip;]\" \/>\n<meta property=\"og:url\" content=\"https:\/\/gentedebasquet.com.ar\/sitio\/2013\/12\/23\/no-culpes-a-la-lluvia-olimpo-esta-en-primera\/\" \/>\n<meta property=\"og:site_name\" content=\"Gente de B\u00e1squet\" \/>\n<meta property=\"article:published_time\" content=\"2013-12-23T02:25:11+00:00\" \/>\n<meta property=\"og:image\" content=\"http:\/\/www.gentedebasquet.com.ar\/wp-content\/uploads\/2013\/12\/Olimpo.jpg\" \/>\n<meta name=\"author\" content=\"Raul Cariac\" \/>\n<meta name=\"twitter:card\" content=\"summary_large_image\" \/>\n<meta name=\"twitter:label1\" content=\"Escrito por\" \/>\n\t<meta name=\"twitter:data1\" content=\"Raul Cariac\" \/>\n\t<meta name=\"twitter:label2\" content=\"Tiempo de lectura\" \/>\n\t<meta name=\"twitter:data2\" content=\"5 minutos\" \/>\n<script type=\"application\/ld+json\" class=\"yoast-schema-graph\">{\"@context\":\"https:\\\/\\\/schema.org\",\"@graph\":[{\"@type\":\"Article\",\"@id\":\"https:\\\/\\\/gentedebasquet.com.ar\\\/sitio\\\/2013\\\/12\\\/23\\\/no-culpes-a-la-lluvia-olimpo-esta-en-primera\\\/#article\",\"isPartOf\":{\"@id\":\"https:\\\/\\\/gentedebasquet.com.ar\\\/sitio\\\/2013\\\/12\\\/23\\\/no-culpes-a-la-lluvia-olimpo-esta-en-primera\\\/\"},\"author\":{\"name\":\"Raul Cariac\",\"@id\":\"http:\\\/\\\/gentedebasquet.com.ar\\\/sitio\\\/#\\\/schema\\\/person\\\/11216ba86932d6d6d2cb73b403175c38\"},\"headline\":\"No culpes a la lluvia, Olimpo est\u00e1 en Primera\",\"datePublished\":\"2013-12-23T02:25:11+00:00\",\"mainEntityOfPage\":{\"@id\":\"https:\\\/\\\/gentedebasquet.com.ar\\\/sitio\\\/2013\\\/12\\\/23\\\/no-culpes-a-la-lluvia-olimpo-esta-en-primera\\\/\"},\"wordCount\":951,\"commentCount\":0,\"image\":{\"@id\":\"https:\\\/\\\/gentedebasquet.com.ar\\\/sitio\\\/2013\\\/12\\\/23\\\/no-culpes-a-la-lluvia-olimpo-esta-en-primera\\\/#primaryimage\"},\"thumbnailUrl\":\"http:\\\/\\\/www.gentedebasquet.com.ar\\\/wp-content\\\/uploads\\\/2013\\\/12\\\/Olimpo.jpg\",\"keywords\":[\"Alem\",\"Ol\u00edmpo\"],\"articleSection\":[\"Segunda\"],\"inLanguage\":\"es\",\"potentialAction\":[{\"@type\":\"CommentAction\",\"name\":\"Comment\",\"target\":[\"https:\\\/\\\/gentedebasquet.com.ar\\\/sitio\\\/2013\\\/12\\\/23\\\/no-culpes-a-la-lluvia-olimpo-esta-en-primera\\\/#respond\"]}]},{\"@type\":\"WebPage\",\"@id\":\"https:\\\/\\\/gentedebasquet.com.ar\\\/sitio\\\/2013\\\/12\\\/23\\\/no-culpes-a-la-lluvia-olimpo-esta-en-primera\\\/\",\"url\":\"https:\\\/\\\/gentedebasquet.com.ar\\\/sitio\\\/2013\\\/12\\\/23\\\/no-culpes-a-la-lluvia-olimpo-esta-en-primera\\\/\",\"name\":\"No culpes a la lluvia, Olimpo est\u00e1 en Primera - Gente de B\u00e1squet\",\"isPartOf\":{\"@id\":\"http:\\\/\\\/gentedebasquet.com.ar\\\/sitio\\\/#website\"},\"primaryImageOfPage\":{\"@id\":\"https:\\\/\\\/gentedebasquet.com.ar\\\/sitio\\\/2013\\\/12\\\/23\\\/no-culpes-a-la-lluvia-olimpo-esta-en-primera\\\/#primaryimage\"},\"image\":{\"@id\":\"https:\\\/\\\/gentedebasquet.com.ar\\\/sitio\\\/2013\\\/12\\\/23\\\/no-culpes-a-la-lluvia-olimpo-esta-en-primera\\\/#primaryimage\"},\"thumbnailUrl\":\"http:\\\/\\\/www.gentedebasquet.com.ar\\\/wp-content\\\/uploads\\\/2013\\\/12\\\/Olimpo.jpg\",\"datePublished\":\"2013-12-23T02:25:11+00:00\",\"author\":{\"@id\":\"http:\\\/\\\/gentedebasquet.com.ar\\\/sitio\\\/#\\\/schema\\\/person\\\/11216ba86932d6d6d2cb73b403175c38\"},\"breadcrumb\":{\"@id\":\"https:\\\/\\\/gentedebasquet.com.ar\\\/sitio\\\/2013\\\/12\\\/23\\\/no-culpes-a-la-lluvia-olimpo-esta-en-primera\\\/#breadcrumb\"},\"inLanguage\":\"es\",\"potentialAction\":[{\"@type\":\"ReadAction\",\"target\":[\"https:\\\/\\\/gentedebasquet.com.ar\\\/sitio\\\/2013\\\/12\\\/23\\\/no-culpes-a-la-lluvia-olimpo-esta-en-primera\\\/\"]}]},{\"@type\":\"ImageObject\",\"inLanguage\":\"es\",\"@id\":\"https:\\\/\\\/gentedebasquet.com.ar\\\/sitio\\\/2013\\\/12\\\/23\\\/no-culpes-a-la-lluvia-olimpo-esta-en-primera\\\/#primaryimage\",\"url\":\"http:\\\/\\\/www.gentedebasquet.com.ar\\\/wp-content\\\/uploads\\\/2013\\\/12\\\/Olimpo.jpg\",\"contentUrl\":\"http:\\\/\\\/www.gentedebasquet.com.ar\\\/wp-content\\\/uploads\\\/2013\\\/12\\\/Olimpo.jpg\"},{\"@type\":\"BreadcrumbList\",\"@id\":\"https:\\\/\\\/gentedebasquet.com.ar\\\/sitio\\\/2013\\\/12\\\/23\\\/no-culpes-a-la-lluvia-olimpo-esta-en-primera\\\/#breadcrumb\",\"itemListElement\":[{\"@type\":\"ListItem\",\"position\":1,\"name\":\"Portada\",\"item\":\"http:\\\/\\\/gentedebasquet.com.ar\\\/sitio\\\/\"},{\"@type\":\"ListItem\",\"position\":2,\"name\":\"No culpes a la lluvia, Olimpo est\u00e1 en Primera\"}]},{\"@type\":\"WebSite\",\"@id\":\"http:\\\/\\\/gentedebasquet.com.ar\\\/sitio\\\/#website\",\"url\":\"http:\\\/\\\/gentedebasquet.com.ar\\\/sitio\\\/\",\"name\":\"Gente de B\u00e1squet\",\"description\":\"La revista del basquet de Bah\u00eda Blanca\",\"potentialAction\":[{\"@type\":\"SearchAction\",\"target\":{\"@type\":\"EntryPoint\",\"urlTemplate\":\"http:\\\/\\\/gentedebasquet.com.ar\\\/sitio\\\/?s={search_term_string}\"},\"query-input\":{\"@type\":\"PropertyValueSpecification\",\"valueRequired\":true,\"valueName\":\"search_term_string\"}}],\"inLanguage\":\"es\"},{\"@type\":\"Person\",\"@id\":\"http:\\\/\\\/gentedebasquet.com.ar\\\/sitio\\\/#\\\/schema\\\/person\\\/11216ba86932d6d6d2cb73b403175c38\",\"name\":\"Raul Cariac\",\"image\":{\"@type\":\"ImageObject\",\"inLanguage\":\"es\",\"@id\":\"https:\\\/\\\/secure.gravatar.com\\\/avatar\\\/986f84fc2cd091c83c71e4682fe25761a1c2b3912fe22b12a80a2a6098fff2ef?s=96&d=mm&r=g\",\"url\":\"https:\\\/\\\/secure.gravatar.com\\\/avatar\\\/986f84fc2cd091c83c71e4682fe25761a1c2b3912fe22b12a80a2a6098fff2ef?s=96&d=mm&r=g\",\"contentUrl\":\"https:\\\/\\\/secure.gravatar.com\\\/avatar\\\/986f84fc2cd091c83c71e4682fe25761a1c2b3912fe22b12a80a2a6098fff2ef?s=96&d=mm&r=g\",\"caption\":\"Raul Cariac\"},\"url\":\"https:\\\/\\\/gentedebasquet.com.ar\\\/sitio\\\/author\\\/raul-cariac\\\/\"}]}<\/script>\n<!-- \/ Yoast SEO plugin. -->","yoast_head_json":{"title":"No culpes a la lluvia, Olimpo est\u00e1 en Primera - Gente de B\u00e1squet","robots":{"index":"index","follow":"follow","max-snippet":"max-snippet:-1","max-image-preview":"max-image-preview:large","max-video-preview":"max-video-preview:-1"},"canonical":"https:\/\/gentedebasquet.com.ar\/sitio\/2013\/12\/23\/no-culpes-a-la-lluvia-olimpo-esta-en-primera\/","og_locale":"es_ES","og_type":"article","og_title":"No culpes a la lluvia, Olimpo est\u00e1 en Primera - Gente de B\u00e1squet","og_description":"El \u201caurinegro\u201d logr\u00f3 el ascenso tras ganar el tercer juego por 79-62 y liquidar la serie ante Alem 3-0, en un partido que estuvo demorado por numerosas goteras. Germ\u00e1n Ressia fue el goleador con 24 puntos y termin\u00f3 siendo el jugador m\u00e1s valioso de dicho playoff, acompa\u00f1ado en el goleo por Cristian Victoria (14) y [&hellip;]","og_url":"https:\/\/gentedebasquet.com.ar\/sitio\/2013\/12\/23\/no-culpes-a-la-lluvia-olimpo-esta-en-primera\/","og_site_name":"Gente de B\u00e1squet","article_published_time":"2013-12-23T02:25:11+00:00","og_image":[{"url":"http:\/\/www.gentedebasquet.com.ar\/wp-content\/uploads\/2013\/12\/Olimpo.jpg","type":"","width":"","height":""}],"author":"Raul Cariac","twitter_card":"summary_large_image","twitter_misc":{"Escrito por":"Raul Cariac","Tiempo de lectura":"5 minutos"},"schema":{"@context":"https:\/\/schema.org","@graph":[{"@type":"Article","@id":"https:\/\/gentedebasquet.com.ar\/sitio\/2013\/12\/23\/no-culpes-a-la-lluvia-olimpo-esta-en-primera\/#article","isPartOf":{"@id":"https:\/\/gentedebasquet.com.ar\/sitio\/2013\/12\/23\/no-culpes-a-la-lluvia-olimpo-esta-en-primera\/"},"author":{"name":"Raul Cariac","@id":"http:\/\/gentedebasquet.com.ar\/sitio\/#\/schema\/person\/11216ba86932d6d6d2cb73b403175c38"},"headline":"No culpes a la lluvia, Olimpo est\u00e1 en Primera","datePublished":"2013-12-23T02:25:11+00:00","mainEntityOfPage":{"@id":"https:\/\/gentedebasquet.com.ar\/sitio\/2013\/12\/23\/no-culpes-a-la-lluvia-olimpo-esta-en-primera\/"},"wordCount":951,"commentCount":0,"image":{"@id":"https:\/\/gentedebasquet.com.ar\/sitio\/2013\/12\/23\/no-culpes-a-la-lluvia-olimpo-esta-en-primera\/#primaryimage"},"thumbnailUrl":"http:\/\/www.gentedebasquet.com.ar\/wp-content\/uploads\/2013\/12\/Olimpo.jpg","keywords":["Alem","Ol\u00edmpo"],"articleSection":["Segunda"],"inLanguage":"es","potentialAction":[{"@type":"CommentAction","name":"Comment","target":["https:\/\/gentedebasquet.com.ar\/sitio\/2013\/12\/23\/no-culpes-a-la-lluvia-olimpo-esta-en-primera\/#respond"]}]},{"@type":"WebPage","@id":"https:\/\/gentedebasquet.com.ar\/sitio\/2013\/12\/23\/no-culpes-a-la-lluvia-olimpo-esta-en-primera\/","url":"https:\/\/gentedebasquet.com.ar\/sitio\/2013\/12\/23\/no-culpes-a-la-lluvia-olimpo-esta-en-primera\/","name":"No culpes a la lluvia, Olimpo est\u00e1 en Primera - Gente de B\u00e1squet","isPartOf":{"@id":"http:\/\/gentedebasquet.com.ar\/sitio\/#website"},"primaryImageOfPage":{"@id":"https:\/\/gentedebasquet.com.ar\/sitio\/2013\/12\/23\/no-culpes-a-la-lluvia-olimpo-esta-en-primera\/#primaryimage"},"image":{"@id":"https:\/\/gentedebasquet.com.ar\/sitio\/2013\/12\/23\/no-culpes-a-la-lluvia-olimpo-esta-en-primera\/#primaryimage"},"thumbnailUrl":"http:\/\/www.gentedebasquet.com.ar\/wp-content\/uploads\/2013\/12\/Olimpo.jpg","datePublished":"2013-12-23T02:25:11+00:00","author":{"@id":"http:\/\/gentedebasquet.com.ar\/sitio\/#\/schema\/person\/11216ba86932d6d6d2cb73b403175c38"},"breadcrumb":{"@id":"https:\/\/gentedebasquet.com.ar\/sitio\/2013\/12\/23\/no-culpes-a-la-lluvia-olimpo-esta-en-primera\/#breadcrumb"},"inLanguage":"es","potentialAction":[{"@type":"ReadAction","target":["https:\/\/gentedebasquet.com.ar\/sitio\/2013\/12\/23\/no-culpes-a-la-lluvia-olimpo-esta-en-primera\/"]}]},{"@type":"ImageObject","inLanguage":"es","@id":"https:\/\/gentedebasquet.com.ar\/sitio\/2013\/12\/23\/no-culpes-a-la-lluvia-olimpo-esta-en-primera\/#primaryimage","url":"http:\/\/www.gentedebasquet.com.ar\/wp-content\/uploads\/2013\/12\/Olimpo.jpg","contentUrl":"http:\/\/www.gentedebasquet.com.ar\/wp-content\/uploads\/2013\/12\/Olimpo.jpg"},{"@type":"BreadcrumbList","@id":"https:\/\/gentedebasquet.com.ar\/sitio\/2013\/12\/23\/no-culpes-a-la-lluvia-olimpo-esta-en-primera\/#breadcrumb","itemListElement":[{"@type":"ListItem","position":1,"name":"Portada","item":"http:\/\/gentedebasquet.com.ar\/sitio\/"},{"@type":"ListItem","position":2,"name":"No culpes a la lluvia, Olimpo est\u00e1 en Primera"}]},{"@type":"WebSite","@id":"http:\/\/gentedebasquet.com.ar\/sitio\/#website","url":"http:\/\/gentedebasquet.com.ar\/sitio\/","name":"Gente de B\u00e1squet","description":"La revista del basquet de Bah\u00eda Blanca","potentialAction":[{"@type":"SearchAction","target":{"@type":"EntryPoint","urlTemplate":"http:\/\/gentedebasquet.com.ar\/sitio\/?s={search_term_string}"},"query-input":{"@type":"PropertyValueSpecification","valueRequired":true,"valueName":"search_term_string"}}],"inLanguage":"es"},{"@type":"Person","@id":"http:\/\/gentedebasquet.com.ar\/sitio\/#\/schema\/person\/11216ba86932d6d6d2cb73b403175c38","name":"Raul Cariac","image":{"@type":"ImageObject","inLanguage":"es","@id":"https:\/\/secure.gravatar.com\/avatar\/986f84fc2cd091c83c71e4682fe25761a1c2b3912fe22b12a80a2a6098fff2ef?s=96&d=mm&r=g","url":"https:\/\/secure.gravatar.com\/avatar\/986f84fc2cd091c83c71e4682fe25761a1c2b3912fe22b12a80a2a6098fff2ef?s=96&d=mm&r=g","contentUrl":"https:\/\/secure.gravatar.com\/avatar\/986f84fc2cd091c83c71e4682fe25761a1c2b3912fe22b12a80a2a6098fff2ef?s=96&d=mm&r=g","caption":"Raul Cariac"},"url":"https:\/\/gentedebasquet.com.ar\/sitio\/author\/raul-cariac\/"}]}},"_links":{"self":[{"href":"https:\/\/gentedebasquet.com.ar\/sitio\/wp-json\/wp\/v2\/posts\/20828","targetHints":{"allow":["GET"]}}],"collection":[{"href":"https:\/\/gentedebasquet.com.ar\/sitio\/wp-json\/wp\/v2\/posts"}],"about":[{"href":"https:\/\/gentedebasquet.com.ar\/sitio\/wp-json\/wp\/v2\/types\/post"}],"author":[{"embeddable":true,"href":"https:\/\/gentedebasquet.com.ar\/sitio\/wp-json\/wp\/v2\/users\/18"}],"replies":[{"embeddable":true,"href":"https:\/\/gentedebasquet.com.ar\/sitio\/wp-json\/wp\/v2\/comments?post=20828"}],"version-history":[{"count":0,"href":"https:\/\/gentedebasquet.com.ar\/sitio\/wp-json\/wp\/v2\/posts\/20828\/revisions"}],"wp:attachment":[{"href":"https:\/\/gentedebasquet.com.ar\/sitio\/wp-json\/wp\/v2\/media?parent=20828"}],"wp:term":[{"taxonomy":"category","embeddable":true,"href":"https:\/\/gentedebasquet.com.ar\/sitio\/wp-json\/wp\/v2\/categories?post=20828"},{"taxonomy":"post_tag","embeddable":true,"href":"https:\/\/gentedebasquet.com.ar\/sitio\/wp-json\/wp\/v2\/tags?post=20828"}],"curies":[{"name":"wp","href":"https:\/\/api.w.org\/{rel}","templated":true}]}}