{"id":2087,"date":"2012-03-05T03:58:39","date_gmt":"2012-03-05T03:58:39","guid":{"rendered":"http:\/\/www.gentedebasquet.com.ar\/?p=2087"},"modified":"2012-03-05T03:58:39","modified_gmt":"2012-03-05T03:58:39","slug":"el-duelo-de-hermanos-fue-para-pancho","status":"publish","type":"post","link":"https:\/\/gentedebasquet.com.ar\/sitio\/2012\/03\/05\/el-duelo-de-hermanos-fue-para-pancho\/","title":{"rendered":"El duelo de hermanos fue para \u00abPancho\u00bb"},"content":{"rendered":"<p><a href=\"http:\/\/www.gentedebasquet.com.ar\/wp-content\/uploads\/2012\/03\/losjasen.jpg\"><img decoding=\"async\" class=\"alignnone size-medium wp-image-2088\" src=\"http:\/\/www.gentedebasquet.com.ar\/wp-content\/uploads\/2012\/03\/losjasen-300x217.jpg\" alt=\"\" \/><\/a><\/p>\n<p><strong><em>En Espa\u00f1a, el duelo de los hermanos Jasen lo gan\u00f3 \u201cPancho\u201d ya que su equipo, el Banca C\u00edvica super\u00f3 al Murcia de \u201cJuany\u201d.<\/em><\/strong><\/p>\n<p><strong><em>En Italia al Bancas T\u00e9ramo no le alcanz\u00f3 con la gran tarea de Bruno Cerella y volvi\u00f3 a caer en la Lega. Se luci\u00f3 Sebastian Susbielles en la C2. El resumen de los jugadores argentinos en Europa.<\/em><\/strong><\/p>\n<p><!--more--><\/p>\n<p><strong><span style=\"text-decoration: underline\">Espa\u00f1a<\/span><\/strong><\/p>\n<p>Por la jornada 22 de la ACBen el duelo de hermanos <strong>Hern\u00e1n Jasen<\/strong> aport\u00f3 11 puntos (2-2 t1, 3-6 T2, 1-3 t3) y captur\u00f3 7 rebotes en 26 minutos de juego en la victoria de su equipo el Banca Civica como local por 76- 60 frente al Murcia de \u201c<strong>Juany\u201d Jasen <\/strong>qui\u00e9n finaliz\u00f3 sin unidades (0-2 T2, 0-3T3) y tom\u00f3 2 rebotes en 14 minutos en cancha. Con este resultado el Banca C\u00edvica trep\u00f3 a la 9 colocaci\u00f3n mientras que el Murcia se mantuvo en la 16\u00ba posici\u00f3n.<\/p>\n<p><strong><span style=\"text-decoration: underline\">Italia<\/span><\/strong><\/p>\n<p>Por la jornada 24 de la categor\u00eda b2, el Autosoft Scauri de <strong>Dante Richotti<\/strong> triunf\u00f3 ajustadamente como visitante ante el Corato por 55- 59. El base convirti\u00f3 7 puntos (3-5 T2, 1-2 T1), tom\u00f3 2 rebote y otorg\u00f3 1 pase- gol en 29 minutos jugados. El Scauri marcha en la 8 colocaci\u00f3n con un record de 13 victorias y 11 derrotas.<\/p>\n<p>El lider de la categor\u00eda b2 con solo 2 ca\u00eddas es el Moncada Solar Agrigento qui\u00e9n gan\u00f3 como local a pesar de que <strong>Albano Chiarastella<\/strong> no fue de la partida.<\/p>\n<p>Por la jornada 6\u00ba jornada de la Segundafase de la Legabasket(primera divisi\u00f3n del b\u00e1squet Italiano) el Bancas Tercas Teramo de <strong>Bruno Cerella<\/strong> cay\u00f3 en condici\u00f3n de local frente al Venezia por 68-78. El alero complet\u00f3 una buena planilla con 15 puntos (4-6 T1, 4-4 en T2 y 1-4 en T3) y captur\u00f3 6 rebotes en 30 minutos en cancha. El T\u00e9ramo se encuentra en la ante\u00faltima posici\u00f3n con 14 unidades.<\/p>\n<p>Por la categor\u00eda C2 en la regi\u00f3n Puglia tremenda tarea de <strong>Sebasti\u00e1n Susbielles<\/strong> para la victoria del Solenergy Udas Cerignola sobre el Diamond Foggia por 78-66. El base finaliz\u00f3 con 26 puntos, 6 recuperos y 3 asistencias. De esta manera el equipo de \u201cCapocha\u201d igualo a su derrotado en el primer lugar.<\/p>\n<p>&nbsp;<\/p>\n<p>Foto: Basquet Plus<\/p>\n","protected":false},"excerpt":{"rendered":"<p>En Espa\u00f1a, el duelo de los hermanos Jasen lo gan\u00f3 \u201cPancho\u201d ya que su equipo, el Banca C\u00edvica super\u00f3 al Murcia de \u201cJuany\u201d. En Italia al Bancas T\u00e9ramo no le alcanz\u00f3 con la gran tarea de Bruno Cerella y volvi\u00f3 a caer en la Lega. Se luci\u00f3 Sebastian Susbielles en la C2. El resumen de [&hellip;]<\/p>\n","protected":false},"author":1,"featured_media":0,"comment_status":"open","ping_status":"open","sticky":false,"template":"","format":"standard","meta":{"jnews-multi-image_gallery":[],"jnews_single_post":[],"jnews_primary_category":[],"footnotes":""},"categories":[34],"tags":[],"class_list":["post-2087","post","type-post","status-publish","format-standard","hentry","category-bahienses-afuera"],"yoast_head":"<!-- This site is optimized with the Yoast SEO plugin v27.5 - https:\/\/yoast.com\/product\/yoast-seo-wordpress\/ -->\n<title>El duelo de hermanos fue para &quot;Pancho&quot; - Gente de B\u00e1squet<\/title>\n<meta name=\"robots\" content=\"index, follow, max-snippet:-1, max-image-preview:large, max-video-preview:-1\" \/>\n<link rel=\"canonical\" href=\"http:\/\/gentedebasquet.com.ar\/sitio\/2012\/03\/05\/el-duelo-de-hermanos-fue-para-pancho\/\" \/>\n<meta property=\"og:locale\" content=\"es_ES\" \/>\n<meta property=\"og:type\" content=\"article\" \/>\n<meta property=\"og:title\" content=\"El duelo de hermanos fue para &quot;Pancho&quot; - Gente de B\u00e1squet\" \/>\n<meta property=\"og:description\" content=\"En Espa\u00f1a, el duelo de los hermanos Jasen lo gan\u00f3 \u201cPancho\u201d ya que su equipo, el Banca C\u00edvica super\u00f3 al Murcia de \u201cJuany\u201d. En Italia al Bancas T\u00e9ramo no le alcanz\u00f3 con la gran tarea de Bruno Cerella y volvi\u00f3 a caer en la Lega. Se luci\u00f3 Sebastian Susbielles en la C2. El resumen de [&hellip;]\" \/>\n<meta property=\"og:url\" content=\"http:\/\/gentedebasquet.com.ar\/sitio\/2012\/03\/05\/el-duelo-de-hermanos-fue-para-pancho\/\" \/>\n<meta property=\"og:site_name\" content=\"Gente de B\u00e1squet\" \/>\n<meta property=\"article:published_time\" content=\"2012-03-05T03:58:39+00:00\" \/>\n<meta property=\"og:image\" content=\"http:\/\/www.gentedebasquet.com.ar\/wp-content\/uploads\/2012\/03\/losjasen-300x217.jpg\" \/>\n<meta name=\"author\" content=\"Gente de B\u00e1squet\" \/>\n<meta name=\"twitter:card\" content=\"summary_large_image\" \/>\n<meta name=\"twitter:label1\" content=\"Escrito por\" \/>\n\t<meta name=\"twitter:data1\" content=\"Gente de B\u00e1squet\" \/>\n\t<meta name=\"twitter:label2\" content=\"Tiempo de lectura\" \/>\n\t<meta name=\"twitter:data2\" content=\"2 minutos\" \/>\n<script type=\"application\/ld+json\" class=\"yoast-schema-graph\">{\"@context\":\"https:\\\/\\\/schema.org\",\"@graph\":[{\"@type\":\"Article\",\"@id\":\"http:\\\/\\\/gentedebasquet.com.ar\\\/sitio\\\/2012\\\/03\\\/05\\\/el-duelo-de-hermanos-fue-para-pancho\\\/#article\",\"isPartOf\":{\"@id\":\"http:\\\/\\\/gentedebasquet.com.ar\\\/sitio\\\/2012\\\/03\\\/05\\\/el-duelo-de-hermanos-fue-para-pancho\\\/\"},\"author\":{\"name\":\"Gente de B\u00e1squet\",\"@id\":\"http:\\\/\\\/gentedebasquet.com.ar\\\/sitio\\\/#\\\/schema\\\/person\\\/ca0b63bbb977369988a7bbbdc519943a\"},\"headline\":\"El duelo de hermanos fue para \u00abPancho\u00bb\",\"datePublished\":\"2012-03-05T03:58:39+00:00\",\"mainEntityOfPage\":{\"@id\":\"http:\\\/\\\/gentedebasquet.com.ar\\\/sitio\\\/2012\\\/03\\\/05\\\/el-duelo-de-hermanos-fue-para-pancho\\\/\"},\"wordCount\":372,\"commentCount\":0,\"image\":{\"@id\":\"http:\\\/\\\/gentedebasquet.com.ar\\\/sitio\\\/2012\\\/03\\\/05\\\/el-duelo-de-hermanos-fue-para-pancho\\\/#primaryimage\"},\"thumbnailUrl\":\"http:\\\/\\\/www.gentedebasquet.com.ar\\\/wp-content\\\/uploads\\\/2012\\\/03\\\/losjasen-300x217.jpg\",\"articleSection\":[\"Bahienses Afuera\"],\"inLanguage\":\"es\",\"potentialAction\":[{\"@type\":\"CommentAction\",\"name\":\"Comment\",\"target\":[\"http:\\\/\\\/gentedebasquet.com.ar\\\/sitio\\\/2012\\\/03\\\/05\\\/el-duelo-de-hermanos-fue-para-pancho\\\/#respond\"]}]},{\"@type\":\"WebPage\",\"@id\":\"http:\\\/\\\/gentedebasquet.com.ar\\\/sitio\\\/2012\\\/03\\\/05\\\/el-duelo-de-hermanos-fue-para-pancho\\\/\",\"url\":\"http:\\\/\\\/gentedebasquet.com.ar\\\/sitio\\\/2012\\\/03\\\/05\\\/el-duelo-de-hermanos-fue-para-pancho\\\/\",\"name\":\"El duelo de hermanos fue para \\\"Pancho\\\" - Gente de B\u00e1squet\",\"isPartOf\":{\"@id\":\"http:\\\/\\\/gentedebasquet.com.ar\\\/sitio\\\/#website\"},\"primaryImageOfPage\":{\"@id\":\"http:\\\/\\\/gentedebasquet.com.ar\\\/sitio\\\/2012\\\/03\\\/05\\\/el-duelo-de-hermanos-fue-para-pancho\\\/#primaryimage\"},\"image\":{\"@id\":\"http:\\\/\\\/gentedebasquet.com.ar\\\/sitio\\\/2012\\\/03\\\/05\\\/el-duelo-de-hermanos-fue-para-pancho\\\/#primaryimage\"},\"thumbnailUrl\":\"http:\\\/\\\/www.gentedebasquet.com.ar\\\/wp-content\\\/uploads\\\/2012\\\/03\\\/losjasen-300x217.jpg\",\"datePublished\":\"2012-03-05T03:58:39+00:00\",\"author\":{\"@id\":\"http:\\\/\\\/gentedebasquet.com.ar\\\/sitio\\\/#\\\/schema\\\/person\\\/ca0b63bbb977369988a7bbbdc519943a\"},\"breadcrumb\":{\"@id\":\"http:\\\/\\\/gentedebasquet.com.ar\\\/sitio\\\/2012\\\/03\\\/05\\\/el-duelo-de-hermanos-fue-para-pancho\\\/#breadcrumb\"},\"inLanguage\":\"es\",\"potentialAction\":[{\"@type\":\"ReadAction\",\"target\":[\"http:\\\/\\\/gentedebasquet.com.ar\\\/sitio\\\/2012\\\/03\\\/05\\\/el-duelo-de-hermanos-fue-para-pancho\\\/\"]}]},{\"@type\":\"ImageObject\",\"inLanguage\":\"es\",\"@id\":\"http:\\\/\\\/gentedebasquet.com.ar\\\/sitio\\\/2012\\\/03\\\/05\\\/el-duelo-de-hermanos-fue-para-pancho\\\/#primaryimage\",\"url\":\"http:\\\/\\\/www.gentedebasquet.com.ar\\\/wp-content\\\/uploads\\\/2012\\\/03\\\/losjasen-300x217.jpg\",\"contentUrl\":\"http:\\\/\\\/www.gentedebasquet.com.ar\\\/wp-content\\\/uploads\\\/2012\\\/03\\\/losjasen-300x217.jpg\"},{\"@type\":\"BreadcrumbList\",\"@id\":\"http:\\\/\\\/gentedebasquet.com.ar\\\/sitio\\\/2012\\\/03\\\/05\\\/el-duelo-de-hermanos-fue-para-pancho\\\/#breadcrumb\",\"itemListElement\":[{\"@type\":\"ListItem\",\"position\":1,\"name\":\"Portada\",\"item\":\"http:\\\/\\\/gentedebasquet.com.ar\\\/sitio\\\/\"},{\"@type\":\"ListItem\",\"position\":2,\"name\":\"El duelo de hermanos fue para \u00abPancho\u00bb\"}]},{\"@type\":\"WebSite\",\"@id\":\"http:\\\/\\\/gentedebasquet.com.ar\\\/sitio\\\/#website\",\"url\":\"http:\\\/\\\/gentedebasquet.com.ar\\\/sitio\\\/\",\"name\":\"Gente de B\u00e1squet\",\"description\":\"La revista del basquet de Bah\u00eda Blanca\",\"potentialAction\":[{\"@type\":\"SearchAction\",\"target\":{\"@type\":\"EntryPoint\",\"urlTemplate\":\"http:\\\/\\\/gentedebasquet.com.ar\\\/sitio\\\/?s={search_term_string}\"},\"query-input\":{\"@type\":\"PropertyValueSpecification\",\"valueRequired\":true,\"valueName\":\"search_term_string\"}}],\"inLanguage\":\"es\"},{\"@type\":\"Person\",\"@id\":\"http:\\\/\\\/gentedebasquet.com.ar\\\/sitio\\\/#\\\/schema\\\/person\\\/ca0b63bbb977369988a7bbbdc519943a\",\"name\":\"Gente de B\u00e1squet\",\"image\":{\"@type\":\"ImageObject\",\"inLanguage\":\"es\",\"@id\":\"https:\\\/\\\/secure.gravatar.com\\\/avatar\\\/7f2c48bdc33b30088f941fb6082e555f2874c98e20cb159d7b92b50eadfce793?s=96&d=mm&r=g\",\"url\":\"https:\\\/\\\/secure.gravatar.com\\\/avatar\\\/7f2c48bdc33b30088f941fb6082e555f2874c98e20cb159d7b92b50eadfce793?s=96&d=mm&r=g\",\"contentUrl\":\"https:\\\/\\\/secure.gravatar.com\\\/avatar\\\/7f2c48bdc33b30088f941fb6082e555f2874c98e20cb159d7b92b50eadfce793?s=96&d=mm&r=g\",\"caption\":\"Gente de B\u00e1squet\"},\"sameAs\":[\"http:\\\/\\\/gentedebasquet.com.ar\\\/sitio\"],\"url\":\"https:\\\/\\\/gentedebasquet.com.ar\\\/sitio\\\/author\\\/ulises\\\/\"}]}<\/script>\n<!-- \/ Yoast SEO plugin. -->","yoast_head_json":{"title":"El duelo de hermanos fue para \"Pancho\" - Gente de B\u00e1squet","robots":{"index":"index","follow":"follow","max-snippet":"max-snippet:-1","max-image-preview":"max-image-preview:large","max-video-preview":"max-video-preview:-1"},"canonical":"http:\/\/gentedebasquet.com.ar\/sitio\/2012\/03\/05\/el-duelo-de-hermanos-fue-para-pancho\/","og_locale":"es_ES","og_type":"article","og_title":"El duelo de hermanos fue para \"Pancho\" - Gente de B\u00e1squet","og_description":"En Espa\u00f1a, el duelo de los hermanos Jasen lo gan\u00f3 \u201cPancho\u201d ya que su equipo, el Banca C\u00edvica super\u00f3 al Murcia de \u201cJuany\u201d. En Italia al Bancas T\u00e9ramo no le alcanz\u00f3 con la gran tarea de Bruno Cerella y volvi\u00f3 a caer en la Lega. Se luci\u00f3 Sebastian Susbielles en la C2. El resumen de [&hellip;]","og_url":"http:\/\/gentedebasquet.com.ar\/sitio\/2012\/03\/05\/el-duelo-de-hermanos-fue-para-pancho\/","og_site_name":"Gente de B\u00e1squet","article_published_time":"2012-03-05T03:58:39+00:00","og_image":[{"url":"http:\/\/www.gentedebasquet.com.ar\/wp-content\/uploads\/2012\/03\/losjasen-300x217.jpg","type":"","width":"","height":""}],"author":"Gente de B\u00e1squet","twitter_card":"summary_large_image","twitter_misc":{"Escrito por":"Gente de B\u00e1squet","Tiempo de lectura":"2 minutos"},"schema":{"@context":"https:\/\/schema.org","@graph":[{"@type":"Article","@id":"http:\/\/gentedebasquet.com.ar\/sitio\/2012\/03\/05\/el-duelo-de-hermanos-fue-para-pancho\/#article","isPartOf":{"@id":"http:\/\/gentedebasquet.com.ar\/sitio\/2012\/03\/05\/el-duelo-de-hermanos-fue-para-pancho\/"},"author":{"name":"Gente de B\u00e1squet","@id":"http:\/\/gentedebasquet.com.ar\/sitio\/#\/schema\/person\/ca0b63bbb977369988a7bbbdc519943a"},"headline":"El duelo de hermanos fue para \u00abPancho\u00bb","datePublished":"2012-03-05T03:58:39+00:00","mainEntityOfPage":{"@id":"http:\/\/gentedebasquet.com.ar\/sitio\/2012\/03\/05\/el-duelo-de-hermanos-fue-para-pancho\/"},"wordCount":372,"commentCount":0,"image":{"@id":"http:\/\/gentedebasquet.com.ar\/sitio\/2012\/03\/05\/el-duelo-de-hermanos-fue-para-pancho\/#primaryimage"},"thumbnailUrl":"http:\/\/www.gentedebasquet.com.ar\/wp-content\/uploads\/2012\/03\/losjasen-300x217.jpg","articleSection":["Bahienses Afuera"],"inLanguage":"es","potentialAction":[{"@type":"CommentAction","name":"Comment","target":["http:\/\/gentedebasquet.com.ar\/sitio\/2012\/03\/05\/el-duelo-de-hermanos-fue-para-pancho\/#respond"]}]},{"@type":"WebPage","@id":"http:\/\/gentedebasquet.com.ar\/sitio\/2012\/03\/05\/el-duelo-de-hermanos-fue-para-pancho\/","url":"http:\/\/gentedebasquet.com.ar\/sitio\/2012\/03\/05\/el-duelo-de-hermanos-fue-para-pancho\/","name":"El duelo de hermanos fue para \"Pancho\" - Gente de B\u00e1squet","isPartOf":{"@id":"http:\/\/gentedebasquet.com.ar\/sitio\/#website"},"primaryImageOfPage":{"@id":"http:\/\/gentedebasquet.com.ar\/sitio\/2012\/03\/05\/el-duelo-de-hermanos-fue-para-pancho\/#primaryimage"},"image":{"@id":"http:\/\/gentedebasquet.com.ar\/sitio\/2012\/03\/05\/el-duelo-de-hermanos-fue-para-pancho\/#primaryimage"},"thumbnailUrl":"http:\/\/www.gentedebasquet.com.ar\/wp-content\/uploads\/2012\/03\/losjasen-300x217.jpg","datePublished":"2012-03-05T03:58:39+00:00","author":{"@id":"http:\/\/gentedebasquet.com.ar\/sitio\/#\/schema\/person\/ca0b63bbb977369988a7bbbdc519943a"},"breadcrumb":{"@id":"http:\/\/gentedebasquet.com.ar\/sitio\/2012\/03\/05\/el-duelo-de-hermanos-fue-para-pancho\/#breadcrumb"},"inLanguage":"es","potentialAction":[{"@type":"ReadAction","target":["http:\/\/gentedebasquet.com.ar\/sitio\/2012\/03\/05\/el-duelo-de-hermanos-fue-para-pancho\/"]}]},{"@type":"ImageObject","inLanguage":"es","@id":"http:\/\/gentedebasquet.com.ar\/sitio\/2012\/03\/05\/el-duelo-de-hermanos-fue-para-pancho\/#primaryimage","url":"http:\/\/www.gentedebasquet.com.ar\/wp-content\/uploads\/2012\/03\/losjasen-300x217.jpg","contentUrl":"http:\/\/www.gentedebasquet.com.ar\/wp-content\/uploads\/2012\/03\/losjasen-300x217.jpg"},{"@type":"BreadcrumbList","@id":"http:\/\/gentedebasquet.com.ar\/sitio\/2012\/03\/05\/el-duelo-de-hermanos-fue-para-pancho\/#breadcrumb","itemListElement":[{"@type":"ListItem","position":1,"name":"Portada","item":"http:\/\/gentedebasquet.com.ar\/sitio\/"},{"@type":"ListItem","position":2,"name":"El duelo de hermanos fue para \u00abPancho\u00bb"}]},{"@type":"WebSite","@id":"http:\/\/gentedebasquet.com.ar\/sitio\/#website","url":"http:\/\/gentedebasquet.com.ar\/sitio\/","name":"Gente de B\u00e1squet","description":"La revista del basquet de Bah\u00eda Blanca","potentialAction":[{"@type":"SearchAction","target":{"@type":"EntryPoint","urlTemplate":"http:\/\/gentedebasquet.com.ar\/sitio\/?s={search_term_string}"},"query-input":{"@type":"PropertyValueSpecification","valueRequired":true,"valueName":"search_term_string"}}],"inLanguage":"es"},{"@type":"Person","@id":"http:\/\/gentedebasquet.com.ar\/sitio\/#\/schema\/person\/ca0b63bbb977369988a7bbbdc519943a","name":"Gente de B\u00e1squet","image":{"@type":"ImageObject","inLanguage":"es","@id":"https:\/\/secure.gravatar.com\/avatar\/7f2c48bdc33b30088f941fb6082e555f2874c98e20cb159d7b92b50eadfce793?s=96&d=mm&r=g","url":"https:\/\/secure.gravatar.com\/avatar\/7f2c48bdc33b30088f941fb6082e555f2874c98e20cb159d7b92b50eadfce793?s=96&d=mm&r=g","contentUrl":"https:\/\/secure.gravatar.com\/avatar\/7f2c48bdc33b30088f941fb6082e555f2874c98e20cb159d7b92b50eadfce793?s=96&d=mm&r=g","caption":"Gente de B\u00e1squet"},"sameAs":["http:\/\/gentedebasquet.com.ar\/sitio"],"url":"https:\/\/gentedebasquet.com.ar\/sitio\/author\/ulises\/"}]}},"_links":{"self":[{"href":"https:\/\/gentedebasquet.com.ar\/sitio\/wp-json\/wp\/v2\/posts\/2087","targetHints":{"allow":["GET"]}}],"collection":[{"href":"https:\/\/gentedebasquet.com.ar\/sitio\/wp-json\/wp\/v2\/posts"}],"about":[{"href":"https:\/\/gentedebasquet.com.ar\/sitio\/wp-json\/wp\/v2\/types\/post"}],"author":[{"embeddable":true,"href":"https:\/\/gentedebasquet.com.ar\/sitio\/wp-json\/wp\/v2\/users\/1"}],"replies":[{"embeddable":true,"href":"https:\/\/gentedebasquet.com.ar\/sitio\/wp-json\/wp\/v2\/comments?post=2087"}],"version-history":[{"count":0,"href":"https:\/\/gentedebasquet.com.ar\/sitio\/wp-json\/wp\/v2\/posts\/2087\/revisions"}],"wp:attachment":[{"href":"https:\/\/gentedebasquet.com.ar\/sitio\/wp-json\/wp\/v2\/media?parent=2087"}],"wp:term":[{"taxonomy":"category","embeddable":true,"href":"https:\/\/gentedebasquet.com.ar\/sitio\/wp-json\/wp\/v2\/categories?post=2087"},{"taxonomy":"post_tag","embeddable":true,"href":"https:\/\/gentedebasquet.com.ar\/sitio\/wp-json\/wp\/v2\/tags?post=2087"}],"curies":[{"name":"wp","href":"https:\/\/api.w.org\/{rel}","templated":true}]}}