{"id":20874,"date":"2013-12-23T16:57:31","date_gmt":"2013-12-23T16:57:31","guid":{"rendered":"http:\/\/www.gentedebasquet.com.ar\/?p=20874"},"modified":"2013-12-23T16:57:31","modified_gmt":"2013-12-23T16:57:31","slug":"ya-estan-los-mejores-2","status":"publish","type":"post","link":"https:\/\/gentedebasquet.com.ar\/sitio\/2013\/12\/23\/ya-estan-los-mejores-2\/","title":{"rendered":"\u00a1Ya est\u00e1n los mejores!"},"content":{"rendered":"<p><strong>Pas\u00f3 el momento de la votaci\u00f3n y despu\u00e9s de que m\u00e1s de dos mil personas dejaran su opini\u00f3n en esta p\u00e1gina, los Quintetos Ideales de Primera y Segunda son una realidad. A continuaci\u00f3n todos los detalles&#8230;<\/strong><\/p>\n<p><strong>PRIMERA DIVISI\u00d3N:<\/strong><\/p>\n<p>MEJOR BASE: MAT\u00cdAS OYHAMBURO (ESTUDIANTES) 854 votos.<\/p>\n<p>Menciones especiales: Santiago Torre (Liniers) 622 votos y Luciano Fortelli (San Lorenzo) 329 votos.<\/p>\n<p>MEJOR ESCOLTA: NICOL\u00c1S RENZI (VILLA MITRE) 1033 votos.Menciones especiales: Juan Pablo Mor\u00e1n (El Nacional) 626 votos y Mat\u00edas Chaves (Bahiense del Norte) 188 votos.<\/p>\n<p><span style=\"font-size: 14px; line-height: 1.5em;\">MEJOR ALERO: MARIANO PIZZO (LINIERS) 1383 votos.Menciones especiales: Agust\u00edn Amore (Estudiantes) 245 votos y Franco Amigo (Bahiense del Norte) 161 votos.<\/span><\/p>\n<p>MEJOR ALA PIVOT: DAVID PINEDA (VILLA MITRE) 1678 votos.Menciones especiales: Fabricio Starc (Liniers) 216 votos y Lucas Villanueva (9 de Julio) 105 votos.<\/p>\n<p>MEJOR PIVOT: RAMIRO HEINRICH (EL NACIONAL) 1160 votos.Menciones especiales: H\u00e9rman Banegas (Villa Mitre) 673 votos y Mauro Campa\u00f1a (Napost\u00e1) 152 votos.<\/p>\n<p>MEJOR DT: ARIEL UGOLINI (VILLA MITRE) 1202 votos.Menciones especiales: Guillermo L\u00f3pez (Estudiantes) 579 y Claudio Queti (San Lorenzo) 184 votos.<\/p>\n<p>REVELACI\u00d3N: AGUST\u00cdN DOTTORI (9 DE JULIO) 899 votos.Menciones especiales: Andr\u00e9s Barbero (Bahiense del Norte) 610 votos y Emilio Gim\u00e9nez (El Nacional) 291 votos.<\/p>\n<p><strong>SEGUNDA DIVISI\u00d3N:<\/strong><\/p>\n<p>MEJOR BASE: JAVIER MUSUMECI (INDEPENDIENTE) 1129 votos.Menciones especiales: Gast\u00f3n Ressia (Olimpo) 620 votos y Bruno Richotti (Pac\u00edfico) 144 votos.<\/p>\n<p>MEJOR ESCOLTA: GERM\u00c1N RESSIA (OLIMPO) 1281 votos.Menciones especiales: Gast\u00f3n Diomedi (Barracas) 357 votos y Mart\u00edn Miguel (L.N.Alem) 108 votos.<\/p>\n<p>MEJOR ALERO: LUCAS SANTARELLI (SPORTIVO) 953 votos.Menciones especiales: Federico Harina (Comercial) 685 votos y Fernando Bonino (La Falda) 361 votos.<\/p>\n<p>MEJOR ALA PIVOT: JOS\u00c9 TACHETTI (L.N.ALEM) 898 votos.Menciones especiales: Walter Acebedo (Comercial) 670 votos y C\u00e9sar Massa (Independiente) 351 votos.<\/p>\n<p>MEJOR PIVOT: MAXIMILIANO BERT\u00d3N (INDEPENDIENTE) 1016 votos.Menciones especiales: Ignacio Caspe (Comercial) 693 votos y Joaqu\u00edn Larrandart (Pac\u00edfico) 202 votos.<\/p>\n<p>MEJOR DT: JUAN SERGIO PALUMBO (INDEPENDIENTE) 1327 votos.Menciones especiales: Mario Errazu (Comercial) 413 votos y Daniel Allende (Olimpo) 176 votos.<\/p>\n<p>REVELACI\u00d3N: MAURICIO GONZ\u00c1LEZ (OLIMPO) 933 votos.Menciones especiales: I\u00f1aki Otamendi (La Falda) 310 votos y Lucas Ruiz (Pac\u00edfico) 269 votos.<\/p>\n<p>\u00a1GRACIAS a todos los que enviaron sus opiniones, y FELICITACIONES a todos los seleccionados!<\/p>\n","protected":false},"excerpt":{"rendered":"<p>Los Quintetos Ideales de Primera y Segunda son una realidad.<\/p>\n","protected":false},"author":15,"featured_media":25972,"comment_status":"open","ping_status":"open","sticky":false,"template":"","format":"standard","meta":{"jnews-multi-image_gallery":[],"jnews_single_post":[],"jnews_primary_category":[],"footnotes":""},"categories":[23,25],"tags":[103],"class_list":["post-20874","post","type-post","status-publish","format-standard","has-post-thumbnail","hentry","category-primera","category-segunda","tag-quintetos-ideales"],"yoast_head":"<!-- This site is optimized with the Yoast SEO plugin v27.5 - https:\/\/yoast.com\/product\/yoast-seo-wordpress\/ -->\n<title>\u00a1Ya est\u00e1n los mejores! - Gente de B\u00e1squet<\/title>\n<meta name=\"robots\" content=\"index, follow, max-snippet:-1, max-image-preview:large, max-video-preview:-1\" \/>\n<link rel=\"canonical\" href=\"https:\/\/gentedebasquet.com.ar\/sitio\/2013\/12\/23\/ya-estan-los-mejores-2\/\" \/>\n<meta property=\"og:locale\" content=\"es_ES\" \/>\n<meta property=\"og:type\" content=\"article\" \/>\n<meta property=\"og:title\" content=\"\u00a1Ya est\u00e1n los mejores! - Gente de B\u00e1squet\" \/>\n<meta property=\"og:description\" content=\"Los Quintetos Ideales de Primera y Segunda son una realidad.\" \/>\n<meta property=\"og:url\" content=\"https:\/\/gentedebasquet.com.ar\/sitio\/2013\/12\/23\/ya-estan-los-mejores-2\/\" \/>\n<meta property=\"og:site_name\" content=\"Gente de B\u00e1squet\" \/>\n<meta property=\"article:published_time\" content=\"2013-12-23T16:57:31+00:00\" \/>\n<meta property=\"og:image\" content=\"https:\/\/gentedebasquet.com.ar\/sitio\/wp-content\/uploads\/2013\/12\/Quintetos-ideales-web.jpg\" \/>\n\t<meta property=\"og:image:width\" content=\"300\" \/>\n\t<meta property=\"og:image:height\" content=\"211\" \/>\n\t<meta property=\"og:image:type\" content=\"image\/jpeg\" \/>\n<meta name=\"author\" content=\"Diego Vita\" \/>\n<meta name=\"twitter:card\" content=\"summary_large_image\" \/>\n<meta name=\"twitter:label1\" content=\"Escrito por\" \/>\n\t<meta name=\"twitter:data1\" content=\"Diego Vita\" \/>\n\t<meta name=\"twitter:label2\" content=\"Tiempo de lectura\" \/>\n\t<meta name=\"twitter:data2\" content=\"2 minutos\" \/>\n<script type=\"application\/ld+json\" class=\"yoast-schema-graph\">{\"@context\":\"https:\\\/\\\/schema.org\",\"@graph\":[{\"@type\":\"Article\",\"@id\":\"https:\\\/\\\/gentedebasquet.com.ar\\\/sitio\\\/2013\\\/12\\\/23\\\/ya-estan-los-mejores-2\\\/#article\",\"isPartOf\":{\"@id\":\"https:\\\/\\\/gentedebasquet.com.ar\\\/sitio\\\/2013\\\/12\\\/23\\\/ya-estan-los-mejores-2\\\/\"},\"author\":{\"name\":\"Diego Vita\",\"@id\":\"https:\\\/\\\/gentedebasquet.com.ar\\\/sitio\\\/#\\\/schema\\\/person\\\/f61103f26f1beae4d0588cb2c07ad5dd\"},\"headline\":\"\u00a1Ya est\u00e1n los mejores!\",\"datePublished\":\"2013-12-23T16:57:31+00:00\",\"mainEntityOfPage\":{\"@id\":\"https:\\\/\\\/gentedebasquet.com.ar\\\/sitio\\\/2013\\\/12\\\/23\\\/ya-estan-los-mejores-2\\\/\"},\"wordCount\":354,\"commentCount\":0,\"image\":{\"@id\":\"https:\\\/\\\/gentedebasquet.com.ar\\\/sitio\\\/2013\\\/12\\\/23\\\/ya-estan-los-mejores-2\\\/#primaryimage\"},\"thumbnailUrl\":\"https:\\\/\\\/gentedebasquet.com.ar\\\/sitio\\\/wp-content\\\/uploads\\\/2013\\\/12\\\/Quintetos-ideales-web.jpg\",\"keywords\":[\"Quintetos Ideales\"],\"articleSection\":[\"Primera\",\"Segunda\"],\"inLanguage\":\"es\",\"potentialAction\":[{\"@type\":\"CommentAction\",\"name\":\"Comment\",\"target\":[\"https:\\\/\\\/gentedebasquet.com.ar\\\/sitio\\\/2013\\\/12\\\/23\\\/ya-estan-los-mejores-2\\\/#respond\"]}]},{\"@type\":\"WebPage\",\"@id\":\"https:\\\/\\\/gentedebasquet.com.ar\\\/sitio\\\/2013\\\/12\\\/23\\\/ya-estan-los-mejores-2\\\/\",\"url\":\"https:\\\/\\\/gentedebasquet.com.ar\\\/sitio\\\/2013\\\/12\\\/23\\\/ya-estan-los-mejores-2\\\/\",\"name\":\"\u00a1Ya est\u00e1n los mejores! - Gente de B\u00e1squet\",\"isPartOf\":{\"@id\":\"https:\\\/\\\/gentedebasquet.com.ar\\\/sitio\\\/#website\"},\"primaryImageOfPage\":{\"@id\":\"https:\\\/\\\/gentedebasquet.com.ar\\\/sitio\\\/2013\\\/12\\\/23\\\/ya-estan-los-mejores-2\\\/#primaryimage\"},\"image\":{\"@id\":\"https:\\\/\\\/gentedebasquet.com.ar\\\/sitio\\\/2013\\\/12\\\/23\\\/ya-estan-los-mejores-2\\\/#primaryimage\"},\"thumbnailUrl\":\"https:\\\/\\\/gentedebasquet.com.ar\\\/sitio\\\/wp-content\\\/uploads\\\/2013\\\/12\\\/Quintetos-ideales-web.jpg\",\"datePublished\":\"2013-12-23T16:57:31+00:00\",\"author\":{\"@id\":\"https:\\\/\\\/gentedebasquet.com.ar\\\/sitio\\\/#\\\/schema\\\/person\\\/f61103f26f1beae4d0588cb2c07ad5dd\"},\"breadcrumb\":{\"@id\":\"https:\\\/\\\/gentedebasquet.com.ar\\\/sitio\\\/2013\\\/12\\\/23\\\/ya-estan-los-mejores-2\\\/#breadcrumb\"},\"inLanguage\":\"es\",\"potentialAction\":[{\"@type\":\"ReadAction\",\"target\":[\"https:\\\/\\\/gentedebasquet.com.ar\\\/sitio\\\/2013\\\/12\\\/23\\\/ya-estan-los-mejores-2\\\/\"]}]},{\"@type\":\"ImageObject\",\"inLanguage\":\"es\",\"@id\":\"https:\\\/\\\/gentedebasquet.com.ar\\\/sitio\\\/2013\\\/12\\\/23\\\/ya-estan-los-mejores-2\\\/#primaryimage\",\"url\":\"https:\\\/\\\/gentedebasquet.com.ar\\\/sitio\\\/wp-content\\\/uploads\\\/2013\\\/12\\\/Quintetos-ideales-web.jpg\",\"contentUrl\":\"https:\\\/\\\/gentedebasquet.com.ar\\\/sitio\\\/wp-content\\\/uploads\\\/2013\\\/12\\\/Quintetos-ideales-web.jpg\",\"width\":300,\"height\":211},{\"@type\":\"BreadcrumbList\",\"@id\":\"https:\\\/\\\/gentedebasquet.com.ar\\\/sitio\\\/2013\\\/12\\\/23\\\/ya-estan-los-mejores-2\\\/#breadcrumb\",\"itemListElement\":[{\"@type\":\"ListItem\",\"position\":1,\"name\":\"Portada\",\"item\":\"https:\\\/\\\/gentedebasquet.com.ar\\\/sitio\\\/\"},{\"@type\":\"ListItem\",\"position\":2,\"name\":\"\u00a1Ya est\u00e1n los mejores!\"}]},{\"@type\":\"WebSite\",\"@id\":\"https:\\\/\\\/gentedebasquet.com.ar\\\/sitio\\\/#website\",\"url\":\"https:\\\/\\\/gentedebasquet.com.ar\\\/sitio\\\/\",\"name\":\"Gente de B\u00e1squet\",\"description\":\"La revista del basquet de Bah\u00eda Blanca\",\"potentialAction\":[{\"@type\":\"SearchAction\",\"target\":{\"@type\":\"EntryPoint\",\"urlTemplate\":\"https:\\\/\\\/gentedebasquet.com.ar\\\/sitio\\\/?s={search_term_string}\"},\"query-input\":{\"@type\":\"PropertyValueSpecification\",\"valueRequired\":true,\"valueName\":\"search_term_string\"}}],\"inLanguage\":\"es\"},{\"@type\":\"Person\",\"@id\":\"https:\\\/\\\/gentedebasquet.com.ar\\\/sitio\\\/#\\\/schema\\\/person\\\/f61103f26f1beae4d0588cb2c07ad5dd\",\"name\":\"Diego Vita\",\"image\":{\"@type\":\"ImageObject\",\"inLanguage\":\"es\",\"@id\":\"https:\\\/\\\/secure.gravatar.com\\\/avatar\\\/b2b5db0703b864c681b726af71bf85a168f8b892da7b5822b3f8b2ed5ce607c1?s=96&d=mm&r=g\",\"url\":\"https:\\\/\\\/secure.gravatar.com\\\/avatar\\\/b2b5db0703b864c681b726af71bf85a168f8b892da7b5822b3f8b2ed5ce607c1?s=96&d=mm&r=g\",\"contentUrl\":\"https:\\\/\\\/secure.gravatar.com\\\/avatar\\\/b2b5db0703b864c681b726af71bf85a168f8b892da7b5822b3f8b2ed5ce607c1?s=96&d=mm&r=g\",\"caption\":\"Diego Vita\"},\"url\":\"https:\\\/\\\/gentedebasquet.com.ar\\\/sitio\\\/author\\\/diego-vita\\\/\"}]}<\/script>\n<!-- \/ Yoast SEO plugin. -->","yoast_head_json":{"title":"\u00a1Ya est\u00e1n los mejores! - Gente de B\u00e1squet","robots":{"index":"index","follow":"follow","max-snippet":"max-snippet:-1","max-image-preview":"max-image-preview:large","max-video-preview":"max-video-preview:-1"},"canonical":"https:\/\/gentedebasquet.com.ar\/sitio\/2013\/12\/23\/ya-estan-los-mejores-2\/","og_locale":"es_ES","og_type":"article","og_title":"\u00a1Ya est\u00e1n los mejores! - Gente de B\u00e1squet","og_description":"Los Quintetos Ideales de Primera y Segunda son una realidad.","og_url":"https:\/\/gentedebasquet.com.ar\/sitio\/2013\/12\/23\/ya-estan-los-mejores-2\/","og_site_name":"Gente de B\u00e1squet","article_published_time":"2013-12-23T16:57:31+00:00","og_image":[{"width":300,"height":211,"url":"https:\/\/gentedebasquet.com.ar\/sitio\/wp-content\/uploads\/2013\/12\/Quintetos-ideales-web.jpg","type":"image\/jpeg"}],"author":"Diego Vita","twitter_card":"summary_large_image","twitter_misc":{"Escrito por":"Diego Vita","Tiempo de lectura":"2 minutos"},"schema":{"@context":"https:\/\/schema.org","@graph":[{"@type":"Article","@id":"https:\/\/gentedebasquet.com.ar\/sitio\/2013\/12\/23\/ya-estan-los-mejores-2\/#article","isPartOf":{"@id":"https:\/\/gentedebasquet.com.ar\/sitio\/2013\/12\/23\/ya-estan-los-mejores-2\/"},"author":{"name":"Diego Vita","@id":"https:\/\/gentedebasquet.com.ar\/sitio\/#\/schema\/person\/f61103f26f1beae4d0588cb2c07ad5dd"},"headline":"\u00a1Ya est\u00e1n los mejores!","datePublished":"2013-12-23T16:57:31+00:00","mainEntityOfPage":{"@id":"https:\/\/gentedebasquet.com.ar\/sitio\/2013\/12\/23\/ya-estan-los-mejores-2\/"},"wordCount":354,"commentCount":0,"image":{"@id":"https:\/\/gentedebasquet.com.ar\/sitio\/2013\/12\/23\/ya-estan-los-mejores-2\/#primaryimage"},"thumbnailUrl":"https:\/\/gentedebasquet.com.ar\/sitio\/wp-content\/uploads\/2013\/12\/Quintetos-ideales-web.jpg","keywords":["Quintetos Ideales"],"articleSection":["Primera","Segunda"],"inLanguage":"es","potentialAction":[{"@type":"CommentAction","name":"Comment","target":["https:\/\/gentedebasquet.com.ar\/sitio\/2013\/12\/23\/ya-estan-los-mejores-2\/#respond"]}]},{"@type":"WebPage","@id":"https:\/\/gentedebasquet.com.ar\/sitio\/2013\/12\/23\/ya-estan-los-mejores-2\/","url":"https:\/\/gentedebasquet.com.ar\/sitio\/2013\/12\/23\/ya-estan-los-mejores-2\/","name":"\u00a1Ya est\u00e1n los mejores! - Gente de B\u00e1squet","isPartOf":{"@id":"https:\/\/gentedebasquet.com.ar\/sitio\/#website"},"primaryImageOfPage":{"@id":"https:\/\/gentedebasquet.com.ar\/sitio\/2013\/12\/23\/ya-estan-los-mejores-2\/#primaryimage"},"image":{"@id":"https:\/\/gentedebasquet.com.ar\/sitio\/2013\/12\/23\/ya-estan-los-mejores-2\/#primaryimage"},"thumbnailUrl":"https:\/\/gentedebasquet.com.ar\/sitio\/wp-content\/uploads\/2013\/12\/Quintetos-ideales-web.jpg","datePublished":"2013-12-23T16:57:31+00:00","author":{"@id":"https:\/\/gentedebasquet.com.ar\/sitio\/#\/schema\/person\/f61103f26f1beae4d0588cb2c07ad5dd"},"breadcrumb":{"@id":"https:\/\/gentedebasquet.com.ar\/sitio\/2013\/12\/23\/ya-estan-los-mejores-2\/#breadcrumb"},"inLanguage":"es","potentialAction":[{"@type":"ReadAction","target":["https:\/\/gentedebasquet.com.ar\/sitio\/2013\/12\/23\/ya-estan-los-mejores-2\/"]}]},{"@type":"ImageObject","inLanguage":"es","@id":"https:\/\/gentedebasquet.com.ar\/sitio\/2013\/12\/23\/ya-estan-los-mejores-2\/#primaryimage","url":"https:\/\/gentedebasquet.com.ar\/sitio\/wp-content\/uploads\/2013\/12\/Quintetos-ideales-web.jpg","contentUrl":"https:\/\/gentedebasquet.com.ar\/sitio\/wp-content\/uploads\/2013\/12\/Quintetos-ideales-web.jpg","width":300,"height":211},{"@type":"BreadcrumbList","@id":"https:\/\/gentedebasquet.com.ar\/sitio\/2013\/12\/23\/ya-estan-los-mejores-2\/#breadcrumb","itemListElement":[{"@type":"ListItem","position":1,"name":"Portada","item":"https:\/\/gentedebasquet.com.ar\/sitio\/"},{"@type":"ListItem","position":2,"name":"\u00a1Ya est\u00e1n los mejores!"}]},{"@type":"WebSite","@id":"https:\/\/gentedebasquet.com.ar\/sitio\/#website","url":"https:\/\/gentedebasquet.com.ar\/sitio\/","name":"Gente de B\u00e1squet","description":"La revista del basquet de Bah\u00eda Blanca","potentialAction":[{"@type":"SearchAction","target":{"@type":"EntryPoint","urlTemplate":"https:\/\/gentedebasquet.com.ar\/sitio\/?s={search_term_string}"},"query-input":{"@type":"PropertyValueSpecification","valueRequired":true,"valueName":"search_term_string"}}],"inLanguage":"es"},{"@type":"Person","@id":"https:\/\/gentedebasquet.com.ar\/sitio\/#\/schema\/person\/f61103f26f1beae4d0588cb2c07ad5dd","name":"Diego Vita","image":{"@type":"ImageObject","inLanguage":"es","@id":"https:\/\/secure.gravatar.com\/avatar\/b2b5db0703b864c681b726af71bf85a168f8b892da7b5822b3f8b2ed5ce607c1?s=96&d=mm&r=g","url":"https:\/\/secure.gravatar.com\/avatar\/b2b5db0703b864c681b726af71bf85a168f8b892da7b5822b3f8b2ed5ce607c1?s=96&d=mm&r=g","contentUrl":"https:\/\/secure.gravatar.com\/avatar\/b2b5db0703b864c681b726af71bf85a168f8b892da7b5822b3f8b2ed5ce607c1?s=96&d=mm&r=g","caption":"Diego Vita"},"url":"https:\/\/gentedebasquet.com.ar\/sitio\/author\/diego-vita\/"}]}},"_links":{"self":[{"href":"https:\/\/gentedebasquet.com.ar\/sitio\/wp-json\/wp\/v2\/posts\/20874","targetHints":{"allow":["GET"]}}],"collection":[{"href":"https:\/\/gentedebasquet.com.ar\/sitio\/wp-json\/wp\/v2\/posts"}],"about":[{"href":"https:\/\/gentedebasquet.com.ar\/sitio\/wp-json\/wp\/v2\/types\/post"}],"author":[{"embeddable":true,"href":"https:\/\/gentedebasquet.com.ar\/sitio\/wp-json\/wp\/v2\/users\/15"}],"replies":[{"embeddable":true,"href":"https:\/\/gentedebasquet.com.ar\/sitio\/wp-json\/wp\/v2\/comments?post=20874"}],"version-history":[{"count":0,"href":"https:\/\/gentedebasquet.com.ar\/sitio\/wp-json\/wp\/v2\/posts\/20874\/revisions"}],"wp:featuredmedia":[{"embeddable":true,"href":"https:\/\/gentedebasquet.com.ar\/sitio\/wp-json\/wp\/v2\/media\/25972"}],"wp:attachment":[{"href":"https:\/\/gentedebasquet.com.ar\/sitio\/wp-json\/wp\/v2\/media?parent=20874"}],"wp:term":[{"taxonomy":"category","embeddable":true,"href":"https:\/\/gentedebasquet.com.ar\/sitio\/wp-json\/wp\/v2\/categories?post=20874"},{"taxonomy":"post_tag","embeddable":true,"href":"https:\/\/gentedebasquet.com.ar\/sitio\/wp-json\/wp\/v2\/tags?post=20874"}],"curies":[{"name":"wp","href":"https:\/\/api.w.org\/{rel}","templated":true}]}}