{"id":2090,"date":"2012-03-05T11:11:56","date_gmt":"2012-03-05T11:11:56","guid":{"rendered":"http:\/\/www.gentedebasquet.com.ar\/?p=2090"},"modified":"2012-03-05T11:11:56","modified_gmt":"2012-03-05T11:11:56","slug":"haber-venido-a-gorriti-fue-una-decision-muy-acertada","status":"publish","type":"post","link":"https:\/\/gentedebasquet.com.ar\/sitio\/2012\/03\/05\/haber-venido-a-gorriti-fue-una-decision-muy-acertada\/","title":{"rendered":"\u00abVenir a Gorriti, fue una decisi\u00f3n muy acertada\u00bb"},"content":{"rendered":"<p><a href=\"http:\/\/www.gentedebasquet.com.ar\/wp-content\/uploads\/2012\/03\/juanpi.jpg\"><img decoding=\"async\" class=\"alignnone size-full wp-image-2091\" src=\"http:\/\/www.gentedebasquet.com.ar\/wp-content\/uploads\/2012\/03\/juanpi.jpg\" alt=\"\" \/><\/a><\/p>\n<p><strong><em>Juan Pablo Rotta, uno de los jugadores m\u00e1s talentosos que ha dado el b\u00e1squet local en los \u00faltimos a\u00f1os, est\u00e1 cumpliendo una gran temporada en Atl\u00e9tico Gorriti de Jujuy en el Torneo Federal. En esta nota, el \u201cJuanpi\u201d nos cuenta porque decidi\u00f3 irse hacia tierras juje\u00f1as y su adaptaci\u00f3n a la ciudad norte\u00f1a. Adem\u00e1s habla de su gran rendimiento personal y los objetivos grupales. Por \u00faltimo adelanta donde tiene pensado jugar en el receso.<\/em><\/strong><\/p>\n<p><!--more--><\/p>\n<p><strong>&#8211; Por qu\u00e9 te inclinaste por ir a jugar a Atl\u00e9tico Gorriti de Jujuy?<\/strong><\/p>\n<p>&#8211; Me incline en venir a aqu\u00ed porque me gust\u00f3 la idea de poder jugar con Rogelio (Salinas), sumado a lo que me hab\u00eda expresado Pablo Coleffi sobre las expectativas del club y las ganas de participar del Torneo Federal. Me pareci\u00f3 una buena propuesta y, hoy en d\u00eda, puedo decir que fue una decisi\u00f3n muy acertada. Estoy muy agradecido a toda la gente que esta involucrada y apoyando este proyecto por el trato que tienen hacia nosotros diariamente.<\/p>\n<p><strong>&#8211; Qu\u00e9 nos podes contar de la ciudad? C\u00f3mo te adaptaste?<\/strong><\/p>\n<p>&#8211; Antes de venir pregunt\u00e9 sobre la ciudad a gente que conoc\u00eda y me dijeron que era un lugar muy lindo y la verdad ten\u00edan\u00a0raz\u00f3n. A pesar de no ser una ciudad muy moderna tiene sus encantos y esta rodeada de lugares que uno puede ir a conocer y disfrutar de\u00a0 paisajes hermosos. Algunos son muy conocidos como por ejemplo La Quebrada de Humahuaca o el Cerro de 7 Colores, entre otros. La adaptaci\u00f3n fue muy buena por el hecho de q la gente es muy amable y solidaria.<\/p>\n<p><strong>&#8211; C\u00f3mo vivis poder compartir equipo con un gran amigo como es Rogelio Salinas?<\/strong><\/p>\n<p>&#8211; Compartir equipo con un amigo como lo es \u201cRoger\u201d es algo muy especial. La pasamos muy bien dentro y fuera de la cancha. Vivimos en el mismo departamento asi que estamos pr\u00e1cticamente todo el d\u00eda juntos. Estoy muy contento de tenerlo en el equipo porque est\u00e1 haciendo un muy buen torneo y aporta mucho al equipo en todo sentido.<\/p>\n<p><strong>&#8211; Sos determinante en tu equipo y venis teniendo mucha preponderancia en el goleo, qu\u00e9 factores influyen para que estes teniendo esta gran temporada?<\/strong><\/p>\n<p>&#8211; Creo que lo principal, mas all\u00e1 de que d\u00eda a d\u00eda trato de esforzarme al m\u00e1ximo pueda para mejorar y llegar de la mejor forma al partido, es la confianza que me da el cuerpo tecnico encabezado por Morales, que es una gran persona y un gran entrenador. Otro factor importante es la confianza que me dan mis compa\u00f1eros.<\/p>\n<p><strong>&#8211; Cu\u00e1l es el objetivo del equipo?<\/strong><\/p>\n<p>&#8211; Nuestro objetivo inmediato es tratar de entrar en los play- offs. No nos ponemos objetivos a largo plazo porque sabemos que este equipo no se arm\u00f3 para ascender, por lo que estamos tranquilos y pensando siempre en el pr\u00f3ximo juego.<\/p>\n<p><strong>&#8211; Una vez que termine el Torneo Federal, tu idea es retornar a Alem para jugar el receso?<\/strong><\/p>\n<p>&#8211; Siempre que termino de jugar lo que m\u00e1s quiero hacer en el receso es jugar en Alem. Este a\u00f1o todav\u00eda no he hablado con ning\u00fan dirigente, aunque es muy posible que cuando termine la temporada del Torneo Federal me vaya a Iguaz\u00fa a jugar el provincial ya que hay una propuesta muy firme de un club de all\u00e1. Tambi\u00e9n quiero aprovechar para agradecerle al t\u00e9cnico y a los dirigentes del club Villa Mitre por el inter\u00e9s de contar conmigo este a\u00f1o en su plantel.<\/p>\n","protected":false},"excerpt":{"rendered":"<p>Juan Pablo Rotta, uno de los jugadores m\u00e1s talentosos que ha dado el b\u00e1squet local en los \u00faltimos a\u00f1os, est\u00e1 cumpliendo una gran temporada en Atl\u00e9tico Gorriti de Jujuy en el Torneo Federal. En esta nota, el \u201cJuanpi\u201d nos cuenta porque decidi\u00f3 irse hacia tierras juje\u00f1as y su adaptaci\u00f3n a la ciudad norte\u00f1a. Adem\u00e1s habla [&hellip;]<\/p>\n","protected":false},"author":1,"featured_media":0,"comment_status":"open","ping_status":"open","sticky":false,"template":"","format":"standard","meta":{"jnews-multi-image_gallery":[],"jnews_single_post":[],"jnews_primary_category":[],"footnotes":""},"categories":[34],"tags":[],"class_list":["post-2090","post","type-post","status-publish","format-standard","hentry","category-bahienses-afuera"],"yoast_head":"<!-- This site is optimized with the Yoast SEO plugin v27.5 - https:\/\/yoast.com\/product\/yoast-seo-wordpress\/ -->\n<title>&quot;Venir a Gorriti, fue una decisi\u00f3n muy acertada&quot; - Gente de B\u00e1squet<\/title>\n<meta name=\"robots\" content=\"index, follow, max-snippet:-1, max-image-preview:large, max-video-preview:-1\" \/>\n<link rel=\"canonical\" href=\"http:\/\/gentedebasquet.com.ar\/sitio\/2012\/03\/05\/haber-venido-a-gorriti-fue-una-decision-muy-acertada\/\" \/>\n<meta property=\"og:locale\" content=\"es_ES\" \/>\n<meta property=\"og:type\" content=\"article\" \/>\n<meta property=\"og:title\" content=\"&quot;Venir a Gorriti, fue una decisi\u00f3n muy acertada&quot; - Gente de B\u00e1squet\" \/>\n<meta property=\"og:description\" content=\"Juan Pablo Rotta, uno de los jugadores m\u00e1s talentosos que ha dado el b\u00e1squet local en los \u00faltimos a\u00f1os, est\u00e1 cumpliendo una gran temporada en Atl\u00e9tico Gorriti de Jujuy en el Torneo Federal. En esta nota, el \u201cJuanpi\u201d nos cuenta porque decidi\u00f3 irse hacia tierras juje\u00f1as y su adaptaci\u00f3n a la ciudad norte\u00f1a. Adem\u00e1s habla [&hellip;]\" \/>\n<meta property=\"og:url\" content=\"http:\/\/gentedebasquet.com.ar\/sitio\/2012\/03\/05\/haber-venido-a-gorriti-fue-una-decision-muy-acertada\/\" \/>\n<meta property=\"og:site_name\" content=\"Gente de B\u00e1squet\" \/>\n<meta property=\"article:published_time\" content=\"2012-03-05T11:11:56+00:00\" \/>\n<meta property=\"og:image\" content=\"http:\/\/www.gentedebasquet.com.ar\/wp-content\/uploads\/2012\/03\/juanpi.jpg\" \/>\n<meta name=\"author\" content=\"Gente de B\u00e1squet\" \/>\n<meta name=\"twitter:card\" content=\"summary_large_image\" \/>\n<meta name=\"twitter:label1\" content=\"Escrito por\" \/>\n\t<meta name=\"twitter:data1\" content=\"Gente de B\u00e1squet\" \/>\n\t<meta name=\"twitter:label2\" content=\"Tiempo de lectura\" \/>\n\t<meta name=\"twitter:data2\" content=\"3 minutos\" \/>\n<script type=\"application\/ld+json\" class=\"yoast-schema-graph\">{\"@context\":\"https:\\\/\\\/schema.org\",\"@graph\":[{\"@type\":\"Article\",\"@id\":\"http:\\\/\\\/gentedebasquet.com.ar\\\/sitio\\\/2012\\\/03\\\/05\\\/haber-venido-a-gorriti-fue-una-decision-muy-acertada\\\/#article\",\"isPartOf\":{\"@id\":\"http:\\\/\\\/gentedebasquet.com.ar\\\/sitio\\\/2012\\\/03\\\/05\\\/haber-venido-a-gorriti-fue-una-decision-muy-acertada\\\/\"},\"author\":{\"name\":\"Gente de B\u00e1squet\",\"@id\":\"http:\\\/\\\/gentedebasquet.com.ar\\\/sitio\\\/#\\\/schema\\\/person\\\/ca0b63bbb977369988a7bbbdc519943a\"},\"headline\":\"\u00abVenir a Gorriti, fue una decisi\u00f3n muy acertada\u00bb\",\"datePublished\":\"2012-03-05T11:11:56+00:00\",\"mainEntityOfPage\":{\"@id\":\"http:\\\/\\\/gentedebasquet.com.ar\\\/sitio\\\/2012\\\/03\\\/05\\\/haber-venido-a-gorriti-fue-una-decision-muy-acertada\\\/\"},\"wordCount\":619,\"commentCount\":0,\"image\":{\"@id\":\"http:\\\/\\\/gentedebasquet.com.ar\\\/sitio\\\/2012\\\/03\\\/05\\\/haber-venido-a-gorriti-fue-una-decision-muy-acertada\\\/#primaryimage\"},\"thumbnailUrl\":\"http:\\\/\\\/www.gentedebasquet.com.ar\\\/wp-content\\\/uploads\\\/2012\\\/03\\\/juanpi.jpg\",\"articleSection\":[\"Bahienses Afuera\"],\"inLanguage\":\"es\",\"potentialAction\":[{\"@type\":\"CommentAction\",\"name\":\"Comment\",\"target\":[\"http:\\\/\\\/gentedebasquet.com.ar\\\/sitio\\\/2012\\\/03\\\/05\\\/haber-venido-a-gorriti-fue-una-decision-muy-acertada\\\/#respond\"]}]},{\"@type\":\"WebPage\",\"@id\":\"http:\\\/\\\/gentedebasquet.com.ar\\\/sitio\\\/2012\\\/03\\\/05\\\/haber-venido-a-gorriti-fue-una-decision-muy-acertada\\\/\",\"url\":\"http:\\\/\\\/gentedebasquet.com.ar\\\/sitio\\\/2012\\\/03\\\/05\\\/haber-venido-a-gorriti-fue-una-decision-muy-acertada\\\/\",\"name\":\"\\\"Venir a Gorriti, fue una decisi\u00f3n muy acertada\\\" - Gente de B\u00e1squet\",\"isPartOf\":{\"@id\":\"http:\\\/\\\/gentedebasquet.com.ar\\\/sitio\\\/#website\"},\"primaryImageOfPage\":{\"@id\":\"http:\\\/\\\/gentedebasquet.com.ar\\\/sitio\\\/2012\\\/03\\\/05\\\/haber-venido-a-gorriti-fue-una-decision-muy-acertada\\\/#primaryimage\"},\"image\":{\"@id\":\"http:\\\/\\\/gentedebasquet.com.ar\\\/sitio\\\/2012\\\/03\\\/05\\\/haber-venido-a-gorriti-fue-una-decision-muy-acertada\\\/#primaryimage\"},\"thumbnailUrl\":\"http:\\\/\\\/www.gentedebasquet.com.ar\\\/wp-content\\\/uploads\\\/2012\\\/03\\\/juanpi.jpg\",\"datePublished\":\"2012-03-05T11:11:56+00:00\",\"author\":{\"@id\":\"http:\\\/\\\/gentedebasquet.com.ar\\\/sitio\\\/#\\\/schema\\\/person\\\/ca0b63bbb977369988a7bbbdc519943a\"},\"breadcrumb\":{\"@id\":\"http:\\\/\\\/gentedebasquet.com.ar\\\/sitio\\\/2012\\\/03\\\/05\\\/haber-venido-a-gorriti-fue-una-decision-muy-acertada\\\/#breadcrumb\"},\"inLanguage\":\"es\",\"potentialAction\":[{\"@type\":\"ReadAction\",\"target\":[\"http:\\\/\\\/gentedebasquet.com.ar\\\/sitio\\\/2012\\\/03\\\/05\\\/haber-venido-a-gorriti-fue-una-decision-muy-acertada\\\/\"]}]},{\"@type\":\"ImageObject\",\"inLanguage\":\"es\",\"@id\":\"http:\\\/\\\/gentedebasquet.com.ar\\\/sitio\\\/2012\\\/03\\\/05\\\/haber-venido-a-gorriti-fue-una-decision-muy-acertada\\\/#primaryimage\",\"url\":\"http:\\\/\\\/www.gentedebasquet.com.ar\\\/wp-content\\\/uploads\\\/2012\\\/03\\\/juanpi.jpg\",\"contentUrl\":\"http:\\\/\\\/www.gentedebasquet.com.ar\\\/wp-content\\\/uploads\\\/2012\\\/03\\\/juanpi.jpg\"},{\"@type\":\"BreadcrumbList\",\"@id\":\"http:\\\/\\\/gentedebasquet.com.ar\\\/sitio\\\/2012\\\/03\\\/05\\\/haber-venido-a-gorriti-fue-una-decision-muy-acertada\\\/#breadcrumb\",\"itemListElement\":[{\"@type\":\"ListItem\",\"position\":1,\"name\":\"Portada\",\"item\":\"http:\\\/\\\/gentedebasquet.com.ar\\\/sitio\\\/\"},{\"@type\":\"ListItem\",\"position\":2,\"name\":\"\u00abVenir a Gorriti, fue una decisi\u00f3n muy acertada\u00bb\"}]},{\"@type\":\"WebSite\",\"@id\":\"http:\\\/\\\/gentedebasquet.com.ar\\\/sitio\\\/#website\",\"url\":\"http:\\\/\\\/gentedebasquet.com.ar\\\/sitio\\\/\",\"name\":\"Gente de B\u00e1squet\",\"description\":\"La revista del basquet de Bah\u00eda Blanca\",\"potentialAction\":[{\"@type\":\"SearchAction\",\"target\":{\"@type\":\"EntryPoint\",\"urlTemplate\":\"http:\\\/\\\/gentedebasquet.com.ar\\\/sitio\\\/?s={search_term_string}\"},\"query-input\":{\"@type\":\"PropertyValueSpecification\",\"valueRequired\":true,\"valueName\":\"search_term_string\"}}],\"inLanguage\":\"es\"},{\"@type\":\"Person\",\"@id\":\"http:\\\/\\\/gentedebasquet.com.ar\\\/sitio\\\/#\\\/schema\\\/person\\\/ca0b63bbb977369988a7bbbdc519943a\",\"name\":\"Gente de B\u00e1squet\",\"image\":{\"@type\":\"ImageObject\",\"inLanguage\":\"es\",\"@id\":\"https:\\\/\\\/secure.gravatar.com\\\/avatar\\\/7f2c48bdc33b30088f941fb6082e555f2874c98e20cb159d7b92b50eadfce793?s=96&d=mm&r=g\",\"url\":\"https:\\\/\\\/secure.gravatar.com\\\/avatar\\\/7f2c48bdc33b30088f941fb6082e555f2874c98e20cb159d7b92b50eadfce793?s=96&d=mm&r=g\",\"contentUrl\":\"https:\\\/\\\/secure.gravatar.com\\\/avatar\\\/7f2c48bdc33b30088f941fb6082e555f2874c98e20cb159d7b92b50eadfce793?s=96&d=mm&r=g\",\"caption\":\"Gente de B\u00e1squet\"},\"sameAs\":[\"http:\\\/\\\/gentedebasquet.com.ar\\\/sitio\"],\"url\":\"https:\\\/\\\/gentedebasquet.com.ar\\\/sitio\\\/author\\\/ulises\\\/\"}]}<\/script>\n<!-- \/ Yoast SEO plugin. -->","yoast_head_json":{"title":"\"Venir a Gorriti, fue una decisi\u00f3n muy acertada\" - Gente de B\u00e1squet","robots":{"index":"index","follow":"follow","max-snippet":"max-snippet:-1","max-image-preview":"max-image-preview:large","max-video-preview":"max-video-preview:-1"},"canonical":"http:\/\/gentedebasquet.com.ar\/sitio\/2012\/03\/05\/haber-venido-a-gorriti-fue-una-decision-muy-acertada\/","og_locale":"es_ES","og_type":"article","og_title":"\"Venir a Gorriti, fue una decisi\u00f3n muy acertada\" - Gente de B\u00e1squet","og_description":"Juan Pablo Rotta, uno de los jugadores m\u00e1s talentosos que ha dado el b\u00e1squet local en los \u00faltimos a\u00f1os, est\u00e1 cumpliendo una gran temporada en Atl\u00e9tico Gorriti de Jujuy en el Torneo Federal. En esta nota, el \u201cJuanpi\u201d nos cuenta porque decidi\u00f3 irse hacia tierras juje\u00f1as y su adaptaci\u00f3n a la ciudad norte\u00f1a. Adem\u00e1s habla [&hellip;]","og_url":"http:\/\/gentedebasquet.com.ar\/sitio\/2012\/03\/05\/haber-venido-a-gorriti-fue-una-decision-muy-acertada\/","og_site_name":"Gente de B\u00e1squet","article_published_time":"2012-03-05T11:11:56+00:00","og_image":[{"url":"http:\/\/www.gentedebasquet.com.ar\/wp-content\/uploads\/2012\/03\/juanpi.jpg","type":"","width":"","height":""}],"author":"Gente de B\u00e1squet","twitter_card":"summary_large_image","twitter_misc":{"Escrito por":"Gente de B\u00e1squet","Tiempo de lectura":"3 minutos"},"schema":{"@context":"https:\/\/schema.org","@graph":[{"@type":"Article","@id":"http:\/\/gentedebasquet.com.ar\/sitio\/2012\/03\/05\/haber-venido-a-gorriti-fue-una-decision-muy-acertada\/#article","isPartOf":{"@id":"http:\/\/gentedebasquet.com.ar\/sitio\/2012\/03\/05\/haber-venido-a-gorriti-fue-una-decision-muy-acertada\/"},"author":{"name":"Gente de B\u00e1squet","@id":"http:\/\/gentedebasquet.com.ar\/sitio\/#\/schema\/person\/ca0b63bbb977369988a7bbbdc519943a"},"headline":"\u00abVenir a Gorriti, fue una decisi\u00f3n muy acertada\u00bb","datePublished":"2012-03-05T11:11:56+00:00","mainEntityOfPage":{"@id":"http:\/\/gentedebasquet.com.ar\/sitio\/2012\/03\/05\/haber-venido-a-gorriti-fue-una-decision-muy-acertada\/"},"wordCount":619,"commentCount":0,"image":{"@id":"http:\/\/gentedebasquet.com.ar\/sitio\/2012\/03\/05\/haber-venido-a-gorriti-fue-una-decision-muy-acertada\/#primaryimage"},"thumbnailUrl":"http:\/\/www.gentedebasquet.com.ar\/wp-content\/uploads\/2012\/03\/juanpi.jpg","articleSection":["Bahienses Afuera"],"inLanguage":"es","potentialAction":[{"@type":"CommentAction","name":"Comment","target":["http:\/\/gentedebasquet.com.ar\/sitio\/2012\/03\/05\/haber-venido-a-gorriti-fue-una-decision-muy-acertada\/#respond"]}]},{"@type":"WebPage","@id":"http:\/\/gentedebasquet.com.ar\/sitio\/2012\/03\/05\/haber-venido-a-gorriti-fue-una-decision-muy-acertada\/","url":"http:\/\/gentedebasquet.com.ar\/sitio\/2012\/03\/05\/haber-venido-a-gorriti-fue-una-decision-muy-acertada\/","name":"\"Venir a Gorriti, fue una decisi\u00f3n muy acertada\" - Gente de B\u00e1squet","isPartOf":{"@id":"http:\/\/gentedebasquet.com.ar\/sitio\/#website"},"primaryImageOfPage":{"@id":"http:\/\/gentedebasquet.com.ar\/sitio\/2012\/03\/05\/haber-venido-a-gorriti-fue-una-decision-muy-acertada\/#primaryimage"},"image":{"@id":"http:\/\/gentedebasquet.com.ar\/sitio\/2012\/03\/05\/haber-venido-a-gorriti-fue-una-decision-muy-acertada\/#primaryimage"},"thumbnailUrl":"http:\/\/www.gentedebasquet.com.ar\/wp-content\/uploads\/2012\/03\/juanpi.jpg","datePublished":"2012-03-05T11:11:56+00:00","author":{"@id":"http:\/\/gentedebasquet.com.ar\/sitio\/#\/schema\/person\/ca0b63bbb977369988a7bbbdc519943a"},"breadcrumb":{"@id":"http:\/\/gentedebasquet.com.ar\/sitio\/2012\/03\/05\/haber-venido-a-gorriti-fue-una-decision-muy-acertada\/#breadcrumb"},"inLanguage":"es","potentialAction":[{"@type":"ReadAction","target":["http:\/\/gentedebasquet.com.ar\/sitio\/2012\/03\/05\/haber-venido-a-gorriti-fue-una-decision-muy-acertada\/"]}]},{"@type":"ImageObject","inLanguage":"es","@id":"http:\/\/gentedebasquet.com.ar\/sitio\/2012\/03\/05\/haber-venido-a-gorriti-fue-una-decision-muy-acertada\/#primaryimage","url":"http:\/\/www.gentedebasquet.com.ar\/wp-content\/uploads\/2012\/03\/juanpi.jpg","contentUrl":"http:\/\/www.gentedebasquet.com.ar\/wp-content\/uploads\/2012\/03\/juanpi.jpg"},{"@type":"BreadcrumbList","@id":"http:\/\/gentedebasquet.com.ar\/sitio\/2012\/03\/05\/haber-venido-a-gorriti-fue-una-decision-muy-acertada\/#breadcrumb","itemListElement":[{"@type":"ListItem","position":1,"name":"Portada","item":"http:\/\/gentedebasquet.com.ar\/sitio\/"},{"@type":"ListItem","position":2,"name":"\u00abVenir a Gorriti, fue una decisi\u00f3n muy acertada\u00bb"}]},{"@type":"WebSite","@id":"http:\/\/gentedebasquet.com.ar\/sitio\/#website","url":"http:\/\/gentedebasquet.com.ar\/sitio\/","name":"Gente de B\u00e1squet","description":"La revista del basquet de Bah\u00eda Blanca","potentialAction":[{"@type":"SearchAction","target":{"@type":"EntryPoint","urlTemplate":"http:\/\/gentedebasquet.com.ar\/sitio\/?s={search_term_string}"},"query-input":{"@type":"PropertyValueSpecification","valueRequired":true,"valueName":"search_term_string"}}],"inLanguage":"es"},{"@type":"Person","@id":"http:\/\/gentedebasquet.com.ar\/sitio\/#\/schema\/person\/ca0b63bbb977369988a7bbbdc519943a","name":"Gente de B\u00e1squet","image":{"@type":"ImageObject","inLanguage":"es","@id":"https:\/\/secure.gravatar.com\/avatar\/7f2c48bdc33b30088f941fb6082e555f2874c98e20cb159d7b92b50eadfce793?s=96&d=mm&r=g","url":"https:\/\/secure.gravatar.com\/avatar\/7f2c48bdc33b30088f941fb6082e555f2874c98e20cb159d7b92b50eadfce793?s=96&d=mm&r=g","contentUrl":"https:\/\/secure.gravatar.com\/avatar\/7f2c48bdc33b30088f941fb6082e555f2874c98e20cb159d7b92b50eadfce793?s=96&d=mm&r=g","caption":"Gente de B\u00e1squet"},"sameAs":["http:\/\/gentedebasquet.com.ar\/sitio"],"url":"https:\/\/gentedebasquet.com.ar\/sitio\/author\/ulises\/"}]}},"_links":{"self":[{"href":"https:\/\/gentedebasquet.com.ar\/sitio\/wp-json\/wp\/v2\/posts\/2090","targetHints":{"allow":["GET"]}}],"collection":[{"href":"https:\/\/gentedebasquet.com.ar\/sitio\/wp-json\/wp\/v2\/posts"}],"about":[{"href":"https:\/\/gentedebasquet.com.ar\/sitio\/wp-json\/wp\/v2\/types\/post"}],"author":[{"embeddable":true,"href":"https:\/\/gentedebasquet.com.ar\/sitio\/wp-json\/wp\/v2\/users\/1"}],"replies":[{"embeddable":true,"href":"https:\/\/gentedebasquet.com.ar\/sitio\/wp-json\/wp\/v2\/comments?post=2090"}],"version-history":[{"count":0,"href":"https:\/\/gentedebasquet.com.ar\/sitio\/wp-json\/wp\/v2\/posts\/2090\/revisions"}],"wp:attachment":[{"href":"https:\/\/gentedebasquet.com.ar\/sitio\/wp-json\/wp\/v2\/media?parent=2090"}],"wp:term":[{"taxonomy":"category","embeddable":true,"href":"https:\/\/gentedebasquet.com.ar\/sitio\/wp-json\/wp\/v2\/categories?post=2090"},{"taxonomy":"post_tag","embeddable":true,"href":"https:\/\/gentedebasquet.com.ar\/sitio\/wp-json\/wp\/v2\/tags?post=2090"}],"curies":[{"name":"wp","href":"https:\/\/api.w.org\/{rel}","templated":true}]}}