{"id":20922,"date":"2013-12-27T02:37:04","date_gmt":"2013-12-27T02:37:04","guid":{"rendered":"http:\/\/www.gentedebasquet.com.ar\/?p=20922"},"modified":"2013-12-27T02:37:04","modified_gmt":"2013-12-27T02:37:04","slug":"del-bosque-al-puerto","status":"publish","type":"post","link":"https:\/\/gentedebasquet.com.ar\/sitio\/2013\/12\/27\/del-bosque-al-puerto\/","title":{"rendered":"Del Bosque al Puerto"},"content":{"rendered":"<p><strong>Comercial venci\u00f3 a Independiente y mand\u00f3 las finales de Segunda a un quinto partido, a disputarse el domingo en Ingeniero White. Fue 76 a 75 en cancha de Barracas, con notable actuaci\u00f3n de Walter Acebedo (18 y 13 rebotes, con una bomba clave). Adem\u00e1s, Andreanelli sum\u00f3 15 puntos. En el Viola hubo 21 de Lella y Reschini pudo igualarlo a 5s, pero fall\u00f3 su triple.<\/strong><\/p>\n<p>El cotejo comenzaba parejo y con buen goleo. Independiente manejaba la bola y se apoyaba en el goleo de Lella, anotando los primeros seis puntos de su equipo. Con peor eficacia (2-5 tc) pero con mucha actitud, Comercial manten\u00eda el tanteador muy igualado, perdiendo por la m\u00ednima hac\u00eda mitad de cuarto. Manteniendo la paridad, el Viola segu\u00eda apostando a Lella quien cerr\u00f3 el per\u00edodo (20 iguales) con 12 puntos.<\/p>\n<p>En el segundo chico, los t\u00e9cnicos comenzaban a rotar la banca para buscar mayor dinamismo, luego de un pasaje de baja intensidad. Con 5 minutos para el entretiempo, el marcador estaba igualado en 26 y manten\u00edan defensas s\u00f3lidas que no permit\u00edan penetrar. De a poco, los de Errazu revert\u00edan la situaci\u00f3n con un parcial de 7 a 0 y marcando distancias. Ante la poca punter\u00eda externa del Viola (0-6 t3), la visita ganaba 36 a 30 en el entretiempo.<\/p>\n<p>En el comienzo de la segunda parte, Musumeci lograba anotar sus primeras unidades y encaminaba la remontada. Con 3-3 en triples, los violetas marcaban un parcial de 13 a 2, aumentando el ritmo y rotando mejor la bola. Comercial no lograba el equilibrio defensivo y no era claro en ataque. M\u00e1s all\u00e1 de esto, Maidana encaminaba a su equipo con un doble y bonus. Manteniendo la peque\u00f1a ventaja, Independiente ganaba 54 a 51.<\/p>\n<p>En el \u00faltimo chico, un doble y bonus de Andreanelli y una bomba de Acebedo cambiaron el rumbo del partido. Comercial tomaba la posta y obligaba a Palumbo a re-ordenar el equipo con un minuto. El Viola lograba volver a escaparse pero un doble de Harina y 5 puntos de Walter (un triple y un doble) le daba la m\u00ednima a Comercial con 1:30. A falta de 27 segundos, Independiente ve\u00eda pasar el primer tren con un mal pase de Reschini que derib\u00f3 en campo atr\u00e1s y p\u00e9rdida para el Viola. A falta de 23, los locales ten\u00edan la posesi\u00f3n de la bola y buscaban tomar el tiro final que le diera el suplementario. Juan Cruz tom\u00f3 la bola con 5 segundos y revole\u00f3 un triple que no toc\u00f3 aro. Acebedo recibi\u00f3 la falta, convirti\u00f3 1-2 en libres y al Viola no le alcanz\u00f3 con triple de Lella sobre el final. El juego finaliz\u00f3 76 a 75 y habr\u00e1 un quinto juego en el Puerto.<\/p>\n<p>&nbsp;<\/p>\n<p><strong><em>S\u00edntesis:<\/em><\/strong><\/p>\n<p><strong>Independiente (75):<\/strong><\/p>\n<p>Iniciales: Javier Musumeci (13); Dalmiro Lella (21); Mauro Montanaro (9); C\u00e9sar Massa (9); Maximiliano Bert\u00f3n (13).<\/p>\n<p>Ingresaron: Juan Cruz Reschini (8); Gabriel De La Torre (2).<\/p>\n<p>DT: Juan Sergio Palumbo.<\/p>\n<p>&nbsp;<\/p>\n<p><strong>Puerto Comercial (76):<\/strong><\/p>\n<p>Iniciales: Amilcar Andreanelli (15); Federico Harina (8); Juan Cruz Santini (12); Walter Acebedo (18); Ignacio Caspe (9).<\/p>\n<p>Ingresaron: Juan Ignacio De Pastena (2); Andr\u00e9s Maidana (12); Federico Congos (0).<\/p>\n<p>DT: Mario Errazu.<\/p>\n<p>&nbsp;<\/p>\n<p><strong>5 Faltas:<\/strong> Maximiliano Bert\u00f3n (I); C\u00e9sar Massa (I).<\/p>\n<p><strong>Cuartos:<\/strong> 20-20; 30-36; 54-51; 75-76.<\/p>\n<p><strong>Serie:<\/strong> Igualada 2-2.<\/p>\n<p><strong>\u00c1rbitros:<\/strong> Miguel Firpo &#8211; Sebasti\u00e1n Arcas &#8211; Eduardo Ferreyra.<\/p>\n<p><strong>Estadio:\u00a0<\/strong>\u00abEl Bosque\u00bb.<\/p>\n<p><a class=\"modalf iframe\" title=\"Planilla\" href=\"https:\/\/docs.google.com\/spreadsheet\/pub?key=0ArevQRSRZGggdHVpSDNaVmZSVm53ZXkzaVhwck5jWVE&amp;single=true&amp;gid=0&amp;output=html\">Ver Planilla<\/a><\/p>\n<p><span style=\"color: #ffcc99;\">.<\/span><\/p>\n<p><strong>Instantes finales del juego:<\/strong><\/p>\n<p>[vimeo clip_id=\u00bb82758486&#8243;]<\/p>\n<p>[vimeo clip_id=\u00bb82758471&#8243;]<\/p>\n","protected":false},"excerpt":{"rendered":"<p>Comercial venci\u00f3 a Independiente y mand\u00f3 las finales a un quinto juego<\/p>\n","protected":false},"author":12,"featured_media":25971,"comment_status":"open","ping_status":"open","sticky":false,"template":"","format":"standard","meta":{"jnews-multi-image_gallery":[],"jnews_single_post":[],"jnews_primary_category":[],"footnotes":""},"categories":[25],"tags":[7,12],"class_list":["post-20922","post","type-post","status-publish","format-standard","has-post-thumbnail","hentry","category-segunda","tag-comercial","tag-independiente"],"yoast_head":"<!-- This site is optimized with the Yoast SEO plugin v27.5 - https:\/\/yoast.com\/product\/yoast-seo-wordpress\/ -->\n<title>Del Bosque al Puerto - Gente de B\u00e1squet<\/title>\n<meta name=\"robots\" content=\"index, follow, max-snippet:-1, max-image-preview:large, max-video-preview:-1\" \/>\n<link rel=\"canonical\" href=\"https:\/\/gentedebasquet.com.ar\/sitio\/2013\/12\/27\/del-bosque-al-puerto\/\" \/>\n<meta property=\"og:locale\" content=\"es_ES\" \/>\n<meta property=\"og:type\" content=\"article\" \/>\n<meta property=\"og:title\" content=\"Del Bosque al Puerto - Gente de B\u00e1squet\" \/>\n<meta property=\"og:description\" content=\"Comercial venci\u00f3 a Independiente y mand\u00f3 las finales a un quinto juego\" \/>\n<meta property=\"og:url\" content=\"https:\/\/gentedebasquet.com.ar\/sitio\/2013\/12\/27\/del-bosque-al-puerto\/\" \/>\n<meta property=\"og:site_name\" content=\"Gente de B\u00e1squet\" \/>\n<meta property=\"article:published_time\" content=\"2013-12-27T02:37:04+00:00\" \/>\n<meta property=\"og:image\" content=\"https:\/\/gentedebasquet.com.ar\/sitio\/wp-content\/uploads\/2013\/12\/Acebedo.jpg\" \/>\n\t<meta property=\"og:image:width\" content=\"300\" \/>\n\t<meta property=\"og:image:height\" content=\"211\" \/>\n\t<meta property=\"og:image:type\" content=\"image\/jpeg\" \/>\n<meta name=\"author\" content=\"Gast\u00f3n Acosta\" \/>\n<meta name=\"twitter:card\" content=\"summary_large_image\" \/>\n<meta name=\"twitter:label1\" content=\"Escrito por\" \/>\n\t<meta name=\"twitter:data1\" content=\"Gast\u00f3n Acosta\" \/>\n\t<meta name=\"twitter:label2\" content=\"Tiempo de lectura\" \/>\n\t<meta name=\"twitter:data2\" content=\"3 minutos\" \/>\n<script type=\"application\/ld+json\" class=\"yoast-schema-graph\">{\"@context\":\"https:\\\/\\\/schema.org\",\"@graph\":[{\"@type\":\"Article\",\"@id\":\"https:\\\/\\\/gentedebasquet.com.ar\\\/sitio\\\/2013\\\/12\\\/27\\\/del-bosque-al-puerto\\\/#article\",\"isPartOf\":{\"@id\":\"https:\\\/\\\/gentedebasquet.com.ar\\\/sitio\\\/2013\\\/12\\\/27\\\/del-bosque-al-puerto\\\/\"},\"author\":{\"name\":\"Gast\u00f3n Acosta\",\"@id\":\"http:\\\/\\\/gentedebasquet.com.ar\\\/sitio\\\/#\\\/schema\\\/person\\\/880559be84d0a485fabcbf5cf05f318b\"},\"headline\":\"Del Bosque al Puerto\",\"datePublished\":\"2013-12-27T02:37:04+00:00\",\"mainEntityOfPage\":{\"@id\":\"https:\\\/\\\/gentedebasquet.com.ar\\\/sitio\\\/2013\\\/12\\\/27\\\/del-bosque-al-puerto\\\/\"},\"wordCount\":552,\"commentCount\":0,\"image\":{\"@id\":\"https:\\\/\\\/gentedebasquet.com.ar\\\/sitio\\\/2013\\\/12\\\/27\\\/del-bosque-al-puerto\\\/#primaryimage\"},\"thumbnailUrl\":\"https:\\\/\\\/gentedebasquet.com.ar\\\/sitio\\\/wp-content\\\/uploads\\\/2013\\\/12\\\/Acebedo.jpg\",\"keywords\":[\"Comercial\",\"independiente\"],\"articleSection\":[\"Segunda\"],\"inLanguage\":\"es\",\"potentialAction\":[{\"@type\":\"CommentAction\",\"name\":\"Comment\",\"target\":[\"https:\\\/\\\/gentedebasquet.com.ar\\\/sitio\\\/2013\\\/12\\\/27\\\/del-bosque-al-puerto\\\/#respond\"]}]},{\"@type\":\"WebPage\",\"@id\":\"https:\\\/\\\/gentedebasquet.com.ar\\\/sitio\\\/2013\\\/12\\\/27\\\/del-bosque-al-puerto\\\/\",\"url\":\"https:\\\/\\\/gentedebasquet.com.ar\\\/sitio\\\/2013\\\/12\\\/27\\\/del-bosque-al-puerto\\\/\",\"name\":\"Del Bosque al Puerto - Gente de B\u00e1squet\",\"isPartOf\":{\"@id\":\"http:\\\/\\\/gentedebasquet.com.ar\\\/sitio\\\/#website\"},\"primaryImageOfPage\":{\"@id\":\"https:\\\/\\\/gentedebasquet.com.ar\\\/sitio\\\/2013\\\/12\\\/27\\\/del-bosque-al-puerto\\\/#primaryimage\"},\"image\":{\"@id\":\"https:\\\/\\\/gentedebasquet.com.ar\\\/sitio\\\/2013\\\/12\\\/27\\\/del-bosque-al-puerto\\\/#primaryimage\"},\"thumbnailUrl\":\"https:\\\/\\\/gentedebasquet.com.ar\\\/sitio\\\/wp-content\\\/uploads\\\/2013\\\/12\\\/Acebedo.jpg\",\"datePublished\":\"2013-12-27T02:37:04+00:00\",\"author\":{\"@id\":\"http:\\\/\\\/gentedebasquet.com.ar\\\/sitio\\\/#\\\/schema\\\/person\\\/880559be84d0a485fabcbf5cf05f318b\"},\"breadcrumb\":{\"@id\":\"https:\\\/\\\/gentedebasquet.com.ar\\\/sitio\\\/2013\\\/12\\\/27\\\/del-bosque-al-puerto\\\/#breadcrumb\"},\"inLanguage\":\"es\",\"potentialAction\":[{\"@type\":\"ReadAction\",\"target\":[\"https:\\\/\\\/gentedebasquet.com.ar\\\/sitio\\\/2013\\\/12\\\/27\\\/del-bosque-al-puerto\\\/\"]}]},{\"@type\":\"ImageObject\",\"inLanguage\":\"es\",\"@id\":\"https:\\\/\\\/gentedebasquet.com.ar\\\/sitio\\\/2013\\\/12\\\/27\\\/del-bosque-al-puerto\\\/#primaryimage\",\"url\":\"https:\\\/\\\/gentedebasquet.com.ar\\\/sitio\\\/wp-content\\\/uploads\\\/2013\\\/12\\\/Acebedo.jpg\",\"contentUrl\":\"https:\\\/\\\/gentedebasquet.com.ar\\\/sitio\\\/wp-content\\\/uploads\\\/2013\\\/12\\\/Acebedo.jpg\",\"width\":300,\"height\":211},{\"@type\":\"BreadcrumbList\",\"@id\":\"https:\\\/\\\/gentedebasquet.com.ar\\\/sitio\\\/2013\\\/12\\\/27\\\/del-bosque-al-puerto\\\/#breadcrumb\",\"itemListElement\":[{\"@type\":\"ListItem\",\"position\":1,\"name\":\"Portada\",\"item\":\"http:\\\/\\\/gentedebasquet.com.ar\\\/sitio\\\/\"},{\"@type\":\"ListItem\",\"position\":2,\"name\":\"Del Bosque al Puerto\"}]},{\"@type\":\"WebSite\",\"@id\":\"http:\\\/\\\/gentedebasquet.com.ar\\\/sitio\\\/#website\",\"url\":\"http:\\\/\\\/gentedebasquet.com.ar\\\/sitio\\\/\",\"name\":\"Gente de B\u00e1squet\",\"description\":\"La revista del basquet de Bah\u00eda Blanca\",\"potentialAction\":[{\"@type\":\"SearchAction\",\"target\":{\"@type\":\"EntryPoint\",\"urlTemplate\":\"http:\\\/\\\/gentedebasquet.com.ar\\\/sitio\\\/?s={search_term_string}\"},\"query-input\":{\"@type\":\"PropertyValueSpecification\",\"valueRequired\":true,\"valueName\":\"search_term_string\"}}],\"inLanguage\":\"es\"},{\"@type\":\"Person\",\"@id\":\"http:\\\/\\\/gentedebasquet.com.ar\\\/sitio\\\/#\\\/schema\\\/person\\\/880559be84d0a485fabcbf5cf05f318b\",\"name\":\"Gast\u00f3n Acosta\",\"image\":{\"@type\":\"ImageObject\",\"inLanguage\":\"es\",\"@id\":\"https:\\\/\\\/secure.gravatar.com\\\/avatar\\\/bf36adcc5959e9d5440e59a4269e4a36a6a30699321b1f003507dacfb4647dcc?s=96&d=mm&r=g\",\"url\":\"https:\\\/\\\/secure.gravatar.com\\\/avatar\\\/bf36adcc5959e9d5440e59a4269e4a36a6a30699321b1f003507dacfb4647dcc?s=96&d=mm&r=g\",\"contentUrl\":\"https:\\\/\\\/secure.gravatar.com\\\/avatar\\\/bf36adcc5959e9d5440e59a4269e4a36a6a30699321b1f003507dacfb4647dcc?s=96&d=mm&r=g\",\"caption\":\"Gast\u00f3n Acosta\"},\"url\":\"https:\\\/\\\/gentedebasquet.com.ar\\\/sitio\\\/author\\\/gastona\\\/\"}]}<\/script>\n<!-- \/ Yoast SEO plugin. -->","yoast_head_json":{"title":"Del Bosque al Puerto - Gente de B\u00e1squet","robots":{"index":"index","follow":"follow","max-snippet":"max-snippet:-1","max-image-preview":"max-image-preview:large","max-video-preview":"max-video-preview:-1"},"canonical":"https:\/\/gentedebasquet.com.ar\/sitio\/2013\/12\/27\/del-bosque-al-puerto\/","og_locale":"es_ES","og_type":"article","og_title":"Del Bosque al Puerto - Gente de B\u00e1squet","og_description":"Comercial venci\u00f3 a Independiente y mand\u00f3 las finales a un quinto juego","og_url":"https:\/\/gentedebasquet.com.ar\/sitio\/2013\/12\/27\/del-bosque-al-puerto\/","og_site_name":"Gente de B\u00e1squet","article_published_time":"2013-12-27T02:37:04+00:00","og_image":[{"width":300,"height":211,"url":"https:\/\/gentedebasquet.com.ar\/sitio\/wp-content\/uploads\/2013\/12\/Acebedo.jpg","type":"image\/jpeg"}],"author":"Gast\u00f3n Acosta","twitter_card":"summary_large_image","twitter_misc":{"Escrito por":"Gast\u00f3n Acosta","Tiempo de lectura":"3 minutos"},"schema":{"@context":"https:\/\/schema.org","@graph":[{"@type":"Article","@id":"https:\/\/gentedebasquet.com.ar\/sitio\/2013\/12\/27\/del-bosque-al-puerto\/#article","isPartOf":{"@id":"https:\/\/gentedebasquet.com.ar\/sitio\/2013\/12\/27\/del-bosque-al-puerto\/"},"author":{"name":"Gast\u00f3n Acosta","@id":"http:\/\/gentedebasquet.com.ar\/sitio\/#\/schema\/person\/880559be84d0a485fabcbf5cf05f318b"},"headline":"Del Bosque al Puerto","datePublished":"2013-12-27T02:37:04+00:00","mainEntityOfPage":{"@id":"https:\/\/gentedebasquet.com.ar\/sitio\/2013\/12\/27\/del-bosque-al-puerto\/"},"wordCount":552,"commentCount":0,"image":{"@id":"https:\/\/gentedebasquet.com.ar\/sitio\/2013\/12\/27\/del-bosque-al-puerto\/#primaryimage"},"thumbnailUrl":"https:\/\/gentedebasquet.com.ar\/sitio\/wp-content\/uploads\/2013\/12\/Acebedo.jpg","keywords":["Comercial","independiente"],"articleSection":["Segunda"],"inLanguage":"es","potentialAction":[{"@type":"CommentAction","name":"Comment","target":["https:\/\/gentedebasquet.com.ar\/sitio\/2013\/12\/27\/del-bosque-al-puerto\/#respond"]}]},{"@type":"WebPage","@id":"https:\/\/gentedebasquet.com.ar\/sitio\/2013\/12\/27\/del-bosque-al-puerto\/","url":"https:\/\/gentedebasquet.com.ar\/sitio\/2013\/12\/27\/del-bosque-al-puerto\/","name":"Del Bosque al Puerto - Gente de B\u00e1squet","isPartOf":{"@id":"http:\/\/gentedebasquet.com.ar\/sitio\/#website"},"primaryImageOfPage":{"@id":"https:\/\/gentedebasquet.com.ar\/sitio\/2013\/12\/27\/del-bosque-al-puerto\/#primaryimage"},"image":{"@id":"https:\/\/gentedebasquet.com.ar\/sitio\/2013\/12\/27\/del-bosque-al-puerto\/#primaryimage"},"thumbnailUrl":"https:\/\/gentedebasquet.com.ar\/sitio\/wp-content\/uploads\/2013\/12\/Acebedo.jpg","datePublished":"2013-12-27T02:37:04+00:00","author":{"@id":"http:\/\/gentedebasquet.com.ar\/sitio\/#\/schema\/person\/880559be84d0a485fabcbf5cf05f318b"},"breadcrumb":{"@id":"https:\/\/gentedebasquet.com.ar\/sitio\/2013\/12\/27\/del-bosque-al-puerto\/#breadcrumb"},"inLanguage":"es","potentialAction":[{"@type":"ReadAction","target":["https:\/\/gentedebasquet.com.ar\/sitio\/2013\/12\/27\/del-bosque-al-puerto\/"]}]},{"@type":"ImageObject","inLanguage":"es","@id":"https:\/\/gentedebasquet.com.ar\/sitio\/2013\/12\/27\/del-bosque-al-puerto\/#primaryimage","url":"https:\/\/gentedebasquet.com.ar\/sitio\/wp-content\/uploads\/2013\/12\/Acebedo.jpg","contentUrl":"https:\/\/gentedebasquet.com.ar\/sitio\/wp-content\/uploads\/2013\/12\/Acebedo.jpg","width":300,"height":211},{"@type":"BreadcrumbList","@id":"https:\/\/gentedebasquet.com.ar\/sitio\/2013\/12\/27\/del-bosque-al-puerto\/#breadcrumb","itemListElement":[{"@type":"ListItem","position":1,"name":"Portada","item":"http:\/\/gentedebasquet.com.ar\/sitio\/"},{"@type":"ListItem","position":2,"name":"Del Bosque al Puerto"}]},{"@type":"WebSite","@id":"http:\/\/gentedebasquet.com.ar\/sitio\/#website","url":"http:\/\/gentedebasquet.com.ar\/sitio\/","name":"Gente de B\u00e1squet","description":"La revista del basquet de Bah\u00eda Blanca","potentialAction":[{"@type":"SearchAction","target":{"@type":"EntryPoint","urlTemplate":"http:\/\/gentedebasquet.com.ar\/sitio\/?s={search_term_string}"},"query-input":{"@type":"PropertyValueSpecification","valueRequired":true,"valueName":"search_term_string"}}],"inLanguage":"es"},{"@type":"Person","@id":"http:\/\/gentedebasquet.com.ar\/sitio\/#\/schema\/person\/880559be84d0a485fabcbf5cf05f318b","name":"Gast\u00f3n Acosta","image":{"@type":"ImageObject","inLanguage":"es","@id":"https:\/\/secure.gravatar.com\/avatar\/bf36adcc5959e9d5440e59a4269e4a36a6a30699321b1f003507dacfb4647dcc?s=96&d=mm&r=g","url":"https:\/\/secure.gravatar.com\/avatar\/bf36adcc5959e9d5440e59a4269e4a36a6a30699321b1f003507dacfb4647dcc?s=96&d=mm&r=g","contentUrl":"https:\/\/secure.gravatar.com\/avatar\/bf36adcc5959e9d5440e59a4269e4a36a6a30699321b1f003507dacfb4647dcc?s=96&d=mm&r=g","caption":"Gast\u00f3n Acosta"},"url":"https:\/\/gentedebasquet.com.ar\/sitio\/author\/gastona\/"}]}},"_links":{"self":[{"href":"https:\/\/gentedebasquet.com.ar\/sitio\/wp-json\/wp\/v2\/posts\/20922","targetHints":{"allow":["GET"]}}],"collection":[{"href":"https:\/\/gentedebasquet.com.ar\/sitio\/wp-json\/wp\/v2\/posts"}],"about":[{"href":"https:\/\/gentedebasquet.com.ar\/sitio\/wp-json\/wp\/v2\/types\/post"}],"author":[{"embeddable":true,"href":"https:\/\/gentedebasquet.com.ar\/sitio\/wp-json\/wp\/v2\/users\/12"}],"replies":[{"embeddable":true,"href":"https:\/\/gentedebasquet.com.ar\/sitio\/wp-json\/wp\/v2\/comments?post=20922"}],"version-history":[{"count":0,"href":"https:\/\/gentedebasquet.com.ar\/sitio\/wp-json\/wp\/v2\/posts\/20922\/revisions"}],"wp:featuredmedia":[{"embeddable":true,"href":"https:\/\/gentedebasquet.com.ar\/sitio\/wp-json\/wp\/v2\/media\/25971"}],"wp:attachment":[{"href":"https:\/\/gentedebasquet.com.ar\/sitio\/wp-json\/wp\/v2\/media?parent=20922"}],"wp:term":[{"taxonomy":"category","embeddable":true,"href":"https:\/\/gentedebasquet.com.ar\/sitio\/wp-json\/wp\/v2\/categories?post=20922"},{"taxonomy":"post_tag","embeddable":true,"href":"https:\/\/gentedebasquet.com.ar\/sitio\/wp-json\/wp\/v2\/tags?post=20922"}],"curies":[{"name":"wp","href":"https:\/\/api.w.org\/{rel}","templated":true}]}}