{"id":20927,"date":"2013-12-26T23:03:38","date_gmt":"2013-12-26T23:03:38","guid":{"rendered":"http:\/\/www.gentedebasquet.com.ar\/?p=20927"},"modified":"2013-12-26T23:03:38","modified_gmt":"2013-12-26T23:03:38","slug":"presentan-el-senor-de-los-talentos-en-bahia","status":"publish","type":"post","link":"https:\/\/gentedebasquet.com.ar\/sitio\/2013\/12\/26\/presentan-el-senor-de-los-talentos-en-bahia\/","title":{"rendered":"Presentan \u00abEl Se\u00f1or de los talentos\u00bb en Bah\u00eda"},"content":{"rendered":"<p><em><strong>Juli\u00e1n Mozo, autor del libro sobre Emanuel Gin\u00f3bili, estar\u00e1 en Bah\u00eda Blanca el pr\u00f3ximo s\u00e1bado a las 19.30 horas. Habr\u00e1, adem\u00e1s, una charla sobre valores fundamentales denominada \u00abDeporte y Superaci\u00f3n\u00bb, con participaci\u00f3n de Alejandro Montecchia y Bernardo Stortoni.<!--more--><\/strong><\/em><\/p>\n<p>Este s\u00e1bado, a las 19.30 horas, en el Auditorio Codimat (Don Bosco 1505) de Bah\u00eda Blanca, se presentar\u00e1 el libro <em><strong>El Se\u00f1or de los Talentos<\/strong><\/em> sobre Emanuel Gin\u00f3bili y de una charla sobre los valores fundamentales que se necesitan para triunfar denominada \u00abDeporte y Superaci\u00f3n\u00bb. La historia de Manu, como inspiraci\u00f3n, ser\u00e1 el puntapi\u00e9 para hablar de estos intangibles esenciales.<\/p>\n<p>Los disertantes ser\u00e1n Juli\u00e1n Mozo (periodista del diario deportivo <em>Ol\u00e9<\/em> y autor del libro), Alejandro Montecchia (campe\u00f3n ol\u00edmpico de b\u00e1squet) y Bernardo Stortoni (ex integrante de Los Pumas).<\/p>\n<p>Los tres desmenuzar\u00e1n los valores que le permitieron a Manu construir su carrera, los mismos que necesita cualquiera, sea profesional o amateur, para alcanzar objetivos: desde la mentalidad hasta el profesionalismo, pasando por el liderazgo y la importancia del club, la educaci\u00f3n y el dominio del ego.<\/p>\n<p>Un evento distinto para disfrutar de la historia inspiradora de un crack bahiense y, a la vez, reflexionar sobre los distintos caminos para tener \u00e9xito.<\/p>\n<p><strong>\u00a1No te lo pierdas!<\/strong><\/p>\n<p>And\u00e1, no te vas a arrepentir.<\/p>\n<p><a href=\"http:\/\/www.gentedebasquet.com.ar\/wp-content\/uploads\/2013\/12\/libro-manu.jpg\"><img decoding=\"async\" class=\"alignnone size-full wp-image-20932\" title=\"libro manu\" alt=\"\" src=\"http:\/\/www.gentedebasquet.com.ar\/wp-content\/uploads\/2013\/12\/libro-manu.jpg\" width=\"448\" height=\"566\" \/><\/a><\/p>\n","protected":false},"excerpt":{"rendered":"<p>Juli\u00e1n Mozo, autor del libro sobre Emanuel Gin\u00f3bili, estar\u00e1 en Bah\u00eda Blanca el pr\u00f3ximo s\u00e1bado a las 19.30 horas. Habr\u00e1, adem\u00e1s, una charla sobre valores fundamentales denominada \u00abDeporte y Superaci\u00f3n\u00bb, con participaci\u00f3n de Alejandro Montecchia y Bernardo Stortoni.<\/p>\n","protected":false},"author":1,"featured_media":25408,"comment_status":"open","ping_status":"open","sticky":false,"template":"","format":"standard","meta":{"jnews-multi-image_gallery":[],"jnews_single_post":[],"jnews_primary_category":[],"footnotes":""},"categories":[24],"tags":[],"class_list":["post-20927","post","type-post","status-publish","format-standard","has-post-thumbnail","hentry","category-overtime"],"yoast_head":"<!-- This site is optimized with the Yoast SEO plugin v27.5 - https:\/\/yoast.com\/product\/yoast-seo-wordpress\/ -->\n<title>Presentan &quot;El Se\u00f1or de los talentos&quot; en Bah\u00eda - Gente de B\u00e1squet<\/title>\n<meta name=\"robots\" content=\"index, follow, max-snippet:-1, max-image-preview:large, max-video-preview:-1\" \/>\n<link rel=\"canonical\" href=\"http:\/\/gentedebasquet.com.ar\/sitio\/2013\/12\/26\/presentan-el-senor-de-los-talentos-en-bahia\/\" \/>\n<meta property=\"og:locale\" content=\"es_ES\" \/>\n<meta property=\"og:type\" content=\"article\" \/>\n<meta property=\"og:title\" content=\"Presentan &quot;El Se\u00f1or de los talentos&quot; en Bah\u00eda - Gente de B\u00e1squet\" \/>\n<meta property=\"og:description\" content=\"Juli\u00e1n Mozo, autor del libro sobre Emanuel Gin\u00f3bili, estar\u00e1 en Bah\u00eda Blanca el pr\u00f3ximo s\u00e1bado a las 19.30 horas. Habr\u00e1, adem\u00e1s, una charla sobre valores fundamentales denominada \u00abDeporte y Superaci\u00f3n\u00bb, con participaci\u00f3n de Alejandro Montecchia y Bernardo Stortoni.\" \/>\n<meta property=\"og:url\" content=\"http:\/\/gentedebasquet.com.ar\/sitio\/2013\/12\/26\/presentan-el-senor-de-los-talentos-en-bahia\/\" \/>\n<meta property=\"og:site_name\" content=\"Gente de B\u00e1squet\" \/>\n<meta property=\"article:published_time\" content=\"2013-12-26T23:03:38+00:00\" \/>\n<meta property=\"og:image\" content=\"http:\/\/gentedebasquet.com.ar\/sitio\/wp-content\/uploads\/2013\/12\/Libro-Manu-Ginobili.jpg\" \/>\n\t<meta property=\"og:image:width\" content=\"300\" \/>\n\t<meta property=\"og:image:height\" content=\"225\" \/>\n\t<meta property=\"og:image:type\" content=\"image\/jpeg\" \/>\n<meta name=\"author\" content=\"Gente de B\u00e1squet\" \/>\n<meta name=\"twitter:card\" content=\"summary_large_image\" \/>\n<meta name=\"twitter:label1\" content=\"Escrito por\" \/>\n\t<meta name=\"twitter:data1\" content=\"Gente de B\u00e1squet\" \/>\n\t<meta name=\"twitter:label2\" content=\"Tiempo de lectura\" \/>\n\t<meta name=\"twitter:data2\" content=\"1 minuto\" \/>\n<script type=\"application\/ld+json\" class=\"yoast-schema-graph\">{\"@context\":\"https:\\\/\\\/schema.org\",\"@graph\":[{\"@type\":\"Article\",\"@id\":\"http:\\\/\\\/gentedebasquet.com.ar\\\/sitio\\\/2013\\\/12\\\/26\\\/presentan-el-senor-de-los-talentos-en-bahia\\\/#article\",\"isPartOf\":{\"@id\":\"http:\\\/\\\/gentedebasquet.com.ar\\\/sitio\\\/2013\\\/12\\\/26\\\/presentan-el-senor-de-los-talentos-en-bahia\\\/\"},\"author\":{\"name\":\"Gente de B\u00e1squet\",\"@id\":\"http:\\\/\\\/gentedebasquet.com.ar\\\/sitio\\\/#\\\/schema\\\/person\\\/ca0b63bbb977369988a7bbbdc519943a\"},\"headline\":\"Presentan \u00abEl Se\u00f1or de los talentos\u00bb en Bah\u00eda\",\"datePublished\":\"2013-12-26T23:03:38+00:00\",\"mainEntityOfPage\":{\"@id\":\"http:\\\/\\\/gentedebasquet.com.ar\\\/sitio\\\/2013\\\/12\\\/26\\\/presentan-el-senor-de-los-talentos-en-bahia\\\/\"},\"wordCount\":236,\"commentCount\":0,\"image\":{\"@id\":\"http:\\\/\\\/gentedebasquet.com.ar\\\/sitio\\\/2013\\\/12\\\/26\\\/presentan-el-senor-de-los-talentos-en-bahia\\\/#primaryimage\"},\"thumbnailUrl\":\"https:\\\/\\\/gentedebasquet.com.ar\\\/sitio\\\/wp-content\\\/uploads\\\/2013\\\/12\\\/Libro-Manu-Ginobili.jpg\",\"articleSection\":[\"#Overtime\"],\"inLanguage\":\"es\",\"potentialAction\":[{\"@type\":\"CommentAction\",\"name\":\"Comment\",\"target\":[\"http:\\\/\\\/gentedebasquet.com.ar\\\/sitio\\\/2013\\\/12\\\/26\\\/presentan-el-senor-de-los-talentos-en-bahia\\\/#respond\"]}]},{\"@type\":\"WebPage\",\"@id\":\"http:\\\/\\\/gentedebasquet.com.ar\\\/sitio\\\/2013\\\/12\\\/26\\\/presentan-el-senor-de-los-talentos-en-bahia\\\/\",\"url\":\"http:\\\/\\\/gentedebasquet.com.ar\\\/sitio\\\/2013\\\/12\\\/26\\\/presentan-el-senor-de-los-talentos-en-bahia\\\/\",\"name\":\"Presentan \\\"El Se\u00f1or de los talentos\\\" en Bah\u00eda - Gente de B\u00e1squet\",\"isPartOf\":{\"@id\":\"http:\\\/\\\/gentedebasquet.com.ar\\\/sitio\\\/#website\"},\"primaryImageOfPage\":{\"@id\":\"http:\\\/\\\/gentedebasquet.com.ar\\\/sitio\\\/2013\\\/12\\\/26\\\/presentan-el-senor-de-los-talentos-en-bahia\\\/#primaryimage\"},\"image\":{\"@id\":\"http:\\\/\\\/gentedebasquet.com.ar\\\/sitio\\\/2013\\\/12\\\/26\\\/presentan-el-senor-de-los-talentos-en-bahia\\\/#primaryimage\"},\"thumbnailUrl\":\"https:\\\/\\\/gentedebasquet.com.ar\\\/sitio\\\/wp-content\\\/uploads\\\/2013\\\/12\\\/Libro-Manu-Ginobili.jpg\",\"datePublished\":\"2013-12-26T23:03:38+00:00\",\"author\":{\"@id\":\"http:\\\/\\\/gentedebasquet.com.ar\\\/sitio\\\/#\\\/schema\\\/person\\\/ca0b63bbb977369988a7bbbdc519943a\"},\"breadcrumb\":{\"@id\":\"http:\\\/\\\/gentedebasquet.com.ar\\\/sitio\\\/2013\\\/12\\\/26\\\/presentan-el-senor-de-los-talentos-en-bahia\\\/#breadcrumb\"},\"inLanguage\":\"es\",\"potentialAction\":[{\"@type\":\"ReadAction\",\"target\":[\"http:\\\/\\\/gentedebasquet.com.ar\\\/sitio\\\/2013\\\/12\\\/26\\\/presentan-el-senor-de-los-talentos-en-bahia\\\/\"]}]},{\"@type\":\"ImageObject\",\"inLanguage\":\"es\",\"@id\":\"http:\\\/\\\/gentedebasquet.com.ar\\\/sitio\\\/2013\\\/12\\\/26\\\/presentan-el-senor-de-los-talentos-en-bahia\\\/#primaryimage\",\"url\":\"https:\\\/\\\/gentedebasquet.com.ar\\\/sitio\\\/wp-content\\\/uploads\\\/2013\\\/12\\\/Libro-Manu-Ginobili.jpg\",\"contentUrl\":\"https:\\\/\\\/gentedebasquet.com.ar\\\/sitio\\\/wp-content\\\/uploads\\\/2013\\\/12\\\/Libro-Manu-Ginobili.jpg\",\"width\":300,\"height\":225},{\"@type\":\"BreadcrumbList\",\"@id\":\"http:\\\/\\\/gentedebasquet.com.ar\\\/sitio\\\/2013\\\/12\\\/26\\\/presentan-el-senor-de-los-talentos-en-bahia\\\/#breadcrumb\",\"itemListElement\":[{\"@type\":\"ListItem\",\"position\":1,\"name\":\"Portada\",\"item\":\"http:\\\/\\\/gentedebasquet.com.ar\\\/sitio\\\/\"},{\"@type\":\"ListItem\",\"position\":2,\"name\":\"Presentan \u00abEl Se\u00f1or de los talentos\u00bb en Bah\u00eda\"}]},{\"@type\":\"WebSite\",\"@id\":\"http:\\\/\\\/gentedebasquet.com.ar\\\/sitio\\\/#website\",\"url\":\"http:\\\/\\\/gentedebasquet.com.ar\\\/sitio\\\/\",\"name\":\"Gente de B\u00e1squet\",\"description\":\"La revista del basquet de Bah\u00eda Blanca\",\"potentialAction\":[{\"@type\":\"SearchAction\",\"target\":{\"@type\":\"EntryPoint\",\"urlTemplate\":\"http:\\\/\\\/gentedebasquet.com.ar\\\/sitio\\\/?s={search_term_string}\"},\"query-input\":{\"@type\":\"PropertyValueSpecification\",\"valueRequired\":true,\"valueName\":\"search_term_string\"}}],\"inLanguage\":\"es\"},{\"@type\":\"Person\",\"@id\":\"http:\\\/\\\/gentedebasquet.com.ar\\\/sitio\\\/#\\\/schema\\\/person\\\/ca0b63bbb977369988a7bbbdc519943a\",\"name\":\"Gente de B\u00e1squet\",\"image\":{\"@type\":\"ImageObject\",\"inLanguage\":\"es\",\"@id\":\"https:\\\/\\\/secure.gravatar.com\\\/avatar\\\/7f2c48bdc33b30088f941fb6082e555f2874c98e20cb159d7b92b50eadfce793?s=96&d=mm&r=g\",\"url\":\"https:\\\/\\\/secure.gravatar.com\\\/avatar\\\/7f2c48bdc33b30088f941fb6082e555f2874c98e20cb159d7b92b50eadfce793?s=96&d=mm&r=g\",\"contentUrl\":\"https:\\\/\\\/secure.gravatar.com\\\/avatar\\\/7f2c48bdc33b30088f941fb6082e555f2874c98e20cb159d7b92b50eadfce793?s=96&d=mm&r=g\",\"caption\":\"Gente de B\u00e1squet\"},\"sameAs\":[\"http:\\\/\\\/gentedebasquet.com.ar\\\/sitio\"],\"url\":\"https:\\\/\\\/gentedebasquet.com.ar\\\/sitio\\\/author\\\/ulises\\\/\"}]}<\/script>\n<!-- \/ Yoast SEO plugin. -->","yoast_head_json":{"title":"Presentan \"El Se\u00f1or de los talentos\" en Bah\u00eda - Gente de B\u00e1squet","robots":{"index":"index","follow":"follow","max-snippet":"max-snippet:-1","max-image-preview":"max-image-preview:large","max-video-preview":"max-video-preview:-1"},"canonical":"http:\/\/gentedebasquet.com.ar\/sitio\/2013\/12\/26\/presentan-el-senor-de-los-talentos-en-bahia\/","og_locale":"es_ES","og_type":"article","og_title":"Presentan \"El Se\u00f1or de los talentos\" en Bah\u00eda - Gente de B\u00e1squet","og_description":"Juli\u00e1n Mozo, autor del libro sobre Emanuel Gin\u00f3bili, estar\u00e1 en Bah\u00eda Blanca el pr\u00f3ximo s\u00e1bado a las 19.30 horas. Habr\u00e1, adem\u00e1s, una charla sobre valores fundamentales denominada \u00abDeporte y Superaci\u00f3n\u00bb, con participaci\u00f3n de Alejandro Montecchia y Bernardo Stortoni.","og_url":"http:\/\/gentedebasquet.com.ar\/sitio\/2013\/12\/26\/presentan-el-senor-de-los-talentos-en-bahia\/","og_site_name":"Gente de B\u00e1squet","article_published_time":"2013-12-26T23:03:38+00:00","og_image":[{"width":300,"height":225,"url":"http:\/\/gentedebasquet.com.ar\/sitio\/wp-content\/uploads\/2013\/12\/Libro-Manu-Ginobili.jpg","type":"image\/jpeg"}],"author":"Gente de B\u00e1squet","twitter_card":"summary_large_image","twitter_misc":{"Escrito por":"Gente de B\u00e1squet","Tiempo de lectura":"1 minuto"},"schema":{"@context":"https:\/\/schema.org","@graph":[{"@type":"Article","@id":"http:\/\/gentedebasquet.com.ar\/sitio\/2013\/12\/26\/presentan-el-senor-de-los-talentos-en-bahia\/#article","isPartOf":{"@id":"http:\/\/gentedebasquet.com.ar\/sitio\/2013\/12\/26\/presentan-el-senor-de-los-talentos-en-bahia\/"},"author":{"name":"Gente de B\u00e1squet","@id":"http:\/\/gentedebasquet.com.ar\/sitio\/#\/schema\/person\/ca0b63bbb977369988a7bbbdc519943a"},"headline":"Presentan \u00abEl Se\u00f1or de los talentos\u00bb en Bah\u00eda","datePublished":"2013-12-26T23:03:38+00:00","mainEntityOfPage":{"@id":"http:\/\/gentedebasquet.com.ar\/sitio\/2013\/12\/26\/presentan-el-senor-de-los-talentos-en-bahia\/"},"wordCount":236,"commentCount":0,"image":{"@id":"http:\/\/gentedebasquet.com.ar\/sitio\/2013\/12\/26\/presentan-el-senor-de-los-talentos-en-bahia\/#primaryimage"},"thumbnailUrl":"https:\/\/gentedebasquet.com.ar\/sitio\/wp-content\/uploads\/2013\/12\/Libro-Manu-Ginobili.jpg","articleSection":["#Overtime"],"inLanguage":"es","potentialAction":[{"@type":"CommentAction","name":"Comment","target":["http:\/\/gentedebasquet.com.ar\/sitio\/2013\/12\/26\/presentan-el-senor-de-los-talentos-en-bahia\/#respond"]}]},{"@type":"WebPage","@id":"http:\/\/gentedebasquet.com.ar\/sitio\/2013\/12\/26\/presentan-el-senor-de-los-talentos-en-bahia\/","url":"http:\/\/gentedebasquet.com.ar\/sitio\/2013\/12\/26\/presentan-el-senor-de-los-talentos-en-bahia\/","name":"Presentan \"El Se\u00f1or de los talentos\" en Bah\u00eda - Gente de B\u00e1squet","isPartOf":{"@id":"http:\/\/gentedebasquet.com.ar\/sitio\/#website"},"primaryImageOfPage":{"@id":"http:\/\/gentedebasquet.com.ar\/sitio\/2013\/12\/26\/presentan-el-senor-de-los-talentos-en-bahia\/#primaryimage"},"image":{"@id":"http:\/\/gentedebasquet.com.ar\/sitio\/2013\/12\/26\/presentan-el-senor-de-los-talentos-en-bahia\/#primaryimage"},"thumbnailUrl":"https:\/\/gentedebasquet.com.ar\/sitio\/wp-content\/uploads\/2013\/12\/Libro-Manu-Ginobili.jpg","datePublished":"2013-12-26T23:03:38+00:00","author":{"@id":"http:\/\/gentedebasquet.com.ar\/sitio\/#\/schema\/person\/ca0b63bbb977369988a7bbbdc519943a"},"breadcrumb":{"@id":"http:\/\/gentedebasquet.com.ar\/sitio\/2013\/12\/26\/presentan-el-senor-de-los-talentos-en-bahia\/#breadcrumb"},"inLanguage":"es","potentialAction":[{"@type":"ReadAction","target":["http:\/\/gentedebasquet.com.ar\/sitio\/2013\/12\/26\/presentan-el-senor-de-los-talentos-en-bahia\/"]}]},{"@type":"ImageObject","inLanguage":"es","@id":"http:\/\/gentedebasquet.com.ar\/sitio\/2013\/12\/26\/presentan-el-senor-de-los-talentos-en-bahia\/#primaryimage","url":"https:\/\/gentedebasquet.com.ar\/sitio\/wp-content\/uploads\/2013\/12\/Libro-Manu-Ginobili.jpg","contentUrl":"https:\/\/gentedebasquet.com.ar\/sitio\/wp-content\/uploads\/2013\/12\/Libro-Manu-Ginobili.jpg","width":300,"height":225},{"@type":"BreadcrumbList","@id":"http:\/\/gentedebasquet.com.ar\/sitio\/2013\/12\/26\/presentan-el-senor-de-los-talentos-en-bahia\/#breadcrumb","itemListElement":[{"@type":"ListItem","position":1,"name":"Portada","item":"http:\/\/gentedebasquet.com.ar\/sitio\/"},{"@type":"ListItem","position":2,"name":"Presentan \u00abEl Se\u00f1or de los talentos\u00bb en Bah\u00eda"}]},{"@type":"WebSite","@id":"http:\/\/gentedebasquet.com.ar\/sitio\/#website","url":"http:\/\/gentedebasquet.com.ar\/sitio\/","name":"Gente de B\u00e1squet","description":"La revista del basquet de Bah\u00eda Blanca","potentialAction":[{"@type":"SearchAction","target":{"@type":"EntryPoint","urlTemplate":"http:\/\/gentedebasquet.com.ar\/sitio\/?s={search_term_string}"},"query-input":{"@type":"PropertyValueSpecification","valueRequired":true,"valueName":"search_term_string"}}],"inLanguage":"es"},{"@type":"Person","@id":"http:\/\/gentedebasquet.com.ar\/sitio\/#\/schema\/person\/ca0b63bbb977369988a7bbbdc519943a","name":"Gente de B\u00e1squet","image":{"@type":"ImageObject","inLanguage":"es","@id":"https:\/\/secure.gravatar.com\/avatar\/7f2c48bdc33b30088f941fb6082e555f2874c98e20cb159d7b92b50eadfce793?s=96&d=mm&r=g","url":"https:\/\/secure.gravatar.com\/avatar\/7f2c48bdc33b30088f941fb6082e555f2874c98e20cb159d7b92b50eadfce793?s=96&d=mm&r=g","contentUrl":"https:\/\/secure.gravatar.com\/avatar\/7f2c48bdc33b30088f941fb6082e555f2874c98e20cb159d7b92b50eadfce793?s=96&d=mm&r=g","caption":"Gente de B\u00e1squet"},"sameAs":["http:\/\/gentedebasquet.com.ar\/sitio"],"url":"https:\/\/gentedebasquet.com.ar\/sitio\/author\/ulises\/"}]}},"_links":{"self":[{"href":"https:\/\/gentedebasquet.com.ar\/sitio\/wp-json\/wp\/v2\/posts\/20927","targetHints":{"allow":["GET"]}}],"collection":[{"href":"https:\/\/gentedebasquet.com.ar\/sitio\/wp-json\/wp\/v2\/posts"}],"about":[{"href":"https:\/\/gentedebasquet.com.ar\/sitio\/wp-json\/wp\/v2\/types\/post"}],"author":[{"embeddable":true,"href":"https:\/\/gentedebasquet.com.ar\/sitio\/wp-json\/wp\/v2\/users\/1"}],"replies":[{"embeddable":true,"href":"https:\/\/gentedebasquet.com.ar\/sitio\/wp-json\/wp\/v2\/comments?post=20927"}],"version-history":[{"count":0,"href":"https:\/\/gentedebasquet.com.ar\/sitio\/wp-json\/wp\/v2\/posts\/20927\/revisions"}],"wp:featuredmedia":[{"embeddable":true,"href":"https:\/\/gentedebasquet.com.ar\/sitio\/wp-json\/wp\/v2\/media\/25408"}],"wp:attachment":[{"href":"https:\/\/gentedebasquet.com.ar\/sitio\/wp-json\/wp\/v2\/media?parent=20927"}],"wp:term":[{"taxonomy":"category","embeddable":true,"href":"https:\/\/gentedebasquet.com.ar\/sitio\/wp-json\/wp\/v2\/categories?post=20927"},{"taxonomy":"post_tag","embeddable":true,"href":"https:\/\/gentedebasquet.com.ar\/sitio\/wp-json\/wp\/v2\/tags?post=20927"}],"curies":[{"name":"wp","href":"https:\/\/api.w.org\/{rel}","templated":true}]}}